{"id":6883,"date":"2021-03-10T22:09:04","date_gmt":"2021-03-10T21:09:04","guid":{"rendered":"https:\/\/congovirtuel.com\/information\/?p=6883"},"modified":"2021-03-10T22:17:01","modified_gmt":"2021-03-10T21:17:01","slug":"cote-divoire-deces-du-premier-ministre-hamed-bakayoko-en-allemagne","status":"publish","type":"post","link":"https:\/\/congovirtuel.com\/information\/cote-divoire-deces-du-premier-ministre-hamed-bakayoko-en-allemagne\/","title":{"rendered":"C\u00f4te d&rsquo;Ivoire: d\u00e9c\u00e8s du Premier ministre Hamed Bakayoko en Allemagne","gt_translate_keys":[{"key":"rendered","format":"text"}]},"content":{"rendered":"\n<p class=\"wp-block-paragraph\">\u00ab Notre pays est en deuil. J\u2019ai l\u2019immense douleur de vous annoncer le d\u00e9c\u00e8s du Premier Ministre, Hamed Bakayoko, Chef du Gouvernement, Ministre de La D\u00e9fense, ce mercredi 10 mars 2021, en Allemagne, des suites d\u2019un cancer \u00bb, a \u00e9crit sur son compte Twitter le pr\u00e9sident Ouattara..<\/p>\n\n\n\n<p class=\"wp-block-paragraph\"><strong>RFI<\/strong><\/p>\n\n\n\n<p class=\"wp-block-paragraph\"><a href=\"https:\/\/www.facebook.com\/dialog\/share?app_id=113191652055439&amp;href=https%3A%2F%2Frfi.my%2F7CrO.F&amp;redirect_uri=https%3A%2F%2Fwww.rfi.fr%2Ffr%2Fen-bref%2F20210310-c%C3%B4te-d-ivoire-d%C3%A9c%C3%A8s-du-premier-ministre-hamed-bakayoko-en-allemagne-officiel&amp;locale=fr_FR\" target=\"_blank\" rel=\"noreferrer noopener\"><\/a><a href=\"https:\/\/twitter.com\/intent\/tweet?url=https%3A%2F%2Frfi.my%2F7CrO.T&amp;via=RFI&amp;related=rfi&amp;text=C%C3%B4te%20d%27Ivoire%3A%20d%C3%A9c%C3%A8s%20du%20Premier%20ministre%20Hamed%20Bakayoko%20en%20Allemagne&amp;lang=fr\" target=\"_blank\" rel=\"noreferrer noopener\"><\/a><a href=\"\/\/send?text=C%C3%B4te%20d%27Ivoire%3A%20d%C3%A9c%C3%A8s%20du%20Premier%20ministre%20Hamed%20Bakayoko%20en%20Allemagne%20-%20https%3A%2F%2Frfi.my%2F7CrO.W\" target=\"_blank\" rel=\"noreferrer noopener\"><\/a><\/p>\n","protected":false,"gt_translate_keys":[{"key":"rendered","format":"html"}]},"excerpt":{"rendered":"<p>\u00ab Notre pays est en deuil. J\u2019ai l\u2019immense douleur de vous annoncer le d\u00e9c\u00e8s du Premier Ministre, Hamed Bakayoko, Chef du Gouvernement, Ministre de La D\u00e9fense, ce mercredi 10 mars 2021, en Allemagne, des suites d\u2019un cancer \u00bb, a \u00e9crit sur son compte Twitter le pr\u00e9sident Ouattara.. RFI<\/p>\n","protected":false,"gt_translate_keys":[{"key":"rendered","format":"html"}]},"author":1,"featured_media":3244,"comment_status":"open","ping_status":"open","sticky":false,"template":"","format":"standard","meta":{"_crdt_document":"","footnotes":""},"categories":[299],"tags":[6036,6035],"class_list":["post-6883","post","type-post","status-publish","format-standard","has-post-thumbnail","hentry","category-cote-divoire","tag-deces-bakayoko","tag-hammed-bakayoko-est-mort"],"gutentor_comment":0,"yoast_head":"<!-- This site is optimized with the Yoast SEO plugin v27.5 - https:\/\/yoast.com\/product\/yoast-seo-wordpress\/ -->\n<title>C\u00f4te d&#039;Ivoire: d\u00e9c\u00e8s du Premier ministre Hamed Bakayoko en Allemagne - Actualit\u00e9s congolaises et internationales<\/title>\n<meta name=\"robots\" content=\"index, follow, max-snippet:-1, max-image-preview:large, max-video-preview:-1\" \/>\n<link rel=\"canonical\" href=\"https:\/\/congovirtuel.com\/information\/cote-divoire-deces-du-premier-ministre-hamed-bakayoko-en-allemagne\/\" \/>\n<meta property=\"og:locale\" content=\"fr_FR\" \/>\n<meta property=\"og:type\" content=\"article\" \/>\n<meta property=\"og:title\" content=\"C\u00f4te d&#039;Ivoire: d\u00e9c\u00e8s du Premier ministre Hamed Bakayoko en Allemagne - Actualit\u00e9s congolaises et internationales\" \/>\n<meta property=\"og:description\" content=\"\u00ab Notre pays est en deuil. J\u2019ai l\u2019immense douleur de vous annoncer le d\u00e9c\u00e8s du Premier Ministre, Hamed Bakayoko, Chef du Gouvernement, Ministre de La D\u00e9fense, ce mercredi 10 mars 2021, en Allemagne, des suites d\u2019un cancer \u00bb, a \u00e9crit sur son compte Twitter le pr\u00e9sident Ouattara.. RFI\" \/>\n<meta property=\"og:url\" content=\"https:\/\/congovirtuel.com\/information\/cote-divoire-deces-du-premier-ministre-hamed-bakayoko-en-allemagne\/\" \/>\n<meta property=\"og:site_name\" content=\"Actualit\u00e9s congolaises et internationales\" \/>\n<meta property=\"article:publisher\" content=\"https:\/\/web.facebook.com\/Congovirtuel-763617960319601\/?ref=aymt_homepage_panel&amp;amp%3bamp%3bamp%3bamp%3bamp%3bamp%3bamp%3bamp%3bamp%3bamp%3bamp%3beid=ARCoxULa66767kIgF_KYav6VdjXTI4yk_LW4yoVO9s6NXpysgb7Cb65vpxcxgqzOAKvIbLQxaAETcqHT\" \/>\n<meta property=\"article:published_time\" content=\"2021-03-10T21:09:04+00:00\" \/>\n<meta property=\"article:modified_time\" content=\"2021-03-10T21:17:01+00:00\" \/>\n<meta property=\"og:image\" content=\"https:\/\/congovirtuel.com\/information\/wp-content\/uploads\/2020\/09\/actualites-congolaises-et-internationales-cote-divoire-h-bakayoko-va-etre-intronise-a-la-tete-de-la-grande-loge-de-cote-divoire-pour-un-second-mandat-open-graph.jpg\" \/>\n\t<meta property=\"og:image:width\" content=\"1200\" \/>\n\t<meta property=\"og:image:height\" content=\"630\" \/>\n\t<meta property=\"og:image:type\" content=\"image\/jpeg\" \/>\n<meta name=\"author\" content=\"infocongovirtuel\" \/>\n<meta name=\"twitter:card\" content=\"summary_large_image\" \/>\n<meta name=\"twitter:creator\" content=\"@congovirtuel\" \/>\n<meta name=\"twitter:site\" content=\"@congovirtuel\" \/>\n<meta name=\"twitter:label1\" content=\"\u00c9crit par\" \/>\n\t<meta name=\"twitter:data1\" content=\"infocongovirtuel\" \/>\n\t<meta name=\"twitter:label2\" content=\"Dur\u00e9e de lecture estim\u00e9e\" \/>\n\t<meta name=\"twitter:data2\" content=\"1 minute\" \/>\n<script type=\"application\/ld+json\" class=\"yoast-schema-graph\">{\"@context\":\"https:\\\/\\\/schema.org\",\"@graph\":[{\"@type\":\"Article\",\"@id\":\"https:\\\/\\\/congovirtuel.com\\\/information\\\/cote-divoire-deces-du-premier-ministre-hamed-bakayoko-en-allemagne\\\/#article\",\"isPartOf\":{\"@id\":\"https:\\\/\\\/congovirtuel.com\\\/information\\\/cote-divoire-deces-du-premier-ministre-hamed-bakayoko-en-allemagne\\\/\"},\"author\":{\"name\":\"infocongovirtuel\",\"@id\":\"https:\\\/\\\/congovirtuel.com\\\/information\\\/#\\\/schema\\\/person\\\/739a44bf7990966cb53d58d2fdeca0b6\"},\"headline\":\"C\u00f4te d&rsquo;Ivoire: d\u00e9c\u00e8s du Premier ministre Hamed Bakayoko en Allemagne\",\"datePublished\":\"2021-03-10T21:09:04+00:00\",\"dateModified\":\"2021-03-10T21:17:01+00:00\",\"mainEntityOfPage\":{\"@id\":\"https:\\\/\\\/congovirtuel.com\\\/information\\\/cote-divoire-deces-du-premier-ministre-hamed-bakayoko-en-allemagne\\\/\"},\"wordCount\":65,\"commentCount\":0,\"publisher\":{\"@id\":\"https:\\\/\\\/congovirtuel.com\\\/information\\\/#organization\"},\"image\":{\"@id\":\"https:\\\/\\\/congovirtuel.com\\\/information\\\/cote-divoire-deces-du-premier-ministre-hamed-bakayoko-en-allemagne\\\/#primaryimage\"},\"thumbnailUrl\":\"https:\\\/\\\/congovirtuel.com\\\/information\\\/wp-content\\\/uploads\\\/2020\\\/09\\\/actualites-congolaises-et-internationales-cote-divoire-h-bakayoko-va-etre-intronise-a-la-tete-de-la-grande-loge-de-cote-divoire-pour-un-second-mandat-open-graph.jpg\",\"keywords\":[\"D\u00e9c\u00e8s Bakayoko\",\"Hammed Bakayoko est mort\"],\"articleSection\":[\"C\u00f4te d'ivoire\"],\"inLanguage\":\"fr-FR\",\"potentialAction\":[{\"@type\":\"CommentAction\",\"name\":\"Comment\",\"target\":[\"https:\\\/\\\/congovirtuel.com\\\/information\\\/cote-divoire-deces-du-premier-ministre-hamed-bakayoko-en-allemagne\\\/#respond\"]}]},{\"@type\":\"WebPage\",\"@id\":\"https:\\\/\\\/congovirtuel.com\\\/information\\\/cote-divoire-deces-du-premier-ministre-hamed-bakayoko-en-allemagne\\\/\",\"url\":\"https:\\\/\\\/congovirtuel.com\\\/information\\\/cote-divoire-deces-du-premier-ministre-hamed-bakayoko-en-allemagne\\\/\",\"name\":\"C\u00f4te d'Ivoire: d\u00e9c\u00e8s du Premier ministre Hamed Bakayoko en Allemagne - Actualit\u00e9s congolaises et internationales\",\"isPartOf\":{\"@id\":\"https:\\\/\\\/congovirtuel.com\\\/information\\\/#website\"},\"primaryImageOfPage\":{\"@id\":\"https:\\\/\\\/congovirtuel.com\\\/information\\\/cote-divoire-deces-du-premier-ministre-hamed-bakayoko-en-allemagne\\\/#primaryimage\"},\"image\":{\"@id\":\"https:\\\/\\\/congovirtuel.com\\\/information\\\/cote-divoire-deces-du-premier-ministre-hamed-bakayoko-en-allemagne\\\/#primaryimage\"},\"thumbnailUrl\":\"https:\\\/\\\/congovirtuel.com\\\/information\\\/wp-content\\\/uploads\\\/2020\\\/09\\\/actualites-congolaises-et-internationales-cote-divoire-h-bakayoko-va-etre-intronise-a-la-tete-de-la-grande-loge-de-cote-divoire-pour-un-second-mandat-open-graph.jpg\",\"datePublished\":\"2021-03-10T21:09:04+00:00\",\"dateModified\":\"2021-03-10T21:17:01+00:00\",\"breadcrumb\":{\"@id\":\"https:\\\/\\\/congovirtuel.com\\\/information\\\/cote-divoire-deces-du-premier-ministre-hamed-bakayoko-en-allemagne\\\/#breadcrumb\"},\"inLanguage\":\"fr-FR\",\"potentialAction\":[{\"@type\":\"ReadAction\",\"target\":[\"https:\\\/\\\/congovirtuel.com\\\/information\\\/cote-divoire-deces-du-premier-ministre-hamed-bakayoko-en-allemagne\\\/\"]}]},{\"@type\":\"ImageObject\",\"inLanguage\":\"fr-FR\",\"@id\":\"https:\\\/\\\/congovirtuel.com\\\/information\\\/cote-divoire-deces-du-premier-ministre-hamed-bakayoko-en-allemagne\\\/#primaryimage\",\"url\":\"https:\\\/\\\/congovirtuel.com\\\/information\\\/wp-content\\\/uploads\\\/2020\\\/09\\\/actualites-congolaises-et-internationales-cote-divoire-h-bakayoko-va-etre-intronise-a-la-tete-de-la-grande-loge-de-cote-divoire-pour-un-second-mandat-open-graph.jpg\",\"contentUrl\":\"https:\\\/\\\/congovirtuel.com\\\/information\\\/wp-content\\\/uploads\\\/2020\\\/09\\\/actualites-congolaises-et-internationales-cote-divoire-h-bakayoko-va-etre-intronise-a-la-tete-de-la-grande-loge-de-cote-divoire-pour-un-second-mandat-open-graph.jpg\",\"width\":1200,\"height\":630},{\"@type\":\"BreadcrumbList\",\"@id\":\"https:\\\/\\\/congovirtuel.com\\\/information\\\/cote-divoire-deces-du-premier-ministre-hamed-bakayoko-en-allemagne\\\/#breadcrumb\",\"itemListElement\":[{\"@type\":\"ListItem\",\"position\":1,\"name\":\"Accueil\",\"item\":\"https:\\\/\\\/congovirtuel.com\\\/information\\\/\"},{\"@type\":\"ListItem\",\"position\":2,\"name\":\"C\u00f4te d&rsquo;Ivoire: d\u00e9c\u00e8s du Premier ministre Hamed Bakayoko en Allemagne\"}]},{\"@type\":\"WebSite\",\"@id\":\"https:\\\/\\\/congovirtuel.com\\\/information\\\/#website\",\"url\":\"https:\\\/\\\/congovirtuel.com\\\/information\\\/\",\"name\":\"Actualit\u00e9s congolaises et internationales\",\"description\":\"site d&#039;analyse et de traitement d&#039;information\",\"publisher\":{\"@id\":\"https:\\\/\\\/congovirtuel.com\\\/information\\\/#organization\"},\"potentialAction\":[{\"@type\":\"SearchAction\",\"target\":{\"@type\":\"EntryPoint\",\"urlTemplate\":\"https:\\\/\\\/congovirtuel.com\\\/information\\\/?s={search_term_string}\"},\"query-input\":{\"@type\":\"PropertyValueSpecification\",\"valueRequired\":true,\"valueName\":\"search_term_string\"}}],\"inLanguage\":\"fr-FR\"},{\"@type\":\"Organization\",\"@id\":\"https:\\\/\\\/congovirtuel.com\\\/information\\\/#organization\",\"name\":\"Biblioth\u00e8que Virtuelle de la RDC\",\"url\":\"https:\\\/\\\/congovirtuel.com\\\/information\\\/\",\"logo\":{\"@type\":\"ImageObject\",\"inLanguage\":\"fr-FR\",\"@id\":\"https:\\\/\\\/congovirtuel.com\\\/information\\\/#\\\/schema\\\/logo\\\/image\\\/\",\"url\":\"https:\\\/\\\/congovirtuel.com\\\/information\\\/wp-content\\\/uploads\\\/2018\\\/10\\\/header-info-congovirtuel-vraie.jpg\",\"contentUrl\":\"https:\\\/\\\/congovirtuel.com\\\/information\\\/wp-content\\\/uploads\\\/2018\\\/10\\\/header-info-congovirtuel-vraie.jpg\",\"width\":728,\"height\":90,\"caption\":\"Biblioth\u00e8que Virtuelle de la RDC\"},\"image\":{\"@id\":\"https:\\\/\\\/congovirtuel.com\\\/information\\\/#\\\/schema\\\/logo\\\/image\\\/\"},\"sameAs\":[\"https:\\\/\\\/web.facebook.com\\\/Congovirtuel-763617960319601\\\/?ref=aymt_homepage_panel&amp;amp;amp;amp;amp;amp;amp;amp;amp;amp;amp;eid=ARCoxULa66767kIgF_KYav6VdjXTI4yk_LW4yoVO9s6NXpysgb7Cb65vpxcxgqzOAKvIbLQxaAETcqHT\",\"https:\\\/\\\/x.com\\\/congovirtuel\",\"https:\\\/\\\/www.youtube.com\\\/channel\\\/UCkFfprYzGgS3EWNpeMXpToQ?view_as=subscriber\"]},{\"@type\":\"Person\",\"@id\":\"https:\\\/\\\/congovirtuel.com\\\/information\\\/#\\\/schema\\\/person\\\/739a44bf7990966cb53d58d2fdeca0b6\",\"name\":\"infocongovirtuel\",\"image\":{\"@type\":\"ImageObject\",\"inLanguage\":\"fr-FR\",\"@id\":\"https:\\\/\\\/secure.gravatar.com\\\/avatar\\\/4d76991aa72469f0eb22e772586c99113c6997f88da636a9db8f2ce3a2c05e69?s=96&d=mm&r=g\",\"url\":\"https:\\\/\\\/secure.gravatar.com\\\/avatar\\\/4d76991aa72469f0eb22e772586c99113c6997f88da636a9db8f2ce3a2c05e69?s=96&d=mm&r=g\",\"contentUrl\":\"https:\\\/\\\/secure.gravatar.com\\\/avatar\\\/4d76991aa72469f0eb22e772586c99113c6997f88da636a9db8f2ce3a2c05e69?s=96&d=mm&r=g\",\"caption\":\"infocongovirtuel\"},\"url\":\"https:\\\/\\\/congovirtuel.com\\\/information\\\/author\\\/infocongovirtuel\\\/\"}]}<\/script>\n<!-- \/ Yoast SEO plugin. -->","yoast_head_json":{"title":"C\u00f4te d'Ivoire: d\u00e9c\u00e8s du Premier ministre Hamed Bakayoko en Allemagne - Actualit\u00e9s congolaises et internationales","robots":{"index":"index","follow":"follow","max-snippet":"max-snippet:-1","max-image-preview":"max-image-preview:large","max-video-preview":"max-video-preview:-1"},"canonical":"https:\/\/congovirtuel.com\/information\/cote-divoire-deces-du-premier-ministre-hamed-bakayoko-en-allemagne\/","og_locale":"fr_FR","og_type":"article","og_title":"C\u00f4te d'Ivoire: d\u00e9c\u00e8s du Premier ministre Hamed Bakayoko en Allemagne - Actualit\u00e9s congolaises et internationales","og_description":"\u00ab Notre pays est en deuil. J\u2019ai l\u2019immense douleur de vous annoncer le d\u00e9c\u00e8s du Premier Ministre, Hamed Bakayoko, Chef du Gouvernement, Ministre de La D\u00e9fense, ce mercredi 10 mars 2021, en Allemagne, des suites d\u2019un cancer \u00bb, a \u00e9crit sur son compte Twitter le pr\u00e9sident Ouattara.. RFI","og_url":"https:\/\/congovirtuel.com\/information\/cote-divoire-deces-du-premier-ministre-hamed-bakayoko-en-allemagne\/","og_site_name":"Actualit\u00e9s congolaises et internationales","article_publisher":"https:\/\/web.facebook.com\/Congovirtuel-763617960319601\/?ref=aymt_homepage_panel&amp%3bamp%3bamp%3bamp%3bamp%3bamp%3bamp%3bamp%3bamp%3bamp%3bamp%3beid=ARCoxULa66767kIgF_KYav6VdjXTI4yk_LW4yoVO9s6NXpysgb7Cb65vpxcxgqzOAKvIbLQxaAETcqHT","article_published_time":"2021-03-10T21:09:04+00:00","article_modified_time":"2021-03-10T21:17:01+00:00","og_image":[{"width":1200,"height":630,"url":"https:\/\/congovirtuel.com\/information\/wp-content\/uploads\/2020\/09\/actualites-congolaises-et-internationales-cote-divoire-h-bakayoko-va-etre-intronise-a-la-tete-de-la-grande-loge-de-cote-divoire-pour-un-second-mandat-open-graph.jpg","type":"image\/jpeg"}],"author":"infocongovirtuel","twitter_card":"summary_large_image","twitter_creator":"@congovirtuel","twitter_site":"@congovirtuel","twitter_misc":{"\u00c9crit par":"infocongovirtuel","Dur\u00e9e de lecture estim\u00e9e":"1 minute"},"schema":{"@context":"https:\/\/schema.org","@graph":[{"@type":"Article","@id":"https:\/\/congovirtuel.com\/information\/cote-divoire-deces-du-premier-ministre-hamed-bakayoko-en-allemagne\/#article","isPartOf":{"@id":"https:\/\/congovirtuel.com\/information\/cote-divoire-deces-du-premier-ministre-hamed-bakayoko-en-allemagne\/"},"author":{"name":"infocongovirtuel","@id":"https:\/\/congovirtuel.com\/information\/#\/schema\/person\/739a44bf7990966cb53d58d2fdeca0b6"},"headline":"C\u00f4te d&rsquo;Ivoire: d\u00e9c\u00e8s du Premier ministre Hamed Bakayoko en Allemagne","datePublished":"2021-03-10T21:09:04+00:00","dateModified":"2021-03-10T21:17:01+00:00","mainEntityOfPage":{"@id":"https:\/\/congovirtuel.com\/information\/cote-divoire-deces-du-premier-ministre-hamed-bakayoko-en-allemagne\/"},"wordCount":65,"commentCount":0,"publisher":{"@id":"https:\/\/congovirtuel.com\/information\/#organization"},"image":{"@id":"https:\/\/congovirtuel.com\/information\/cote-divoire-deces-du-premier-ministre-hamed-bakayoko-en-allemagne\/#primaryimage"},"thumbnailUrl":"https:\/\/congovirtuel.com\/information\/wp-content\/uploads\/2020\/09\/actualites-congolaises-et-internationales-cote-divoire-h-bakayoko-va-etre-intronise-a-la-tete-de-la-grande-loge-de-cote-divoire-pour-un-second-mandat-open-graph.jpg","keywords":["D\u00e9c\u00e8s Bakayoko","Hammed Bakayoko est mort"],"articleSection":["C\u00f4te d'ivoire"],"inLanguage":"fr-FR","potentialAction":[{"@type":"CommentAction","name":"Comment","target":["https:\/\/congovirtuel.com\/information\/cote-divoire-deces-du-premier-ministre-hamed-bakayoko-en-allemagne\/#respond"]}]},{"@type":"WebPage","@id":"https:\/\/congovirtuel.com\/information\/cote-divoire-deces-du-premier-ministre-hamed-bakayoko-en-allemagne\/","url":"https:\/\/congovirtuel.com\/information\/cote-divoire-deces-du-premier-ministre-hamed-bakayoko-en-allemagne\/","name":"C\u00f4te d'Ivoire: d\u00e9c\u00e8s du Premier ministre Hamed Bakayoko en Allemagne - Actualit\u00e9s congolaises et internationales","isPartOf":{"@id":"https:\/\/congovirtuel.com\/information\/#website"},"primaryImageOfPage":{"@id":"https:\/\/congovirtuel.com\/information\/cote-divoire-deces-du-premier-ministre-hamed-bakayoko-en-allemagne\/#primaryimage"},"image":{"@id":"https:\/\/congovirtuel.com\/information\/cote-divoire-deces-du-premier-ministre-hamed-bakayoko-en-allemagne\/#primaryimage"},"thumbnailUrl":"https:\/\/congovirtuel.com\/information\/wp-content\/uploads\/2020\/09\/actualites-congolaises-et-internationales-cote-divoire-h-bakayoko-va-etre-intronise-a-la-tete-de-la-grande-loge-de-cote-divoire-pour-un-second-mandat-open-graph.jpg","datePublished":"2021-03-10T21:09:04+00:00","dateModified":"2021-03-10T21:17:01+00:00","breadcrumb":{"@id":"https:\/\/congovirtuel.com\/information\/cote-divoire-deces-du-premier-ministre-hamed-bakayoko-en-allemagne\/#breadcrumb"},"inLanguage":"fr-FR","potentialAction":[{"@type":"ReadAction","target":["https:\/\/congovirtuel.com\/information\/cote-divoire-deces-du-premier-ministre-hamed-bakayoko-en-allemagne\/"]}]},{"@type":"ImageObject","inLanguage":"fr-FR","@id":"https:\/\/congovirtuel.com\/information\/cote-divoire-deces-du-premier-ministre-hamed-bakayoko-en-allemagne\/#primaryimage","url":"https:\/\/congovirtuel.com\/information\/wp-content\/uploads\/2020\/09\/actualites-congolaises-et-internationales-cote-divoire-h-bakayoko-va-etre-intronise-a-la-tete-de-la-grande-loge-de-cote-divoire-pour-un-second-mandat-open-graph.jpg","contentUrl":"https:\/\/congovirtuel.com\/information\/wp-content\/uploads\/2020\/09\/actualites-congolaises-et-internationales-cote-divoire-h-bakayoko-va-etre-intronise-a-la-tete-de-la-grande-loge-de-cote-divoire-pour-un-second-mandat-open-graph.jpg","width":1200,"height":630},{"@type":"BreadcrumbList","@id":"https:\/\/congovirtuel.com\/information\/cote-divoire-deces-du-premier-ministre-hamed-bakayoko-en-allemagne\/#breadcrumb","itemListElement":[{"@type":"ListItem","position":1,"name":"Accueil","item":"https:\/\/congovirtuel.com\/information\/"},{"@type":"ListItem","position":2,"name":"C\u00f4te d&rsquo;Ivoire: d\u00e9c\u00e8s du Premier ministre Hamed Bakayoko en Allemagne"}]},{"@type":"WebSite","@id":"https:\/\/congovirtuel.com\/information\/#website","url":"https:\/\/congovirtuel.com\/information\/","name":"Actualit\u00e9s congolaises et internationales","description":"site d&#039;analyse et de traitement d&#039;information","publisher":{"@id":"https:\/\/congovirtuel.com\/information\/#organization"},"potentialAction":[{"@type":"SearchAction","target":{"@type":"EntryPoint","urlTemplate":"https:\/\/congovirtuel.com\/information\/?s={search_term_string}"},"query-input":{"@type":"PropertyValueSpecification","valueRequired":true,"valueName":"search_term_string"}}],"inLanguage":"fr-FR"},{"@type":"Organization","@id":"https:\/\/congovirtuel.com\/information\/#organization","name":"Biblioth\u00e8que Virtuelle de la RDC","url":"https:\/\/congovirtuel.com\/information\/","logo":{"@type":"ImageObject","inLanguage":"fr-FR","@id":"https:\/\/congovirtuel.com\/information\/#\/schema\/logo\/image\/","url":"https:\/\/congovirtuel.com\/information\/wp-content\/uploads\/2018\/10\/header-info-congovirtuel-vraie.jpg","contentUrl":"https:\/\/congovirtuel.com\/information\/wp-content\/uploads\/2018\/10\/header-info-congovirtuel-vraie.jpg","width":728,"height":90,"caption":"Biblioth\u00e8que Virtuelle de la RDC"},"image":{"@id":"https:\/\/congovirtuel.com\/information\/#\/schema\/logo\/image\/"},"sameAs":["https:\/\/web.facebook.com\/Congovirtuel-763617960319601\/?ref=aymt_homepage_panel&amp;amp;amp;amp;amp;amp;amp;amp;amp;amp;amp;eid=ARCoxULa66767kIgF_KYav6VdjXTI4yk_LW4yoVO9s6NXpysgb7Cb65vpxcxgqzOAKvIbLQxaAETcqHT","https:\/\/x.com\/congovirtuel","https:\/\/www.youtube.com\/channel\/UCkFfprYzGgS3EWNpeMXpToQ?view_as=subscriber"]},{"@type":"Person","@id":"https:\/\/congovirtuel.com\/information\/#\/schema\/person\/739a44bf7990966cb53d58d2fdeca0b6","name":"infocongovirtuel","image":{"@type":"ImageObject","inLanguage":"fr-FR","@id":"https:\/\/secure.gravatar.com\/avatar\/4d76991aa72469f0eb22e772586c99113c6997f88da636a9db8f2ce3a2c05e69?s=96&d=mm&r=g","url":"https:\/\/secure.gravatar.com\/avatar\/4d76991aa72469f0eb22e772586c99113c6997f88da636a9db8f2ce3a2c05e69?s=96&d=mm&r=g","contentUrl":"https:\/\/secure.gravatar.com\/avatar\/4d76991aa72469f0eb22e772586c99113c6997f88da636a9db8f2ce3a2c05e69?s=96&d=mm&r=g","caption":"infocongovirtuel"},"url":"https:\/\/congovirtuel.com\/information\/author\/infocongovirtuel\/"}]}},"gt_translate_keys":[{"key":"link","format":"url"}],"_links":{"self":[{"href":"https:\/\/congovirtuel.com\/information\/wp-json\/wp\/v2\/posts\/6883","targetHints":{"allow":["GET"]}}],"collection":[{"href":"https:\/\/congovirtuel.com\/information\/wp-json\/wp\/v2\/posts"}],"about":[{"href":"https:\/\/congovirtuel.com\/information\/wp-json\/wp\/v2\/types\/post"}],"author":[{"embeddable":true,"href":"https:\/\/congovirtuel.com\/information\/wp-json\/wp\/v2\/users\/1"}],"replies":[{"embeddable":true,"href":"https:\/\/congovirtuel.com\/information\/wp-json\/wp\/v2\/comments?post=6883"}],"version-history":[{"count":2,"href":"https:\/\/congovirtuel.com\/information\/wp-json\/wp\/v2\/posts\/6883\/revisions"}],"predecessor-version":[{"id":6887,"href":"https:\/\/congovirtuel.com\/information\/wp-json\/wp\/v2\/posts\/6883\/revisions\/6887"}],"wp:featuredmedia":[{"embeddable":true,"href":"https:\/\/congovirtuel.com\/information\/wp-json\/wp\/v2\/media\/3244"}],"wp:attachment":[{"href":"https:\/\/congovirtuel.com\/information\/wp-json\/wp\/v2\/media?parent=6883"}],"wp:term":[{"taxonomy":"category","embeddable":true,"href":"https:\/\/congovirtuel.com\/information\/wp-json\/wp\/v2\/categories?post=6883"},{"taxonomy":"post_tag","embeddable":true,"href":"https:\/\/congovirtuel.com\/information\/wp-json\/wp\/v2\/tags?post=6883"}],"curies":[{"name":"wp","href":"https:\/\/api.w.org\/{rel}","templated":true}]}}