{"id":70,"date":"2018-10-31T12:42:54","date_gmt":"2018-10-31T11:42:54","guid":{"rendered":"https:\/\/congovirtuel.com\/information\/?p=70"},"modified":"2018-10-31T12:42:54","modified_gmt":"2018-10-31T11:42:54","slug":"lonu-appelle-a-intensifier-la-lutte-contre-ebola-en-rdc","status":"publish","type":"post","link":"https:\/\/congovirtuel.com\/information\/lonu-appelle-a-intensifier-la-lutte-contre-ebola-en-rdc\/","title":{"rendered":"L\u2019ONU appelle \u00e0 intensifier la lutte contre Ebola en RDC","gt_translate_keys":[{"key":"rendered","format":"text"}]},"content":{"rendered":"<p style=\"text-align: justify;\">Dans une r\u00e9solution, le Conseil de s\u00e9curit\u00e9 s\u2019alarme notamment de \u00ab l\u2019\u00e9tat global de la s\u00e9curit\u00e9 dans les zones touch\u00e9es par l\u2019\u00e9pid\u00e9mie \u00bb.<\/p>\n<p style=\"text-align: justify;\"><img loading=\"lazy\" decoding=\"async\" class=\"alignnone size-medium wp-image-71\" src=\"https:\/\/congovirtuel.com\/information\/wp-content\/uploads\/2018\/10\/ebola3-300x173.jpg\" alt=\"\" width=\"300\" height=\"173\" \/><\/p>\n<h2 class=\"taille_courante\" style=\"text-align: justify;\">Le Conseil de s\u00e9curit\u00e9 des Nations unies a adopt\u00e9 \u00e0 l\u2019unanimit\u00e9 une r\u00e9solution sur l\u2019\u00e9pid\u00e9mie d\u2019Ebola en R\u00e9publique d\u00e9mocratique du Congo (RDC), mardi 30\u00a0octobre, appelant tous les acteurs sur place \u00e0\u00a0<a class=\"lien_interne conjug\" title=\"Conjugaison du verbe intensifier\" href=\"https:\/\/conjugaison.lemonde.fr\/conjugaison\/premier-groupe\/intensifier\/\" target=\"_blank\" rel=\"noopener\">intensifier<\/a>\u00a0la lutte contre la maladie, notamment dans les zones d\u2019hostilit\u00e9s o\u00f9 elle se propage.<\/h2>\n<p style=\"text-align: justify;\"><script async src=\"\/\/pagead2.googlesyndication.com\/pagead\/js\/adsbygoogle.js\"><\/script><br \/>\n<!-- code responsive --><br \/>\n<ins class=\"adsbygoogle\" style=\"display: block;\" data-ad-client=\"ca-pub-2119363214666215\" data-ad-slot=\"1973679082\" data-ad-format=\"auto\"><\/ins><br \/>\n<script>\n(adsbygoogle = window.adsbygoogle || []).push({});\n<\/script><\/p>\n<p style=\"text-align: justify;\">Propos\u00e9 par l\u2019Ethiopie et la Su\u00e8de, le texte\u00a0<em>\u00ab\u00a0engage le gouvernement congolais, l\u2019Organisation mondiale de la sant\u00e9\u00a0<\/em>[OMS]<em>\u00a0et les autres intervenants face \u00e0 Ebola \u00e0\u00a0<a class=\"lien_interne conjug\" title=\"Conjugaison du verbe continuer\" href=\"https:\/\/conjugaison.lemonde.fr\/conjugaison\/premier-groupe\/continuer\/\" target=\"_blank\" rel=\"noopener\">continuer<\/a>\u00a0d\u2019accro\u00eetre la transparence et la pr\u00e9cision de leurs rapports quotidiens sur la progression de l\u2019\u00e9pid\u00e9mie\u00a0\u00bb<\/em>.<\/p>\n<p style=\"text-align: justify;\">\n<p style=\"text-align: justify;\">Il rappelle qu\u2019il revient au\u00a0<em>\u00ab\u00a0gouvernement congolais au premier chef de\u00a0<a class=\"lien_interne conjug\" title=\"Conjugaison du verbe prot\u00e9ger\" href=\"https:\/\/conjugaison.lemonde.fr\/conjugaison\/premier-groupe\/prot%C3%A9ger\/\" target=\"_blank\" rel=\"noopener\">prot\u00e9ger<\/a>\u00a0les civils se trouvant sur son territoire et relevant de sa juridiction, et notamment de les prot\u00e9ger des crimes contre l\u2019humanit\u00e9 et des crimes de guerre\u00a0\u00bb<\/em>.<\/p>\n<p style=\"text-align: justify;\"><script async src=\"\/\/pagead2.googlesyndication.com\/pagead\/js\/adsbygoogle.js\"><\/script><br \/>\n<!-- code responsive --><br \/>\n<ins class=\"adsbygoogle\" style=\"display: block;\" data-ad-client=\"ca-pub-2119363214666215\" data-ad-slot=\"1973679082\" data-ad-format=\"auto\"><\/ins><br \/>\n<script>\n(adsbygoogle = window.adsbygoogle || []).push({});\n<\/script><\/p>\n<h2 class=\"intertitre\" style=\"text-align: justify;\">\u00ab\u00a0Mettre imm\u00e9diatement un terme aux hostilit\u00e9s\u00a0\u00bb<\/h2>\n<p style=\"text-align: justify;\">Les quinze membres du Conseil de s\u00e9curit\u00e9 se disent aussi\u00a0<em>\u00ab\u00a0profond\u00e9ment pr\u00e9occup\u00e9s par l\u2019\u00e9tat global de la s\u00e9curit\u00e9 dans les zones touch\u00e9es par l\u2019\u00e9pid\u00e9mie d\u2019Ebola, qui compromet gravement l\u2019intervention d\u2019urgence et facilite la progression du virus en R\u00e9publique d\u00e9mocratique du Congo et dans la r\u00e9gion\u00a0\u00bb<\/em>. Ils\u00a0<em>\u00ab\u00a0demandent \u00e0 tous les groupes arm\u00e9s, y compris les Forces d\u00e9mocratiques alli\u00e9es\u00a0<\/em>[Allied Democratic Forces, ADF],<em>\u00a0de\u00a0<a class=\"lien_interne conjug\" title=\"Conjugaison du verbe mettre\" href=\"https:\/\/conjugaison.lemonde.fr\/conjugaison\/troisieme-groupe\/mettre\/\" target=\"_blank\" rel=\"noopener\">mettre<\/a>imm\u00e9diatement un terme aux hostilit\u00e9s\u00a0\u00bb<\/em>, pr\u00e9cise la r\u00e9solution.<\/p>\n<p style=\"text-align: justify;\">\n<p style=\"text-align: justify;\">Ces derniers mois, les Nations unies s\u2019\u00e9taient d\u00e9j\u00e0 inqui\u00e9t\u00e9es du risque de propagation de l\u2019\u00e9pid\u00e9mie au Burundi, en Ouganda, au Rwanda et au Soudan du Sud. A cet \u00e9gard, le texte de l\u2019ONU appelle ces pays \u00e0\u00a0<a class=\"lien_interne conjug\" title=\"Conjugaison du verbe renforcer\" href=\"https:\/\/conjugaison.lemonde.fr\/conjugaison\/premier-groupe\/renforcer\/\" target=\"_blank\" rel=\"noopener\">renforcer<\/a>leurs capacit\u00e9s op\u00e9rationnelles pour\u00a0<a class=\"lien_interne conjug\" title=\"Conjugaison du verbe lutter\" href=\"https:\/\/conjugaison.lemonde.fr\/conjugaison\/premier-groupe\/lutter\/\" target=\"_blank\" rel=\"noopener\">lutter<\/a>\u00a0contre la maladie, en totale coop\u00e9ration avec l\u2019OMS.<\/p>\n<p style=\"text-align: justify;\">La RDC a d\u00e9j\u00e0 \u00e9t\u00e9 touch\u00e9e neuf fois par Ebola depuis la premi\u00e8re pouss\u00e9e connue, en\u00a01976, du virus, qui se transmet par contact physique avec des fluides corporels infect\u00e9s et qui provoque une fi\u00e8vre h\u00e9morragique.<\/p>\n<p style=\"text-align: justify;\">\n<p style=\"text-align: justify;\">Cette dixi\u00e8me flamb\u00e9e s\u2019est d\u00e9clar\u00e9e le 1<sup>er<\/sup>\u00a0ao\u00fbt \u00e0 Mangina, dans la province orientale du Nord-Kivu. L\u2019\u00e9picentre de l\u2019\u00e9pid\u00e9mie s\u2019est ensuite rapproch\u00e9 de la fronti\u00e8re avec l\u2019Ouganda\u00a0; il se trouve actuellement \u00e0 Beni, fief du groupe arm\u00e9 d\u2019origine ougandaise ADF qui multiplie les attaques contre des civils, compliquant la riposte sanitaire.<\/p>\n<p style=\"text-align: justify;\">\n<p style=\"text-align: justify;\"><script async src=\"\/\/pagead2.googlesyndication.com\/pagead\/js\/adsbygoogle.js\"><\/script><br \/>\n<!-- code responsive --><br \/>\n<ins class=\"adsbygoogle\" style=\"display: block;\" data-ad-client=\"ca-pub-2119363214666215\" data-ad-slot=\"1973679082\" data-ad-format=\"auto\"><\/ins><br \/>\n<script>\n(adsbygoogle = window.adsbygoogle || []).push({});\n<\/script><\/p>\n","protected":false,"gt_translate_keys":[{"key":"rendered","format":"html"}]},"excerpt":{"rendered":"<p>Dans une r\u00e9solution, le Conseil de s\u00e9curit\u00e9 s\u2019alarme notamment de \u00ab l\u2019\u00e9tat global de la s\u00e9curit\u00e9 dans les zones touch\u00e9es par l\u2019\u00e9pid\u00e9mie \u00bb. Le Conseil de s\u00e9curit\u00e9 des Nations unies a adopt\u00e9 \u00e0 l\u2019unanimit\u00e9 une r\u00e9solution sur l\u2019\u00e9pid\u00e9mie d\u2019Ebola en R\u00e9publique d\u00e9mocratique du Congo (RDC), mardi 30\u00a0octobre, appelant tous les acteurs sur place \u00e0\u00a0intensifier\u00a0la lutte contre la maladie, notamment dans les zones d\u2019hostilit\u00e9s o\u00f9 elle se propage. Propos\u00e9 par l\u2019Ethiopie et la Su\u00e8de, le texte\u00a0\u00ab\u00a0engage le gouvernement congolais, l\u2019Organisation mondiale de la sant\u00e9\u00a0[OMS]\u00a0et les autres intervenants face \u00e0 Ebola \u00e0\u00a0continuer\u00a0d\u2019accro\u00eetre&hellip;<\/p>\n","protected":false,"gt_translate_keys":[{"key":"rendered","format":"html"}]},"author":1,"featured_media":71,"comment_status":"open","ping_status":"open","sticky":false,"template":"","format":"standard","meta":{"_crdt_document":"","footnotes":""},"categories":[3],"tags":[],"class_list":["post-70","post","type-post","status-publish","format-standard","has-post-thumbnail","hentry","category-sante"],"gutentor_comment":0,"yoast_head":"<!-- This site is optimized with the Yoast SEO plugin v27.5 - https:\/\/yoast.com\/product\/yoast-seo-wordpress\/ -->\n<title>L\u2019ONU appelle \u00e0 intensifier la lutte contre Ebola en RDC - Actualit\u00e9s congolaises et internationales<\/title>\n<meta name=\"robots\" content=\"index, follow, max-snippet:-1, max-image-preview:large, max-video-preview:-1\" \/>\n<link rel=\"canonical\" href=\"https:\/\/congovirtuel.com\/information\/lonu-appelle-a-intensifier-la-lutte-contre-ebola-en-rdc\/\" \/>\n<meta property=\"og:locale\" content=\"fr_FR\" \/>\n<meta property=\"og:type\" content=\"article\" \/>\n<meta property=\"og:title\" content=\"L\u2019ONU appelle \u00e0 intensifier la lutte contre Ebola en RDC - Actualit\u00e9s congolaises et internationales\" \/>\n<meta property=\"og:description\" content=\"Dans une r\u00e9solution, le Conseil de s\u00e9curit\u00e9 s\u2019alarme notamment de \u00ab l\u2019\u00e9tat global de la s\u00e9curit\u00e9 dans les zones touch\u00e9es par l\u2019\u00e9pid\u00e9mie \u00bb. Le Conseil de s\u00e9curit\u00e9 des Nations unies a adopt\u00e9 \u00e0 l\u2019unanimit\u00e9 une r\u00e9solution sur l\u2019\u00e9pid\u00e9mie d\u2019Ebola en R\u00e9publique d\u00e9mocratique du Congo (RDC), mardi 30\u00a0octobre, appelant tous les acteurs sur place \u00e0\u00a0intensifier\u00a0la lutte contre la maladie, notamment dans les zones d\u2019hostilit\u00e9s o\u00f9 elle se propage. Propos\u00e9 par l\u2019Ethiopie et la Su\u00e8de, le texte\u00a0\u00ab\u00a0engage le gouvernement congolais, l\u2019Organisation mondiale de la sant\u00e9\u00a0[OMS]\u00a0et les autres intervenants face \u00e0 Ebola \u00e0\u00a0continuer\u00a0d\u2019accro\u00eetre&hellip;\" \/>\n<meta property=\"og:url\" content=\"https:\/\/congovirtuel.com\/information\/lonu-appelle-a-intensifier-la-lutte-contre-ebola-en-rdc\/\" \/>\n<meta property=\"og:site_name\" content=\"Actualit\u00e9s congolaises et internationales\" \/>\n<meta property=\"article:publisher\" content=\"https:\/\/web.facebook.com\/Congovirtuel-763617960319601\/?ref=aymt_homepage_panel&amp;amp%3bamp%3bamp%3bamp%3bamp%3bamp%3bamp%3bamp%3bamp%3bamp%3bamp%3beid=ARCoxULa66767kIgF_KYav6VdjXTI4yk_LW4yoVO9s6NXpysgb7Cb65vpxcxgqzOAKvIbLQxaAETcqHT\" \/>\n<meta property=\"article:published_time\" content=\"2018-10-31T11:42:54+00:00\" \/>\n<meta property=\"og:image\" content=\"https:\/\/congovirtuel.com\/information\/wp-content\/uploads\/2018\/10\/ebola3-e1540986059175.jpg\" \/>\n\t<meta property=\"og:image:width\" content=\"600\" \/>\n\t<meta property=\"og:image:height\" content=\"347\" \/>\n\t<meta property=\"og:image:type\" content=\"image\/jpeg\" \/>\n<meta name=\"author\" content=\"infocongovirtuel\" \/>\n<meta name=\"twitter:card\" content=\"summary_large_image\" \/>\n<meta name=\"twitter:creator\" content=\"@congovirtuel\" \/>\n<meta name=\"twitter:site\" content=\"@congovirtuel\" \/>\n<meta name=\"twitter:label1\" content=\"\u00c9crit par\" \/>\n\t<meta name=\"twitter:data1\" content=\"infocongovirtuel\" \/>\n\t<meta name=\"twitter:label2\" content=\"Dur\u00e9e de lecture estim\u00e9e\" \/>\n\t<meta name=\"twitter:data2\" content=\"2 minutes\" \/>\n<script type=\"application\/ld+json\" class=\"yoast-schema-graph\">{\"@context\":\"https:\\\/\\\/schema.org\",\"@graph\":[{\"@type\":\"Article\",\"@id\":\"https:\\\/\\\/congovirtuel.com\\\/information\\\/lonu-appelle-a-intensifier-la-lutte-contre-ebola-en-rdc\\\/#article\",\"isPartOf\":{\"@id\":\"https:\\\/\\\/congovirtuel.com\\\/information\\\/lonu-appelle-a-intensifier-la-lutte-contre-ebola-en-rdc\\\/\"},\"author\":{\"name\":\"infocongovirtuel\",\"@id\":\"https:\\\/\\\/congovirtuel.com\\\/information\\\/#\\\/schema\\\/person\\\/739a44bf7990966cb53d58d2fdeca0b6\"},\"headline\":\"L\u2019ONU appelle \u00e0 intensifier la lutte contre Ebola en RDC\",\"datePublished\":\"2018-10-31T11:42:54+00:00\",\"mainEntityOfPage\":{\"@id\":\"https:\\\/\\\/congovirtuel.com\\\/information\\\/lonu-appelle-a-intensifier-la-lutte-contre-ebola-en-rdc\\\/\"},\"wordCount\":447,\"commentCount\":0,\"publisher\":{\"@id\":\"https:\\\/\\\/congovirtuel.com\\\/information\\\/#organization\"},\"image\":{\"@id\":\"https:\\\/\\\/congovirtuel.com\\\/information\\\/lonu-appelle-a-intensifier-la-lutte-contre-ebola-en-rdc\\\/#primaryimage\"},\"thumbnailUrl\":\"https:\\\/\\\/congovirtuel.com\\\/information\\\/wp-content\\\/uploads\\\/2018\\\/10\\\/ebola3-e1540986059175.jpg\",\"articleSection\":[\"Sant\u00e9\"],\"inLanguage\":\"fr-FR\",\"potentialAction\":[{\"@type\":\"CommentAction\",\"name\":\"Comment\",\"target\":[\"https:\\\/\\\/congovirtuel.com\\\/information\\\/lonu-appelle-a-intensifier-la-lutte-contre-ebola-en-rdc\\\/#respond\"]}]},{\"@type\":\"WebPage\",\"@id\":\"https:\\\/\\\/congovirtuel.com\\\/information\\\/lonu-appelle-a-intensifier-la-lutte-contre-ebola-en-rdc\\\/\",\"url\":\"https:\\\/\\\/congovirtuel.com\\\/information\\\/lonu-appelle-a-intensifier-la-lutte-contre-ebola-en-rdc\\\/\",\"name\":\"L\u2019ONU appelle \u00e0 intensifier la lutte contre Ebola en RDC - Actualit\u00e9s congolaises et internationales\",\"isPartOf\":{\"@id\":\"https:\\\/\\\/congovirtuel.com\\\/information\\\/#website\"},\"primaryImageOfPage\":{\"@id\":\"https:\\\/\\\/congovirtuel.com\\\/information\\\/lonu-appelle-a-intensifier-la-lutte-contre-ebola-en-rdc\\\/#primaryimage\"},\"image\":{\"@id\":\"https:\\\/\\\/congovirtuel.com\\\/information\\\/lonu-appelle-a-intensifier-la-lutte-contre-ebola-en-rdc\\\/#primaryimage\"},\"thumbnailUrl\":\"https:\\\/\\\/congovirtuel.com\\\/information\\\/wp-content\\\/uploads\\\/2018\\\/10\\\/ebola3-e1540986059175.jpg\",\"datePublished\":\"2018-10-31T11:42:54+00:00\",\"breadcrumb\":{\"@id\":\"https:\\\/\\\/congovirtuel.com\\\/information\\\/lonu-appelle-a-intensifier-la-lutte-contre-ebola-en-rdc\\\/#breadcrumb\"},\"inLanguage\":\"fr-FR\",\"potentialAction\":[{\"@type\":\"ReadAction\",\"target\":[\"https:\\\/\\\/congovirtuel.com\\\/information\\\/lonu-appelle-a-intensifier-la-lutte-contre-ebola-en-rdc\\\/\"]}]},{\"@type\":\"ImageObject\",\"inLanguage\":\"fr-FR\",\"@id\":\"https:\\\/\\\/congovirtuel.com\\\/information\\\/lonu-appelle-a-intensifier-la-lutte-contre-ebola-en-rdc\\\/#primaryimage\",\"url\":\"https:\\\/\\\/congovirtuel.com\\\/information\\\/wp-content\\\/uploads\\\/2018\\\/10\\\/ebola3-e1540986059175.jpg\",\"contentUrl\":\"https:\\\/\\\/congovirtuel.com\\\/information\\\/wp-content\\\/uploads\\\/2018\\\/10\\\/ebola3-e1540986059175.jpg\",\"width\":600,\"height\":347},{\"@type\":\"BreadcrumbList\",\"@id\":\"https:\\\/\\\/congovirtuel.com\\\/information\\\/lonu-appelle-a-intensifier-la-lutte-contre-ebola-en-rdc\\\/#breadcrumb\",\"itemListElement\":[{\"@type\":\"ListItem\",\"position\":1,\"name\":\"Accueil\",\"item\":\"https:\\\/\\\/congovirtuel.com\\\/information\\\/\"},{\"@type\":\"ListItem\",\"position\":2,\"name\":\"L\u2019ONU appelle \u00e0 intensifier la lutte contre Ebola en RDC\"}]},{\"@type\":\"WebSite\",\"@id\":\"https:\\\/\\\/congovirtuel.com\\\/information\\\/#website\",\"url\":\"https:\\\/\\\/congovirtuel.com\\\/information\\\/\",\"name\":\"Actualit\u00e9s congolaises et internationales\",\"description\":\"site d&#039;analyse et de traitement d&#039;information\",\"publisher\":{\"@id\":\"https:\\\/\\\/congovirtuel.com\\\/information\\\/#organization\"},\"potentialAction\":[{\"@type\":\"SearchAction\",\"target\":{\"@type\":\"EntryPoint\",\"urlTemplate\":\"https:\\\/\\\/congovirtuel.com\\\/information\\\/?s={search_term_string}\"},\"query-input\":{\"@type\":\"PropertyValueSpecification\",\"valueRequired\":true,\"valueName\":\"search_term_string\"}}],\"inLanguage\":\"fr-FR\"},{\"@type\":\"Organization\",\"@id\":\"https:\\\/\\\/congovirtuel.com\\\/information\\\/#organization\",\"name\":\"Biblioth\u00e8que Virtuelle de la RDC\",\"url\":\"https:\\\/\\\/congovirtuel.com\\\/information\\\/\",\"logo\":{\"@type\":\"ImageObject\",\"inLanguage\":\"fr-FR\",\"@id\":\"https:\\\/\\\/congovirtuel.com\\\/information\\\/#\\\/schema\\\/logo\\\/image\\\/\",\"url\":\"https:\\\/\\\/congovirtuel.com\\\/information\\\/wp-content\\\/uploads\\\/2018\\\/10\\\/header-info-congovirtuel-vraie.jpg\",\"contentUrl\":\"https:\\\/\\\/congovirtuel.com\\\/information\\\/wp-content\\\/uploads\\\/2018\\\/10\\\/header-info-congovirtuel-vraie.jpg\",\"width\":728,\"height\":90,\"caption\":\"Biblioth\u00e8que Virtuelle de la RDC\"},\"image\":{\"@id\":\"https:\\\/\\\/congovirtuel.com\\\/information\\\/#\\\/schema\\\/logo\\\/image\\\/\"},\"sameAs\":[\"https:\\\/\\\/web.facebook.com\\\/Congovirtuel-763617960319601\\\/?ref=aymt_homepage_panel&amp;amp;amp;amp;amp;amp;amp;amp;amp;amp;amp;eid=ARCoxULa66767kIgF_KYav6VdjXTI4yk_LW4yoVO9s6NXpysgb7Cb65vpxcxgqzOAKvIbLQxaAETcqHT\",\"https:\\\/\\\/x.com\\\/congovirtuel\",\"https:\\\/\\\/www.youtube.com\\\/channel\\\/UCkFfprYzGgS3EWNpeMXpToQ?view_as=subscriber\"]},{\"@type\":\"Person\",\"@id\":\"https:\\\/\\\/congovirtuel.com\\\/information\\\/#\\\/schema\\\/person\\\/739a44bf7990966cb53d58d2fdeca0b6\",\"name\":\"infocongovirtuel\",\"image\":{\"@type\":\"ImageObject\",\"inLanguage\":\"fr-FR\",\"@id\":\"https:\\\/\\\/secure.gravatar.com\\\/avatar\\\/4d76991aa72469f0eb22e772586c99113c6997f88da636a9db8f2ce3a2c05e69?s=96&d=mm&r=g\",\"url\":\"https:\\\/\\\/secure.gravatar.com\\\/avatar\\\/4d76991aa72469f0eb22e772586c99113c6997f88da636a9db8f2ce3a2c05e69?s=96&d=mm&r=g\",\"contentUrl\":\"https:\\\/\\\/secure.gravatar.com\\\/avatar\\\/4d76991aa72469f0eb22e772586c99113c6997f88da636a9db8f2ce3a2c05e69?s=96&d=mm&r=g\",\"caption\":\"infocongovirtuel\"},\"url\":\"https:\\\/\\\/congovirtuel.com\\\/information\\\/author\\\/infocongovirtuel\\\/\"}]}<\/script>\n<!-- \/ Yoast SEO plugin. -->","yoast_head_json":{"title":"L\u2019ONU appelle \u00e0 intensifier la lutte contre Ebola en RDC - Actualit\u00e9s congolaises et internationales","robots":{"index":"index","follow":"follow","max-snippet":"max-snippet:-1","max-image-preview":"max-image-preview:large","max-video-preview":"max-video-preview:-1"},"canonical":"https:\/\/congovirtuel.com\/information\/lonu-appelle-a-intensifier-la-lutte-contre-ebola-en-rdc\/","og_locale":"fr_FR","og_type":"article","og_title":"L\u2019ONU appelle \u00e0 intensifier la lutte contre Ebola en RDC - Actualit\u00e9s congolaises et internationales","og_description":"Dans une r\u00e9solution, le Conseil de s\u00e9curit\u00e9 s\u2019alarme notamment de \u00ab l\u2019\u00e9tat global de la s\u00e9curit\u00e9 dans les zones touch\u00e9es par l\u2019\u00e9pid\u00e9mie \u00bb. Le Conseil de s\u00e9curit\u00e9 des Nations unies a adopt\u00e9 \u00e0 l\u2019unanimit\u00e9 une r\u00e9solution sur l\u2019\u00e9pid\u00e9mie d\u2019Ebola en R\u00e9publique d\u00e9mocratique du Congo (RDC), mardi 30\u00a0octobre, appelant tous les acteurs sur place \u00e0\u00a0intensifier\u00a0la lutte contre la maladie, notamment dans les zones d\u2019hostilit\u00e9s o\u00f9 elle se propage. Propos\u00e9 par l\u2019Ethiopie et la Su\u00e8de, le texte\u00a0\u00ab\u00a0engage le gouvernement congolais, l\u2019Organisation mondiale de la sant\u00e9\u00a0[OMS]\u00a0et les autres intervenants face \u00e0 Ebola \u00e0\u00a0continuer\u00a0d\u2019accro\u00eetre&hellip;","og_url":"https:\/\/congovirtuel.com\/information\/lonu-appelle-a-intensifier-la-lutte-contre-ebola-en-rdc\/","og_site_name":"Actualit\u00e9s congolaises et internationales","article_publisher":"https:\/\/web.facebook.com\/Congovirtuel-763617960319601\/?ref=aymt_homepage_panel&amp%3bamp%3bamp%3bamp%3bamp%3bamp%3bamp%3bamp%3bamp%3bamp%3bamp%3beid=ARCoxULa66767kIgF_KYav6VdjXTI4yk_LW4yoVO9s6NXpysgb7Cb65vpxcxgqzOAKvIbLQxaAETcqHT","article_published_time":"2018-10-31T11:42:54+00:00","og_image":[{"width":600,"height":347,"url":"https:\/\/congovirtuel.com\/information\/wp-content\/uploads\/2018\/10\/ebola3-e1540986059175.jpg","type":"image\/jpeg"}],"author":"infocongovirtuel","twitter_card":"summary_large_image","twitter_creator":"@congovirtuel","twitter_site":"@congovirtuel","twitter_misc":{"\u00c9crit par":"infocongovirtuel","Dur\u00e9e de lecture estim\u00e9e":"2 minutes"},"schema":{"@context":"https:\/\/schema.org","@graph":[{"@type":"Article","@id":"https:\/\/congovirtuel.com\/information\/lonu-appelle-a-intensifier-la-lutte-contre-ebola-en-rdc\/#article","isPartOf":{"@id":"https:\/\/congovirtuel.com\/information\/lonu-appelle-a-intensifier-la-lutte-contre-ebola-en-rdc\/"},"author":{"name":"infocongovirtuel","@id":"https:\/\/congovirtuel.com\/information\/#\/schema\/person\/739a44bf7990966cb53d58d2fdeca0b6"},"headline":"L\u2019ONU appelle \u00e0 intensifier la lutte contre Ebola en RDC","datePublished":"2018-10-31T11:42:54+00:00","mainEntityOfPage":{"@id":"https:\/\/congovirtuel.com\/information\/lonu-appelle-a-intensifier-la-lutte-contre-ebola-en-rdc\/"},"wordCount":447,"commentCount":0,"publisher":{"@id":"https:\/\/congovirtuel.com\/information\/#organization"},"image":{"@id":"https:\/\/congovirtuel.com\/information\/lonu-appelle-a-intensifier-la-lutte-contre-ebola-en-rdc\/#primaryimage"},"thumbnailUrl":"https:\/\/congovirtuel.com\/information\/wp-content\/uploads\/2018\/10\/ebola3-e1540986059175.jpg","articleSection":["Sant\u00e9"],"inLanguage":"fr-FR","potentialAction":[{"@type":"CommentAction","name":"Comment","target":["https:\/\/congovirtuel.com\/information\/lonu-appelle-a-intensifier-la-lutte-contre-ebola-en-rdc\/#respond"]}]},{"@type":"WebPage","@id":"https:\/\/congovirtuel.com\/information\/lonu-appelle-a-intensifier-la-lutte-contre-ebola-en-rdc\/","url":"https:\/\/congovirtuel.com\/information\/lonu-appelle-a-intensifier-la-lutte-contre-ebola-en-rdc\/","name":"L\u2019ONU appelle \u00e0 intensifier la lutte contre Ebola en RDC - Actualit\u00e9s congolaises et internationales","isPartOf":{"@id":"https:\/\/congovirtuel.com\/information\/#website"},"primaryImageOfPage":{"@id":"https:\/\/congovirtuel.com\/information\/lonu-appelle-a-intensifier-la-lutte-contre-ebola-en-rdc\/#primaryimage"},"image":{"@id":"https:\/\/congovirtuel.com\/information\/lonu-appelle-a-intensifier-la-lutte-contre-ebola-en-rdc\/#primaryimage"},"thumbnailUrl":"https:\/\/congovirtuel.com\/information\/wp-content\/uploads\/2018\/10\/ebola3-e1540986059175.jpg","datePublished":"2018-10-31T11:42:54+00:00","breadcrumb":{"@id":"https:\/\/congovirtuel.com\/information\/lonu-appelle-a-intensifier-la-lutte-contre-ebola-en-rdc\/#breadcrumb"},"inLanguage":"fr-FR","potentialAction":[{"@type":"ReadAction","target":["https:\/\/congovirtuel.com\/information\/lonu-appelle-a-intensifier-la-lutte-contre-ebola-en-rdc\/"]}]},{"@type":"ImageObject","inLanguage":"fr-FR","@id":"https:\/\/congovirtuel.com\/information\/lonu-appelle-a-intensifier-la-lutte-contre-ebola-en-rdc\/#primaryimage","url":"https:\/\/congovirtuel.com\/information\/wp-content\/uploads\/2018\/10\/ebola3-e1540986059175.jpg","contentUrl":"https:\/\/congovirtuel.com\/information\/wp-content\/uploads\/2018\/10\/ebola3-e1540986059175.jpg","width":600,"height":347},{"@type":"BreadcrumbList","@id":"https:\/\/congovirtuel.com\/information\/lonu-appelle-a-intensifier-la-lutte-contre-ebola-en-rdc\/#breadcrumb","itemListElement":[{"@type":"ListItem","position":1,"name":"Accueil","item":"https:\/\/congovirtuel.com\/information\/"},{"@type":"ListItem","position":2,"name":"L\u2019ONU appelle \u00e0 intensifier la lutte contre Ebola en RDC"}]},{"@type":"WebSite","@id":"https:\/\/congovirtuel.com\/information\/#website","url":"https:\/\/congovirtuel.com\/information\/","name":"Actualit\u00e9s congolaises et internationales","description":"site d&#039;analyse et de traitement d&#039;information","publisher":{"@id":"https:\/\/congovirtuel.com\/information\/#organization"},"potentialAction":[{"@type":"SearchAction","target":{"@type":"EntryPoint","urlTemplate":"https:\/\/congovirtuel.com\/information\/?s={search_term_string}"},"query-input":{"@type":"PropertyValueSpecification","valueRequired":true,"valueName":"search_term_string"}}],"inLanguage":"fr-FR"},{"@type":"Organization","@id":"https:\/\/congovirtuel.com\/information\/#organization","name":"Biblioth\u00e8que Virtuelle de la RDC","url":"https:\/\/congovirtuel.com\/information\/","logo":{"@type":"ImageObject","inLanguage":"fr-FR","@id":"https:\/\/congovirtuel.com\/information\/#\/schema\/logo\/image\/","url":"https:\/\/congovirtuel.com\/information\/wp-content\/uploads\/2018\/10\/header-info-congovirtuel-vraie.jpg","contentUrl":"https:\/\/congovirtuel.com\/information\/wp-content\/uploads\/2018\/10\/header-info-congovirtuel-vraie.jpg","width":728,"height":90,"caption":"Biblioth\u00e8que Virtuelle de la RDC"},"image":{"@id":"https:\/\/congovirtuel.com\/information\/#\/schema\/logo\/image\/"},"sameAs":["https:\/\/web.facebook.com\/Congovirtuel-763617960319601\/?ref=aymt_homepage_panel&amp;amp;amp;amp;amp;amp;amp;amp;amp;amp;amp;eid=ARCoxULa66767kIgF_KYav6VdjXTI4yk_LW4yoVO9s6NXpysgb7Cb65vpxcxgqzOAKvIbLQxaAETcqHT","https:\/\/x.com\/congovirtuel","https:\/\/www.youtube.com\/channel\/UCkFfprYzGgS3EWNpeMXpToQ?view_as=subscriber"]},{"@type":"Person","@id":"https:\/\/congovirtuel.com\/information\/#\/schema\/person\/739a44bf7990966cb53d58d2fdeca0b6","name":"infocongovirtuel","image":{"@type":"ImageObject","inLanguage":"fr-FR","@id":"https:\/\/secure.gravatar.com\/avatar\/4d76991aa72469f0eb22e772586c99113c6997f88da636a9db8f2ce3a2c05e69?s=96&d=mm&r=g","url":"https:\/\/secure.gravatar.com\/avatar\/4d76991aa72469f0eb22e772586c99113c6997f88da636a9db8f2ce3a2c05e69?s=96&d=mm&r=g","contentUrl":"https:\/\/secure.gravatar.com\/avatar\/4d76991aa72469f0eb22e772586c99113c6997f88da636a9db8f2ce3a2c05e69?s=96&d=mm&r=g","caption":"infocongovirtuel"},"url":"https:\/\/congovirtuel.com\/information\/author\/infocongovirtuel\/"}]}},"gt_translate_keys":[{"key":"link","format":"url"}],"_links":{"self":[{"href":"https:\/\/congovirtuel.com\/information\/wp-json\/wp\/v2\/posts\/70","targetHints":{"allow":["GET"]}}],"collection":[{"href":"https:\/\/congovirtuel.com\/information\/wp-json\/wp\/v2\/posts"}],"about":[{"href":"https:\/\/congovirtuel.com\/information\/wp-json\/wp\/v2\/types\/post"}],"author":[{"embeddable":true,"href":"https:\/\/congovirtuel.com\/information\/wp-json\/wp\/v2\/users\/1"}],"replies":[{"embeddable":true,"href":"https:\/\/congovirtuel.com\/information\/wp-json\/wp\/v2\/comments?post=70"}],"version-history":[{"count":1,"href":"https:\/\/congovirtuel.com\/information\/wp-json\/wp\/v2\/posts\/70\/revisions"}],"predecessor-version":[{"id":72,"href":"https:\/\/congovirtuel.com\/information\/wp-json\/wp\/v2\/posts\/70\/revisions\/72"}],"wp:featuredmedia":[{"embeddable":true,"href":"https:\/\/congovirtuel.com\/information\/wp-json\/wp\/v2\/media\/71"}],"wp:attachment":[{"href":"https:\/\/congovirtuel.com\/information\/wp-json\/wp\/v2\/media?parent=70"}],"wp:term":[{"taxonomy":"category","embeddable":true,"href":"https:\/\/congovirtuel.com\/information\/wp-json\/wp\/v2\/categories?post=70"},{"taxonomy":"post_tag","embeddable":true,"href":"https:\/\/congovirtuel.com\/information\/wp-json\/wp\/v2\/tags?post=70"}],"curies":[{"name":"wp","href":"https:\/\/api.w.org\/{rel}","templated":true}]}}