{"id":718,"date":"2020-03-18T07:13:24","date_gmt":"2020-03-18T06:13:24","guid":{"rendered":"https:\/\/congovirtuel.com\/information\/?p=718"},"modified":"2020-03-18T07:13:29","modified_gmt":"2020-03-18T06:13:29","slug":"ronaldo-pret-a-faire-mal-au-le-psg","status":"publish","type":"post","link":"https:\/\/congovirtuel.com\/information\/ronaldo-pret-a-faire-mal-au-le-psg\/","title":{"rendered":"Ronaldo pr\u00eat \u00e0 faire mal au le PSG\u2026","gt_translate_keys":[{"key":"rendered","format":"text"}]},"content":{"rendered":"\n<p class=\"wp-block-paragraph\"><strong>Face \u00e0 l\u2019insistance de Cristiano Ronaldo, la Juventus Turin aurait fait de Mauro Icardi la priorit\u00e9 de son recrutement estival.<\/strong><\/p>\n\n\n\n<p class=\"wp-block-paragraph\">A la lutte avec la\u00a0<a href=\"https:\/\/www.sports.fr\/football\/equipe\/lazio-rome-13476.html\/\"><strong>Lazio Rome<\/strong><\/a>\u00a0au\u00a0<strong><a href=\"https:\/\/www.sports.fr\/football\/italie\/classement.html\/\">sommet de la Serie A<\/a><\/strong>, d\u00e9faite par l\u2019Olympique Lyonnais lors du match aller des huiti\u00e8mes de finale de la Ligue des champions (1-0), la\u00a0<a href=\"https:\/\/www.sports.fr\/football\/equipe\/juventus-13473.html\"><strong>Juventus Turin<\/strong><\/a>\u00a0n\u2019est pas sereine.\u00a0<strong><a href=\"https:\/\/www.sports.fr\/football\/joueurs\/cristiano-ronaldo-55743.html\/\">Cristiano Ronaldo<\/a><\/strong>, pourtant irr\u00e9sistible depuis le d\u00e9but de l\u2019ann\u00e9e, n\u2019a d\u2019ailleurs pas cach\u00e9 sa col\u00e8re apr\u00e8s les r\u00e9centes d\u00e9faites conc\u00e9d\u00e9es par les Bianconeri, que ce soit au Groupama Stadium ou sur la pelouse du Hellas Verone.<\/p>\n\n\n\n<script async src=\"\/\/pagead2.googlesyndication.com\/pagead\/js\/adsbygoogle.js\"><\/script>\n<!-- code responsive -->\n<ins class=\"adsbygoogle\"\n     style=\"display:block\"\n     data-ad-client=\"ca-pub-2119363214666215\"\n     data-ad-slot=\"1973679082\"\n     data-ad-format=\"auto\"><\/ins>\n<script>\n(adsbygoogle = window.adsbygoogle || []).push({});\n<\/script>\n\n\n\n<p class=\"wp-block-paragraph\">Une col\u00e8re agr\u00e9ment\u00e9e d\u2019un coup de pression \u00e0 destination de ses dirigeants: la Vieille Dame doit profiter du prochain mercato estival pour se renforcer, notamment en attaque, l\u2019ancien Madril\u00e8ne n\u2019ayant pas h\u00e9sit\u00e9 d\u2019ailleurs \u00e0 soumettre quelques noms. Et le message semble avoir \u00e9t\u00e9 bien re\u00e7u par l\u2019\u00e9tat-major turinois, \u00e0 en croire&nbsp;<em>Tuttosport<\/em>. A l\u2019occasion des discussions autour de sa prolongation de contrat, qui devrait le lier \u00e0 la Juve jusqu\u2019en 2024, le quintuple Ballon d\u2019or aurait en effet re\u00e7u l\u2019assurance de l\u2019arriv\u00e9e, d\u00e8s cet \u00e9t\u00e9, d\u2019un attaquant de renom, pr\u00eat \u00e0 se mettre \u00e0 son service \u00e0 l\u2019instar de&nbsp;<a href=\"https:\/\/www.sports.fr\/football\/joueurs\/k-benzema-55742.html\"><strong>Karim Benzema<\/strong><\/a>&nbsp;au&nbsp;<a href=\"https:\/\/www.sports.fr\/football\/equipe\/real-madrid-13434.html\/\"><strong>Real Madrid<\/strong><\/a>.<\/p>\n\n\n\n<p class=\"wp-block-paragraph\">A en croire\u00a0<em>AS<\/em>, les discussions auraient d\u2019ailleurs d\u00e9j\u00e0 repris avec Wanda Nara, l\u2019agent de\u00a0<a href=\"https:\/\/www.sports.fr\/football\/joueurs\/mauro-emanuel-icardi-57054.html\/\"><strong>Mauro Icardi<\/strong><\/a>. Pr\u00eat\u00e9 au\u00a0<a href=\"https:\/\/www.sports.fr\/football\/equipe\/psg-13394.html\/\"><strong>PSG<\/strong><\/a>\u00a0par l\u2019<a href=\"https:\/\/www.sports.fr\/football\/equipe\/inter-milan-13475.html\"><strong>Inter Milan<\/strong><\/a>, l\u2019attaquant argentin ne serait pas content de son sort dans la capitale, o\u00f9 il doit se contenter d\u2019un r\u00f4le de joker de luxe depuis plusieurs semaines, et privil\u00e9gierait d\u00e9sormais un retour en Serie A. Et l\u2019int\u00e9r\u00eat de la Juve, avec laquelle il a longtemps \u00e9t\u00e9 en contact l\u2019an dernier, et la perspective d\u2019\u00e9voluer aux c\u00f4t\u00e9s de CR7, qui aurait pris soin de l\u2019appeler, ne le laissent \u00e9videmment pas insensible\u2026<\/p>\n\n\n\n<p class=\"wp-block-paragraph\">football.fr<\/p>\n","protected":false,"gt_translate_keys":[{"key":"rendered","format":"html"}]},"excerpt":{"rendered":"<p>Face \u00e0 l\u2019insistance de Cristiano Ronaldo, la Juventus Turin aurait fait de Mauro Icardi la priorit\u00e9 de son recrutement estival.<\/p>\n","protected":false,"gt_translate_keys":[{"key":"rendered","format":"html"}]},"author":1,"featured_media":719,"comment_status":"open","ping_status":"open","sticky":false,"template":"","format":"standard","meta":{"_crdt_document":"","footnotes":""},"categories":[8,6],"tags":[],"class_list":["post-718","post","type-post","status-publish","format-standard","has-post-thumbnail","hentry","category-football","category-internationale"],"gutentor_comment":0,"yoast_head":"<!-- This site is optimized with the Yoast SEO plugin v27.5 - https:\/\/yoast.com\/product\/yoast-seo-wordpress\/ -->\n<title>Ronaldo pr\u00eat \u00e0 faire mal au le PSG\u2026 - Actualit\u00e9s congolaises et internationales<\/title>\n<meta name=\"robots\" content=\"index, follow, max-snippet:-1, max-image-preview:large, max-video-preview:-1\" \/>\n<link rel=\"canonical\" href=\"https:\/\/congovirtuel.com\/information\/ronaldo-pret-a-faire-mal-au-le-psg\/\" \/>\n<meta property=\"og:locale\" content=\"fr_FR\" \/>\n<meta property=\"og:type\" content=\"article\" \/>\n<meta property=\"og:title\" content=\"Ronaldo pr\u00eat \u00e0 faire mal au le PSG\u2026 - Actualit\u00e9s congolaises et internationales\" \/>\n<meta property=\"og:description\" content=\"Face \u00e0 l\u2019insistance de Cristiano Ronaldo, la Juventus Turin aurait fait de Mauro Icardi la priorit\u00e9 de son recrutement estival.\" \/>\n<meta property=\"og:url\" content=\"https:\/\/congovirtuel.com\/information\/ronaldo-pret-a-faire-mal-au-le-psg\/\" \/>\n<meta property=\"og:site_name\" content=\"Actualit\u00e9s congolaises et internationales\" \/>\n<meta property=\"article:publisher\" content=\"https:\/\/web.facebook.com\/Congovirtuel-763617960319601\/?ref=aymt_homepage_panel&amp;amp%3bamp%3bamp%3bamp%3bamp%3bamp%3bamp%3bamp%3bamp%3bamp%3bamp%3beid=ARCoxULa66767kIgF_KYav6VdjXTI4yk_LW4yoVO9s6NXpysgb7Cb65vpxcxgqzOAKvIbLQxaAETcqHT\" \/>\n<meta property=\"article:published_time\" content=\"2020-03-18T06:13:24+00:00\" \/>\n<meta property=\"article:modified_time\" content=\"2020-03-18T06:13:29+00:00\" \/>\n<meta property=\"og:image\" content=\"https:\/\/congovirtuel.com\/information\/wp-content\/uploads\/2020\/03\/ronaldo2.jpg\" \/>\n\t<meta property=\"og:image:width\" content=\"750\" \/>\n\t<meta property=\"og:image:height\" content=\"368\" \/>\n\t<meta property=\"og:image:type\" content=\"image\/jpeg\" \/>\n<meta name=\"author\" content=\"infocongovirtuel\" \/>\n<meta name=\"twitter:card\" content=\"summary_large_image\" \/>\n<meta name=\"twitter:creator\" content=\"@congovirtuel\" \/>\n<meta name=\"twitter:site\" content=\"@congovirtuel\" \/>\n<meta name=\"twitter:label1\" content=\"\u00c9crit par\" \/>\n\t<meta name=\"twitter:data1\" content=\"infocongovirtuel\" \/>\n\t<meta name=\"twitter:label2\" content=\"Dur\u00e9e de lecture estim\u00e9e\" \/>\n\t<meta name=\"twitter:data2\" content=\"2 minutes\" \/>\n<script type=\"application\/ld+json\" class=\"yoast-schema-graph\">{\"@context\":\"https:\\\/\\\/schema.org\",\"@graph\":[{\"@type\":\"Article\",\"@id\":\"https:\\\/\\\/congovirtuel.com\\\/information\\\/ronaldo-pret-a-faire-mal-au-le-psg\\\/#article\",\"isPartOf\":{\"@id\":\"https:\\\/\\\/congovirtuel.com\\\/information\\\/ronaldo-pret-a-faire-mal-au-le-psg\\\/\"},\"author\":{\"name\":\"infocongovirtuel\",\"@id\":\"https:\\\/\\\/congovirtuel.com\\\/information\\\/#\\\/schema\\\/person\\\/739a44bf7990966cb53d58d2fdeca0b6\"},\"headline\":\"Ronaldo pr\u00eat \u00e0 faire mal au le PSG\u2026\",\"datePublished\":\"2020-03-18T06:13:24+00:00\",\"dateModified\":\"2020-03-18T06:13:29+00:00\",\"mainEntityOfPage\":{\"@id\":\"https:\\\/\\\/congovirtuel.com\\\/information\\\/ronaldo-pret-a-faire-mal-au-le-psg\\\/\"},\"wordCount\":351,\"commentCount\":0,\"publisher\":{\"@id\":\"https:\\\/\\\/congovirtuel.com\\\/information\\\/#organization\"},\"image\":{\"@id\":\"https:\\\/\\\/congovirtuel.com\\\/information\\\/ronaldo-pret-a-faire-mal-au-le-psg\\\/#primaryimage\"},\"thumbnailUrl\":\"https:\\\/\\\/congovirtuel.com\\\/information\\\/wp-content\\\/uploads\\\/2020\\\/03\\\/ronaldo2.jpg\",\"articleSection\":[\"Football\",\"Internationale\"],\"inLanguage\":\"fr-FR\",\"potentialAction\":[{\"@type\":\"CommentAction\",\"name\":\"Comment\",\"target\":[\"https:\\\/\\\/congovirtuel.com\\\/information\\\/ronaldo-pret-a-faire-mal-au-le-psg\\\/#respond\"]}]},{\"@type\":\"WebPage\",\"@id\":\"https:\\\/\\\/congovirtuel.com\\\/information\\\/ronaldo-pret-a-faire-mal-au-le-psg\\\/\",\"url\":\"https:\\\/\\\/congovirtuel.com\\\/information\\\/ronaldo-pret-a-faire-mal-au-le-psg\\\/\",\"name\":\"Ronaldo pr\u00eat \u00e0 faire mal au le PSG\u2026 - Actualit\u00e9s congolaises et internationales\",\"isPartOf\":{\"@id\":\"https:\\\/\\\/congovirtuel.com\\\/information\\\/#website\"},\"primaryImageOfPage\":{\"@id\":\"https:\\\/\\\/congovirtuel.com\\\/information\\\/ronaldo-pret-a-faire-mal-au-le-psg\\\/#primaryimage\"},\"image\":{\"@id\":\"https:\\\/\\\/congovirtuel.com\\\/information\\\/ronaldo-pret-a-faire-mal-au-le-psg\\\/#primaryimage\"},\"thumbnailUrl\":\"https:\\\/\\\/congovirtuel.com\\\/information\\\/wp-content\\\/uploads\\\/2020\\\/03\\\/ronaldo2.jpg\",\"datePublished\":\"2020-03-18T06:13:24+00:00\",\"dateModified\":\"2020-03-18T06:13:29+00:00\",\"breadcrumb\":{\"@id\":\"https:\\\/\\\/congovirtuel.com\\\/information\\\/ronaldo-pret-a-faire-mal-au-le-psg\\\/#breadcrumb\"},\"inLanguage\":\"fr-FR\",\"potentialAction\":[{\"@type\":\"ReadAction\",\"target\":[\"https:\\\/\\\/congovirtuel.com\\\/information\\\/ronaldo-pret-a-faire-mal-au-le-psg\\\/\"]}]},{\"@type\":\"ImageObject\",\"inLanguage\":\"fr-FR\",\"@id\":\"https:\\\/\\\/congovirtuel.com\\\/information\\\/ronaldo-pret-a-faire-mal-au-le-psg\\\/#primaryimage\",\"url\":\"https:\\\/\\\/congovirtuel.com\\\/information\\\/wp-content\\\/uploads\\\/2020\\\/03\\\/ronaldo2.jpg\",\"contentUrl\":\"https:\\\/\\\/congovirtuel.com\\\/information\\\/wp-content\\\/uploads\\\/2020\\\/03\\\/ronaldo2.jpg\",\"width\":750,\"height\":368},{\"@type\":\"BreadcrumbList\",\"@id\":\"https:\\\/\\\/congovirtuel.com\\\/information\\\/ronaldo-pret-a-faire-mal-au-le-psg\\\/#breadcrumb\",\"itemListElement\":[{\"@type\":\"ListItem\",\"position\":1,\"name\":\"Accueil\",\"item\":\"https:\\\/\\\/congovirtuel.com\\\/information\\\/\"},{\"@type\":\"ListItem\",\"position\":2,\"name\":\"Ronaldo pr\u00eat \u00e0 faire mal au le PSG\u2026\"}]},{\"@type\":\"WebSite\",\"@id\":\"https:\\\/\\\/congovirtuel.com\\\/information\\\/#website\",\"url\":\"https:\\\/\\\/congovirtuel.com\\\/information\\\/\",\"name\":\"Actualit\u00e9s congolaises et internationales\",\"description\":\"site d&#039;analyse et de traitement d&#039;information\",\"publisher\":{\"@id\":\"https:\\\/\\\/congovirtuel.com\\\/information\\\/#organization\"},\"potentialAction\":[{\"@type\":\"SearchAction\",\"target\":{\"@type\":\"EntryPoint\",\"urlTemplate\":\"https:\\\/\\\/congovirtuel.com\\\/information\\\/?s={search_term_string}\"},\"query-input\":{\"@type\":\"PropertyValueSpecification\",\"valueRequired\":true,\"valueName\":\"search_term_string\"}}],\"inLanguage\":\"fr-FR\"},{\"@type\":\"Organization\",\"@id\":\"https:\\\/\\\/congovirtuel.com\\\/information\\\/#organization\",\"name\":\"Biblioth\u00e8que Virtuelle de la RDC\",\"url\":\"https:\\\/\\\/congovirtuel.com\\\/information\\\/\",\"logo\":{\"@type\":\"ImageObject\",\"inLanguage\":\"fr-FR\",\"@id\":\"https:\\\/\\\/congovirtuel.com\\\/information\\\/#\\\/schema\\\/logo\\\/image\\\/\",\"url\":\"https:\\\/\\\/congovirtuel.com\\\/information\\\/wp-content\\\/uploads\\\/2018\\\/10\\\/header-info-congovirtuel-vraie.jpg\",\"contentUrl\":\"https:\\\/\\\/congovirtuel.com\\\/information\\\/wp-content\\\/uploads\\\/2018\\\/10\\\/header-info-congovirtuel-vraie.jpg\",\"width\":728,\"height\":90,\"caption\":\"Biblioth\u00e8que Virtuelle de la RDC\"},\"image\":{\"@id\":\"https:\\\/\\\/congovirtuel.com\\\/information\\\/#\\\/schema\\\/logo\\\/image\\\/\"},\"sameAs\":[\"https:\\\/\\\/web.facebook.com\\\/Congovirtuel-763617960319601\\\/?ref=aymt_homepage_panel&amp;amp;amp;amp;amp;amp;amp;amp;amp;amp;amp;eid=ARCoxULa66767kIgF_KYav6VdjXTI4yk_LW4yoVO9s6NXpysgb7Cb65vpxcxgqzOAKvIbLQxaAETcqHT\",\"https:\\\/\\\/x.com\\\/congovirtuel\",\"https:\\\/\\\/www.youtube.com\\\/channel\\\/UCkFfprYzGgS3EWNpeMXpToQ?view_as=subscriber\"]},{\"@type\":\"Person\",\"@id\":\"https:\\\/\\\/congovirtuel.com\\\/information\\\/#\\\/schema\\\/person\\\/739a44bf7990966cb53d58d2fdeca0b6\",\"name\":\"infocongovirtuel\",\"image\":{\"@type\":\"ImageObject\",\"inLanguage\":\"fr-FR\",\"@id\":\"https:\\\/\\\/secure.gravatar.com\\\/avatar\\\/4d76991aa72469f0eb22e772586c99113c6997f88da636a9db8f2ce3a2c05e69?s=96&d=mm&r=g\",\"url\":\"https:\\\/\\\/secure.gravatar.com\\\/avatar\\\/4d76991aa72469f0eb22e772586c99113c6997f88da636a9db8f2ce3a2c05e69?s=96&d=mm&r=g\",\"contentUrl\":\"https:\\\/\\\/secure.gravatar.com\\\/avatar\\\/4d76991aa72469f0eb22e772586c99113c6997f88da636a9db8f2ce3a2c05e69?s=96&d=mm&r=g\",\"caption\":\"infocongovirtuel\"},\"url\":\"https:\\\/\\\/congovirtuel.com\\\/information\\\/author\\\/infocongovirtuel\\\/\"}]}<\/script>\n<!-- \/ Yoast SEO plugin. -->","yoast_head_json":{"title":"Ronaldo pr\u00eat \u00e0 faire mal au le PSG\u2026 - Actualit\u00e9s congolaises et internationales","robots":{"index":"index","follow":"follow","max-snippet":"max-snippet:-1","max-image-preview":"max-image-preview:large","max-video-preview":"max-video-preview:-1"},"canonical":"https:\/\/congovirtuel.com\/information\/ronaldo-pret-a-faire-mal-au-le-psg\/","og_locale":"fr_FR","og_type":"article","og_title":"Ronaldo pr\u00eat \u00e0 faire mal au le PSG\u2026 - Actualit\u00e9s congolaises et internationales","og_description":"Face \u00e0 l\u2019insistance de Cristiano Ronaldo, la Juventus Turin aurait fait de Mauro Icardi la priorit\u00e9 de son recrutement estival.","og_url":"https:\/\/congovirtuel.com\/information\/ronaldo-pret-a-faire-mal-au-le-psg\/","og_site_name":"Actualit\u00e9s congolaises et internationales","article_publisher":"https:\/\/web.facebook.com\/Congovirtuel-763617960319601\/?ref=aymt_homepage_panel&amp%3bamp%3bamp%3bamp%3bamp%3bamp%3bamp%3bamp%3bamp%3bamp%3bamp%3beid=ARCoxULa66767kIgF_KYav6VdjXTI4yk_LW4yoVO9s6NXpysgb7Cb65vpxcxgqzOAKvIbLQxaAETcqHT","article_published_time":"2020-03-18T06:13:24+00:00","article_modified_time":"2020-03-18T06:13:29+00:00","og_image":[{"width":750,"height":368,"url":"https:\/\/congovirtuel.com\/information\/wp-content\/uploads\/2020\/03\/ronaldo2.jpg","type":"image\/jpeg"}],"author":"infocongovirtuel","twitter_card":"summary_large_image","twitter_creator":"@congovirtuel","twitter_site":"@congovirtuel","twitter_misc":{"\u00c9crit par":"infocongovirtuel","Dur\u00e9e de lecture estim\u00e9e":"2 minutes"},"schema":{"@context":"https:\/\/schema.org","@graph":[{"@type":"Article","@id":"https:\/\/congovirtuel.com\/information\/ronaldo-pret-a-faire-mal-au-le-psg\/#article","isPartOf":{"@id":"https:\/\/congovirtuel.com\/information\/ronaldo-pret-a-faire-mal-au-le-psg\/"},"author":{"name":"infocongovirtuel","@id":"https:\/\/congovirtuel.com\/information\/#\/schema\/person\/739a44bf7990966cb53d58d2fdeca0b6"},"headline":"Ronaldo pr\u00eat \u00e0 faire mal au le PSG\u2026","datePublished":"2020-03-18T06:13:24+00:00","dateModified":"2020-03-18T06:13:29+00:00","mainEntityOfPage":{"@id":"https:\/\/congovirtuel.com\/information\/ronaldo-pret-a-faire-mal-au-le-psg\/"},"wordCount":351,"commentCount":0,"publisher":{"@id":"https:\/\/congovirtuel.com\/information\/#organization"},"image":{"@id":"https:\/\/congovirtuel.com\/information\/ronaldo-pret-a-faire-mal-au-le-psg\/#primaryimage"},"thumbnailUrl":"https:\/\/congovirtuel.com\/information\/wp-content\/uploads\/2020\/03\/ronaldo2.jpg","articleSection":["Football","Internationale"],"inLanguage":"fr-FR","potentialAction":[{"@type":"CommentAction","name":"Comment","target":["https:\/\/congovirtuel.com\/information\/ronaldo-pret-a-faire-mal-au-le-psg\/#respond"]}]},{"@type":"WebPage","@id":"https:\/\/congovirtuel.com\/information\/ronaldo-pret-a-faire-mal-au-le-psg\/","url":"https:\/\/congovirtuel.com\/information\/ronaldo-pret-a-faire-mal-au-le-psg\/","name":"Ronaldo pr\u00eat \u00e0 faire mal au le PSG\u2026 - Actualit\u00e9s congolaises et internationales","isPartOf":{"@id":"https:\/\/congovirtuel.com\/information\/#website"},"primaryImageOfPage":{"@id":"https:\/\/congovirtuel.com\/information\/ronaldo-pret-a-faire-mal-au-le-psg\/#primaryimage"},"image":{"@id":"https:\/\/congovirtuel.com\/information\/ronaldo-pret-a-faire-mal-au-le-psg\/#primaryimage"},"thumbnailUrl":"https:\/\/congovirtuel.com\/information\/wp-content\/uploads\/2020\/03\/ronaldo2.jpg","datePublished":"2020-03-18T06:13:24+00:00","dateModified":"2020-03-18T06:13:29+00:00","breadcrumb":{"@id":"https:\/\/congovirtuel.com\/information\/ronaldo-pret-a-faire-mal-au-le-psg\/#breadcrumb"},"inLanguage":"fr-FR","potentialAction":[{"@type":"ReadAction","target":["https:\/\/congovirtuel.com\/information\/ronaldo-pret-a-faire-mal-au-le-psg\/"]}]},{"@type":"ImageObject","inLanguage":"fr-FR","@id":"https:\/\/congovirtuel.com\/information\/ronaldo-pret-a-faire-mal-au-le-psg\/#primaryimage","url":"https:\/\/congovirtuel.com\/information\/wp-content\/uploads\/2020\/03\/ronaldo2.jpg","contentUrl":"https:\/\/congovirtuel.com\/information\/wp-content\/uploads\/2020\/03\/ronaldo2.jpg","width":750,"height":368},{"@type":"BreadcrumbList","@id":"https:\/\/congovirtuel.com\/information\/ronaldo-pret-a-faire-mal-au-le-psg\/#breadcrumb","itemListElement":[{"@type":"ListItem","position":1,"name":"Accueil","item":"https:\/\/congovirtuel.com\/information\/"},{"@type":"ListItem","position":2,"name":"Ronaldo pr\u00eat \u00e0 faire mal au le PSG\u2026"}]},{"@type":"WebSite","@id":"https:\/\/congovirtuel.com\/information\/#website","url":"https:\/\/congovirtuel.com\/information\/","name":"Actualit\u00e9s congolaises et internationales","description":"site d&#039;analyse et de traitement d&#039;information","publisher":{"@id":"https:\/\/congovirtuel.com\/information\/#organization"},"potentialAction":[{"@type":"SearchAction","target":{"@type":"EntryPoint","urlTemplate":"https:\/\/congovirtuel.com\/information\/?s={search_term_string}"},"query-input":{"@type":"PropertyValueSpecification","valueRequired":true,"valueName":"search_term_string"}}],"inLanguage":"fr-FR"},{"@type":"Organization","@id":"https:\/\/congovirtuel.com\/information\/#organization","name":"Biblioth\u00e8que Virtuelle de la RDC","url":"https:\/\/congovirtuel.com\/information\/","logo":{"@type":"ImageObject","inLanguage":"fr-FR","@id":"https:\/\/congovirtuel.com\/information\/#\/schema\/logo\/image\/","url":"https:\/\/congovirtuel.com\/information\/wp-content\/uploads\/2018\/10\/header-info-congovirtuel-vraie.jpg","contentUrl":"https:\/\/congovirtuel.com\/information\/wp-content\/uploads\/2018\/10\/header-info-congovirtuel-vraie.jpg","width":728,"height":90,"caption":"Biblioth\u00e8que Virtuelle de la RDC"},"image":{"@id":"https:\/\/congovirtuel.com\/information\/#\/schema\/logo\/image\/"},"sameAs":["https:\/\/web.facebook.com\/Congovirtuel-763617960319601\/?ref=aymt_homepage_panel&amp;amp;amp;amp;amp;amp;amp;amp;amp;amp;amp;eid=ARCoxULa66767kIgF_KYav6VdjXTI4yk_LW4yoVO9s6NXpysgb7Cb65vpxcxgqzOAKvIbLQxaAETcqHT","https:\/\/x.com\/congovirtuel","https:\/\/www.youtube.com\/channel\/UCkFfprYzGgS3EWNpeMXpToQ?view_as=subscriber"]},{"@type":"Person","@id":"https:\/\/congovirtuel.com\/information\/#\/schema\/person\/739a44bf7990966cb53d58d2fdeca0b6","name":"infocongovirtuel","image":{"@type":"ImageObject","inLanguage":"fr-FR","@id":"https:\/\/secure.gravatar.com\/avatar\/4d76991aa72469f0eb22e772586c99113c6997f88da636a9db8f2ce3a2c05e69?s=96&d=mm&r=g","url":"https:\/\/secure.gravatar.com\/avatar\/4d76991aa72469f0eb22e772586c99113c6997f88da636a9db8f2ce3a2c05e69?s=96&d=mm&r=g","contentUrl":"https:\/\/secure.gravatar.com\/avatar\/4d76991aa72469f0eb22e772586c99113c6997f88da636a9db8f2ce3a2c05e69?s=96&d=mm&r=g","caption":"infocongovirtuel"},"url":"https:\/\/congovirtuel.com\/information\/author\/infocongovirtuel\/"}]}},"gt_translate_keys":[{"key":"link","format":"url"}],"_links":{"self":[{"href":"https:\/\/congovirtuel.com\/information\/wp-json\/wp\/v2\/posts\/718","targetHints":{"allow":["GET"]}}],"collection":[{"href":"https:\/\/congovirtuel.com\/information\/wp-json\/wp\/v2\/posts"}],"about":[{"href":"https:\/\/congovirtuel.com\/information\/wp-json\/wp\/v2\/types\/post"}],"author":[{"embeddable":true,"href":"https:\/\/congovirtuel.com\/information\/wp-json\/wp\/v2\/users\/1"}],"replies":[{"embeddable":true,"href":"https:\/\/congovirtuel.com\/information\/wp-json\/wp\/v2\/comments?post=718"}],"version-history":[{"count":1,"href":"https:\/\/congovirtuel.com\/information\/wp-json\/wp\/v2\/posts\/718\/revisions"}],"predecessor-version":[{"id":720,"href":"https:\/\/congovirtuel.com\/information\/wp-json\/wp\/v2\/posts\/718\/revisions\/720"}],"wp:featuredmedia":[{"embeddable":true,"href":"https:\/\/congovirtuel.com\/information\/wp-json\/wp\/v2\/media\/719"}],"wp:attachment":[{"href":"https:\/\/congovirtuel.com\/information\/wp-json\/wp\/v2\/media?parent=718"}],"wp:term":[{"taxonomy":"category","embeddable":true,"href":"https:\/\/congovirtuel.com\/information\/wp-json\/wp\/v2\/categories?post=718"},{"taxonomy":"post_tag","embeddable":true,"href":"https:\/\/congovirtuel.com\/information\/wp-json\/wp\/v2\/tags?post=718"}],"curies":[{"name":"wp","href":"https:\/\/api.w.org\/{rel}","templated":true}]}}