{"id":7388,"date":"2021-04-01T08:43:45","date_gmt":"2021-04-01T07:43:45","guid":{"rendered":"https:\/\/congovirtuel.com\/information\/?p=7388"},"modified":"2021-04-01T08:43:51","modified_gmt":"2021-04-01T07:43:51","slug":"rdc-lopposition-a-felix-tshisekedi-a-desormais-un-visage","status":"publish","type":"post","link":"https:\/\/congovirtuel.com\/information\/rdc-lopposition-a-felix-tshisekedi-a-desormais-un-visage\/","title":{"rendered":"RDC :  L\u2019OPPOSITION \u00c0 F\u00c9LIX TSHISEKEDI A D\u00c9SORMAIS UN VISAGE","gt_translate_keys":[{"key":"rendered","format":"text"}]},"content":{"rendered":"\n<p class=\"wp-block-paragraph\"><strong>A charge pour la kabilie de se restructurer, en tenant compte de l&rsquo;\u00e9chec de la formule qui consiste \u00e0 miser sur le nombre.<\/strong><\/p>\n\n\n\n<p class=\"wp-block-paragraph\"><strong>Plus de flou quant \u00e0 l&rsquo;opposition en RD Congo. A la suite de la sortie m\u00e9diatique du Front commun pour le Congo (FCC), qui a officiellement formalis\u00e9 sa position depuis l&rsquo;entame de la semaine en cours. L&rsquo;opposition au pouvoir du Pr\u00e9sident F\u00e9lix Tshisekedi s&rsquo;est finalement dessin\u00e9e. Ce dernier devra, d\u00e9sormais, faire face au camp de l&rsquo;ancien Chef de l&rsquo;Etat Joseph Kabila qui a quitt\u00e9 la \u00ab\u00a0r\u00e9sistance\u00a0\u00bb pour emboucher la trompette d&rsquo;opposant.<\/strong><\/p>\n\n\n\n<p class=\"wp-block-paragraph\">Bien avant la mue du FCC en opposition, l&rsquo;opinion se rappelle qu&rsquo;il n&rsquo;y avait que Lamuka qui, depuis le quinquennat en cours de F\u00e9lix Tshisekedi, s&rsquo;affichait comme le camp de l&rsquo;anti-pouvoir. Evidement, la posture de cette plateforme politique port\u00e9e par le tandem Fayulu-Muzito a longtemps \u00e9t\u00e9 sujette \u00e0 controverse, dans la mesure o\u00f9 Lamuka se r\u00e9clamait du pouvoir tout en posant des actes d&rsquo;opposition par rapport \u00e0 l&rsquo;administration Fatshi. Car, Fayulu n&rsquo;avait de cesse de revendiquer la victoire de la pr\u00e9sidentielle du 30 d\u00e9cembre 2018, contestant ainsi celle de l&rsquo;actuel Chef de l&rsquo;Etat. Mais, en m\u00eame temps, l&rsquo;autoproclam\u00e9 vainqueur de ladite \u00e9lection continuait \u00e0 s&rsquo;opposer au Pouvoir en place jug\u00e9 par lui \u00ab\u00a0d\u00e9fait\u00a0\u00bb.<\/p>\n\n\n\n<p class=\"wp-block-paragraph\">Evidement, ce statut politique de Lamuka, on ne peut plus clair-obscur, a quelque peu profit\u00e9 \u00e0 F\u00e9lix Tshisekedi qui a jou\u00e9 sa partition. Mais avec le recul du temps, l&rsquo;opinion tant nationale qu&rsquo;internationale peut, d\u00e9sormais, acter que face au pouvoir l\u00e9gal ou de fait, du point de vue de Lamuka, ce denier est bel et bien dans l&rsquo;opposition face au pouvoir de Tshisekedi.<\/p>\n\n\n\n<p class=\"wp-block-paragraph\">A ce jour, il s&rsquo;av\u00e8re que Martin Fayulu et son co\u00e9quipier Adolphe Muzito, ne sont plus les seuls opposants, apr\u00e8s le d\u00e9part de deux de leurs anciens compagnons, Mo\u00efse Katumbi Chapwe et Jean-Pierre Bemba Gombo qui ont rejoint la nouvelle majorit\u00e9 parlementaire recompos\u00e9e. En d&rsquo;autres termes, Lamuka devra d\u00e9sormais mener sa lutte soit aux c\u00f4t\u00e9s, soit avec le FCC. La sp\u00e9cificit\u00e9 ici est que plus de deux ans apr\u00e8s le scrutin du 30 d\u00e9cembre 2018, le camp Fayulu continue \u00e0 revendiquer la Pr\u00e9sidence de la r\u00e9publique. Cependant, il s&rsquo;av\u00e8re que dans les faits, Lamuka se trouve bel et bien dans l&rsquo;opposition face au pouvoir qu&rsquo;il combat depuis janvier 2019.<\/p>\n\n\n\n<p class=\"wp-block-paragraph\">Et donc, les rangs de l&rsquo;opposition s&rsquo;\u00e9largissent aujourd&rsquo;hui avec le FCC qui s&rsquo;y situe le plus formellement possible depuis le d\u00e9but de cette semaine. Voil\u00e0 qui apparait comme un \u00e9l\u00e9ment nouveau dans le paysage politique de la RD Congo, quand on sait que jusqu&rsquo;il y a peu, la famille politique du Pr\u00e9sident de la r\u00e9publique honoraire, Joseph Kabila, d\u00e9clarait d\u00e9tenir ou contr\u00f4ler encore la majorit\u00e9 parlementaire, apr\u00e8s la rupture de la coalition avec le Cap pour le changement (CACH), ayant d\u00e9bouch\u00e9 sur une nouvelle majorit\u00e9 estampill\u00e9e Union sacr\u00e9e de la nation (USN).<\/p>\n\n\n\n<h2 class=\"wp-block-heading\"><strong>LE FCC FACE A l&rsquo;IMPERATIF DE LA RESTRUCTURATION<\/strong><\/h2>\n\n\n\n<p class=\"wp-block-paragraph\">Pour si peu que cela paraisse redondant, le FCC est bel et bien dans l&rsquo;opposition. A preuve, il a ouvertement d\u00e9clar\u00e9 ne pas du tout int\u00e9ress\u00e9 par le Gouvernement Sama Lukonde en gestation. Au bas mot, la famille politique de Joseph Kabila a dit niet au futur Ex\u00e9cutif, le premier de la nouvelle majorit\u00e9 parlementaire acquise \u00e0 la cause du Pr\u00e9sident F\u00e9lix Tshisekedi.<\/p>\n\n\n\n<p class=\"wp-block-paragraph\">Cependant, nombre d&rsquo;analystes pensent qu&rsquo;au-del\u00e0 de son choix pour l&rsquo;opposition, le FCC se trouve devant l&rsquo;imp\u00e9ratif de choix de postulats de son nouveau statut. Hier au pouvoir et aujourd&rsquo;hui dans l&rsquo;opposition, cette conversion du FCC ne doit pas \u00eatre consid\u00e9r\u00e9e comme un simple jeu de dam. Si le d\u00e9part de plusieurs anciens d\u00e9put\u00e9s FCC pour l&rsquo;Union sacr\u00e9e de la nation doit \u00eatre per\u00e7u comme un \u00ab\u00a0\u00e9chec\u00a0\u00bb ou une d\u00e9faillance de casting, alors ceux qui sont rest\u00e9s \u00e0 bord du navire doivent consid\u00e9rer ces transhumances en vagues successives comme \u00e9tant une opportunit\u00e9.<\/p>\n\n\n\n<p class=\"wp-block-paragraph\">C&rsquo;est ici que de nombreux observateurs de la sc\u00e8ne politique congolaise exhortent les soci\u00e9taires du FCC \u00e0 vite penser \u00e0 la restructuration de leur label.<\/p>\n\n\n\n<p class=\"wp-block-paragraph\">Ce r\u00e9am\u00e9nagement devra tenir compte de l&rsquo;insucc\u00e8s de la formule du chiffre ou du nombre. Car, \u00e0 la lumi\u00e8re de ce qui se passe actuellement, miser seulement sur le nombre n&rsquo;est pas forc\u00e9ment une strat\u00e9gie porte-bonheur. Une chose est d&rsquo;avoir plus de la moiti\u00e9 de l&rsquo;ensemble des 500 d\u00e9put\u00e9s qui composent l&rsquo;Assembl\u00e9e nationale. Mais le plus important est de savoir combien croient r\u00e9ellement en leur nouvelle appartenance ? Il semble que l&rsquo;actuel Chef de l&rsquo;Etat en sait quelque chose, apr\u00e8s son initiative sur la formation d&rsquo;une nouvelle majorit\u00e9 parlementaire.<\/p>\n\n\n\n<p class=\"wp-block-paragraph\">Secret de polichinelle, apr\u00e8s rupture en d\u00e9cembre dernier, de la coalition FCC-CACH, de la formation subs\u00e9quente de la nouvelle majorit\u00e9 parlementaire, pr\u00e8s de 380 d\u00e9put\u00e9s nationaux ont adh\u00e9r\u00e9 \u00e0 l&rsquo;initiative du Pr\u00e9sident F\u00e9lix Tshsiekedi.<\/p>\n\n\n\n<p class=\"wp-block-paragraph\">Reste \u00e0 savoir, combien ont int\u00e9gr\u00e9 l&rsquo;Union sacr\u00e9e de la nation par conviction ? L\u00e0 est donc toute la question. Mais toujours est-il que nombreux avaient dit oui \u00e0 cette d\u00e9marche du Chef de l&rsquo;Etat, dans l&rsquo;espoir de participer au Gouvernement. Cons\u00e9quence, le successeur de Joseph Kabila se trouve \u00e0 ce jour, devant une situation difficile de gestion de ses nombreux nouveaux alli\u00e9s. Cette difficult\u00e9 d&rsquo;arbitrage a produit un retentissement sur la formation. Trois mois apr\u00e8s le divorce FCC-CACH, la sortie de l&rsquo;Ex\u00e9cutif Sama Lukonde proc\u00e8de, ce jour, \u00e0 un jeu de devinette. Personne ne sait parier ni sur le jour ni sur l&rsquo;heure. Comme pour dire, avoir tout le monde avec soi, n&rsquo;est pas forc\u00e9ment le gage d&rsquo;un triomphe.&nbsp;<\/p>\n\n\n\n<p class=\"wp-block-paragraph\"><strong>Grevisse KABREL\/Forum des As<\/strong><\/p>\n","protected":false,"gt_translate_keys":[{"key":"rendered","format":"html"}]},"excerpt":{"rendered":"<p>A charge pour la kabilie de se restructurer, en tenant compte de l&rsquo;\u00e9chec de la formule qui consiste \u00e0 miser sur le nombre. Plus de flou quant \u00e0 l&rsquo;opposition en RD Congo. A la suite de la sortie m\u00e9diatique du Front commun pour le Congo (FCC), qui a officiellement formalis\u00e9 sa position depuis l&rsquo;entame de la semaine en cours. L&rsquo;opposition au pouvoir du Pr\u00e9sident F\u00e9lix Tshisekedi s&rsquo;est finalement dessin\u00e9e. Ce dernier devra, d\u00e9sormais, faire face au camp de l&rsquo;ancien Chef de l&rsquo;Etat Joseph Kabila qui a quitt\u00e9 la \u00ab\u00a0r\u00e9sistance\u00a0\u00bb pour&hellip;<\/p>\n","protected":false,"gt_translate_keys":[{"key":"rendered","format":"html"}]},"author":1,"featured_media":7389,"comment_status":"open","ping_status":"open","sticky":false,"template":"","format":"standard","meta":{"_crdt_document":"","footnotes":""},"categories":[1260],"tags":[6351,6384],"class_list":["post-7388","post","type-post","status-publish","format-standard","has-post-thumbnail","hentry","category-opposition","tag-kabila-porte-parole-de-lopposition","tag-opposition-rdc"],"gutentor_comment":0,"yoast_head":"<!-- This site is optimized with the Yoast SEO plugin v27.5 - https:\/\/yoast.com\/product\/yoast-seo-wordpress\/ -->\n<title>RDC : L\u2019OPPOSITION \u00c0 F\u00c9LIX TSHISEKEDI A D\u00c9SORMAIS UN VISAGE - Actualit\u00e9s congolaises et internationales<\/title>\n<meta name=\"robots\" content=\"index, follow, max-snippet:-1, max-image-preview:large, max-video-preview:-1\" \/>\n<link rel=\"canonical\" href=\"https:\/\/congovirtuel.com\/information\/rdc-lopposition-a-felix-tshisekedi-a-desormais-un-visage\/\" \/>\n<meta property=\"og:locale\" content=\"fr_FR\" \/>\n<meta property=\"og:type\" content=\"article\" \/>\n<meta property=\"og:title\" content=\"RDC : L\u2019OPPOSITION \u00c0 F\u00c9LIX TSHISEKEDI A D\u00c9SORMAIS UN VISAGE - Actualit\u00e9s congolaises et internationales\" \/>\n<meta property=\"og:description\" content=\"A charge pour la kabilie de se restructurer, en tenant compte de l&rsquo;\u00e9chec de la formule qui consiste \u00e0 miser sur le nombre. Plus de flou quant \u00e0 l&rsquo;opposition en RD Congo. A la suite de la sortie m\u00e9diatique du Front commun pour le Congo (FCC), qui a officiellement formalis\u00e9 sa position depuis l&rsquo;entame de la semaine en cours. L&rsquo;opposition au pouvoir du Pr\u00e9sident F\u00e9lix Tshisekedi s&rsquo;est finalement dessin\u00e9e. Ce dernier devra, d\u00e9sormais, faire face au camp de l&rsquo;ancien Chef de l&rsquo;Etat Joseph Kabila qui a quitt\u00e9 la \u00ab\u00a0r\u00e9sistance\u00a0\u00bb pour&hellip;\" \/>\n<meta property=\"og:url\" content=\"https:\/\/congovirtuel.com\/information\/rdc-lopposition-a-felix-tshisekedi-a-desormais-un-visage\/\" \/>\n<meta property=\"og:site_name\" content=\"Actualit\u00e9s congolaises et internationales\" \/>\n<meta property=\"article:publisher\" content=\"https:\/\/web.facebook.com\/Congovirtuel-763617960319601\/?ref=aymt_homepage_panel&amp;amp%3bamp%3bamp%3bamp%3bamp%3bamp%3bamp%3bamp%3bamp%3bamp%3bamp%3beid=ARCoxULa66767kIgF_KYav6VdjXTI4yk_LW4yoVO9s6NXpysgb7Cb65vpxcxgqzOAKvIbLQxaAETcqHT\" \/>\n<meta property=\"article:published_time\" content=\"2021-04-01T07:43:45+00:00\" \/>\n<meta property=\"article:modified_time\" content=\"2021-04-01T07:43:51+00:00\" \/>\n<meta property=\"og:image\" content=\"https:\/\/congovirtuel.com\/information\/wp-content\/uploads\/2021\/04\/fayulu_kabila-900-x-550.jpg\" \/>\n\t<meta property=\"og:image:width\" content=\"900\" \/>\n\t<meta property=\"og:image:height\" content=\"550\" \/>\n\t<meta property=\"og:image:type\" content=\"image\/jpeg\" \/>\n<meta name=\"author\" content=\"infocongovirtuel\" \/>\n<meta name=\"twitter:card\" content=\"summary_large_image\" \/>\n<meta name=\"twitter:creator\" content=\"@congovirtuel\" \/>\n<meta name=\"twitter:site\" content=\"@congovirtuel\" \/>\n<meta name=\"twitter:label1\" content=\"\u00c9crit par\" \/>\n\t<meta name=\"twitter:data1\" content=\"infocongovirtuel\" \/>\n\t<meta name=\"twitter:label2\" content=\"Dur\u00e9e de lecture estim\u00e9e\" \/>\n\t<meta name=\"twitter:data2\" content=\"4 minutes\" \/>\n<script type=\"application\/ld+json\" class=\"yoast-schema-graph\">{\"@context\":\"https:\\\/\\\/schema.org\",\"@graph\":[{\"@type\":\"Article\",\"@id\":\"https:\\\/\\\/congovirtuel.com\\\/information\\\/rdc-lopposition-a-felix-tshisekedi-a-desormais-un-visage\\\/#article\",\"isPartOf\":{\"@id\":\"https:\\\/\\\/congovirtuel.com\\\/information\\\/rdc-lopposition-a-felix-tshisekedi-a-desormais-un-visage\\\/\"},\"author\":{\"name\":\"infocongovirtuel\",\"@id\":\"https:\\\/\\\/congovirtuel.com\\\/information\\\/#\\\/schema\\\/person\\\/739a44bf7990966cb53d58d2fdeca0b6\"},\"headline\":\"RDC : L\u2019OPPOSITION \u00c0 F\u00c9LIX TSHISEKEDI A D\u00c9SORMAIS UN VISAGE\",\"datePublished\":\"2021-04-01T07:43:45+00:00\",\"dateModified\":\"2021-04-01T07:43:51+00:00\",\"mainEntityOfPage\":{\"@id\":\"https:\\\/\\\/congovirtuel.com\\\/information\\\/rdc-lopposition-a-felix-tshisekedi-a-desormais-un-visage\\\/\"},\"wordCount\":1041,\"commentCount\":0,\"publisher\":{\"@id\":\"https:\\\/\\\/congovirtuel.com\\\/information\\\/#organization\"},\"image\":{\"@id\":\"https:\\\/\\\/congovirtuel.com\\\/information\\\/rdc-lopposition-a-felix-tshisekedi-a-desormais-un-visage\\\/#primaryimage\"},\"thumbnailUrl\":\"https:\\\/\\\/congovirtuel.com\\\/information\\\/wp-content\\\/uploads\\\/2021\\\/04\\\/fayulu_kabila-900-x-550.jpg\",\"keywords\":[\"Kabila PORTE-PAROLE DE L\u2019OPPOSITION\",\"opposition RDC\"],\"articleSection\":[\"Opposition\"],\"inLanguage\":\"fr-FR\",\"potentialAction\":[{\"@type\":\"CommentAction\",\"name\":\"Comment\",\"target\":[\"https:\\\/\\\/congovirtuel.com\\\/information\\\/rdc-lopposition-a-felix-tshisekedi-a-desormais-un-visage\\\/#respond\"]}]},{\"@type\":\"WebPage\",\"@id\":\"https:\\\/\\\/congovirtuel.com\\\/information\\\/rdc-lopposition-a-felix-tshisekedi-a-desormais-un-visage\\\/\",\"url\":\"https:\\\/\\\/congovirtuel.com\\\/information\\\/rdc-lopposition-a-felix-tshisekedi-a-desormais-un-visage\\\/\",\"name\":\"RDC : L\u2019OPPOSITION \u00c0 F\u00c9LIX TSHISEKEDI A D\u00c9SORMAIS UN VISAGE - Actualit\u00e9s congolaises et internationales\",\"isPartOf\":{\"@id\":\"https:\\\/\\\/congovirtuel.com\\\/information\\\/#website\"},\"primaryImageOfPage\":{\"@id\":\"https:\\\/\\\/congovirtuel.com\\\/information\\\/rdc-lopposition-a-felix-tshisekedi-a-desormais-un-visage\\\/#primaryimage\"},\"image\":{\"@id\":\"https:\\\/\\\/congovirtuel.com\\\/information\\\/rdc-lopposition-a-felix-tshisekedi-a-desormais-un-visage\\\/#primaryimage\"},\"thumbnailUrl\":\"https:\\\/\\\/congovirtuel.com\\\/information\\\/wp-content\\\/uploads\\\/2021\\\/04\\\/fayulu_kabila-900-x-550.jpg\",\"datePublished\":\"2021-04-01T07:43:45+00:00\",\"dateModified\":\"2021-04-01T07:43:51+00:00\",\"breadcrumb\":{\"@id\":\"https:\\\/\\\/congovirtuel.com\\\/information\\\/rdc-lopposition-a-felix-tshisekedi-a-desormais-un-visage\\\/#breadcrumb\"},\"inLanguage\":\"fr-FR\",\"potentialAction\":[{\"@type\":\"ReadAction\",\"target\":[\"https:\\\/\\\/congovirtuel.com\\\/information\\\/rdc-lopposition-a-felix-tshisekedi-a-desormais-un-visage\\\/\"]}]},{\"@type\":\"ImageObject\",\"inLanguage\":\"fr-FR\",\"@id\":\"https:\\\/\\\/congovirtuel.com\\\/information\\\/rdc-lopposition-a-felix-tshisekedi-a-desormais-un-visage\\\/#primaryimage\",\"url\":\"https:\\\/\\\/congovirtuel.com\\\/information\\\/wp-content\\\/uploads\\\/2021\\\/04\\\/fayulu_kabila-900-x-550.jpg\",\"contentUrl\":\"https:\\\/\\\/congovirtuel.com\\\/information\\\/wp-content\\\/uploads\\\/2021\\\/04\\\/fayulu_kabila-900-x-550.jpg\",\"width\":900,\"height\":550,\"caption\":\"Kabila et Fayulu\"},{\"@type\":\"BreadcrumbList\",\"@id\":\"https:\\\/\\\/congovirtuel.com\\\/information\\\/rdc-lopposition-a-felix-tshisekedi-a-desormais-un-visage\\\/#breadcrumb\",\"itemListElement\":[{\"@type\":\"ListItem\",\"position\":1,\"name\":\"Accueil\",\"item\":\"https:\\\/\\\/congovirtuel.com\\\/information\\\/\"},{\"@type\":\"ListItem\",\"position\":2,\"name\":\"RDC : L\u2019OPPOSITION \u00c0 F\u00c9LIX TSHISEKEDI A D\u00c9SORMAIS UN VISAGE\"}]},{\"@type\":\"WebSite\",\"@id\":\"https:\\\/\\\/congovirtuel.com\\\/information\\\/#website\",\"url\":\"https:\\\/\\\/congovirtuel.com\\\/information\\\/\",\"name\":\"Actualit\u00e9s congolaises et internationales\",\"description\":\"site d&#039;analyse et de traitement d&#039;information\",\"publisher\":{\"@id\":\"https:\\\/\\\/congovirtuel.com\\\/information\\\/#organization\"},\"potentialAction\":[{\"@type\":\"SearchAction\",\"target\":{\"@type\":\"EntryPoint\",\"urlTemplate\":\"https:\\\/\\\/congovirtuel.com\\\/information\\\/?s={search_term_string}\"},\"query-input\":{\"@type\":\"PropertyValueSpecification\",\"valueRequired\":true,\"valueName\":\"search_term_string\"}}],\"inLanguage\":\"fr-FR\"},{\"@type\":\"Organization\",\"@id\":\"https:\\\/\\\/congovirtuel.com\\\/information\\\/#organization\",\"name\":\"Biblioth\u00e8que Virtuelle de la RDC\",\"url\":\"https:\\\/\\\/congovirtuel.com\\\/information\\\/\",\"logo\":{\"@type\":\"ImageObject\",\"inLanguage\":\"fr-FR\",\"@id\":\"https:\\\/\\\/congovirtuel.com\\\/information\\\/#\\\/schema\\\/logo\\\/image\\\/\",\"url\":\"https:\\\/\\\/congovirtuel.com\\\/information\\\/wp-content\\\/uploads\\\/2018\\\/10\\\/header-info-congovirtuel-vraie.jpg\",\"contentUrl\":\"https:\\\/\\\/congovirtuel.com\\\/information\\\/wp-content\\\/uploads\\\/2018\\\/10\\\/header-info-congovirtuel-vraie.jpg\",\"width\":728,\"height\":90,\"caption\":\"Biblioth\u00e8que Virtuelle de la RDC\"},\"image\":{\"@id\":\"https:\\\/\\\/congovirtuel.com\\\/information\\\/#\\\/schema\\\/logo\\\/image\\\/\"},\"sameAs\":[\"https:\\\/\\\/web.facebook.com\\\/Congovirtuel-763617960319601\\\/?ref=aymt_homepage_panel&amp;amp;amp;amp;amp;amp;amp;amp;amp;amp;amp;eid=ARCoxULa66767kIgF_KYav6VdjXTI4yk_LW4yoVO9s6NXpysgb7Cb65vpxcxgqzOAKvIbLQxaAETcqHT\",\"https:\\\/\\\/x.com\\\/congovirtuel\",\"https:\\\/\\\/www.youtube.com\\\/channel\\\/UCkFfprYzGgS3EWNpeMXpToQ?view_as=subscriber\"]},{\"@type\":\"Person\",\"@id\":\"https:\\\/\\\/congovirtuel.com\\\/information\\\/#\\\/schema\\\/person\\\/739a44bf7990966cb53d58d2fdeca0b6\",\"name\":\"infocongovirtuel\",\"image\":{\"@type\":\"ImageObject\",\"inLanguage\":\"fr-FR\",\"@id\":\"https:\\\/\\\/secure.gravatar.com\\\/avatar\\\/4d76991aa72469f0eb22e772586c99113c6997f88da636a9db8f2ce3a2c05e69?s=96&d=mm&r=g\",\"url\":\"https:\\\/\\\/secure.gravatar.com\\\/avatar\\\/4d76991aa72469f0eb22e772586c99113c6997f88da636a9db8f2ce3a2c05e69?s=96&d=mm&r=g\",\"contentUrl\":\"https:\\\/\\\/secure.gravatar.com\\\/avatar\\\/4d76991aa72469f0eb22e772586c99113c6997f88da636a9db8f2ce3a2c05e69?s=96&d=mm&r=g\",\"caption\":\"infocongovirtuel\"},\"url\":\"https:\\\/\\\/congovirtuel.com\\\/information\\\/author\\\/infocongovirtuel\\\/\"}]}<\/script>\n<!-- \/ Yoast SEO plugin. -->","yoast_head_json":{"title":"RDC : L\u2019OPPOSITION \u00c0 F\u00c9LIX TSHISEKEDI A D\u00c9SORMAIS UN VISAGE - Actualit\u00e9s congolaises et internationales","robots":{"index":"index","follow":"follow","max-snippet":"max-snippet:-1","max-image-preview":"max-image-preview:large","max-video-preview":"max-video-preview:-1"},"canonical":"https:\/\/congovirtuel.com\/information\/rdc-lopposition-a-felix-tshisekedi-a-desormais-un-visage\/","og_locale":"fr_FR","og_type":"article","og_title":"RDC : L\u2019OPPOSITION \u00c0 F\u00c9LIX TSHISEKEDI A D\u00c9SORMAIS UN VISAGE - Actualit\u00e9s congolaises et internationales","og_description":"A charge pour la kabilie de se restructurer, en tenant compte de l&rsquo;\u00e9chec de la formule qui consiste \u00e0 miser sur le nombre. Plus de flou quant \u00e0 l&rsquo;opposition en RD Congo. A la suite de la sortie m\u00e9diatique du Front commun pour le Congo (FCC), qui a officiellement formalis\u00e9 sa position depuis l&rsquo;entame de la semaine en cours. L&rsquo;opposition au pouvoir du Pr\u00e9sident F\u00e9lix Tshisekedi s&rsquo;est finalement dessin\u00e9e. Ce dernier devra, d\u00e9sormais, faire face au camp de l&rsquo;ancien Chef de l&rsquo;Etat Joseph Kabila qui a quitt\u00e9 la \u00ab\u00a0r\u00e9sistance\u00a0\u00bb pour&hellip;","og_url":"https:\/\/congovirtuel.com\/information\/rdc-lopposition-a-felix-tshisekedi-a-desormais-un-visage\/","og_site_name":"Actualit\u00e9s congolaises et internationales","article_publisher":"https:\/\/web.facebook.com\/Congovirtuel-763617960319601\/?ref=aymt_homepage_panel&amp%3bamp%3bamp%3bamp%3bamp%3bamp%3bamp%3bamp%3bamp%3bamp%3bamp%3beid=ARCoxULa66767kIgF_KYav6VdjXTI4yk_LW4yoVO9s6NXpysgb7Cb65vpxcxgqzOAKvIbLQxaAETcqHT","article_published_time":"2021-04-01T07:43:45+00:00","article_modified_time":"2021-04-01T07:43:51+00:00","og_image":[{"width":900,"height":550,"url":"https:\/\/congovirtuel.com\/information\/wp-content\/uploads\/2021\/04\/fayulu_kabila-900-x-550.jpg","type":"image\/jpeg"}],"author":"infocongovirtuel","twitter_card":"summary_large_image","twitter_creator":"@congovirtuel","twitter_site":"@congovirtuel","twitter_misc":{"\u00c9crit par":"infocongovirtuel","Dur\u00e9e de lecture estim\u00e9e":"4 minutes"},"schema":{"@context":"https:\/\/schema.org","@graph":[{"@type":"Article","@id":"https:\/\/congovirtuel.com\/information\/rdc-lopposition-a-felix-tshisekedi-a-desormais-un-visage\/#article","isPartOf":{"@id":"https:\/\/congovirtuel.com\/information\/rdc-lopposition-a-felix-tshisekedi-a-desormais-un-visage\/"},"author":{"name":"infocongovirtuel","@id":"https:\/\/congovirtuel.com\/information\/#\/schema\/person\/739a44bf7990966cb53d58d2fdeca0b6"},"headline":"RDC : L\u2019OPPOSITION \u00c0 F\u00c9LIX TSHISEKEDI A D\u00c9SORMAIS UN VISAGE","datePublished":"2021-04-01T07:43:45+00:00","dateModified":"2021-04-01T07:43:51+00:00","mainEntityOfPage":{"@id":"https:\/\/congovirtuel.com\/information\/rdc-lopposition-a-felix-tshisekedi-a-desormais-un-visage\/"},"wordCount":1041,"commentCount":0,"publisher":{"@id":"https:\/\/congovirtuel.com\/information\/#organization"},"image":{"@id":"https:\/\/congovirtuel.com\/information\/rdc-lopposition-a-felix-tshisekedi-a-desormais-un-visage\/#primaryimage"},"thumbnailUrl":"https:\/\/congovirtuel.com\/information\/wp-content\/uploads\/2021\/04\/fayulu_kabila-900-x-550.jpg","keywords":["Kabila PORTE-PAROLE DE L\u2019OPPOSITION","opposition RDC"],"articleSection":["Opposition"],"inLanguage":"fr-FR","potentialAction":[{"@type":"CommentAction","name":"Comment","target":["https:\/\/congovirtuel.com\/information\/rdc-lopposition-a-felix-tshisekedi-a-desormais-un-visage\/#respond"]}]},{"@type":"WebPage","@id":"https:\/\/congovirtuel.com\/information\/rdc-lopposition-a-felix-tshisekedi-a-desormais-un-visage\/","url":"https:\/\/congovirtuel.com\/information\/rdc-lopposition-a-felix-tshisekedi-a-desormais-un-visage\/","name":"RDC : L\u2019OPPOSITION \u00c0 F\u00c9LIX TSHISEKEDI A D\u00c9SORMAIS UN VISAGE - Actualit\u00e9s congolaises et internationales","isPartOf":{"@id":"https:\/\/congovirtuel.com\/information\/#website"},"primaryImageOfPage":{"@id":"https:\/\/congovirtuel.com\/information\/rdc-lopposition-a-felix-tshisekedi-a-desormais-un-visage\/#primaryimage"},"image":{"@id":"https:\/\/congovirtuel.com\/information\/rdc-lopposition-a-felix-tshisekedi-a-desormais-un-visage\/#primaryimage"},"thumbnailUrl":"https:\/\/congovirtuel.com\/information\/wp-content\/uploads\/2021\/04\/fayulu_kabila-900-x-550.jpg","datePublished":"2021-04-01T07:43:45+00:00","dateModified":"2021-04-01T07:43:51+00:00","breadcrumb":{"@id":"https:\/\/congovirtuel.com\/information\/rdc-lopposition-a-felix-tshisekedi-a-desormais-un-visage\/#breadcrumb"},"inLanguage":"fr-FR","potentialAction":[{"@type":"ReadAction","target":["https:\/\/congovirtuel.com\/information\/rdc-lopposition-a-felix-tshisekedi-a-desormais-un-visage\/"]}]},{"@type":"ImageObject","inLanguage":"fr-FR","@id":"https:\/\/congovirtuel.com\/information\/rdc-lopposition-a-felix-tshisekedi-a-desormais-un-visage\/#primaryimage","url":"https:\/\/congovirtuel.com\/information\/wp-content\/uploads\/2021\/04\/fayulu_kabila-900-x-550.jpg","contentUrl":"https:\/\/congovirtuel.com\/information\/wp-content\/uploads\/2021\/04\/fayulu_kabila-900-x-550.jpg","width":900,"height":550,"caption":"Kabila et Fayulu"},{"@type":"BreadcrumbList","@id":"https:\/\/congovirtuel.com\/information\/rdc-lopposition-a-felix-tshisekedi-a-desormais-un-visage\/#breadcrumb","itemListElement":[{"@type":"ListItem","position":1,"name":"Accueil","item":"https:\/\/congovirtuel.com\/information\/"},{"@type":"ListItem","position":2,"name":"RDC : L\u2019OPPOSITION \u00c0 F\u00c9LIX TSHISEKEDI A D\u00c9SORMAIS UN VISAGE"}]},{"@type":"WebSite","@id":"https:\/\/congovirtuel.com\/information\/#website","url":"https:\/\/congovirtuel.com\/information\/","name":"Actualit\u00e9s congolaises et internationales","description":"site d&#039;analyse et de traitement d&#039;information","publisher":{"@id":"https:\/\/congovirtuel.com\/information\/#organization"},"potentialAction":[{"@type":"SearchAction","target":{"@type":"EntryPoint","urlTemplate":"https:\/\/congovirtuel.com\/information\/?s={search_term_string}"},"query-input":{"@type":"PropertyValueSpecification","valueRequired":true,"valueName":"search_term_string"}}],"inLanguage":"fr-FR"},{"@type":"Organization","@id":"https:\/\/congovirtuel.com\/information\/#organization","name":"Biblioth\u00e8que Virtuelle de la RDC","url":"https:\/\/congovirtuel.com\/information\/","logo":{"@type":"ImageObject","inLanguage":"fr-FR","@id":"https:\/\/congovirtuel.com\/information\/#\/schema\/logo\/image\/","url":"https:\/\/congovirtuel.com\/information\/wp-content\/uploads\/2018\/10\/header-info-congovirtuel-vraie.jpg","contentUrl":"https:\/\/congovirtuel.com\/information\/wp-content\/uploads\/2018\/10\/header-info-congovirtuel-vraie.jpg","width":728,"height":90,"caption":"Biblioth\u00e8que Virtuelle de la RDC"},"image":{"@id":"https:\/\/congovirtuel.com\/information\/#\/schema\/logo\/image\/"},"sameAs":["https:\/\/web.facebook.com\/Congovirtuel-763617960319601\/?ref=aymt_homepage_panel&amp;amp;amp;amp;amp;amp;amp;amp;amp;amp;amp;eid=ARCoxULa66767kIgF_KYav6VdjXTI4yk_LW4yoVO9s6NXpysgb7Cb65vpxcxgqzOAKvIbLQxaAETcqHT","https:\/\/x.com\/congovirtuel","https:\/\/www.youtube.com\/channel\/UCkFfprYzGgS3EWNpeMXpToQ?view_as=subscriber"]},{"@type":"Person","@id":"https:\/\/congovirtuel.com\/information\/#\/schema\/person\/739a44bf7990966cb53d58d2fdeca0b6","name":"infocongovirtuel","image":{"@type":"ImageObject","inLanguage":"fr-FR","@id":"https:\/\/secure.gravatar.com\/avatar\/4d76991aa72469f0eb22e772586c99113c6997f88da636a9db8f2ce3a2c05e69?s=96&d=mm&r=g","url":"https:\/\/secure.gravatar.com\/avatar\/4d76991aa72469f0eb22e772586c99113c6997f88da636a9db8f2ce3a2c05e69?s=96&d=mm&r=g","contentUrl":"https:\/\/secure.gravatar.com\/avatar\/4d76991aa72469f0eb22e772586c99113c6997f88da636a9db8f2ce3a2c05e69?s=96&d=mm&r=g","caption":"infocongovirtuel"},"url":"https:\/\/congovirtuel.com\/information\/author\/infocongovirtuel\/"}]}},"gt_translate_keys":[{"key":"link","format":"url"}],"_links":{"self":[{"href":"https:\/\/congovirtuel.com\/information\/wp-json\/wp\/v2\/posts\/7388","targetHints":{"allow":["GET"]}}],"collection":[{"href":"https:\/\/congovirtuel.com\/information\/wp-json\/wp\/v2\/posts"}],"about":[{"href":"https:\/\/congovirtuel.com\/information\/wp-json\/wp\/v2\/types\/post"}],"author":[{"embeddable":true,"href":"https:\/\/congovirtuel.com\/information\/wp-json\/wp\/v2\/users\/1"}],"replies":[{"embeddable":true,"href":"https:\/\/congovirtuel.com\/information\/wp-json\/wp\/v2\/comments?post=7388"}],"version-history":[{"count":1,"href":"https:\/\/congovirtuel.com\/information\/wp-json\/wp\/v2\/posts\/7388\/revisions"}],"predecessor-version":[{"id":7390,"href":"https:\/\/congovirtuel.com\/information\/wp-json\/wp\/v2\/posts\/7388\/revisions\/7390"}],"wp:featuredmedia":[{"embeddable":true,"href":"https:\/\/congovirtuel.com\/information\/wp-json\/wp\/v2\/media\/7389"}],"wp:attachment":[{"href":"https:\/\/congovirtuel.com\/information\/wp-json\/wp\/v2\/media?parent=7388"}],"wp:term":[{"taxonomy":"category","embeddable":true,"href":"https:\/\/congovirtuel.com\/information\/wp-json\/wp\/v2\/categories?post=7388"},{"taxonomy":"post_tag","embeddable":true,"href":"https:\/\/congovirtuel.com\/information\/wp-json\/wp\/v2\/tags?post=7388"}],"curies":[{"name":"wp","href":"https:\/\/api.w.org\/{rel}","templated":true}]}}