{"id":7392,"date":"2021-04-01T12:38:13","date_gmt":"2021-04-01T11:38:13","guid":{"rendered":"https:\/\/congovirtuel.com\/information\/?p=7392"},"modified":"2021-04-01T12:45:02","modified_gmt":"2021-04-01T11:45:02","slug":"rdc-le-collectif-davocats-francais-inquiet-des-problemes-respiratoires-lies-au-covid-19-de-v-kamerhe","status":"publish","type":"post","link":"https:\/\/congovirtuel.com\/information\/rdc-le-collectif-davocats-francais-inquiet-des-problemes-respiratoires-lies-au-covid-19-de-v-kamerhe\/","title":{"rendered":"RDC: Le collectif d&rsquo;avocats fran\u00e7ais inquiet des probl\u00e8mes respiratoires li\u00e9s au covid-19 de V. Kamerhe","gt_translate_keys":[{"key":"rendered","format":"text"}]},"content":{"rendered":"\n<p class=\"wp-block-paragraph\">Les avocats fran\u00e7ais de Vital Kamerhe, l\u2019ancien directeur de cabinet du pr\u00e9sident de la R\u00e9publique d\u00e9mocratique du\u00a0Congo, emprisonn\u00e9 pour d\u00e9tournement de fonds publics, se sont dit mercredi \u00ab\u00a0inquiets pour sa vie\u00a0\u00bb. M. Kamerhe, 62 ans, a \u00e9t\u00e9 arr\u00eat\u00e9 en avril 2020, soup\u00e7onn\u00e9 d\u2019avoir d\u00e9tourn\u00e9 50 millions de dollars, ce qu\u2019il conteste, dans le cadre du programme dit des \u00ab\u00a0100 jours\u00a0\u00bb du nouveau chef de l\u2019Etat congolais F\u00e9lix Tshisekedi. Il a \u00e9t\u00e9 condamn\u00e9 deux mois plus tard \u00e0 vingt ans de prison et dix ans d\u2019in\u00e9ligibilit\u00e9.<\/p>\n\n\n\n<p class=\"wp-block-paragraph\">Kamerhe \u00ab&nbsp;me t\u00e9l\u00e9phonait \u00e0 peu pr\u00e8s tous les jours depuis sa prison, nous avions des discussions sans difficult\u00e9&nbsp;\u00bb, relate l\u2019un de ses avocats fran\u00e7ais, Me Pierre-Olivier Sur.<\/p>\n\n\n\n<p class=\"wp-block-paragraph\">\u00ab&nbsp;A partir du moment o\u00f9 il a \u00e9t\u00e9 hospitalis\u00e9&nbsp;\u00bb l\u2019\u00e9t\u00e9 dernier pour des probl\u00e8mes respiratoires li\u00e9s au coronavirus, \u00ab&nbsp;nous n\u2019avons plus du tout eu de contacts avec lui et les informations qui nous parvenaient sur sa situation \u00e9taient contradictoires&nbsp;\u00bb, pr\u00e9cise Me Clara G\u00e9rard-Rodriguez, son autre avocate fran\u00e7aise.<\/p>\n\n\n\n<p class=\"wp-block-paragraph\">\u00ab&nbsp;Nous sommes extr\u00eamement inquiets pour sa vie&nbsp;\u00bb, ont-ils affirm\u00e9 en redoutant que M. Kamerhe ait interdiction de les contacter.<\/p>\n\n\n\n<p class=\"wp-block-paragraph\">Lors de son proc\u00e8s, ses avocats avaient d\u00e9nonc\u00e9 \u00ab&nbsp;un proc\u00e8s politique pour l\u2019emp\u00eacher de se pr\u00e9senter en 2023&nbsp;\u00bb.<\/p>\n\n\n\n<p class=\"wp-block-paragraph\">Kamerhe s\u2019\u00e9tait d\u00e9sist\u00e9 en faveur de M. Tshisekedi \u00e0 la fin de la campagne pr\u00e9sidentielle en 2018 et, selon un accord entre les deux hommes, devait \u00eatre candidat pour la prochaine \u00e9lection en 2023.<\/p>\n\n\n\n<p class=\"wp-block-paragraph\">Son proc\u00e8s en appel a \u00e9t\u00e9 report\u00e9 \u00e0 plusieurs reprises depuis l\u2019\u00e9t\u00e9.<\/p>\n\n\n\n<p class=\"wp-block-paragraph\">\u00ab&nbsp;La date de la nouvelle audience n\u2019est pas connue parce qu\u2019elle est suspendue aux al\u00e9as de la proc\u00e9dure&nbsp;\u00bb, a d\u00e9clar\u00e9 \u00e0 l\u2019AFP son avocat congolais, Jean-Marie Kabengela.<\/p>\n\n\n\n<p class=\"wp-block-paragraph\">\u00ab&nbsp;Nous n\u2019avons jamais eu acc\u00e8s \u00e0 l\u2019int\u00e9gralit\u00e9 du dossier, nous avons seulement eu quelques pi\u00e8ces au compte-goutte&nbsp;\u00bb, a pr\u00e9cis\u00e9 Me Clara G\u00e9rard-Rodriguez.<\/p>\n\n\n\n<p class=\"wp-block-paragraph\">\u00ab&nbsp;Personne n\u2019a \u00e9t\u00e9 capable de nous apporter des \u00e9l\u00e9ments qui auraient constitu\u00e9 des faisceaux d\u2019indices contre lui. On n\u2019a jamais rien vu de cet argent&nbsp;\u00bb qu\u2019il est accus\u00e9 d\u2019avoir d\u00e9tourn\u00e9, a rappel\u00e9 Me Sur, dont le visa pour aller en RDC a \u00e9t\u00e9 refus\u00e9 \u00e0 deux reprises au cours de l\u2019\u00e9t\u00e9.<\/p>\n\n\n\n<p class=\"wp-block-paragraph\">Son patrimoine immobilier en France \u2013 trois maisons \u2013 a \u00e9t\u00e9 constitu\u00e9 bien avant les faits qui lui sont reproch\u00e9s, ont soulign\u00e9 les deux avocats.<\/p>\n\n\n\n<p class=\"wp-block-paragraph\"><strong>Afrique.lalibre.be<\/strong>\/Titrage congovirtuel<\/p>\n","protected":false,"gt_translate_keys":[{"key":"rendered","format":"html"}]},"excerpt":{"rendered":"<p>Les avocats fran\u00e7ais de Vital Kamerhe, l\u2019ancien directeur de cabinet du pr\u00e9sident de la R\u00e9publique d\u00e9mocratique du\u00a0Congo, emprisonn\u00e9 pour d\u00e9tournement de fonds publics, se sont dit mercredi \u00ab\u00a0inquiets pour sa vie\u00a0\u00bb. M. Kamerhe, 62 ans, a \u00e9t\u00e9 arr\u00eat\u00e9 en avril 2020, soup\u00e7onn\u00e9 d\u2019avoir d\u00e9tourn\u00e9 50 millions de dollars, ce qu\u2019il conteste, dans le cadre du programme dit des \u00ab\u00a0100 jours\u00a0\u00bb du nouveau chef de l\u2019Etat congolais F\u00e9lix Tshisekedi. Il a \u00e9t\u00e9 condamn\u00e9 deux mois plus tard \u00e0 vingt ans de prison et dix ans d\u2019in\u00e9ligibilit\u00e9. Kamerhe \u00ab&nbsp;me t\u00e9l\u00e9phonait \u00e0 peu&hellip;<\/p>\n","protected":false,"gt_translate_keys":[{"key":"rendered","format":"html"}]},"author":1,"featured_media":869,"comment_status":"open","ping_status":"open","sticky":false,"template":"","format":"standard","meta":{"_crdt_document":"","footnotes":""},"categories":[239],"tags":[],"class_list":["post-7392","post","type-post","status-publish","format-standard","has-post-thumbnail","hentry","category-programme-100-jours"],"gutentor_comment":0,"yoast_head":"<!-- This site is optimized with the Yoast SEO plugin v27.5 - https:\/\/yoast.com\/product\/yoast-seo-wordpress\/ -->\n<title>RDC: Le collectif d&#039;avocats fran\u00e7ais inquiet des probl\u00e8mes respiratoires li\u00e9s au covid-19 de V. Kamerhe - Actualit\u00e9s congolaises et internationales<\/title>\n<meta name=\"robots\" content=\"index, follow, max-snippet:-1, max-image-preview:large, max-video-preview:-1\" \/>\n<link rel=\"canonical\" href=\"https:\/\/congovirtuel.com\/information\/rdc-le-collectif-davocats-francais-inquiet-des-problemes-respiratoires-lies-au-covid-19-de-v-kamerhe\/\" \/>\n<meta property=\"og:locale\" content=\"fr_FR\" \/>\n<meta property=\"og:type\" content=\"article\" \/>\n<meta property=\"og:title\" content=\"RDC: Le collectif d&#039;avocats fran\u00e7ais inquiet des probl\u00e8mes respiratoires li\u00e9s au covid-19 de V. Kamerhe - Actualit\u00e9s congolaises et internationales\" \/>\n<meta property=\"og:description\" content=\"Les avocats fran\u00e7ais de Vital Kamerhe, l\u2019ancien directeur de cabinet du pr\u00e9sident de la R\u00e9publique d\u00e9mocratique du\u00a0Congo, emprisonn\u00e9 pour d\u00e9tournement de fonds publics, se sont dit mercredi \u00ab\u00a0inquiets pour sa vie\u00a0\u00bb. M. Kamerhe, 62 ans, a \u00e9t\u00e9 arr\u00eat\u00e9 en avril 2020, soup\u00e7onn\u00e9 d\u2019avoir d\u00e9tourn\u00e9 50 millions de dollars, ce qu\u2019il conteste, dans le cadre du programme dit des \u00ab\u00a0100 jours\u00a0\u00bb du nouveau chef de l\u2019Etat congolais F\u00e9lix Tshisekedi. Il a \u00e9t\u00e9 condamn\u00e9 deux mois plus tard \u00e0 vingt ans de prison et dix ans d\u2019in\u00e9ligibilit\u00e9. Kamerhe \u00ab&nbsp;me t\u00e9l\u00e9phonait \u00e0 peu&hellip;\" \/>\n<meta property=\"og:url\" content=\"https:\/\/congovirtuel.com\/information\/rdc-le-collectif-davocats-francais-inquiet-des-problemes-respiratoires-lies-au-covid-19-de-v-kamerhe\/\" \/>\n<meta property=\"og:site_name\" content=\"Actualit\u00e9s congolaises et internationales\" \/>\n<meta property=\"article:publisher\" content=\"https:\/\/web.facebook.com\/Congovirtuel-763617960319601\/?ref=aymt_homepage_panel&amp;amp%3bamp%3bamp%3bamp%3bamp%3bamp%3bamp%3bamp%3bamp%3bamp%3bamp%3beid=ARCoxULa66767kIgF_KYav6VdjXTI4yk_LW4yoVO9s6NXpysgb7Cb65vpxcxgqzOAKvIbLQxaAETcqHT\" \/>\n<meta property=\"article:published_time\" content=\"2021-04-01T11:38:13+00:00\" \/>\n<meta property=\"article:modified_time\" content=\"2021-04-01T11:45:02+00:00\" \/>\n<meta property=\"og:image\" content=\"https:\/\/congovirtuel.com\/information\/wp-content\/uploads\/2020\/04\/vital_kamhere.jpg\" \/>\n\t<meta property=\"og:image:width\" content=\"800\" \/>\n\t<meta property=\"og:image:height\" content=\"405\" \/>\n\t<meta property=\"og:image:type\" content=\"image\/jpeg\" \/>\n<meta name=\"author\" content=\"infocongovirtuel\" \/>\n<meta name=\"twitter:card\" content=\"summary_large_image\" \/>\n<meta name=\"twitter:creator\" content=\"@congovirtuel\" \/>\n<meta name=\"twitter:site\" content=\"@congovirtuel\" \/>\n<meta name=\"twitter:label1\" content=\"\u00c9crit par\" \/>\n\t<meta name=\"twitter:data1\" content=\"infocongovirtuel\" \/>\n\t<meta name=\"twitter:label2\" content=\"Dur\u00e9e de lecture estim\u00e9e\" \/>\n\t<meta name=\"twitter:data2\" content=\"2 minutes\" \/>\n<script type=\"application\/ld+json\" class=\"yoast-schema-graph\">{\"@context\":\"https:\\\/\\\/schema.org\",\"@graph\":[{\"@type\":\"Article\",\"@id\":\"https:\\\/\\\/congovirtuel.com\\\/information\\\/rdc-le-collectif-davocats-francais-inquiet-des-problemes-respiratoires-lies-au-covid-19-de-v-kamerhe\\\/#article\",\"isPartOf\":{\"@id\":\"https:\\\/\\\/congovirtuel.com\\\/information\\\/rdc-le-collectif-davocats-francais-inquiet-des-problemes-respiratoires-lies-au-covid-19-de-v-kamerhe\\\/\"},\"author\":{\"name\":\"infocongovirtuel\",\"@id\":\"https:\\\/\\\/congovirtuel.com\\\/information\\\/#\\\/schema\\\/person\\\/739a44bf7990966cb53d58d2fdeca0b6\"},\"headline\":\"RDC: Le collectif d&rsquo;avocats fran\u00e7ais inquiet des probl\u00e8mes respiratoires li\u00e9s au covid-19 de V. Kamerhe\",\"datePublished\":\"2021-04-01T11:38:13+00:00\",\"dateModified\":\"2021-04-01T11:45:02+00:00\",\"mainEntityOfPage\":{\"@id\":\"https:\\\/\\\/congovirtuel.com\\\/information\\\/rdc-le-collectif-davocats-francais-inquiet-des-problemes-respiratoires-lies-au-covid-19-de-v-kamerhe\\\/\"},\"wordCount\":453,\"commentCount\":0,\"publisher\":{\"@id\":\"https:\\\/\\\/congovirtuel.com\\\/information\\\/#organization\"},\"image\":{\"@id\":\"https:\\\/\\\/congovirtuel.com\\\/information\\\/rdc-le-collectif-davocats-francais-inquiet-des-problemes-respiratoires-lies-au-covid-19-de-v-kamerhe\\\/#primaryimage\"},\"thumbnailUrl\":\"https:\\\/\\\/congovirtuel.com\\\/information\\\/wp-content\\\/uploads\\\/2020\\\/04\\\/vital_kamhere.jpg\",\"articleSection\":[\"Programme 100 jours\"],\"inLanguage\":\"fr-FR\",\"potentialAction\":[{\"@type\":\"CommentAction\",\"name\":\"Comment\",\"target\":[\"https:\\\/\\\/congovirtuel.com\\\/information\\\/rdc-le-collectif-davocats-francais-inquiet-des-problemes-respiratoires-lies-au-covid-19-de-v-kamerhe\\\/#respond\"]}]},{\"@type\":\"WebPage\",\"@id\":\"https:\\\/\\\/congovirtuel.com\\\/information\\\/rdc-le-collectif-davocats-francais-inquiet-des-problemes-respiratoires-lies-au-covid-19-de-v-kamerhe\\\/\",\"url\":\"https:\\\/\\\/congovirtuel.com\\\/information\\\/rdc-le-collectif-davocats-francais-inquiet-des-problemes-respiratoires-lies-au-covid-19-de-v-kamerhe\\\/\",\"name\":\"RDC: Le collectif d'avocats fran\u00e7ais inquiet des probl\u00e8mes respiratoires li\u00e9s au covid-19 de V. Kamerhe - Actualit\u00e9s congolaises et internationales\",\"isPartOf\":{\"@id\":\"https:\\\/\\\/congovirtuel.com\\\/information\\\/#website\"},\"primaryImageOfPage\":{\"@id\":\"https:\\\/\\\/congovirtuel.com\\\/information\\\/rdc-le-collectif-davocats-francais-inquiet-des-problemes-respiratoires-lies-au-covid-19-de-v-kamerhe\\\/#primaryimage\"},\"image\":{\"@id\":\"https:\\\/\\\/congovirtuel.com\\\/information\\\/rdc-le-collectif-davocats-francais-inquiet-des-problemes-respiratoires-lies-au-covid-19-de-v-kamerhe\\\/#primaryimage\"},\"thumbnailUrl\":\"https:\\\/\\\/congovirtuel.com\\\/information\\\/wp-content\\\/uploads\\\/2020\\\/04\\\/vital_kamhere.jpg\",\"datePublished\":\"2021-04-01T11:38:13+00:00\",\"dateModified\":\"2021-04-01T11:45:02+00:00\",\"breadcrumb\":{\"@id\":\"https:\\\/\\\/congovirtuel.com\\\/information\\\/rdc-le-collectif-davocats-francais-inquiet-des-problemes-respiratoires-lies-au-covid-19-de-v-kamerhe\\\/#breadcrumb\"},\"inLanguage\":\"fr-FR\",\"potentialAction\":[{\"@type\":\"ReadAction\",\"target\":[\"https:\\\/\\\/congovirtuel.com\\\/information\\\/rdc-le-collectif-davocats-francais-inquiet-des-problemes-respiratoires-lies-au-covid-19-de-v-kamerhe\\\/\"]}]},{\"@type\":\"ImageObject\",\"inLanguage\":\"fr-FR\",\"@id\":\"https:\\\/\\\/congovirtuel.com\\\/information\\\/rdc-le-collectif-davocats-francais-inquiet-des-problemes-respiratoires-lies-au-covid-19-de-v-kamerhe\\\/#primaryimage\",\"url\":\"https:\\\/\\\/congovirtuel.com\\\/information\\\/wp-content\\\/uploads\\\/2020\\\/04\\\/vital_kamhere.jpg\",\"contentUrl\":\"https:\\\/\\\/congovirtuel.com\\\/information\\\/wp-content\\\/uploads\\\/2020\\\/04\\\/vital_kamhere.jpg\",\"width\":800,\"height\":405,\"caption\":\"Vital_kamhere\"},{\"@type\":\"BreadcrumbList\",\"@id\":\"https:\\\/\\\/congovirtuel.com\\\/information\\\/rdc-le-collectif-davocats-francais-inquiet-des-problemes-respiratoires-lies-au-covid-19-de-v-kamerhe\\\/#breadcrumb\",\"itemListElement\":[{\"@type\":\"ListItem\",\"position\":1,\"name\":\"Accueil\",\"item\":\"https:\\\/\\\/congovirtuel.com\\\/information\\\/\"},{\"@type\":\"ListItem\",\"position\":2,\"name\":\"RDC: Le collectif d&rsquo;avocats fran\u00e7ais inquiet des probl\u00e8mes respiratoires li\u00e9s au covid-19 de V. Kamerhe\"}]},{\"@type\":\"WebSite\",\"@id\":\"https:\\\/\\\/congovirtuel.com\\\/information\\\/#website\",\"url\":\"https:\\\/\\\/congovirtuel.com\\\/information\\\/\",\"name\":\"Actualit\u00e9s congolaises et internationales\",\"description\":\"site d&#039;analyse et de traitement d&#039;information\",\"publisher\":{\"@id\":\"https:\\\/\\\/congovirtuel.com\\\/information\\\/#organization\"},\"potentialAction\":[{\"@type\":\"SearchAction\",\"target\":{\"@type\":\"EntryPoint\",\"urlTemplate\":\"https:\\\/\\\/congovirtuel.com\\\/information\\\/?s={search_term_string}\"},\"query-input\":{\"@type\":\"PropertyValueSpecification\",\"valueRequired\":true,\"valueName\":\"search_term_string\"}}],\"inLanguage\":\"fr-FR\"},{\"@type\":\"Organization\",\"@id\":\"https:\\\/\\\/congovirtuel.com\\\/information\\\/#organization\",\"name\":\"Biblioth\u00e8que Virtuelle de la RDC\",\"url\":\"https:\\\/\\\/congovirtuel.com\\\/information\\\/\",\"logo\":{\"@type\":\"ImageObject\",\"inLanguage\":\"fr-FR\",\"@id\":\"https:\\\/\\\/congovirtuel.com\\\/information\\\/#\\\/schema\\\/logo\\\/image\\\/\",\"url\":\"https:\\\/\\\/congovirtuel.com\\\/information\\\/wp-content\\\/uploads\\\/2018\\\/10\\\/header-info-congovirtuel-vraie.jpg\",\"contentUrl\":\"https:\\\/\\\/congovirtuel.com\\\/information\\\/wp-content\\\/uploads\\\/2018\\\/10\\\/header-info-congovirtuel-vraie.jpg\",\"width\":728,\"height\":90,\"caption\":\"Biblioth\u00e8que Virtuelle de la RDC\"},\"image\":{\"@id\":\"https:\\\/\\\/congovirtuel.com\\\/information\\\/#\\\/schema\\\/logo\\\/image\\\/\"},\"sameAs\":[\"https:\\\/\\\/web.facebook.com\\\/Congovirtuel-763617960319601\\\/?ref=aymt_homepage_panel&amp;amp;amp;amp;amp;amp;amp;amp;amp;amp;amp;eid=ARCoxULa66767kIgF_KYav6VdjXTI4yk_LW4yoVO9s6NXpysgb7Cb65vpxcxgqzOAKvIbLQxaAETcqHT\",\"https:\\\/\\\/x.com\\\/congovirtuel\",\"https:\\\/\\\/www.youtube.com\\\/channel\\\/UCkFfprYzGgS3EWNpeMXpToQ?view_as=subscriber\"]},{\"@type\":\"Person\",\"@id\":\"https:\\\/\\\/congovirtuel.com\\\/information\\\/#\\\/schema\\\/person\\\/739a44bf7990966cb53d58d2fdeca0b6\",\"name\":\"infocongovirtuel\",\"image\":{\"@type\":\"ImageObject\",\"inLanguage\":\"fr-FR\",\"@id\":\"https:\\\/\\\/secure.gravatar.com\\\/avatar\\\/4d76991aa72469f0eb22e772586c99113c6997f88da636a9db8f2ce3a2c05e69?s=96&d=mm&r=g\",\"url\":\"https:\\\/\\\/secure.gravatar.com\\\/avatar\\\/4d76991aa72469f0eb22e772586c99113c6997f88da636a9db8f2ce3a2c05e69?s=96&d=mm&r=g\",\"contentUrl\":\"https:\\\/\\\/secure.gravatar.com\\\/avatar\\\/4d76991aa72469f0eb22e772586c99113c6997f88da636a9db8f2ce3a2c05e69?s=96&d=mm&r=g\",\"caption\":\"infocongovirtuel\"},\"url\":\"https:\\\/\\\/congovirtuel.com\\\/information\\\/author\\\/infocongovirtuel\\\/\"}]}<\/script>\n<!-- \/ Yoast SEO plugin. -->","yoast_head_json":{"title":"RDC: Le collectif d'avocats fran\u00e7ais inquiet des probl\u00e8mes respiratoires li\u00e9s au covid-19 de V. Kamerhe - Actualit\u00e9s congolaises et internationales","robots":{"index":"index","follow":"follow","max-snippet":"max-snippet:-1","max-image-preview":"max-image-preview:large","max-video-preview":"max-video-preview:-1"},"canonical":"https:\/\/congovirtuel.com\/information\/rdc-le-collectif-davocats-francais-inquiet-des-problemes-respiratoires-lies-au-covid-19-de-v-kamerhe\/","og_locale":"fr_FR","og_type":"article","og_title":"RDC: Le collectif d'avocats fran\u00e7ais inquiet des probl\u00e8mes respiratoires li\u00e9s au covid-19 de V. Kamerhe - Actualit\u00e9s congolaises et internationales","og_description":"Les avocats fran\u00e7ais de Vital Kamerhe, l\u2019ancien directeur de cabinet du pr\u00e9sident de la R\u00e9publique d\u00e9mocratique du\u00a0Congo, emprisonn\u00e9 pour d\u00e9tournement de fonds publics, se sont dit mercredi \u00ab\u00a0inquiets pour sa vie\u00a0\u00bb. M. Kamerhe, 62 ans, a \u00e9t\u00e9 arr\u00eat\u00e9 en avril 2020, soup\u00e7onn\u00e9 d\u2019avoir d\u00e9tourn\u00e9 50 millions de dollars, ce qu\u2019il conteste, dans le cadre du programme dit des \u00ab\u00a0100 jours\u00a0\u00bb du nouveau chef de l\u2019Etat congolais F\u00e9lix Tshisekedi. Il a \u00e9t\u00e9 condamn\u00e9 deux mois plus tard \u00e0 vingt ans de prison et dix ans d\u2019in\u00e9ligibilit\u00e9. Kamerhe \u00ab&nbsp;me t\u00e9l\u00e9phonait \u00e0 peu&hellip;","og_url":"https:\/\/congovirtuel.com\/information\/rdc-le-collectif-davocats-francais-inquiet-des-problemes-respiratoires-lies-au-covid-19-de-v-kamerhe\/","og_site_name":"Actualit\u00e9s congolaises et internationales","article_publisher":"https:\/\/web.facebook.com\/Congovirtuel-763617960319601\/?ref=aymt_homepage_panel&amp%3bamp%3bamp%3bamp%3bamp%3bamp%3bamp%3bamp%3bamp%3bamp%3bamp%3beid=ARCoxULa66767kIgF_KYav6VdjXTI4yk_LW4yoVO9s6NXpysgb7Cb65vpxcxgqzOAKvIbLQxaAETcqHT","article_published_time":"2021-04-01T11:38:13+00:00","article_modified_time":"2021-04-01T11:45:02+00:00","og_image":[{"width":800,"height":405,"url":"https:\/\/congovirtuel.com\/information\/wp-content\/uploads\/2020\/04\/vital_kamhere.jpg","type":"image\/jpeg"}],"author":"infocongovirtuel","twitter_card":"summary_large_image","twitter_creator":"@congovirtuel","twitter_site":"@congovirtuel","twitter_misc":{"\u00c9crit par":"infocongovirtuel","Dur\u00e9e de lecture estim\u00e9e":"2 minutes"},"schema":{"@context":"https:\/\/schema.org","@graph":[{"@type":"Article","@id":"https:\/\/congovirtuel.com\/information\/rdc-le-collectif-davocats-francais-inquiet-des-problemes-respiratoires-lies-au-covid-19-de-v-kamerhe\/#article","isPartOf":{"@id":"https:\/\/congovirtuel.com\/information\/rdc-le-collectif-davocats-francais-inquiet-des-problemes-respiratoires-lies-au-covid-19-de-v-kamerhe\/"},"author":{"name":"infocongovirtuel","@id":"https:\/\/congovirtuel.com\/information\/#\/schema\/person\/739a44bf7990966cb53d58d2fdeca0b6"},"headline":"RDC: Le collectif d&rsquo;avocats fran\u00e7ais inquiet des probl\u00e8mes respiratoires li\u00e9s au covid-19 de V. Kamerhe","datePublished":"2021-04-01T11:38:13+00:00","dateModified":"2021-04-01T11:45:02+00:00","mainEntityOfPage":{"@id":"https:\/\/congovirtuel.com\/information\/rdc-le-collectif-davocats-francais-inquiet-des-problemes-respiratoires-lies-au-covid-19-de-v-kamerhe\/"},"wordCount":453,"commentCount":0,"publisher":{"@id":"https:\/\/congovirtuel.com\/information\/#organization"},"image":{"@id":"https:\/\/congovirtuel.com\/information\/rdc-le-collectif-davocats-francais-inquiet-des-problemes-respiratoires-lies-au-covid-19-de-v-kamerhe\/#primaryimage"},"thumbnailUrl":"https:\/\/congovirtuel.com\/information\/wp-content\/uploads\/2020\/04\/vital_kamhere.jpg","articleSection":["Programme 100 jours"],"inLanguage":"fr-FR","potentialAction":[{"@type":"CommentAction","name":"Comment","target":["https:\/\/congovirtuel.com\/information\/rdc-le-collectif-davocats-francais-inquiet-des-problemes-respiratoires-lies-au-covid-19-de-v-kamerhe\/#respond"]}]},{"@type":"WebPage","@id":"https:\/\/congovirtuel.com\/information\/rdc-le-collectif-davocats-francais-inquiet-des-problemes-respiratoires-lies-au-covid-19-de-v-kamerhe\/","url":"https:\/\/congovirtuel.com\/information\/rdc-le-collectif-davocats-francais-inquiet-des-problemes-respiratoires-lies-au-covid-19-de-v-kamerhe\/","name":"RDC: Le collectif d'avocats fran\u00e7ais inquiet des probl\u00e8mes respiratoires li\u00e9s au covid-19 de V. Kamerhe - Actualit\u00e9s congolaises et internationales","isPartOf":{"@id":"https:\/\/congovirtuel.com\/information\/#website"},"primaryImageOfPage":{"@id":"https:\/\/congovirtuel.com\/information\/rdc-le-collectif-davocats-francais-inquiet-des-problemes-respiratoires-lies-au-covid-19-de-v-kamerhe\/#primaryimage"},"image":{"@id":"https:\/\/congovirtuel.com\/information\/rdc-le-collectif-davocats-francais-inquiet-des-problemes-respiratoires-lies-au-covid-19-de-v-kamerhe\/#primaryimage"},"thumbnailUrl":"https:\/\/congovirtuel.com\/information\/wp-content\/uploads\/2020\/04\/vital_kamhere.jpg","datePublished":"2021-04-01T11:38:13+00:00","dateModified":"2021-04-01T11:45:02+00:00","breadcrumb":{"@id":"https:\/\/congovirtuel.com\/information\/rdc-le-collectif-davocats-francais-inquiet-des-problemes-respiratoires-lies-au-covid-19-de-v-kamerhe\/#breadcrumb"},"inLanguage":"fr-FR","potentialAction":[{"@type":"ReadAction","target":["https:\/\/congovirtuel.com\/information\/rdc-le-collectif-davocats-francais-inquiet-des-problemes-respiratoires-lies-au-covid-19-de-v-kamerhe\/"]}]},{"@type":"ImageObject","inLanguage":"fr-FR","@id":"https:\/\/congovirtuel.com\/information\/rdc-le-collectif-davocats-francais-inquiet-des-problemes-respiratoires-lies-au-covid-19-de-v-kamerhe\/#primaryimage","url":"https:\/\/congovirtuel.com\/information\/wp-content\/uploads\/2020\/04\/vital_kamhere.jpg","contentUrl":"https:\/\/congovirtuel.com\/information\/wp-content\/uploads\/2020\/04\/vital_kamhere.jpg","width":800,"height":405,"caption":"Vital_kamhere"},{"@type":"BreadcrumbList","@id":"https:\/\/congovirtuel.com\/information\/rdc-le-collectif-davocats-francais-inquiet-des-problemes-respiratoires-lies-au-covid-19-de-v-kamerhe\/#breadcrumb","itemListElement":[{"@type":"ListItem","position":1,"name":"Accueil","item":"https:\/\/congovirtuel.com\/information\/"},{"@type":"ListItem","position":2,"name":"RDC: Le collectif d&rsquo;avocats fran\u00e7ais inquiet des probl\u00e8mes respiratoires li\u00e9s au covid-19 de V. Kamerhe"}]},{"@type":"WebSite","@id":"https:\/\/congovirtuel.com\/information\/#website","url":"https:\/\/congovirtuel.com\/information\/","name":"Actualit\u00e9s congolaises et internationales","description":"site d&#039;analyse et de traitement d&#039;information","publisher":{"@id":"https:\/\/congovirtuel.com\/information\/#organization"},"potentialAction":[{"@type":"SearchAction","target":{"@type":"EntryPoint","urlTemplate":"https:\/\/congovirtuel.com\/information\/?s={search_term_string}"},"query-input":{"@type":"PropertyValueSpecification","valueRequired":true,"valueName":"search_term_string"}}],"inLanguage":"fr-FR"},{"@type":"Organization","@id":"https:\/\/congovirtuel.com\/information\/#organization","name":"Biblioth\u00e8que Virtuelle de la RDC","url":"https:\/\/congovirtuel.com\/information\/","logo":{"@type":"ImageObject","inLanguage":"fr-FR","@id":"https:\/\/congovirtuel.com\/information\/#\/schema\/logo\/image\/","url":"https:\/\/congovirtuel.com\/information\/wp-content\/uploads\/2018\/10\/header-info-congovirtuel-vraie.jpg","contentUrl":"https:\/\/congovirtuel.com\/information\/wp-content\/uploads\/2018\/10\/header-info-congovirtuel-vraie.jpg","width":728,"height":90,"caption":"Biblioth\u00e8que Virtuelle de la RDC"},"image":{"@id":"https:\/\/congovirtuel.com\/information\/#\/schema\/logo\/image\/"},"sameAs":["https:\/\/web.facebook.com\/Congovirtuel-763617960319601\/?ref=aymt_homepage_panel&amp;amp;amp;amp;amp;amp;amp;amp;amp;amp;amp;eid=ARCoxULa66767kIgF_KYav6VdjXTI4yk_LW4yoVO9s6NXpysgb7Cb65vpxcxgqzOAKvIbLQxaAETcqHT","https:\/\/x.com\/congovirtuel","https:\/\/www.youtube.com\/channel\/UCkFfprYzGgS3EWNpeMXpToQ?view_as=subscriber"]},{"@type":"Person","@id":"https:\/\/congovirtuel.com\/information\/#\/schema\/person\/739a44bf7990966cb53d58d2fdeca0b6","name":"infocongovirtuel","image":{"@type":"ImageObject","inLanguage":"fr-FR","@id":"https:\/\/secure.gravatar.com\/avatar\/4d76991aa72469f0eb22e772586c99113c6997f88da636a9db8f2ce3a2c05e69?s=96&d=mm&r=g","url":"https:\/\/secure.gravatar.com\/avatar\/4d76991aa72469f0eb22e772586c99113c6997f88da636a9db8f2ce3a2c05e69?s=96&d=mm&r=g","contentUrl":"https:\/\/secure.gravatar.com\/avatar\/4d76991aa72469f0eb22e772586c99113c6997f88da636a9db8f2ce3a2c05e69?s=96&d=mm&r=g","caption":"infocongovirtuel"},"url":"https:\/\/congovirtuel.com\/information\/author\/infocongovirtuel\/"}]}},"gt_translate_keys":[{"key":"link","format":"url"}],"_links":{"self":[{"href":"https:\/\/congovirtuel.com\/information\/wp-json\/wp\/v2\/posts\/7392","targetHints":{"allow":["GET"]}}],"collection":[{"href":"https:\/\/congovirtuel.com\/information\/wp-json\/wp\/v2\/posts"}],"about":[{"href":"https:\/\/congovirtuel.com\/information\/wp-json\/wp\/v2\/types\/post"}],"author":[{"embeddable":true,"href":"https:\/\/congovirtuel.com\/information\/wp-json\/wp\/v2\/users\/1"}],"replies":[{"embeddable":true,"href":"https:\/\/congovirtuel.com\/information\/wp-json\/wp\/v2\/comments?post=7392"}],"version-history":[{"count":2,"href":"https:\/\/congovirtuel.com\/information\/wp-json\/wp\/v2\/posts\/7392\/revisions"}],"predecessor-version":[{"id":7396,"href":"https:\/\/congovirtuel.com\/information\/wp-json\/wp\/v2\/posts\/7392\/revisions\/7396"}],"wp:featuredmedia":[{"embeddable":true,"href":"https:\/\/congovirtuel.com\/information\/wp-json\/wp\/v2\/media\/869"}],"wp:attachment":[{"href":"https:\/\/congovirtuel.com\/information\/wp-json\/wp\/v2\/media?parent=7392"}],"wp:term":[{"taxonomy":"category","embeddable":true,"href":"https:\/\/congovirtuel.com\/information\/wp-json\/wp\/v2\/categories?post=7392"},{"taxonomy":"post_tag","embeddable":true,"href":"https:\/\/congovirtuel.com\/information\/wp-json\/wp\/v2\/tags?post=7392"}],"curies":[{"name":"wp","href":"https:\/\/api.w.org\/{rel}","templated":true}]}}