{"id":7407,"date":"2021-04-01T17:53:24","date_gmt":"2021-04-01T16:53:24","guid":{"rendered":"https:\/\/congovirtuel.com\/information\/?p=7407"},"modified":"2021-04-01T17:53:29","modified_gmt":"2021-04-01T16:53:29","slug":"rdc-kasai-oriental-le-gouverneur-jean-maweja-destitue","status":"publish","type":"post","link":"https:\/\/congovirtuel.com\/information\/rdc-kasai-oriental-le-gouverneur-jean-maweja-destitue\/","title":{"rendered":"RDC-Kasa\u00ef Oriental : le gouverneur Jean Maweja destitu\u00e9","gt_translate_keys":[{"key":"rendered","format":"text"}]},"content":{"rendered":"\n<p class=\"wp-block-paragraph\">Le Gouverneur de la province du Kasa\u00ef Oriental, Jean Maweja Muteba a \u00e9t\u00e9 destitu\u00e9 ce jeudi 1 avril \u00e0 l\u2019Assembl\u00e9e provinciale. 13 d\u00e9put\u00e9s sur les 17 pr\u00e9sents \u00e0 la pl\u00e9ni\u00e8re du jour ont vot\u00e9 pour la motion de d\u00e9fiance initi\u00e9e contre lui depuis d\u00e9cembre 2020.<\/p>\n\n\n\n<p class=\"wp-block-paragraph\">Mardi, en ouverture de la session ordinaire de mars 2021 \u00e0 l\u2019Assembl\u00e9e provinciale, le pr\u00e9sident de cet organe d\u00e9lib\u00e9rant, Ives Muamba, avait indiqu\u00e9 que la motion de d\u00e9fiance contre le gouverneur Jean Maweja \u00e9tait parmi les mati\u00e8res retenues pour \u00eatre examin\u00e9e au cours de la pr\u00e9sente session.<\/p>\n\n\n\n<p class=\"wp-block-paragraph\">Les d\u00e9put\u00e9s provinciaux reprochent notamment \u00e0 M. Maweja, un leadership douteux et une incomp\u00e9tence dans sa gestion.<\/p>\n\n\n\n<p class=\"wp-block-paragraph\"><strong>Actualite.cd<\/strong><\/p>\n","protected":false,"gt_translate_keys":[{"key":"rendered","format":"html"}]},"excerpt":{"rendered":"<p>Le Gouverneur de la province du Kasa\u00ef Oriental, Jean Maweja Muteba a \u00e9t\u00e9 destitu\u00e9 ce jeudi 1 avril \u00e0 l\u2019Assembl\u00e9e provinciale. 13 d\u00e9put\u00e9s sur les 17 pr\u00e9sents \u00e0 la pl\u00e9ni\u00e8re du jour ont vot\u00e9 pour la motion de d\u00e9fiance initi\u00e9e contre lui depuis d\u00e9cembre 2020. Mardi, en ouverture de la session ordinaire de mars 2021 \u00e0 l\u2019Assembl\u00e9e provinciale, le pr\u00e9sident de cet organe d\u00e9lib\u00e9rant, Ives Muamba, avait indiqu\u00e9 que la motion de d\u00e9fiance contre le gouverneur Jean Maweja \u00e9tait parmi les mati\u00e8res retenues pour \u00eatre examin\u00e9e au cours de la&hellip;<\/p>\n","protected":false,"gt_translate_keys":[{"key":"rendered","format":"html"}]},"author":1,"featured_media":7408,"comment_status":"open","ping_status":"open","sticky":false,"template":"","format":"standard","meta":{"_crdt_document":"","footnotes":""},"categories":[4186],"tags":[],"class_list":["post-7407","post","type-post","status-publish","format-standard","has-post-thumbnail","hentry","category-provinces"],"gutentor_comment":0,"yoast_head":"<!-- This site is optimized with the Yoast SEO plugin v27.5 - https:\/\/yoast.com\/product\/yoast-seo-wordpress\/ -->\n<title>RDC-Kasa\u00ef Oriental : le gouverneur Jean Maweja destitu\u00e9 - Actualit\u00e9s congolaises et internationales<\/title>\n<meta name=\"robots\" content=\"index, follow, max-snippet:-1, max-image-preview:large, max-video-preview:-1\" \/>\n<link rel=\"canonical\" href=\"https:\/\/congovirtuel.com\/information\/rdc-kasai-oriental-le-gouverneur-jean-maweja-destitue\/\" \/>\n<meta property=\"og:locale\" content=\"fr_FR\" \/>\n<meta property=\"og:type\" content=\"article\" \/>\n<meta property=\"og:title\" content=\"RDC-Kasa\u00ef Oriental : le gouverneur Jean Maweja destitu\u00e9 - Actualit\u00e9s congolaises et internationales\" \/>\n<meta property=\"og:description\" content=\"Le Gouverneur de la province du Kasa\u00ef Oriental, Jean Maweja Muteba a \u00e9t\u00e9 destitu\u00e9 ce jeudi 1 avril \u00e0 l\u2019Assembl\u00e9e provinciale. 13 d\u00e9put\u00e9s sur les 17 pr\u00e9sents \u00e0 la pl\u00e9ni\u00e8re du jour ont vot\u00e9 pour la motion de d\u00e9fiance initi\u00e9e contre lui depuis d\u00e9cembre 2020. Mardi, en ouverture de la session ordinaire de mars 2021 \u00e0 l\u2019Assembl\u00e9e provinciale, le pr\u00e9sident de cet organe d\u00e9lib\u00e9rant, Ives Muamba, avait indiqu\u00e9 que la motion de d\u00e9fiance contre le gouverneur Jean Maweja \u00e9tait parmi les mati\u00e8res retenues pour \u00eatre examin\u00e9e au cours de la&hellip;\" \/>\n<meta property=\"og:url\" content=\"https:\/\/congovirtuel.com\/information\/rdc-kasai-oriental-le-gouverneur-jean-maweja-destitue\/\" \/>\n<meta property=\"og:site_name\" content=\"Actualit\u00e9s congolaises et internationales\" \/>\n<meta property=\"article:publisher\" content=\"https:\/\/web.facebook.com\/Congovirtuel-763617960319601\/?ref=aymt_homepage_panel&amp;amp%3bamp%3bamp%3bamp%3bamp%3bamp%3bamp%3bamp%3bamp%3bamp%3bamp%3beid=ARCoxULa66767kIgF_KYav6VdjXTI4yk_LW4yoVO9s6NXpysgb7Cb65vpxcxgqzOAKvIbLQxaAETcqHT\" \/>\n<meta property=\"article:published_time\" content=\"2021-04-01T16:53:24+00:00\" \/>\n<meta property=\"article:modified_time\" content=\"2021-04-01T16:53:29+00:00\" \/>\n<meta property=\"og:image\" content=\"https:\/\/congovirtuel.com\/information\/wp-content\/uploads\/2021\/04\/maweja.jpg\" \/>\n\t<meta property=\"og:image:width\" content=\"800\" \/>\n\t<meta property=\"og:image:height\" content=\"400\" \/>\n\t<meta property=\"og:image:type\" content=\"image\/jpeg\" \/>\n<meta name=\"author\" content=\"infocongovirtuel\" \/>\n<meta name=\"twitter:card\" content=\"summary_large_image\" \/>\n<meta name=\"twitter:creator\" content=\"@congovirtuel\" \/>\n<meta name=\"twitter:site\" content=\"@congovirtuel\" \/>\n<meta name=\"twitter:label1\" content=\"\u00c9crit par\" \/>\n\t<meta name=\"twitter:data1\" content=\"infocongovirtuel\" \/>\n\t<meta name=\"twitter:label2\" content=\"Dur\u00e9e de lecture estim\u00e9e\" \/>\n\t<meta name=\"twitter:data2\" content=\"1 minute\" \/>\n<script type=\"application\/ld+json\" class=\"yoast-schema-graph\">{\"@context\":\"https:\\\/\\\/schema.org\",\"@graph\":[{\"@type\":\"Article\",\"@id\":\"https:\\\/\\\/congovirtuel.com\\\/information\\\/rdc-kasai-oriental-le-gouverneur-jean-maweja-destitue\\\/#article\",\"isPartOf\":{\"@id\":\"https:\\\/\\\/congovirtuel.com\\\/information\\\/rdc-kasai-oriental-le-gouverneur-jean-maweja-destitue\\\/\"},\"author\":{\"name\":\"infocongovirtuel\",\"@id\":\"https:\\\/\\\/congovirtuel.com\\\/information\\\/#\\\/schema\\\/person\\\/739a44bf7990966cb53d58d2fdeca0b6\"},\"headline\":\"RDC-Kasa\u00ef Oriental : le gouverneur Jean Maweja destitu\u00e9\",\"datePublished\":\"2021-04-01T16:53:24+00:00\",\"dateModified\":\"2021-04-01T16:53:29+00:00\",\"mainEntityOfPage\":{\"@id\":\"https:\\\/\\\/congovirtuel.com\\\/information\\\/rdc-kasai-oriental-le-gouverneur-jean-maweja-destitue\\\/\"},\"wordCount\":131,\"commentCount\":0,\"publisher\":{\"@id\":\"https:\\\/\\\/congovirtuel.com\\\/information\\\/#organization\"},\"image\":{\"@id\":\"https:\\\/\\\/congovirtuel.com\\\/information\\\/rdc-kasai-oriental-le-gouverneur-jean-maweja-destitue\\\/#primaryimage\"},\"thumbnailUrl\":\"https:\\\/\\\/congovirtuel.com\\\/information\\\/wp-content\\\/uploads\\\/2021\\\/04\\\/maweja.jpg\",\"articleSection\":[\"Provinces\"],\"inLanguage\":\"fr-FR\",\"potentialAction\":[{\"@type\":\"CommentAction\",\"name\":\"Comment\",\"target\":[\"https:\\\/\\\/congovirtuel.com\\\/information\\\/rdc-kasai-oriental-le-gouverneur-jean-maweja-destitue\\\/#respond\"]}]},{\"@type\":\"WebPage\",\"@id\":\"https:\\\/\\\/congovirtuel.com\\\/information\\\/rdc-kasai-oriental-le-gouverneur-jean-maweja-destitue\\\/\",\"url\":\"https:\\\/\\\/congovirtuel.com\\\/information\\\/rdc-kasai-oriental-le-gouverneur-jean-maweja-destitue\\\/\",\"name\":\"RDC-Kasa\u00ef Oriental : le gouverneur Jean Maweja destitu\u00e9 - Actualit\u00e9s congolaises et internationales\",\"isPartOf\":{\"@id\":\"https:\\\/\\\/congovirtuel.com\\\/information\\\/#website\"},\"primaryImageOfPage\":{\"@id\":\"https:\\\/\\\/congovirtuel.com\\\/information\\\/rdc-kasai-oriental-le-gouverneur-jean-maweja-destitue\\\/#primaryimage\"},\"image\":{\"@id\":\"https:\\\/\\\/congovirtuel.com\\\/information\\\/rdc-kasai-oriental-le-gouverneur-jean-maweja-destitue\\\/#primaryimage\"},\"thumbnailUrl\":\"https:\\\/\\\/congovirtuel.com\\\/information\\\/wp-content\\\/uploads\\\/2021\\\/04\\\/maweja.jpg\",\"datePublished\":\"2021-04-01T16:53:24+00:00\",\"dateModified\":\"2021-04-01T16:53:29+00:00\",\"breadcrumb\":{\"@id\":\"https:\\\/\\\/congovirtuel.com\\\/information\\\/rdc-kasai-oriental-le-gouverneur-jean-maweja-destitue\\\/#breadcrumb\"},\"inLanguage\":\"fr-FR\",\"potentialAction\":[{\"@type\":\"ReadAction\",\"target\":[\"https:\\\/\\\/congovirtuel.com\\\/information\\\/rdc-kasai-oriental-le-gouverneur-jean-maweja-destitue\\\/\"]}]},{\"@type\":\"ImageObject\",\"inLanguage\":\"fr-FR\",\"@id\":\"https:\\\/\\\/congovirtuel.com\\\/information\\\/rdc-kasai-oriental-le-gouverneur-jean-maweja-destitue\\\/#primaryimage\",\"url\":\"https:\\\/\\\/congovirtuel.com\\\/information\\\/wp-content\\\/uploads\\\/2021\\\/04\\\/maweja.jpg\",\"contentUrl\":\"https:\\\/\\\/congovirtuel.com\\\/information\\\/wp-content\\\/uploads\\\/2021\\\/04\\\/maweja.jpg\",\"width\":800,\"height\":400},{\"@type\":\"BreadcrumbList\",\"@id\":\"https:\\\/\\\/congovirtuel.com\\\/information\\\/rdc-kasai-oriental-le-gouverneur-jean-maweja-destitue\\\/#breadcrumb\",\"itemListElement\":[{\"@type\":\"ListItem\",\"position\":1,\"name\":\"Accueil\",\"item\":\"https:\\\/\\\/congovirtuel.com\\\/information\\\/\"},{\"@type\":\"ListItem\",\"position\":2,\"name\":\"RDC-Kasa\u00ef Oriental : le gouverneur Jean Maweja destitu\u00e9\"}]},{\"@type\":\"WebSite\",\"@id\":\"https:\\\/\\\/congovirtuel.com\\\/information\\\/#website\",\"url\":\"https:\\\/\\\/congovirtuel.com\\\/information\\\/\",\"name\":\"Actualit\u00e9s congolaises et internationales\",\"description\":\"site d&#039;analyse et de traitement d&#039;information\",\"publisher\":{\"@id\":\"https:\\\/\\\/congovirtuel.com\\\/information\\\/#organization\"},\"potentialAction\":[{\"@type\":\"SearchAction\",\"target\":{\"@type\":\"EntryPoint\",\"urlTemplate\":\"https:\\\/\\\/congovirtuel.com\\\/information\\\/?s={search_term_string}\"},\"query-input\":{\"@type\":\"PropertyValueSpecification\",\"valueRequired\":true,\"valueName\":\"search_term_string\"}}],\"inLanguage\":\"fr-FR\"},{\"@type\":\"Organization\",\"@id\":\"https:\\\/\\\/congovirtuel.com\\\/information\\\/#organization\",\"name\":\"Biblioth\u00e8que Virtuelle de la RDC\",\"url\":\"https:\\\/\\\/congovirtuel.com\\\/information\\\/\",\"logo\":{\"@type\":\"ImageObject\",\"inLanguage\":\"fr-FR\",\"@id\":\"https:\\\/\\\/congovirtuel.com\\\/information\\\/#\\\/schema\\\/logo\\\/image\\\/\",\"url\":\"https:\\\/\\\/congovirtuel.com\\\/information\\\/wp-content\\\/uploads\\\/2018\\\/10\\\/header-info-congovirtuel-vraie.jpg\",\"contentUrl\":\"https:\\\/\\\/congovirtuel.com\\\/information\\\/wp-content\\\/uploads\\\/2018\\\/10\\\/header-info-congovirtuel-vraie.jpg\",\"width\":728,\"height\":90,\"caption\":\"Biblioth\u00e8que Virtuelle de la RDC\"},\"image\":{\"@id\":\"https:\\\/\\\/congovirtuel.com\\\/information\\\/#\\\/schema\\\/logo\\\/image\\\/\"},\"sameAs\":[\"https:\\\/\\\/web.facebook.com\\\/Congovirtuel-763617960319601\\\/?ref=aymt_homepage_panel&amp;amp;amp;amp;amp;amp;amp;amp;amp;amp;amp;eid=ARCoxULa66767kIgF_KYav6VdjXTI4yk_LW4yoVO9s6NXpysgb7Cb65vpxcxgqzOAKvIbLQxaAETcqHT\",\"https:\\\/\\\/x.com\\\/congovirtuel\",\"https:\\\/\\\/www.youtube.com\\\/channel\\\/UCkFfprYzGgS3EWNpeMXpToQ?view_as=subscriber\"]},{\"@type\":\"Person\",\"@id\":\"https:\\\/\\\/congovirtuel.com\\\/information\\\/#\\\/schema\\\/person\\\/739a44bf7990966cb53d58d2fdeca0b6\",\"name\":\"infocongovirtuel\",\"image\":{\"@type\":\"ImageObject\",\"inLanguage\":\"fr-FR\",\"@id\":\"https:\\\/\\\/secure.gravatar.com\\\/avatar\\\/4d76991aa72469f0eb22e772586c99113c6997f88da636a9db8f2ce3a2c05e69?s=96&d=mm&r=g\",\"url\":\"https:\\\/\\\/secure.gravatar.com\\\/avatar\\\/4d76991aa72469f0eb22e772586c99113c6997f88da636a9db8f2ce3a2c05e69?s=96&d=mm&r=g\",\"contentUrl\":\"https:\\\/\\\/secure.gravatar.com\\\/avatar\\\/4d76991aa72469f0eb22e772586c99113c6997f88da636a9db8f2ce3a2c05e69?s=96&d=mm&r=g\",\"caption\":\"infocongovirtuel\"},\"url\":\"https:\\\/\\\/congovirtuel.com\\\/information\\\/author\\\/infocongovirtuel\\\/\"}]}<\/script>\n<!-- \/ Yoast SEO plugin. -->","yoast_head_json":{"title":"RDC-Kasa\u00ef Oriental : le gouverneur Jean Maweja destitu\u00e9 - Actualit\u00e9s congolaises et internationales","robots":{"index":"index","follow":"follow","max-snippet":"max-snippet:-1","max-image-preview":"max-image-preview:large","max-video-preview":"max-video-preview:-1"},"canonical":"https:\/\/congovirtuel.com\/information\/rdc-kasai-oriental-le-gouverneur-jean-maweja-destitue\/","og_locale":"fr_FR","og_type":"article","og_title":"RDC-Kasa\u00ef Oriental : le gouverneur Jean Maweja destitu\u00e9 - Actualit\u00e9s congolaises et internationales","og_description":"Le Gouverneur de la province du Kasa\u00ef Oriental, Jean Maweja Muteba a \u00e9t\u00e9 destitu\u00e9 ce jeudi 1 avril \u00e0 l\u2019Assembl\u00e9e provinciale. 13 d\u00e9put\u00e9s sur les 17 pr\u00e9sents \u00e0 la pl\u00e9ni\u00e8re du jour ont vot\u00e9 pour la motion de d\u00e9fiance initi\u00e9e contre lui depuis d\u00e9cembre 2020. Mardi, en ouverture de la session ordinaire de mars 2021 \u00e0 l\u2019Assembl\u00e9e provinciale, le pr\u00e9sident de cet organe d\u00e9lib\u00e9rant, Ives Muamba, avait indiqu\u00e9 que la motion de d\u00e9fiance contre le gouverneur Jean Maweja \u00e9tait parmi les mati\u00e8res retenues pour \u00eatre examin\u00e9e au cours de la&hellip;","og_url":"https:\/\/congovirtuel.com\/information\/rdc-kasai-oriental-le-gouverneur-jean-maweja-destitue\/","og_site_name":"Actualit\u00e9s congolaises et internationales","article_publisher":"https:\/\/web.facebook.com\/Congovirtuel-763617960319601\/?ref=aymt_homepage_panel&amp%3bamp%3bamp%3bamp%3bamp%3bamp%3bamp%3bamp%3bamp%3bamp%3bamp%3beid=ARCoxULa66767kIgF_KYav6VdjXTI4yk_LW4yoVO9s6NXpysgb7Cb65vpxcxgqzOAKvIbLQxaAETcqHT","article_published_time":"2021-04-01T16:53:24+00:00","article_modified_time":"2021-04-01T16:53:29+00:00","og_image":[{"width":800,"height":400,"url":"https:\/\/congovirtuel.com\/information\/wp-content\/uploads\/2021\/04\/maweja.jpg","type":"image\/jpeg"}],"author":"infocongovirtuel","twitter_card":"summary_large_image","twitter_creator":"@congovirtuel","twitter_site":"@congovirtuel","twitter_misc":{"\u00c9crit par":"infocongovirtuel","Dur\u00e9e de lecture estim\u00e9e":"1 minute"},"schema":{"@context":"https:\/\/schema.org","@graph":[{"@type":"Article","@id":"https:\/\/congovirtuel.com\/information\/rdc-kasai-oriental-le-gouverneur-jean-maweja-destitue\/#article","isPartOf":{"@id":"https:\/\/congovirtuel.com\/information\/rdc-kasai-oriental-le-gouverneur-jean-maweja-destitue\/"},"author":{"name":"infocongovirtuel","@id":"https:\/\/congovirtuel.com\/information\/#\/schema\/person\/739a44bf7990966cb53d58d2fdeca0b6"},"headline":"RDC-Kasa\u00ef Oriental : le gouverneur Jean Maweja destitu\u00e9","datePublished":"2021-04-01T16:53:24+00:00","dateModified":"2021-04-01T16:53:29+00:00","mainEntityOfPage":{"@id":"https:\/\/congovirtuel.com\/information\/rdc-kasai-oriental-le-gouverneur-jean-maweja-destitue\/"},"wordCount":131,"commentCount":0,"publisher":{"@id":"https:\/\/congovirtuel.com\/information\/#organization"},"image":{"@id":"https:\/\/congovirtuel.com\/information\/rdc-kasai-oriental-le-gouverneur-jean-maweja-destitue\/#primaryimage"},"thumbnailUrl":"https:\/\/congovirtuel.com\/information\/wp-content\/uploads\/2021\/04\/maweja.jpg","articleSection":["Provinces"],"inLanguage":"fr-FR","potentialAction":[{"@type":"CommentAction","name":"Comment","target":["https:\/\/congovirtuel.com\/information\/rdc-kasai-oriental-le-gouverneur-jean-maweja-destitue\/#respond"]}]},{"@type":"WebPage","@id":"https:\/\/congovirtuel.com\/information\/rdc-kasai-oriental-le-gouverneur-jean-maweja-destitue\/","url":"https:\/\/congovirtuel.com\/information\/rdc-kasai-oriental-le-gouverneur-jean-maweja-destitue\/","name":"RDC-Kasa\u00ef Oriental : le gouverneur Jean Maweja destitu\u00e9 - Actualit\u00e9s congolaises et internationales","isPartOf":{"@id":"https:\/\/congovirtuel.com\/information\/#website"},"primaryImageOfPage":{"@id":"https:\/\/congovirtuel.com\/information\/rdc-kasai-oriental-le-gouverneur-jean-maweja-destitue\/#primaryimage"},"image":{"@id":"https:\/\/congovirtuel.com\/information\/rdc-kasai-oriental-le-gouverneur-jean-maweja-destitue\/#primaryimage"},"thumbnailUrl":"https:\/\/congovirtuel.com\/information\/wp-content\/uploads\/2021\/04\/maweja.jpg","datePublished":"2021-04-01T16:53:24+00:00","dateModified":"2021-04-01T16:53:29+00:00","breadcrumb":{"@id":"https:\/\/congovirtuel.com\/information\/rdc-kasai-oriental-le-gouverneur-jean-maweja-destitue\/#breadcrumb"},"inLanguage":"fr-FR","potentialAction":[{"@type":"ReadAction","target":["https:\/\/congovirtuel.com\/information\/rdc-kasai-oriental-le-gouverneur-jean-maweja-destitue\/"]}]},{"@type":"ImageObject","inLanguage":"fr-FR","@id":"https:\/\/congovirtuel.com\/information\/rdc-kasai-oriental-le-gouverneur-jean-maweja-destitue\/#primaryimage","url":"https:\/\/congovirtuel.com\/information\/wp-content\/uploads\/2021\/04\/maweja.jpg","contentUrl":"https:\/\/congovirtuel.com\/information\/wp-content\/uploads\/2021\/04\/maweja.jpg","width":800,"height":400},{"@type":"BreadcrumbList","@id":"https:\/\/congovirtuel.com\/information\/rdc-kasai-oriental-le-gouverneur-jean-maweja-destitue\/#breadcrumb","itemListElement":[{"@type":"ListItem","position":1,"name":"Accueil","item":"https:\/\/congovirtuel.com\/information\/"},{"@type":"ListItem","position":2,"name":"RDC-Kasa\u00ef Oriental : le gouverneur Jean Maweja destitu\u00e9"}]},{"@type":"WebSite","@id":"https:\/\/congovirtuel.com\/information\/#website","url":"https:\/\/congovirtuel.com\/information\/","name":"Actualit\u00e9s congolaises et internationales","description":"site d&#039;analyse et de traitement d&#039;information","publisher":{"@id":"https:\/\/congovirtuel.com\/information\/#organization"},"potentialAction":[{"@type":"SearchAction","target":{"@type":"EntryPoint","urlTemplate":"https:\/\/congovirtuel.com\/information\/?s={search_term_string}"},"query-input":{"@type":"PropertyValueSpecification","valueRequired":true,"valueName":"search_term_string"}}],"inLanguage":"fr-FR"},{"@type":"Organization","@id":"https:\/\/congovirtuel.com\/information\/#organization","name":"Biblioth\u00e8que Virtuelle de la RDC","url":"https:\/\/congovirtuel.com\/information\/","logo":{"@type":"ImageObject","inLanguage":"fr-FR","@id":"https:\/\/congovirtuel.com\/information\/#\/schema\/logo\/image\/","url":"https:\/\/congovirtuel.com\/information\/wp-content\/uploads\/2018\/10\/header-info-congovirtuel-vraie.jpg","contentUrl":"https:\/\/congovirtuel.com\/information\/wp-content\/uploads\/2018\/10\/header-info-congovirtuel-vraie.jpg","width":728,"height":90,"caption":"Biblioth\u00e8que Virtuelle de la RDC"},"image":{"@id":"https:\/\/congovirtuel.com\/information\/#\/schema\/logo\/image\/"},"sameAs":["https:\/\/web.facebook.com\/Congovirtuel-763617960319601\/?ref=aymt_homepage_panel&amp;amp;amp;amp;amp;amp;amp;amp;amp;amp;amp;eid=ARCoxULa66767kIgF_KYav6VdjXTI4yk_LW4yoVO9s6NXpysgb7Cb65vpxcxgqzOAKvIbLQxaAETcqHT","https:\/\/x.com\/congovirtuel","https:\/\/www.youtube.com\/channel\/UCkFfprYzGgS3EWNpeMXpToQ?view_as=subscriber"]},{"@type":"Person","@id":"https:\/\/congovirtuel.com\/information\/#\/schema\/person\/739a44bf7990966cb53d58d2fdeca0b6","name":"infocongovirtuel","image":{"@type":"ImageObject","inLanguage":"fr-FR","@id":"https:\/\/secure.gravatar.com\/avatar\/4d76991aa72469f0eb22e772586c99113c6997f88da636a9db8f2ce3a2c05e69?s=96&d=mm&r=g","url":"https:\/\/secure.gravatar.com\/avatar\/4d76991aa72469f0eb22e772586c99113c6997f88da636a9db8f2ce3a2c05e69?s=96&d=mm&r=g","contentUrl":"https:\/\/secure.gravatar.com\/avatar\/4d76991aa72469f0eb22e772586c99113c6997f88da636a9db8f2ce3a2c05e69?s=96&d=mm&r=g","caption":"infocongovirtuel"},"url":"https:\/\/congovirtuel.com\/information\/author\/infocongovirtuel\/"}]}},"gt_translate_keys":[{"key":"link","format":"url"}],"_links":{"self":[{"href":"https:\/\/congovirtuel.com\/information\/wp-json\/wp\/v2\/posts\/7407","targetHints":{"allow":["GET"]}}],"collection":[{"href":"https:\/\/congovirtuel.com\/information\/wp-json\/wp\/v2\/posts"}],"about":[{"href":"https:\/\/congovirtuel.com\/information\/wp-json\/wp\/v2\/types\/post"}],"author":[{"embeddable":true,"href":"https:\/\/congovirtuel.com\/information\/wp-json\/wp\/v2\/users\/1"}],"replies":[{"embeddable":true,"href":"https:\/\/congovirtuel.com\/information\/wp-json\/wp\/v2\/comments?post=7407"}],"version-history":[{"count":1,"href":"https:\/\/congovirtuel.com\/information\/wp-json\/wp\/v2\/posts\/7407\/revisions"}],"predecessor-version":[{"id":7409,"href":"https:\/\/congovirtuel.com\/information\/wp-json\/wp\/v2\/posts\/7407\/revisions\/7409"}],"wp:featuredmedia":[{"embeddable":true,"href":"https:\/\/congovirtuel.com\/information\/wp-json\/wp\/v2\/media\/7408"}],"wp:attachment":[{"href":"https:\/\/congovirtuel.com\/information\/wp-json\/wp\/v2\/media?parent=7407"}],"wp:term":[{"taxonomy":"category","embeddable":true,"href":"https:\/\/congovirtuel.com\/information\/wp-json\/wp\/v2\/categories?post=7407"},{"taxonomy":"post_tag","embeddable":true,"href":"https:\/\/congovirtuel.com\/information\/wp-json\/wp\/v2\/tags?post=7407"}],"curies":[{"name":"wp","href":"https:\/\/api.w.org\/{rel}","templated":true}]}}