{"id":7560,"date":"2021-04-06T15:17:29","date_gmt":"2021-04-06T14:17:29","guid":{"rendered":"https:\/\/congovirtuel.com\/information\/?p=7560"},"modified":"2021-04-06T15:17:35","modified_gmt":"2021-04-06T14:17:35","slug":"une-lettre-ouverte-co-signee-par-31-personnalites-congolaises-contredit-la-traversee-de-patrick-de-saint-exupery","status":"publish","type":"post","link":"https:\/\/congovirtuel.com\/information\/une-lettre-ouverte-co-signee-par-31-personnalites-congolaises-contredit-la-traversee-de-patrick-de-saint-exupery\/","title":{"rendered":"Une lettre ouverte co-sign\u00e9e par 31 personnalit\u00e9s congolaises contredit \u00ab La travers\u00e9e \u00bb de Patrick de Saint-Exup\u00e9ry","gt_translate_keys":[{"key":"rendered","format":"text"}]},"content":{"rendered":"\n<p class=\"wp-block-paragraph\">Le journaliste fran\u00e7ais Patrick de Saint-Exup\u00e9ry vient de publier un livre intitul\u00e9 \u00ab La travers\u00e9e \u00bb, livre r\u00e9cit sur son voyage en R\u00e9publique D\u00e9mocratique du Congo (RDC). Sp\u00e9cialiste autoproclam\u00e9 du Rwanda et fervent sympathisant du gouvernement de ce pays, son r\u00e9cit s\u2019inscrit dans la ligne officielle. Ce qui implique un doute sur son objectivit\u00e9. Il sied de pr\u00e9ciser que l\u2019absence de bonne foi dans certains de ses reportages est un fait qui le caract\u00e9rise. En effet, Patrick de Saint-Exup\u00e9ry a d\u00e9finitivement \u00e9t\u00e9 condamn\u00e9 \u00e0 deux reprises par la Cour de Cassation de son pays, en mai 2016 et en juillet 2017, dans les plaintes du g\u00e9n\u00e9ral Quesnot, des g\u00e9n\u00e9raux Lafourcade et de Stabenrath d\u00e9pos\u00e9es contre lui pour des affirmations excessives non \u00e9tay\u00e9es par des sources solides. La \u00ab bonne foi \u00bb plaid\u00e9e par le journaliste a \u00e9t\u00e9 rejet\u00e9e par la justice et sa cr\u00e9dibilit\u00e9 a \u00e9t\u00e9 fortement remise en cause. Patrick de Saint-Exup\u00e9ry est donc un enqu\u00eateur disqualifi\u00e9 dont les th\u00e8ses sont sujettes \u00e0 caution.<\/p>\n\n\n\n<p class=\"wp-block-paragraph\">C\u2019est donc sans surprise que ce journaliste retrouve ses vieux r\u00e9flexes dans son r\u00e9cent ouvrage. Sa travers\u00e9e de la RDC est visiblement une exp\u00e9dition visant \u00e0 travestir la v\u00e9rit\u00e9 en s\u2019attaquant au Rapport Mapping, r\u00e9alis\u00e9 par le Haut Commissariat des Nations Unies aux Droits de l\u2019Homme et qui repr\u00e9sente le document fondateur de la lutte contre l\u2019impunit\u00e9 en RDC.<\/p>\n\n\n\n<p class=\"wp-block-paragraph\">En r\u00e9alit\u00e9, \u00ab La travers\u00e9e \u00bb r\u00e9sonne comme une provocation \u00e0 l\u2019\u00e9gard de millions de morts congolais assassin\u00e9s au cours de ces 20 derni\u00e8res ann\u00e9es par les incursions r\u00e9p\u00e9titives des troupes \u00e9trang\u00e8res \u00e0 l\u2019int\u00e9rieur des fronti\u00e8res de la RDC. En qualifiant le Rapport Mapping de n\u00e9gationniste, l\u2019auteur nie, minimise et m\u00e9prise les victimes innocentes congolaises de la barbarie des incursions des arm\u00e9es \u00e9trang\u00e8res qui pourtant s\u2019\u00e9tale au grand jour depuis plus de deux d\u00e9cennies. Ce faisant, Patrick de Saint-Exup\u00e9ry va au-del\u00e0 de son militantisme au service de certaines arm\u00e9es identifi\u00e9es comme responsables dans le Rapport Mapping pour carr\u00e9ment tomber dans l\u2019aveuglement. Ainsi, l\u2019auteur de la \u00ab La travers\u00e9e \u00bb se pr\u00e9sente comme un n\u00e9gationniste du drame qui se poursuit encore \u00e0 ce jour au Congo. Pire, lors de ses r\u00e9centes sorties m\u00e9diatiques, il semble prendre plaisir \u00e0 s\u2019affirmer comme tel.<\/p>\n\n\n\n<p class=\"wp-block-paragraph\">\u00ab La travers\u00e9e \u00bb qui se veut un livre d\u2019enqu\u00eate n\u2019a, h\u00e9las, aucune solidit\u00e9 scientifique puisqu\u2019il est bas\u00e9 sur une m\u00e9thodologie b\u00e2cl\u00e9e, et donc contestable, qui consiste \u00e0 interroger une poign\u00e9e infimes des personnes vuln\u00e9rables, isol\u00e9es, vivant sous la terreur dans une zone o\u00f9 diff\u00e9rents rapports des Experts onusiens signalent la pr\u00e9sence permanente et secr\u00e8te des troupes rwandaises (voir le rapport d\u2019experts des Nations Unies charg\u00e9 de suivre le respect de l\u2019embargo sur les armes en RDC du 23 d\u00e9cembre 2020). Parti de Kigali, apr\u00e8s s\u2019\u00eatre entretenu avec des officiers ayant op\u00e9r\u00e9s en RDC au moment des faits \u00e9tablis par le Rapport Mapping, il s\u2019est embarqu\u00e9 en RDC en toute s\u00e9curit\u00e9 dans une r\u00e9gion r\u00e9put\u00e9e si dangereuse o\u00f9 l\u2019ambassadeur d\u2019Italie vient tragiquement de trouver la mort en f\u00e9vrier 2021. En outre, on devrait s\u2019interroger sur les contacts et la source des moyens logistiques qui ont permis \u00e0 ce journaliste de mener son aventure d\u2019est en ouest de la RDC en toute s\u00e9curit\u00e9, alors que les diff\u00e9rents groupes arm\u00e9s et services de s\u00e9curit\u00e9 qui y op\u00e8rent n\u2019ont jamais permis aux experts onusiens, tels que Zaida Catalan et Michael Sharp, consid\u00e9r\u00e9s comme des t\u00e9moins g\u00eanants, d\u2019y p\u00e9n\u00e9trer. De ce qui pr\u00e9c\u00e8de, il sera difficile \u00e0 Patrick de Saint-Exup\u00e9ry de r\u00e9futer l\u2019id\u00e9e selon laquelle cette travers\u00e9e du Congo \u00e9tait en r\u00e9alit\u00e9 une mission maladroitement t\u00e9l\u00e9command\u00e9e qui tente de travestir la v\u00e9rit\u00e9 sur des crimes gravissimes dont les auteurs redoutent les cons\u00e9quences n\u00e9gatives pour eux-m\u00eames si un jour la justice s\u2019en saisit.<\/p>\n\n\n\n<p class=\"wp-block-paragraph\">Par ailleurs, point n\u2019est besoin de constater que la m\u00e9thodologie de l\u2019ouvrage de Patrick de Saint-Exup\u00e9ry est fantaisiste compar\u00e9e \u00e0 celle du Rapport Mapping qui est rigoureuse et tr\u00e8s professionnelle (nombre d\u2019enqu\u00eateurs, dur\u00e9e, triangulation des sources pour valider les infos, audition des milliers des t\u00e9moins, examen des centaines des rapports d\u2019ONG locales et internationales, etc\u2026). Il suffit aussi de constater les r\u00e9sultats des conversations de Patrick de Saint-Exup\u00e9ry (al\u00e9atoires et risibles) \u00e0 ceux du Rapport Mapping, qui se basent sur des investigations approfondies, le recoupage des milliers de t\u00e9moignages et d\u00e9bouchent sur des recommandations pr\u00e9cises. Pour rappel, le Rapport Mapping r\u00e9pertorie 617 incidents de violations les plus graves des droits humains, y compris des crimes de guerre et des crimes contre l\u2019humanit\u00e9. Utilisant les m\u00e9thodologies en vigueur (r\u00e9cemment utilis\u00e9es encore par l\u2019ONU dans le cadre du rapport mapping sur la RCA publie en mai 2017), le Rapport Mapping RDC se base sur des recherches extensives et rigoureuses effectu\u00e9es par une \u00e9quipe d\u2019une vingtaine de professionnels congolais et internationaux en mati\u00e8re de droits humains sur une p\u00e9riode de 12 mois. Patrick de Saint-Exup\u00e9ry ne se soucie m\u00eame pas de mener une contre-enqu\u00eate, encore moins d\u2019analyser les diff\u00e9rents rapports par des organisations aussi s\u00e9rieuses telles que M\u00e9decins Sans Fronti\u00e8res ou Human Rights Watch. Rien de tout cela. Il se donne le loisir de s\u2019entretenir avec une dizaine des personnes, certaines ayant \u00e0 peine 11 ans \u00e0 l\u2019\u00e9poque des faits et arrive \u00e0 discr\u00e9diter le Rapport Mapping et surtout \u00e0 faire le tour des m\u00e9dias face \u00e0 des journalistes qui n\u2019osent m\u00eame pas mettre en exergue la l\u00e9g\u00e8ret\u00e9 de sa d\u00e9marche.<\/p>\n\n\n\n<p class=\"wp-block-paragraph\">Par ailleurs, la tentative de discr\u00e9diter le Rapport Mapping ob\u00e9it \u00e0 une seule logique : criminaliser toute r\u00e9f\u00e9rence \u00e0 cette enqu\u00eate s\u00e9rieuse, afin d\u2019assurer une impunit\u00e9 totale sur les crimes commis ou commandit\u00e9s par des auteurs pr\u00e9sum\u00e9s des exactions document\u00e9es dans le Rapport Mapping et dont les identit\u00e9s et les noms figurent dans une base de donn\u00e9es confidentielle du HCDH. Visiblement, la protection de l\u2019identit\u00e9 des criminels est une constante importante pour des journalistes tels que Patrick de Saint-Exup\u00e9ry ainsi que certains Etats.<\/p>\n\n\n\n<p class=\"wp-block-paragraph\">Depuis quelques ann\u00e9es, nous observons les efforts de la France de se rapprocher avec certains Etats de la r\u00e9gion avec lesquels elle s\u2019\u00e9tait brouill\u00e9e en adoptant une position grotesque de n\u00e9gation de la terreur exerc\u00e9e sur les populations congolaises depuis plus de 25 ans. Le livre de Patrick de Saint Exup\u00e9ry est un avatar du positionnement g\u00e9ostrat\u00e9gique de la France depuis la pr\u00e9sidence de Nicolas Sarkozy avec son ministre des Affaires Etrang\u00e8res Bernard Kouchner, destin\u00e9 \u00e0 c\u00e9der une partie de la RDC et ses ressources au Rwanda voisin. On se souviendra de la saillie \u00e9trange de Nicolas Sarkozy du vendredi 16 janvier 2009 devant le corps diplomatique \u00e0 Paris, dans laquelle il exposait entre autres moyens de r\u00e8glement de la crise dans la r\u00e9gion des Grands Lacs, \u00ab l\u2019exploitation commune, pour la RDC et le Rwanda, des ressources mini\u00e8res du Nord-Kivu \u00bb et donc \u00ab le partage des richesses \u00bb. Voil\u00e0 le mod\u00e8le de justice que tous ces efforts visent: travestir la v\u00e9rit\u00e9 sur la trag\u00e9die de la r\u00e9gion des Grands Lacs africains en d\u00e9chargeant les criminels pour charger les victimes de ces derniers. Un \u00e9trange proc\u00e9d\u00e9!<\/p>\n\n\n\n<p class=\"wp-block-paragraph\">Nous, Citoyennes et Citoyens de la RDC, en avons assez de faire les frais des enjeux g\u00e9opolitiques, du silence et surtout du m\u00e9pris de certains journalistes qui n\u2019h\u00e9sitent pas \u00e0 s\u2019exhiber cr\u00e2nement dans les m\u00e9dias pour afficher tout le m\u00e9pris qu\u2019ils ont de notre peuple et du drame encore en cours en RDC. Voil\u00e0 pourquoi nous nous r\u00e9servons le droit de recourir \u00e0 la justice contre la derni\u00e8re agression de Patrick de Saint-Exup\u00e9ry au-travers de son livre qui porte une offense impardonnable \u00e0 la m\u00e9moire des victimes. A l\u2019instar des esclavagistes d\u2019hier, Patrick de Saint-Exup\u00e9ry choisit ses Africains qui ont droit \u00e0 la vie et dont la m\u00e9moire doit \u00eatre pr\u00e9serv\u00e9e, et ceux qui ne m\u00e9ritent que la n\u00e9gation des droits et dont les souffrances ne comptent pas. Les populations congolaises, surtout celles de l\u2019est du pays, sont livr\u00e9es aux atrocit\u00e9s les plus inhumaines par la volont\u00e9 de certains int\u00e9r\u00eats pour lequel Patrick de Saint-Exup\u00e9ry continue \u00e0 relayer les th\u00e8ses d\u00fbment prot\u00e9g\u00e9es de toute analyse critique.<\/p>\n\n\n\n<p class=\"wp-block-paragraph\">Pendant que ce journaliste s\u2019adonne \u00e0 c\u0153ur joie au n\u00e9gationnisme de la trag\u00e9die congolaise, des crimes continuent \u00e0 \u00eatre commis en RDC par les m\u00eames auteurs sous un silence glacial de la Communaut\u00e9 internationale. Ce silence a fini par nous convaincre qu\u2019il n\u2019y aura pas de paix en RDC sans la v\u00e9rit\u00e9 et la justice. C\u2019est exactement la m\u00eame conclusion qui transpara\u00eet clairement dans les recommandations du Rapport Mapping. Patrick de Saint-Exup\u00e9ry participe sans faux-fuyant \u00e0 fausser la v\u00e9rit\u00e9, afin d\u2019assurer l\u2019impunit\u00e9 aux criminels et ainsi soutenir la perp\u00e9tuation des crimes et actes inhumains identifi\u00e9s dans le Rapport Mapping.<\/p>\n\n\n\n<p class=\"wp-block-paragraph\">En conclusion, on peut tout dire sur le drame qui se joue dans cette r\u00e9gion d\u2019Afrique, mais une v\u00e9rit\u00e9 ind\u00e9niable se d\u00e9gage clairement de tout d\u00e9bat: l\u2019urgence de la mise en place d\u2019un Tribunal P\u00e9nal International pour la R\u00e9publique D\u00e9mocratique du Congo s\u2019impose, afin de mettre fin \u00e0 l\u2019impunit\u00e9 qui couvre les crimes perp\u00e9tr\u00e9s et encore en cours en RDC et ainsi trancher d\u00e9finitivement sur des faits historiques graves et ind\u00e9niables qui ne puissent plus souffrir de n\u00e9gationnisme dont Patrick de Saint-Exup\u00e9ry se fait l\u2019un des h\u00e9rauts principaux.<\/p>\n\n\n\n<p class=\"wp-block-paragraph\">Le vendredi 2 avril 2021<\/p>\n\n\n\n<p class=\"wp-block-paragraph\">Signataires:<\/p>\n\n\n\n<p class=\"wp-block-paragraph\">Jean-Claude Maswana, Professeur d\u2019\u00e9conomie (Japon)<\/p>\n\n\n\n<p class=\"wp-block-paragraph\">Roger Puati, th\u00e9ologien, philosophe, historien et auteur (Suisse)<\/p>\n\n\n\n<p class=\"wp-block-paragraph\">Alphonse Maindo, Professeur de science politique (RDC)<\/p>\n\n\n\n<p class=\"wp-block-paragraph\">Christian Liongo, fiscaliste, Pr\u00e9sident Africa Rise (Belgique)<\/p>\n\n\n\n<p class=\"wp-block-paragraph\">Emmanuel Nashi, Professeur de communication (Belgique)<\/p>\n\n\n\n<p class=\"wp-block-paragraph\">Antoine Bily Bolakonga, Professeur d\u2019\u00e9conomie agricole (RDC)<\/p>\n\n\n\n<p class=\"wp-block-paragraph\">Antoine Ngute, Professeur de philosophie politique (RDC)<\/p>\n\n\n\n<p class=\"wp-block-paragraph\">Sagesse Nziavake, patriote congolaise (RDC)<\/p>\n\n\n\n<p class=\"wp-block-paragraph\">Patient Biselenge, Avocat, Directeur ex\u00e9cutif de la Synergie des Avocats pour le D\u00e9veloppement Durable (RDC)<\/p>\n\n\n\n<p class=\"wp-block-paragraph\">Liliane Bibiche Salumu, Professeur de science politique (RDC)<\/p>\n\n\n\n<p class=\"wp-block-paragraph\">Adrien Banwitiya, Avocat et d\u00e9fenseur des droits humains (RDC)<\/p>\n\n\n\n<p class=\"wp-block-paragraph\">Fran\u00e7ois Lemba, D\u00e9fenseur des droits humains (RDC)<\/p>\n\n\n\n<p class=\"wp-block-paragraph\">Dominique Lumpembe Kangamina, Avocat, activiste des droits humains, coordinateur des Jeunes Congo Avenir (RDC)<\/p>\n\n\n\n<p class=\"wp-block-paragraph\">Barth\u00e9lemy Tshigologo Sebuyange, Avocat, Directeur ex\u00e9cutif de Justice Humanitaire pour tous (RDC)<\/p>\n\n\n\n<p class=\"wp-block-paragraph\">Blaise Pascal Zirimwabagabo Migabo, Enseignant de droit, Universit\u00e9 Officielle de Bukavu (RDC)<\/p>\n\n\n\n<p class=\"wp-block-paragraph\">Providence Ngoy W., Doctorant en Droit, Universit\u00e9 de Gen\u00e8ve (Suisse)<\/p>\n\n\n\n<p class=\"wp-block-paragraph\">Youyou Muntu Mosi, Activiste congolaise (France)<\/p>\n\n\n\n<p class=\"wp-block-paragraph\">B\u00e9n\u00e9dicte Kumbi Ndjoko, Historienne, Charg\u00e9e d\u2019enseignement, Activiste des droits humains (Suisse)<\/p>\n\n\n\n<p class=\"wp-block-paragraph\">Philippe Nkana, Pasteur (Suisse)<\/p>\n\n\n\n<p class=\"wp-block-paragraph\">Nita Evele, Consultante et d\u00e9fenseur des droits humains (USA)<\/p>\n\n\n\n<p class=\"wp-block-paragraph\">Vava Tampa, \u00e9crivain ind\u00e9pendant et d\u00e9fenseur des droits humains (Grande Bretagne)<\/p>\n\n\n\n<p class=\"wp-block-paragraph\">Dom-Martin Puludisu, Chercheur, Universit\u00e9 Paris II (France)<\/p>\n\n\n\n<p class=\"wp-block-paragraph\">Hygin-Herv\u00e9 Luwawu, ICT Specialist (Belgique)<\/p>\n\n\n\n<p class=\"wp-block-paragraph\">Laurence Luyasu, \u00e9conomiste (Belgique)<\/p>\n\n\n\n<p class=\"wp-block-paragraph\">Jos\u00e9 Zubi, Avocat (RDC)<\/p>\n\n\n\n<p class=\"wp-block-paragraph\">C\u00e9lestin Mputu, juriste sp\u00e9cialiste en droits humains (Belgique)<\/p>\n\n\n\n<p class=\"wp-block-paragraph\">Dieudonn\u00e9 Ngoy Muvumbu, ing\u00e9nieur HES (Suisse)<\/p>\n\n\n\n<p class=\"wp-block-paragraph\">Edgar Ngawala, Patriote congolais (USA)<\/p>\n\n\n\n<p class=\"wp-block-paragraph\">Patrick Mbeko, G\u00e9opoliticien et auteur (Canada)<\/p>\n\n\n\n<p class=\"wp-block-paragraph\">Th\u00e9r\u00e8se Kulungu, Avocate (RDC)<\/p>\n\n\n\n<p class=\"wp-block-paragraph\"><strong>Congoind\u00e9pendant \/Baudouin Amba Weshi<\/strong><\/p>\n","protected":false,"gt_translate_keys":[{"key":"rendered","format":"html"}]},"excerpt":{"rendered":"<p>Le journaliste fran\u00e7ais Patrick de Saint-Exup\u00e9ry vient de publier un livre intitul\u00e9 \u00ab La travers\u00e9e \u00bb, livre r\u00e9cit sur son voyage en R\u00e9publique D\u00e9mocratique du Congo (RDC). Sp\u00e9cialiste autoproclam\u00e9 du Rwanda et fervent sympathisant du gouvernement de ce pays, son r\u00e9cit s\u2019inscrit dans la ligne officielle. Ce qui implique un doute sur son objectivit\u00e9. Il sied de pr\u00e9ciser que l\u2019absence de bonne foi dans certains de ses reportages est un fait qui le caract\u00e9rise. En effet, Patrick de Saint-Exup\u00e9ry a d\u00e9finitivement \u00e9t\u00e9 condamn\u00e9 \u00e0 deux reprises par la Cour de&hellip;<\/p>\n","protected":false,"gt_translate_keys":[{"key":"rendered","format":"html"}]},"author":1,"featured_media":7561,"comment_status":"open","ping_status":"open","sticky":false,"template":"","format":"standard","meta":{"_crdt_document":"","footnotes":""},"categories":[11],"tags":[6496],"class_list":["post-7560","post","type-post","status-publish","format-standard","has-post-thumbnail","hentry","category-rwanda","tag-les-intellectuels-congolais-boudent-la-traversee"],"gutentor_comment":0,"yoast_head":"<!-- This site is optimized with the Yoast SEO plugin v27.5 - https:\/\/yoast.com\/product\/yoast-seo-wordpress\/ -->\n<title>Une lettre ouverte co-sign\u00e9e par 31 personnalit\u00e9s congolaises contredit \u00ab La travers\u00e9e \u00bb de Patrick de Saint-Exup\u00e9ry - Actualit\u00e9s congolaises et internationales<\/title>\n<meta name=\"robots\" content=\"index, follow, max-snippet:-1, max-image-preview:large, max-video-preview:-1\" \/>\n<link rel=\"canonical\" href=\"https:\/\/congovirtuel.com\/information\/une-lettre-ouverte-co-signee-par-31-personnalites-congolaises-contredit-la-traversee-de-patrick-de-saint-exupery\/\" \/>\n<meta property=\"og:locale\" content=\"fr_FR\" \/>\n<meta property=\"og:type\" content=\"article\" \/>\n<meta property=\"og:title\" content=\"Une lettre ouverte co-sign\u00e9e par 31 personnalit\u00e9s congolaises contredit \u00ab La travers\u00e9e \u00bb de Patrick de Saint-Exup\u00e9ry - Actualit\u00e9s congolaises et internationales\" \/>\n<meta property=\"og:description\" content=\"Le journaliste fran\u00e7ais Patrick de Saint-Exup\u00e9ry vient de publier un livre intitul\u00e9 \u00ab La travers\u00e9e \u00bb, livre r\u00e9cit sur son voyage en R\u00e9publique D\u00e9mocratique du Congo (RDC). Sp\u00e9cialiste autoproclam\u00e9 du Rwanda et fervent sympathisant du gouvernement de ce pays, son r\u00e9cit s\u2019inscrit dans la ligne officielle. Ce qui implique un doute sur son objectivit\u00e9. Il sied de pr\u00e9ciser que l\u2019absence de bonne foi dans certains de ses reportages est un fait qui le caract\u00e9rise. En effet, Patrick de Saint-Exup\u00e9ry a d\u00e9finitivement \u00e9t\u00e9 condamn\u00e9 \u00e0 deux reprises par la Cour de&hellip;\" \/>\n<meta property=\"og:url\" content=\"https:\/\/congovirtuel.com\/information\/une-lettre-ouverte-co-signee-par-31-personnalites-congolaises-contredit-la-traversee-de-patrick-de-saint-exupery\/\" \/>\n<meta property=\"og:site_name\" content=\"Actualit\u00e9s congolaises et internationales\" \/>\n<meta property=\"article:publisher\" content=\"https:\/\/web.facebook.com\/Congovirtuel-763617960319601\/?ref=aymt_homepage_panel&amp;amp%3bamp%3bamp%3bamp%3bamp%3bamp%3bamp%3bamp%3bamp%3bamp%3bamp%3beid=ARCoxULa66767kIgF_KYav6VdjXTI4yk_LW4yoVO9s6NXpysgb7Cb65vpxcxgqzOAKvIbLQxaAETcqHT\" \/>\n<meta property=\"article:published_time\" content=\"2021-04-06T14:17:29+00:00\" \/>\n<meta property=\"article:modified_time\" content=\"2021-04-06T14:17:35+00:00\" \/>\n<meta property=\"og:image\" content=\"https:\/\/congovirtuel.com\/information\/wp-content\/uploads\/2021\/04\/patrick_de_saint_exupery.jpg\" \/>\n\t<meta property=\"og:image:width\" content=\"1440\" \/>\n\t<meta property=\"og:image:height\" content=\"720\" \/>\n\t<meta property=\"og:image:type\" content=\"image\/jpeg\" \/>\n<meta name=\"author\" content=\"infocongovirtuel\" \/>\n<meta name=\"twitter:card\" content=\"summary_large_image\" \/>\n<meta name=\"twitter:creator\" content=\"@congovirtuel\" \/>\n<meta name=\"twitter:site\" content=\"@congovirtuel\" \/>\n<meta name=\"twitter:label1\" content=\"\u00c9crit par\" \/>\n\t<meta name=\"twitter:data1\" content=\"infocongovirtuel\" \/>\n\t<meta name=\"twitter:label2\" content=\"Dur\u00e9e de lecture estim\u00e9e\" \/>\n\t<meta name=\"twitter:data2\" content=\"8 minutes\" \/>\n<script type=\"application\/ld+json\" class=\"yoast-schema-graph\">{\"@context\":\"https:\\\/\\\/schema.org\",\"@graph\":[{\"@type\":\"Article\",\"@id\":\"https:\\\/\\\/congovirtuel.com\\\/information\\\/une-lettre-ouverte-co-signee-par-31-personnalites-congolaises-contredit-la-traversee-de-patrick-de-saint-exupery\\\/#article\",\"isPartOf\":{\"@id\":\"https:\\\/\\\/congovirtuel.com\\\/information\\\/une-lettre-ouverte-co-signee-par-31-personnalites-congolaises-contredit-la-traversee-de-patrick-de-saint-exupery\\\/\"},\"author\":{\"name\":\"infocongovirtuel\",\"@id\":\"https:\\\/\\\/congovirtuel.com\\\/information\\\/#\\\/schema\\\/person\\\/739a44bf7990966cb53d58d2fdeca0b6\"},\"headline\":\"Une lettre ouverte co-sign\u00e9e par 31 personnalit\u00e9s congolaises contredit \u00ab La travers\u00e9e \u00bb de Patrick de Saint-Exup\u00e9ry\",\"datePublished\":\"2021-04-06T14:17:29+00:00\",\"dateModified\":\"2021-04-06T14:17:35+00:00\",\"mainEntityOfPage\":{\"@id\":\"https:\\\/\\\/congovirtuel.com\\\/information\\\/une-lettre-ouverte-co-signee-par-31-personnalites-congolaises-contredit-la-traversee-de-patrick-de-saint-exupery\\\/\"},\"wordCount\":2007,\"commentCount\":0,\"publisher\":{\"@id\":\"https:\\\/\\\/congovirtuel.com\\\/information\\\/#organization\"},\"image\":{\"@id\":\"https:\\\/\\\/congovirtuel.com\\\/information\\\/une-lettre-ouverte-co-signee-par-31-personnalites-congolaises-contredit-la-traversee-de-patrick-de-saint-exupery\\\/#primaryimage\"},\"thumbnailUrl\":\"https:\\\/\\\/congovirtuel.com\\\/information\\\/wp-content\\\/uploads\\\/2021\\\/04\\\/patrick_de_saint_exupery.jpg\",\"keywords\":[\"Les intellectuels congolais boudent la travers\u00e9e\"],\"articleSection\":[\"Rwanda\"],\"inLanguage\":\"fr-FR\",\"potentialAction\":[{\"@type\":\"CommentAction\",\"name\":\"Comment\",\"target\":[\"https:\\\/\\\/congovirtuel.com\\\/information\\\/une-lettre-ouverte-co-signee-par-31-personnalites-congolaises-contredit-la-traversee-de-patrick-de-saint-exupery\\\/#respond\"]}]},{\"@type\":\"WebPage\",\"@id\":\"https:\\\/\\\/congovirtuel.com\\\/information\\\/une-lettre-ouverte-co-signee-par-31-personnalites-congolaises-contredit-la-traversee-de-patrick-de-saint-exupery\\\/\",\"url\":\"https:\\\/\\\/congovirtuel.com\\\/information\\\/une-lettre-ouverte-co-signee-par-31-personnalites-congolaises-contredit-la-traversee-de-patrick-de-saint-exupery\\\/\",\"name\":\"Une lettre ouverte co-sign\u00e9e par 31 personnalit\u00e9s congolaises contredit \u00ab La travers\u00e9e \u00bb de Patrick de Saint-Exup\u00e9ry - Actualit\u00e9s congolaises et internationales\",\"isPartOf\":{\"@id\":\"https:\\\/\\\/congovirtuel.com\\\/information\\\/#website\"},\"primaryImageOfPage\":{\"@id\":\"https:\\\/\\\/congovirtuel.com\\\/information\\\/une-lettre-ouverte-co-signee-par-31-personnalites-congolaises-contredit-la-traversee-de-patrick-de-saint-exupery\\\/#primaryimage\"},\"image\":{\"@id\":\"https:\\\/\\\/congovirtuel.com\\\/information\\\/une-lettre-ouverte-co-signee-par-31-personnalites-congolaises-contredit-la-traversee-de-patrick-de-saint-exupery\\\/#primaryimage\"},\"thumbnailUrl\":\"https:\\\/\\\/congovirtuel.com\\\/information\\\/wp-content\\\/uploads\\\/2021\\\/04\\\/patrick_de_saint_exupery.jpg\",\"datePublished\":\"2021-04-06T14:17:29+00:00\",\"dateModified\":\"2021-04-06T14:17:35+00:00\",\"breadcrumb\":{\"@id\":\"https:\\\/\\\/congovirtuel.com\\\/information\\\/une-lettre-ouverte-co-signee-par-31-personnalites-congolaises-contredit-la-traversee-de-patrick-de-saint-exupery\\\/#breadcrumb\"},\"inLanguage\":\"fr-FR\",\"potentialAction\":[{\"@type\":\"ReadAction\",\"target\":[\"https:\\\/\\\/congovirtuel.com\\\/information\\\/une-lettre-ouverte-co-signee-par-31-personnalites-congolaises-contredit-la-traversee-de-patrick-de-saint-exupery\\\/\"]}]},{\"@type\":\"ImageObject\",\"inLanguage\":\"fr-FR\",\"@id\":\"https:\\\/\\\/congovirtuel.com\\\/information\\\/une-lettre-ouverte-co-signee-par-31-personnalites-congolaises-contredit-la-traversee-de-patrick-de-saint-exupery\\\/#primaryimage\",\"url\":\"https:\\\/\\\/congovirtuel.com\\\/information\\\/wp-content\\\/uploads\\\/2021\\\/04\\\/patrick_de_saint_exupery.jpg\",\"contentUrl\":\"https:\\\/\\\/congovirtuel.com\\\/information\\\/wp-content\\\/uploads\\\/2021\\\/04\\\/patrick_de_saint_exupery.jpg\",\"width\":1440,\"height\":720,\"caption\":\"patrick_de_saint_exupery\"},{\"@type\":\"BreadcrumbList\",\"@id\":\"https:\\\/\\\/congovirtuel.com\\\/information\\\/une-lettre-ouverte-co-signee-par-31-personnalites-congolaises-contredit-la-traversee-de-patrick-de-saint-exupery\\\/#breadcrumb\",\"itemListElement\":[{\"@type\":\"ListItem\",\"position\":1,\"name\":\"Accueil\",\"item\":\"https:\\\/\\\/congovirtuel.com\\\/information\\\/\"},{\"@type\":\"ListItem\",\"position\":2,\"name\":\"Une lettre ouverte co-sign\u00e9e par 31 personnalit\u00e9s congolaises contredit \u00ab La travers\u00e9e \u00bb de Patrick de Saint-Exup\u00e9ry\"}]},{\"@type\":\"WebSite\",\"@id\":\"https:\\\/\\\/congovirtuel.com\\\/information\\\/#website\",\"url\":\"https:\\\/\\\/congovirtuel.com\\\/information\\\/\",\"name\":\"Actualit\u00e9s congolaises et internationales\",\"description\":\"site d&#039;analyse et de traitement d&#039;information\",\"publisher\":{\"@id\":\"https:\\\/\\\/congovirtuel.com\\\/information\\\/#organization\"},\"potentialAction\":[{\"@type\":\"SearchAction\",\"target\":{\"@type\":\"EntryPoint\",\"urlTemplate\":\"https:\\\/\\\/congovirtuel.com\\\/information\\\/?s={search_term_string}\"},\"query-input\":{\"@type\":\"PropertyValueSpecification\",\"valueRequired\":true,\"valueName\":\"search_term_string\"}}],\"inLanguage\":\"fr-FR\"},{\"@type\":\"Organization\",\"@id\":\"https:\\\/\\\/congovirtuel.com\\\/information\\\/#organization\",\"name\":\"Biblioth\u00e8que Virtuelle de la RDC\",\"url\":\"https:\\\/\\\/congovirtuel.com\\\/information\\\/\",\"logo\":{\"@type\":\"ImageObject\",\"inLanguage\":\"fr-FR\",\"@id\":\"https:\\\/\\\/congovirtuel.com\\\/information\\\/#\\\/schema\\\/logo\\\/image\\\/\",\"url\":\"https:\\\/\\\/congovirtuel.com\\\/information\\\/wp-content\\\/uploads\\\/2018\\\/10\\\/header-info-congovirtuel-vraie.jpg\",\"contentUrl\":\"https:\\\/\\\/congovirtuel.com\\\/information\\\/wp-content\\\/uploads\\\/2018\\\/10\\\/header-info-congovirtuel-vraie.jpg\",\"width\":728,\"height\":90,\"caption\":\"Biblioth\u00e8que Virtuelle de la RDC\"},\"image\":{\"@id\":\"https:\\\/\\\/congovirtuel.com\\\/information\\\/#\\\/schema\\\/logo\\\/image\\\/\"},\"sameAs\":[\"https:\\\/\\\/web.facebook.com\\\/Congovirtuel-763617960319601\\\/?ref=aymt_homepage_panel&amp;amp;amp;amp;amp;amp;amp;amp;amp;amp;amp;eid=ARCoxULa66767kIgF_KYav6VdjXTI4yk_LW4yoVO9s6NXpysgb7Cb65vpxcxgqzOAKvIbLQxaAETcqHT\",\"https:\\\/\\\/x.com\\\/congovirtuel\",\"https:\\\/\\\/www.youtube.com\\\/channel\\\/UCkFfprYzGgS3EWNpeMXpToQ?view_as=subscriber\"]},{\"@type\":\"Person\",\"@id\":\"https:\\\/\\\/congovirtuel.com\\\/information\\\/#\\\/schema\\\/person\\\/739a44bf7990966cb53d58d2fdeca0b6\",\"name\":\"infocongovirtuel\",\"image\":{\"@type\":\"ImageObject\",\"inLanguage\":\"fr-FR\",\"@id\":\"https:\\\/\\\/secure.gravatar.com\\\/avatar\\\/4d76991aa72469f0eb22e772586c99113c6997f88da636a9db8f2ce3a2c05e69?s=96&d=mm&r=g\",\"url\":\"https:\\\/\\\/secure.gravatar.com\\\/avatar\\\/4d76991aa72469f0eb22e772586c99113c6997f88da636a9db8f2ce3a2c05e69?s=96&d=mm&r=g\",\"contentUrl\":\"https:\\\/\\\/secure.gravatar.com\\\/avatar\\\/4d76991aa72469f0eb22e772586c99113c6997f88da636a9db8f2ce3a2c05e69?s=96&d=mm&r=g\",\"caption\":\"infocongovirtuel\"},\"url\":\"https:\\\/\\\/congovirtuel.com\\\/information\\\/author\\\/infocongovirtuel\\\/\"}]}<\/script>\n<!-- \/ Yoast SEO plugin. -->","yoast_head_json":{"title":"Une lettre ouverte co-sign\u00e9e par 31 personnalit\u00e9s congolaises contredit \u00ab La travers\u00e9e \u00bb de Patrick de Saint-Exup\u00e9ry - Actualit\u00e9s congolaises et internationales","robots":{"index":"index","follow":"follow","max-snippet":"max-snippet:-1","max-image-preview":"max-image-preview:large","max-video-preview":"max-video-preview:-1"},"canonical":"https:\/\/congovirtuel.com\/information\/une-lettre-ouverte-co-signee-par-31-personnalites-congolaises-contredit-la-traversee-de-patrick-de-saint-exupery\/","og_locale":"fr_FR","og_type":"article","og_title":"Une lettre ouverte co-sign\u00e9e par 31 personnalit\u00e9s congolaises contredit \u00ab La travers\u00e9e \u00bb de Patrick de Saint-Exup\u00e9ry - Actualit\u00e9s congolaises et internationales","og_description":"Le journaliste fran\u00e7ais Patrick de Saint-Exup\u00e9ry vient de publier un livre intitul\u00e9 \u00ab La travers\u00e9e \u00bb, livre r\u00e9cit sur son voyage en R\u00e9publique D\u00e9mocratique du Congo (RDC). Sp\u00e9cialiste autoproclam\u00e9 du Rwanda et fervent sympathisant du gouvernement de ce pays, son r\u00e9cit s\u2019inscrit dans la ligne officielle. Ce qui implique un doute sur son objectivit\u00e9. Il sied de pr\u00e9ciser que l\u2019absence de bonne foi dans certains de ses reportages est un fait qui le caract\u00e9rise. En effet, Patrick de Saint-Exup\u00e9ry a d\u00e9finitivement \u00e9t\u00e9 condamn\u00e9 \u00e0 deux reprises par la Cour de&hellip;","og_url":"https:\/\/congovirtuel.com\/information\/une-lettre-ouverte-co-signee-par-31-personnalites-congolaises-contredit-la-traversee-de-patrick-de-saint-exupery\/","og_site_name":"Actualit\u00e9s congolaises et internationales","article_publisher":"https:\/\/web.facebook.com\/Congovirtuel-763617960319601\/?ref=aymt_homepage_panel&amp%3bamp%3bamp%3bamp%3bamp%3bamp%3bamp%3bamp%3bamp%3bamp%3bamp%3beid=ARCoxULa66767kIgF_KYav6VdjXTI4yk_LW4yoVO9s6NXpysgb7Cb65vpxcxgqzOAKvIbLQxaAETcqHT","article_published_time":"2021-04-06T14:17:29+00:00","article_modified_time":"2021-04-06T14:17:35+00:00","og_image":[{"width":1440,"height":720,"url":"https:\/\/congovirtuel.com\/information\/wp-content\/uploads\/2021\/04\/patrick_de_saint_exupery.jpg","type":"image\/jpeg"}],"author":"infocongovirtuel","twitter_card":"summary_large_image","twitter_creator":"@congovirtuel","twitter_site":"@congovirtuel","twitter_misc":{"\u00c9crit par":"infocongovirtuel","Dur\u00e9e de lecture estim\u00e9e":"8 minutes"},"schema":{"@context":"https:\/\/schema.org","@graph":[{"@type":"Article","@id":"https:\/\/congovirtuel.com\/information\/une-lettre-ouverte-co-signee-par-31-personnalites-congolaises-contredit-la-traversee-de-patrick-de-saint-exupery\/#article","isPartOf":{"@id":"https:\/\/congovirtuel.com\/information\/une-lettre-ouverte-co-signee-par-31-personnalites-congolaises-contredit-la-traversee-de-patrick-de-saint-exupery\/"},"author":{"name":"infocongovirtuel","@id":"https:\/\/congovirtuel.com\/information\/#\/schema\/person\/739a44bf7990966cb53d58d2fdeca0b6"},"headline":"Une lettre ouverte co-sign\u00e9e par 31 personnalit\u00e9s congolaises contredit \u00ab La travers\u00e9e \u00bb de Patrick de Saint-Exup\u00e9ry","datePublished":"2021-04-06T14:17:29+00:00","dateModified":"2021-04-06T14:17:35+00:00","mainEntityOfPage":{"@id":"https:\/\/congovirtuel.com\/information\/une-lettre-ouverte-co-signee-par-31-personnalites-congolaises-contredit-la-traversee-de-patrick-de-saint-exupery\/"},"wordCount":2007,"commentCount":0,"publisher":{"@id":"https:\/\/congovirtuel.com\/information\/#organization"},"image":{"@id":"https:\/\/congovirtuel.com\/information\/une-lettre-ouverte-co-signee-par-31-personnalites-congolaises-contredit-la-traversee-de-patrick-de-saint-exupery\/#primaryimage"},"thumbnailUrl":"https:\/\/congovirtuel.com\/information\/wp-content\/uploads\/2021\/04\/patrick_de_saint_exupery.jpg","keywords":["Les intellectuels congolais boudent la travers\u00e9e"],"articleSection":["Rwanda"],"inLanguage":"fr-FR","potentialAction":[{"@type":"CommentAction","name":"Comment","target":["https:\/\/congovirtuel.com\/information\/une-lettre-ouverte-co-signee-par-31-personnalites-congolaises-contredit-la-traversee-de-patrick-de-saint-exupery\/#respond"]}]},{"@type":"WebPage","@id":"https:\/\/congovirtuel.com\/information\/une-lettre-ouverte-co-signee-par-31-personnalites-congolaises-contredit-la-traversee-de-patrick-de-saint-exupery\/","url":"https:\/\/congovirtuel.com\/information\/une-lettre-ouverte-co-signee-par-31-personnalites-congolaises-contredit-la-traversee-de-patrick-de-saint-exupery\/","name":"Une lettre ouverte co-sign\u00e9e par 31 personnalit\u00e9s congolaises contredit \u00ab La travers\u00e9e \u00bb de Patrick de Saint-Exup\u00e9ry - Actualit\u00e9s congolaises et internationales","isPartOf":{"@id":"https:\/\/congovirtuel.com\/information\/#website"},"primaryImageOfPage":{"@id":"https:\/\/congovirtuel.com\/information\/une-lettre-ouverte-co-signee-par-31-personnalites-congolaises-contredit-la-traversee-de-patrick-de-saint-exupery\/#primaryimage"},"image":{"@id":"https:\/\/congovirtuel.com\/information\/une-lettre-ouverte-co-signee-par-31-personnalites-congolaises-contredit-la-traversee-de-patrick-de-saint-exupery\/#primaryimage"},"thumbnailUrl":"https:\/\/congovirtuel.com\/information\/wp-content\/uploads\/2021\/04\/patrick_de_saint_exupery.jpg","datePublished":"2021-04-06T14:17:29+00:00","dateModified":"2021-04-06T14:17:35+00:00","breadcrumb":{"@id":"https:\/\/congovirtuel.com\/information\/une-lettre-ouverte-co-signee-par-31-personnalites-congolaises-contredit-la-traversee-de-patrick-de-saint-exupery\/#breadcrumb"},"inLanguage":"fr-FR","potentialAction":[{"@type":"ReadAction","target":["https:\/\/congovirtuel.com\/information\/une-lettre-ouverte-co-signee-par-31-personnalites-congolaises-contredit-la-traversee-de-patrick-de-saint-exupery\/"]}]},{"@type":"ImageObject","inLanguage":"fr-FR","@id":"https:\/\/congovirtuel.com\/information\/une-lettre-ouverte-co-signee-par-31-personnalites-congolaises-contredit-la-traversee-de-patrick-de-saint-exupery\/#primaryimage","url":"https:\/\/congovirtuel.com\/information\/wp-content\/uploads\/2021\/04\/patrick_de_saint_exupery.jpg","contentUrl":"https:\/\/congovirtuel.com\/information\/wp-content\/uploads\/2021\/04\/patrick_de_saint_exupery.jpg","width":1440,"height":720,"caption":"patrick_de_saint_exupery"},{"@type":"BreadcrumbList","@id":"https:\/\/congovirtuel.com\/information\/une-lettre-ouverte-co-signee-par-31-personnalites-congolaises-contredit-la-traversee-de-patrick-de-saint-exupery\/#breadcrumb","itemListElement":[{"@type":"ListItem","position":1,"name":"Accueil","item":"https:\/\/congovirtuel.com\/information\/"},{"@type":"ListItem","position":2,"name":"Une lettre ouverte co-sign\u00e9e par 31 personnalit\u00e9s congolaises contredit \u00ab La travers\u00e9e \u00bb de Patrick de Saint-Exup\u00e9ry"}]},{"@type":"WebSite","@id":"https:\/\/congovirtuel.com\/information\/#website","url":"https:\/\/congovirtuel.com\/information\/","name":"Actualit\u00e9s congolaises et internationales","description":"site d&#039;analyse et de traitement d&#039;information","publisher":{"@id":"https:\/\/congovirtuel.com\/information\/#organization"},"potentialAction":[{"@type":"SearchAction","target":{"@type":"EntryPoint","urlTemplate":"https:\/\/congovirtuel.com\/information\/?s={search_term_string}"},"query-input":{"@type":"PropertyValueSpecification","valueRequired":true,"valueName":"search_term_string"}}],"inLanguage":"fr-FR"},{"@type":"Organization","@id":"https:\/\/congovirtuel.com\/information\/#organization","name":"Biblioth\u00e8que Virtuelle de la RDC","url":"https:\/\/congovirtuel.com\/information\/","logo":{"@type":"ImageObject","inLanguage":"fr-FR","@id":"https:\/\/congovirtuel.com\/information\/#\/schema\/logo\/image\/","url":"https:\/\/congovirtuel.com\/information\/wp-content\/uploads\/2018\/10\/header-info-congovirtuel-vraie.jpg","contentUrl":"https:\/\/congovirtuel.com\/information\/wp-content\/uploads\/2018\/10\/header-info-congovirtuel-vraie.jpg","width":728,"height":90,"caption":"Biblioth\u00e8que Virtuelle de la RDC"},"image":{"@id":"https:\/\/congovirtuel.com\/information\/#\/schema\/logo\/image\/"},"sameAs":["https:\/\/web.facebook.com\/Congovirtuel-763617960319601\/?ref=aymt_homepage_panel&amp;amp;amp;amp;amp;amp;amp;amp;amp;amp;amp;eid=ARCoxULa66767kIgF_KYav6VdjXTI4yk_LW4yoVO9s6NXpysgb7Cb65vpxcxgqzOAKvIbLQxaAETcqHT","https:\/\/x.com\/congovirtuel","https:\/\/www.youtube.com\/channel\/UCkFfprYzGgS3EWNpeMXpToQ?view_as=subscriber"]},{"@type":"Person","@id":"https:\/\/congovirtuel.com\/information\/#\/schema\/person\/739a44bf7990966cb53d58d2fdeca0b6","name":"infocongovirtuel","image":{"@type":"ImageObject","inLanguage":"fr-FR","@id":"https:\/\/secure.gravatar.com\/avatar\/4d76991aa72469f0eb22e772586c99113c6997f88da636a9db8f2ce3a2c05e69?s=96&d=mm&r=g","url":"https:\/\/secure.gravatar.com\/avatar\/4d76991aa72469f0eb22e772586c99113c6997f88da636a9db8f2ce3a2c05e69?s=96&d=mm&r=g","contentUrl":"https:\/\/secure.gravatar.com\/avatar\/4d76991aa72469f0eb22e772586c99113c6997f88da636a9db8f2ce3a2c05e69?s=96&d=mm&r=g","caption":"infocongovirtuel"},"url":"https:\/\/congovirtuel.com\/information\/author\/infocongovirtuel\/"}]}},"gt_translate_keys":[{"key":"link","format":"url"}],"_links":{"self":[{"href":"https:\/\/congovirtuel.com\/information\/wp-json\/wp\/v2\/posts\/7560","targetHints":{"allow":["GET"]}}],"collection":[{"href":"https:\/\/congovirtuel.com\/information\/wp-json\/wp\/v2\/posts"}],"about":[{"href":"https:\/\/congovirtuel.com\/information\/wp-json\/wp\/v2\/types\/post"}],"author":[{"embeddable":true,"href":"https:\/\/congovirtuel.com\/information\/wp-json\/wp\/v2\/users\/1"}],"replies":[{"embeddable":true,"href":"https:\/\/congovirtuel.com\/information\/wp-json\/wp\/v2\/comments?post=7560"}],"version-history":[{"count":1,"href":"https:\/\/congovirtuel.com\/information\/wp-json\/wp\/v2\/posts\/7560\/revisions"}],"predecessor-version":[{"id":7562,"href":"https:\/\/congovirtuel.com\/information\/wp-json\/wp\/v2\/posts\/7560\/revisions\/7562"}],"wp:featuredmedia":[{"embeddable":true,"href":"https:\/\/congovirtuel.com\/information\/wp-json\/wp\/v2\/media\/7561"}],"wp:attachment":[{"href":"https:\/\/congovirtuel.com\/information\/wp-json\/wp\/v2\/media?parent=7560"}],"wp:term":[{"taxonomy":"category","embeddable":true,"href":"https:\/\/congovirtuel.com\/information\/wp-json\/wp\/v2\/categories?post=7560"},{"taxonomy":"post_tag","embeddable":true,"href":"https:\/\/congovirtuel.com\/information\/wp-json\/wp\/v2\/tags?post=7560"}],"curies":[{"name":"wp","href":"https:\/\/api.w.org\/{rel}","templated":true}]}}