{"id":7674,"date":"2021-04-09T12:53:06","date_gmt":"2021-04-09T11:53:06","guid":{"rendered":"https:\/\/congovirtuel.com\/information\/?p=7674"},"modified":"2021-04-09T12:53:14","modified_gmt":"2021-04-09T11:53:14","slug":"les-avocats-de-dig-oil-matthew-mcgill-et-rahim-moloo-capitalisent-leur-position-face-au-silence-de-la-rdc","status":"publish","type":"post","link":"https:\/\/congovirtuel.com\/information\/les-avocats-de-dig-oil-matthew-mcgill-et-rahim-moloo-capitalisent-leur-position-face-au-silence-de-la-rdc\/","title":{"rendered":"Les avocats de Dig Oil Matthew McGill et Rahim Moloo  capitalisent leur position face au silence de la RDC","gt_translate_keys":[{"key":"rendered","format":"text"}]},"content":{"rendered":"\n<p class=\"wp-block-paragraph\">Mur\u00e9e dans le silence depuis le mois d&rsquo;avril 2020, la RDC n&rsquo;a soumis aucun document contradictoire \u00e0 la demande de jugement par d\u00e9faut d\u00e9pos\u00e9e par Dig Oil le 12 octobre dernier devant le tribunal du District of Columbia. La soci\u00e9t\u00e9 sud-africaine cherche \u00e0 faire valider la d\u00e9cision de la Chambre de commerce internationale (ICC), qui a condamn\u00e9 en 2018 la RDC \u00e0 lui verser plus de 600 millions de dollars pour lui avoir ind\u00fbment retir\u00e9 en 2010 le bloc 1 dans le graben Albertine et d&rsquo;avoir tard\u00e9 \u00e0 valider ses contrats de production sur ses trois blocs dans la Cuvette centrale (8, 23 et 24).<\/p>\n\n\n\n<p class=\"wp-block-paragraph\">Comme nous l&rsquo;avions anticip\u00e9 , les avocats de Dig Oil Matthew McGill et Rahim Moloo du cabinet Gibson, Dunn &amp; Crutcher se sont engouffr\u00e9s dans la br\u00e8che de l&rsquo;absence de contradictoire : dans un document dat\u00e9 du 1er avril, ils ont demand\u00e9 au tribunal d&rsquo;accepter leur requ\u00eate de condamnation de Kinshasa par d\u00e9faut. En vertu de la loi am\u00e9ricaine, en cas d&rsquo;absence d&rsquo;opposition transmise dans les d\u00e9lais (quatorze jours), le tribunal doit consid\u00e9rer la requ\u00eate comme accept\u00e9e. Or le d\u00e9lai est largement d\u00e9pass\u00e9, Dig Oil ayant d\u00e9pos\u00e9 sa demande il y a pr\u00e8s de cinq mois, sans que la RDC ne se manifeste.<\/p>\n\n\n\n<p class=\"wp-block-paragraph\"><strong>\u00a0Africa Intelligence<\/strong><\/p>\n","protected":false,"gt_translate_keys":[{"key":"rendered","format":"html"}]},"excerpt":{"rendered":"<p>Mur\u00e9e dans le silence depuis le mois d&rsquo;avril 2020, la RDC n&rsquo;a soumis aucun document contradictoire \u00e0 la demande de jugement par d\u00e9faut d\u00e9pos\u00e9e par Dig Oil le 12 octobre dernier devant le tribunal du District of Columbia. La soci\u00e9t\u00e9 sud-africaine cherche \u00e0 faire valider la d\u00e9cision de la Chambre de commerce internationale (ICC), qui a condamn\u00e9 en 2018 la RDC \u00e0 lui verser plus de 600 millions de dollars pour lui avoir ind\u00fbment retir\u00e9 en 2010 le bloc 1 dans le graben Albertine et d&rsquo;avoir tard\u00e9 \u00e0 valider ses&hellip;<\/p>\n","protected":false,"gt_translate_keys":[{"key":"rendered","format":"html"}]},"author":1,"featured_media":2236,"comment_status":"open","ping_status":"open","sticky":false,"template":"","format":"standard","meta":{"_crdt_document":"","footnotes":""},"categories":[609],"tags":[612],"class_list":["post-7674","post","type-post","status-publish","format-standard","has-post-thumbnail","hentry","category-litiges","tag-dig-oil"],"gutentor_comment":0,"yoast_head":"<!-- This site is optimized with the Yoast SEO plugin v27.5 - https:\/\/yoast.com\/product\/yoast-seo-wordpress\/ -->\n<title>Les avocats de Dig Oil Matthew McGill et Rahim Moloo capitalisent leur position face au silence de la RDC - Actualit\u00e9s congolaises et internationales<\/title>\n<meta name=\"robots\" content=\"index, follow, max-snippet:-1, max-image-preview:large, max-video-preview:-1\" \/>\n<link rel=\"canonical\" href=\"https:\/\/congovirtuel.com\/information\/les-avocats-de-dig-oil-matthew-mcgill-et-rahim-moloo-capitalisent-leur-position-face-au-silence-de-la-rdc\/\" \/>\n<meta property=\"og:locale\" content=\"fr_FR\" \/>\n<meta property=\"og:type\" content=\"article\" \/>\n<meta property=\"og:title\" content=\"Les avocats de Dig Oil Matthew McGill et Rahim Moloo capitalisent leur position face au silence de la RDC - Actualit\u00e9s congolaises et internationales\" \/>\n<meta property=\"og:description\" content=\"Mur\u00e9e dans le silence depuis le mois d&rsquo;avril 2020, la RDC n&rsquo;a soumis aucun document contradictoire \u00e0 la demande de jugement par d\u00e9faut d\u00e9pos\u00e9e par Dig Oil le 12 octobre dernier devant le tribunal du District of Columbia. La soci\u00e9t\u00e9 sud-africaine cherche \u00e0 faire valider la d\u00e9cision de la Chambre de commerce internationale (ICC), qui a condamn\u00e9 en 2018 la RDC \u00e0 lui verser plus de 600 millions de dollars pour lui avoir ind\u00fbment retir\u00e9 en 2010 le bloc 1 dans le graben Albertine et d&rsquo;avoir tard\u00e9 \u00e0 valider ses&hellip;\" \/>\n<meta property=\"og:url\" content=\"https:\/\/congovirtuel.com\/information\/les-avocats-de-dig-oil-matthew-mcgill-et-rahim-moloo-capitalisent-leur-position-face-au-silence-de-la-rdc\/\" \/>\n<meta property=\"og:site_name\" content=\"Actualit\u00e9s congolaises et internationales\" \/>\n<meta property=\"article:publisher\" content=\"https:\/\/web.facebook.com\/Congovirtuel-763617960319601\/?ref=aymt_homepage_panel&amp;amp%3bamp%3bamp%3bamp%3bamp%3bamp%3bamp%3bamp%3bamp%3bamp%3bamp%3beid=ARCoxULa66767kIgF_KYav6VdjXTI4yk_LW4yoVO9s6NXpysgb7Cb65vpxcxgqzOAKvIbLQxaAETcqHT\" \/>\n<meta property=\"article:published_time\" content=\"2021-04-09T11:53:06+00:00\" \/>\n<meta property=\"article:modified_time\" content=\"2021-04-09T11:53:14+00:00\" \/>\n<meta property=\"og:image\" content=\"https:\/\/congovirtuel.com\/information\/wp-content\/uploads\/2020\/07\/dig_oil.jpg\" \/>\n\t<meta property=\"og:image:width\" content=\"820\" \/>\n\t<meta property=\"og:image:height\" content=\"600\" \/>\n\t<meta property=\"og:image:type\" content=\"image\/jpeg\" \/>\n<meta name=\"author\" content=\"infocongovirtuel\" \/>\n<meta name=\"twitter:card\" content=\"summary_large_image\" \/>\n<meta name=\"twitter:creator\" content=\"@congovirtuel\" \/>\n<meta name=\"twitter:site\" content=\"@congovirtuel\" \/>\n<meta name=\"twitter:label1\" content=\"\u00c9crit par\" \/>\n\t<meta name=\"twitter:data1\" content=\"infocongovirtuel\" \/>\n\t<meta name=\"twitter:label2\" content=\"Dur\u00e9e de lecture estim\u00e9e\" \/>\n\t<meta name=\"twitter:data2\" content=\"1 minute\" \/>\n<script type=\"application\/ld+json\" class=\"yoast-schema-graph\">{\"@context\":\"https:\\\/\\\/schema.org\",\"@graph\":[{\"@type\":\"Article\",\"@id\":\"https:\\\/\\\/congovirtuel.com\\\/information\\\/les-avocats-de-dig-oil-matthew-mcgill-et-rahim-moloo-capitalisent-leur-position-face-au-silence-de-la-rdc\\\/#article\",\"isPartOf\":{\"@id\":\"https:\\\/\\\/congovirtuel.com\\\/information\\\/les-avocats-de-dig-oil-matthew-mcgill-et-rahim-moloo-capitalisent-leur-position-face-au-silence-de-la-rdc\\\/\"},\"author\":{\"name\":\"infocongovirtuel\",\"@id\":\"https:\\\/\\\/congovirtuel.com\\\/information\\\/#\\\/schema\\\/person\\\/739a44bf7990966cb53d58d2fdeca0b6\"},\"headline\":\"Les avocats de Dig Oil Matthew McGill et Rahim Moloo capitalisent leur position face au silence de la RDC\",\"datePublished\":\"2021-04-09T11:53:06+00:00\",\"dateModified\":\"2021-04-09T11:53:14+00:00\",\"mainEntityOfPage\":{\"@id\":\"https:\\\/\\\/congovirtuel.com\\\/information\\\/les-avocats-de-dig-oil-matthew-mcgill-et-rahim-moloo-capitalisent-leur-position-face-au-silence-de-la-rdc\\\/\"},\"wordCount\":242,\"commentCount\":0,\"publisher\":{\"@id\":\"https:\\\/\\\/congovirtuel.com\\\/information\\\/#organization\"},\"image\":{\"@id\":\"https:\\\/\\\/congovirtuel.com\\\/information\\\/les-avocats-de-dig-oil-matthew-mcgill-et-rahim-moloo-capitalisent-leur-position-face-au-silence-de-la-rdc\\\/#primaryimage\"},\"thumbnailUrl\":\"https:\\\/\\\/congovirtuel.com\\\/information\\\/wp-content\\\/uploads\\\/2020\\\/07\\\/dig_oil.jpg\",\"keywords\":[\"Dig Oil\"],\"articleSection\":[\"Litiges\"],\"inLanguage\":\"fr-FR\",\"potentialAction\":[{\"@type\":\"CommentAction\",\"name\":\"Comment\",\"target\":[\"https:\\\/\\\/congovirtuel.com\\\/information\\\/les-avocats-de-dig-oil-matthew-mcgill-et-rahim-moloo-capitalisent-leur-position-face-au-silence-de-la-rdc\\\/#respond\"]}]},{\"@type\":\"WebPage\",\"@id\":\"https:\\\/\\\/congovirtuel.com\\\/information\\\/les-avocats-de-dig-oil-matthew-mcgill-et-rahim-moloo-capitalisent-leur-position-face-au-silence-de-la-rdc\\\/\",\"url\":\"https:\\\/\\\/congovirtuel.com\\\/information\\\/les-avocats-de-dig-oil-matthew-mcgill-et-rahim-moloo-capitalisent-leur-position-face-au-silence-de-la-rdc\\\/\",\"name\":\"Les avocats de Dig Oil Matthew McGill et Rahim Moloo capitalisent leur position face au silence de la RDC - Actualit\u00e9s congolaises et internationales\",\"isPartOf\":{\"@id\":\"https:\\\/\\\/congovirtuel.com\\\/information\\\/#website\"},\"primaryImageOfPage\":{\"@id\":\"https:\\\/\\\/congovirtuel.com\\\/information\\\/les-avocats-de-dig-oil-matthew-mcgill-et-rahim-moloo-capitalisent-leur-position-face-au-silence-de-la-rdc\\\/#primaryimage\"},\"image\":{\"@id\":\"https:\\\/\\\/congovirtuel.com\\\/information\\\/les-avocats-de-dig-oil-matthew-mcgill-et-rahim-moloo-capitalisent-leur-position-face-au-silence-de-la-rdc\\\/#primaryimage\"},\"thumbnailUrl\":\"https:\\\/\\\/congovirtuel.com\\\/information\\\/wp-content\\\/uploads\\\/2020\\\/07\\\/dig_oil.jpg\",\"datePublished\":\"2021-04-09T11:53:06+00:00\",\"dateModified\":\"2021-04-09T11:53:14+00:00\",\"breadcrumb\":{\"@id\":\"https:\\\/\\\/congovirtuel.com\\\/information\\\/les-avocats-de-dig-oil-matthew-mcgill-et-rahim-moloo-capitalisent-leur-position-face-au-silence-de-la-rdc\\\/#breadcrumb\"},\"inLanguage\":\"fr-FR\",\"potentialAction\":[{\"@type\":\"ReadAction\",\"target\":[\"https:\\\/\\\/congovirtuel.com\\\/information\\\/les-avocats-de-dig-oil-matthew-mcgill-et-rahim-moloo-capitalisent-leur-position-face-au-silence-de-la-rdc\\\/\"]}]},{\"@type\":\"ImageObject\",\"inLanguage\":\"fr-FR\",\"@id\":\"https:\\\/\\\/congovirtuel.com\\\/information\\\/les-avocats-de-dig-oil-matthew-mcgill-et-rahim-moloo-capitalisent-leur-position-face-au-silence-de-la-rdc\\\/#primaryimage\",\"url\":\"https:\\\/\\\/congovirtuel.com\\\/information\\\/wp-content\\\/uploads\\\/2020\\\/07\\\/dig_oil.jpg\",\"contentUrl\":\"https:\\\/\\\/congovirtuel.com\\\/information\\\/wp-content\\\/uploads\\\/2020\\\/07\\\/dig_oil.jpg\",\"width\":820,\"height\":600},{\"@type\":\"BreadcrumbList\",\"@id\":\"https:\\\/\\\/congovirtuel.com\\\/information\\\/les-avocats-de-dig-oil-matthew-mcgill-et-rahim-moloo-capitalisent-leur-position-face-au-silence-de-la-rdc\\\/#breadcrumb\",\"itemListElement\":[{\"@type\":\"ListItem\",\"position\":1,\"name\":\"Accueil\",\"item\":\"https:\\\/\\\/congovirtuel.com\\\/information\\\/\"},{\"@type\":\"ListItem\",\"position\":2,\"name\":\"Les avocats de Dig Oil Matthew McGill et Rahim Moloo capitalisent leur position face au silence de la RDC\"}]},{\"@type\":\"WebSite\",\"@id\":\"https:\\\/\\\/congovirtuel.com\\\/information\\\/#website\",\"url\":\"https:\\\/\\\/congovirtuel.com\\\/information\\\/\",\"name\":\"Actualit\u00e9s congolaises et internationales\",\"description\":\"site d&#039;analyse et de traitement d&#039;information\",\"publisher\":{\"@id\":\"https:\\\/\\\/congovirtuel.com\\\/information\\\/#organization\"},\"potentialAction\":[{\"@type\":\"SearchAction\",\"target\":{\"@type\":\"EntryPoint\",\"urlTemplate\":\"https:\\\/\\\/congovirtuel.com\\\/information\\\/?s={search_term_string}\"},\"query-input\":{\"@type\":\"PropertyValueSpecification\",\"valueRequired\":true,\"valueName\":\"search_term_string\"}}],\"inLanguage\":\"fr-FR\"},{\"@type\":\"Organization\",\"@id\":\"https:\\\/\\\/congovirtuel.com\\\/information\\\/#organization\",\"name\":\"Biblioth\u00e8que Virtuelle de la RDC\",\"url\":\"https:\\\/\\\/congovirtuel.com\\\/information\\\/\",\"logo\":{\"@type\":\"ImageObject\",\"inLanguage\":\"fr-FR\",\"@id\":\"https:\\\/\\\/congovirtuel.com\\\/information\\\/#\\\/schema\\\/logo\\\/image\\\/\",\"url\":\"https:\\\/\\\/congovirtuel.com\\\/information\\\/wp-content\\\/uploads\\\/2018\\\/10\\\/header-info-congovirtuel-vraie.jpg\",\"contentUrl\":\"https:\\\/\\\/congovirtuel.com\\\/information\\\/wp-content\\\/uploads\\\/2018\\\/10\\\/header-info-congovirtuel-vraie.jpg\",\"width\":728,\"height\":90,\"caption\":\"Biblioth\u00e8que Virtuelle de la RDC\"},\"image\":{\"@id\":\"https:\\\/\\\/congovirtuel.com\\\/information\\\/#\\\/schema\\\/logo\\\/image\\\/\"},\"sameAs\":[\"https:\\\/\\\/web.facebook.com\\\/Congovirtuel-763617960319601\\\/?ref=aymt_homepage_panel&amp;amp;amp;amp;amp;amp;amp;amp;amp;amp;amp;eid=ARCoxULa66767kIgF_KYav6VdjXTI4yk_LW4yoVO9s6NXpysgb7Cb65vpxcxgqzOAKvIbLQxaAETcqHT\",\"https:\\\/\\\/x.com\\\/congovirtuel\",\"https:\\\/\\\/www.youtube.com\\\/channel\\\/UCkFfprYzGgS3EWNpeMXpToQ?view_as=subscriber\"]},{\"@type\":\"Person\",\"@id\":\"https:\\\/\\\/congovirtuel.com\\\/information\\\/#\\\/schema\\\/person\\\/739a44bf7990966cb53d58d2fdeca0b6\",\"name\":\"infocongovirtuel\",\"image\":{\"@type\":\"ImageObject\",\"inLanguage\":\"fr-FR\",\"@id\":\"https:\\\/\\\/secure.gravatar.com\\\/avatar\\\/4d76991aa72469f0eb22e772586c99113c6997f88da636a9db8f2ce3a2c05e69?s=96&d=mm&r=g\",\"url\":\"https:\\\/\\\/secure.gravatar.com\\\/avatar\\\/4d76991aa72469f0eb22e772586c99113c6997f88da636a9db8f2ce3a2c05e69?s=96&d=mm&r=g\",\"contentUrl\":\"https:\\\/\\\/secure.gravatar.com\\\/avatar\\\/4d76991aa72469f0eb22e772586c99113c6997f88da636a9db8f2ce3a2c05e69?s=96&d=mm&r=g\",\"caption\":\"infocongovirtuel\"},\"url\":\"https:\\\/\\\/congovirtuel.com\\\/information\\\/author\\\/infocongovirtuel\\\/\"}]}<\/script>\n<!-- \/ Yoast SEO plugin. -->","yoast_head_json":{"title":"Les avocats de Dig Oil Matthew McGill et Rahim Moloo capitalisent leur position face au silence de la RDC - Actualit\u00e9s congolaises et internationales","robots":{"index":"index","follow":"follow","max-snippet":"max-snippet:-1","max-image-preview":"max-image-preview:large","max-video-preview":"max-video-preview:-1"},"canonical":"https:\/\/congovirtuel.com\/information\/les-avocats-de-dig-oil-matthew-mcgill-et-rahim-moloo-capitalisent-leur-position-face-au-silence-de-la-rdc\/","og_locale":"fr_FR","og_type":"article","og_title":"Les avocats de Dig Oil Matthew McGill et Rahim Moloo capitalisent leur position face au silence de la RDC - Actualit\u00e9s congolaises et internationales","og_description":"Mur\u00e9e dans le silence depuis le mois d&rsquo;avril 2020, la RDC n&rsquo;a soumis aucun document contradictoire \u00e0 la demande de jugement par d\u00e9faut d\u00e9pos\u00e9e par Dig Oil le 12 octobre dernier devant le tribunal du District of Columbia. La soci\u00e9t\u00e9 sud-africaine cherche \u00e0 faire valider la d\u00e9cision de la Chambre de commerce internationale (ICC), qui a condamn\u00e9 en 2018 la RDC \u00e0 lui verser plus de 600 millions de dollars pour lui avoir ind\u00fbment retir\u00e9 en 2010 le bloc 1 dans le graben Albertine et d&rsquo;avoir tard\u00e9 \u00e0 valider ses&hellip;","og_url":"https:\/\/congovirtuel.com\/information\/les-avocats-de-dig-oil-matthew-mcgill-et-rahim-moloo-capitalisent-leur-position-face-au-silence-de-la-rdc\/","og_site_name":"Actualit\u00e9s congolaises et internationales","article_publisher":"https:\/\/web.facebook.com\/Congovirtuel-763617960319601\/?ref=aymt_homepage_panel&amp%3bamp%3bamp%3bamp%3bamp%3bamp%3bamp%3bamp%3bamp%3bamp%3bamp%3beid=ARCoxULa66767kIgF_KYav6VdjXTI4yk_LW4yoVO9s6NXpysgb7Cb65vpxcxgqzOAKvIbLQxaAETcqHT","article_published_time":"2021-04-09T11:53:06+00:00","article_modified_time":"2021-04-09T11:53:14+00:00","og_image":[{"width":820,"height":600,"url":"https:\/\/congovirtuel.com\/information\/wp-content\/uploads\/2020\/07\/dig_oil.jpg","type":"image\/jpeg"}],"author":"infocongovirtuel","twitter_card":"summary_large_image","twitter_creator":"@congovirtuel","twitter_site":"@congovirtuel","twitter_misc":{"\u00c9crit par":"infocongovirtuel","Dur\u00e9e de lecture estim\u00e9e":"1 minute"},"schema":{"@context":"https:\/\/schema.org","@graph":[{"@type":"Article","@id":"https:\/\/congovirtuel.com\/information\/les-avocats-de-dig-oil-matthew-mcgill-et-rahim-moloo-capitalisent-leur-position-face-au-silence-de-la-rdc\/#article","isPartOf":{"@id":"https:\/\/congovirtuel.com\/information\/les-avocats-de-dig-oil-matthew-mcgill-et-rahim-moloo-capitalisent-leur-position-face-au-silence-de-la-rdc\/"},"author":{"name":"infocongovirtuel","@id":"https:\/\/congovirtuel.com\/information\/#\/schema\/person\/739a44bf7990966cb53d58d2fdeca0b6"},"headline":"Les avocats de Dig Oil Matthew McGill et Rahim Moloo capitalisent leur position face au silence de la RDC","datePublished":"2021-04-09T11:53:06+00:00","dateModified":"2021-04-09T11:53:14+00:00","mainEntityOfPage":{"@id":"https:\/\/congovirtuel.com\/information\/les-avocats-de-dig-oil-matthew-mcgill-et-rahim-moloo-capitalisent-leur-position-face-au-silence-de-la-rdc\/"},"wordCount":242,"commentCount":0,"publisher":{"@id":"https:\/\/congovirtuel.com\/information\/#organization"},"image":{"@id":"https:\/\/congovirtuel.com\/information\/les-avocats-de-dig-oil-matthew-mcgill-et-rahim-moloo-capitalisent-leur-position-face-au-silence-de-la-rdc\/#primaryimage"},"thumbnailUrl":"https:\/\/congovirtuel.com\/information\/wp-content\/uploads\/2020\/07\/dig_oil.jpg","keywords":["Dig Oil"],"articleSection":["Litiges"],"inLanguage":"fr-FR","potentialAction":[{"@type":"CommentAction","name":"Comment","target":["https:\/\/congovirtuel.com\/information\/les-avocats-de-dig-oil-matthew-mcgill-et-rahim-moloo-capitalisent-leur-position-face-au-silence-de-la-rdc\/#respond"]}]},{"@type":"WebPage","@id":"https:\/\/congovirtuel.com\/information\/les-avocats-de-dig-oil-matthew-mcgill-et-rahim-moloo-capitalisent-leur-position-face-au-silence-de-la-rdc\/","url":"https:\/\/congovirtuel.com\/information\/les-avocats-de-dig-oil-matthew-mcgill-et-rahim-moloo-capitalisent-leur-position-face-au-silence-de-la-rdc\/","name":"Les avocats de Dig Oil Matthew McGill et Rahim Moloo capitalisent leur position face au silence de la RDC - Actualit\u00e9s congolaises et internationales","isPartOf":{"@id":"https:\/\/congovirtuel.com\/information\/#website"},"primaryImageOfPage":{"@id":"https:\/\/congovirtuel.com\/information\/les-avocats-de-dig-oil-matthew-mcgill-et-rahim-moloo-capitalisent-leur-position-face-au-silence-de-la-rdc\/#primaryimage"},"image":{"@id":"https:\/\/congovirtuel.com\/information\/les-avocats-de-dig-oil-matthew-mcgill-et-rahim-moloo-capitalisent-leur-position-face-au-silence-de-la-rdc\/#primaryimage"},"thumbnailUrl":"https:\/\/congovirtuel.com\/information\/wp-content\/uploads\/2020\/07\/dig_oil.jpg","datePublished":"2021-04-09T11:53:06+00:00","dateModified":"2021-04-09T11:53:14+00:00","breadcrumb":{"@id":"https:\/\/congovirtuel.com\/information\/les-avocats-de-dig-oil-matthew-mcgill-et-rahim-moloo-capitalisent-leur-position-face-au-silence-de-la-rdc\/#breadcrumb"},"inLanguage":"fr-FR","potentialAction":[{"@type":"ReadAction","target":["https:\/\/congovirtuel.com\/information\/les-avocats-de-dig-oil-matthew-mcgill-et-rahim-moloo-capitalisent-leur-position-face-au-silence-de-la-rdc\/"]}]},{"@type":"ImageObject","inLanguage":"fr-FR","@id":"https:\/\/congovirtuel.com\/information\/les-avocats-de-dig-oil-matthew-mcgill-et-rahim-moloo-capitalisent-leur-position-face-au-silence-de-la-rdc\/#primaryimage","url":"https:\/\/congovirtuel.com\/information\/wp-content\/uploads\/2020\/07\/dig_oil.jpg","contentUrl":"https:\/\/congovirtuel.com\/information\/wp-content\/uploads\/2020\/07\/dig_oil.jpg","width":820,"height":600},{"@type":"BreadcrumbList","@id":"https:\/\/congovirtuel.com\/information\/les-avocats-de-dig-oil-matthew-mcgill-et-rahim-moloo-capitalisent-leur-position-face-au-silence-de-la-rdc\/#breadcrumb","itemListElement":[{"@type":"ListItem","position":1,"name":"Accueil","item":"https:\/\/congovirtuel.com\/information\/"},{"@type":"ListItem","position":2,"name":"Les avocats de Dig Oil Matthew McGill et Rahim Moloo capitalisent leur position face au silence de la RDC"}]},{"@type":"WebSite","@id":"https:\/\/congovirtuel.com\/information\/#website","url":"https:\/\/congovirtuel.com\/information\/","name":"Actualit\u00e9s congolaises et internationales","description":"site d&#039;analyse et de traitement d&#039;information","publisher":{"@id":"https:\/\/congovirtuel.com\/information\/#organization"},"potentialAction":[{"@type":"SearchAction","target":{"@type":"EntryPoint","urlTemplate":"https:\/\/congovirtuel.com\/information\/?s={search_term_string}"},"query-input":{"@type":"PropertyValueSpecification","valueRequired":true,"valueName":"search_term_string"}}],"inLanguage":"fr-FR"},{"@type":"Organization","@id":"https:\/\/congovirtuel.com\/information\/#organization","name":"Biblioth\u00e8que Virtuelle de la RDC","url":"https:\/\/congovirtuel.com\/information\/","logo":{"@type":"ImageObject","inLanguage":"fr-FR","@id":"https:\/\/congovirtuel.com\/information\/#\/schema\/logo\/image\/","url":"https:\/\/congovirtuel.com\/information\/wp-content\/uploads\/2018\/10\/header-info-congovirtuel-vraie.jpg","contentUrl":"https:\/\/congovirtuel.com\/information\/wp-content\/uploads\/2018\/10\/header-info-congovirtuel-vraie.jpg","width":728,"height":90,"caption":"Biblioth\u00e8que Virtuelle de la RDC"},"image":{"@id":"https:\/\/congovirtuel.com\/information\/#\/schema\/logo\/image\/"},"sameAs":["https:\/\/web.facebook.com\/Congovirtuel-763617960319601\/?ref=aymt_homepage_panel&amp;amp;amp;amp;amp;amp;amp;amp;amp;amp;amp;eid=ARCoxULa66767kIgF_KYav6VdjXTI4yk_LW4yoVO9s6NXpysgb7Cb65vpxcxgqzOAKvIbLQxaAETcqHT","https:\/\/x.com\/congovirtuel","https:\/\/www.youtube.com\/channel\/UCkFfprYzGgS3EWNpeMXpToQ?view_as=subscriber"]},{"@type":"Person","@id":"https:\/\/congovirtuel.com\/information\/#\/schema\/person\/739a44bf7990966cb53d58d2fdeca0b6","name":"infocongovirtuel","image":{"@type":"ImageObject","inLanguage":"fr-FR","@id":"https:\/\/secure.gravatar.com\/avatar\/4d76991aa72469f0eb22e772586c99113c6997f88da636a9db8f2ce3a2c05e69?s=96&d=mm&r=g","url":"https:\/\/secure.gravatar.com\/avatar\/4d76991aa72469f0eb22e772586c99113c6997f88da636a9db8f2ce3a2c05e69?s=96&d=mm&r=g","contentUrl":"https:\/\/secure.gravatar.com\/avatar\/4d76991aa72469f0eb22e772586c99113c6997f88da636a9db8f2ce3a2c05e69?s=96&d=mm&r=g","caption":"infocongovirtuel"},"url":"https:\/\/congovirtuel.com\/information\/author\/infocongovirtuel\/"}]}},"gt_translate_keys":[{"key":"link","format":"url"}],"_links":{"self":[{"href":"https:\/\/congovirtuel.com\/information\/wp-json\/wp\/v2\/posts\/7674","targetHints":{"allow":["GET"]}}],"collection":[{"href":"https:\/\/congovirtuel.com\/information\/wp-json\/wp\/v2\/posts"}],"about":[{"href":"https:\/\/congovirtuel.com\/information\/wp-json\/wp\/v2\/types\/post"}],"author":[{"embeddable":true,"href":"https:\/\/congovirtuel.com\/information\/wp-json\/wp\/v2\/users\/1"}],"replies":[{"embeddable":true,"href":"https:\/\/congovirtuel.com\/information\/wp-json\/wp\/v2\/comments?post=7674"}],"version-history":[{"count":1,"href":"https:\/\/congovirtuel.com\/information\/wp-json\/wp\/v2\/posts\/7674\/revisions"}],"predecessor-version":[{"id":7675,"href":"https:\/\/congovirtuel.com\/information\/wp-json\/wp\/v2\/posts\/7674\/revisions\/7675"}],"wp:featuredmedia":[{"embeddable":true,"href":"https:\/\/congovirtuel.com\/information\/wp-json\/wp\/v2\/media\/2236"}],"wp:attachment":[{"href":"https:\/\/congovirtuel.com\/information\/wp-json\/wp\/v2\/media?parent=7674"}],"wp:term":[{"taxonomy":"category","embeddable":true,"href":"https:\/\/congovirtuel.com\/information\/wp-json\/wp\/v2\/categories?post=7674"},{"taxonomy":"post_tag","embeddable":true,"href":"https:\/\/congovirtuel.com\/information\/wp-json\/wp\/v2\/tags?post=7674"}],"curies":[{"name":"wp","href":"https:\/\/api.w.org\/{rel}","templated":true}]}}