{"id":7758,"date":"2021-04-14T15:44:00","date_gmt":"2021-04-14T14:44:00","guid":{"rendered":"https:\/\/congovirtuel.com\/information\/?p=7758"},"modified":"2021-04-13T12:22:20","modified_gmt":"2021-04-13T11:22:20","slug":"comment-macron-setait-investi-pour-que-joseph-kabila-renonce-a-briguer-un-troisieme-mandat","status":"publish","type":"post","link":"https:\/\/congovirtuel.com\/information\/comment-macron-setait-investi-pour-que-joseph-kabila-renonce-a-briguer-un-troisieme-mandat\/","title":{"rendered":"Comment Macron s&rsquo;\u00e9tait  investi pour que Joseph Kabila renonce \u00e0 briguer un troisi\u00e8me mandat","gt_translate_keys":[{"key":"rendered","format":"text"}]},"content":{"rendered":"\n<p class=\"wp-block-paragraph\">Dans le long entretien qu&rsquo;il a accord\u00e9 aux journalistes Antoine Glaser et Pascal Airault, qui publient \u00ab\u00a0Le Pi\u00e8ge africain de Macron\u00a0\u00bb (Fayard), le pr\u00e9sident fran\u00e7ais assume pour la premi\u00e8re fois le r\u00f4le jou\u00e9 par la diplomatie tricolore pour convaincre Joseph Kabila de quitter le pouvoir.<\/p>\n\n\n\n<p class=\"wp-block-paragraph\">Raffinement du \u00ab\u00a0en m\u00eame temps\u00a0\u00bb macronien : pour le chef de l&rsquo;Etat fran\u00e7ais, le \u00ab\u00a0mod\u00e8le\u00a0\u00bb de l&rsquo;action diplomatique telle qu&rsquo;il la con\u00e7oit est une op\u00e9ration\u2026 que la France n&rsquo;a jamais revendiqu\u00e9e ni m\u00eame affich\u00e9e !<\/p>\n\n\n\n<p class=\"wp-block-paragraph\"><br>Dans l&rsquo;entretien que publient Antoine Glaser et Pascal Airault en compl\u00e9ment de leur enqu\u00eate fouill\u00e9e sur la politique africaine du pr\u00e9sident (Le Pi\u00e8ge africain de Macron, Fayard), Emmanuel Macron cite \u00e0 deux reprises \u00ab\u00a0ce que l&rsquo;on a r\u00e9ussi \u00e0 faire en RDC\u00a0\u00bb, sans jamais v\u00e9ritablement qualifier \u00ab\u00a0ce\u00a0\u00bb qui a \u00e9t\u00e9 fait, et pour cause. Comme le reconna\u00eet \u00e0 demi-mot le pr\u00e9sident, \u00ab\u00a0on ne s&rsquo;est jamais engag\u00e9 publiquement\u00a0\u00bb : \u00ab\u00a0On a mis plus d&rsquo;un an, on a beaucoup parl\u00e9, on a investi les voisins. On a responsabilis\u00e9 l&rsquo;Afrique du Sud, le Rwanda. On les a engag\u00e9s, on a pouss\u00e9, on a mis la pression.\u00a0\u00bb Africa Intelligence avait racont\u00e9 \u00e0 l&rsquo;\u00e9poque comment l&rsquo;Elys\u00e9e s&rsquo;\u00e9tait notamment investi pour que Joseph Kabila renonce \u00e0 briguer un troisi\u00e8me mandat. Afin de convaincre l&rsquo;ex-dirigeant congolais, Paris s&rsquo;\u00e9tait largement appuy\u00e9e sur le pouvoir de persuasion de l&rsquo;Angola. Plus largement, Emmanuel Macron milite r\u00e9guli\u00e8rement aupr\u00e8s de ses pairs sur la n\u00e9cessit\u00e9 de m\u00e9nager les ex-chefs d&rsquo;Etat africains afin de faciliter leur retrait.<\/p>\n\n\n\n<p class=\"wp-block-paragraph\">Auscultant tous les ressorts de l&rsquo;action fran\u00e7aise en Afrique, des plus traditionnels &#8211; Agence fran\u00e7aise de d\u00e9veloppement (AFD), Quai d&rsquo;Orsay, \u00e9tat-major &#8211; aux plus r\u00e9cents &#8211; activisme de la diaspora africaine en France, r\u00e9seaux culturels et sportifs -, Le Pi\u00e8ge africain de Macron d\u00e9crypte l&rsquo;action d&rsquo;un pr\u00e9sident prompt \u00e0 r\u00e9p\u00e9ter qu&rsquo;il n&rsquo;a connu ni la colonisation, ni la Fran\u00e7afrique, et multiplie, sans tapage, les r\u00e9v\u00e9lations sur les coulisses de la relation historiquement feuillet\u00e9e, \u00e9conomiquement \u00e9quivoque et culturellement embrouill\u00e9e qu&rsquo;entretiennent la France et l&rsquo;Afrique : qui conna\u00eet le r\u00f4le du consultant Jean Haas dans la relation franco-nig\u00e9riane ? <\/p>\n\n\n\n<p class=\"wp-block-paragraph\">Les d\u00e9tails de la relation, de \u00ab\u00a0banquier \u00e0 banquier\u00a0\u00bb, entre Emmanuel Macron et R\u00e9mi Rioux, le patron de l&rsquo;AFD ? Les circonstances de la cr\u00e9ation du Conseil pr\u00e9sidentiel pour l&rsquo;Afrique, principale innovation de la diplomatie africaine macronienne ? Etc.<\/p>\n\n\n\n<p class=\"wp-block-paragraph\"><strong>Africa Intelligence<\/strong><\/p>\n","protected":false,"gt_translate_keys":[{"key":"rendered","format":"html"}]},"excerpt":{"rendered":"<p>Dans le long entretien qu&rsquo;il a accord\u00e9 aux journalistes Antoine Glaser et Pascal Airault, qui publient \u00ab\u00a0Le Pi\u00e8ge africain de Macron\u00a0\u00bb (Fayard), le pr\u00e9sident fran\u00e7ais assume pour la premi\u00e8re fois le r\u00f4le jou\u00e9 par la diplomatie tricolore pour convaincre Joseph Kabila de quitter le pouvoir. Raffinement du \u00ab\u00a0en m\u00eame temps\u00a0\u00bb macronien : pour le chef de l&rsquo;Etat fran\u00e7ais, le \u00ab\u00a0mod\u00e8le\u00a0\u00bb de l&rsquo;action diplomatique telle qu&rsquo;il la con\u00e7oit est une op\u00e9ration\u2026 que la France n&rsquo;a jamais revendiqu\u00e9e ni m\u00eame affich\u00e9e ! Dans l&rsquo;entretien que publient Antoine Glaser et Pascal Airault en&hellip;<\/p>\n","protected":false,"gt_translate_keys":[{"key":"rendered","format":"html"}]},"author":1,"featured_media":7759,"comment_status":"open","ping_status":"open","sticky":false,"template":"","format":"standard","meta":{"_crdt_document":"","footnotes":""},"categories":[3715],"tags":[6625,6626],"class_list":["post-7758","post","type-post","status-publish","format-standard","has-post-thumbnail","hentry","category-rdc-france","tag-macron-et-kabila","tag-troisieme-mandat-kabila"],"gutentor_comment":0,"yoast_head":"<!-- This site is optimized with the Yoast SEO plugin v27.5 - https:\/\/yoast.com\/product\/yoast-seo-wordpress\/ -->\n<title>Comment Macron s&#039;\u00e9tait investi pour que Joseph Kabila renonce \u00e0 briguer un troisi\u00e8me mandat - Actualit\u00e9s congolaises et internationales<\/title>\n<meta name=\"robots\" content=\"index, follow, max-snippet:-1, max-image-preview:large, max-video-preview:-1\" \/>\n<link rel=\"canonical\" href=\"https:\/\/congovirtuel.com\/information\/comment-macron-setait-investi-pour-que-joseph-kabila-renonce-a-briguer-un-troisieme-mandat\/\" \/>\n<meta property=\"og:locale\" content=\"fr_FR\" \/>\n<meta property=\"og:type\" content=\"article\" \/>\n<meta property=\"og:title\" content=\"Comment Macron s&#039;\u00e9tait investi pour que Joseph Kabila renonce \u00e0 briguer un troisi\u00e8me mandat - Actualit\u00e9s congolaises et internationales\" \/>\n<meta property=\"og:description\" content=\"Dans le long entretien qu&rsquo;il a accord\u00e9 aux journalistes Antoine Glaser et Pascal Airault, qui publient \u00ab\u00a0Le Pi\u00e8ge africain de Macron\u00a0\u00bb (Fayard), le pr\u00e9sident fran\u00e7ais assume pour la premi\u00e8re fois le r\u00f4le jou\u00e9 par la diplomatie tricolore pour convaincre Joseph Kabila de quitter le pouvoir. Raffinement du \u00ab\u00a0en m\u00eame temps\u00a0\u00bb macronien : pour le chef de l&rsquo;Etat fran\u00e7ais, le \u00ab\u00a0mod\u00e8le\u00a0\u00bb de l&rsquo;action diplomatique telle qu&rsquo;il la con\u00e7oit est une op\u00e9ration\u2026 que la France n&rsquo;a jamais revendiqu\u00e9e ni m\u00eame affich\u00e9e ! Dans l&rsquo;entretien que publient Antoine Glaser et Pascal Airault en&hellip;\" \/>\n<meta property=\"og:url\" content=\"https:\/\/congovirtuel.com\/information\/comment-macron-setait-investi-pour-que-joseph-kabila-renonce-a-briguer-un-troisieme-mandat\/\" \/>\n<meta property=\"og:site_name\" content=\"Actualit\u00e9s congolaises et internationales\" \/>\n<meta property=\"article:publisher\" content=\"https:\/\/web.facebook.com\/Congovirtuel-763617960319601\/?ref=aymt_homepage_panel&amp;amp%3bamp%3bamp%3bamp%3bamp%3bamp%3bamp%3bamp%3bamp%3bamp%3bamp%3beid=ARCoxULa66767kIgF_KYav6VdjXTI4yk_LW4yoVO9s6NXpysgb7Cb65vpxcxgqzOAKvIbLQxaAETcqHT\" \/>\n<meta property=\"article:published_time\" content=\"2021-04-14T14:44:00+00:00\" \/>\n<meta property=\"og:image\" content=\"https:\/\/congovirtuel.com\/information\/wp-content\/uploads\/2021\/04\/macron_tshisekedi-1000-x-666.jpg\" \/>\n\t<meta property=\"og:image:width\" content=\"1000\" \/>\n\t<meta property=\"og:image:height\" content=\"666\" \/>\n\t<meta property=\"og:image:type\" content=\"image\/jpeg\" \/>\n<meta name=\"author\" content=\"infocongovirtuel\" \/>\n<meta name=\"twitter:card\" content=\"summary_large_image\" \/>\n<meta name=\"twitter:creator\" content=\"@congovirtuel\" \/>\n<meta name=\"twitter:site\" content=\"@congovirtuel\" \/>\n<meta name=\"twitter:label1\" content=\"\u00c9crit par\" \/>\n\t<meta name=\"twitter:data1\" content=\"infocongovirtuel\" \/>\n\t<meta name=\"twitter:label2\" content=\"Dur\u00e9e de lecture estim\u00e9e\" \/>\n\t<meta name=\"twitter:data2\" content=\"2 minutes\" \/>\n<script type=\"application\/ld+json\" class=\"yoast-schema-graph\">{\"@context\":\"https:\\\/\\\/schema.org\",\"@graph\":[{\"@type\":\"Article\",\"@id\":\"https:\\\/\\\/congovirtuel.com\\\/information\\\/comment-macron-setait-investi-pour-que-joseph-kabila-renonce-a-briguer-un-troisieme-mandat\\\/#article\",\"isPartOf\":{\"@id\":\"https:\\\/\\\/congovirtuel.com\\\/information\\\/comment-macron-setait-investi-pour-que-joseph-kabila-renonce-a-briguer-un-troisieme-mandat\\\/\"},\"author\":{\"name\":\"infocongovirtuel\",\"@id\":\"https:\\\/\\\/congovirtuel.com\\\/information\\\/#\\\/schema\\\/person\\\/739a44bf7990966cb53d58d2fdeca0b6\"},\"headline\":\"Comment Macron s&rsquo;\u00e9tait investi pour que Joseph Kabila renonce \u00e0 briguer un troisi\u00e8me mandat\",\"datePublished\":\"2021-04-14T14:44:00+00:00\",\"mainEntityOfPage\":{\"@id\":\"https:\\\/\\\/congovirtuel.com\\\/information\\\/comment-macron-setait-investi-pour-que-joseph-kabila-renonce-a-briguer-un-troisieme-mandat\\\/\"},\"wordCount\":463,\"commentCount\":0,\"publisher\":{\"@id\":\"https:\\\/\\\/congovirtuel.com\\\/information\\\/#organization\"},\"image\":{\"@id\":\"https:\\\/\\\/congovirtuel.com\\\/information\\\/comment-macron-setait-investi-pour-que-joseph-kabila-renonce-a-briguer-un-troisieme-mandat\\\/#primaryimage\"},\"thumbnailUrl\":\"https:\\\/\\\/congovirtuel.com\\\/information\\\/wp-content\\\/uploads\\\/2021\\\/04\\\/macron_tshisekedi-1000-x-666.jpg\",\"keywords\":[\"Macron et Kabila\",\"troisi\u00e8me mandat Kabila\"],\"articleSection\":[\"RDC-FRANCE\"],\"inLanguage\":\"fr-FR\",\"potentialAction\":[{\"@type\":\"CommentAction\",\"name\":\"Comment\",\"target\":[\"https:\\\/\\\/congovirtuel.com\\\/information\\\/comment-macron-setait-investi-pour-que-joseph-kabila-renonce-a-briguer-un-troisieme-mandat\\\/#respond\"]}]},{\"@type\":\"WebPage\",\"@id\":\"https:\\\/\\\/congovirtuel.com\\\/information\\\/comment-macron-setait-investi-pour-que-joseph-kabila-renonce-a-briguer-un-troisieme-mandat\\\/\",\"url\":\"https:\\\/\\\/congovirtuel.com\\\/information\\\/comment-macron-setait-investi-pour-que-joseph-kabila-renonce-a-briguer-un-troisieme-mandat\\\/\",\"name\":\"Comment Macron s'\u00e9tait investi pour que Joseph Kabila renonce \u00e0 briguer un troisi\u00e8me mandat - Actualit\u00e9s congolaises et internationales\",\"isPartOf\":{\"@id\":\"https:\\\/\\\/congovirtuel.com\\\/information\\\/#website\"},\"primaryImageOfPage\":{\"@id\":\"https:\\\/\\\/congovirtuel.com\\\/information\\\/comment-macron-setait-investi-pour-que-joseph-kabila-renonce-a-briguer-un-troisieme-mandat\\\/#primaryimage\"},\"image\":{\"@id\":\"https:\\\/\\\/congovirtuel.com\\\/information\\\/comment-macron-setait-investi-pour-que-joseph-kabila-renonce-a-briguer-un-troisieme-mandat\\\/#primaryimage\"},\"thumbnailUrl\":\"https:\\\/\\\/congovirtuel.com\\\/information\\\/wp-content\\\/uploads\\\/2021\\\/04\\\/macron_tshisekedi-1000-x-666.jpg\",\"datePublished\":\"2021-04-14T14:44:00+00:00\",\"breadcrumb\":{\"@id\":\"https:\\\/\\\/congovirtuel.com\\\/information\\\/comment-macron-setait-investi-pour-que-joseph-kabila-renonce-a-briguer-un-troisieme-mandat\\\/#breadcrumb\"},\"inLanguage\":\"fr-FR\",\"potentialAction\":[{\"@type\":\"ReadAction\",\"target\":[\"https:\\\/\\\/congovirtuel.com\\\/information\\\/comment-macron-setait-investi-pour-que-joseph-kabila-renonce-a-briguer-un-troisieme-mandat\\\/\"]}]},{\"@type\":\"ImageObject\",\"inLanguage\":\"fr-FR\",\"@id\":\"https:\\\/\\\/congovirtuel.com\\\/information\\\/comment-macron-setait-investi-pour-que-joseph-kabila-renonce-a-briguer-un-troisieme-mandat\\\/#primaryimage\",\"url\":\"https:\\\/\\\/congovirtuel.com\\\/information\\\/wp-content\\\/uploads\\\/2021\\\/04\\\/macron_tshisekedi-1000-x-666.jpg\",\"contentUrl\":\"https:\\\/\\\/congovirtuel.com\\\/information\\\/wp-content\\\/uploads\\\/2021\\\/04\\\/macron_tshisekedi-1000-x-666.jpg\",\"width\":1000,\"height\":666,\"caption\":\"macron_tshisekedi\"},{\"@type\":\"BreadcrumbList\",\"@id\":\"https:\\\/\\\/congovirtuel.com\\\/information\\\/comment-macron-setait-investi-pour-que-joseph-kabila-renonce-a-briguer-un-troisieme-mandat\\\/#breadcrumb\",\"itemListElement\":[{\"@type\":\"ListItem\",\"position\":1,\"name\":\"Accueil\",\"item\":\"https:\\\/\\\/congovirtuel.com\\\/information\\\/\"},{\"@type\":\"ListItem\",\"position\":2,\"name\":\"Comment Macron s&rsquo;\u00e9tait investi pour que Joseph Kabila renonce \u00e0 briguer un troisi\u00e8me mandat\"}]},{\"@type\":\"WebSite\",\"@id\":\"https:\\\/\\\/congovirtuel.com\\\/information\\\/#website\",\"url\":\"https:\\\/\\\/congovirtuel.com\\\/information\\\/\",\"name\":\"Actualit\u00e9s congolaises et internationales\",\"description\":\"site d&#039;analyse et de traitement d&#039;information\",\"publisher\":{\"@id\":\"https:\\\/\\\/congovirtuel.com\\\/information\\\/#organization\"},\"potentialAction\":[{\"@type\":\"SearchAction\",\"target\":{\"@type\":\"EntryPoint\",\"urlTemplate\":\"https:\\\/\\\/congovirtuel.com\\\/information\\\/?s={search_term_string}\"},\"query-input\":{\"@type\":\"PropertyValueSpecification\",\"valueRequired\":true,\"valueName\":\"search_term_string\"}}],\"inLanguage\":\"fr-FR\"},{\"@type\":\"Organization\",\"@id\":\"https:\\\/\\\/congovirtuel.com\\\/information\\\/#organization\",\"name\":\"Biblioth\u00e8que Virtuelle de la RDC\",\"url\":\"https:\\\/\\\/congovirtuel.com\\\/information\\\/\",\"logo\":{\"@type\":\"ImageObject\",\"inLanguage\":\"fr-FR\",\"@id\":\"https:\\\/\\\/congovirtuel.com\\\/information\\\/#\\\/schema\\\/logo\\\/image\\\/\",\"url\":\"https:\\\/\\\/congovirtuel.com\\\/information\\\/wp-content\\\/uploads\\\/2018\\\/10\\\/header-info-congovirtuel-vraie.jpg\",\"contentUrl\":\"https:\\\/\\\/congovirtuel.com\\\/information\\\/wp-content\\\/uploads\\\/2018\\\/10\\\/header-info-congovirtuel-vraie.jpg\",\"width\":728,\"height\":90,\"caption\":\"Biblioth\u00e8que Virtuelle de la RDC\"},\"image\":{\"@id\":\"https:\\\/\\\/congovirtuel.com\\\/information\\\/#\\\/schema\\\/logo\\\/image\\\/\"},\"sameAs\":[\"https:\\\/\\\/web.facebook.com\\\/Congovirtuel-763617960319601\\\/?ref=aymt_homepage_panel&amp;amp;amp;amp;amp;amp;amp;amp;amp;amp;amp;eid=ARCoxULa66767kIgF_KYav6VdjXTI4yk_LW4yoVO9s6NXpysgb7Cb65vpxcxgqzOAKvIbLQxaAETcqHT\",\"https:\\\/\\\/x.com\\\/congovirtuel\",\"https:\\\/\\\/www.youtube.com\\\/channel\\\/UCkFfprYzGgS3EWNpeMXpToQ?view_as=subscriber\"]},{\"@type\":\"Person\",\"@id\":\"https:\\\/\\\/congovirtuel.com\\\/information\\\/#\\\/schema\\\/person\\\/739a44bf7990966cb53d58d2fdeca0b6\",\"name\":\"infocongovirtuel\",\"image\":{\"@type\":\"ImageObject\",\"inLanguage\":\"fr-FR\",\"@id\":\"https:\\\/\\\/secure.gravatar.com\\\/avatar\\\/4d76991aa72469f0eb22e772586c99113c6997f88da636a9db8f2ce3a2c05e69?s=96&d=mm&r=g\",\"url\":\"https:\\\/\\\/secure.gravatar.com\\\/avatar\\\/4d76991aa72469f0eb22e772586c99113c6997f88da636a9db8f2ce3a2c05e69?s=96&d=mm&r=g\",\"contentUrl\":\"https:\\\/\\\/secure.gravatar.com\\\/avatar\\\/4d76991aa72469f0eb22e772586c99113c6997f88da636a9db8f2ce3a2c05e69?s=96&d=mm&r=g\",\"caption\":\"infocongovirtuel\"},\"url\":\"https:\\\/\\\/congovirtuel.com\\\/information\\\/author\\\/infocongovirtuel\\\/\"}]}<\/script>\n<!-- \/ Yoast SEO plugin. -->","yoast_head_json":{"title":"Comment Macron s'\u00e9tait investi pour que Joseph Kabila renonce \u00e0 briguer un troisi\u00e8me mandat - Actualit\u00e9s congolaises et internationales","robots":{"index":"index","follow":"follow","max-snippet":"max-snippet:-1","max-image-preview":"max-image-preview:large","max-video-preview":"max-video-preview:-1"},"canonical":"https:\/\/congovirtuel.com\/information\/comment-macron-setait-investi-pour-que-joseph-kabila-renonce-a-briguer-un-troisieme-mandat\/","og_locale":"fr_FR","og_type":"article","og_title":"Comment Macron s'\u00e9tait investi pour que Joseph Kabila renonce \u00e0 briguer un troisi\u00e8me mandat - Actualit\u00e9s congolaises et internationales","og_description":"Dans le long entretien qu&rsquo;il a accord\u00e9 aux journalistes Antoine Glaser et Pascal Airault, qui publient \u00ab\u00a0Le Pi\u00e8ge africain de Macron\u00a0\u00bb (Fayard), le pr\u00e9sident fran\u00e7ais assume pour la premi\u00e8re fois le r\u00f4le jou\u00e9 par la diplomatie tricolore pour convaincre Joseph Kabila de quitter le pouvoir. Raffinement du \u00ab\u00a0en m\u00eame temps\u00a0\u00bb macronien : pour le chef de l&rsquo;Etat fran\u00e7ais, le \u00ab\u00a0mod\u00e8le\u00a0\u00bb de l&rsquo;action diplomatique telle qu&rsquo;il la con\u00e7oit est une op\u00e9ration\u2026 que la France n&rsquo;a jamais revendiqu\u00e9e ni m\u00eame affich\u00e9e ! Dans l&rsquo;entretien que publient Antoine Glaser et Pascal Airault en&hellip;","og_url":"https:\/\/congovirtuel.com\/information\/comment-macron-setait-investi-pour-que-joseph-kabila-renonce-a-briguer-un-troisieme-mandat\/","og_site_name":"Actualit\u00e9s congolaises et internationales","article_publisher":"https:\/\/web.facebook.com\/Congovirtuel-763617960319601\/?ref=aymt_homepage_panel&amp%3bamp%3bamp%3bamp%3bamp%3bamp%3bamp%3bamp%3bamp%3bamp%3bamp%3beid=ARCoxULa66767kIgF_KYav6VdjXTI4yk_LW4yoVO9s6NXpysgb7Cb65vpxcxgqzOAKvIbLQxaAETcqHT","article_published_time":"2021-04-14T14:44:00+00:00","og_image":[{"width":1000,"height":666,"url":"https:\/\/congovirtuel.com\/information\/wp-content\/uploads\/2021\/04\/macron_tshisekedi-1000-x-666.jpg","type":"image\/jpeg"}],"author":"infocongovirtuel","twitter_card":"summary_large_image","twitter_creator":"@congovirtuel","twitter_site":"@congovirtuel","twitter_misc":{"\u00c9crit par":"infocongovirtuel","Dur\u00e9e de lecture estim\u00e9e":"2 minutes"},"schema":{"@context":"https:\/\/schema.org","@graph":[{"@type":"Article","@id":"https:\/\/congovirtuel.com\/information\/comment-macron-setait-investi-pour-que-joseph-kabila-renonce-a-briguer-un-troisieme-mandat\/#article","isPartOf":{"@id":"https:\/\/congovirtuel.com\/information\/comment-macron-setait-investi-pour-que-joseph-kabila-renonce-a-briguer-un-troisieme-mandat\/"},"author":{"name":"infocongovirtuel","@id":"https:\/\/congovirtuel.com\/information\/#\/schema\/person\/739a44bf7990966cb53d58d2fdeca0b6"},"headline":"Comment Macron s&rsquo;\u00e9tait investi pour que Joseph Kabila renonce \u00e0 briguer un troisi\u00e8me mandat","datePublished":"2021-04-14T14:44:00+00:00","mainEntityOfPage":{"@id":"https:\/\/congovirtuel.com\/information\/comment-macron-setait-investi-pour-que-joseph-kabila-renonce-a-briguer-un-troisieme-mandat\/"},"wordCount":463,"commentCount":0,"publisher":{"@id":"https:\/\/congovirtuel.com\/information\/#organization"},"image":{"@id":"https:\/\/congovirtuel.com\/information\/comment-macron-setait-investi-pour-que-joseph-kabila-renonce-a-briguer-un-troisieme-mandat\/#primaryimage"},"thumbnailUrl":"https:\/\/congovirtuel.com\/information\/wp-content\/uploads\/2021\/04\/macron_tshisekedi-1000-x-666.jpg","keywords":["Macron et Kabila","troisi\u00e8me mandat Kabila"],"articleSection":["RDC-FRANCE"],"inLanguage":"fr-FR","potentialAction":[{"@type":"CommentAction","name":"Comment","target":["https:\/\/congovirtuel.com\/information\/comment-macron-setait-investi-pour-que-joseph-kabila-renonce-a-briguer-un-troisieme-mandat\/#respond"]}]},{"@type":"WebPage","@id":"https:\/\/congovirtuel.com\/information\/comment-macron-setait-investi-pour-que-joseph-kabila-renonce-a-briguer-un-troisieme-mandat\/","url":"https:\/\/congovirtuel.com\/information\/comment-macron-setait-investi-pour-que-joseph-kabila-renonce-a-briguer-un-troisieme-mandat\/","name":"Comment Macron s'\u00e9tait investi pour que Joseph Kabila renonce \u00e0 briguer un troisi\u00e8me mandat - Actualit\u00e9s congolaises et internationales","isPartOf":{"@id":"https:\/\/congovirtuel.com\/information\/#website"},"primaryImageOfPage":{"@id":"https:\/\/congovirtuel.com\/information\/comment-macron-setait-investi-pour-que-joseph-kabila-renonce-a-briguer-un-troisieme-mandat\/#primaryimage"},"image":{"@id":"https:\/\/congovirtuel.com\/information\/comment-macron-setait-investi-pour-que-joseph-kabila-renonce-a-briguer-un-troisieme-mandat\/#primaryimage"},"thumbnailUrl":"https:\/\/congovirtuel.com\/information\/wp-content\/uploads\/2021\/04\/macron_tshisekedi-1000-x-666.jpg","datePublished":"2021-04-14T14:44:00+00:00","breadcrumb":{"@id":"https:\/\/congovirtuel.com\/information\/comment-macron-setait-investi-pour-que-joseph-kabila-renonce-a-briguer-un-troisieme-mandat\/#breadcrumb"},"inLanguage":"fr-FR","potentialAction":[{"@type":"ReadAction","target":["https:\/\/congovirtuel.com\/information\/comment-macron-setait-investi-pour-que-joseph-kabila-renonce-a-briguer-un-troisieme-mandat\/"]}]},{"@type":"ImageObject","inLanguage":"fr-FR","@id":"https:\/\/congovirtuel.com\/information\/comment-macron-setait-investi-pour-que-joseph-kabila-renonce-a-briguer-un-troisieme-mandat\/#primaryimage","url":"https:\/\/congovirtuel.com\/information\/wp-content\/uploads\/2021\/04\/macron_tshisekedi-1000-x-666.jpg","contentUrl":"https:\/\/congovirtuel.com\/information\/wp-content\/uploads\/2021\/04\/macron_tshisekedi-1000-x-666.jpg","width":1000,"height":666,"caption":"macron_tshisekedi"},{"@type":"BreadcrumbList","@id":"https:\/\/congovirtuel.com\/information\/comment-macron-setait-investi-pour-que-joseph-kabila-renonce-a-briguer-un-troisieme-mandat\/#breadcrumb","itemListElement":[{"@type":"ListItem","position":1,"name":"Accueil","item":"https:\/\/congovirtuel.com\/information\/"},{"@type":"ListItem","position":2,"name":"Comment Macron s&rsquo;\u00e9tait investi pour que Joseph Kabila renonce \u00e0 briguer un troisi\u00e8me mandat"}]},{"@type":"WebSite","@id":"https:\/\/congovirtuel.com\/information\/#website","url":"https:\/\/congovirtuel.com\/information\/","name":"Actualit\u00e9s congolaises et internationales","description":"site d&#039;analyse et de traitement d&#039;information","publisher":{"@id":"https:\/\/congovirtuel.com\/information\/#organization"},"potentialAction":[{"@type":"SearchAction","target":{"@type":"EntryPoint","urlTemplate":"https:\/\/congovirtuel.com\/information\/?s={search_term_string}"},"query-input":{"@type":"PropertyValueSpecification","valueRequired":true,"valueName":"search_term_string"}}],"inLanguage":"fr-FR"},{"@type":"Organization","@id":"https:\/\/congovirtuel.com\/information\/#organization","name":"Biblioth\u00e8que Virtuelle de la RDC","url":"https:\/\/congovirtuel.com\/information\/","logo":{"@type":"ImageObject","inLanguage":"fr-FR","@id":"https:\/\/congovirtuel.com\/information\/#\/schema\/logo\/image\/","url":"https:\/\/congovirtuel.com\/information\/wp-content\/uploads\/2018\/10\/header-info-congovirtuel-vraie.jpg","contentUrl":"https:\/\/congovirtuel.com\/information\/wp-content\/uploads\/2018\/10\/header-info-congovirtuel-vraie.jpg","width":728,"height":90,"caption":"Biblioth\u00e8que Virtuelle de la RDC"},"image":{"@id":"https:\/\/congovirtuel.com\/information\/#\/schema\/logo\/image\/"},"sameAs":["https:\/\/web.facebook.com\/Congovirtuel-763617960319601\/?ref=aymt_homepage_panel&amp;amp;amp;amp;amp;amp;amp;amp;amp;amp;amp;eid=ARCoxULa66767kIgF_KYav6VdjXTI4yk_LW4yoVO9s6NXpysgb7Cb65vpxcxgqzOAKvIbLQxaAETcqHT","https:\/\/x.com\/congovirtuel","https:\/\/www.youtube.com\/channel\/UCkFfprYzGgS3EWNpeMXpToQ?view_as=subscriber"]},{"@type":"Person","@id":"https:\/\/congovirtuel.com\/information\/#\/schema\/person\/739a44bf7990966cb53d58d2fdeca0b6","name":"infocongovirtuel","image":{"@type":"ImageObject","inLanguage":"fr-FR","@id":"https:\/\/secure.gravatar.com\/avatar\/4d76991aa72469f0eb22e772586c99113c6997f88da636a9db8f2ce3a2c05e69?s=96&d=mm&r=g","url":"https:\/\/secure.gravatar.com\/avatar\/4d76991aa72469f0eb22e772586c99113c6997f88da636a9db8f2ce3a2c05e69?s=96&d=mm&r=g","contentUrl":"https:\/\/secure.gravatar.com\/avatar\/4d76991aa72469f0eb22e772586c99113c6997f88da636a9db8f2ce3a2c05e69?s=96&d=mm&r=g","caption":"infocongovirtuel"},"url":"https:\/\/congovirtuel.com\/information\/author\/infocongovirtuel\/"}]}},"gt_translate_keys":[{"key":"link","format":"url"}],"_links":{"self":[{"href":"https:\/\/congovirtuel.com\/information\/wp-json\/wp\/v2\/posts\/7758","targetHints":{"allow":["GET"]}}],"collection":[{"href":"https:\/\/congovirtuel.com\/information\/wp-json\/wp\/v2\/posts"}],"about":[{"href":"https:\/\/congovirtuel.com\/information\/wp-json\/wp\/v2\/types\/post"}],"author":[{"embeddable":true,"href":"https:\/\/congovirtuel.com\/information\/wp-json\/wp\/v2\/users\/1"}],"replies":[{"embeddable":true,"href":"https:\/\/congovirtuel.com\/information\/wp-json\/wp\/v2\/comments?post=7758"}],"version-history":[{"count":4,"href":"https:\/\/congovirtuel.com\/information\/wp-json\/wp\/v2\/posts\/7758\/revisions"}],"predecessor-version":[{"id":7798,"href":"https:\/\/congovirtuel.com\/information\/wp-json\/wp\/v2\/posts\/7758\/revisions\/7798"}],"wp:featuredmedia":[{"embeddable":true,"href":"https:\/\/congovirtuel.com\/information\/wp-json\/wp\/v2\/media\/7759"}],"wp:attachment":[{"href":"https:\/\/congovirtuel.com\/information\/wp-json\/wp\/v2\/media?parent=7758"}],"wp:term":[{"taxonomy":"category","embeddable":true,"href":"https:\/\/congovirtuel.com\/information\/wp-json\/wp\/v2\/categories?post=7758"},{"taxonomy":"post_tag","embeddable":true,"href":"https:\/\/congovirtuel.com\/information\/wp-json\/wp\/v2\/tags?post=7758"}],"curies":[{"name":"wp","href":"https:\/\/api.w.org\/{rel}","templated":true}]}}