{"id":7763,"date":"2021-04-12T09:05:28","date_gmt":"2021-04-12T08:05:28","guid":{"rendered":"https:\/\/congovirtuel.com\/information\/?p=7763"},"modified":"2021-04-12T09:05:34","modified_gmt":"2021-04-12T08:05:34","slug":"ces-enfants-qui-survivent-au-conflit-en-rd-congo","status":"publish","type":"post","link":"https:\/\/congovirtuel.com\/information\/ces-enfants-qui-survivent-au-conflit-en-rd-congo\/","title":{"rendered":"Ces enfants qui survivent au conflit en RD Congo","gt_translate_keys":[{"key":"rendered","format":"text"}]},"content":{"rendered":"\n<p class=\"wp-block-paragraph\"><strong>Le photographe Hugh Kinsella Cunningham a voyag\u00e9 dans la province du nord-est de l&rsquo;Ituri, en R\u00e9publique d\u00e9mocratique du Congo, avec Save the Children, pour documenter les histoires personnelles des enfants pris dans le conflit.<\/strong><\/p>\n\n\n\n<p class=\"wp-block-paragraph\">L&rsquo;histoire r\u00e9cente de la R\u00e9publique d\u00e9mocratique du Congo est marqu\u00e9e par la guerre civile et la corruption, qui ont fait des centaines de milliers de victimes, soit en raison des combats, soit \u00e0 cause de la maladie et de la malnutrition.<\/p>\n\n\n\n<p class=\"wp-block-paragraph\">La violence implique d\u00e9sormais une myriade de groupes arm\u00e9s qui d\u00e9fient les autorit\u00e9s et prennent souvent pour cible les civils.<\/p>\n\n\n\n<p class=\"wp-block-paragraph\">Cunningham cherche \u00e0 cr\u00e9er un sentiment d&rsquo;espoir en utilisant la couleur dans ses portraits. Chaque sujet est photographi\u00e9 sans retouche num\u00e9rique, \u00e0 l&rsquo;aide de fleurs et d&rsquo;objets trouv\u00e9s dans les camps de personnes d\u00e9plac\u00e9es, soigneusement plac\u00e9s devant l&rsquo;objectif.<\/p>\n\n\n\n<figure class=\"wp-block-image\"><img decoding=\"async\" src=\"https:\/\/ichef.bbci.co.uk\/news\/640\/cpsprodpb\/4DAD\/production\/_117758891_ch1511417.jpg\" alt=\"V\u00e9ronique, 12 ans, est assise pour un portrait dans un camp de personnes d\u00e9plac\u00e9es dans le territoire de Djugu, province d'Ituri, RD Congo.\"\/><\/figure>\n\n\n\n<p class=\"wp-block-paragraph\">Tout a chang\u00e9 pour V\u00e9ronique, 12 ans, lorsque des groupes arm\u00e9s ont attaqu\u00e9 son village, obligeant sa famille \u00e0 fuir vers un camp voisin pour personnes d\u00e9plac\u00e9es \u00e0 l&rsquo;int\u00e9rieur du pays (PDI).<\/p>\n\n\n\n<p class=\"wp-block-paragraph\">\u00ab\u00a0Lorsque nous \u00e9tions encore dans notre village, nous menions une vie bonne et normale. Mes parents pouvaient travailler dans les champs et nous acheter des v\u00eatements\u00a0\u00bb, raconte V\u00e9ronique. \u00ab\u00a0Mais depuis que je suis arriv\u00e9e ici sur le site, tout est devenu probl\u00e9matique\u00a0\u00bb.<\/p>\n\n\n\n<p class=\"wp-block-paragraph\">\u00ab\u00a0Je voulais continuer mes \u00e9tudes, car j&rsquo;\u00e9tais en quatri\u00e8me ann\u00e9e, mais maintenant il n&rsquo;y a plus moyen, \u00e0 cause du manque de ressources.\u00a0\u00bb<\/p>\n\n\n\n<figure class=\"wp-block-image\"><img decoding=\"async\" src=\"https:\/\/ichef.bbci.co.uk\/news\/640\/cpsprodpb\/110FD\/production\/_117758896_ch1511507.jpg\" alt=\"Emilie, 15 ans, est assise pour un portrait dans le territoire de Djugu, dans la province d'Ituri. R\u00e9publique d\u00e9mocratique du Congo\"\/><\/figure>\n\n\n\n<p class=\"wp-block-paragraph\">\u00ab\u00a0Sur la route, j&rsquo;ai vu des hommes arm\u00e9s tuer, \u00e9gorger, tirer avec des armes et voler des v\u00eatements\u00a0\u00bb, raconte \u00c9milie, 15 ans.<\/p>\n\n\n\n<p class=\"wp-block-paragraph\">Emilie et sa famille ont \u00e9t\u00e9 poursuivies par des soldats arm\u00e9s jusqu&rsquo;\u00e0 une for\u00eat voisine o\u00f9 elles ont r\u00e9ussi \u00e0 se cacher. La famille vit d\u00e9sormais dans un camp accueillant des milliers de familles et d&rsquo;enfants qui ont fui les violences.<\/p>\n\n\n\n<p class=\"wp-block-paragraph\"><\/p>\n\n\n\n<p class=\"wp-block-paragraph\">L&rsquo;ONU affirme que 90.000 enfants ont fui la province congolaise de l&rsquo;Ituri.<\/p>\n\n\n\n<p class=\"wp-block-paragraph\">\u00ab\u00a0Ici, nous n&rsquo;avons pas assez de nourriture pour manger\u00a0\u00bb, dit-elle. \u00ab\u00a0Quand j&rsquo;\u00e9tais au village, je mangeais la nourriture provenant du champ, mais ici nous n&rsquo;avons rien\u00a0\u00bb.<\/p>\n\n\n\n<figure class=\"wp-block-image\"><img decoding=\"async\" src=\"https:\/\/ichef.bbci.co.uk\/news\/640\/cpsprodpb\/1380D\/production\/_117758897_ch1511411.jpg\" alt=\"David\"\/><\/figure>\n\n\n\n<p class=\"wp-block-paragraph\">David, 12 ans, \u00e9tait en cinqui\u00e8me ann\u00e9e d&rsquo;\u00e9cole lorsqu&rsquo;il a fui sa maison \u00e0 cause du conflit.<\/p>\n\n\n\n<p class=\"wp-block-paragraph\">\u00ab\u00a0Quand nous avons fui, nous avons vu des cadavres sur le sol, y compris des amis qui ont \u00e9t\u00e9 tu\u00e9s\u00a0\u00bb, se souvient-il.<\/p>\n\n\n\n<p class=\"wp-block-paragraph\"><\/p>\n\n\n\n<p class=\"wp-block-paragraph\">Bien que la vie soit plus s\u00fbre ici, il dort avec peu de protection contre les nuits froides, et aspire \u00e0 la paix pour pouvoir rentrer chez lui.<\/p>\n\n\n\n<figure class=\"wp-block-image\"><img decoding=\"async\" src=\"https:\/\/ichef.bbci.co.uk\/news\/640\/cpsprodpb\/03D9\/production\/_117758900_ch1511509.jpg\" alt=\"Vues d'un camp de personnes d\u00e9plac\u00e9es, territoire de Djugu, province d'Ituri. R\u00e9publique d\u00e9mocratique du Congo\"\/><\/figure>\n\n\n\n<p class=\"wp-block-paragraph\">L&rsquo;acc\u00e8s \u00e0 l&rsquo;eau, la protection contre les \u00e9l\u00e9ments de la nature, la nutrition et l&rsquo;hygi\u00e8ne de base sont autant de questions cruciales pour les personnes d\u00e9plac\u00e9es dans les camps. Les services de sant\u00e9 sont limit\u00e9s.<\/p>\n\n\n\n<figure class=\"wp-block-image\"><img decoding=\"async\" src=\"https:\/\/ichef.bbci.co.uk\/news\/640\/cpsprodpb\/15F1D\/production\/_117758898_ch1511442.jpg\" alt=\"Un arbre avec des fleurs roses\"\/><\/figure>\n\n\n\n<p class=\"wp-block-paragraph\">Un projet de Save the Children vise \u00e0 assurer la sant\u00e9, la nutrition et la protection. Un soutien psychologique est \u00e9galement apport\u00e9 aux victimes de violences sexuelles et sexistes ainsi qu&rsquo;aux enfants qui ont \u00e9t\u00e9 s\u00e9par\u00e9s de leurs parents.<\/p>\n\n\n\n<figure class=\"wp-block-image\"><img decoding=\"async\" src=\"https:\/\/ichef.bbci.co.uk\/news\/640\/cpsprodpb\/BA4F\/production\/_117759674_ch1511461.jpg\" alt=\"Joseph, 14 ans, se pr\u00e9sente pour un portrait dans un camp de d\u00e9plac\u00e9s, territoire de Djugu, province d'Ituri. R\u00e9publique d\u00e9mocratique du Congo.\"\/><\/figure>\n\n\n\n<p class=\"wp-block-paragraph\">M\u00eame s&rsquo;il est d\u00e9sormais \u00e0 l&rsquo;abri des violences, Joseph, 14 ans, vit avec le souvenir des atrocit\u00e9s dont il a \u00e9t\u00e9 t\u00e9moin en fuyant les groupes arm\u00e9s.<\/p>\n\n\n\n<p class=\"wp-block-paragraph\">\u00ab\u00a0C&rsquo;est vrai que les assaillants sont venus dans notre village, et ont tu\u00e9 mes amis et d&rsquo;autres enfants&#8230; Je pense \u00e0 mes amis que j&rsquo;ai laiss\u00e9s derri\u00e8re moi au village.\u00a0\u00bb<\/p>\n\n\n\n<figure class=\"wp-block-image\"><img decoding=\"async\" src=\"https:\/\/ichef.bbci.co.uk\/news\/640\/cpsprodpb\/17D9F\/production\/_117759679_ch1511419.jpg\" alt=\"Jonathan, 13 ans, pose pour un portrait dans un camp de d\u00e9plac\u00e9s de la province de Bunia. R\u00e9publique d\u00e9mocratique du Congo.\"\/><\/figure>\n\n\n\n<p class=\"wp-block-paragraph\">\u00ab\u00a0Je ne suis pas encore bien install\u00e9 ici, mais je dois rester ici pour la paix\u00a0\u00bb, dit Jonathan, qui a 13 ans.<\/p>\n\n\n\n<p class=\"wp-block-paragraph\">\u00ab\u00a0Le professeur [du camp] m&rsquo;a inscrit \u00e0 l&rsquo;\u00e9cole et a apport\u00e9 les cahiers et tous les uniformes. Je suis heureux d&rsquo;\u00e9tudier, au lieu de me reposer \u00e0 la maison. C&rsquo;est ce que je veux\u00a0\u00bb.<\/p>\n\n\n\n<p class=\"wp-block-paragraph\">\u00ab\u00a0Je veux rester ici et je veux que ma vie change pour le mieux\u00a0\u00bb, ajoute-t-il.<\/p>\n\n\n\n<figure class=\"wp-block-image\"><img decoding=\"async\" src=\"https:\/\/ichef.bbci.co.uk\/news\/640\/cpsprodpb\/E15F\/production\/_117759675_ch1511458.jpg\" alt=\"Rachel, 17 ans, est assise pour un portrait dans un camp de personnes d\u00e9plac\u00e9es, territoire de Djugu, province d'Ituri. R\u00e9publique d\u00e9mocratique du Congo\"\/><\/figure>\n\n\n\n<p class=\"wp-block-paragraph\">Rachel, 17 ans, \u00e9tait en quatri\u00e8me ann\u00e9e d&rsquo;\u00e9cole lorsque des groupes arm\u00e9s ont d\u00e9barqu\u00e9 dans son village.<\/p>\n\n\n\n<p class=\"wp-block-paragraph\">Se souvenant de la nuit o\u00f9 elle a fui sa maison, elle raconte : \u00ab\u00a0j&rsquo;ai vu des armes \u00e0 feu, des armes blanches, des machettes, des fl\u00e8ches. Les assaillants ont tu\u00e9 tous ceux qu&rsquo;ils cherchaient, ils ont br\u00fbl\u00e9 les maisons du village.<\/p>\n\n\n\n<p class=\"wp-block-paragraph\"><\/p>\n\n\n\n<p class=\"wp-block-paragraph\">\u00ab\u00a0Avec la guerre, il n&rsquo;y a que souffrance apr\u00e8s souffrance&#8230; Je n&rsquo;ai pas confiance en sa fin. Je veux la paix dans tout l&rsquo;Ituri, c&rsquo;est cette paix que nous cherchons, mais qui n&rsquo;est jamais l\u00e0.\u00a0\u00bb<\/p>\n\n\n\n<figure class=\"wp-block-image\"><img decoding=\"async\" src=\"https:\/\/ichef.bbci.co.uk\/news\/640\/cpsprodpb\/21F7\/production\/_117759680_ch1511508.jpg\" alt=\"Enfants d\u00e9plac\u00e9s dans le territoire de Djugu, province d'Ituri.\"\/><\/figure>\n\n\n\n<p class=\"wp-block-paragraph\">BBC\/<strong>Toutes les photos sont la propri\u00e9t\u00e9 de Hugh Kinsella Cunningham\/Save the Children<\/strong><\/p>\n","protected":false,"gt_translate_keys":[{"key":"rendered","format":"html"}]},"excerpt":{"rendered":"<p>Le photographe Hugh Kinsella Cunningham a voyag\u00e9 dans la province du nord-est de l&rsquo;Ituri, en R\u00e9publique d\u00e9mocratique du Congo, avec Save the Children, pour documenter les histoires personnelles des enfants pris dans le conflit. L&rsquo;histoire r\u00e9cente de la R\u00e9publique d\u00e9mocratique du Congo est marqu\u00e9e par la guerre civile et la corruption, qui ont fait des centaines de milliers de victimes, soit en raison des combats, soit \u00e0 cause de la maladie et de la malnutrition. La violence implique d\u00e9sormais une myriade de groupes arm\u00e9s qui d\u00e9fient les autorit\u00e9s et prennent&hellip;<\/p>\n","protected":false,"gt_translate_keys":[{"key":"rendered","format":"html"}]},"author":1,"featured_media":7764,"comment_status":"open","ping_status":"open","sticky":false,"template":"","format":"standard","meta":{"_crdt_document":"","footnotes":""},"categories":[199],"tags":[6629],"class_list":["post-7763","post","type-post","status-publish","format-standard","has-post-thumbnail","hentry","category-insecurite","tag-enfants-dans-les-zones-de-conflits"],"gutentor_comment":0,"yoast_head":"<!-- This site is optimized with the Yoast SEO plugin v27.5 - https:\/\/yoast.com\/product\/yoast-seo-wordpress\/ -->\n<title>Ces enfants qui survivent au conflit en RD Congo - Actualit\u00e9s congolaises et internationales<\/title>\n<meta name=\"robots\" content=\"index, follow, max-snippet:-1, max-image-preview:large, max-video-preview:-1\" \/>\n<link rel=\"canonical\" href=\"https:\/\/congovirtuel.com\/information\/ces-enfants-qui-survivent-au-conflit-en-rd-congo\/\" \/>\n<meta property=\"og:locale\" content=\"fr_FR\" \/>\n<meta property=\"og:type\" content=\"article\" \/>\n<meta property=\"og:title\" content=\"Ces enfants qui survivent au conflit en RD Congo - Actualit\u00e9s congolaises et internationales\" \/>\n<meta property=\"og:description\" content=\"Le photographe Hugh Kinsella Cunningham a voyag\u00e9 dans la province du nord-est de l&rsquo;Ituri, en R\u00e9publique d\u00e9mocratique du Congo, avec Save the Children, pour documenter les histoires personnelles des enfants pris dans le conflit. L&rsquo;histoire r\u00e9cente de la R\u00e9publique d\u00e9mocratique du Congo est marqu\u00e9e par la guerre civile et la corruption, qui ont fait des centaines de milliers de victimes, soit en raison des combats, soit \u00e0 cause de la maladie et de la malnutrition. La violence implique d\u00e9sormais une myriade de groupes arm\u00e9s qui d\u00e9fient les autorit\u00e9s et prennent&hellip;\" \/>\n<meta property=\"og:url\" content=\"https:\/\/congovirtuel.com\/information\/ces-enfants-qui-survivent-au-conflit-en-rd-congo\/\" \/>\n<meta property=\"og:site_name\" content=\"Actualit\u00e9s congolaises et internationales\" \/>\n<meta property=\"article:publisher\" content=\"https:\/\/web.facebook.com\/Congovirtuel-763617960319601\/?ref=aymt_homepage_panel&amp;amp%3bamp%3bamp%3bamp%3bamp%3bamp%3bamp%3bamp%3bamp%3bamp%3bamp%3beid=ARCoxULa66767kIgF_KYav6VdjXTI4yk_LW4yoVO9s6NXpysgb7Cb65vpxcxgqzOAKvIbLQxaAETcqHT\" \/>\n<meta property=\"article:published_time\" content=\"2021-04-12T08:05:28+00:00\" \/>\n<meta property=\"article:modified_time\" content=\"2021-04-12T08:05:34+00:00\" \/>\n<meta property=\"og:image\" content=\"https:\/\/congovirtuel.com\/information\/wp-content\/uploads\/2021\/04\/hughe_kinsela.jpg\" \/>\n\t<meta property=\"og:image:width\" content=\"800\" \/>\n\t<meta property=\"og:image:height\" content=\"600\" \/>\n\t<meta property=\"og:image:type\" content=\"image\/jpeg\" \/>\n<meta name=\"author\" content=\"infocongovirtuel\" \/>\n<meta name=\"twitter:card\" content=\"summary_large_image\" \/>\n<meta name=\"twitter:creator\" content=\"@congovirtuel\" \/>\n<meta name=\"twitter:site\" content=\"@congovirtuel\" \/>\n<meta name=\"twitter:label1\" content=\"\u00c9crit par\" \/>\n\t<meta name=\"twitter:data1\" content=\"infocongovirtuel\" \/>\n\t<meta name=\"twitter:label2\" content=\"Dur\u00e9e de lecture estim\u00e9e\" \/>\n\t<meta name=\"twitter:data2\" content=\"5 minutes\" \/>\n<script type=\"application\/ld+json\" class=\"yoast-schema-graph\">{\"@context\":\"https:\\\/\\\/schema.org\",\"@graph\":[{\"@type\":\"Article\",\"@id\":\"https:\\\/\\\/congovirtuel.com\\\/information\\\/ces-enfants-qui-survivent-au-conflit-en-rd-congo\\\/#article\",\"isPartOf\":{\"@id\":\"https:\\\/\\\/congovirtuel.com\\\/information\\\/ces-enfants-qui-survivent-au-conflit-en-rd-congo\\\/\"},\"author\":{\"name\":\"infocongovirtuel\",\"@id\":\"https:\\\/\\\/congovirtuel.com\\\/information\\\/#\\\/schema\\\/person\\\/739a44bf7990966cb53d58d2fdeca0b6\"},\"headline\":\"Ces enfants qui survivent au conflit en RD Congo\",\"datePublished\":\"2021-04-12T08:05:28+00:00\",\"dateModified\":\"2021-04-12T08:05:34+00:00\",\"mainEntityOfPage\":{\"@id\":\"https:\\\/\\\/congovirtuel.com\\\/information\\\/ces-enfants-qui-survivent-au-conflit-en-rd-congo\\\/\"},\"wordCount\":792,\"commentCount\":0,\"publisher\":{\"@id\":\"https:\\\/\\\/congovirtuel.com\\\/information\\\/#organization\"},\"image\":{\"@id\":\"https:\\\/\\\/congovirtuel.com\\\/information\\\/ces-enfants-qui-survivent-au-conflit-en-rd-congo\\\/#primaryimage\"},\"thumbnailUrl\":\"https:\\\/\\\/congovirtuel.com\\\/information\\\/wp-content\\\/uploads\\\/2021\\\/04\\\/hughe_kinsela.jpg\",\"keywords\":[\"enfants dans les zones de conflits\"],\"articleSection\":[\"Ins\u00e9curit\u00e9\"],\"inLanguage\":\"fr-FR\",\"potentialAction\":[{\"@type\":\"CommentAction\",\"name\":\"Comment\",\"target\":[\"https:\\\/\\\/congovirtuel.com\\\/information\\\/ces-enfants-qui-survivent-au-conflit-en-rd-congo\\\/#respond\"]}]},{\"@type\":\"WebPage\",\"@id\":\"https:\\\/\\\/congovirtuel.com\\\/information\\\/ces-enfants-qui-survivent-au-conflit-en-rd-congo\\\/\",\"url\":\"https:\\\/\\\/congovirtuel.com\\\/information\\\/ces-enfants-qui-survivent-au-conflit-en-rd-congo\\\/\",\"name\":\"Ces enfants qui survivent au conflit en RD Congo - Actualit\u00e9s congolaises et internationales\",\"isPartOf\":{\"@id\":\"https:\\\/\\\/congovirtuel.com\\\/information\\\/#website\"},\"primaryImageOfPage\":{\"@id\":\"https:\\\/\\\/congovirtuel.com\\\/information\\\/ces-enfants-qui-survivent-au-conflit-en-rd-congo\\\/#primaryimage\"},\"image\":{\"@id\":\"https:\\\/\\\/congovirtuel.com\\\/information\\\/ces-enfants-qui-survivent-au-conflit-en-rd-congo\\\/#primaryimage\"},\"thumbnailUrl\":\"https:\\\/\\\/congovirtuel.com\\\/information\\\/wp-content\\\/uploads\\\/2021\\\/04\\\/hughe_kinsela.jpg\",\"datePublished\":\"2021-04-12T08:05:28+00:00\",\"dateModified\":\"2021-04-12T08:05:34+00:00\",\"breadcrumb\":{\"@id\":\"https:\\\/\\\/congovirtuel.com\\\/information\\\/ces-enfants-qui-survivent-au-conflit-en-rd-congo\\\/#breadcrumb\"},\"inLanguage\":\"fr-FR\",\"potentialAction\":[{\"@type\":\"ReadAction\",\"target\":[\"https:\\\/\\\/congovirtuel.com\\\/information\\\/ces-enfants-qui-survivent-au-conflit-en-rd-congo\\\/\"]}]},{\"@type\":\"ImageObject\",\"inLanguage\":\"fr-FR\",\"@id\":\"https:\\\/\\\/congovirtuel.com\\\/information\\\/ces-enfants-qui-survivent-au-conflit-en-rd-congo\\\/#primaryimage\",\"url\":\"https:\\\/\\\/congovirtuel.com\\\/information\\\/wp-content\\\/uploads\\\/2021\\\/04\\\/hughe_kinsela.jpg\",\"contentUrl\":\"https:\\\/\\\/congovirtuel.com\\\/information\\\/wp-content\\\/uploads\\\/2021\\\/04\\\/hughe_kinsela.jpg\",\"width\":800,\"height\":600,\"caption\":\"hughe_kinsela\"},{\"@type\":\"BreadcrumbList\",\"@id\":\"https:\\\/\\\/congovirtuel.com\\\/information\\\/ces-enfants-qui-survivent-au-conflit-en-rd-congo\\\/#breadcrumb\",\"itemListElement\":[{\"@type\":\"ListItem\",\"position\":1,\"name\":\"Accueil\",\"item\":\"https:\\\/\\\/congovirtuel.com\\\/information\\\/\"},{\"@type\":\"ListItem\",\"position\":2,\"name\":\"Ces enfants qui survivent au conflit en RD Congo\"}]},{\"@type\":\"WebSite\",\"@id\":\"https:\\\/\\\/congovirtuel.com\\\/information\\\/#website\",\"url\":\"https:\\\/\\\/congovirtuel.com\\\/information\\\/\",\"name\":\"Actualit\u00e9s congolaises et internationales\",\"description\":\"site d&#039;analyse et de traitement d&#039;information\",\"publisher\":{\"@id\":\"https:\\\/\\\/congovirtuel.com\\\/information\\\/#organization\"},\"potentialAction\":[{\"@type\":\"SearchAction\",\"target\":{\"@type\":\"EntryPoint\",\"urlTemplate\":\"https:\\\/\\\/congovirtuel.com\\\/information\\\/?s={search_term_string}\"},\"query-input\":{\"@type\":\"PropertyValueSpecification\",\"valueRequired\":true,\"valueName\":\"search_term_string\"}}],\"inLanguage\":\"fr-FR\"},{\"@type\":\"Organization\",\"@id\":\"https:\\\/\\\/congovirtuel.com\\\/information\\\/#organization\",\"name\":\"Biblioth\u00e8que Virtuelle de la RDC\",\"url\":\"https:\\\/\\\/congovirtuel.com\\\/information\\\/\",\"logo\":{\"@type\":\"ImageObject\",\"inLanguage\":\"fr-FR\",\"@id\":\"https:\\\/\\\/congovirtuel.com\\\/information\\\/#\\\/schema\\\/logo\\\/image\\\/\",\"url\":\"https:\\\/\\\/congovirtuel.com\\\/information\\\/wp-content\\\/uploads\\\/2018\\\/10\\\/header-info-congovirtuel-vraie.jpg\",\"contentUrl\":\"https:\\\/\\\/congovirtuel.com\\\/information\\\/wp-content\\\/uploads\\\/2018\\\/10\\\/header-info-congovirtuel-vraie.jpg\",\"width\":728,\"height\":90,\"caption\":\"Biblioth\u00e8que Virtuelle de la RDC\"},\"image\":{\"@id\":\"https:\\\/\\\/congovirtuel.com\\\/information\\\/#\\\/schema\\\/logo\\\/image\\\/\"},\"sameAs\":[\"https:\\\/\\\/web.facebook.com\\\/Congovirtuel-763617960319601\\\/?ref=aymt_homepage_panel&amp;amp;amp;amp;amp;amp;amp;amp;amp;amp;amp;eid=ARCoxULa66767kIgF_KYav6VdjXTI4yk_LW4yoVO9s6NXpysgb7Cb65vpxcxgqzOAKvIbLQxaAETcqHT\",\"https:\\\/\\\/x.com\\\/congovirtuel\",\"https:\\\/\\\/www.youtube.com\\\/channel\\\/UCkFfprYzGgS3EWNpeMXpToQ?view_as=subscriber\"]},{\"@type\":\"Person\",\"@id\":\"https:\\\/\\\/congovirtuel.com\\\/information\\\/#\\\/schema\\\/person\\\/739a44bf7990966cb53d58d2fdeca0b6\",\"name\":\"infocongovirtuel\",\"image\":{\"@type\":\"ImageObject\",\"inLanguage\":\"fr-FR\",\"@id\":\"https:\\\/\\\/secure.gravatar.com\\\/avatar\\\/4d76991aa72469f0eb22e772586c99113c6997f88da636a9db8f2ce3a2c05e69?s=96&d=mm&r=g\",\"url\":\"https:\\\/\\\/secure.gravatar.com\\\/avatar\\\/4d76991aa72469f0eb22e772586c99113c6997f88da636a9db8f2ce3a2c05e69?s=96&d=mm&r=g\",\"contentUrl\":\"https:\\\/\\\/secure.gravatar.com\\\/avatar\\\/4d76991aa72469f0eb22e772586c99113c6997f88da636a9db8f2ce3a2c05e69?s=96&d=mm&r=g\",\"caption\":\"infocongovirtuel\"},\"url\":\"https:\\\/\\\/congovirtuel.com\\\/information\\\/author\\\/infocongovirtuel\\\/\"}]}<\/script>\n<!-- \/ Yoast SEO plugin. -->","yoast_head_json":{"title":"Ces enfants qui survivent au conflit en RD Congo - Actualit\u00e9s congolaises et internationales","robots":{"index":"index","follow":"follow","max-snippet":"max-snippet:-1","max-image-preview":"max-image-preview:large","max-video-preview":"max-video-preview:-1"},"canonical":"https:\/\/congovirtuel.com\/information\/ces-enfants-qui-survivent-au-conflit-en-rd-congo\/","og_locale":"fr_FR","og_type":"article","og_title":"Ces enfants qui survivent au conflit en RD Congo - Actualit\u00e9s congolaises et internationales","og_description":"Le photographe Hugh Kinsella Cunningham a voyag\u00e9 dans la province du nord-est de l&rsquo;Ituri, en R\u00e9publique d\u00e9mocratique du Congo, avec Save the Children, pour documenter les histoires personnelles des enfants pris dans le conflit. L&rsquo;histoire r\u00e9cente de la R\u00e9publique d\u00e9mocratique du Congo est marqu\u00e9e par la guerre civile et la corruption, qui ont fait des centaines de milliers de victimes, soit en raison des combats, soit \u00e0 cause de la maladie et de la malnutrition. La violence implique d\u00e9sormais une myriade de groupes arm\u00e9s qui d\u00e9fient les autorit\u00e9s et prennent&hellip;","og_url":"https:\/\/congovirtuel.com\/information\/ces-enfants-qui-survivent-au-conflit-en-rd-congo\/","og_site_name":"Actualit\u00e9s congolaises et internationales","article_publisher":"https:\/\/web.facebook.com\/Congovirtuel-763617960319601\/?ref=aymt_homepage_panel&amp%3bamp%3bamp%3bamp%3bamp%3bamp%3bamp%3bamp%3bamp%3bamp%3bamp%3beid=ARCoxULa66767kIgF_KYav6VdjXTI4yk_LW4yoVO9s6NXpysgb7Cb65vpxcxgqzOAKvIbLQxaAETcqHT","article_published_time":"2021-04-12T08:05:28+00:00","article_modified_time":"2021-04-12T08:05:34+00:00","og_image":[{"width":800,"height":600,"url":"https:\/\/congovirtuel.com\/information\/wp-content\/uploads\/2021\/04\/hughe_kinsela.jpg","type":"image\/jpeg"}],"author":"infocongovirtuel","twitter_card":"summary_large_image","twitter_creator":"@congovirtuel","twitter_site":"@congovirtuel","twitter_misc":{"\u00c9crit par":"infocongovirtuel","Dur\u00e9e de lecture estim\u00e9e":"5 minutes"},"schema":{"@context":"https:\/\/schema.org","@graph":[{"@type":"Article","@id":"https:\/\/congovirtuel.com\/information\/ces-enfants-qui-survivent-au-conflit-en-rd-congo\/#article","isPartOf":{"@id":"https:\/\/congovirtuel.com\/information\/ces-enfants-qui-survivent-au-conflit-en-rd-congo\/"},"author":{"name":"infocongovirtuel","@id":"https:\/\/congovirtuel.com\/information\/#\/schema\/person\/739a44bf7990966cb53d58d2fdeca0b6"},"headline":"Ces enfants qui survivent au conflit en RD Congo","datePublished":"2021-04-12T08:05:28+00:00","dateModified":"2021-04-12T08:05:34+00:00","mainEntityOfPage":{"@id":"https:\/\/congovirtuel.com\/information\/ces-enfants-qui-survivent-au-conflit-en-rd-congo\/"},"wordCount":792,"commentCount":0,"publisher":{"@id":"https:\/\/congovirtuel.com\/information\/#organization"},"image":{"@id":"https:\/\/congovirtuel.com\/information\/ces-enfants-qui-survivent-au-conflit-en-rd-congo\/#primaryimage"},"thumbnailUrl":"https:\/\/congovirtuel.com\/information\/wp-content\/uploads\/2021\/04\/hughe_kinsela.jpg","keywords":["enfants dans les zones de conflits"],"articleSection":["Ins\u00e9curit\u00e9"],"inLanguage":"fr-FR","potentialAction":[{"@type":"CommentAction","name":"Comment","target":["https:\/\/congovirtuel.com\/information\/ces-enfants-qui-survivent-au-conflit-en-rd-congo\/#respond"]}]},{"@type":"WebPage","@id":"https:\/\/congovirtuel.com\/information\/ces-enfants-qui-survivent-au-conflit-en-rd-congo\/","url":"https:\/\/congovirtuel.com\/information\/ces-enfants-qui-survivent-au-conflit-en-rd-congo\/","name":"Ces enfants qui survivent au conflit en RD Congo - Actualit\u00e9s congolaises et internationales","isPartOf":{"@id":"https:\/\/congovirtuel.com\/information\/#website"},"primaryImageOfPage":{"@id":"https:\/\/congovirtuel.com\/information\/ces-enfants-qui-survivent-au-conflit-en-rd-congo\/#primaryimage"},"image":{"@id":"https:\/\/congovirtuel.com\/information\/ces-enfants-qui-survivent-au-conflit-en-rd-congo\/#primaryimage"},"thumbnailUrl":"https:\/\/congovirtuel.com\/information\/wp-content\/uploads\/2021\/04\/hughe_kinsela.jpg","datePublished":"2021-04-12T08:05:28+00:00","dateModified":"2021-04-12T08:05:34+00:00","breadcrumb":{"@id":"https:\/\/congovirtuel.com\/information\/ces-enfants-qui-survivent-au-conflit-en-rd-congo\/#breadcrumb"},"inLanguage":"fr-FR","potentialAction":[{"@type":"ReadAction","target":["https:\/\/congovirtuel.com\/information\/ces-enfants-qui-survivent-au-conflit-en-rd-congo\/"]}]},{"@type":"ImageObject","inLanguage":"fr-FR","@id":"https:\/\/congovirtuel.com\/information\/ces-enfants-qui-survivent-au-conflit-en-rd-congo\/#primaryimage","url":"https:\/\/congovirtuel.com\/information\/wp-content\/uploads\/2021\/04\/hughe_kinsela.jpg","contentUrl":"https:\/\/congovirtuel.com\/information\/wp-content\/uploads\/2021\/04\/hughe_kinsela.jpg","width":800,"height":600,"caption":"hughe_kinsela"},{"@type":"BreadcrumbList","@id":"https:\/\/congovirtuel.com\/information\/ces-enfants-qui-survivent-au-conflit-en-rd-congo\/#breadcrumb","itemListElement":[{"@type":"ListItem","position":1,"name":"Accueil","item":"https:\/\/congovirtuel.com\/information\/"},{"@type":"ListItem","position":2,"name":"Ces enfants qui survivent au conflit en RD Congo"}]},{"@type":"WebSite","@id":"https:\/\/congovirtuel.com\/information\/#website","url":"https:\/\/congovirtuel.com\/information\/","name":"Actualit\u00e9s congolaises et internationales","description":"site d&#039;analyse et de traitement d&#039;information","publisher":{"@id":"https:\/\/congovirtuel.com\/information\/#organization"},"potentialAction":[{"@type":"SearchAction","target":{"@type":"EntryPoint","urlTemplate":"https:\/\/congovirtuel.com\/information\/?s={search_term_string}"},"query-input":{"@type":"PropertyValueSpecification","valueRequired":true,"valueName":"search_term_string"}}],"inLanguage":"fr-FR"},{"@type":"Organization","@id":"https:\/\/congovirtuel.com\/information\/#organization","name":"Biblioth\u00e8que Virtuelle de la RDC","url":"https:\/\/congovirtuel.com\/information\/","logo":{"@type":"ImageObject","inLanguage":"fr-FR","@id":"https:\/\/congovirtuel.com\/information\/#\/schema\/logo\/image\/","url":"https:\/\/congovirtuel.com\/information\/wp-content\/uploads\/2018\/10\/header-info-congovirtuel-vraie.jpg","contentUrl":"https:\/\/congovirtuel.com\/information\/wp-content\/uploads\/2018\/10\/header-info-congovirtuel-vraie.jpg","width":728,"height":90,"caption":"Biblioth\u00e8que Virtuelle de la RDC"},"image":{"@id":"https:\/\/congovirtuel.com\/information\/#\/schema\/logo\/image\/"},"sameAs":["https:\/\/web.facebook.com\/Congovirtuel-763617960319601\/?ref=aymt_homepage_panel&amp;amp;amp;amp;amp;amp;amp;amp;amp;amp;amp;eid=ARCoxULa66767kIgF_KYav6VdjXTI4yk_LW4yoVO9s6NXpysgb7Cb65vpxcxgqzOAKvIbLQxaAETcqHT","https:\/\/x.com\/congovirtuel","https:\/\/www.youtube.com\/channel\/UCkFfprYzGgS3EWNpeMXpToQ?view_as=subscriber"]},{"@type":"Person","@id":"https:\/\/congovirtuel.com\/information\/#\/schema\/person\/739a44bf7990966cb53d58d2fdeca0b6","name":"infocongovirtuel","image":{"@type":"ImageObject","inLanguage":"fr-FR","@id":"https:\/\/secure.gravatar.com\/avatar\/4d76991aa72469f0eb22e772586c99113c6997f88da636a9db8f2ce3a2c05e69?s=96&d=mm&r=g","url":"https:\/\/secure.gravatar.com\/avatar\/4d76991aa72469f0eb22e772586c99113c6997f88da636a9db8f2ce3a2c05e69?s=96&d=mm&r=g","contentUrl":"https:\/\/secure.gravatar.com\/avatar\/4d76991aa72469f0eb22e772586c99113c6997f88da636a9db8f2ce3a2c05e69?s=96&d=mm&r=g","caption":"infocongovirtuel"},"url":"https:\/\/congovirtuel.com\/information\/author\/infocongovirtuel\/"}]}},"gt_translate_keys":[{"key":"link","format":"url"}],"_links":{"self":[{"href":"https:\/\/congovirtuel.com\/information\/wp-json\/wp\/v2\/posts\/7763","targetHints":{"allow":["GET"]}}],"collection":[{"href":"https:\/\/congovirtuel.com\/information\/wp-json\/wp\/v2\/posts"}],"about":[{"href":"https:\/\/congovirtuel.com\/information\/wp-json\/wp\/v2\/types\/post"}],"author":[{"embeddable":true,"href":"https:\/\/congovirtuel.com\/information\/wp-json\/wp\/v2\/users\/1"}],"replies":[{"embeddable":true,"href":"https:\/\/congovirtuel.com\/information\/wp-json\/wp\/v2\/comments?post=7763"}],"version-history":[{"count":1,"href":"https:\/\/congovirtuel.com\/information\/wp-json\/wp\/v2\/posts\/7763\/revisions"}],"predecessor-version":[{"id":7765,"href":"https:\/\/congovirtuel.com\/information\/wp-json\/wp\/v2\/posts\/7763\/revisions\/7765"}],"wp:featuredmedia":[{"embeddable":true,"href":"https:\/\/congovirtuel.com\/information\/wp-json\/wp\/v2\/media\/7764"}],"wp:attachment":[{"href":"https:\/\/congovirtuel.com\/information\/wp-json\/wp\/v2\/media?parent=7763"}],"wp:term":[{"taxonomy":"category","embeddable":true,"href":"https:\/\/congovirtuel.com\/information\/wp-json\/wp\/v2\/categories?post=7763"},{"taxonomy":"post_tag","embeddable":true,"href":"https:\/\/congovirtuel.com\/information\/wp-json\/wp\/v2\/tags?post=7763"}],"curies":[{"name":"wp","href":"https:\/\/api.w.org\/{rel}","templated":true}]}}