{"id":7807,"date":"2021-04-13T06:57:53","date_gmt":"2021-04-13T05:57:53","guid":{"rendered":"https:\/\/congovirtuel.com\/information\/?p=7807"},"modified":"2021-04-13T06:58:00","modified_gmt":"2021-04-13T05:58:00","slug":"rdc-pourquoi-57-membres-dans-le-gouvernement-dunion-sacree-du-president-tshisekedi","status":"publish","type":"post","link":"https:\/\/congovirtuel.com\/information\/rdc-pourquoi-57-membres-dans-le-gouvernement-dunion-sacree-du-president-tshisekedi\/","title":{"rendered":"RDC: pourquoi 57 membres dans le gouvernement d&rsquo;\u00abUnion sacr\u00e9e\u00bb du pr\u00e9sident Tshisekedi?","gt_translate_keys":[{"key":"rendered","format":"text"}]},"content":{"rendered":"\n<p class=\"wp-block-paragraph\">RDC, les membres du nouveau gouvernement sont enfin connus. Le premier gouvernement de l\u2019\u00ab&nbsp;Union sacr\u00e9e&nbsp;\u00bb souhait\u00e9e par le pr\u00e9sident Tshisekedi est compos\u00e9 de 56 et son Premier ministre Jean-Michel Sama Lukonde. C\u2019est 10 de moins de la pr\u00e9c\u00e9dente \u00e9quipe. Mais cela reste au-del\u00e0 de ce qui \u00e9tait esp\u00e9r\u00e9. Il y avait beaucoup de crit\u00e8res \u00e0 concilier, selon le chef du gouvernement.<\/p>\n\n\n\n<p class=\"wp-block-paragraph\"><br>Le\u00a0 Premier Ministre l&rsquo;a dit lors de sa conf\u00e9rence de presse lundi 12 avril. Il avait esp\u00e9r\u00e9 passer sous la barre des 50 ministres. C\u2019\u00e9tait une demande la soci\u00e9t\u00e9 civile, au vu des maigres rrces de l\u2019\u00c9tat.<\/p>\n\n\n\n<p class=\"wp-block-paragraph\">Mais finalement, les membres du premier gouvernement de l\u2019Union sacr\u00e9e sont 57, Premier ministre inclus. Jean-Michel Sama Lukonde l\u2019explique par le fait que l\u2019union sacr\u00e9e, c\u2019est la plus grande coalition politique qu\u2019ait connu la RDC. 24 regroupements politiques. Mais des personnalit\u00e9s, notamment de la soci\u00e9t\u00e9 civile, ont aussi \u00e9t\u00e9 recrut\u00e9es. C\u2019est notamment une repr\u00e9sentante&nbsp;<a href=\"https:\/\/www.rfi.fr\/fr\/afrique\/20130712-rose-mutombo-kiese-femmes-ont-grand-role-jouer-gestion-conflit\"><strong>de la soci\u00e9t\u00e9 civile, Rose Mutombo<\/strong><\/a>, Pr\u00e9sidente du cadre de concertation de la femme congolaise (CAFCO) qui devient ministre de la Justice.<\/p>\n\n\n\n<p class=\"wp-block-paragraph\"><strong>80% de nouveaux arrivants dans le gouvernement<\/strong><\/p>\n\n\n\n<p class=\"wp-block-paragraph\">Il reste donc encore beaucoup de d\u00e9doublement de portefeuilles ou d\u2019attributions qui se chevauchent quand l\u2019efficacit\u00e9 \u00e9tait aussi un crit\u00e8re.<\/p>\n\n\n\n<p class=\"wp-block-paragraph\">Un ministre sur cinq seulement faisait partie de l\u2019ancienne \u00e9quipe et ceux qui ne sont pas reconduits proviennent aussi bien de la coalition pr\u00e9sidentielle que de celle de son pr\u00e9d\u00e9cesseur. Font leur entr\u00e9e dans ce gouvernement des proches des opposants Mo\u00efse Katumbi et de Jean-Pierre Bemba. Les deux fondateurs de la coalition Lamuka prennent chacun un poste de vice-premier ministre. Christophe Lutundula, proche de Moise Katumbi, prend la t\u00eate de la diplomatie. Quant \u00e0 \u00c8ve Bazaiba, la secr\u00e9taire g\u00e9n\u00e9rale du MLC de Jean-Pierre Bemba, elle est charg\u00e9e des questions environnementales.<\/p>\n\n\n\n<p class=\"wp-block-paragraph\">Pour les deux autres postes de vice-premier ministre, ce sont Jean-Pierre Lihau, premier \u00e0 avoir claqu\u00e9 la porte du PPRD, le parti de Joseph Kabila pour rejoindre l\u2019union sacr\u00e9e qui est charg\u00e9e de la fonction publique et Asselo Okito Daniel qui prend les portefeuilles de l\u2019Int\u00e9rieur, la S\u00e9curit\u00e9, la D\u00e9centralisation et les Affaires coutumi\u00e8res.<\/p>\n\n\n\n<p class=\"wp-block-paragraph\"><strong>Une attention particuli\u00e8re sur la repr\u00e9sentativit\u00e9 des femmes<\/strong><\/p>\n\n\n\n<p class=\"wp-block-paragraph\">Dans les postes-cl\u00e9s, l\u2019alli\u00e9 de la premi\u00e8re heure, l\u2019UNC de Vital Kamerhe, garde le Budget et y a install\u00e9 Aim\u00e9 Boji, son secr\u00e9taire g\u00e9n\u00e9ral. Nicolas Kazadi, ambassadeur itin\u00e9rant de F\u00e9lix Tshisekedi, prend lui les Finances. Le minist\u00e8re de la Communication revient \u00e0 Patrick Muyaya, membre du parti Lumumbiste unifi\u00e9. C\u2019est l\u2019une des personnalit\u00e9s du groupe de r\u00e9formistes appel\u00e9 G13.<\/p>\n\n\n\n<p class=\"wp-block-paragraph\">Parmi les motifs qui avaient retard\u00e9 l\u2019annonce de ce gouvernement, il y avait le crit\u00e8re de repr\u00e9sentativit\u00e9 des femmes. Elles repr\u00e9sentent finalement 27\u00a0% de ce gouvernement et certaines ont des postes-cl\u00e9s comme la vice-primature charg\u00e9e de l\u2019Environnement, la Justice ou les Mines. Les 26 provinces du pays sont repr\u00e9sent\u00e9es.<\/p>\n\n\n\n<p class=\"wp-block-paragraph\">RFI<\/p>\n","protected":false,"gt_translate_keys":[{"key":"rendered","format":"html"}]},"excerpt":{"rendered":"<p>RDC, les membres du nouveau gouvernement sont enfin connus. Le premier gouvernement de l\u2019\u00ab&nbsp;Union sacr\u00e9e&nbsp;\u00bb souhait\u00e9e par le pr\u00e9sident Tshisekedi est compos\u00e9 de 56 et son Premier ministre Jean-Michel Sama Lukonde. C\u2019est 10 de moins de la pr\u00e9c\u00e9dente \u00e9quipe. Mais cela reste au-del\u00e0 de ce qui \u00e9tait esp\u00e9r\u00e9. Il y avait beaucoup de crit\u00e8res \u00e0 concilier, selon le chef du gouvernement. Le\u00a0 Premier Ministre l&rsquo;a dit lors de sa conf\u00e9rence de presse lundi 12 avril. Il avait esp\u00e9r\u00e9 passer sous la barre des 50 ministres. C\u2019\u00e9tait une demande la soci\u00e9t\u00e9&hellip;<\/p>\n","protected":false,"gt_translate_keys":[{"key":"rendered","format":"html"}]},"author":1,"featured_media":446,"comment_status":"open","ping_status":"open","sticky":false,"template":"","format":"standard","meta":{"_crdt_document":"","footnotes":""},"categories":[218],"tags":[5944,6646],"class_list":["post-7807","post","type-post","status-publish","format-standard","has-post-thumbnail","hentry","category-gouvernement","tag-gouvernement-sama-lukonde","tag-repartition-quota-gouvernement-sama-lukonde"],"gutentor_comment":0,"yoast_head":"<!-- This site is optimized with the Yoast SEO plugin v27.5 - https:\/\/yoast.com\/product\/yoast-seo-wordpress\/ -->\n<title>RDC: pourquoi 57 membres dans le gouvernement d&#039;\u00abUnion sacr\u00e9e\u00bb du pr\u00e9sident Tshisekedi? - Actualit\u00e9s congolaises et internationales<\/title>\n<meta name=\"robots\" content=\"index, follow, max-snippet:-1, max-image-preview:large, max-video-preview:-1\" \/>\n<link rel=\"canonical\" href=\"https:\/\/congovirtuel.com\/information\/rdc-pourquoi-57-membres-dans-le-gouvernement-dunion-sacree-du-president-tshisekedi\/\" \/>\n<meta property=\"og:locale\" content=\"fr_FR\" \/>\n<meta property=\"og:type\" content=\"article\" \/>\n<meta property=\"og:title\" content=\"RDC: pourquoi 57 membres dans le gouvernement d&#039;\u00abUnion sacr\u00e9e\u00bb du pr\u00e9sident Tshisekedi? - Actualit\u00e9s congolaises et internationales\" \/>\n<meta property=\"og:description\" content=\"RDC, les membres du nouveau gouvernement sont enfin connus. Le premier gouvernement de l\u2019\u00ab&nbsp;Union sacr\u00e9e&nbsp;\u00bb souhait\u00e9e par le pr\u00e9sident Tshisekedi est compos\u00e9 de 56 et son Premier ministre Jean-Michel Sama Lukonde. C\u2019est 10 de moins de la pr\u00e9c\u00e9dente \u00e9quipe. Mais cela reste au-del\u00e0 de ce qui \u00e9tait esp\u00e9r\u00e9. Il y avait beaucoup de crit\u00e8res \u00e0 concilier, selon le chef du gouvernement. Le\u00a0 Premier Ministre l&rsquo;a dit lors de sa conf\u00e9rence de presse lundi 12 avril. Il avait esp\u00e9r\u00e9 passer sous la barre des 50 ministres. C\u2019\u00e9tait une demande la soci\u00e9t\u00e9&hellip;\" \/>\n<meta property=\"og:url\" content=\"https:\/\/congovirtuel.com\/information\/rdc-pourquoi-57-membres-dans-le-gouvernement-dunion-sacree-du-president-tshisekedi\/\" \/>\n<meta property=\"og:site_name\" content=\"Actualit\u00e9s congolaises et internationales\" \/>\n<meta property=\"article:publisher\" content=\"https:\/\/web.facebook.com\/Congovirtuel-763617960319601\/?ref=aymt_homepage_panel&amp;amp%3bamp%3bamp%3bamp%3bamp%3bamp%3bamp%3bamp%3bamp%3bamp%3bamp%3beid=ARCoxULa66767kIgF_KYav6VdjXTI4yk_LW4yoVO9s6NXpysgb7Cb65vpxcxgqzOAKvIbLQxaAETcqHT\" \/>\n<meta property=\"article:published_time\" content=\"2021-04-13T05:57:53+00:00\" \/>\n<meta property=\"article:modified_time\" content=\"2021-04-13T05:58:00+00:00\" \/>\n<meta property=\"og:image\" content=\"https:\/\/congovirtuel.com\/information\/wp-content\/uploads\/2020\/01\/Felix_Tshisekedi.jpg\" \/>\n\t<meta property=\"og:image:width\" content=\"1024\" \/>\n\t<meta property=\"og:image:height\" content=\"578\" \/>\n\t<meta property=\"og:image:type\" content=\"image\/jpeg\" \/>\n<meta name=\"author\" content=\"infocongovirtuel\" \/>\n<meta name=\"twitter:card\" content=\"summary_large_image\" \/>\n<meta name=\"twitter:creator\" content=\"@congovirtuel\" \/>\n<meta name=\"twitter:site\" content=\"@congovirtuel\" \/>\n<meta name=\"twitter:label1\" content=\"\u00c9crit par\" \/>\n\t<meta name=\"twitter:data1\" content=\"infocongovirtuel\" \/>\n\t<meta name=\"twitter:label2\" content=\"Dur\u00e9e de lecture estim\u00e9e\" \/>\n\t<meta name=\"twitter:data2\" content=\"3 minutes\" \/>\n<script type=\"application\/ld+json\" class=\"yoast-schema-graph\">{\"@context\":\"https:\\\/\\\/schema.org\",\"@graph\":[{\"@type\":\"Article\",\"@id\":\"https:\\\/\\\/congovirtuel.com\\\/information\\\/rdc-pourquoi-57-membres-dans-le-gouvernement-dunion-sacree-du-president-tshisekedi\\\/#article\",\"isPartOf\":{\"@id\":\"https:\\\/\\\/congovirtuel.com\\\/information\\\/rdc-pourquoi-57-membres-dans-le-gouvernement-dunion-sacree-du-president-tshisekedi\\\/\"},\"author\":{\"name\":\"infocongovirtuel\",\"@id\":\"https:\\\/\\\/congovirtuel.com\\\/information\\\/#\\\/schema\\\/person\\\/739a44bf7990966cb53d58d2fdeca0b6\"},\"headline\":\"RDC: pourquoi 57 membres dans le gouvernement d&rsquo;\u00abUnion sacr\u00e9e\u00bb du pr\u00e9sident Tshisekedi?\",\"datePublished\":\"2021-04-13T05:57:53+00:00\",\"dateModified\":\"2021-04-13T05:58:00+00:00\",\"mainEntityOfPage\":{\"@id\":\"https:\\\/\\\/congovirtuel.com\\\/information\\\/rdc-pourquoi-57-membres-dans-le-gouvernement-dunion-sacree-du-president-tshisekedi\\\/\"},\"wordCount\":543,\"commentCount\":0,\"publisher\":{\"@id\":\"https:\\\/\\\/congovirtuel.com\\\/information\\\/#organization\"},\"image\":{\"@id\":\"https:\\\/\\\/congovirtuel.com\\\/information\\\/rdc-pourquoi-57-membres-dans-le-gouvernement-dunion-sacree-du-president-tshisekedi\\\/#primaryimage\"},\"thumbnailUrl\":\"https:\\\/\\\/congovirtuel.com\\\/information\\\/wp-content\\\/uploads\\\/2020\\\/01\\\/Felix_Tshisekedi.jpg\",\"keywords\":[\"Gouvernement Sama Lukonde\",\"R\u00e9partition quota gouvernement Sama Lukonde\"],\"articleSection\":[\"Gouvernement\"],\"inLanguage\":\"fr-FR\",\"potentialAction\":[{\"@type\":\"CommentAction\",\"name\":\"Comment\",\"target\":[\"https:\\\/\\\/congovirtuel.com\\\/information\\\/rdc-pourquoi-57-membres-dans-le-gouvernement-dunion-sacree-du-president-tshisekedi\\\/#respond\"]}]},{\"@type\":\"WebPage\",\"@id\":\"https:\\\/\\\/congovirtuel.com\\\/information\\\/rdc-pourquoi-57-membres-dans-le-gouvernement-dunion-sacree-du-president-tshisekedi\\\/\",\"url\":\"https:\\\/\\\/congovirtuel.com\\\/information\\\/rdc-pourquoi-57-membres-dans-le-gouvernement-dunion-sacree-du-president-tshisekedi\\\/\",\"name\":\"RDC: pourquoi 57 membres dans le gouvernement d'\u00abUnion sacr\u00e9e\u00bb du pr\u00e9sident Tshisekedi? - Actualit\u00e9s congolaises et internationales\",\"isPartOf\":{\"@id\":\"https:\\\/\\\/congovirtuel.com\\\/information\\\/#website\"},\"primaryImageOfPage\":{\"@id\":\"https:\\\/\\\/congovirtuel.com\\\/information\\\/rdc-pourquoi-57-membres-dans-le-gouvernement-dunion-sacree-du-president-tshisekedi\\\/#primaryimage\"},\"image\":{\"@id\":\"https:\\\/\\\/congovirtuel.com\\\/information\\\/rdc-pourquoi-57-membres-dans-le-gouvernement-dunion-sacree-du-president-tshisekedi\\\/#primaryimage\"},\"thumbnailUrl\":\"https:\\\/\\\/congovirtuel.com\\\/information\\\/wp-content\\\/uploads\\\/2020\\\/01\\\/Felix_Tshisekedi.jpg\",\"datePublished\":\"2021-04-13T05:57:53+00:00\",\"dateModified\":\"2021-04-13T05:58:00+00:00\",\"breadcrumb\":{\"@id\":\"https:\\\/\\\/congovirtuel.com\\\/information\\\/rdc-pourquoi-57-membres-dans-le-gouvernement-dunion-sacree-du-president-tshisekedi\\\/#breadcrumb\"},\"inLanguage\":\"fr-FR\",\"potentialAction\":[{\"@type\":\"ReadAction\",\"target\":[\"https:\\\/\\\/congovirtuel.com\\\/information\\\/rdc-pourquoi-57-membres-dans-le-gouvernement-dunion-sacree-du-president-tshisekedi\\\/\"]}]},{\"@type\":\"ImageObject\",\"inLanguage\":\"fr-FR\",\"@id\":\"https:\\\/\\\/congovirtuel.com\\\/information\\\/rdc-pourquoi-57-membres-dans-le-gouvernement-dunion-sacree-du-president-tshisekedi\\\/#primaryimage\",\"url\":\"https:\\\/\\\/congovirtuel.com\\\/information\\\/wp-content\\\/uploads\\\/2020\\\/01\\\/Felix_Tshisekedi.jpg\",\"contentUrl\":\"https:\\\/\\\/congovirtuel.com\\\/information\\\/wp-content\\\/uploads\\\/2020\\\/01\\\/Felix_Tshisekedi.jpg\",\"width\":1024,\"height\":578,\"caption\":\"Pr\u00e9sident F\u00e9lix T., photo RFI\"},{\"@type\":\"BreadcrumbList\",\"@id\":\"https:\\\/\\\/congovirtuel.com\\\/information\\\/rdc-pourquoi-57-membres-dans-le-gouvernement-dunion-sacree-du-president-tshisekedi\\\/#breadcrumb\",\"itemListElement\":[{\"@type\":\"ListItem\",\"position\":1,\"name\":\"Accueil\",\"item\":\"https:\\\/\\\/congovirtuel.com\\\/information\\\/\"},{\"@type\":\"ListItem\",\"position\":2,\"name\":\"RDC: pourquoi 57 membres dans le gouvernement d&rsquo;\u00abUnion sacr\u00e9e\u00bb du pr\u00e9sident Tshisekedi?\"}]},{\"@type\":\"WebSite\",\"@id\":\"https:\\\/\\\/congovirtuel.com\\\/information\\\/#website\",\"url\":\"https:\\\/\\\/congovirtuel.com\\\/information\\\/\",\"name\":\"Actualit\u00e9s congolaises et internationales\",\"description\":\"site d&#039;analyse et de traitement d&#039;information\",\"publisher\":{\"@id\":\"https:\\\/\\\/congovirtuel.com\\\/information\\\/#organization\"},\"potentialAction\":[{\"@type\":\"SearchAction\",\"target\":{\"@type\":\"EntryPoint\",\"urlTemplate\":\"https:\\\/\\\/congovirtuel.com\\\/information\\\/?s={search_term_string}\"},\"query-input\":{\"@type\":\"PropertyValueSpecification\",\"valueRequired\":true,\"valueName\":\"search_term_string\"}}],\"inLanguage\":\"fr-FR\"},{\"@type\":\"Organization\",\"@id\":\"https:\\\/\\\/congovirtuel.com\\\/information\\\/#organization\",\"name\":\"Biblioth\u00e8que Virtuelle de la RDC\",\"url\":\"https:\\\/\\\/congovirtuel.com\\\/information\\\/\",\"logo\":{\"@type\":\"ImageObject\",\"inLanguage\":\"fr-FR\",\"@id\":\"https:\\\/\\\/congovirtuel.com\\\/information\\\/#\\\/schema\\\/logo\\\/image\\\/\",\"url\":\"https:\\\/\\\/congovirtuel.com\\\/information\\\/wp-content\\\/uploads\\\/2018\\\/10\\\/header-info-congovirtuel-vraie.jpg\",\"contentUrl\":\"https:\\\/\\\/congovirtuel.com\\\/information\\\/wp-content\\\/uploads\\\/2018\\\/10\\\/header-info-congovirtuel-vraie.jpg\",\"width\":728,\"height\":90,\"caption\":\"Biblioth\u00e8que Virtuelle de la RDC\"},\"image\":{\"@id\":\"https:\\\/\\\/congovirtuel.com\\\/information\\\/#\\\/schema\\\/logo\\\/image\\\/\"},\"sameAs\":[\"https:\\\/\\\/web.facebook.com\\\/Congovirtuel-763617960319601\\\/?ref=aymt_homepage_panel&amp;amp;amp;amp;amp;amp;amp;amp;amp;amp;amp;eid=ARCoxULa66767kIgF_KYav6VdjXTI4yk_LW4yoVO9s6NXpysgb7Cb65vpxcxgqzOAKvIbLQxaAETcqHT\",\"https:\\\/\\\/x.com\\\/congovirtuel\",\"https:\\\/\\\/www.youtube.com\\\/channel\\\/UCkFfprYzGgS3EWNpeMXpToQ?view_as=subscriber\"]},{\"@type\":\"Person\",\"@id\":\"https:\\\/\\\/congovirtuel.com\\\/information\\\/#\\\/schema\\\/person\\\/739a44bf7990966cb53d58d2fdeca0b6\",\"name\":\"infocongovirtuel\",\"image\":{\"@type\":\"ImageObject\",\"inLanguage\":\"fr-FR\",\"@id\":\"https:\\\/\\\/secure.gravatar.com\\\/avatar\\\/4d76991aa72469f0eb22e772586c99113c6997f88da636a9db8f2ce3a2c05e69?s=96&d=mm&r=g\",\"url\":\"https:\\\/\\\/secure.gravatar.com\\\/avatar\\\/4d76991aa72469f0eb22e772586c99113c6997f88da636a9db8f2ce3a2c05e69?s=96&d=mm&r=g\",\"contentUrl\":\"https:\\\/\\\/secure.gravatar.com\\\/avatar\\\/4d76991aa72469f0eb22e772586c99113c6997f88da636a9db8f2ce3a2c05e69?s=96&d=mm&r=g\",\"caption\":\"infocongovirtuel\"},\"url\":\"https:\\\/\\\/congovirtuel.com\\\/information\\\/author\\\/infocongovirtuel\\\/\"}]}<\/script>\n<!-- \/ Yoast SEO plugin. -->","yoast_head_json":{"title":"RDC: pourquoi 57 membres dans le gouvernement d'\u00abUnion sacr\u00e9e\u00bb du pr\u00e9sident Tshisekedi? - Actualit\u00e9s congolaises et internationales","robots":{"index":"index","follow":"follow","max-snippet":"max-snippet:-1","max-image-preview":"max-image-preview:large","max-video-preview":"max-video-preview:-1"},"canonical":"https:\/\/congovirtuel.com\/information\/rdc-pourquoi-57-membres-dans-le-gouvernement-dunion-sacree-du-president-tshisekedi\/","og_locale":"fr_FR","og_type":"article","og_title":"RDC: pourquoi 57 membres dans le gouvernement d'\u00abUnion sacr\u00e9e\u00bb du pr\u00e9sident Tshisekedi? - Actualit\u00e9s congolaises et internationales","og_description":"RDC, les membres du nouveau gouvernement sont enfin connus. Le premier gouvernement de l\u2019\u00ab&nbsp;Union sacr\u00e9e&nbsp;\u00bb souhait\u00e9e par le pr\u00e9sident Tshisekedi est compos\u00e9 de 56 et son Premier ministre Jean-Michel Sama Lukonde. C\u2019est 10 de moins de la pr\u00e9c\u00e9dente \u00e9quipe. Mais cela reste au-del\u00e0 de ce qui \u00e9tait esp\u00e9r\u00e9. Il y avait beaucoup de crit\u00e8res \u00e0 concilier, selon le chef du gouvernement. Le\u00a0 Premier Ministre l&rsquo;a dit lors de sa conf\u00e9rence de presse lundi 12 avril. Il avait esp\u00e9r\u00e9 passer sous la barre des 50 ministres. C\u2019\u00e9tait une demande la soci\u00e9t\u00e9&hellip;","og_url":"https:\/\/congovirtuel.com\/information\/rdc-pourquoi-57-membres-dans-le-gouvernement-dunion-sacree-du-president-tshisekedi\/","og_site_name":"Actualit\u00e9s congolaises et internationales","article_publisher":"https:\/\/web.facebook.com\/Congovirtuel-763617960319601\/?ref=aymt_homepage_panel&amp%3bamp%3bamp%3bamp%3bamp%3bamp%3bamp%3bamp%3bamp%3bamp%3bamp%3beid=ARCoxULa66767kIgF_KYav6VdjXTI4yk_LW4yoVO9s6NXpysgb7Cb65vpxcxgqzOAKvIbLQxaAETcqHT","article_published_time":"2021-04-13T05:57:53+00:00","article_modified_time":"2021-04-13T05:58:00+00:00","og_image":[{"width":1024,"height":578,"url":"https:\/\/congovirtuel.com\/information\/wp-content\/uploads\/2020\/01\/Felix_Tshisekedi.jpg","type":"image\/jpeg"}],"author":"infocongovirtuel","twitter_card":"summary_large_image","twitter_creator":"@congovirtuel","twitter_site":"@congovirtuel","twitter_misc":{"\u00c9crit par":"infocongovirtuel","Dur\u00e9e de lecture estim\u00e9e":"3 minutes"},"schema":{"@context":"https:\/\/schema.org","@graph":[{"@type":"Article","@id":"https:\/\/congovirtuel.com\/information\/rdc-pourquoi-57-membres-dans-le-gouvernement-dunion-sacree-du-president-tshisekedi\/#article","isPartOf":{"@id":"https:\/\/congovirtuel.com\/information\/rdc-pourquoi-57-membres-dans-le-gouvernement-dunion-sacree-du-president-tshisekedi\/"},"author":{"name":"infocongovirtuel","@id":"https:\/\/congovirtuel.com\/information\/#\/schema\/person\/739a44bf7990966cb53d58d2fdeca0b6"},"headline":"RDC: pourquoi 57 membres dans le gouvernement d&rsquo;\u00abUnion sacr\u00e9e\u00bb du pr\u00e9sident Tshisekedi?","datePublished":"2021-04-13T05:57:53+00:00","dateModified":"2021-04-13T05:58:00+00:00","mainEntityOfPage":{"@id":"https:\/\/congovirtuel.com\/information\/rdc-pourquoi-57-membres-dans-le-gouvernement-dunion-sacree-du-president-tshisekedi\/"},"wordCount":543,"commentCount":0,"publisher":{"@id":"https:\/\/congovirtuel.com\/information\/#organization"},"image":{"@id":"https:\/\/congovirtuel.com\/information\/rdc-pourquoi-57-membres-dans-le-gouvernement-dunion-sacree-du-president-tshisekedi\/#primaryimage"},"thumbnailUrl":"https:\/\/congovirtuel.com\/information\/wp-content\/uploads\/2020\/01\/Felix_Tshisekedi.jpg","keywords":["Gouvernement Sama Lukonde","R\u00e9partition quota gouvernement Sama Lukonde"],"articleSection":["Gouvernement"],"inLanguage":"fr-FR","potentialAction":[{"@type":"CommentAction","name":"Comment","target":["https:\/\/congovirtuel.com\/information\/rdc-pourquoi-57-membres-dans-le-gouvernement-dunion-sacree-du-president-tshisekedi\/#respond"]}]},{"@type":"WebPage","@id":"https:\/\/congovirtuel.com\/information\/rdc-pourquoi-57-membres-dans-le-gouvernement-dunion-sacree-du-president-tshisekedi\/","url":"https:\/\/congovirtuel.com\/information\/rdc-pourquoi-57-membres-dans-le-gouvernement-dunion-sacree-du-president-tshisekedi\/","name":"RDC: pourquoi 57 membres dans le gouvernement d'\u00abUnion sacr\u00e9e\u00bb du pr\u00e9sident Tshisekedi? - Actualit\u00e9s congolaises et internationales","isPartOf":{"@id":"https:\/\/congovirtuel.com\/information\/#website"},"primaryImageOfPage":{"@id":"https:\/\/congovirtuel.com\/information\/rdc-pourquoi-57-membres-dans-le-gouvernement-dunion-sacree-du-president-tshisekedi\/#primaryimage"},"image":{"@id":"https:\/\/congovirtuel.com\/information\/rdc-pourquoi-57-membres-dans-le-gouvernement-dunion-sacree-du-president-tshisekedi\/#primaryimage"},"thumbnailUrl":"https:\/\/congovirtuel.com\/information\/wp-content\/uploads\/2020\/01\/Felix_Tshisekedi.jpg","datePublished":"2021-04-13T05:57:53+00:00","dateModified":"2021-04-13T05:58:00+00:00","breadcrumb":{"@id":"https:\/\/congovirtuel.com\/information\/rdc-pourquoi-57-membres-dans-le-gouvernement-dunion-sacree-du-president-tshisekedi\/#breadcrumb"},"inLanguage":"fr-FR","potentialAction":[{"@type":"ReadAction","target":["https:\/\/congovirtuel.com\/information\/rdc-pourquoi-57-membres-dans-le-gouvernement-dunion-sacree-du-president-tshisekedi\/"]}]},{"@type":"ImageObject","inLanguage":"fr-FR","@id":"https:\/\/congovirtuel.com\/information\/rdc-pourquoi-57-membres-dans-le-gouvernement-dunion-sacree-du-president-tshisekedi\/#primaryimage","url":"https:\/\/congovirtuel.com\/information\/wp-content\/uploads\/2020\/01\/Felix_Tshisekedi.jpg","contentUrl":"https:\/\/congovirtuel.com\/information\/wp-content\/uploads\/2020\/01\/Felix_Tshisekedi.jpg","width":1024,"height":578,"caption":"Pr\u00e9sident F\u00e9lix T., photo RFI"},{"@type":"BreadcrumbList","@id":"https:\/\/congovirtuel.com\/information\/rdc-pourquoi-57-membres-dans-le-gouvernement-dunion-sacree-du-president-tshisekedi\/#breadcrumb","itemListElement":[{"@type":"ListItem","position":1,"name":"Accueil","item":"https:\/\/congovirtuel.com\/information\/"},{"@type":"ListItem","position":2,"name":"RDC: pourquoi 57 membres dans le gouvernement d&rsquo;\u00abUnion sacr\u00e9e\u00bb du pr\u00e9sident Tshisekedi?"}]},{"@type":"WebSite","@id":"https:\/\/congovirtuel.com\/information\/#website","url":"https:\/\/congovirtuel.com\/information\/","name":"Actualit\u00e9s congolaises et internationales","description":"site d&#039;analyse et de traitement d&#039;information","publisher":{"@id":"https:\/\/congovirtuel.com\/information\/#organization"},"potentialAction":[{"@type":"SearchAction","target":{"@type":"EntryPoint","urlTemplate":"https:\/\/congovirtuel.com\/information\/?s={search_term_string}"},"query-input":{"@type":"PropertyValueSpecification","valueRequired":true,"valueName":"search_term_string"}}],"inLanguage":"fr-FR"},{"@type":"Organization","@id":"https:\/\/congovirtuel.com\/information\/#organization","name":"Biblioth\u00e8que Virtuelle de la RDC","url":"https:\/\/congovirtuel.com\/information\/","logo":{"@type":"ImageObject","inLanguage":"fr-FR","@id":"https:\/\/congovirtuel.com\/information\/#\/schema\/logo\/image\/","url":"https:\/\/congovirtuel.com\/information\/wp-content\/uploads\/2018\/10\/header-info-congovirtuel-vraie.jpg","contentUrl":"https:\/\/congovirtuel.com\/information\/wp-content\/uploads\/2018\/10\/header-info-congovirtuel-vraie.jpg","width":728,"height":90,"caption":"Biblioth\u00e8que Virtuelle de la RDC"},"image":{"@id":"https:\/\/congovirtuel.com\/information\/#\/schema\/logo\/image\/"},"sameAs":["https:\/\/web.facebook.com\/Congovirtuel-763617960319601\/?ref=aymt_homepage_panel&amp;amp;amp;amp;amp;amp;amp;amp;amp;amp;amp;eid=ARCoxULa66767kIgF_KYav6VdjXTI4yk_LW4yoVO9s6NXpysgb7Cb65vpxcxgqzOAKvIbLQxaAETcqHT","https:\/\/x.com\/congovirtuel","https:\/\/www.youtube.com\/channel\/UCkFfprYzGgS3EWNpeMXpToQ?view_as=subscriber"]},{"@type":"Person","@id":"https:\/\/congovirtuel.com\/information\/#\/schema\/person\/739a44bf7990966cb53d58d2fdeca0b6","name":"infocongovirtuel","image":{"@type":"ImageObject","inLanguage":"fr-FR","@id":"https:\/\/secure.gravatar.com\/avatar\/4d76991aa72469f0eb22e772586c99113c6997f88da636a9db8f2ce3a2c05e69?s=96&d=mm&r=g","url":"https:\/\/secure.gravatar.com\/avatar\/4d76991aa72469f0eb22e772586c99113c6997f88da636a9db8f2ce3a2c05e69?s=96&d=mm&r=g","contentUrl":"https:\/\/secure.gravatar.com\/avatar\/4d76991aa72469f0eb22e772586c99113c6997f88da636a9db8f2ce3a2c05e69?s=96&d=mm&r=g","caption":"infocongovirtuel"},"url":"https:\/\/congovirtuel.com\/information\/author\/infocongovirtuel\/"}]}},"gt_translate_keys":[{"key":"link","format":"url"}],"_links":{"self":[{"href":"https:\/\/congovirtuel.com\/information\/wp-json\/wp\/v2\/posts\/7807","targetHints":{"allow":["GET"]}}],"collection":[{"href":"https:\/\/congovirtuel.com\/information\/wp-json\/wp\/v2\/posts"}],"about":[{"href":"https:\/\/congovirtuel.com\/information\/wp-json\/wp\/v2\/types\/post"}],"author":[{"embeddable":true,"href":"https:\/\/congovirtuel.com\/information\/wp-json\/wp\/v2\/users\/1"}],"replies":[{"embeddable":true,"href":"https:\/\/congovirtuel.com\/information\/wp-json\/wp\/v2\/comments?post=7807"}],"version-history":[{"count":1,"href":"https:\/\/congovirtuel.com\/information\/wp-json\/wp\/v2\/posts\/7807\/revisions"}],"predecessor-version":[{"id":7808,"href":"https:\/\/congovirtuel.com\/information\/wp-json\/wp\/v2\/posts\/7807\/revisions\/7808"}],"wp:featuredmedia":[{"embeddable":true,"href":"https:\/\/congovirtuel.com\/information\/wp-json\/wp\/v2\/media\/446"}],"wp:attachment":[{"href":"https:\/\/congovirtuel.com\/information\/wp-json\/wp\/v2\/media?parent=7807"}],"wp:term":[{"taxonomy":"category","embeddable":true,"href":"https:\/\/congovirtuel.com\/information\/wp-json\/wp\/v2\/categories?post=7807"},{"taxonomy":"post_tag","embeddable":true,"href":"https:\/\/congovirtuel.com\/information\/wp-json\/wp\/v2\/tags?post=7807"}],"curies":[{"name":"wp","href":"https:\/\/api.w.org\/{rel}","templated":true}]}}