{"id":7816,"date":"2021-04-13T13:41:44","date_gmt":"2021-04-13T12:41:44","guid":{"rendered":"https:\/\/congovirtuel.com\/information\/?p=7816"},"modified":"2021-04-13T13:41:51","modified_gmt":"2021-04-13T12:41:51","slug":"burkina-lex-president-compaore-sera-juge-pour-lassassinat-de-thomas-sankara","status":"publish","type":"post","link":"https:\/\/congovirtuel.com\/information\/burkina-lex-president-compaore-sera-juge-pour-lassassinat-de-thomas-sankara\/","title":{"rendered":"Burkina: L&rsquo;ex-pr\u00e9sident Compaor\u00e9 sera jug\u00e9 pour l&rsquo;assassinat de Thomas Sankara","gt_translate_keys":[{"key":"rendered","format":"text"}]},"content":{"rendered":"\n<p class=\"wp-block-paragraph\">L&rsquo;ex-pr\u00e9sident du Burkina Faso Blaise Compaor\u00e9, en exil en C\u00f4te d&rsquo;Ivoire, va \u00eatre jug\u00e9 pour l&rsquo;assassinat de son pr\u00e9d\u00e9cesseur Thomas Sankara, ic\u00f4ne panafricaine, lors du coup d&rsquo;Etat de 1987 au cours duquel il avait pris le pouvoir, ont indiqu\u00e9 mardi \u00e0 l&rsquo;AFP des avocats.<\/p>\n\n\n\n<p class=\"wp-block-paragraph\">Le dossier a \u00e9t\u00e9 renvoy\u00e9 mardi devant le tribunal militaire de Ouagadougou, apr\u00e8s la confirmation des charges contre les principaux accus\u00e9s, dont Blaise Compaor\u00e9, 34 ans apr\u00e8s la mort du \u00ab\u00a0<em>p\u00e8re de la R\u00e9volution\u00a0\u00bb<\/em>&nbsp;burkinab\u00e8, selon des avocats de la d\u00e9fense et des parties civiles.<\/p>\n\n\n\n<p class=\"wp-block-paragraph\"><em>Plus d&rsquo;information \u00e0 venir.<\/em><\/p>\n\n\n\n<p class=\"wp-block-paragraph\"><strong>VOA<\/strong><\/p>\n","protected":false,"gt_translate_keys":[{"key":"rendered","format":"html"}]},"excerpt":{"rendered":"<p>L&rsquo;ex-pr\u00e9sident du Burkina Faso Blaise Compaor\u00e9, en exil en C\u00f4te d&rsquo;Ivoire, va \u00eatre jug\u00e9 pour l&rsquo;assassinat de son pr\u00e9d\u00e9cesseur Thomas Sankara, ic\u00f4ne panafricaine, lors du coup d&rsquo;Etat de 1987 au cours duquel il avait pris le pouvoir, ont indiqu\u00e9 mardi \u00e0 l&rsquo;AFP des avocats. Le dossier a \u00e9t\u00e9 renvoy\u00e9 mardi devant le tribunal militaire de Ouagadougou, apr\u00e8s la confirmation des charges contre les principaux accus\u00e9s, dont Blaise Compaor\u00e9, 34 ans apr\u00e8s la mort du \u00ab\u00a0p\u00e8re de la R\u00e9volution\u00a0\u00bb&nbsp;burkinab\u00e8, selon des avocats de la d\u00e9fense et des parties civiles. Plus d&rsquo;information&hellip;<\/p>\n","protected":false,"gt_translate_keys":[{"key":"rendered","format":"html"}]},"author":1,"featured_media":7817,"comment_status":"open","ping_status":"open","sticky":false,"template":"","format":"standard","meta":{"_crdt_document":"","footnotes":""},"categories":[5389],"tags":[],"class_list":["post-7816","post","type-post","status-publish","format-standard","has-post-thumbnail","hentry","category-assassinat"],"gutentor_comment":0,"yoast_head":"<!-- This site is optimized with the Yoast SEO plugin v27.5 - https:\/\/yoast.com\/product\/yoast-seo-wordpress\/ -->\n<title>Burkina: L&#039;ex-pr\u00e9sident Compaor\u00e9 sera jug\u00e9 pour l&#039;assassinat de Thomas Sankara - Actualit\u00e9s congolaises et internationales<\/title>\n<meta name=\"robots\" content=\"index, follow, max-snippet:-1, max-image-preview:large, max-video-preview:-1\" \/>\n<link rel=\"canonical\" href=\"https:\/\/congovirtuel.com\/information\/burkina-lex-president-compaore-sera-juge-pour-lassassinat-de-thomas-sankara\/\" \/>\n<meta property=\"og:locale\" content=\"fr_FR\" \/>\n<meta property=\"og:type\" content=\"article\" \/>\n<meta property=\"og:title\" content=\"Burkina: L&#039;ex-pr\u00e9sident Compaor\u00e9 sera jug\u00e9 pour l&#039;assassinat de Thomas Sankara - Actualit\u00e9s congolaises et internationales\" \/>\n<meta property=\"og:description\" content=\"L&rsquo;ex-pr\u00e9sident du Burkina Faso Blaise Compaor\u00e9, en exil en C\u00f4te d&rsquo;Ivoire, va \u00eatre jug\u00e9 pour l&rsquo;assassinat de son pr\u00e9d\u00e9cesseur Thomas Sankara, ic\u00f4ne panafricaine, lors du coup d&rsquo;Etat de 1987 au cours duquel il avait pris le pouvoir, ont indiqu\u00e9 mardi \u00e0 l&rsquo;AFP des avocats. Le dossier a \u00e9t\u00e9 renvoy\u00e9 mardi devant le tribunal militaire de Ouagadougou, apr\u00e8s la confirmation des charges contre les principaux accus\u00e9s, dont Blaise Compaor\u00e9, 34 ans apr\u00e8s la mort du \u00ab\u00a0p\u00e8re de la R\u00e9volution\u00a0\u00bb&nbsp;burkinab\u00e8, selon des avocats de la d\u00e9fense et des parties civiles. Plus d&rsquo;information&hellip;\" \/>\n<meta property=\"og:url\" content=\"https:\/\/congovirtuel.com\/information\/burkina-lex-president-compaore-sera-juge-pour-lassassinat-de-thomas-sankara\/\" \/>\n<meta property=\"og:site_name\" content=\"Actualit\u00e9s congolaises et internationales\" \/>\n<meta property=\"article:publisher\" content=\"https:\/\/web.facebook.com\/Congovirtuel-763617960319601\/?ref=aymt_homepage_panel&amp;amp%3bamp%3bamp%3bamp%3bamp%3bamp%3bamp%3bamp%3bamp%3bamp%3bamp%3beid=ARCoxULa66767kIgF_KYav6VdjXTI4yk_LW4yoVO9s6NXpysgb7Cb65vpxcxgqzOAKvIbLQxaAETcqHT\" \/>\n<meta property=\"article:published_time\" content=\"2021-04-13T12:41:44+00:00\" \/>\n<meta property=\"article:modified_time\" content=\"2021-04-13T12:41:51+00:00\" \/>\n<meta property=\"og:image\" content=\"https:\/\/congovirtuel.com\/information\/wp-content\/uploads\/2021\/04\/compaore.jpg\" \/>\n\t<meta property=\"og:image:width\" content=\"1023\" \/>\n\t<meta property=\"og:image:height\" content=\"575\" \/>\n\t<meta property=\"og:image:type\" content=\"image\/jpeg\" \/>\n<meta name=\"author\" content=\"infocongovirtuel\" \/>\n<meta name=\"twitter:card\" content=\"summary_large_image\" \/>\n<meta name=\"twitter:creator\" content=\"@congovirtuel\" \/>\n<meta name=\"twitter:site\" content=\"@congovirtuel\" \/>\n<meta name=\"twitter:label1\" content=\"\u00c9crit par\" \/>\n\t<meta name=\"twitter:data1\" content=\"infocongovirtuel\" \/>\n\t<meta name=\"twitter:label2\" content=\"Dur\u00e9e de lecture estim\u00e9e\" \/>\n\t<meta name=\"twitter:data2\" content=\"1 minute\" \/>\n<script type=\"application\/ld+json\" class=\"yoast-schema-graph\">{\"@context\":\"https:\\\/\\\/schema.org\",\"@graph\":[{\"@type\":\"Article\",\"@id\":\"https:\\\/\\\/congovirtuel.com\\\/information\\\/burkina-lex-president-compaore-sera-juge-pour-lassassinat-de-thomas-sankara\\\/#article\",\"isPartOf\":{\"@id\":\"https:\\\/\\\/congovirtuel.com\\\/information\\\/burkina-lex-president-compaore-sera-juge-pour-lassassinat-de-thomas-sankara\\\/\"},\"author\":{\"name\":\"infocongovirtuel\",\"@id\":\"https:\\\/\\\/congovirtuel.com\\\/information\\\/#\\\/schema\\\/person\\\/739a44bf7990966cb53d58d2fdeca0b6\"},\"headline\":\"Burkina: L&rsquo;ex-pr\u00e9sident Compaor\u00e9 sera jug\u00e9 pour l&rsquo;assassinat de Thomas Sankara\",\"datePublished\":\"2021-04-13T12:41:44+00:00\",\"dateModified\":\"2021-04-13T12:41:51+00:00\",\"mainEntityOfPage\":{\"@id\":\"https:\\\/\\\/congovirtuel.com\\\/information\\\/burkina-lex-president-compaore-sera-juge-pour-lassassinat-de-thomas-sankara\\\/\"},\"wordCount\":121,\"commentCount\":0,\"publisher\":{\"@id\":\"https:\\\/\\\/congovirtuel.com\\\/information\\\/#organization\"},\"image\":{\"@id\":\"https:\\\/\\\/congovirtuel.com\\\/information\\\/burkina-lex-president-compaore-sera-juge-pour-lassassinat-de-thomas-sankara\\\/#primaryimage\"},\"thumbnailUrl\":\"https:\\\/\\\/congovirtuel.com\\\/information\\\/wp-content\\\/uploads\\\/2021\\\/04\\\/compaore.jpg\",\"articleSection\":[\"Assassinat\"],\"inLanguage\":\"fr-FR\",\"potentialAction\":[{\"@type\":\"CommentAction\",\"name\":\"Comment\",\"target\":[\"https:\\\/\\\/congovirtuel.com\\\/information\\\/burkina-lex-president-compaore-sera-juge-pour-lassassinat-de-thomas-sankara\\\/#respond\"]}]},{\"@type\":\"WebPage\",\"@id\":\"https:\\\/\\\/congovirtuel.com\\\/information\\\/burkina-lex-president-compaore-sera-juge-pour-lassassinat-de-thomas-sankara\\\/\",\"url\":\"https:\\\/\\\/congovirtuel.com\\\/information\\\/burkina-lex-president-compaore-sera-juge-pour-lassassinat-de-thomas-sankara\\\/\",\"name\":\"Burkina: L'ex-pr\u00e9sident Compaor\u00e9 sera jug\u00e9 pour l'assassinat de Thomas Sankara - Actualit\u00e9s congolaises et internationales\",\"isPartOf\":{\"@id\":\"https:\\\/\\\/congovirtuel.com\\\/information\\\/#website\"},\"primaryImageOfPage\":{\"@id\":\"https:\\\/\\\/congovirtuel.com\\\/information\\\/burkina-lex-president-compaore-sera-juge-pour-lassassinat-de-thomas-sankara\\\/#primaryimage\"},\"image\":{\"@id\":\"https:\\\/\\\/congovirtuel.com\\\/information\\\/burkina-lex-president-compaore-sera-juge-pour-lassassinat-de-thomas-sankara\\\/#primaryimage\"},\"thumbnailUrl\":\"https:\\\/\\\/congovirtuel.com\\\/information\\\/wp-content\\\/uploads\\\/2021\\\/04\\\/compaore.jpg\",\"datePublished\":\"2021-04-13T12:41:44+00:00\",\"dateModified\":\"2021-04-13T12:41:51+00:00\",\"breadcrumb\":{\"@id\":\"https:\\\/\\\/congovirtuel.com\\\/information\\\/burkina-lex-president-compaore-sera-juge-pour-lassassinat-de-thomas-sankara\\\/#breadcrumb\"},\"inLanguage\":\"fr-FR\",\"potentialAction\":[{\"@type\":\"ReadAction\",\"target\":[\"https:\\\/\\\/congovirtuel.com\\\/information\\\/burkina-lex-president-compaore-sera-juge-pour-lassassinat-de-thomas-sankara\\\/\"]}]},{\"@type\":\"ImageObject\",\"inLanguage\":\"fr-FR\",\"@id\":\"https:\\\/\\\/congovirtuel.com\\\/information\\\/burkina-lex-president-compaore-sera-juge-pour-lassassinat-de-thomas-sankara\\\/#primaryimage\",\"url\":\"https:\\\/\\\/congovirtuel.com\\\/information\\\/wp-content\\\/uploads\\\/2021\\\/04\\\/compaore.jpg\",\"contentUrl\":\"https:\\\/\\\/congovirtuel.com\\\/information\\\/wp-content\\\/uploads\\\/2021\\\/04\\\/compaore.jpg\",\"width\":1023,\"height\":575},{\"@type\":\"BreadcrumbList\",\"@id\":\"https:\\\/\\\/congovirtuel.com\\\/information\\\/burkina-lex-president-compaore-sera-juge-pour-lassassinat-de-thomas-sankara\\\/#breadcrumb\",\"itemListElement\":[{\"@type\":\"ListItem\",\"position\":1,\"name\":\"Accueil\",\"item\":\"https:\\\/\\\/congovirtuel.com\\\/information\\\/\"},{\"@type\":\"ListItem\",\"position\":2,\"name\":\"Burkina: L&rsquo;ex-pr\u00e9sident Compaor\u00e9 sera jug\u00e9 pour l&rsquo;assassinat de Thomas Sankara\"}]},{\"@type\":\"WebSite\",\"@id\":\"https:\\\/\\\/congovirtuel.com\\\/information\\\/#website\",\"url\":\"https:\\\/\\\/congovirtuel.com\\\/information\\\/\",\"name\":\"Actualit\u00e9s congolaises et internationales\",\"description\":\"site d&#039;analyse et de traitement d&#039;information\",\"publisher\":{\"@id\":\"https:\\\/\\\/congovirtuel.com\\\/information\\\/#organization\"},\"potentialAction\":[{\"@type\":\"SearchAction\",\"target\":{\"@type\":\"EntryPoint\",\"urlTemplate\":\"https:\\\/\\\/congovirtuel.com\\\/information\\\/?s={search_term_string}\"},\"query-input\":{\"@type\":\"PropertyValueSpecification\",\"valueRequired\":true,\"valueName\":\"search_term_string\"}}],\"inLanguage\":\"fr-FR\"},{\"@type\":\"Organization\",\"@id\":\"https:\\\/\\\/congovirtuel.com\\\/information\\\/#organization\",\"name\":\"Biblioth\u00e8que Virtuelle de la RDC\",\"url\":\"https:\\\/\\\/congovirtuel.com\\\/information\\\/\",\"logo\":{\"@type\":\"ImageObject\",\"inLanguage\":\"fr-FR\",\"@id\":\"https:\\\/\\\/congovirtuel.com\\\/information\\\/#\\\/schema\\\/logo\\\/image\\\/\",\"url\":\"https:\\\/\\\/congovirtuel.com\\\/information\\\/wp-content\\\/uploads\\\/2018\\\/10\\\/header-info-congovirtuel-vraie.jpg\",\"contentUrl\":\"https:\\\/\\\/congovirtuel.com\\\/information\\\/wp-content\\\/uploads\\\/2018\\\/10\\\/header-info-congovirtuel-vraie.jpg\",\"width\":728,\"height\":90,\"caption\":\"Biblioth\u00e8que Virtuelle de la RDC\"},\"image\":{\"@id\":\"https:\\\/\\\/congovirtuel.com\\\/information\\\/#\\\/schema\\\/logo\\\/image\\\/\"},\"sameAs\":[\"https:\\\/\\\/web.facebook.com\\\/Congovirtuel-763617960319601\\\/?ref=aymt_homepage_panel&amp;amp;amp;amp;amp;amp;amp;amp;amp;amp;amp;eid=ARCoxULa66767kIgF_KYav6VdjXTI4yk_LW4yoVO9s6NXpysgb7Cb65vpxcxgqzOAKvIbLQxaAETcqHT\",\"https:\\\/\\\/x.com\\\/congovirtuel\",\"https:\\\/\\\/www.youtube.com\\\/channel\\\/UCkFfprYzGgS3EWNpeMXpToQ?view_as=subscriber\"]},{\"@type\":\"Person\",\"@id\":\"https:\\\/\\\/congovirtuel.com\\\/information\\\/#\\\/schema\\\/person\\\/739a44bf7990966cb53d58d2fdeca0b6\",\"name\":\"infocongovirtuel\",\"image\":{\"@type\":\"ImageObject\",\"inLanguage\":\"fr-FR\",\"@id\":\"https:\\\/\\\/secure.gravatar.com\\\/avatar\\\/4d76991aa72469f0eb22e772586c99113c6997f88da636a9db8f2ce3a2c05e69?s=96&d=mm&r=g\",\"url\":\"https:\\\/\\\/secure.gravatar.com\\\/avatar\\\/4d76991aa72469f0eb22e772586c99113c6997f88da636a9db8f2ce3a2c05e69?s=96&d=mm&r=g\",\"contentUrl\":\"https:\\\/\\\/secure.gravatar.com\\\/avatar\\\/4d76991aa72469f0eb22e772586c99113c6997f88da636a9db8f2ce3a2c05e69?s=96&d=mm&r=g\",\"caption\":\"infocongovirtuel\"},\"url\":\"https:\\\/\\\/congovirtuel.com\\\/information\\\/author\\\/infocongovirtuel\\\/\"}]}<\/script>\n<!-- \/ Yoast SEO plugin. -->","yoast_head_json":{"title":"Burkina: L'ex-pr\u00e9sident Compaor\u00e9 sera jug\u00e9 pour l'assassinat de Thomas Sankara - Actualit\u00e9s congolaises et internationales","robots":{"index":"index","follow":"follow","max-snippet":"max-snippet:-1","max-image-preview":"max-image-preview:large","max-video-preview":"max-video-preview:-1"},"canonical":"https:\/\/congovirtuel.com\/information\/burkina-lex-president-compaore-sera-juge-pour-lassassinat-de-thomas-sankara\/","og_locale":"fr_FR","og_type":"article","og_title":"Burkina: L'ex-pr\u00e9sident Compaor\u00e9 sera jug\u00e9 pour l'assassinat de Thomas Sankara - Actualit\u00e9s congolaises et internationales","og_description":"L&rsquo;ex-pr\u00e9sident du Burkina Faso Blaise Compaor\u00e9, en exil en C\u00f4te d&rsquo;Ivoire, va \u00eatre jug\u00e9 pour l&rsquo;assassinat de son pr\u00e9d\u00e9cesseur Thomas Sankara, ic\u00f4ne panafricaine, lors du coup d&rsquo;Etat de 1987 au cours duquel il avait pris le pouvoir, ont indiqu\u00e9 mardi \u00e0 l&rsquo;AFP des avocats. Le dossier a \u00e9t\u00e9 renvoy\u00e9 mardi devant le tribunal militaire de Ouagadougou, apr\u00e8s la confirmation des charges contre les principaux accus\u00e9s, dont Blaise Compaor\u00e9, 34 ans apr\u00e8s la mort du \u00ab\u00a0p\u00e8re de la R\u00e9volution\u00a0\u00bb&nbsp;burkinab\u00e8, selon des avocats de la d\u00e9fense et des parties civiles. Plus d&rsquo;information&hellip;","og_url":"https:\/\/congovirtuel.com\/information\/burkina-lex-president-compaore-sera-juge-pour-lassassinat-de-thomas-sankara\/","og_site_name":"Actualit\u00e9s congolaises et internationales","article_publisher":"https:\/\/web.facebook.com\/Congovirtuel-763617960319601\/?ref=aymt_homepage_panel&amp%3bamp%3bamp%3bamp%3bamp%3bamp%3bamp%3bamp%3bamp%3bamp%3bamp%3beid=ARCoxULa66767kIgF_KYav6VdjXTI4yk_LW4yoVO9s6NXpysgb7Cb65vpxcxgqzOAKvIbLQxaAETcqHT","article_published_time":"2021-04-13T12:41:44+00:00","article_modified_time":"2021-04-13T12:41:51+00:00","og_image":[{"width":1023,"height":575,"url":"https:\/\/congovirtuel.com\/information\/wp-content\/uploads\/2021\/04\/compaore.jpg","type":"image\/jpeg"}],"author":"infocongovirtuel","twitter_card":"summary_large_image","twitter_creator":"@congovirtuel","twitter_site":"@congovirtuel","twitter_misc":{"\u00c9crit par":"infocongovirtuel","Dur\u00e9e de lecture estim\u00e9e":"1 minute"},"schema":{"@context":"https:\/\/schema.org","@graph":[{"@type":"Article","@id":"https:\/\/congovirtuel.com\/information\/burkina-lex-president-compaore-sera-juge-pour-lassassinat-de-thomas-sankara\/#article","isPartOf":{"@id":"https:\/\/congovirtuel.com\/information\/burkina-lex-president-compaore-sera-juge-pour-lassassinat-de-thomas-sankara\/"},"author":{"name":"infocongovirtuel","@id":"https:\/\/congovirtuel.com\/information\/#\/schema\/person\/739a44bf7990966cb53d58d2fdeca0b6"},"headline":"Burkina: L&rsquo;ex-pr\u00e9sident Compaor\u00e9 sera jug\u00e9 pour l&rsquo;assassinat de Thomas Sankara","datePublished":"2021-04-13T12:41:44+00:00","dateModified":"2021-04-13T12:41:51+00:00","mainEntityOfPage":{"@id":"https:\/\/congovirtuel.com\/information\/burkina-lex-president-compaore-sera-juge-pour-lassassinat-de-thomas-sankara\/"},"wordCount":121,"commentCount":0,"publisher":{"@id":"https:\/\/congovirtuel.com\/information\/#organization"},"image":{"@id":"https:\/\/congovirtuel.com\/information\/burkina-lex-president-compaore-sera-juge-pour-lassassinat-de-thomas-sankara\/#primaryimage"},"thumbnailUrl":"https:\/\/congovirtuel.com\/information\/wp-content\/uploads\/2021\/04\/compaore.jpg","articleSection":["Assassinat"],"inLanguage":"fr-FR","potentialAction":[{"@type":"CommentAction","name":"Comment","target":["https:\/\/congovirtuel.com\/information\/burkina-lex-president-compaore-sera-juge-pour-lassassinat-de-thomas-sankara\/#respond"]}]},{"@type":"WebPage","@id":"https:\/\/congovirtuel.com\/information\/burkina-lex-president-compaore-sera-juge-pour-lassassinat-de-thomas-sankara\/","url":"https:\/\/congovirtuel.com\/information\/burkina-lex-president-compaore-sera-juge-pour-lassassinat-de-thomas-sankara\/","name":"Burkina: L'ex-pr\u00e9sident Compaor\u00e9 sera jug\u00e9 pour l'assassinat de Thomas Sankara - Actualit\u00e9s congolaises et internationales","isPartOf":{"@id":"https:\/\/congovirtuel.com\/information\/#website"},"primaryImageOfPage":{"@id":"https:\/\/congovirtuel.com\/information\/burkina-lex-president-compaore-sera-juge-pour-lassassinat-de-thomas-sankara\/#primaryimage"},"image":{"@id":"https:\/\/congovirtuel.com\/information\/burkina-lex-president-compaore-sera-juge-pour-lassassinat-de-thomas-sankara\/#primaryimage"},"thumbnailUrl":"https:\/\/congovirtuel.com\/information\/wp-content\/uploads\/2021\/04\/compaore.jpg","datePublished":"2021-04-13T12:41:44+00:00","dateModified":"2021-04-13T12:41:51+00:00","breadcrumb":{"@id":"https:\/\/congovirtuel.com\/information\/burkina-lex-president-compaore-sera-juge-pour-lassassinat-de-thomas-sankara\/#breadcrumb"},"inLanguage":"fr-FR","potentialAction":[{"@type":"ReadAction","target":["https:\/\/congovirtuel.com\/information\/burkina-lex-president-compaore-sera-juge-pour-lassassinat-de-thomas-sankara\/"]}]},{"@type":"ImageObject","inLanguage":"fr-FR","@id":"https:\/\/congovirtuel.com\/information\/burkina-lex-president-compaore-sera-juge-pour-lassassinat-de-thomas-sankara\/#primaryimage","url":"https:\/\/congovirtuel.com\/information\/wp-content\/uploads\/2021\/04\/compaore.jpg","contentUrl":"https:\/\/congovirtuel.com\/information\/wp-content\/uploads\/2021\/04\/compaore.jpg","width":1023,"height":575},{"@type":"BreadcrumbList","@id":"https:\/\/congovirtuel.com\/information\/burkina-lex-president-compaore-sera-juge-pour-lassassinat-de-thomas-sankara\/#breadcrumb","itemListElement":[{"@type":"ListItem","position":1,"name":"Accueil","item":"https:\/\/congovirtuel.com\/information\/"},{"@type":"ListItem","position":2,"name":"Burkina: L&rsquo;ex-pr\u00e9sident Compaor\u00e9 sera jug\u00e9 pour l&rsquo;assassinat de Thomas Sankara"}]},{"@type":"WebSite","@id":"https:\/\/congovirtuel.com\/information\/#website","url":"https:\/\/congovirtuel.com\/information\/","name":"Actualit\u00e9s congolaises et internationales","description":"site d&#039;analyse et de traitement d&#039;information","publisher":{"@id":"https:\/\/congovirtuel.com\/information\/#organization"},"potentialAction":[{"@type":"SearchAction","target":{"@type":"EntryPoint","urlTemplate":"https:\/\/congovirtuel.com\/information\/?s={search_term_string}"},"query-input":{"@type":"PropertyValueSpecification","valueRequired":true,"valueName":"search_term_string"}}],"inLanguage":"fr-FR"},{"@type":"Organization","@id":"https:\/\/congovirtuel.com\/information\/#organization","name":"Biblioth\u00e8que Virtuelle de la RDC","url":"https:\/\/congovirtuel.com\/information\/","logo":{"@type":"ImageObject","inLanguage":"fr-FR","@id":"https:\/\/congovirtuel.com\/information\/#\/schema\/logo\/image\/","url":"https:\/\/congovirtuel.com\/information\/wp-content\/uploads\/2018\/10\/header-info-congovirtuel-vraie.jpg","contentUrl":"https:\/\/congovirtuel.com\/information\/wp-content\/uploads\/2018\/10\/header-info-congovirtuel-vraie.jpg","width":728,"height":90,"caption":"Biblioth\u00e8que Virtuelle de la RDC"},"image":{"@id":"https:\/\/congovirtuel.com\/information\/#\/schema\/logo\/image\/"},"sameAs":["https:\/\/web.facebook.com\/Congovirtuel-763617960319601\/?ref=aymt_homepage_panel&amp;amp;amp;amp;amp;amp;amp;amp;amp;amp;amp;eid=ARCoxULa66767kIgF_KYav6VdjXTI4yk_LW4yoVO9s6NXpysgb7Cb65vpxcxgqzOAKvIbLQxaAETcqHT","https:\/\/x.com\/congovirtuel","https:\/\/www.youtube.com\/channel\/UCkFfprYzGgS3EWNpeMXpToQ?view_as=subscriber"]},{"@type":"Person","@id":"https:\/\/congovirtuel.com\/information\/#\/schema\/person\/739a44bf7990966cb53d58d2fdeca0b6","name":"infocongovirtuel","image":{"@type":"ImageObject","inLanguage":"fr-FR","@id":"https:\/\/secure.gravatar.com\/avatar\/4d76991aa72469f0eb22e772586c99113c6997f88da636a9db8f2ce3a2c05e69?s=96&d=mm&r=g","url":"https:\/\/secure.gravatar.com\/avatar\/4d76991aa72469f0eb22e772586c99113c6997f88da636a9db8f2ce3a2c05e69?s=96&d=mm&r=g","contentUrl":"https:\/\/secure.gravatar.com\/avatar\/4d76991aa72469f0eb22e772586c99113c6997f88da636a9db8f2ce3a2c05e69?s=96&d=mm&r=g","caption":"infocongovirtuel"},"url":"https:\/\/congovirtuel.com\/information\/author\/infocongovirtuel\/"}]}},"gt_translate_keys":[{"key":"link","format":"url"}],"_links":{"self":[{"href":"https:\/\/congovirtuel.com\/information\/wp-json\/wp\/v2\/posts\/7816","targetHints":{"allow":["GET"]}}],"collection":[{"href":"https:\/\/congovirtuel.com\/information\/wp-json\/wp\/v2\/posts"}],"about":[{"href":"https:\/\/congovirtuel.com\/information\/wp-json\/wp\/v2\/types\/post"}],"author":[{"embeddable":true,"href":"https:\/\/congovirtuel.com\/information\/wp-json\/wp\/v2\/users\/1"}],"replies":[{"embeddable":true,"href":"https:\/\/congovirtuel.com\/information\/wp-json\/wp\/v2\/comments?post=7816"}],"version-history":[{"count":1,"href":"https:\/\/congovirtuel.com\/information\/wp-json\/wp\/v2\/posts\/7816\/revisions"}],"predecessor-version":[{"id":7818,"href":"https:\/\/congovirtuel.com\/information\/wp-json\/wp\/v2\/posts\/7816\/revisions\/7818"}],"wp:featuredmedia":[{"embeddable":true,"href":"https:\/\/congovirtuel.com\/information\/wp-json\/wp\/v2\/media\/7817"}],"wp:attachment":[{"href":"https:\/\/congovirtuel.com\/information\/wp-json\/wp\/v2\/media?parent=7816"}],"wp:term":[{"taxonomy":"category","embeddable":true,"href":"https:\/\/congovirtuel.com\/information\/wp-json\/wp\/v2\/categories?post=7816"},{"taxonomy":"post_tag","embeddable":true,"href":"https:\/\/congovirtuel.com\/information\/wp-json\/wp\/v2\/tags?post=7816"}],"curies":[{"name":"wp","href":"https:\/\/api.w.org\/{rel}","templated":true}]}}