{"id":7884,"date":"2021-04-15T09:00:49","date_gmt":"2021-04-15T08:00:49","guid":{"rendered":"https:\/\/congovirtuel.com\/information\/?p=7884"},"modified":"2021-04-15T09:01:01","modified_gmt":"2021-04-15T08:01:01","slug":"rdc-felix-tshisekedi-reamenage-son-cabinet","status":"publish","type":"post","link":"https:\/\/congovirtuel.com\/information\/rdc-felix-tshisekedi-reamenage-son-cabinet\/","title":{"rendered":"RDC: F\u00e9lix Tshisekedi r\u00e9am\u00e9nage son cabinet","gt_translate_keys":[{"key":"rendered","format":"text"}]},"content":{"rendered":"\n<p class=\"wp-block-paragraph\">Le pr\u00e9sident F\u00e9lix Tshisekedi a r\u00e9am\u00e9nag\u00e9 la direction de son cabinet en nommant des directeurs de cabinet adjoints.<\/p>\n\n\n\n<p class=\"wp-block-paragraph\">Ainsi, Andr\u00e9 Wameso a \u00e9t\u00e9 nomm\u00e9 Directeur de Cabinet adjoint en charge des Questions \u00e9conomiques et financi\u00e8res. Ancien Ambassadeur Itin\u00e9rant du Pr\u00e9sident F\u00e9lix Tshisekedi, il remplace \u00e0 ce poste Guylain Nyembo, nomm\u00e9 Directeur de Cabinet il y a quelques mois.<\/p>\n\n\n\n<p class=\"wp-block-paragraph\">Sont \u00e9galement nomm\u00e9s en m\u00eame temps que lui, Bwatshia Ntumba Nicole, ancienne Conseill\u00e8re principale au Coll\u00e8ge juridique, devient Directeur de cabinet adjoint, charg\u00e9 des questions Politiques, Juridiques et diplomatiques\u00a0; tandis que Mondonge Olivier, lui, est nomm\u00e9 \u00e0 la m\u00eame charge, pour le secteur du Progr\u00e8s social. <\/p>\n\n\n\n<p class=\"wp-block-paragraph\"><strong>Infocongo<\/strong><\/p>\n","protected":false,"gt_translate_keys":[{"key":"rendered","format":"html"}]},"excerpt":{"rendered":"<p>Le pr\u00e9sident F\u00e9lix Tshisekedi a r\u00e9am\u00e9nag\u00e9 la direction de son cabinet en nommant des directeurs de cabinet adjoints. Ainsi, Andr\u00e9 Wameso a \u00e9t\u00e9 nomm\u00e9 Directeur de Cabinet adjoint en charge des Questions \u00e9conomiques et financi\u00e8res. Ancien Ambassadeur Itin\u00e9rant du Pr\u00e9sident F\u00e9lix Tshisekedi, il remplace \u00e0 ce poste Guylain Nyembo, nomm\u00e9 Directeur de Cabinet il y a quelques mois. Sont \u00e9galement nomm\u00e9s en m\u00eame temps que lui, Bwatshia Ntumba Nicole, ancienne Conseill\u00e8re principale au Coll\u00e8ge juridique, devient Directeur de cabinet adjoint, charg\u00e9 des questions Politiques, Juridiques et diplomatiques\u00a0; tandis que Mondonge&hellip;<\/p>\n","protected":false,"gt_translate_keys":[{"key":"rendered","format":"html"}]},"author":1,"featured_media":2577,"comment_status":"open","ping_status":"open","sticky":false,"template":"","format":"standard","meta":{"_crdt_document":"","footnotes":""},"categories":[285],"tags":[6702],"class_list":["post-7884","post","type-post","status-publish","format-standard","has-post-thumbnail","hentry","category-presidence","tag-nouveau-membre-cabinet-president-tshisekedi"],"gutentor_comment":0,"yoast_head":"<!-- This site is optimized with the Yoast SEO plugin v27.5 - https:\/\/yoast.com\/product\/yoast-seo-wordpress\/ -->\n<title>RDC: F\u00e9lix Tshisekedi r\u00e9am\u00e9nage son cabinet - Actualit\u00e9s congolaises et internationales<\/title>\n<meta name=\"robots\" content=\"index, follow, max-snippet:-1, max-image-preview:large, max-video-preview:-1\" \/>\n<link rel=\"canonical\" href=\"https:\/\/congovirtuel.com\/information\/rdc-felix-tshisekedi-reamenage-son-cabinet\/\" \/>\n<meta property=\"og:locale\" content=\"fr_FR\" \/>\n<meta property=\"og:type\" content=\"article\" \/>\n<meta property=\"og:title\" content=\"RDC: F\u00e9lix Tshisekedi r\u00e9am\u00e9nage son cabinet - Actualit\u00e9s congolaises et internationales\" \/>\n<meta property=\"og:description\" content=\"Le pr\u00e9sident F\u00e9lix Tshisekedi a r\u00e9am\u00e9nag\u00e9 la direction de son cabinet en nommant des directeurs de cabinet adjoints. Ainsi, Andr\u00e9 Wameso a \u00e9t\u00e9 nomm\u00e9 Directeur de Cabinet adjoint en charge des Questions \u00e9conomiques et financi\u00e8res. Ancien Ambassadeur Itin\u00e9rant du Pr\u00e9sident F\u00e9lix Tshisekedi, il remplace \u00e0 ce poste Guylain Nyembo, nomm\u00e9 Directeur de Cabinet il y a quelques mois. Sont \u00e9galement nomm\u00e9s en m\u00eame temps que lui, Bwatshia Ntumba Nicole, ancienne Conseill\u00e8re principale au Coll\u00e8ge juridique, devient Directeur de cabinet adjoint, charg\u00e9 des questions Politiques, Juridiques et diplomatiques\u00a0; tandis que Mondonge&hellip;\" \/>\n<meta property=\"og:url\" content=\"https:\/\/congovirtuel.com\/information\/rdc-felix-tshisekedi-reamenage-son-cabinet\/\" \/>\n<meta property=\"og:site_name\" content=\"Actualit\u00e9s congolaises et internationales\" \/>\n<meta property=\"article:publisher\" content=\"https:\/\/web.facebook.com\/Congovirtuel-763617960319601\/?ref=aymt_homepage_panel&amp;amp%3bamp%3bamp%3bamp%3bamp%3bamp%3bamp%3bamp%3bamp%3bamp%3bamp%3beid=ARCoxULa66767kIgF_KYav6VdjXTI4yk_LW4yoVO9s6NXpysgb7Cb65vpxcxgqzOAKvIbLQxaAETcqHT\" \/>\n<meta property=\"article:published_time\" content=\"2021-04-15T08:00:49+00:00\" \/>\n<meta property=\"article:modified_time\" content=\"2021-04-15T08:01:01+00:00\" \/>\n<meta property=\"og:image\" content=\"https:\/\/congovirtuel.com\/information\/wp-content\/uploads\/2020\/07\/F\u00e9lix_palais.jpg\" \/>\n\t<meta property=\"og:image:width\" content=\"800\" \/>\n\t<meta property=\"og:image:height\" content=\"405\" \/>\n\t<meta property=\"og:image:type\" content=\"image\/jpeg\" \/>\n<meta name=\"author\" content=\"infocongovirtuel\" \/>\n<meta name=\"twitter:card\" content=\"summary_large_image\" \/>\n<meta name=\"twitter:creator\" content=\"@congovirtuel\" \/>\n<meta name=\"twitter:site\" content=\"@congovirtuel\" \/>\n<meta name=\"twitter:label1\" content=\"\u00c9crit par\" \/>\n\t<meta name=\"twitter:data1\" content=\"infocongovirtuel\" \/>\n\t<meta name=\"twitter:label2\" content=\"Dur\u00e9e de lecture estim\u00e9e\" \/>\n\t<meta name=\"twitter:data2\" content=\"1 minute\" \/>\n<script type=\"application\/ld+json\" class=\"yoast-schema-graph\">{\"@context\":\"https:\\\/\\\/schema.org\",\"@graph\":[{\"@type\":\"Article\",\"@id\":\"https:\\\/\\\/congovirtuel.com\\\/information\\\/rdc-felix-tshisekedi-reamenage-son-cabinet\\\/#article\",\"isPartOf\":{\"@id\":\"https:\\\/\\\/congovirtuel.com\\\/information\\\/rdc-felix-tshisekedi-reamenage-son-cabinet\\\/\"},\"author\":{\"name\":\"infocongovirtuel\",\"@id\":\"https:\\\/\\\/congovirtuel.com\\\/information\\\/#\\\/schema\\\/person\\\/739a44bf7990966cb53d58d2fdeca0b6\"},\"headline\":\"RDC: F\u00e9lix Tshisekedi r\u00e9am\u00e9nage son cabinet\",\"datePublished\":\"2021-04-15T08:00:49+00:00\",\"dateModified\":\"2021-04-15T08:01:01+00:00\",\"mainEntityOfPage\":{\"@id\":\"https:\\\/\\\/congovirtuel.com\\\/information\\\/rdc-felix-tshisekedi-reamenage-son-cabinet\\\/\"},\"wordCount\":126,\"commentCount\":0,\"publisher\":{\"@id\":\"https:\\\/\\\/congovirtuel.com\\\/information\\\/#organization\"},\"image\":{\"@id\":\"https:\\\/\\\/congovirtuel.com\\\/information\\\/rdc-felix-tshisekedi-reamenage-son-cabinet\\\/#primaryimage\"},\"thumbnailUrl\":\"https:\\\/\\\/congovirtuel.com\\\/information\\\/wp-content\\\/uploads\\\/2020\\\/07\\\/F\u00e9lix_palais.jpg\",\"keywords\":[\"Nouveau membre cabinet pr\u00e9sident Tshisekedi\"],\"articleSection\":[\"Pr\u00e9sidence\"],\"inLanguage\":\"fr-FR\",\"potentialAction\":[{\"@type\":\"CommentAction\",\"name\":\"Comment\",\"target\":[\"https:\\\/\\\/congovirtuel.com\\\/information\\\/rdc-felix-tshisekedi-reamenage-son-cabinet\\\/#respond\"]}]},{\"@type\":\"WebPage\",\"@id\":\"https:\\\/\\\/congovirtuel.com\\\/information\\\/rdc-felix-tshisekedi-reamenage-son-cabinet\\\/\",\"url\":\"https:\\\/\\\/congovirtuel.com\\\/information\\\/rdc-felix-tshisekedi-reamenage-son-cabinet\\\/\",\"name\":\"RDC: F\u00e9lix Tshisekedi r\u00e9am\u00e9nage son cabinet - Actualit\u00e9s congolaises et internationales\",\"isPartOf\":{\"@id\":\"https:\\\/\\\/congovirtuel.com\\\/information\\\/#website\"},\"primaryImageOfPage\":{\"@id\":\"https:\\\/\\\/congovirtuel.com\\\/information\\\/rdc-felix-tshisekedi-reamenage-son-cabinet\\\/#primaryimage\"},\"image\":{\"@id\":\"https:\\\/\\\/congovirtuel.com\\\/information\\\/rdc-felix-tshisekedi-reamenage-son-cabinet\\\/#primaryimage\"},\"thumbnailUrl\":\"https:\\\/\\\/congovirtuel.com\\\/information\\\/wp-content\\\/uploads\\\/2020\\\/07\\\/F\u00e9lix_palais.jpg\",\"datePublished\":\"2021-04-15T08:00:49+00:00\",\"dateModified\":\"2021-04-15T08:01:01+00:00\",\"breadcrumb\":{\"@id\":\"https:\\\/\\\/congovirtuel.com\\\/information\\\/rdc-felix-tshisekedi-reamenage-son-cabinet\\\/#breadcrumb\"},\"inLanguage\":\"fr-FR\",\"potentialAction\":[{\"@type\":\"ReadAction\",\"target\":[\"https:\\\/\\\/congovirtuel.com\\\/information\\\/rdc-felix-tshisekedi-reamenage-son-cabinet\\\/\"]}]},{\"@type\":\"ImageObject\",\"inLanguage\":\"fr-FR\",\"@id\":\"https:\\\/\\\/congovirtuel.com\\\/information\\\/rdc-felix-tshisekedi-reamenage-son-cabinet\\\/#primaryimage\",\"url\":\"https:\\\/\\\/congovirtuel.com\\\/information\\\/wp-content\\\/uploads\\\/2020\\\/07\\\/F\u00e9lix_palais.jpg\",\"contentUrl\":\"https:\\\/\\\/congovirtuel.com\\\/information\\\/wp-content\\\/uploads\\\/2020\\\/07\\\/F\u00e9lix_palais.jpg\",\"width\":800,\"height\":405,\"caption\":\"F\u00e9lix Tshisekedi dans son bureau\"},{\"@type\":\"BreadcrumbList\",\"@id\":\"https:\\\/\\\/congovirtuel.com\\\/information\\\/rdc-felix-tshisekedi-reamenage-son-cabinet\\\/#breadcrumb\",\"itemListElement\":[{\"@type\":\"ListItem\",\"position\":1,\"name\":\"Accueil\",\"item\":\"https:\\\/\\\/congovirtuel.com\\\/information\\\/\"},{\"@type\":\"ListItem\",\"position\":2,\"name\":\"RDC: F\u00e9lix Tshisekedi r\u00e9am\u00e9nage son cabinet\"}]},{\"@type\":\"WebSite\",\"@id\":\"https:\\\/\\\/congovirtuel.com\\\/information\\\/#website\",\"url\":\"https:\\\/\\\/congovirtuel.com\\\/information\\\/\",\"name\":\"Actualit\u00e9s congolaises et internationales\",\"description\":\"site d&#039;analyse et de traitement d&#039;information\",\"publisher\":{\"@id\":\"https:\\\/\\\/congovirtuel.com\\\/information\\\/#organization\"},\"potentialAction\":[{\"@type\":\"SearchAction\",\"target\":{\"@type\":\"EntryPoint\",\"urlTemplate\":\"https:\\\/\\\/congovirtuel.com\\\/information\\\/?s={search_term_string}\"},\"query-input\":{\"@type\":\"PropertyValueSpecification\",\"valueRequired\":true,\"valueName\":\"search_term_string\"}}],\"inLanguage\":\"fr-FR\"},{\"@type\":\"Organization\",\"@id\":\"https:\\\/\\\/congovirtuel.com\\\/information\\\/#organization\",\"name\":\"Biblioth\u00e8que Virtuelle de la RDC\",\"url\":\"https:\\\/\\\/congovirtuel.com\\\/information\\\/\",\"logo\":{\"@type\":\"ImageObject\",\"inLanguage\":\"fr-FR\",\"@id\":\"https:\\\/\\\/congovirtuel.com\\\/information\\\/#\\\/schema\\\/logo\\\/image\\\/\",\"url\":\"https:\\\/\\\/congovirtuel.com\\\/information\\\/wp-content\\\/uploads\\\/2018\\\/10\\\/header-info-congovirtuel-vraie.jpg\",\"contentUrl\":\"https:\\\/\\\/congovirtuel.com\\\/information\\\/wp-content\\\/uploads\\\/2018\\\/10\\\/header-info-congovirtuel-vraie.jpg\",\"width\":728,\"height\":90,\"caption\":\"Biblioth\u00e8que Virtuelle de la RDC\"},\"image\":{\"@id\":\"https:\\\/\\\/congovirtuel.com\\\/information\\\/#\\\/schema\\\/logo\\\/image\\\/\"},\"sameAs\":[\"https:\\\/\\\/web.facebook.com\\\/Congovirtuel-763617960319601\\\/?ref=aymt_homepage_panel&amp;amp;amp;amp;amp;amp;amp;amp;amp;amp;amp;eid=ARCoxULa66767kIgF_KYav6VdjXTI4yk_LW4yoVO9s6NXpysgb7Cb65vpxcxgqzOAKvIbLQxaAETcqHT\",\"https:\\\/\\\/x.com\\\/congovirtuel\",\"https:\\\/\\\/www.youtube.com\\\/channel\\\/UCkFfprYzGgS3EWNpeMXpToQ?view_as=subscriber\"]},{\"@type\":\"Person\",\"@id\":\"https:\\\/\\\/congovirtuel.com\\\/information\\\/#\\\/schema\\\/person\\\/739a44bf7990966cb53d58d2fdeca0b6\",\"name\":\"infocongovirtuel\",\"image\":{\"@type\":\"ImageObject\",\"inLanguage\":\"fr-FR\",\"@id\":\"https:\\\/\\\/secure.gravatar.com\\\/avatar\\\/4d76991aa72469f0eb22e772586c99113c6997f88da636a9db8f2ce3a2c05e69?s=96&d=mm&r=g\",\"url\":\"https:\\\/\\\/secure.gravatar.com\\\/avatar\\\/4d76991aa72469f0eb22e772586c99113c6997f88da636a9db8f2ce3a2c05e69?s=96&d=mm&r=g\",\"contentUrl\":\"https:\\\/\\\/secure.gravatar.com\\\/avatar\\\/4d76991aa72469f0eb22e772586c99113c6997f88da636a9db8f2ce3a2c05e69?s=96&d=mm&r=g\",\"caption\":\"infocongovirtuel\"},\"url\":\"https:\\\/\\\/congovirtuel.com\\\/information\\\/author\\\/infocongovirtuel\\\/\"}]}<\/script>\n<!-- \/ Yoast SEO plugin. -->","yoast_head_json":{"title":"RDC: F\u00e9lix Tshisekedi r\u00e9am\u00e9nage son cabinet - Actualit\u00e9s congolaises et internationales","robots":{"index":"index","follow":"follow","max-snippet":"max-snippet:-1","max-image-preview":"max-image-preview:large","max-video-preview":"max-video-preview:-1"},"canonical":"https:\/\/congovirtuel.com\/information\/rdc-felix-tshisekedi-reamenage-son-cabinet\/","og_locale":"fr_FR","og_type":"article","og_title":"RDC: F\u00e9lix Tshisekedi r\u00e9am\u00e9nage son cabinet - Actualit\u00e9s congolaises et internationales","og_description":"Le pr\u00e9sident F\u00e9lix Tshisekedi a r\u00e9am\u00e9nag\u00e9 la direction de son cabinet en nommant des directeurs de cabinet adjoints. Ainsi, Andr\u00e9 Wameso a \u00e9t\u00e9 nomm\u00e9 Directeur de Cabinet adjoint en charge des Questions \u00e9conomiques et financi\u00e8res. Ancien Ambassadeur Itin\u00e9rant du Pr\u00e9sident F\u00e9lix Tshisekedi, il remplace \u00e0 ce poste Guylain Nyembo, nomm\u00e9 Directeur de Cabinet il y a quelques mois. Sont \u00e9galement nomm\u00e9s en m\u00eame temps que lui, Bwatshia Ntumba Nicole, ancienne Conseill\u00e8re principale au Coll\u00e8ge juridique, devient Directeur de cabinet adjoint, charg\u00e9 des questions Politiques, Juridiques et diplomatiques\u00a0; tandis que Mondonge&hellip;","og_url":"https:\/\/congovirtuel.com\/information\/rdc-felix-tshisekedi-reamenage-son-cabinet\/","og_site_name":"Actualit\u00e9s congolaises et internationales","article_publisher":"https:\/\/web.facebook.com\/Congovirtuel-763617960319601\/?ref=aymt_homepage_panel&amp%3bamp%3bamp%3bamp%3bamp%3bamp%3bamp%3bamp%3bamp%3bamp%3bamp%3beid=ARCoxULa66767kIgF_KYav6VdjXTI4yk_LW4yoVO9s6NXpysgb7Cb65vpxcxgqzOAKvIbLQxaAETcqHT","article_published_time":"2021-04-15T08:00:49+00:00","article_modified_time":"2021-04-15T08:01:01+00:00","og_image":[{"width":800,"height":405,"url":"https:\/\/congovirtuel.com\/information\/wp-content\/uploads\/2020\/07\/F\u00e9lix_palais.jpg","type":"image\/jpeg"}],"author":"infocongovirtuel","twitter_card":"summary_large_image","twitter_creator":"@congovirtuel","twitter_site":"@congovirtuel","twitter_misc":{"\u00c9crit par":"infocongovirtuel","Dur\u00e9e de lecture estim\u00e9e":"1 minute"},"schema":{"@context":"https:\/\/schema.org","@graph":[{"@type":"Article","@id":"https:\/\/congovirtuel.com\/information\/rdc-felix-tshisekedi-reamenage-son-cabinet\/#article","isPartOf":{"@id":"https:\/\/congovirtuel.com\/information\/rdc-felix-tshisekedi-reamenage-son-cabinet\/"},"author":{"name":"infocongovirtuel","@id":"https:\/\/congovirtuel.com\/information\/#\/schema\/person\/739a44bf7990966cb53d58d2fdeca0b6"},"headline":"RDC: F\u00e9lix Tshisekedi r\u00e9am\u00e9nage son cabinet","datePublished":"2021-04-15T08:00:49+00:00","dateModified":"2021-04-15T08:01:01+00:00","mainEntityOfPage":{"@id":"https:\/\/congovirtuel.com\/information\/rdc-felix-tshisekedi-reamenage-son-cabinet\/"},"wordCount":126,"commentCount":0,"publisher":{"@id":"https:\/\/congovirtuel.com\/information\/#organization"},"image":{"@id":"https:\/\/congovirtuel.com\/information\/rdc-felix-tshisekedi-reamenage-son-cabinet\/#primaryimage"},"thumbnailUrl":"https:\/\/congovirtuel.com\/information\/wp-content\/uploads\/2020\/07\/F\u00e9lix_palais.jpg","keywords":["Nouveau membre cabinet pr\u00e9sident Tshisekedi"],"articleSection":["Pr\u00e9sidence"],"inLanguage":"fr-FR","potentialAction":[{"@type":"CommentAction","name":"Comment","target":["https:\/\/congovirtuel.com\/information\/rdc-felix-tshisekedi-reamenage-son-cabinet\/#respond"]}]},{"@type":"WebPage","@id":"https:\/\/congovirtuel.com\/information\/rdc-felix-tshisekedi-reamenage-son-cabinet\/","url":"https:\/\/congovirtuel.com\/information\/rdc-felix-tshisekedi-reamenage-son-cabinet\/","name":"RDC: F\u00e9lix Tshisekedi r\u00e9am\u00e9nage son cabinet - Actualit\u00e9s congolaises et internationales","isPartOf":{"@id":"https:\/\/congovirtuel.com\/information\/#website"},"primaryImageOfPage":{"@id":"https:\/\/congovirtuel.com\/information\/rdc-felix-tshisekedi-reamenage-son-cabinet\/#primaryimage"},"image":{"@id":"https:\/\/congovirtuel.com\/information\/rdc-felix-tshisekedi-reamenage-son-cabinet\/#primaryimage"},"thumbnailUrl":"https:\/\/congovirtuel.com\/information\/wp-content\/uploads\/2020\/07\/F\u00e9lix_palais.jpg","datePublished":"2021-04-15T08:00:49+00:00","dateModified":"2021-04-15T08:01:01+00:00","breadcrumb":{"@id":"https:\/\/congovirtuel.com\/information\/rdc-felix-tshisekedi-reamenage-son-cabinet\/#breadcrumb"},"inLanguage":"fr-FR","potentialAction":[{"@type":"ReadAction","target":["https:\/\/congovirtuel.com\/information\/rdc-felix-tshisekedi-reamenage-son-cabinet\/"]}]},{"@type":"ImageObject","inLanguage":"fr-FR","@id":"https:\/\/congovirtuel.com\/information\/rdc-felix-tshisekedi-reamenage-son-cabinet\/#primaryimage","url":"https:\/\/congovirtuel.com\/information\/wp-content\/uploads\/2020\/07\/F\u00e9lix_palais.jpg","contentUrl":"https:\/\/congovirtuel.com\/information\/wp-content\/uploads\/2020\/07\/F\u00e9lix_palais.jpg","width":800,"height":405,"caption":"F\u00e9lix Tshisekedi dans son bureau"},{"@type":"BreadcrumbList","@id":"https:\/\/congovirtuel.com\/information\/rdc-felix-tshisekedi-reamenage-son-cabinet\/#breadcrumb","itemListElement":[{"@type":"ListItem","position":1,"name":"Accueil","item":"https:\/\/congovirtuel.com\/information\/"},{"@type":"ListItem","position":2,"name":"RDC: F\u00e9lix Tshisekedi r\u00e9am\u00e9nage son cabinet"}]},{"@type":"WebSite","@id":"https:\/\/congovirtuel.com\/information\/#website","url":"https:\/\/congovirtuel.com\/information\/","name":"Actualit\u00e9s congolaises et internationales","description":"site d&#039;analyse et de traitement d&#039;information","publisher":{"@id":"https:\/\/congovirtuel.com\/information\/#organization"},"potentialAction":[{"@type":"SearchAction","target":{"@type":"EntryPoint","urlTemplate":"https:\/\/congovirtuel.com\/information\/?s={search_term_string}"},"query-input":{"@type":"PropertyValueSpecification","valueRequired":true,"valueName":"search_term_string"}}],"inLanguage":"fr-FR"},{"@type":"Organization","@id":"https:\/\/congovirtuel.com\/information\/#organization","name":"Biblioth\u00e8que Virtuelle de la RDC","url":"https:\/\/congovirtuel.com\/information\/","logo":{"@type":"ImageObject","inLanguage":"fr-FR","@id":"https:\/\/congovirtuel.com\/information\/#\/schema\/logo\/image\/","url":"https:\/\/congovirtuel.com\/information\/wp-content\/uploads\/2018\/10\/header-info-congovirtuel-vraie.jpg","contentUrl":"https:\/\/congovirtuel.com\/information\/wp-content\/uploads\/2018\/10\/header-info-congovirtuel-vraie.jpg","width":728,"height":90,"caption":"Biblioth\u00e8que Virtuelle de la RDC"},"image":{"@id":"https:\/\/congovirtuel.com\/information\/#\/schema\/logo\/image\/"},"sameAs":["https:\/\/web.facebook.com\/Congovirtuel-763617960319601\/?ref=aymt_homepage_panel&amp;amp;amp;amp;amp;amp;amp;amp;amp;amp;amp;eid=ARCoxULa66767kIgF_KYav6VdjXTI4yk_LW4yoVO9s6NXpysgb7Cb65vpxcxgqzOAKvIbLQxaAETcqHT","https:\/\/x.com\/congovirtuel","https:\/\/www.youtube.com\/channel\/UCkFfprYzGgS3EWNpeMXpToQ?view_as=subscriber"]},{"@type":"Person","@id":"https:\/\/congovirtuel.com\/information\/#\/schema\/person\/739a44bf7990966cb53d58d2fdeca0b6","name":"infocongovirtuel","image":{"@type":"ImageObject","inLanguage":"fr-FR","@id":"https:\/\/secure.gravatar.com\/avatar\/4d76991aa72469f0eb22e772586c99113c6997f88da636a9db8f2ce3a2c05e69?s=96&d=mm&r=g","url":"https:\/\/secure.gravatar.com\/avatar\/4d76991aa72469f0eb22e772586c99113c6997f88da636a9db8f2ce3a2c05e69?s=96&d=mm&r=g","contentUrl":"https:\/\/secure.gravatar.com\/avatar\/4d76991aa72469f0eb22e772586c99113c6997f88da636a9db8f2ce3a2c05e69?s=96&d=mm&r=g","caption":"infocongovirtuel"},"url":"https:\/\/congovirtuel.com\/information\/author\/infocongovirtuel\/"}]}},"gt_translate_keys":[{"key":"link","format":"url"}],"_links":{"self":[{"href":"https:\/\/congovirtuel.com\/information\/wp-json\/wp\/v2\/posts\/7884","targetHints":{"allow":["GET"]}}],"collection":[{"href":"https:\/\/congovirtuel.com\/information\/wp-json\/wp\/v2\/posts"}],"about":[{"href":"https:\/\/congovirtuel.com\/information\/wp-json\/wp\/v2\/types\/post"}],"author":[{"embeddable":true,"href":"https:\/\/congovirtuel.com\/information\/wp-json\/wp\/v2\/users\/1"}],"replies":[{"embeddable":true,"href":"https:\/\/congovirtuel.com\/information\/wp-json\/wp\/v2\/comments?post=7884"}],"version-history":[{"count":1,"href":"https:\/\/congovirtuel.com\/information\/wp-json\/wp\/v2\/posts\/7884\/revisions"}],"predecessor-version":[{"id":7885,"href":"https:\/\/congovirtuel.com\/information\/wp-json\/wp\/v2\/posts\/7884\/revisions\/7885"}],"wp:featuredmedia":[{"embeddable":true,"href":"https:\/\/congovirtuel.com\/information\/wp-json\/wp\/v2\/media\/2577"}],"wp:attachment":[{"href":"https:\/\/congovirtuel.com\/information\/wp-json\/wp\/v2\/media?parent=7884"}],"wp:term":[{"taxonomy":"category","embeddable":true,"href":"https:\/\/congovirtuel.com\/information\/wp-json\/wp\/v2\/categories?post=7884"},{"taxonomy":"post_tag","embeddable":true,"href":"https:\/\/congovirtuel.com\/information\/wp-json\/wp\/v2\/tags?post=7884"}],"curies":[{"name":"wp","href":"https:\/\/api.w.org\/{rel}","templated":true}]}}