{"id":7917,"date":"2021-04-15T21:38:44","date_gmt":"2021-04-15T20:38:44","guid":{"rendered":"https:\/\/congovirtuel.com\/information\/?p=7917"},"modified":"2021-04-15T21:38:49","modified_gmt":"2021-04-15T20:38:49","slug":"rdc-lelection-du-president-de-la-cour-constitutionnelle-fixee-au-mardi-20-avril","status":"publish","type":"post","link":"https:\/\/congovirtuel.com\/information\/rdc-lelection-du-president-de-la-cour-constitutionnelle-fixee-au-mardi-20-avril\/","title":{"rendered":"RDC: L\u2019\u00e9lection du pr\u00e9sident de la Cour constitutionnelle fix\u00e9e au mardi 20 avril","gt_translate_keys":[{"key":"rendered","format":"text"}]},"content":{"rendered":"\n<p class=\"wp-block-paragraph\">A l\u2019issue de sa r\u00e9union du mardi 13 avril, la pl\u00e9ni\u00e8re de la Cour constitutionnelle a fix\u00e9 au 20 avril 2021, l\u2019organisation de l\u2019\u00e9lection du pr\u00e9sident de cette institution.<\/p>\n\n\n\n<p class=\"wp-block-paragraph\">Le Pr\u00e9sident de la R\u00e9publique \u00e9tant le garant de toutes les institutions de la R\u00e9publique, le Pr\u00e9sident ad int\u00e9rim de la Cour constitutionnelle, Funga Molima Mwata \u00c9variste-Prince a saisi officiellement le chef de l\u2019\u00c9tat, F\u00e9lix Tshisekedi, pour le tenir inform\u00e9.<\/p>\n\n\n\n<p class=\"wp-block-paragraph\">Sauf avis contraire du Pr\u00e9sident de la R\u00e9publique, la Haute Cour de la R\u00e9publique D\u00e9mocratique du Congo aura donc son Pr\u00e9sident ce mardi 20 avril prochain.<\/p>\n\n\n\n<p class=\"wp-block-paragraph\">Une certaine opinion se demande si le Pr\u00e9sident a.i. Funga Molima Mwata \u00c9variste-Prince sera confirm\u00e9 \u00e0 ce poste qu\u2019il a bien assum\u00e9 depuis la d\u00e9mission de l\u2019ancien pr\u00e9sident Lwamba Beno\u00eet. A cet effet, certaines indiscr\u00e9tions soutiennent que le juge Funga, vu son expertise, sera confirm\u00e9 par l\u2019\u00e9lection \u00e0 ce poste. Lire aussi:\u00a0Cour constitutionnelle : Le pr\u00e9sident a.i. d\u00e9cline l\u2019affectation des magistrats de si\u00e8ge.<\/p>\n\n\n\n<p class=\"wp-block-paragraph\"><strong>Infocongo<\/strong><\/p>\n","protected":false,"gt_translate_keys":[{"key":"rendered","format":"html"}]},"excerpt":{"rendered":"<p>A l\u2019issue de sa r\u00e9union du mardi 13 avril, la pl\u00e9ni\u00e8re de la Cour constitutionnelle a fix\u00e9 au 20 avril 2021, l\u2019organisation de l\u2019\u00e9lection du pr\u00e9sident de cette institution. Le Pr\u00e9sident de la R\u00e9publique \u00e9tant le garant de toutes les institutions de la R\u00e9publique, le Pr\u00e9sident ad int\u00e9rim de la Cour constitutionnelle, Funga Molima Mwata \u00c9variste-Prince a saisi officiellement le chef de l\u2019\u00c9tat, F\u00e9lix Tshisekedi, pour le tenir inform\u00e9. Sauf avis contraire du Pr\u00e9sident de la R\u00e9publique, la Haute Cour de la R\u00e9publique D\u00e9mocratique du Congo aura donc son Pr\u00e9sident&hellip;<\/p>\n","protected":false,"gt_translate_keys":[{"key":"rendered","format":"html"}]},"author":1,"featured_media":7918,"comment_status":"open","ping_status":"open","sticky":false,"template":"","format":"standard","meta":{"_crdt_document":"","footnotes":""},"categories":[461],"tags":[6734,6733],"class_list":["post-7917","post","type-post","status-publish","format-standard","has-post-thumbnail","hentry","category-justice","tag-20-avril-election-cour-constitutionnelle-rdc","tag-election-cour-constitutionnelle"],"gutentor_comment":0,"yoast_head":"<!-- This site is optimized with the Yoast SEO plugin v27.5 - https:\/\/yoast.com\/product\/yoast-seo-wordpress\/ -->\n<title>RDC: L\u2019\u00e9lection du pr\u00e9sident de la Cour constitutionnelle fix\u00e9e au mardi 20 avril - Actualit\u00e9s congolaises et internationales<\/title>\n<meta name=\"robots\" content=\"index, follow, max-snippet:-1, max-image-preview:large, max-video-preview:-1\" \/>\n<link rel=\"canonical\" href=\"https:\/\/congovirtuel.com\/information\/rdc-lelection-du-president-de-la-cour-constitutionnelle-fixee-au-mardi-20-avril\/\" \/>\n<meta property=\"og:locale\" content=\"fr_FR\" \/>\n<meta property=\"og:type\" content=\"article\" \/>\n<meta property=\"og:title\" content=\"RDC: L\u2019\u00e9lection du pr\u00e9sident de la Cour constitutionnelle fix\u00e9e au mardi 20 avril - Actualit\u00e9s congolaises et internationales\" \/>\n<meta property=\"og:description\" content=\"A l\u2019issue de sa r\u00e9union du mardi 13 avril, la pl\u00e9ni\u00e8re de la Cour constitutionnelle a fix\u00e9 au 20 avril 2021, l\u2019organisation de l\u2019\u00e9lection du pr\u00e9sident de cette institution. Le Pr\u00e9sident de la R\u00e9publique \u00e9tant le garant de toutes les institutions de la R\u00e9publique, le Pr\u00e9sident ad int\u00e9rim de la Cour constitutionnelle, Funga Molima Mwata \u00c9variste-Prince a saisi officiellement le chef de l\u2019\u00c9tat, F\u00e9lix Tshisekedi, pour le tenir inform\u00e9. Sauf avis contraire du Pr\u00e9sident de la R\u00e9publique, la Haute Cour de la R\u00e9publique D\u00e9mocratique du Congo aura donc son Pr\u00e9sident&hellip;\" \/>\n<meta property=\"og:url\" content=\"https:\/\/congovirtuel.com\/information\/rdc-lelection-du-president-de-la-cour-constitutionnelle-fixee-au-mardi-20-avril\/\" \/>\n<meta property=\"og:site_name\" content=\"Actualit\u00e9s congolaises et internationales\" \/>\n<meta property=\"article:publisher\" content=\"https:\/\/web.facebook.com\/Congovirtuel-763617960319601\/?ref=aymt_homepage_panel&amp;amp%3bamp%3bamp%3bamp%3bamp%3bamp%3bamp%3bamp%3bamp%3bamp%3bamp%3beid=ARCoxULa66767kIgF_KYav6VdjXTI4yk_LW4yoVO9s6NXpysgb7Cb65vpxcxgqzOAKvIbLQxaAETcqHT\" \/>\n<meta property=\"article:published_time\" content=\"2021-04-15T20:38:44+00:00\" \/>\n<meta property=\"article:modified_time\" content=\"2021-04-15T20:38:49+00:00\" \/>\n<meta property=\"og:image\" content=\"https:\/\/congovirtuel.com\/information\/wp-content\/uploads\/2021\/04\/Cour-constitutionnelle-1160x560-1.jpg\" \/>\n\t<meta property=\"og:image:width\" content=\"1160\" \/>\n\t<meta property=\"og:image:height\" content=\"560\" \/>\n\t<meta property=\"og:image:type\" content=\"image\/jpeg\" \/>\n<meta name=\"author\" content=\"infocongovirtuel\" \/>\n<meta name=\"twitter:card\" content=\"summary_large_image\" \/>\n<meta name=\"twitter:creator\" content=\"@congovirtuel\" \/>\n<meta name=\"twitter:site\" content=\"@congovirtuel\" \/>\n<meta name=\"twitter:label1\" content=\"\u00c9crit par\" \/>\n\t<meta name=\"twitter:data1\" content=\"infocongovirtuel\" \/>\n\t<meta name=\"twitter:label2\" content=\"Dur\u00e9e de lecture estim\u00e9e\" \/>\n\t<meta name=\"twitter:data2\" content=\"1 minute\" \/>\n<script type=\"application\/ld+json\" class=\"yoast-schema-graph\">{\"@context\":\"https:\\\/\\\/schema.org\",\"@graph\":[{\"@type\":\"Article\",\"@id\":\"https:\\\/\\\/congovirtuel.com\\\/information\\\/rdc-lelection-du-president-de-la-cour-constitutionnelle-fixee-au-mardi-20-avril\\\/#article\",\"isPartOf\":{\"@id\":\"https:\\\/\\\/congovirtuel.com\\\/information\\\/rdc-lelection-du-president-de-la-cour-constitutionnelle-fixee-au-mardi-20-avril\\\/\"},\"author\":{\"name\":\"infocongovirtuel\",\"@id\":\"https:\\\/\\\/congovirtuel.com\\\/information\\\/#\\\/schema\\\/person\\\/739a44bf7990966cb53d58d2fdeca0b6\"},\"headline\":\"RDC: L\u2019\u00e9lection du pr\u00e9sident de la Cour constitutionnelle fix\u00e9e au mardi 20 avril\",\"datePublished\":\"2021-04-15T20:38:44+00:00\",\"dateModified\":\"2021-04-15T20:38:49+00:00\",\"mainEntityOfPage\":{\"@id\":\"https:\\\/\\\/congovirtuel.com\\\/information\\\/rdc-lelection-du-president-de-la-cour-constitutionnelle-fixee-au-mardi-20-avril\\\/\"},\"wordCount\":201,\"commentCount\":0,\"publisher\":{\"@id\":\"https:\\\/\\\/congovirtuel.com\\\/information\\\/#organization\"},\"image\":{\"@id\":\"https:\\\/\\\/congovirtuel.com\\\/information\\\/rdc-lelection-du-president-de-la-cour-constitutionnelle-fixee-au-mardi-20-avril\\\/#primaryimage\"},\"thumbnailUrl\":\"https:\\\/\\\/congovirtuel.com\\\/information\\\/wp-content\\\/uploads\\\/2021\\\/04\\\/Cour-constitutionnelle-1160x560-1.jpg\",\"keywords\":[\"20 avril \u00e9lection cour constitutionnelle RDC\",\"\u00c9lection cour constitutionnelle\"],\"articleSection\":[\"Justice\"],\"inLanguage\":\"fr-FR\",\"potentialAction\":[{\"@type\":\"CommentAction\",\"name\":\"Comment\",\"target\":[\"https:\\\/\\\/congovirtuel.com\\\/information\\\/rdc-lelection-du-president-de-la-cour-constitutionnelle-fixee-au-mardi-20-avril\\\/#respond\"]}]},{\"@type\":\"WebPage\",\"@id\":\"https:\\\/\\\/congovirtuel.com\\\/information\\\/rdc-lelection-du-president-de-la-cour-constitutionnelle-fixee-au-mardi-20-avril\\\/\",\"url\":\"https:\\\/\\\/congovirtuel.com\\\/information\\\/rdc-lelection-du-president-de-la-cour-constitutionnelle-fixee-au-mardi-20-avril\\\/\",\"name\":\"RDC: L\u2019\u00e9lection du pr\u00e9sident de la Cour constitutionnelle fix\u00e9e au mardi 20 avril - Actualit\u00e9s congolaises et internationales\",\"isPartOf\":{\"@id\":\"https:\\\/\\\/congovirtuel.com\\\/information\\\/#website\"},\"primaryImageOfPage\":{\"@id\":\"https:\\\/\\\/congovirtuel.com\\\/information\\\/rdc-lelection-du-president-de-la-cour-constitutionnelle-fixee-au-mardi-20-avril\\\/#primaryimage\"},\"image\":{\"@id\":\"https:\\\/\\\/congovirtuel.com\\\/information\\\/rdc-lelection-du-president-de-la-cour-constitutionnelle-fixee-au-mardi-20-avril\\\/#primaryimage\"},\"thumbnailUrl\":\"https:\\\/\\\/congovirtuel.com\\\/information\\\/wp-content\\\/uploads\\\/2021\\\/04\\\/Cour-constitutionnelle-1160x560-1.jpg\",\"datePublished\":\"2021-04-15T20:38:44+00:00\",\"dateModified\":\"2021-04-15T20:38:49+00:00\",\"breadcrumb\":{\"@id\":\"https:\\\/\\\/congovirtuel.com\\\/information\\\/rdc-lelection-du-president-de-la-cour-constitutionnelle-fixee-au-mardi-20-avril\\\/#breadcrumb\"},\"inLanguage\":\"fr-FR\",\"potentialAction\":[{\"@type\":\"ReadAction\",\"target\":[\"https:\\\/\\\/congovirtuel.com\\\/information\\\/rdc-lelection-du-president-de-la-cour-constitutionnelle-fixee-au-mardi-20-avril\\\/\"]}]},{\"@type\":\"ImageObject\",\"inLanguage\":\"fr-FR\",\"@id\":\"https:\\\/\\\/congovirtuel.com\\\/information\\\/rdc-lelection-du-president-de-la-cour-constitutionnelle-fixee-au-mardi-20-avril\\\/#primaryimage\",\"url\":\"https:\\\/\\\/congovirtuel.com\\\/information\\\/wp-content\\\/uploads\\\/2021\\\/04\\\/Cour-constitutionnelle-1160x560-1.jpg\",\"contentUrl\":\"https:\\\/\\\/congovirtuel.com\\\/information\\\/wp-content\\\/uploads\\\/2021\\\/04\\\/Cour-constitutionnelle-1160x560-1.jpg\",\"width\":1160,\"height\":560},{\"@type\":\"BreadcrumbList\",\"@id\":\"https:\\\/\\\/congovirtuel.com\\\/information\\\/rdc-lelection-du-president-de-la-cour-constitutionnelle-fixee-au-mardi-20-avril\\\/#breadcrumb\",\"itemListElement\":[{\"@type\":\"ListItem\",\"position\":1,\"name\":\"Accueil\",\"item\":\"https:\\\/\\\/congovirtuel.com\\\/information\\\/\"},{\"@type\":\"ListItem\",\"position\":2,\"name\":\"RDC: L\u2019\u00e9lection du pr\u00e9sident de la Cour constitutionnelle fix\u00e9e au mardi 20 avril\"}]},{\"@type\":\"WebSite\",\"@id\":\"https:\\\/\\\/congovirtuel.com\\\/information\\\/#website\",\"url\":\"https:\\\/\\\/congovirtuel.com\\\/information\\\/\",\"name\":\"Actualit\u00e9s congolaises et internationales\",\"description\":\"site d&#039;analyse et de traitement d&#039;information\",\"publisher\":{\"@id\":\"https:\\\/\\\/congovirtuel.com\\\/information\\\/#organization\"},\"potentialAction\":[{\"@type\":\"SearchAction\",\"target\":{\"@type\":\"EntryPoint\",\"urlTemplate\":\"https:\\\/\\\/congovirtuel.com\\\/information\\\/?s={search_term_string}\"},\"query-input\":{\"@type\":\"PropertyValueSpecification\",\"valueRequired\":true,\"valueName\":\"search_term_string\"}}],\"inLanguage\":\"fr-FR\"},{\"@type\":\"Organization\",\"@id\":\"https:\\\/\\\/congovirtuel.com\\\/information\\\/#organization\",\"name\":\"Biblioth\u00e8que Virtuelle de la RDC\",\"url\":\"https:\\\/\\\/congovirtuel.com\\\/information\\\/\",\"logo\":{\"@type\":\"ImageObject\",\"inLanguage\":\"fr-FR\",\"@id\":\"https:\\\/\\\/congovirtuel.com\\\/information\\\/#\\\/schema\\\/logo\\\/image\\\/\",\"url\":\"https:\\\/\\\/congovirtuel.com\\\/information\\\/wp-content\\\/uploads\\\/2018\\\/10\\\/header-info-congovirtuel-vraie.jpg\",\"contentUrl\":\"https:\\\/\\\/congovirtuel.com\\\/information\\\/wp-content\\\/uploads\\\/2018\\\/10\\\/header-info-congovirtuel-vraie.jpg\",\"width\":728,\"height\":90,\"caption\":\"Biblioth\u00e8que Virtuelle de la RDC\"},\"image\":{\"@id\":\"https:\\\/\\\/congovirtuel.com\\\/information\\\/#\\\/schema\\\/logo\\\/image\\\/\"},\"sameAs\":[\"https:\\\/\\\/web.facebook.com\\\/Congovirtuel-763617960319601\\\/?ref=aymt_homepage_panel&amp;amp;amp;amp;amp;amp;amp;amp;amp;amp;amp;eid=ARCoxULa66767kIgF_KYav6VdjXTI4yk_LW4yoVO9s6NXpysgb7Cb65vpxcxgqzOAKvIbLQxaAETcqHT\",\"https:\\\/\\\/x.com\\\/congovirtuel\",\"https:\\\/\\\/www.youtube.com\\\/channel\\\/UCkFfprYzGgS3EWNpeMXpToQ?view_as=subscriber\"]},{\"@type\":\"Person\",\"@id\":\"https:\\\/\\\/congovirtuel.com\\\/information\\\/#\\\/schema\\\/person\\\/739a44bf7990966cb53d58d2fdeca0b6\",\"name\":\"infocongovirtuel\",\"image\":{\"@type\":\"ImageObject\",\"inLanguage\":\"fr-FR\",\"@id\":\"https:\\\/\\\/secure.gravatar.com\\\/avatar\\\/4d76991aa72469f0eb22e772586c99113c6997f88da636a9db8f2ce3a2c05e69?s=96&d=mm&r=g\",\"url\":\"https:\\\/\\\/secure.gravatar.com\\\/avatar\\\/4d76991aa72469f0eb22e772586c99113c6997f88da636a9db8f2ce3a2c05e69?s=96&d=mm&r=g\",\"contentUrl\":\"https:\\\/\\\/secure.gravatar.com\\\/avatar\\\/4d76991aa72469f0eb22e772586c99113c6997f88da636a9db8f2ce3a2c05e69?s=96&d=mm&r=g\",\"caption\":\"infocongovirtuel\"},\"url\":\"https:\\\/\\\/congovirtuel.com\\\/information\\\/author\\\/infocongovirtuel\\\/\"}]}<\/script>\n<!-- \/ Yoast SEO plugin. -->","yoast_head_json":{"title":"RDC: L\u2019\u00e9lection du pr\u00e9sident de la Cour constitutionnelle fix\u00e9e au mardi 20 avril - Actualit\u00e9s congolaises et internationales","robots":{"index":"index","follow":"follow","max-snippet":"max-snippet:-1","max-image-preview":"max-image-preview:large","max-video-preview":"max-video-preview:-1"},"canonical":"https:\/\/congovirtuel.com\/information\/rdc-lelection-du-president-de-la-cour-constitutionnelle-fixee-au-mardi-20-avril\/","og_locale":"fr_FR","og_type":"article","og_title":"RDC: L\u2019\u00e9lection du pr\u00e9sident de la Cour constitutionnelle fix\u00e9e au mardi 20 avril - Actualit\u00e9s congolaises et internationales","og_description":"A l\u2019issue de sa r\u00e9union du mardi 13 avril, la pl\u00e9ni\u00e8re de la Cour constitutionnelle a fix\u00e9 au 20 avril 2021, l\u2019organisation de l\u2019\u00e9lection du pr\u00e9sident de cette institution. Le Pr\u00e9sident de la R\u00e9publique \u00e9tant le garant de toutes les institutions de la R\u00e9publique, le Pr\u00e9sident ad int\u00e9rim de la Cour constitutionnelle, Funga Molima Mwata \u00c9variste-Prince a saisi officiellement le chef de l\u2019\u00c9tat, F\u00e9lix Tshisekedi, pour le tenir inform\u00e9. Sauf avis contraire du Pr\u00e9sident de la R\u00e9publique, la Haute Cour de la R\u00e9publique D\u00e9mocratique du Congo aura donc son Pr\u00e9sident&hellip;","og_url":"https:\/\/congovirtuel.com\/information\/rdc-lelection-du-president-de-la-cour-constitutionnelle-fixee-au-mardi-20-avril\/","og_site_name":"Actualit\u00e9s congolaises et internationales","article_publisher":"https:\/\/web.facebook.com\/Congovirtuel-763617960319601\/?ref=aymt_homepage_panel&amp%3bamp%3bamp%3bamp%3bamp%3bamp%3bamp%3bamp%3bamp%3bamp%3bamp%3beid=ARCoxULa66767kIgF_KYav6VdjXTI4yk_LW4yoVO9s6NXpysgb7Cb65vpxcxgqzOAKvIbLQxaAETcqHT","article_published_time":"2021-04-15T20:38:44+00:00","article_modified_time":"2021-04-15T20:38:49+00:00","og_image":[{"width":1160,"height":560,"url":"https:\/\/congovirtuel.com\/information\/wp-content\/uploads\/2021\/04\/Cour-constitutionnelle-1160x560-1.jpg","type":"image\/jpeg"}],"author":"infocongovirtuel","twitter_card":"summary_large_image","twitter_creator":"@congovirtuel","twitter_site":"@congovirtuel","twitter_misc":{"\u00c9crit par":"infocongovirtuel","Dur\u00e9e de lecture estim\u00e9e":"1 minute"},"schema":{"@context":"https:\/\/schema.org","@graph":[{"@type":"Article","@id":"https:\/\/congovirtuel.com\/information\/rdc-lelection-du-president-de-la-cour-constitutionnelle-fixee-au-mardi-20-avril\/#article","isPartOf":{"@id":"https:\/\/congovirtuel.com\/information\/rdc-lelection-du-president-de-la-cour-constitutionnelle-fixee-au-mardi-20-avril\/"},"author":{"name":"infocongovirtuel","@id":"https:\/\/congovirtuel.com\/information\/#\/schema\/person\/739a44bf7990966cb53d58d2fdeca0b6"},"headline":"RDC: L\u2019\u00e9lection du pr\u00e9sident de la Cour constitutionnelle fix\u00e9e au mardi 20 avril","datePublished":"2021-04-15T20:38:44+00:00","dateModified":"2021-04-15T20:38:49+00:00","mainEntityOfPage":{"@id":"https:\/\/congovirtuel.com\/information\/rdc-lelection-du-president-de-la-cour-constitutionnelle-fixee-au-mardi-20-avril\/"},"wordCount":201,"commentCount":0,"publisher":{"@id":"https:\/\/congovirtuel.com\/information\/#organization"},"image":{"@id":"https:\/\/congovirtuel.com\/information\/rdc-lelection-du-president-de-la-cour-constitutionnelle-fixee-au-mardi-20-avril\/#primaryimage"},"thumbnailUrl":"https:\/\/congovirtuel.com\/information\/wp-content\/uploads\/2021\/04\/Cour-constitutionnelle-1160x560-1.jpg","keywords":["20 avril \u00e9lection cour constitutionnelle RDC","\u00c9lection cour constitutionnelle"],"articleSection":["Justice"],"inLanguage":"fr-FR","potentialAction":[{"@type":"CommentAction","name":"Comment","target":["https:\/\/congovirtuel.com\/information\/rdc-lelection-du-president-de-la-cour-constitutionnelle-fixee-au-mardi-20-avril\/#respond"]}]},{"@type":"WebPage","@id":"https:\/\/congovirtuel.com\/information\/rdc-lelection-du-president-de-la-cour-constitutionnelle-fixee-au-mardi-20-avril\/","url":"https:\/\/congovirtuel.com\/information\/rdc-lelection-du-president-de-la-cour-constitutionnelle-fixee-au-mardi-20-avril\/","name":"RDC: L\u2019\u00e9lection du pr\u00e9sident de la Cour constitutionnelle fix\u00e9e au mardi 20 avril - Actualit\u00e9s congolaises et internationales","isPartOf":{"@id":"https:\/\/congovirtuel.com\/information\/#website"},"primaryImageOfPage":{"@id":"https:\/\/congovirtuel.com\/information\/rdc-lelection-du-president-de-la-cour-constitutionnelle-fixee-au-mardi-20-avril\/#primaryimage"},"image":{"@id":"https:\/\/congovirtuel.com\/information\/rdc-lelection-du-president-de-la-cour-constitutionnelle-fixee-au-mardi-20-avril\/#primaryimage"},"thumbnailUrl":"https:\/\/congovirtuel.com\/information\/wp-content\/uploads\/2021\/04\/Cour-constitutionnelle-1160x560-1.jpg","datePublished":"2021-04-15T20:38:44+00:00","dateModified":"2021-04-15T20:38:49+00:00","breadcrumb":{"@id":"https:\/\/congovirtuel.com\/information\/rdc-lelection-du-president-de-la-cour-constitutionnelle-fixee-au-mardi-20-avril\/#breadcrumb"},"inLanguage":"fr-FR","potentialAction":[{"@type":"ReadAction","target":["https:\/\/congovirtuel.com\/information\/rdc-lelection-du-president-de-la-cour-constitutionnelle-fixee-au-mardi-20-avril\/"]}]},{"@type":"ImageObject","inLanguage":"fr-FR","@id":"https:\/\/congovirtuel.com\/information\/rdc-lelection-du-president-de-la-cour-constitutionnelle-fixee-au-mardi-20-avril\/#primaryimage","url":"https:\/\/congovirtuel.com\/information\/wp-content\/uploads\/2021\/04\/Cour-constitutionnelle-1160x560-1.jpg","contentUrl":"https:\/\/congovirtuel.com\/information\/wp-content\/uploads\/2021\/04\/Cour-constitutionnelle-1160x560-1.jpg","width":1160,"height":560},{"@type":"BreadcrumbList","@id":"https:\/\/congovirtuel.com\/information\/rdc-lelection-du-president-de-la-cour-constitutionnelle-fixee-au-mardi-20-avril\/#breadcrumb","itemListElement":[{"@type":"ListItem","position":1,"name":"Accueil","item":"https:\/\/congovirtuel.com\/information\/"},{"@type":"ListItem","position":2,"name":"RDC: L\u2019\u00e9lection du pr\u00e9sident de la Cour constitutionnelle fix\u00e9e au mardi 20 avril"}]},{"@type":"WebSite","@id":"https:\/\/congovirtuel.com\/information\/#website","url":"https:\/\/congovirtuel.com\/information\/","name":"Actualit\u00e9s congolaises et internationales","description":"site d&#039;analyse et de traitement d&#039;information","publisher":{"@id":"https:\/\/congovirtuel.com\/information\/#organization"},"potentialAction":[{"@type":"SearchAction","target":{"@type":"EntryPoint","urlTemplate":"https:\/\/congovirtuel.com\/information\/?s={search_term_string}"},"query-input":{"@type":"PropertyValueSpecification","valueRequired":true,"valueName":"search_term_string"}}],"inLanguage":"fr-FR"},{"@type":"Organization","@id":"https:\/\/congovirtuel.com\/information\/#organization","name":"Biblioth\u00e8que Virtuelle de la RDC","url":"https:\/\/congovirtuel.com\/information\/","logo":{"@type":"ImageObject","inLanguage":"fr-FR","@id":"https:\/\/congovirtuel.com\/information\/#\/schema\/logo\/image\/","url":"https:\/\/congovirtuel.com\/information\/wp-content\/uploads\/2018\/10\/header-info-congovirtuel-vraie.jpg","contentUrl":"https:\/\/congovirtuel.com\/information\/wp-content\/uploads\/2018\/10\/header-info-congovirtuel-vraie.jpg","width":728,"height":90,"caption":"Biblioth\u00e8que Virtuelle de la RDC"},"image":{"@id":"https:\/\/congovirtuel.com\/information\/#\/schema\/logo\/image\/"},"sameAs":["https:\/\/web.facebook.com\/Congovirtuel-763617960319601\/?ref=aymt_homepage_panel&amp;amp;amp;amp;amp;amp;amp;amp;amp;amp;amp;eid=ARCoxULa66767kIgF_KYav6VdjXTI4yk_LW4yoVO9s6NXpysgb7Cb65vpxcxgqzOAKvIbLQxaAETcqHT","https:\/\/x.com\/congovirtuel","https:\/\/www.youtube.com\/channel\/UCkFfprYzGgS3EWNpeMXpToQ?view_as=subscriber"]},{"@type":"Person","@id":"https:\/\/congovirtuel.com\/information\/#\/schema\/person\/739a44bf7990966cb53d58d2fdeca0b6","name":"infocongovirtuel","image":{"@type":"ImageObject","inLanguage":"fr-FR","@id":"https:\/\/secure.gravatar.com\/avatar\/4d76991aa72469f0eb22e772586c99113c6997f88da636a9db8f2ce3a2c05e69?s=96&d=mm&r=g","url":"https:\/\/secure.gravatar.com\/avatar\/4d76991aa72469f0eb22e772586c99113c6997f88da636a9db8f2ce3a2c05e69?s=96&d=mm&r=g","contentUrl":"https:\/\/secure.gravatar.com\/avatar\/4d76991aa72469f0eb22e772586c99113c6997f88da636a9db8f2ce3a2c05e69?s=96&d=mm&r=g","caption":"infocongovirtuel"},"url":"https:\/\/congovirtuel.com\/information\/author\/infocongovirtuel\/"}]}},"gt_translate_keys":[{"key":"link","format":"url"}],"_links":{"self":[{"href":"https:\/\/congovirtuel.com\/information\/wp-json\/wp\/v2\/posts\/7917","targetHints":{"allow":["GET"]}}],"collection":[{"href":"https:\/\/congovirtuel.com\/information\/wp-json\/wp\/v2\/posts"}],"about":[{"href":"https:\/\/congovirtuel.com\/information\/wp-json\/wp\/v2\/types\/post"}],"author":[{"embeddable":true,"href":"https:\/\/congovirtuel.com\/information\/wp-json\/wp\/v2\/users\/1"}],"replies":[{"embeddable":true,"href":"https:\/\/congovirtuel.com\/information\/wp-json\/wp\/v2\/comments?post=7917"}],"version-history":[{"count":1,"href":"https:\/\/congovirtuel.com\/information\/wp-json\/wp\/v2\/posts\/7917\/revisions"}],"predecessor-version":[{"id":7919,"href":"https:\/\/congovirtuel.com\/information\/wp-json\/wp\/v2\/posts\/7917\/revisions\/7919"}],"wp:featuredmedia":[{"embeddable":true,"href":"https:\/\/congovirtuel.com\/information\/wp-json\/wp\/v2\/media\/7918"}],"wp:attachment":[{"href":"https:\/\/congovirtuel.com\/information\/wp-json\/wp\/v2\/media?parent=7917"}],"wp:term":[{"taxonomy":"category","embeddable":true,"href":"https:\/\/congovirtuel.com\/information\/wp-json\/wp\/v2\/categories?post=7917"},{"taxonomy":"post_tag","embeddable":true,"href":"https:\/\/congovirtuel.com\/information\/wp-json\/wp\/v2\/tags?post=7917"}],"curies":[{"name":"wp","href":"https:\/\/api.w.org\/{rel}","templated":true}]}}