{"id":7932,"date":"2021-04-16T08:11:12","date_gmt":"2021-04-16T07:11:12","guid":{"rendered":"https:\/\/congovirtuel.com\/information\/?p=7932"},"modified":"2021-04-16T08:11:43","modified_gmt":"2021-04-16T07:11:43","slug":"rdc-la-chenille-legionnaire-dautomne-du-mais-une-menace-pour-la-securite-alimentaire","status":"publish","type":"post","link":"https:\/\/congovirtuel.com\/information\/rdc-la-chenille-legionnaire-dautomne-du-mais-une-menace-pour-la-securite-alimentaire\/","title":{"rendered":"RDC: La chenille l\u00e9gionnaire d\u2019automne du ma\u00efs, une menace pour la s\u00e9curit\u00e9 alimentaire","gt_translate_keys":[{"key":"rendered","format":"text"}]},"content":{"rendered":"\n<p class=\"wp-block-paragraph\">La chenille l\u00e9gionnaire d\u2019automne du ma\u00efs constitue une menace pour la s\u00e9curit\u00e9 alimentaire et les revenus des petits producteurs en Rdc.<\/p>\n\n\n\n<p class=\"wp-block-paragraph\">C\u2019est le secr\u00e9taire g\u00e9n\u00e9ral de l\u2019Agriculture, Evariste Bushabu qui l\u2019a affirm\u00e9 dans le cadre du projet de lutte contre ce ravageur qui est la chenille l\u00e9gionnaire d\u2019automne.<\/p>\n\n\n\n<p class=\"wp-block-paragraph\">Ce projet est financ\u00e9 par l\u2019Agence am\u00e9ricaine pour le d\u00e9veloppement international.<\/p>\n\n\n\n<p class=\"wp-block-paragraph\">Pour Evariste Bushabu, ce projet va r\u00e9unir les parties prenantes en vue de requ\u00e9rir des id\u00e9es cl\u00e9s devant conduire \u00e0 la lutte et \u00e0 la formation de petits agriculteurs.<\/p>\n\n\n\n<p class=\"wp-block-paragraph\">Mme V\u00e9ronique Praz coordonnatrice dudit projet a attest\u00e9 que ce projet couvre les provinces du Haut-Katanga, du Tanganyika, du Kasa\u00ef central, de Lomami, du Sud-Kivu et de Kinshasa.<\/p>\n\n\n\n<p class=\"wp-block-paragraph\">L\u2019Inera intervient dans les tests des technologies des zones \u00e9cologiques qu\u2019elles couvrent au pays.<\/p>\n\n\n\n<p class=\"wp-block-paragraph\"><strong>Gis\u00e8le Tshijuka<\/strong>\/Digital<\/p>\n","protected":false,"gt_translate_keys":[{"key":"rendered","format":"html"}]},"excerpt":{"rendered":"<p>La chenille l\u00e9gionnaire d\u2019automne du ma\u00efs constitue une menace pour la s\u00e9curit\u00e9 alimentaire et les revenus des petits producteurs en Rdc. C\u2019est le secr\u00e9taire g\u00e9n\u00e9ral de l\u2019Agriculture, Evariste Bushabu qui l\u2019a affirm\u00e9 dans le cadre du projet de lutte contre ce ravageur qui est la chenille l\u00e9gionnaire d\u2019automne. Ce projet est financ\u00e9 par l\u2019Agence am\u00e9ricaine pour le d\u00e9veloppement international. Pour Evariste Bushabu, ce projet va r\u00e9unir les parties prenantes en vue de requ\u00e9rir des id\u00e9es cl\u00e9s devant conduire \u00e0 la lutte et \u00e0 la formation de petits agriculteurs. Mme V\u00e9ronique&hellip;<\/p>\n","protected":false,"gt_translate_keys":[{"key":"rendered","format":"html"}]},"author":1,"featured_media":7933,"comment_status":"open","ping_status":"open","sticky":false,"template":"","format":"standard","meta":{"_crdt_document":"","footnotes":""},"categories":[6742],"tags":[6743],"class_list":["post-7932","post","type-post","status-publish","format-standard","has-post-thumbnail","hentry","category-agriculture","tag-chenille-legionnaire-de-mais"],"gutentor_comment":0,"yoast_head":"<!-- This site is optimized with the Yoast SEO plugin v27.5 - https:\/\/yoast.com\/product\/yoast-seo-wordpress\/ -->\n<title>RDC: La chenille l\u00e9gionnaire d\u2019automne du ma\u00efs, une menace pour la s\u00e9curit\u00e9 alimentaire - Actualit\u00e9s congolaises et internationales<\/title>\n<meta name=\"robots\" content=\"index, follow, max-snippet:-1, max-image-preview:large, max-video-preview:-1\" \/>\n<link rel=\"canonical\" href=\"https:\/\/congovirtuel.com\/information\/rdc-la-chenille-legionnaire-dautomne-du-mais-une-menace-pour-la-securite-alimentaire\/\" \/>\n<meta property=\"og:locale\" content=\"fr_FR\" \/>\n<meta property=\"og:type\" content=\"article\" \/>\n<meta property=\"og:title\" content=\"RDC: La chenille l\u00e9gionnaire d\u2019automne du ma\u00efs, une menace pour la s\u00e9curit\u00e9 alimentaire - Actualit\u00e9s congolaises et internationales\" \/>\n<meta property=\"og:description\" content=\"La chenille l\u00e9gionnaire d\u2019automne du ma\u00efs constitue une menace pour la s\u00e9curit\u00e9 alimentaire et les revenus des petits producteurs en Rdc. C\u2019est le secr\u00e9taire g\u00e9n\u00e9ral de l\u2019Agriculture, Evariste Bushabu qui l\u2019a affirm\u00e9 dans le cadre du projet de lutte contre ce ravageur qui est la chenille l\u00e9gionnaire d\u2019automne. Ce projet est financ\u00e9 par l\u2019Agence am\u00e9ricaine pour le d\u00e9veloppement international. Pour Evariste Bushabu, ce projet va r\u00e9unir les parties prenantes en vue de requ\u00e9rir des id\u00e9es cl\u00e9s devant conduire \u00e0 la lutte et \u00e0 la formation de petits agriculteurs. Mme V\u00e9ronique&hellip;\" \/>\n<meta property=\"og:url\" content=\"https:\/\/congovirtuel.com\/information\/rdc-la-chenille-legionnaire-dautomne-du-mais-une-menace-pour-la-securite-alimentaire\/\" \/>\n<meta property=\"og:site_name\" content=\"Actualit\u00e9s congolaises et internationales\" \/>\n<meta property=\"article:publisher\" content=\"https:\/\/web.facebook.com\/Congovirtuel-763617960319601\/?ref=aymt_homepage_panel&amp;amp%3bamp%3bamp%3bamp%3bamp%3bamp%3bamp%3bamp%3bamp%3bamp%3bamp%3beid=ARCoxULa66767kIgF_KYav6VdjXTI4yk_LW4yoVO9s6NXpysgb7Cb65vpxcxgqzOAKvIbLQxaAETcqHT\" \/>\n<meta property=\"article:published_time\" content=\"2021-04-16T07:11:12+00:00\" \/>\n<meta property=\"article:modified_time\" content=\"2021-04-16T07:11:43+00:00\" \/>\n<meta property=\"og:image\" content=\"https:\/\/congovirtuel.com\/information\/wp-content\/uploads\/2021\/04\/mais.jpg\" \/>\n\t<meta property=\"og:image:width\" content=\"800\" \/>\n\t<meta property=\"og:image:height\" content=\"480\" \/>\n\t<meta property=\"og:image:type\" content=\"image\/jpeg\" \/>\n<meta name=\"author\" content=\"infocongovirtuel\" \/>\n<meta name=\"twitter:card\" content=\"summary_large_image\" \/>\n<meta name=\"twitter:creator\" content=\"@congovirtuel\" \/>\n<meta name=\"twitter:site\" content=\"@congovirtuel\" \/>\n<meta name=\"twitter:label1\" content=\"\u00c9crit par\" \/>\n\t<meta name=\"twitter:data1\" content=\"infocongovirtuel\" \/>\n\t<meta name=\"twitter:label2\" content=\"Dur\u00e9e de lecture estim\u00e9e\" \/>\n\t<meta name=\"twitter:data2\" content=\"1 minute\" \/>\n<script type=\"application\/ld+json\" class=\"yoast-schema-graph\">{\"@context\":\"https:\\\/\\\/schema.org\",\"@graph\":[{\"@type\":\"Article\",\"@id\":\"https:\\\/\\\/congovirtuel.com\\\/information\\\/rdc-la-chenille-legionnaire-dautomne-du-mais-une-menace-pour-la-securite-alimentaire\\\/#article\",\"isPartOf\":{\"@id\":\"https:\\\/\\\/congovirtuel.com\\\/information\\\/rdc-la-chenille-legionnaire-dautomne-du-mais-une-menace-pour-la-securite-alimentaire\\\/\"},\"author\":{\"name\":\"infocongovirtuel\",\"@id\":\"https:\\\/\\\/congovirtuel.com\\\/information\\\/#\\\/schema\\\/person\\\/739a44bf7990966cb53d58d2fdeca0b6\"},\"headline\":\"RDC: La chenille l\u00e9gionnaire d\u2019automne du ma\u00efs, une menace pour la s\u00e9curit\u00e9 alimentaire\",\"datePublished\":\"2021-04-16T07:11:12+00:00\",\"dateModified\":\"2021-04-16T07:11:43+00:00\",\"mainEntityOfPage\":{\"@id\":\"https:\\\/\\\/congovirtuel.com\\\/information\\\/rdc-la-chenille-legionnaire-dautomne-du-mais-une-menace-pour-la-securite-alimentaire\\\/\"},\"wordCount\":171,\"commentCount\":0,\"publisher\":{\"@id\":\"https:\\\/\\\/congovirtuel.com\\\/information\\\/#organization\"},\"image\":{\"@id\":\"https:\\\/\\\/congovirtuel.com\\\/information\\\/rdc-la-chenille-legionnaire-dautomne-du-mais-une-menace-pour-la-securite-alimentaire\\\/#primaryimage\"},\"thumbnailUrl\":\"https:\\\/\\\/congovirtuel.com\\\/information\\\/wp-content\\\/uploads\\\/2021\\\/04\\\/mais.jpg\",\"keywords\":[\"Chenille l\u00e9gionnaire de ma\u00efs\"],\"articleSection\":[\"Agriculture\"],\"inLanguage\":\"fr-FR\",\"potentialAction\":[{\"@type\":\"CommentAction\",\"name\":\"Comment\",\"target\":[\"https:\\\/\\\/congovirtuel.com\\\/information\\\/rdc-la-chenille-legionnaire-dautomne-du-mais-une-menace-pour-la-securite-alimentaire\\\/#respond\"]}]},{\"@type\":\"WebPage\",\"@id\":\"https:\\\/\\\/congovirtuel.com\\\/information\\\/rdc-la-chenille-legionnaire-dautomne-du-mais-une-menace-pour-la-securite-alimentaire\\\/\",\"url\":\"https:\\\/\\\/congovirtuel.com\\\/information\\\/rdc-la-chenille-legionnaire-dautomne-du-mais-une-menace-pour-la-securite-alimentaire\\\/\",\"name\":\"RDC: La chenille l\u00e9gionnaire d\u2019automne du ma\u00efs, une menace pour la s\u00e9curit\u00e9 alimentaire - Actualit\u00e9s congolaises et internationales\",\"isPartOf\":{\"@id\":\"https:\\\/\\\/congovirtuel.com\\\/information\\\/#website\"},\"primaryImageOfPage\":{\"@id\":\"https:\\\/\\\/congovirtuel.com\\\/information\\\/rdc-la-chenille-legionnaire-dautomne-du-mais-une-menace-pour-la-securite-alimentaire\\\/#primaryimage\"},\"image\":{\"@id\":\"https:\\\/\\\/congovirtuel.com\\\/information\\\/rdc-la-chenille-legionnaire-dautomne-du-mais-une-menace-pour-la-securite-alimentaire\\\/#primaryimage\"},\"thumbnailUrl\":\"https:\\\/\\\/congovirtuel.com\\\/information\\\/wp-content\\\/uploads\\\/2021\\\/04\\\/mais.jpg\",\"datePublished\":\"2021-04-16T07:11:12+00:00\",\"dateModified\":\"2021-04-16T07:11:43+00:00\",\"breadcrumb\":{\"@id\":\"https:\\\/\\\/congovirtuel.com\\\/information\\\/rdc-la-chenille-legionnaire-dautomne-du-mais-une-menace-pour-la-securite-alimentaire\\\/#breadcrumb\"},\"inLanguage\":\"fr-FR\",\"potentialAction\":[{\"@type\":\"ReadAction\",\"target\":[\"https:\\\/\\\/congovirtuel.com\\\/information\\\/rdc-la-chenille-legionnaire-dautomne-du-mais-une-menace-pour-la-securite-alimentaire\\\/\"]}]},{\"@type\":\"ImageObject\",\"inLanguage\":\"fr-FR\",\"@id\":\"https:\\\/\\\/congovirtuel.com\\\/information\\\/rdc-la-chenille-legionnaire-dautomne-du-mais-une-menace-pour-la-securite-alimentaire\\\/#primaryimage\",\"url\":\"https:\\\/\\\/congovirtuel.com\\\/information\\\/wp-content\\\/uploads\\\/2021\\\/04\\\/mais.jpg\",\"contentUrl\":\"https:\\\/\\\/congovirtuel.com\\\/information\\\/wp-content\\\/uploads\\\/2021\\\/04\\\/mais.jpg\",\"width\":800,\"height\":480,\"caption\":\"ma\u00efs\"},{\"@type\":\"BreadcrumbList\",\"@id\":\"https:\\\/\\\/congovirtuel.com\\\/information\\\/rdc-la-chenille-legionnaire-dautomne-du-mais-une-menace-pour-la-securite-alimentaire\\\/#breadcrumb\",\"itemListElement\":[{\"@type\":\"ListItem\",\"position\":1,\"name\":\"Accueil\",\"item\":\"https:\\\/\\\/congovirtuel.com\\\/information\\\/\"},{\"@type\":\"ListItem\",\"position\":2,\"name\":\"RDC: La chenille l\u00e9gionnaire d\u2019automne du ma\u00efs, une menace pour la s\u00e9curit\u00e9 alimentaire\"}]},{\"@type\":\"WebSite\",\"@id\":\"https:\\\/\\\/congovirtuel.com\\\/information\\\/#website\",\"url\":\"https:\\\/\\\/congovirtuel.com\\\/information\\\/\",\"name\":\"Actualit\u00e9s congolaises et internationales\",\"description\":\"site d&#039;analyse et de traitement d&#039;information\",\"publisher\":{\"@id\":\"https:\\\/\\\/congovirtuel.com\\\/information\\\/#organization\"},\"potentialAction\":[{\"@type\":\"SearchAction\",\"target\":{\"@type\":\"EntryPoint\",\"urlTemplate\":\"https:\\\/\\\/congovirtuel.com\\\/information\\\/?s={search_term_string}\"},\"query-input\":{\"@type\":\"PropertyValueSpecification\",\"valueRequired\":true,\"valueName\":\"search_term_string\"}}],\"inLanguage\":\"fr-FR\"},{\"@type\":\"Organization\",\"@id\":\"https:\\\/\\\/congovirtuel.com\\\/information\\\/#organization\",\"name\":\"Biblioth\u00e8que Virtuelle de la RDC\",\"url\":\"https:\\\/\\\/congovirtuel.com\\\/information\\\/\",\"logo\":{\"@type\":\"ImageObject\",\"inLanguage\":\"fr-FR\",\"@id\":\"https:\\\/\\\/congovirtuel.com\\\/information\\\/#\\\/schema\\\/logo\\\/image\\\/\",\"url\":\"https:\\\/\\\/congovirtuel.com\\\/information\\\/wp-content\\\/uploads\\\/2018\\\/10\\\/header-info-congovirtuel-vraie.jpg\",\"contentUrl\":\"https:\\\/\\\/congovirtuel.com\\\/information\\\/wp-content\\\/uploads\\\/2018\\\/10\\\/header-info-congovirtuel-vraie.jpg\",\"width\":728,\"height\":90,\"caption\":\"Biblioth\u00e8que Virtuelle de la RDC\"},\"image\":{\"@id\":\"https:\\\/\\\/congovirtuel.com\\\/information\\\/#\\\/schema\\\/logo\\\/image\\\/\"},\"sameAs\":[\"https:\\\/\\\/web.facebook.com\\\/Congovirtuel-763617960319601\\\/?ref=aymt_homepage_panel&amp;amp;amp;amp;amp;amp;amp;amp;amp;amp;amp;eid=ARCoxULa66767kIgF_KYav6VdjXTI4yk_LW4yoVO9s6NXpysgb7Cb65vpxcxgqzOAKvIbLQxaAETcqHT\",\"https:\\\/\\\/x.com\\\/congovirtuel\",\"https:\\\/\\\/www.youtube.com\\\/channel\\\/UCkFfprYzGgS3EWNpeMXpToQ?view_as=subscriber\"]},{\"@type\":\"Person\",\"@id\":\"https:\\\/\\\/congovirtuel.com\\\/information\\\/#\\\/schema\\\/person\\\/739a44bf7990966cb53d58d2fdeca0b6\",\"name\":\"infocongovirtuel\",\"image\":{\"@type\":\"ImageObject\",\"inLanguage\":\"fr-FR\",\"@id\":\"https:\\\/\\\/secure.gravatar.com\\\/avatar\\\/4d76991aa72469f0eb22e772586c99113c6997f88da636a9db8f2ce3a2c05e69?s=96&d=mm&r=g\",\"url\":\"https:\\\/\\\/secure.gravatar.com\\\/avatar\\\/4d76991aa72469f0eb22e772586c99113c6997f88da636a9db8f2ce3a2c05e69?s=96&d=mm&r=g\",\"contentUrl\":\"https:\\\/\\\/secure.gravatar.com\\\/avatar\\\/4d76991aa72469f0eb22e772586c99113c6997f88da636a9db8f2ce3a2c05e69?s=96&d=mm&r=g\",\"caption\":\"infocongovirtuel\"},\"url\":\"https:\\\/\\\/congovirtuel.com\\\/information\\\/author\\\/infocongovirtuel\\\/\"}]}<\/script>\n<!-- \/ Yoast SEO plugin. -->","yoast_head_json":{"title":"RDC: La chenille l\u00e9gionnaire d\u2019automne du ma\u00efs, une menace pour la s\u00e9curit\u00e9 alimentaire - Actualit\u00e9s congolaises et internationales","robots":{"index":"index","follow":"follow","max-snippet":"max-snippet:-1","max-image-preview":"max-image-preview:large","max-video-preview":"max-video-preview:-1"},"canonical":"https:\/\/congovirtuel.com\/information\/rdc-la-chenille-legionnaire-dautomne-du-mais-une-menace-pour-la-securite-alimentaire\/","og_locale":"fr_FR","og_type":"article","og_title":"RDC: La chenille l\u00e9gionnaire d\u2019automne du ma\u00efs, une menace pour la s\u00e9curit\u00e9 alimentaire - Actualit\u00e9s congolaises et internationales","og_description":"La chenille l\u00e9gionnaire d\u2019automne du ma\u00efs constitue une menace pour la s\u00e9curit\u00e9 alimentaire et les revenus des petits producteurs en Rdc. C\u2019est le secr\u00e9taire g\u00e9n\u00e9ral de l\u2019Agriculture, Evariste Bushabu qui l\u2019a affirm\u00e9 dans le cadre du projet de lutte contre ce ravageur qui est la chenille l\u00e9gionnaire d\u2019automne. Ce projet est financ\u00e9 par l\u2019Agence am\u00e9ricaine pour le d\u00e9veloppement international. Pour Evariste Bushabu, ce projet va r\u00e9unir les parties prenantes en vue de requ\u00e9rir des id\u00e9es cl\u00e9s devant conduire \u00e0 la lutte et \u00e0 la formation de petits agriculteurs. Mme V\u00e9ronique&hellip;","og_url":"https:\/\/congovirtuel.com\/information\/rdc-la-chenille-legionnaire-dautomne-du-mais-une-menace-pour-la-securite-alimentaire\/","og_site_name":"Actualit\u00e9s congolaises et internationales","article_publisher":"https:\/\/web.facebook.com\/Congovirtuel-763617960319601\/?ref=aymt_homepage_panel&amp%3bamp%3bamp%3bamp%3bamp%3bamp%3bamp%3bamp%3bamp%3bamp%3bamp%3beid=ARCoxULa66767kIgF_KYav6VdjXTI4yk_LW4yoVO9s6NXpysgb7Cb65vpxcxgqzOAKvIbLQxaAETcqHT","article_published_time":"2021-04-16T07:11:12+00:00","article_modified_time":"2021-04-16T07:11:43+00:00","og_image":[{"width":800,"height":480,"url":"https:\/\/congovirtuel.com\/information\/wp-content\/uploads\/2021\/04\/mais.jpg","type":"image\/jpeg"}],"author":"infocongovirtuel","twitter_card":"summary_large_image","twitter_creator":"@congovirtuel","twitter_site":"@congovirtuel","twitter_misc":{"\u00c9crit par":"infocongovirtuel","Dur\u00e9e de lecture estim\u00e9e":"1 minute"},"schema":{"@context":"https:\/\/schema.org","@graph":[{"@type":"Article","@id":"https:\/\/congovirtuel.com\/information\/rdc-la-chenille-legionnaire-dautomne-du-mais-une-menace-pour-la-securite-alimentaire\/#article","isPartOf":{"@id":"https:\/\/congovirtuel.com\/information\/rdc-la-chenille-legionnaire-dautomne-du-mais-une-menace-pour-la-securite-alimentaire\/"},"author":{"name":"infocongovirtuel","@id":"https:\/\/congovirtuel.com\/information\/#\/schema\/person\/739a44bf7990966cb53d58d2fdeca0b6"},"headline":"RDC: La chenille l\u00e9gionnaire d\u2019automne du ma\u00efs, une menace pour la s\u00e9curit\u00e9 alimentaire","datePublished":"2021-04-16T07:11:12+00:00","dateModified":"2021-04-16T07:11:43+00:00","mainEntityOfPage":{"@id":"https:\/\/congovirtuel.com\/information\/rdc-la-chenille-legionnaire-dautomne-du-mais-une-menace-pour-la-securite-alimentaire\/"},"wordCount":171,"commentCount":0,"publisher":{"@id":"https:\/\/congovirtuel.com\/information\/#organization"},"image":{"@id":"https:\/\/congovirtuel.com\/information\/rdc-la-chenille-legionnaire-dautomne-du-mais-une-menace-pour-la-securite-alimentaire\/#primaryimage"},"thumbnailUrl":"https:\/\/congovirtuel.com\/information\/wp-content\/uploads\/2021\/04\/mais.jpg","keywords":["Chenille l\u00e9gionnaire de ma\u00efs"],"articleSection":["Agriculture"],"inLanguage":"fr-FR","potentialAction":[{"@type":"CommentAction","name":"Comment","target":["https:\/\/congovirtuel.com\/information\/rdc-la-chenille-legionnaire-dautomne-du-mais-une-menace-pour-la-securite-alimentaire\/#respond"]}]},{"@type":"WebPage","@id":"https:\/\/congovirtuel.com\/information\/rdc-la-chenille-legionnaire-dautomne-du-mais-une-menace-pour-la-securite-alimentaire\/","url":"https:\/\/congovirtuel.com\/information\/rdc-la-chenille-legionnaire-dautomne-du-mais-une-menace-pour-la-securite-alimentaire\/","name":"RDC: La chenille l\u00e9gionnaire d\u2019automne du ma\u00efs, une menace pour la s\u00e9curit\u00e9 alimentaire - Actualit\u00e9s congolaises et internationales","isPartOf":{"@id":"https:\/\/congovirtuel.com\/information\/#website"},"primaryImageOfPage":{"@id":"https:\/\/congovirtuel.com\/information\/rdc-la-chenille-legionnaire-dautomne-du-mais-une-menace-pour-la-securite-alimentaire\/#primaryimage"},"image":{"@id":"https:\/\/congovirtuel.com\/information\/rdc-la-chenille-legionnaire-dautomne-du-mais-une-menace-pour-la-securite-alimentaire\/#primaryimage"},"thumbnailUrl":"https:\/\/congovirtuel.com\/information\/wp-content\/uploads\/2021\/04\/mais.jpg","datePublished":"2021-04-16T07:11:12+00:00","dateModified":"2021-04-16T07:11:43+00:00","breadcrumb":{"@id":"https:\/\/congovirtuel.com\/information\/rdc-la-chenille-legionnaire-dautomne-du-mais-une-menace-pour-la-securite-alimentaire\/#breadcrumb"},"inLanguage":"fr-FR","potentialAction":[{"@type":"ReadAction","target":["https:\/\/congovirtuel.com\/information\/rdc-la-chenille-legionnaire-dautomne-du-mais-une-menace-pour-la-securite-alimentaire\/"]}]},{"@type":"ImageObject","inLanguage":"fr-FR","@id":"https:\/\/congovirtuel.com\/information\/rdc-la-chenille-legionnaire-dautomne-du-mais-une-menace-pour-la-securite-alimentaire\/#primaryimage","url":"https:\/\/congovirtuel.com\/information\/wp-content\/uploads\/2021\/04\/mais.jpg","contentUrl":"https:\/\/congovirtuel.com\/information\/wp-content\/uploads\/2021\/04\/mais.jpg","width":800,"height":480,"caption":"ma\u00efs"},{"@type":"BreadcrumbList","@id":"https:\/\/congovirtuel.com\/information\/rdc-la-chenille-legionnaire-dautomne-du-mais-une-menace-pour-la-securite-alimentaire\/#breadcrumb","itemListElement":[{"@type":"ListItem","position":1,"name":"Accueil","item":"https:\/\/congovirtuel.com\/information\/"},{"@type":"ListItem","position":2,"name":"RDC: La chenille l\u00e9gionnaire d\u2019automne du ma\u00efs, une menace pour la s\u00e9curit\u00e9 alimentaire"}]},{"@type":"WebSite","@id":"https:\/\/congovirtuel.com\/information\/#website","url":"https:\/\/congovirtuel.com\/information\/","name":"Actualit\u00e9s congolaises et internationales","description":"site d&#039;analyse et de traitement d&#039;information","publisher":{"@id":"https:\/\/congovirtuel.com\/information\/#organization"},"potentialAction":[{"@type":"SearchAction","target":{"@type":"EntryPoint","urlTemplate":"https:\/\/congovirtuel.com\/information\/?s={search_term_string}"},"query-input":{"@type":"PropertyValueSpecification","valueRequired":true,"valueName":"search_term_string"}}],"inLanguage":"fr-FR"},{"@type":"Organization","@id":"https:\/\/congovirtuel.com\/information\/#organization","name":"Biblioth\u00e8que Virtuelle de la RDC","url":"https:\/\/congovirtuel.com\/information\/","logo":{"@type":"ImageObject","inLanguage":"fr-FR","@id":"https:\/\/congovirtuel.com\/information\/#\/schema\/logo\/image\/","url":"https:\/\/congovirtuel.com\/information\/wp-content\/uploads\/2018\/10\/header-info-congovirtuel-vraie.jpg","contentUrl":"https:\/\/congovirtuel.com\/information\/wp-content\/uploads\/2018\/10\/header-info-congovirtuel-vraie.jpg","width":728,"height":90,"caption":"Biblioth\u00e8que Virtuelle de la RDC"},"image":{"@id":"https:\/\/congovirtuel.com\/information\/#\/schema\/logo\/image\/"},"sameAs":["https:\/\/web.facebook.com\/Congovirtuel-763617960319601\/?ref=aymt_homepage_panel&amp;amp;amp;amp;amp;amp;amp;amp;amp;amp;amp;eid=ARCoxULa66767kIgF_KYav6VdjXTI4yk_LW4yoVO9s6NXpysgb7Cb65vpxcxgqzOAKvIbLQxaAETcqHT","https:\/\/x.com\/congovirtuel","https:\/\/www.youtube.com\/channel\/UCkFfprYzGgS3EWNpeMXpToQ?view_as=subscriber"]},{"@type":"Person","@id":"https:\/\/congovirtuel.com\/information\/#\/schema\/person\/739a44bf7990966cb53d58d2fdeca0b6","name":"infocongovirtuel","image":{"@type":"ImageObject","inLanguage":"fr-FR","@id":"https:\/\/secure.gravatar.com\/avatar\/4d76991aa72469f0eb22e772586c99113c6997f88da636a9db8f2ce3a2c05e69?s=96&d=mm&r=g","url":"https:\/\/secure.gravatar.com\/avatar\/4d76991aa72469f0eb22e772586c99113c6997f88da636a9db8f2ce3a2c05e69?s=96&d=mm&r=g","contentUrl":"https:\/\/secure.gravatar.com\/avatar\/4d76991aa72469f0eb22e772586c99113c6997f88da636a9db8f2ce3a2c05e69?s=96&d=mm&r=g","caption":"infocongovirtuel"},"url":"https:\/\/congovirtuel.com\/information\/author\/infocongovirtuel\/"}]}},"gt_translate_keys":[{"key":"link","format":"url"}],"_links":{"self":[{"href":"https:\/\/congovirtuel.com\/information\/wp-json\/wp\/v2\/posts\/7932","targetHints":{"allow":["GET"]}}],"collection":[{"href":"https:\/\/congovirtuel.com\/information\/wp-json\/wp\/v2\/posts"}],"about":[{"href":"https:\/\/congovirtuel.com\/information\/wp-json\/wp\/v2\/types\/post"}],"author":[{"embeddable":true,"href":"https:\/\/congovirtuel.com\/information\/wp-json\/wp\/v2\/users\/1"}],"replies":[{"embeddable":true,"href":"https:\/\/congovirtuel.com\/information\/wp-json\/wp\/v2\/comments?post=7932"}],"version-history":[{"count":2,"href":"https:\/\/congovirtuel.com\/information\/wp-json\/wp\/v2\/posts\/7932\/revisions"}],"predecessor-version":[{"id":7937,"href":"https:\/\/congovirtuel.com\/information\/wp-json\/wp\/v2\/posts\/7932\/revisions\/7937"}],"wp:featuredmedia":[{"embeddable":true,"href":"https:\/\/congovirtuel.com\/information\/wp-json\/wp\/v2\/media\/7933"}],"wp:attachment":[{"href":"https:\/\/congovirtuel.com\/information\/wp-json\/wp\/v2\/media?parent=7932"}],"wp:term":[{"taxonomy":"category","embeddable":true,"href":"https:\/\/congovirtuel.com\/information\/wp-json\/wp\/v2\/categories?post=7932"},{"taxonomy":"post_tag","embeddable":true,"href":"https:\/\/congovirtuel.com\/information\/wp-json\/wp\/v2\/tags?post=7932"}],"curies":[{"name":"wp","href":"https:\/\/api.w.org\/{rel}","templated":true}]}}