{"id":7969,"date":"2021-04-16T18:22:08","date_gmt":"2021-04-16T17:22:08","guid":{"rendered":"https:\/\/congovirtuel.com\/information\/?p=7969"},"modified":"2021-04-16T18:22:13","modified_gmt":"2021-04-16T17:22:13","slug":"rdc-au-moins-13-morts-et-plus-de-21-000-personnes-deplacees-par-des-attaques-communautaires-au-grand-kasai-hcr","status":"publish","type":"post","link":"https:\/\/congovirtuel.com\/information\/rdc-au-moins-13-morts-et-plus-de-21-000-personnes-deplacees-par-des-attaques-communautaires-au-grand-kasai-hcr\/","title":{"rendered":"RDC : au moins 13 morts et plus de 21.000 personnes d\u00e9plac\u00e9es par des attaques communautaires au Grand Kasa\u00ef (HCR)","gt_translate_keys":[{"key":"rendered","format":"text"}]},"content":{"rendered":"\n<p class=\"wp-block-paragraph\">L\u2019Agence des Nations unies pour les r\u00e9fugi\u00e9s (HCR) s\u2019est alarm\u00e9e, ce vendredi 16 avril, par la recrudescence de la violence dans la r\u00e9gion du Grand Kasa\u00ef, en R\u00e9publique d\u00e9mocratique du Congo, qui a d\u00e9j\u00e0 d\u00e9plac\u00e9 des milliers de civils.<\/p>\n\n\n\n<p class=\"wp-block-paragraph\">&nbsp;Selon les autorit\u00e9s locales congolaises, pr\u00e8s de 21.000 Congolais &#8211; principalement des femmes et des enfants &#8211; ont \u00e9t\u00e9 d\u00e9plac\u00e9s depuis le 28 mars dernier par des affrontements entre les groupes ethniques Luba et Kuba dans la localit\u00e9 de Bakwakenge au Kasa\u00ef.<\/p>\n\n\n\n<p class=\"wp-block-paragraph\"><em>\u00ab On signale \u00e9galement la mort d\u2019au moins 13 personnes, de nombreux bless\u00e9s et 190 maisons incendi\u00e9es \u00bb,<\/em>&nbsp;a d\u00e9clar\u00e9 Babar Baloch, porte-parole du Haut-Commissariat de l\u2019ONU pour les r\u00e9fugi\u00e9s.<\/p>\n\n\n\n<p class=\"wp-block-paragraph\">Selon l\u2019Agence onusienne bas\u00e9e \u00e0 Gen\u00e8ve, les tensions entre deux communaut\u00e9s seraient en hausse depuis ao\u00fbt 2020 en raison de litiges fonciers. Les attaques et contre-attaques de l\u2019ann\u00e9e derni\u00e8re ont d\u00e9plac\u00e9 plus de 13.000 familles, soit environ 40.000 personnes. La majorit\u00e9 des d\u00e9plac\u00e9s n\u2019a pas pu rentrer chez elle \u00ab par crainte de repr\u00e9sailles \u00bb.<\/p>\n\n\n\n<p class=\"wp-block-paragraph\"><strong>Plus de 5 millions de d\u00e9plac\u00e9s internes dans toute la RDC<\/strong><\/p>\n\n\n\n<p class=\"wp-block-paragraph\">La r\u00e9gion du Kasa\u00ef se remet des violences de 2017 qui ont d\u00e9plac\u00e9 1,4 million de personnes au sein de la RDC et forc\u00e9 35.000 r\u00e9fugi\u00e9s \u00e0 se mettre en s\u00e9curit\u00e9 en Angola. Face \u00e0 ce nouveau regain de tension communautaire, le HCR appelle \u00e0 mettre \u00e0 nouveau l\u2019accent sur le r\u00e9tablissement de la paix et le d\u00e9samor\u00e7age des tensions au Kasa\u00ef pour \u00e9viter une autre vague de d\u00e9placements massifs dans le pays.<\/p>\n\n\n\n<p class=\"wp-block-paragraph\">A la suite de cette derni\u00e8re vague de violences, les agences humanitaires se rendent dans les zones touch\u00e9es pour \u00e9valuer la situation. La plupart des personnes d\u00e9plac\u00e9es ont tout laiss\u00e9 derri\u00e8re elles, n\u2019ayant pas le temps de prendre des affaires.<\/p>\n\n\n\n<p class=\"wp-block-paragraph\">Selon le HCR, les d\u00e9plac\u00e9s ont besoin d\u2019abris, de nourriture et d\u2019un acc\u00e8s aux services m\u00e9dicaux.<\/p>\n\n\n\n<p class=\"wp-block-paragraph\"><em>\u00ab La majorit\u00e9 d\u2019entre elles sont accueillies par des communaut\u00e9s locales qui luttent d\u00e9j\u00e0 pour faire face \u00e0 des ressources limit\u00e9es. D\u2019autres dorment \u00e0 la belle \u00e9toile \u00bb,<\/em>&nbsp;a ajout\u00e9 M. Baloch.<\/p>\n\n\n\n<p class=\"wp-block-paragraph\">Sur le terrain, l\u2019Agence onusienne achemine des fournitures d\u2019urgence, notamment des b\u00e2ches en plastique pour les abris, des moustiquaires, des couvertures, des jerrycans et des ustensiles de cuisine depuis la capitale, Kinshasa. Mais selon l\u2019Agence onusienne, les besoins sont sup\u00e9rieurs aux fournitures pour aider 5.000 familles.<\/p>\n\n\n\n<p class=\"wp-block-paragraph\">A noter qu\u2019au total, plus de cinq millions de personnes sont toujours d\u00e9plac\u00e9es en RDC.<\/p>\n\n\n\n<p class=\"wp-block-paragraph\"><strong>Avec Onu Info<\/strong><\/p>\n","protected":false,"gt_translate_keys":[{"key":"rendered","format":"html"}]},"excerpt":{"rendered":"<p>L\u2019Agence des Nations unies pour les r\u00e9fugi\u00e9s (HCR) s\u2019est alarm\u00e9e, ce vendredi 16 avril, par la recrudescence de la violence dans la r\u00e9gion du Grand Kasa\u00ef, en R\u00e9publique d\u00e9mocratique du Congo, qui a d\u00e9j\u00e0 d\u00e9plac\u00e9 des milliers de civils. &nbsp;Selon les autorit\u00e9s locales congolaises, pr\u00e8s de 21.000 Congolais &#8211; principalement des femmes et des enfants &#8211; ont \u00e9t\u00e9 d\u00e9plac\u00e9s depuis le 28 mars dernier par des affrontements entre les groupes ethniques Luba et Kuba dans la localit\u00e9 de Bakwakenge au Kasa\u00ef. \u00ab On signale \u00e9galement la mort d\u2019au moins 13&hellip;<\/p>\n","protected":false,"gt_translate_keys":[{"key":"rendered","format":"html"}]},"author":1,"featured_media":7970,"comment_status":"open","ping_status":"open","sticky":false,"template":"","format":"standard","meta":{"_crdt_document":"","footnotes":""},"categories":[3101],"tags":[6777],"class_list":["post-7969","post","type-post","status-publish","format-standard","has-post-thumbnail","hentry","category-conflit-ethnique","tag-conflit-ethnique-au-kasai"],"gutentor_comment":0,"yoast_head":"<!-- This site is optimized with the Yoast SEO plugin v27.5 - https:\/\/yoast.com\/product\/yoast-seo-wordpress\/ -->\n<title>RDC : au moins 13 morts et plus de 21.000 personnes d\u00e9plac\u00e9es par des attaques communautaires au Grand Kasa\u00ef (HCR) - Actualit\u00e9s congolaises et internationales<\/title>\n<meta name=\"robots\" content=\"index, follow, max-snippet:-1, max-image-preview:large, max-video-preview:-1\" \/>\n<link rel=\"canonical\" href=\"https:\/\/congovirtuel.com\/information\/rdc-au-moins-13-morts-et-plus-de-21-000-personnes-deplacees-par-des-attaques-communautaires-au-grand-kasai-hcr\/\" \/>\n<meta property=\"og:locale\" content=\"fr_FR\" \/>\n<meta property=\"og:type\" content=\"article\" \/>\n<meta property=\"og:title\" content=\"RDC : au moins 13 morts et plus de 21.000 personnes d\u00e9plac\u00e9es par des attaques communautaires au Grand Kasa\u00ef (HCR) - Actualit\u00e9s congolaises et internationales\" \/>\n<meta property=\"og:description\" content=\"L\u2019Agence des Nations unies pour les r\u00e9fugi\u00e9s (HCR) s\u2019est alarm\u00e9e, ce vendredi 16 avril, par la recrudescence de la violence dans la r\u00e9gion du Grand Kasa\u00ef, en R\u00e9publique d\u00e9mocratique du Congo, qui a d\u00e9j\u00e0 d\u00e9plac\u00e9 des milliers de civils. &nbsp;Selon les autorit\u00e9s locales congolaises, pr\u00e8s de 21.000 Congolais &#8211; principalement des femmes et des enfants &#8211; ont \u00e9t\u00e9 d\u00e9plac\u00e9s depuis le 28 mars dernier par des affrontements entre les groupes ethniques Luba et Kuba dans la localit\u00e9 de Bakwakenge au Kasa\u00ef. \u00ab On signale \u00e9galement la mort d\u2019au moins 13&hellip;\" \/>\n<meta property=\"og:url\" content=\"https:\/\/congovirtuel.com\/information\/rdc-au-moins-13-morts-et-plus-de-21-000-personnes-deplacees-par-des-attaques-communautaires-au-grand-kasai-hcr\/\" \/>\n<meta property=\"og:site_name\" content=\"Actualit\u00e9s congolaises et internationales\" \/>\n<meta property=\"article:publisher\" content=\"https:\/\/web.facebook.com\/Congovirtuel-763617960319601\/?ref=aymt_homepage_panel&amp;amp%3bamp%3bamp%3bamp%3bamp%3bamp%3bamp%3bamp%3bamp%3bamp%3bamp%3beid=ARCoxULa66767kIgF_KYav6VdjXTI4yk_LW4yoVO9s6NXpysgb7Cb65vpxcxgqzOAKvIbLQxaAETcqHT\" \/>\n<meta property=\"article:published_time\" content=\"2021-04-16T17:22:08+00:00\" \/>\n<meta property=\"article:modified_time\" content=\"2021-04-16T17:22:13+00:00\" \/>\n<meta property=\"og:image\" content=\"https:\/\/congovirtuel.com\/information\/wp-content\/uploads\/2021\/04\/kasai_family.jpg\" \/>\n\t<meta property=\"og:image:width\" content=\"500\" \/>\n\t<meta property=\"og:image:height\" content=\"333\" \/>\n\t<meta property=\"og:image:type\" content=\"image\/jpeg\" \/>\n<meta name=\"author\" content=\"infocongovirtuel\" \/>\n<meta name=\"twitter:card\" content=\"summary_large_image\" \/>\n<meta name=\"twitter:creator\" content=\"@congovirtuel\" \/>\n<meta name=\"twitter:site\" content=\"@congovirtuel\" \/>\n<meta name=\"twitter:label1\" content=\"\u00c9crit par\" \/>\n\t<meta name=\"twitter:data1\" content=\"infocongovirtuel\" \/>\n\t<meta name=\"twitter:label2\" content=\"Dur\u00e9e de lecture estim\u00e9e\" \/>\n\t<meta name=\"twitter:data2\" content=\"2 minutes\" \/>\n<script type=\"application\/ld+json\" class=\"yoast-schema-graph\">{\"@context\":\"https:\\\/\\\/schema.org\",\"@graph\":[{\"@type\":\"Article\",\"@id\":\"https:\\\/\\\/congovirtuel.com\\\/information\\\/rdc-au-moins-13-morts-et-plus-de-21-000-personnes-deplacees-par-des-attaques-communautaires-au-grand-kasai-hcr\\\/#article\",\"isPartOf\":{\"@id\":\"https:\\\/\\\/congovirtuel.com\\\/information\\\/rdc-au-moins-13-morts-et-plus-de-21-000-personnes-deplacees-par-des-attaques-communautaires-au-grand-kasai-hcr\\\/\"},\"author\":{\"name\":\"infocongovirtuel\",\"@id\":\"https:\\\/\\\/congovirtuel.com\\\/information\\\/#\\\/schema\\\/person\\\/739a44bf7990966cb53d58d2fdeca0b6\"},\"headline\":\"RDC : au moins 13 morts et plus de 21.000 personnes d\u00e9plac\u00e9es par des attaques communautaires au Grand Kasa\u00ef (HCR)\",\"datePublished\":\"2021-04-16T17:22:08+00:00\",\"dateModified\":\"2021-04-16T17:22:13+00:00\",\"mainEntityOfPage\":{\"@id\":\"https:\\\/\\\/congovirtuel.com\\\/information\\\/rdc-au-moins-13-morts-et-plus-de-21-000-personnes-deplacees-par-des-attaques-communautaires-au-grand-kasai-hcr\\\/\"},\"wordCount\":469,\"commentCount\":0,\"publisher\":{\"@id\":\"https:\\\/\\\/congovirtuel.com\\\/information\\\/#organization\"},\"image\":{\"@id\":\"https:\\\/\\\/congovirtuel.com\\\/information\\\/rdc-au-moins-13-morts-et-plus-de-21-000-personnes-deplacees-par-des-attaques-communautaires-au-grand-kasai-hcr\\\/#primaryimage\"},\"thumbnailUrl\":\"https:\\\/\\\/congovirtuel.com\\\/information\\\/wp-content\\\/uploads\\\/2021\\\/04\\\/kasai_family.jpg\",\"keywords\":[\"conflit ethnique au Kasa\u00ef\"],\"articleSection\":[\"conflit ethnique\"],\"inLanguage\":\"fr-FR\",\"potentialAction\":[{\"@type\":\"CommentAction\",\"name\":\"Comment\",\"target\":[\"https:\\\/\\\/congovirtuel.com\\\/information\\\/rdc-au-moins-13-morts-et-plus-de-21-000-personnes-deplacees-par-des-attaques-communautaires-au-grand-kasai-hcr\\\/#respond\"]}]},{\"@type\":\"WebPage\",\"@id\":\"https:\\\/\\\/congovirtuel.com\\\/information\\\/rdc-au-moins-13-morts-et-plus-de-21-000-personnes-deplacees-par-des-attaques-communautaires-au-grand-kasai-hcr\\\/\",\"url\":\"https:\\\/\\\/congovirtuel.com\\\/information\\\/rdc-au-moins-13-morts-et-plus-de-21-000-personnes-deplacees-par-des-attaques-communautaires-au-grand-kasai-hcr\\\/\",\"name\":\"RDC : au moins 13 morts et plus de 21.000 personnes d\u00e9plac\u00e9es par des attaques communautaires au Grand Kasa\u00ef (HCR) - Actualit\u00e9s congolaises et internationales\",\"isPartOf\":{\"@id\":\"https:\\\/\\\/congovirtuel.com\\\/information\\\/#website\"},\"primaryImageOfPage\":{\"@id\":\"https:\\\/\\\/congovirtuel.com\\\/information\\\/rdc-au-moins-13-morts-et-plus-de-21-000-personnes-deplacees-par-des-attaques-communautaires-au-grand-kasai-hcr\\\/#primaryimage\"},\"image\":{\"@id\":\"https:\\\/\\\/congovirtuel.com\\\/information\\\/rdc-au-moins-13-morts-et-plus-de-21-000-personnes-deplacees-par-des-attaques-communautaires-au-grand-kasai-hcr\\\/#primaryimage\"},\"thumbnailUrl\":\"https:\\\/\\\/congovirtuel.com\\\/information\\\/wp-content\\\/uploads\\\/2021\\\/04\\\/kasai_family.jpg\",\"datePublished\":\"2021-04-16T17:22:08+00:00\",\"dateModified\":\"2021-04-16T17:22:13+00:00\",\"breadcrumb\":{\"@id\":\"https:\\\/\\\/congovirtuel.com\\\/information\\\/rdc-au-moins-13-morts-et-plus-de-21-000-personnes-deplacees-par-des-attaques-communautaires-au-grand-kasai-hcr\\\/#breadcrumb\"},\"inLanguage\":\"fr-FR\",\"potentialAction\":[{\"@type\":\"ReadAction\",\"target\":[\"https:\\\/\\\/congovirtuel.com\\\/information\\\/rdc-au-moins-13-morts-et-plus-de-21-000-personnes-deplacees-par-des-attaques-communautaires-au-grand-kasai-hcr\\\/\"]}]},{\"@type\":\"ImageObject\",\"inLanguage\":\"fr-FR\",\"@id\":\"https:\\\/\\\/congovirtuel.com\\\/information\\\/rdc-au-moins-13-morts-et-plus-de-21-000-personnes-deplacees-par-des-attaques-communautaires-au-grand-kasai-hcr\\\/#primaryimage\",\"url\":\"https:\\\/\\\/congovirtuel.com\\\/information\\\/wp-content\\\/uploads\\\/2021\\\/04\\\/kasai_family.jpg\",\"contentUrl\":\"https:\\\/\\\/congovirtuel.com\\\/information\\\/wp-content\\\/uploads\\\/2021\\\/04\\\/kasai_family.jpg\",\"width\":500,\"height\":333},{\"@type\":\"BreadcrumbList\",\"@id\":\"https:\\\/\\\/congovirtuel.com\\\/information\\\/rdc-au-moins-13-morts-et-plus-de-21-000-personnes-deplacees-par-des-attaques-communautaires-au-grand-kasai-hcr\\\/#breadcrumb\",\"itemListElement\":[{\"@type\":\"ListItem\",\"position\":1,\"name\":\"Accueil\",\"item\":\"https:\\\/\\\/congovirtuel.com\\\/information\\\/\"},{\"@type\":\"ListItem\",\"position\":2,\"name\":\"RDC : au moins 13 morts et plus de 21.000 personnes d\u00e9plac\u00e9es par des attaques communautaires au Grand Kasa\u00ef (HCR)\"}]},{\"@type\":\"WebSite\",\"@id\":\"https:\\\/\\\/congovirtuel.com\\\/information\\\/#website\",\"url\":\"https:\\\/\\\/congovirtuel.com\\\/information\\\/\",\"name\":\"Actualit\u00e9s congolaises et internationales\",\"description\":\"site d&#039;analyse et de traitement d&#039;information\",\"publisher\":{\"@id\":\"https:\\\/\\\/congovirtuel.com\\\/information\\\/#organization\"},\"potentialAction\":[{\"@type\":\"SearchAction\",\"target\":{\"@type\":\"EntryPoint\",\"urlTemplate\":\"https:\\\/\\\/congovirtuel.com\\\/information\\\/?s={search_term_string}\"},\"query-input\":{\"@type\":\"PropertyValueSpecification\",\"valueRequired\":true,\"valueName\":\"search_term_string\"}}],\"inLanguage\":\"fr-FR\"},{\"@type\":\"Organization\",\"@id\":\"https:\\\/\\\/congovirtuel.com\\\/information\\\/#organization\",\"name\":\"Biblioth\u00e8que Virtuelle de la RDC\",\"url\":\"https:\\\/\\\/congovirtuel.com\\\/information\\\/\",\"logo\":{\"@type\":\"ImageObject\",\"inLanguage\":\"fr-FR\",\"@id\":\"https:\\\/\\\/congovirtuel.com\\\/information\\\/#\\\/schema\\\/logo\\\/image\\\/\",\"url\":\"https:\\\/\\\/congovirtuel.com\\\/information\\\/wp-content\\\/uploads\\\/2018\\\/10\\\/header-info-congovirtuel-vraie.jpg\",\"contentUrl\":\"https:\\\/\\\/congovirtuel.com\\\/information\\\/wp-content\\\/uploads\\\/2018\\\/10\\\/header-info-congovirtuel-vraie.jpg\",\"width\":728,\"height\":90,\"caption\":\"Biblioth\u00e8que Virtuelle de la RDC\"},\"image\":{\"@id\":\"https:\\\/\\\/congovirtuel.com\\\/information\\\/#\\\/schema\\\/logo\\\/image\\\/\"},\"sameAs\":[\"https:\\\/\\\/web.facebook.com\\\/Congovirtuel-763617960319601\\\/?ref=aymt_homepage_panel&amp;amp;amp;amp;amp;amp;amp;amp;amp;amp;amp;eid=ARCoxULa66767kIgF_KYav6VdjXTI4yk_LW4yoVO9s6NXpysgb7Cb65vpxcxgqzOAKvIbLQxaAETcqHT\",\"https:\\\/\\\/x.com\\\/congovirtuel\",\"https:\\\/\\\/www.youtube.com\\\/channel\\\/UCkFfprYzGgS3EWNpeMXpToQ?view_as=subscriber\"]},{\"@type\":\"Person\",\"@id\":\"https:\\\/\\\/congovirtuel.com\\\/information\\\/#\\\/schema\\\/person\\\/739a44bf7990966cb53d58d2fdeca0b6\",\"name\":\"infocongovirtuel\",\"image\":{\"@type\":\"ImageObject\",\"inLanguage\":\"fr-FR\",\"@id\":\"https:\\\/\\\/secure.gravatar.com\\\/avatar\\\/4d76991aa72469f0eb22e772586c99113c6997f88da636a9db8f2ce3a2c05e69?s=96&d=mm&r=g\",\"url\":\"https:\\\/\\\/secure.gravatar.com\\\/avatar\\\/4d76991aa72469f0eb22e772586c99113c6997f88da636a9db8f2ce3a2c05e69?s=96&d=mm&r=g\",\"contentUrl\":\"https:\\\/\\\/secure.gravatar.com\\\/avatar\\\/4d76991aa72469f0eb22e772586c99113c6997f88da636a9db8f2ce3a2c05e69?s=96&d=mm&r=g\",\"caption\":\"infocongovirtuel\"},\"url\":\"https:\\\/\\\/congovirtuel.com\\\/information\\\/author\\\/infocongovirtuel\\\/\"}]}<\/script>\n<!-- \/ Yoast SEO plugin. -->","yoast_head_json":{"title":"RDC : au moins 13 morts et plus de 21.000 personnes d\u00e9plac\u00e9es par des attaques communautaires au Grand Kasa\u00ef (HCR) - Actualit\u00e9s congolaises et internationales","robots":{"index":"index","follow":"follow","max-snippet":"max-snippet:-1","max-image-preview":"max-image-preview:large","max-video-preview":"max-video-preview:-1"},"canonical":"https:\/\/congovirtuel.com\/information\/rdc-au-moins-13-morts-et-plus-de-21-000-personnes-deplacees-par-des-attaques-communautaires-au-grand-kasai-hcr\/","og_locale":"fr_FR","og_type":"article","og_title":"RDC : au moins 13 morts et plus de 21.000 personnes d\u00e9plac\u00e9es par des attaques communautaires au Grand Kasa\u00ef (HCR) - Actualit\u00e9s congolaises et internationales","og_description":"L\u2019Agence des Nations unies pour les r\u00e9fugi\u00e9s (HCR) s\u2019est alarm\u00e9e, ce vendredi 16 avril, par la recrudescence de la violence dans la r\u00e9gion du Grand Kasa\u00ef, en R\u00e9publique d\u00e9mocratique du Congo, qui a d\u00e9j\u00e0 d\u00e9plac\u00e9 des milliers de civils. &nbsp;Selon les autorit\u00e9s locales congolaises, pr\u00e8s de 21.000 Congolais &#8211; principalement des femmes et des enfants &#8211; ont \u00e9t\u00e9 d\u00e9plac\u00e9s depuis le 28 mars dernier par des affrontements entre les groupes ethniques Luba et Kuba dans la localit\u00e9 de Bakwakenge au Kasa\u00ef. \u00ab On signale \u00e9galement la mort d\u2019au moins 13&hellip;","og_url":"https:\/\/congovirtuel.com\/information\/rdc-au-moins-13-morts-et-plus-de-21-000-personnes-deplacees-par-des-attaques-communautaires-au-grand-kasai-hcr\/","og_site_name":"Actualit\u00e9s congolaises et internationales","article_publisher":"https:\/\/web.facebook.com\/Congovirtuel-763617960319601\/?ref=aymt_homepage_panel&amp%3bamp%3bamp%3bamp%3bamp%3bamp%3bamp%3bamp%3bamp%3bamp%3bamp%3beid=ARCoxULa66767kIgF_KYav6VdjXTI4yk_LW4yoVO9s6NXpysgb7Cb65vpxcxgqzOAKvIbLQxaAETcqHT","article_published_time":"2021-04-16T17:22:08+00:00","article_modified_time":"2021-04-16T17:22:13+00:00","og_image":[{"width":500,"height":333,"url":"https:\/\/congovirtuel.com\/information\/wp-content\/uploads\/2021\/04\/kasai_family.jpg","type":"image\/jpeg"}],"author":"infocongovirtuel","twitter_card":"summary_large_image","twitter_creator":"@congovirtuel","twitter_site":"@congovirtuel","twitter_misc":{"\u00c9crit par":"infocongovirtuel","Dur\u00e9e de lecture estim\u00e9e":"2 minutes"},"schema":{"@context":"https:\/\/schema.org","@graph":[{"@type":"Article","@id":"https:\/\/congovirtuel.com\/information\/rdc-au-moins-13-morts-et-plus-de-21-000-personnes-deplacees-par-des-attaques-communautaires-au-grand-kasai-hcr\/#article","isPartOf":{"@id":"https:\/\/congovirtuel.com\/information\/rdc-au-moins-13-morts-et-plus-de-21-000-personnes-deplacees-par-des-attaques-communautaires-au-grand-kasai-hcr\/"},"author":{"name":"infocongovirtuel","@id":"https:\/\/congovirtuel.com\/information\/#\/schema\/person\/739a44bf7990966cb53d58d2fdeca0b6"},"headline":"RDC : au moins 13 morts et plus de 21.000 personnes d\u00e9plac\u00e9es par des attaques communautaires au Grand Kasa\u00ef (HCR)","datePublished":"2021-04-16T17:22:08+00:00","dateModified":"2021-04-16T17:22:13+00:00","mainEntityOfPage":{"@id":"https:\/\/congovirtuel.com\/information\/rdc-au-moins-13-morts-et-plus-de-21-000-personnes-deplacees-par-des-attaques-communautaires-au-grand-kasai-hcr\/"},"wordCount":469,"commentCount":0,"publisher":{"@id":"https:\/\/congovirtuel.com\/information\/#organization"},"image":{"@id":"https:\/\/congovirtuel.com\/information\/rdc-au-moins-13-morts-et-plus-de-21-000-personnes-deplacees-par-des-attaques-communautaires-au-grand-kasai-hcr\/#primaryimage"},"thumbnailUrl":"https:\/\/congovirtuel.com\/information\/wp-content\/uploads\/2021\/04\/kasai_family.jpg","keywords":["conflit ethnique au Kasa\u00ef"],"articleSection":["conflit ethnique"],"inLanguage":"fr-FR","potentialAction":[{"@type":"CommentAction","name":"Comment","target":["https:\/\/congovirtuel.com\/information\/rdc-au-moins-13-morts-et-plus-de-21-000-personnes-deplacees-par-des-attaques-communautaires-au-grand-kasai-hcr\/#respond"]}]},{"@type":"WebPage","@id":"https:\/\/congovirtuel.com\/information\/rdc-au-moins-13-morts-et-plus-de-21-000-personnes-deplacees-par-des-attaques-communautaires-au-grand-kasai-hcr\/","url":"https:\/\/congovirtuel.com\/information\/rdc-au-moins-13-morts-et-plus-de-21-000-personnes-deplacees-par-des-attaques-communautaires-au-grand-kasai-hcr\/","name":"RDC : au moins 13 morts et plus de 21.000 personnes d\u00e9plac\u00e9es par des attaques communautaires au Grand Kasa\u00ef (HCR) - Actualit\u00e9s congolaises et internationales","isPartOf":{"@id":"https:\/\/congovirtuel.com\/information\/#website"},"primaryImageOfPage":{"@id":"https:\/\/congovirtuel.com\/information\/rdc-au-moins-13-morts-et-plus-de-21-000-personnes-deplacees-par-des-attaques-communautaires-au-grand-kasai-hcr\/#primaryimage"},"image":{"@id":"https:\/\/congovirtuel.com\/information\/rdc-au-moins-13-morts-et-plus-de-21-000-personnes-deplacees-par-des-attaques-communautaires-au-grand-kasai-hcr\/#primaryimage"},"thumbnailUrl":"https:\/\/congovirtuel.com\/information\/wp-content\/uploads\/2021\/04\/kasai_family.jpg","datePublished":"2021-04-16T17:22:08+00:00","dateModified":"2021-04-16T17:22:13+00:00","breadcrumb":{"@id":"https:\/\/congovirtuel.com\/information\/rdc-au-moins-13-morts-et-plus-de-21-000-personnes-deplacees-par-des-attaques-communautaires-au-grand-kasai-hcr\/#breadcrumb"},"inLanguage":"fr-FR","potentialAction":[{"@type":"ReadAction","target":["https:\/\/congovirtuel.com\/information\/rdc-au-moins-13-morts-et-plus-de-21-000-personnes-deplacees-par-des-attaques-communautaires-au-grand-kasai-hcr\/"]}]},{"@type":"ImageObject","inLanguage":"fr-FR","@id":"https:\/\/congovirtuel.com\/information\/rdc-au-moins-13-morts-et-plus-de-21-000-personnes-deplacees-par-des-attaques-communautaires-au-grand-kasai-hcr\/#primaryimage","url":"https:\/\/congovirtuel.com\/information\/wp-content\/uploads\/2021\/04\/kasai_family.jpg","contentUrl":"https:\/\/congovirtuel.com\/information\/wp-content\/uploads\/2021\/04\/kasai_family.jpg","width":500,"height":333},{"@type":"BreadcrumbList","@id":"https:\/\/congovirtuel.com\/information\/rdc-au-moins-13-morts-et-plus-de-21-000-personnes-deplacees-par-des-attaques-communautaires-au-grand-kasai-hcr\/#breadcrumb","itemListElement":[{"@type":"ListItem","position":1,"name":"Accueil","item":"https:\/\/congovirtuel.com\/information\/"},{"@type":"ListItem","position":2,"name":"RDC : au moins 13 morts et plus de 21.000 personnes d\u00e9plac\u00e9es par des attaques communautaires au Grand Kasa\u00ef (HCR)"}]},{"@type":"WebSite","@id":"https:\/\/congovirtuel.com\/information\/#website","url":"https:\/\/congovirtuel.com\/information\/","name":"Actualit\u00e9s congolaises et internationales","description":"site d&#039;analyse et de traitement d&#039;information","publisher":{"@id":"https:\/\/congovirtuel.com\/information\/#organization"},"potentialAction":[{"@type":"SearchAction","target":{"@type":"EntryPoint","urlTemplate":"https:\/\/congovirtuel.com\/information\/?s={search_term_string}"},"query-input":{"@type":"PropertyValueSpecification","valueRequired":true,"valueName":"search_term_string"}}],"inLanguage":"fr-FR"},{"@type":"Organization","@id":"https:\/\/congovirtuel.com\/information\/#organization","name":"Biblioth\u00e8que Virtuelle de la RDC","url":"https:\/\/congovirtuel.com\/information\/","logo":{"@type":"ImageObject","inLanguage":"fr-FR","@id":"https:\/\/congovirtuel.com\/information\/#\/schema\/logo\/image\/","url":"https:\/\/congovirtuel.com\/information\/wp-content\/uploads\/2018\/10\/header-info-congovirtuel-vraie.jpg","contentUrl":"https:\/\/congovirtuel.com\/information\/wp-content\/uploads\/2018\/10\/header-info-congovirtuel-vraie.jpg","width":728,"height":90,"caption":"Biblioth\u00e8que Virtuelle de la RDC"},"image":{"@id":"https:\/\/congovirtuel.com\/information\/#\/schema\/logo\/image\/"},"sameAs":["https:\/\/web.facebook.com\/Congovirtuel-763617960319601\/?ref=aymt_homepage_panel&amp;amp;amp;amp;amp;amp;amp;amp;amp;amp;amp;eid=ARCoxULa66767kIgF_KYav6VdjXTI4yk_LW4yoVO9s6NXpysgb7Cb65vpxcxgqzOAKvIbLQxaAETcqHT","https:\/\/x.com\/congovirtuel","https:\/\/www.youtube.com\/channel\/UCkFfprYzGgS3EWNpeMXpToQ?view_as=subscriber"]},{"@type":"Person","@id":"https:\/\/congovirtuel.com\/information\/#\/schema\/person\/739a44bf7990966cb53d58d2fdeca0b6","name":"infocongovirtuel","image":{"@type":"ImageObject","inLanguage":"fr-FR","@id":"https:\/\/secure.gravatar.com\/avatar\/4d76991aa72469f0eb22e772586c99113c6997f88da636a9db8f2ce3a2c05e69?s=96&d=mm&r=g","url":"https:\/\/secure.gravatar.com\/avatar\/4d76991aa72469f0eb22e772586c99113c6997f88da636a9db8f2ce3a2c05e69?s=96&d=mm&r=g","contentUrl":"https:\/\/secure.gravatar.com\/avatar\/4d76991aa72469f0eb22e772586c99113c6997f88da636a9db8f2ce3a2c05e69?s=96&d=mm&r=g","caption":"infocongovirtuel"},"url":"https:\/\/congovirtuel.com\/information\/author\/infocongovirtuel\/"}]}},"gt_translate_keys":[{"key":"link","format":"url"}],"_links":{"self":[{"href":"https:\/\/congovirtuel.com\/information\/wp-json\/wp\/v2\/posts\/7969","targetHints":{"allow":["GET"]}}],"collection":[{"href":"https:\/\/congovirtuel.com\/information\/wp-json\/wp\/v2\/posts"}],"about":[{"href":"https:\/\/congovirtuel.com\/information\/wp-json\/wp\/v2\/types\/post"}],"author":[{"embeddable":true,"href":"https:\/\/congovirtuel.com\/information\/wp-json\/wp\/v2\/users\/1"}],"replies":[{"embeddable":true,"href":"https:\/\/congovirtuel.com\/information\/wp-json\/wp\/v2\/comments?post=7969"}],"version-history":[{"count":1,"href":"https:\/\/congovirtuel.com\/information\/wp-json\/wp\/v2\/posts\/7969\/revisions"}],"predecessor-version":[{"id":7971,"href":"https:\/\/congovirtuel.com\/information\/wp-json\/wp\/v2\/posts\/7969\/revisions\/7971"}],"wp:featuredmedia":[{"embeddable":true,"href":"https:\/\/congovirtuel.com\/information\/wp-json\/wp\/v2\/media\/7970"}],"wp:attachment":[{"href":"https:\/\/congovirtuel.com\/information\/wp-json\/wp\/v2\/media?parent=7969"}],"wp:term":[{"taxonomy":"category","embeddable":true,"href":"https:\/\/congovirtuel.com\/information\/wp-json\/wp\/v2\/categories?post=7969"},{"taxonomy":"post_tag","embeddable":true,"href":"https:\/\/congovirtuel.com\/information\/wp-json\/wp\/v2\/tags?post=7969"}],"curies":[{"name":"wp","href":"https:\/\/api.w.org\/{rel}","templated":true}]}}