{"id":7986,"date":"2021-04-17T10:44:37","date_gmt":"2021-04-17T09:44:37","guid":{"rendered":"https:\/\/congovirtuel.com\/information\/?p=7986"},"modified":"2021-04-17T10:44:42","modified_gmt":"2021-04-17T09:44:42","slug":"rdc-anr-fallait-il-interpeller-le-journaliste-israel-mutombo","status":"publish","type":"post","link":"https:\/\/congovirtuel.com\/information\/rdc-anr-fallait-il-interpeller-le-journaliste-israel-mutombo\/","title":{"rendered":"RDC &#8211; ANR: Fallait-il interpeller le journaliste Isra\u00ebl Mutombo?","gt_translate_keys":[{"key":"rendered","format":"text"}]},"content":{"rendered":"\n<p class=\"wp-block-paragraph\"><strong>Interpell\u00e9 le jeudi 15 avril par des agents de l\u2019Agence nationale de renseignements (ANR), Isra\u00ebl Mutombo, mieux connu sous le sobriquet de \u00ab&nbsp;Sango&nbsp;\u00bb (pr\u00eatre), animateur de l\u2019\u00e9mission \u00e0 succ\u00e8s \u00ab&nbsp;<em>Bosolo na Politik<\/em>\u00ab&nbsp;, a \u00e9t\u00e9 auditionn\u00e9 et rel\u00e2ch\u00e9. En cause, son \u00ab&nbsp;coup de gueule&nbsp;\u00bb de la veille dans lequel il a apostroph\u00e9 la classe dirigeante notamment sur les \u00ab&nbsp;conditions&nbsp;\u00bb des militaires envoy\u00e9s au front. L\u2019interpellation de ce confr\u00e8re devrait \u00eatre analys\u00e9e sous un double \u00e9clairage: \u00e0 charge et \u00e0 d\u00e9charge.<\/strong><\/p>\n\n\n\n<p class=\"wp-block-paragraph\">\u00ab&nbsp;<em>Ne faites pas de moi un dictateur<\/em>\u00ab&nbsp;. Cette phrase a \u00e9t\u00e9 prononc\u00e9e, fin juin 2019, par le pr\u00e9sident Felix Tshisekedi Tshilombo. Il r\u00e9pondait aux journalistes de RFI sur une question relative au sort qu\u2019il entendait r\u00e9server aux personnalit\u00e9s du r\u00e9gime de \u00ab&nbsp;Joseph Kabila&nbsp;\u00bb suspect\u00e9es de corruption. Pour lui, il revient aux \u00ab&nbsp;<em>instances judiciaires<\/em>&nbsp;\u00bb \u00e0 s\u2019en charger et non au chef de l\u2019Etat.<\/p>\n\n\n\n<p class=\"wp-block-paragraph\">\u00ab&nbsp;<em>Isra\u00ebl Mutombo est aux arr\u00eats \u00e0 l\u2019ANR!<\/em>\u00ab&nbsp;. Cette nouvelle a fait, jeudi 15 avril, l\u2019effet d\u2019un coup de tonnerre. Et pour cause, \u00ab&nbsp;<em>Isra\u00ebl<\/em>&nbsp;\u00bb s\u2019est taill\u00e9 une place de choix sur l\u2019\u00e9chiquier m\u00e9diatique congolais en g\u00e9n\u00e9ral et kinois en particulier. La ligne \u00e9ditoriale de son m\u00e9dia semble tenir en onze mots: d\u00e9noncer les dysfonctionnements qui affectent les trois pouvoirs d\u2019Etat. Rien de plus normal dans la mesure o\u00f9 la presse est, par d\u00e9finition, un contre-pouvoir.<\/p>\n\n\n\n<p class=\"wp-block-paragraph\">Au fil du temps, l\u2019\u00e9mission \u00ab&nbsp;<em>Bosolo na politik<\/em>&nbsp;\u00bb est per\u00e7ue comme un \u00ab&nbsp;<em>chien de garde&nbsp;\u00bb&nbsp;<\/em>de la d\u00e9mocratie et de la bonne gouvernance, pour les uns. Pour d\u2019autres, l\u2019animateur se prend pour un \u00ab&nbsp;<em>justicier<\/em>&nbsp;\u00bb au point de confondre quelquefois le m\u00e9tier de journaliste \u00e0 celui de \u00ab&nbsp;propagandiste&nbsp;\u00bb. Une situation devenue \u00ab&nbsp;<em>banale<\/em>&nbsp;\u00bb dans le monde m\u00e9diatique congolais.<\/p>\n\n\n\n<p class=\"wp-block-paragraph\">Que reproche-t-on \u00e0 \u00ab&nbsp;Sango&nbsp;\u00bb, comme l\u2019appellent souvent ses invit\u00e9s? Lors de l\u2019\u00e9mission \u00ab&nbsp;<em>Bosolo na politik<\/em>&nbsp;\u00bb du mercredi 14 avril, ce confr\u00e8re a pouss\u00e9 un \u00ab&nbsp;<em>coup de gueule<\/em>&nbsp;\u00bb au ton r\u00e9quisitorial \u00e0 l\u2019\u00e9gard des autorit\u00e9s civiles et militaires. Sans omettre les membres des cabinets politiques.<\/p>\n\n\n\n<p class=\"wp-block-paragraph\">En gros, Mutombo reproche aux autorit\u00e9s militaro-politiques de manquer de coh\u00e9rence. A titre d\u2019exemple, il \u00e9pingle le couvre-feu d\u00e9cr\u00e9t\u00e9 dans le cadre des mesures sanitaires contre le Covid-19. Pour lui, cette mesure est appliqu\u00e9e de mani\u00e8re s\u00e9lective. S\u00e9v\u00e8re \u00e0 l\u2019\u00e9gard du citoyen lambda pendant que la classe dirigeante, elle, \u00ab&nbsp;<em>fait la f\u00eate<\/em>&nbsp;\u00bb jusque tard le soir. L\u2019animateur promet de mener une \u00ab&nbsp;<em>contre-campagne<\/em>&nbsp;\u00bb contre les \u00ab&nbsp;<em>postulants<\/em>&nbsp;\u00bb aux \u00e9lections de 2023. \u00ab&nbsp;<em>On tue \u00e0 Beni et \u00e0 Butembo. Vous vous comportez comme si de rien n\u2019\u00e9tait. Vous paradez \u00e0 Kinshasa pendant qu\u2019on d\u00e9coupe les gens<\/em>\u00ab&nbsp;, tonne-t-il. Et de poursuivre: \u00ab&nbsp;<em>Vous \u00eates ministre, directeur de cabinet d\u2019un ministre ou conseiller du chef de l\u2019Etat ou g\u00e9n\u00e9ral. Vous ne vous g\u00eanez pas de clamer que le pays \u00e9volue<\/em>.<em>&nbsp;Honte \u00e0 vous<\/em>!&nbsp;\u00bb<\/p>\n\n\n\n<h2 class=\"wp-block-heading\"><strong>UN JOURNALISTE N\u2019EST PAS UN PROPAGANDISTE<\/strong><\/h2>\n\n\n\n<p class=\"wp-block-paragraph\">Mutombo a manifestement \u00ab&nbsp;<em>d\u00e9rap\u00e9<\/em>&nbsp;\u00bb lorsqu\u2019il a \u00e9voqu\u00e9 les conditions des militaires envoy\u00e9s au front \u00e0 l\u2019Est. \u00ab&nbsp;<em>Avons-nous une arm\u00e9e? Le militaire vit dans une situation difficile avec 20$ de prime de combat. Allez en enfer, race de vip\u00e8res<\/em>\u00ab&nbsp;. Ceux qui avaient suivi l\u2019\u00e9mission de mercredi n\u2019ont pas \u00e9t\u00e9 surpris en apprenant l\u2019interpellation de \u00ab&nbsp;<em>Sango<\/em>\u00ab&nbsp;. &nbsp;Une pr\u00e9cision: le journaliste n\u2019a pas \u00e9t\u00e9 brutalis\u00e9 ni envoy\u00e9 en prison. Il n\u2019a pas non plus \u00e9t\u00e9 mis au cachot. Selon diverses sources, il a pass\u00e9 cinq heures dans les locaux de l\u2019ANR avant d\u2019\u00eatre auditionn\u00e9 et rel\u00e2ch\u00e9. Une situation inimaginable \u00e0 l\u2019\u00e9poque de \u00ab&nbsp;<em>Joseph Kabila<\/em>\u00ab&nbsp;. L\u2019av\u00e8nement de \u00ab&nbsp;<em>Fatshi<\/em>&nbsp;\u00bb \u00e0 la t\u00eate de l\u2019Etat a insuffl\u00e9 une incontestable \u00ab&nbsp;<em>ambiance lib\u00e9rale<\/em>&nbsp;\u00bb au pays. La libert\u00e9 d\u2019expression fait d\u00e9sormais partie de l\u2019environnement quotidien des Kinois.<\/p>\n\n\n\n<p class=\"wp-block-paragraph\">Fallait-il interpell\u00e9 l\u2019animateur de \u00ab&nbsp;<em>Bosolo ne politik<\/em>\u00ab&nbsp;? Oui et non. Commen\u00e7ons par le dernier cas de figure. En interpellant, de mani\u00e8re spectaculaire, le journaliste Isra\u00ebl Mutombo pr\u00e8s de cinq mois apr\u00e8s la chanteuse Elisabeth Tshala Muana \u2013 pour d\u2019autres raisons -, l\u2019ANR a fait preuve de maladresse. Une maladresse de nature \u00e0 donner de Felix Tshisekedi l\u2019image qu\u2019il redoutait dans l\u2019interview pr\u00e9cit\u00e9e. Par l\u2019absurde, l\u2019ANR semble donner raison \u00e0 \u00ab&nbsp;Isra\u00ebl&nbsp;\u00bb dans la mesure o\u00f9 la libert\u00e9 d\u2019expression est un combat men\u00e9 notamment contre le despotisme. \u00ab&nbsp;<em>Il ne faut pas que le d\u00e9lit de presse \u00e9touffe la libert\u00e9 de presse<\/em>\u00ab&nbsp;, a d\u00e9clar\u00e9, jeudi, L\u00e9on Nembalemba dit \u00ab&nbsp;<em>Papa Moli\u00e8re<\/em>&nbsp;\u00bb sur MM-TV.&nbsp;<em>On ne doit pas interpeller un journaliste pour ses opinions<\/em>\u00ab&nbsp;.<\/p>\n\n\n\n<p class=\"wp-block-paragraph\">L\u2019ANR \u00e9tait-elle fond\u00e9e d\u2019interpeller Isra\u00ebl Mutombo? La tentation est grande de r\u00e9pondre par l\u2019affirmative. &nbsp;Selon des sources, notre confr\u00e8re aurait \u00e9t\u00e9 interrog\u00e9 sp\u00e9cialement sur la \u00ab&nbsp;<em>prime de 20 $<\/em>&nbsp;\u00bb qui serait accord\u00e9e aux soldats envoy\u00e9s au front. Il s\u2019agit d\u2019un sujet sensible qui touche \u00e0 la s\u00e9curit\u00e9 nationale. Le r\u00f4le de la S\u00fbret\u00e9 nationale consiste essentiellement \u00e0 \u00ab&nbsp;<em>surveiller<\/em>&nbsp;\u00bb les&nbsp;<em>\u00ab&nbsp;menaces<\/em>&nbsp;\u00bb qui planent sur les institutions.<\/p>\n\n\n\n<p class=\"wp-block-paragraph\">On le voit, le journaliste Mutombo n\u2019a pas \u00e9t\u00e9 interpell\u00e9 pour avoir dit la v\u00e9rit\u00e9. Encore moins pour avoir houspill\u00e9 la classe dirigeante. En r\u00e9alit\u00e9, son \u00ab&nbsp;<em>coup de gueule<\/em>&nbsp;\u00bb pr\u00e9sentait, sous certains aspects, le relief d\u2019une \u00ab&nbsp;<em>propagande<\/em>\u00ab&nbsp;. L\u2019article 23 de la Constitution reconnait \u00e0 tout citoyen congolais le \u00ab&nbsp;<em>droit \u00e0 la libert\u00e9 d\u2019expression<\/em>\u00ab&nbsp;. Et ce \u00ab&nbsp;<em>sous r\u00e9serve du respect de la loi, de l\u2019ordre et des bonnes m\u0153urs<\/em>\u00ab&nbsp;. La d\u00e9ontologie r\u00e9gissant le monde de la presse interdit au journaliste de \u00ab&nbsp;<em>confondre<\/em>&nbsp;\u00bb son m\u00e9tier \u00ab&nbsp;<em>avec celui du publicitaire ou de propagandiste<\/em>\u00ab&nbsp;. La presse congolaise doit balayer devant sa porte.&nbsp;&nbsp;<\/p>\n\n\n\n<p class=\"wp-block-paragraph\"><strong>Baudouin Amba Wetshi<\/strong><\/p>\n","protected":false,"gt_translate_keys":[{"key":"rendered","format":"html"}]},"excerpt":{"rendered":"<p>Interpell\u00e9 le jeudi 15 avril par des agents de l\u2019Agence nationale de renseignements (ANR), Isra\u00ebl Mutombo, mieux connu sous le sobriquet de \u00ab&nbsp;Sango&nbsp;\u00bb (pr\u00eatre), animateur de l\u2019\u00e9mission \u00e0 succ\u00e8s \u00ab&nbsp;Bosolo na Politik\u00ab&nbsp;, a \u00e9t\u00e9 auditionn\u00e9 et rel\u00e2ch\u00e9. En cause, son \u00ab&nbsp;coup de gueule&nbsp;\u00bb de la veille dans lequel il a apostroph\u00e9 la classe dirigeante notamment sur les \u00ab&nbsp;conditions&nbsp;\u00bb des militaires envoy\u00e9s au front. L\u2019interpellation de ce confr\u00e8re devrait \u00eatre analys\u00e9e sous un double \u00e9clairage: \u00e0 charge et \u00e0 d\u00e9charge. \u00ab&nbsp;Ne faites pas de moi un dictateur\u00ab&nbsp;. Cette phrase a \u00e9t\u00e9&hellip;<\/p>\n","protected":false,"gt_translate_keys":[{"key":"rendered","format":"html"}]},"author":1,"featured_media":7987,"comment_status":"open","ping_status":"open","sticky":false,"template":"","format":"standard","meta":{"_crdt_document":"","footnotes":""},"categories":[4911],"tags":[6789,6790],"class_list":["post-7986","post","type-post","status-publish","format-standard","has-post-thumbnail","hentry","category-medias","tag-arrestation-israel-mutombo","tag-cause-arrestation-israel-mutombo"],"gutentor_comment":0,"yoast_head":"<!-- This site is optimized with the Yoast SEO plugin v27.5 - https:\/\/yoast.com\/product\/yoast-seo-wordpress\/ -->\n<title>RDC - ANR: Fallait-il interpeller le journaliste Isra\u00ebl Mutombo? - Actualit\u00e9s congolaises et internationales<\/title>\n<meta name=\"robots\" content=\"index, follow, max-snippet:-1, max-image-preview:large, max-video-preview:-1\" \/>\n<link rel=\"canonical\" href=\"https:\/\/congovirtuel.com\/information\/rdc-anr-fallait-il-interpeller-le-journaliste-israel-mutombo\/\" \/>\n<meta property=\"og:locale\" content=\"fr_FR\" \/>\n<meta property=\"og:type\" content=\"article\" \/>\n<meta property=\"og:title\" content=\"RDC - ANR: Fallait-il interpeller le journaliste Isra\u00ebl Mutombo? - Actualit\u00e9s congolaises et internationales\" \/>\n<meta property=\"og:description\" content=\"Interpell\u00e9 le jeudi 15 avril par des agents de l\u2019Agence nationale de renseignements (ANR), Isra\u00ebl Mutombo, mieux connu sous le sobriquet de \u00ab&nbsp;Sango&nbsp;\u00bb (pr\u00eatre), animateur de l\u2019\u00e9mission \u00e0 succ\u00e8s \u00ab&nbsp;Bosolo na Politik\u00ab&nbsp;, a \u00e9t\u00e9 auditionn\u00e9 et rel\u00e2ch\u00e9. En cause, son \u00ab&nbsp;coup de gueule&nbsp;\u00bb de la veille dans lequel il a apostroph\u00e9 la classe dirigeante notamment sur les \u00ab&nbsp;conditions&nbsp;\u00bb des militaires envoy\u00e9s au front. L\u2019interpellation de ce confr\u00e8re devrait \u00eatre analys\u00e9e sous un double \u00e9clairage: \u00e0 charge et \u00e0 d\u00e9charge. \u00ab&nbsp;Ne faites pas de moi un dictateur\u00ab&nbsp;. Cette phrase a \u00e9t\u00e9&hellip;\" \/>\n<meta property=\"og:url\" content=\"https:\/\/congovirtuel.com\/information\/rdc-anr-fallait-il-interpeller-le-journaliste-israel-mutombo\/\" \/>\n<meta property=\"og:site_name\" content=\"Actualit\u00e9s congolaises et internationales\" \/>\n<meta property=\"article:publisher\" content=\"https:\/\/web.facebook.com\/Congovirtuel-763617960319601\/?ref=aymt_homepage_panel&amp;amp%3bamp%3bamp%3bamp%3bamp%3bamp%3bamp%3bamp%3bamp%3bamp%3bamp%3beid=ARCoxULa66767kIgF_KYav6VdjXTI4yk_LW4yoVO9s6NXpysgb7Cb65vpxcxgqzOAKvIbLQxaAETcqHT\" \/>\n<meta property=\"article:published_time\" content=\"2021-04-17T09:44:37+00:00\" \/>\n<meta property=\"article:modified_time\" content=\"2021-04-17T09:44:42+00:00\" \/>\n<meta property=\"og:image\" content=\"https:\/\/congovirtuel.com\/information\/wp-content\/uploads\/2021\/04\/Israel_mutombo-900-x-506.jpg\" \/>\n\t<meta property=\"og:image:width\" content=\"900\" \/>\n\t<meta property=\"og:image:height\" content=\"506\" \/>\n\t<meta property=\"og:image:type\" content=\"image\/jpeg\" \/>\n<meta name=\"author\" content=\"infocongovirtuel\" \/>\n<meta name=\"twitter:card\" content=\"summary_large_image\" \/>\n<meta name=\"twitter:creator\" content=\"@congovirtuel\" \/>\n<meta name=\"twitter:site\" content=\"@congovirtuel\" \/>\n<meta name=\"twitter:label1\" content=\"\u00c9crit par\" \/>\n\t<meta name=\"twitter:data1\" content=\"infocongovirtuel\" \/>\n\t<meta name=\"twitter:label2\" content=\"Dur\u00e9e de lecture estim\u00e9e\" \/>\n\t<meta name=\"twitter:data2\" content=\"5 minutes\" \/>\n<script type=\"application\/ld+json\" class=\"yoast-schema-graph\">{\"@context\":\"https:\\\/\\\/schema.org\",\"@graph\":[{\"@type\":\"Article\",\"@id\":\"https:\\\/\\\/congovirtuel.com\\\/information\\\/rdc-anr-fallait-il-interpeller-le-journaliste-israel-mutombo\\\/#article\",\"isPartOf\":{\"@id\":\"https:\\\/\\\/congovirtuel.com\\\/information\\\/rdc-anr-fallait-il-interpeller-le-journaliste-israel-mutombo\\\/\"},\"author\":{\"name\":\"infocongovirtuel\",\"@id\":\"https:\\\/\\\/congovirtuel.com\\\/information\\\/#\\\/schema\\\/person\\\/739a44bf7990966cb53d58d2fdeca0b6\"},\"headline\":\"RDC &#8211; ANR: Fallait-il interpeller le journaliste Isra\u00ebl Mutombo?\",\"datePublished\":\"2021-04-17T09:44:37+00:00\",\"dateModified\":\"2021-04-17T09:44:42+00:00\",\"mainEntityOfPage\":{\"@id\":\"https:\\\/\\\/congovirtuel.com\\\/information\\\/rdc-anr-fallait-il-interpeller-le-journaliste-israel-mutombo\\\/\"},\"wordCount\":1075,\"commentCount\":0,\"publisher\":{\"@id\":\"https:\\\/\\\/congovirtuel.com\\\/information\\\/#organization\"},\"image\":{\"@id\":\"https:\\\/\\\/congovirtuel.com\\\/information\\\/rdc-anr-fallait-il-interpeller-le-journaliste-israel-mutombo\\\/#primaryimage\"},\"thumbnailUrl\":\"https:\\\/\\\/congovirtuel.com\\\/information\\\/wp-content\\\/uploads\\\/2021\\\/04\\\/Israel_mutombo-900-x-506.jpg\",\"keywords\":[\"Arrestation Isra\u00ebl Mutombo\",\"cause arrestation Isra\u00ebl Mutombo\"],\"articleSection\":[\"M\u00e9dias\"],\"inLanguage\":\"fr-FR\",\"potentialAction\":[{\"@type\":\"CommentAction\",\"name\":\"Comment\",\"target\":[\"https:\\\/\\\/congovirtuel.com\\\/information\\\/rdc-anr-fallait-il-interpeller-le-journaliste-israel-mutombo\\\/#respond\"]}]},{\"@type\":\"WebPage\",\"@id\":\"https:\\\/\\\/congovirtuel.com\\\/information\\\/rdc-anr-fallait-il-interpeller-le-journaliste-israel-mutombo\\\/\",\"url\":\"https:\\\/\\\/congovirtuel.com\\\/information\\\/rdc-anr-fallait-il-interpeller-le-journaliste-israel-mutombo\\\/\",\"name\":\"RDC - ANR: Fallait-il interpeller le journaliste Isra\u00ebl Mutombo? - Actualit\u00e9s congolaises et internationales\",\"isPartOf\":{\"@id\":\"https:\\\/\\\/congovirtuel.com\\\/information\\\/#website\"},\"primaryImageOfPage\":{\"@id\":\"https:\\\/\\\/congovirtuel.com\\\/information\\\/rdc-anr-fallait-il-interpeller-le-journaliste-israel-mutombo\\\/#primaryimage\"},\"image\":{\"@id\":\"https:\\\/\\\/congovirtuel.com\\\/information\\\/rdc-anr-fallait-il-interpeller-le-journaliste-israel-mutombo\\\/#primaryimage\"},\"thumbnailUrl\":\"https:\\\/\\\/congovirtuel.com\\\/information\\\/wp-content\\\/uploads\\\/2021\\\/04\\\/Israel_mutombo-900-x-506.jpg\",\"datePublished\":\"2021-04-17T09:44:37+00:00\",\"dateModified\":\"2021-04-17T09:44:42+00:00\",\"breadcrumb\":{\"@id\":\"https:\\\/\\\/congovirtuel.com\\\/information\\\/rdc-anr-fallait-il-interpeller-le-journaliste-israel-mutombo\\\/#breadcrumb\"},\"inLanguage\":\"fr-FR\",\"potentialAction\":[{\"@type\":\"ReadAction\",\"target\":[\"https:\\\/\\\/congovirtuel.com\\\/information\\\/rdc-anr-fallait-il-interpeller-le-journaliste-israel-mutombo\\\/\"]}]},{\"@type\":\"ImageObject\",\"inLanguage\":\"fr-FR\",\"@id\":\"https:\\\/\\\/congovirtuel.com\\\/information\\\/rdc-anr-fallait-il-interpeller-le-journaliste-israel-mutombo\\\/#primaryimage\",\"url\":\"https:\\\/\\\/congovirtuel.com\\\/information\\\/wp-content\\\/uploads\\\/2021\\\/04\\\/Israel_mutombo-900-x-506.jpg\",\"contentUrl\":\"https:\\\/\\\/congovirtuel.com\\\/information\\\/wp-content\\\/uploads\\\/2021\\\/04\\\/Israel_mutombo-900-x-506.jpg\",\"width\":900,\"height\":506,\"caption\":\"Israel_mutombo\"},{\"@type\":\"BreadcrumbList\",\"@id\":\"https:\\\/\\\/congovirtuel.com\\\/information\\\/rdc-anr-fallait-il-interpeller-le-journaliste-israel-mutombo\\\/#breadcrumb\",\"itemListElement\":[{\"@type\":\"ListItem\",\"position\":1,\"name\":\"Accueil\",\"item\":\"https:\\\/\\\/congovirtuel.com\\\/information\\\/\"},{\"@type\":\"ListItem\",\"position\":2,\"name\":\"RDC &#8211; ANR: Fallait-il interpeller le journaliste Isra\u00ebl Mutombo?\"}]},{\"@type\":\"WebSite\",\"@id\":\"https:\\\/\\\/congovirtuel.com\\\/information\\\/#website\",\"url\":\"https:\\\/\\\/congovirtuel.com\\\/information\\\/\",\"name\":\"Actualit\u00e9s congolaises et internationales\",\"description\":\"site d&#039;analyse et de traitement d&#039;information\",\"publisher\":{\"@id\":\"https:\\\/\\\/congovirtuel.com\\\/information\\\/#organization\"},\"potentialAction\":[{\"@type\":\"SearchAction\",\"target\":{\"@type\":\"EntryPoint\",\"urlTemplate\":\"https:\\\/\\\/congovirtuel.com\\\/information\\\/?s={search_term_string}\"},\"query-input\":{\"@type\":\"PropertyValueSpecification\",\"valueRequired\":true,\"valueName\":\"search_term_string\"}}],\"inLanguage\":\"fr-FR\"},{\"@type\":\"Organization\",\"@id\":\"https:\\\/\\\/congovirtuel.com\\\/information\\\/#organization\",\"name\":\"Biblioth\u00e8que Virtuelle de la RDC\",\"url\":\"https:\\\/\\\/congovirtuel.com\\\/information\\\/\",\"logo\":{\"@type\":\"ImageObject\",\"inLanguage\":\"fr-FR\",\"@id\":\"https:\\\/\\\/congovirtuel.com\\\/information\\\/#\\\/schema\\\/logo\\\/image\\\/\",\"url\":\"https:\\\/\\\/congovirtuel.com\\\/information\\\/wp-content\\\/uploads\\\/2018\\\/10\\\/header-info-congovirtuel-vraie.jpg\",\"contentUrl\":\"https:\\\/\\\/congovirtuel.com\\\/information\\\/wp-content\\\/uploads\\\/2018\\\/10\\\/header-info-congovirtuel-vraie.jpg\",\"width\":728,\"height\":90,\"caption\":\"Biblioth\u00e8que Virtuelle de la RDC\"},\"image\":{\"@id\":\"https:\\\/\\\/congovirtuel.com\\\/information\\\/#\\\/schema\\\/logo\\\/image\\\/\"},\"sameAs\":[\"https:\\\/\\\/web.facebook.com\\\/Congovirtuel-763617960319601\\\/?ref=aymt_homepage_panel&amp;amp;amp;amp;amp;amp;amp;amp;amp;amp;amp;eid=ARCoxULa66767kIgF_KYav6VdjXTI4yk_LW4yoVO9s6NXpysgb7Cb65vpxcxgqzOAKvIbLQxaAETcqHT\",\"https:\\\/\\\/x.com\\\/congovirtuel\",\"https:\\\/\\\/www.youtube.com\\\/channel\\\/UCkFfprYzGgS3EWNpeMXpToQ?view_as=subscriber\"]},{\"@type\":\"Person\",\"@id\":\"https:\\\/\\\/congovirtuel.com\\\/information\\\/#\\\/schema\\\/person\\\/739a44bf7990966cb53d58d2fdeca0b6\",\"name\":\"infocongovirtuel\",\"image\":{\"@type\":\"ImageObject\",\"inLanguage\":\"fr-FR\",\"@id\":\"https:\\\/\\\/secure.gravatar.com\\\/avatar\\\/4d76991aa72469f0eb22e772586c99113c6997f88da636a9db8f2ce3a2c05e69?s=96&d=mm&r=g\",\"url\":\"https:\\\/\\\/secure.gravatar.com\\\/avatar\\\/4d76991aa72469f0eb22e772586c99113c6997f88da636a9db8f2ce3a2c05e69?s=96&d=mm&r=g\",\"contentUrl\":\"https:\\\/\\\/secure.gravatar.com\\\/avatar\\\/4d76991aa72469f0eb22e772586c99113c6997f88da636a9db8f2ce3a2c05e69?s=96&d=mm&r=g\",\"caption\":\"infocongovirtuel\"},\"url\":\"https:\\\/\\\/congovirtuel.com\\\/information\\\/author\\\/infocongovirtuel\\\/\"}]}<\/script>\n<!-- \/ Yoast SEO plugin. -->","yoast_head_json":{"title":"RDC - ANR: Fallait-il interpeller le journaliste Isra\u00ebl Mutombo? - Actualit\u00e9s congolaises et internationales","robots":{"index":"index","follow":"follow","max-snippet":"max-snippet:-1","max-image-preview":"max-image-preview:large","max-video-preview":"max-video-preview:-1"},"canonical":"https:\/\/congovirtuel.com\/information\/rdc-anr-fallait-il-interpeller-le-journaliste-israel-mutombo\/","og_locale":"fr_FR","og_type":"article","og_title":"RDC - ANR: Fallait-il interpeller le journaliste Isra\u00ebl Mutombo? - Actualit\u00e9s congolaises et internationales","og_description":"Interpell\u00e9 le jeudi 15 avril par des agents de l\u2019Agence nationale de renseignements (ANR), Isra\u00ebl Mutombo, mieux connu sous le sobriquet de \u00ab&nbsp;Sango&nbsp;\u00bb (pr\u00eatre), animateur de l\u2019\u00e9mission \u00e0 succ\u00e8s \u00ab&nbsp;Bosolo na Politik\u00ab&nbsp;, a \u00e9t\u00e9 auditionn\u00e9 et rel\u00e2ch\u00e9. En cause, son \u00ab&nbsp;coup de gueule&nbsp;\u00bb de la veille dans lequel il a apostroph\u00e9 la classe dirigeante notamment sur les \u00ab&nbsp;conditions&nbsp;\u00bb des militaires envoy\u00e9s au front. L\u2019interpellation de ce confr\u00e8re devrait \u00eatre analys\u00e9e sous un double \u00e9clairage: \u00e0 charge et \u00e0 d\u00e9charge. \u00ab&nbsp;Ne faites pas de moi un dictateur\u00ab&nbsp;. Cette phrase a \u00e9t\u00e9&hellip;","og_url":"https:\/\/congovirtuel.com\/information\/rdc-anr-fallait-il-interpeller-le-journaliste-israel-mutombo\/","og_site_name":"Actualit\u00e9s congolaises et internationales","article_publisher":"https:\/\/web.facebook.com\/Congovirtuel-763617960319601\/?ref=aymt_homepage_panel&amp%3bamp%3bamp%3bamp%3bamp%3bamp%3bamp%3bamp%3bamp%3bamp%3bamp%3beid=ARCoxULa66767kIgF_KYav6VdjXTI4yk_LW4yoVO9s6NXpysgb7Cb65vpxcxgqzOAKvIbLQxaAETcqHT","article_published_time":"2021-04-17T09:44:37+00:00","article_modified_time":"2021-04-17T09:44:42+00:00","og_image":[{"width":900,"height":506,"url":"https:\/\/congovirtuel.com\/information\/wp-content\/uploads\/2021\/04\/Israel_mutombo-900-x-506.jpg","type":"image\/jpeg"}],"author":"infocongovirtuel","twitter_card":"summary_large_image","twitter_creator":"@congovirtuel","twitter_site":"@congovirtuel","twitter_misc":{"\u00c9crit par":"infocongovirtuel","Dur\u00e9e de lecture estim\u00e9e":"5 minutes"},"schema":{"@context":"https:\/\/schema.org","@graph":[{"@type":"Article","@id":"https:\/\/congovirtuel.com\/information\/rdc-anr-fallait-il-interpeller-le-journaliste-israel-mutombo\/#article","isPartOf":{"@id":"https:\/\/congovirtuel.com\/information\/rdc-anr-fallait-il-interpeller-le-journaliste-israel-mutombo\/"},"author":{"name":"infocongovirtuel","@id":"https:\/\/congovirtuel.com\/information\/#\/schema\/person\/739a44bf7990966cb53d58d2fdeca0b6"},"headline":"RDC &#8211; ANR: Fallait-il interpeller le journaliste Isra\u00ebl Mutombo?","datePublished":"2021-04-17T09:44:37+00:00","dateModified":"2021-04-17T09:44:42+00:00","mainEntityOfPage":{"@id":"https:\/\/congovirtuel.com\/information\/rdc-anr-fallait-il-interpeller-le-journaliste-israel-mutombo\/"},"wordCount":1075,"commentCount":0,"publisher":{"@id":"https:\/\/congovirtuel.com\/information\/#organization"},"image":{"@id":"https:\/\/congovirtuel.com\/information\/rdc-anr-fallait-il-interpeller-le-journaliste-israel-mutombo\/#primaryimage"},"thumbnailUrl":"https:\/\/congovirtuel.com\/information\/wp-content\/uploads\/2021\/04\/Israel_mutombo-900-x-506.jpg","keywords":["Arrestation Isra\u00ebl Mutombo","cause arrestation Isra\u00ebl Mutombo"],"articleSection":["M\u00e9dias"],"inLanguage":"fr-FR","potentialAction":[{"@type":"CommentAction","name":"Comment","target":["https:\/\/congovirtuel.com\/information\/rdc-anr-fallait-il-interpeller-le-journaliste-israel-mutombo\/#respond"]}]},{"@type":"WebPage","@id":"https:\/\/congovirtuel.com\/information\/rdc-anr-fallait-il-interpeller-le-journaliste-israel-mutombo\/","url":"https:\/\/congovirtuel.com\/information\/rdc-anr-fallait-il-interpeller-le-journaliste-israel-mutombo\/","name":"RDC - ANR: Fallait-il interpeller le journaliste Isra\u00ebl Mutombo? - Actualit\u00e9s congolaises et internationales","isPartOf":{"@id":"https:\/\/congovirtuel.com\/information\/#website"},"primaryImageOfPage":{"@id":"https:\/\/congovirtuel.com\/information\/rdc-anr-fallait-il-interpeller-le-journaliste-israel-mutombo\/#primaryimage"},"image":{"@id":"https:\/\/congovirtuel.com\/information\/rdc-anr-fallait-il-interpeller-le-journaliste-israel-mutombo\/#primaryimage"},"thumbnailUrl":"https:\/\/congovirtuel.com\/information\/wp-content\/uploads\/2021\/04\/Israel_mutombo-900-x-506.jpg","datePublished":"2021-04-17T09:44:37+00:00","dateModified":"2021-04-17T09:44:42+00:00","breadcrumb":{"@id":"https:\/\/congovirtuel.com\/information\/rdc-anr-fallait-il-interpeller-le-journaliste-israel-mutombo\/#breadcrumb"},"inLanguage":"fr-FR","potentialAction":[{"@type":"ReadAction","target":["https:\/\/congovirtuel.com\/information\/rdc-anr-fallait-il-interpeller-le-journaliste-israel-mutombo\/"]}]},{"@type":"ImageObject","inLanguage":"fr-FR","@id":"https:\/\/congovirtuel.com\/information\/rdc-anr-fallait-il-interpeller-le-journaliste-israel-mutombo\/#primaryimage","url":"https:\/\/congovirtuel.com\/information\/wp-content\/uploads\/2021\/04\/Israel_mutombo-900-x-506.jpg","contentUrl":"https:\/\/congovirtuel.com\/information\/wp-content\/uploads\/2021\/04\/Israel_mutombo-900-x-506.jpg","width":900,"height":506,"caption":"Israel_mutombo"},{"@type":"BreadcrumbList","@id":"https:\/\/congovirtuel.com\/information\/rdc-anr-fallait-il-interpeller-le-journaliste-israel-mutombo\/#breadcrumb","itemListElement":[{"@type":"ListItem","position":1,"name":"Accueil","item":"https:\/\/congovirtuel.com\/information\/"},{"@type":"ListItem","position":2,"name":"RDC &#8211; ANR: Fallait-il interpeller le journaliste Isra\u00ebl Mutombo?"}]},{"@type":"WebSite","@id":"https:\/\/congovirtuel.com\/information\/#website","url":"https:\/\/congovirtuel.com\/information\/","name":"Actualit\u00e9s congolaises et internationales","description":"site d&#039;analyse et de traitement d&#039;information","publisher":{"@id":"https:\/\/congovirtuel.com\/information\/#organization"},"potentialAction":[{"@type":"SearchAction","target":{"@type":"EntryPoint","urlTemplate":"https:\/\/congovirtuel.com\/information\/?s={search_term_string}"},"query-input":{"@type":"PropertyValueSpecification","valueRequired":true,"valueName":"search_term_string"}}],"inLanguage":"fr-FR"},{"@type":"Organization","@id":"https:\/\/congovirtuel.com\/information\/#organization","name":"Biblioth\u00e8que Virtuelle de la RDC","url":"https:\/\/congovirtuel.com\/information\/","logo":{"@type":"ImageObject","inLanguage":"fr-FR","@id":"https:\/\/congovirtuel.com\/information\/#\/schema\/logo\/image\/","url":"https:\/\/congovirtuel.com\/information\/wp-content\/uploads\/2018\/10\/header-info-congovirtuel-vraie.jpg","contentUrl":"https:\/\/congovirtuel.com\/information\/wp-content\/uploads\/2018\/10\/header-info-congovirtuel-vraie.jpg","width":728,"height":90,"caption":"Biblioth\u00e8que Virtuelle de la RDC"},"image":{"@id":"https:\/\/congovirtuel.com\/information\/#\/schema\/logo\/image\/"},"sameAs":["https:\/\/web.facebook.com\/Congovirtuel-763617960319601\/?ref=aymt_homepage_panel&amp;amp;amp;amp;amp;amp;amp;amp;amp;amp;amp;eid=ARCoxULa66767kIgF_KYav6VdjXTI4yk_LW4yoVO9s6NXpysgb7Cb65vpxcxgqzOAKvIbLQxaAETcqHT","https:\/\/x.com\/congovirtuel","https:\/\/www.youtube.com\/channel\/UCkFfprYzGgS3EWNpeMXpToQ?view_as=subscriber"]},{"@type":"Person","@id":"https:\/\/congovirtuel.com\/information\/#\/schema\/person\/739a44bf7990966cb53d58d2fdeca0b6","name":"infocongovirtuel","image":{"@type":"ImageObject","inLanguage":"fr-FR","@id":"https:\/\/secure.gravatar.com\/avatar\/4d76991aa72469f0eb22e772586c99113c6997f88da636a9db8f2ce3a2c05e69?s=96&d=mm&r=g","url":"https:\/\/secure.gravatar.com\/avatar\/4d76991aa72469f0eb22e772586c99113c6997f88da636a9db8f2ce3a2c05e69?s=96&d=mm&r=g","contentUrl":"https:\/\/secure.gravatar.com\/avatar\/4d76991aa72469f0eb22e772586c99113c6997f88da636a9db8f2ce3a2c05e69?s=96&d=mm&r=g","caption":"infocongovirtuel"},"url":"https:\/\/congovirtuel.com\/information\/author\/infocongovirtuel\/"}]}},"gt_translate_keys":[{"key":"link","format":"url"}],"_links":{"self":[{"href":"https:\/\/congovirtuel.com\/information\/wp-json\/wp\/v2\/posts\/7986","targetHints":{"allow":["GET"]}}],"collection":[{"href":"https:\/\/congovirtuel.com\/information\/wp-json\/wp\/v2\/posts"}],"about":[{"href":"https:\/\/congovirtuel.com\/information\/wp-json\/wp\/v2\/types\/post"}],"author":[{"embeddable":true,"href":"https:\/\/congovirtuel.com\/information\/wp-json\/wp\/v2\/users\/1"}],"replies":[{"embeddable":true,"href":"https:\/\/congovirtuel.com\/information\/wp-json\/wp\/v2\/comments?post=7986"}],"version-history":[{"count":1,"href":"https:\/\/congovirtuel.com\/information\/wp-json\/wp\/v2\/posts\/7986\/revisions"}],"predecessor-version":[{"id":7988,"href":"https:\/\/congovirtuel.com\/information\/wp-json\/wp\/v2\/posts\/7986\/revisions\/7988"}],"wp:featuredmedia":[{"embeddable":true,"href":"https:\/\/congovirtuel.com\/information\/wp-json\/wp\/v2\/media\/7987"}],"wp:attachment":[{"href":"https:\/\/congovirtuel.com\/information\/wp-json\/wp\/v2\/media?parent=7986"}],"wp:term":[{"taxonomy":"category","embeddable":true,"href":"https:\/\/congovirtuel.com\/information\/wp-json\/wp\/v2\/categories?post=7986"},{"taxonomy":"post_tag","embeddable":true,"href":"https:\/\/congovirtuel.com\/information\/wp-json\/wp\/v2\/tags?post=7986"}],"curies":[{"name":"wp","href":"https:\/\/api.w.org\/{rel}","templated":true}]}}