{"id":843,"date":"2020-04-04T07:17:02","date_gmt":"2020-04-04T06:17:02","guid":{"rendered":"https:\/\/congovirtuel.com\/information\/?p=843"},"modified":"2020-04-04T07:17:07","modified_gmt":"2020-04-04T06:17:07","slug":"covid-19-une-sequence-de-lci-sur-le-test-dun-vaccin-en-afrique-suscite-lindignation-des-internautes","status":"publish","type":"post","link":"https:\/\/congovirtuel.com\/information\/covid-19-une-sequence-de-lci-sur-le-test-dun-vaccin-en-afrique-suscite-lindignation-des-internautes\/","title":{"rendered":"Covid-19 : Une s\u00e9quence de LCI sur le test d&rsquo;un vaccin en Afrique suscite l\u2019indignation des internautes","gt_translate_keys":[{"key":"rendered","format":"text"}]},"content":{"rendered":"\n<p class=\"wp-block-paragraph\"><em><strong>EDIT&nbsp;:&nbsp;le papier a \u00e9t\u00e9 mis \u00e0 jour \u00e0 19H35 ce vendredi apr\u00e8s que Jean-Paul Mira et l\u2019AP-HP ont envoy\u00e9 des communiqu\u00e9s.<\/strong><\/em><\/p>\n\n\n\n<p class=\"wp-block-paragraph\">\u00ab&nbsp;Si je peux \u00eatre provocateur, est-ce qu\u2019on ne devrait pas faire cette \u00e9tude en&nbsp;<a href=\"https:\/\/www.20minutes.fr\/dossier\/afrique\">Afrique<\/a>, o\u00f9 il n\u2019y a pas de masques&nbsp;?&nbsp;\u00bb Ces mots du professeur&nbsp;<a href=\"https:\/\/www.20minutes.fr\/sante\/2746999-20200324-publier-coronavirus-tablettes-hopitaux-italiens-malades-disent-adieu-proches\">Jean-Paul Mira<\/a>, chef du service de r\u00e9animation de l\u2019h\u00f4pital Cochin \u00e0 Paris, intervenant ce mercredi sur LCI au sujet de la piste du BCG, le vaccin contre la tuberculose, pour lutter contre le&nbsp;<a href=\"https:\/\/www.20minutes.fr\/dossier\/coronavirus\">coronavirus<\/a>&nbsp;ont provoqu\u00e9 la col\u00e8re et de vives critiques de la part de&nbsp;milliers d\u2019internautes.<\/p>\n\n\n\n<p class=\"wp-block-paragraph\">Dans cette s\u00e9quence diffus\u00e9e en direct, le professeur&nbsp;sugg\u00e8re \u00e0 Camille Locht, directeur de recherche \u00e0 l\u2019Inserm, de faire des essais sur le continent africain&nbsp;:&nbsp;\u00ab&nbsp;Est-ce qu\u2019on ne devrait pas faire cette \u00e9tude en Afrique, o\u00f9 il n\u2019y a pas de masques, pas de traitements, pas de r\u00e9animation&nbsp;?&nbsp;Un peu comme c\u2019est fait d\u2019ailleurs pour certaines \u00e9tudes sur le sida.&nbsp;\u00bb Et le m\u00e9decin de poursuivre&nbsp;:&nbsp;\u00ab&nbsp;Chez les prostitu\u00e9es, on essaye des choses parce qu\u2019on sait qu\u2019elles sont hautement expos\u00e9es et qu\u2019elles ne se prot\u00e8gent pas.&nbsp;\u00bb R\u00e9ponse de Camille Locht&nbsp;:&nbsp;\u00ab&nbsp;Vous avez raison, on est d\u2019ailleurs en train de r\u00e9fl\u00e9chir \u00e0 une \u00e9tude en parall\u00e8le en Afrique.&nbsp;\u00bb<\/p>\n\n\n\n<figure class=\"wp-block-image\"><a href=\"https:\/\/twitter.com\/DossehLaFamine\"><img decoding=\"async\" src=\"https:\/\/pbs.twimg.com\/profile_images\/1233840949211648000\/5CsiJ6Ij_normal.jpg\" alt=\"\"\/><\/a><\/figure>\n\n\n\n<p class=\"wp-block-paragraph\"><a href=\"https:\/\/twitter.com\/DossehLaFamine\"><strong>D O $ $ \u20ac # | 2020<\/strong><strong>\u2714<\/strong>@DossehLaFamine<\/a><a href=\"https:\/\/twitter.com\/DossehLaFamine\/status\/1245495289974308865\"><\/a><a href=\"https:\/\/twitter.com\/DossehLaFamine\/status\/1245495289974308865\"><\/a><a href=\"https:\/\/twitter.com\/intent\/like?tweet_id=1245495289974308865\">14,2&nbsp;k<\/a><a href=\"https:\/\/twitter.com\/DossehLaFamine\/status\/1245495289974308865\">01:36 &#8211; 2 avr. 2020<\/a><a href=\"https:\/\/support.twitter.com\/articles\/20175256\">Informations sur les Publicit\u00e9s Twitter et confidentialit\u00e9<\/a><a href=\"https:\/\/twitter.com\/DossehLaFamine\/status\/1245495289974308865\">15,2&nbsp;k personnes parlent \u00e0 ce sujet<\/a><\/p>\n\n\n\n<p class=\"wp-block-paragraph\">Sur&nbsp;Twitter, l\u2019extrait mis en ligne et visionn\u00e9 des millions de fois a soulev\u00e9 une vague d\u2019indignation. \u00ab&nbsp;Cette vid\u00e9o augmente vraiment ma tension, vraiment&nbsp;!&nbsp;\u00bb, \u00ab&nbsp;Si je peux \u00eatre provocateur, la colonisation a l\u2019air de beaucoup manquer \u00e0 certains&nbsp;\u00bb, ont comment\u00e9 des internautes.<\/p>\n\n\n\n<figure class=\"wp-block-image\"><a href=\"https:\/\/twitter.com\/DossehLaFamine\"><img decoding=\"async\" src=\"https:\/\/pbs.twimg.com\/profile_images\/1233840949211648000\/5CsiJ6Ij_normal.jpg\" alt=\"\"\/><\/a><\/figure>\n\n\n\n<p class=\"wp-block-paragraph\"><a href=\"https:\/\/twitter.com\/DossehLaFamine\"><strong>D O $ $ \u20ac # | 2020<\/strong><strong>\u2714<\/strong>@DossehLaFamine<\/a>&nbsp;\u00b7&nbsp;<a href=\"https:\/\/twitter.com\/DossehLaFamine\/status\/1245495289974308865\">2 avr. 2020<\/a><a href=\"https:\/\/twitter.com\/DossehLaFamine\/status\/1245495289974308865\"><\/a><a href=\"https:\/\/twitter.com\/DossehLaFamine\/status\/1245495289974308865\"><\/a><\/p>\n\n\n\n<figure class=\"wp-block-image\"><a href=\"https:\/\/twitter.com\/alixbenezech\"><img decoding=\"async\" src=\"https:\/\/pbs.twimg.com\/profile_images\/1233110087234965504\/lg4GEBuS_normal.jpg\" alt=\"\"\/><\/a><\/figure>\n\n\n\n<p class=\"wp-block-paragraph\"><a href=\"https:\/\/twitter.com\/alixbenezech\"><strong>AlixB\u00e9n\u00e9zech<\/strong><strong>\u2714<\/strong>@alixbenezech<\/a><\/p>\n\n\n\n<figure class=\"wp-block-image\"><img decoding=\"async\" src=\"https:\/\/abs.twimg.com\/emoji\/v2\/72x72\/1f633.png\" alt=\"\ud83d\ude33\"\/><\/figure>\n\n\n\n<figure class=\"wp-block-image\"><img decoding=\"async\" src=\"https:\/\/abs.twimg.com\/emoji\/v2\/72x72\/1f631.png\" alt=\"\ud83d\ude31\"\/><\/figure>\n\n\n\n<p class=\"wp-block-paragraph\">C&rsquo;est moi ou il sous entend que certains humains seraient des cobayes plus acceptables ? C&rsquo;est pas possible  horrible.. tenir ce genre de propos c&rsquo;est monstrueux <a href=\"https:\/\/twitter.com\/csaudiovisuel\">@csaudiovisuel<\/a><a href=\"https:\/\/twitter.com\/intent\/like?tweet_id=1245660601692459010\">391<\/a><a href=\"https:\/\/twitter.com\/alixbenezech\/status\/1245660601692459010\">12:33 &#8211; 2 avr. 2020<\/a><a href=\"https:\/\/support.twitter.com\/articles\/20175256\">Informations sur les Publicit\u00e9s Twitter et confidentialit\u00e9<\/a><a href=\"https:\/\/twitter.com\/alixbenezech\/status\/1245660601692459010\">96 personnes parlent \u00e0 ce sujet<\/a><\/p>\n\n\n\n<p class=\"wp-block-paragraph\">Amandine Gay, r\u00e9alisatrice, et Dominique Sopo, pr\u00e9sident de SOS Racisme, ont fait part de leur d\u00e9cision&nbsp;de saisir le CSA. Le&nbsp;<a href=\"https:\/\/www.parti-socialiste.fr\/reaction_du_ps_sequence_lci\" target=\"_blank\" rel=\"noreferrer noopener\">Parti socialiste<\/a>&nbsp;a aussi r\u00e9agi \u00e0 cette s\u00e9quence pol\u00e9mique dans un communiqu\u00e9&nbsp;:&nbsp;\u00ab&nbsp;N\u2019en d\u00e9plaise \u00e0 nos deux \u00e9minents professeurs, l\u2019Afrique n\u2019est pas un vivier de cobayes. Nous attendons de la part de LCI une condamnation sans appel de ces propos inacceptables. Nous demandons \u00e0 la direction g\u00e9n\u00e9rale de la sant\u00e9 et \u00e0 l\u2019OMS de faire toute la lumi\u00e8re sur les pratiques \u00e9voqu\u00e9es.&nbsp;\u00bb<\/p>\n\n\n\n<h2 class=\"wp-block-heading\">FAKE OFF<\/h2>\n\n\n\n<p class=\"wp-block-paragraph\">L\u2019Inserm (Institut national de la sant\u00e9 et de la recherche m\u00e9dicale), dont fait partie Camille Locht, a publi\u00e9&nbsp;<a href=\"https:\/\/presse.inserm.fr\/le-vaccin-bcg-pour-combattre-le-covid-19-vraiment\/38920\/\" target=\"_blank\" rel=\"noreferrer noopener\">un communiqu\u00e9<\/a>&nbsp;dans lequel il&nbsp;\u00e9voque une vid\u00e9o tronqu\u00e9e et qui fait \u00ab&nbsp;l\u2019objet d\u2019interpr\u00e9tations erron\u00e9es&nbsp;\u00bb&nbsp;:&nbsp;\u00ab&nbsp;Des essais cliniques visant \u00e0 tester l\u2019efficacit\u00e9 du vaccin BCG contre le Covid-19 sont en cours ou sur le point d\u2019\u00eatre lanc\u00e9s dans les pays europ\u00e9ens et en Australie. S\u2019il y a bien une r\u00e9flexion autour d\u2019un d\u00e9ploiement en Afrique, il se ferait en parall\u00e8le de ces derniers. L\u2019Afrique ne doit pas \u00eatre oubli\u00e9e ni exclue des recherches car la pand\u00e9mie est globale.&nbsp;\u00bb<\/p>\n\n\n\n<p class=\"wp-block-paragraph\">Nous avons consult\u00e9 plus largement la s\u00e9quence\u00a0ce \u00ab\u00a0questions-r\u00e9ponses\u00a0\u00bb \u00e0 Camille Locht, anim\u00e9 par Arlette Chabot et intitul\u00e9 \u00ab\u00a0Traitement\u00a0:\u00a0la piste du vaccin BCG\u00a0\u00bb. La question de\u00a0Jean-Paul Mira\u00a0se trouve \u00e0 partir de 3&prime;, comme vous pouvez le constater ci-dessous. Juste avant les propos qui ont choqu\u00e9 les internautes, le m\u00e9decin\u00a0souligne que \u00ab\u00a0le probl\u00e8me est qu\u2019on\u00a0est\u00a0en confinement avec des gens ultraprot\u00e9g\u00e9s. Il va falloir un nombre consid\u00e9rable de malades pour voir une diff\u00e9rence [sur l\u2019impact du BCG dans la contamination au Covid19], non\u00a0?\u00a0\u00bb Ce \u00e0 quoi Camille Locht r\u00e9pond en confirmant que les mesures\u00a0de pr\u00e9vention comme les\u00a0masques devraient faire diminuer\u00a0la\u00a0fr\u00e9quence d\u2019infection dans les semaines qui viennent en France. Il en\u00a0d\u00e9duit alors que\u00a0l\u2019\u00e9tude devra se faire \u00e0 grande \u00e9chelle dans plusieurs pays \u00e9trangers, en prenant soin de\u00a0coordonner les protocoles pour avoir des statistiques fiables.<\/p>\n\n\n\n<h2 class=\"wp-block-heading\">Des tests sur 4.000 soignants en Australie<\/h2>\n\n\n\n<p class=\"wp-block-paragraph\">En France, \u00ab&nbsp;des essais cliniques avec le BCG&nbsp;pour voir s\u2019il peut lutter contre les formes les plus s\u00e9v\u00e8res du Covid-19 sont en cours&nbsp;\u00bb,<a href=\"https:\/\/www.20minutes.fr\/societe\/2751171-20200331-coronavirus-puis-etre-contamine-deuxieme-fois-covid-19-si-oui-existe-remede-vaccin\">confirmait Jean Dubuisson<\/a>, chercheur du CNRS au Centre d\u2019infection et d\u2019immunit\u00e9\u0301 de Lille, sp\u00e9cialis\u00e9 dans le cycle de vie des coronavirus humains et la&nbsp;relation h\u00f4te-pathog\u00e8ne, ce mardi.<\/p>\n\n\n\n<p class=\"wp-block-paragraph\">Au sujet de l\u2019intervention du professeur&nbsp;Jean-Paul Mira sur LCI, le chercheur pr\u00e9cise ce vendredi \u00e0&nbsp;<em>20 Minutes<\/em>&nbsp;:\u00ab&nbsp;Des essais cliniques utilisant le BCG sont mis en place en Europe mais pas pour l\u2019instant en Afrique. Camille Locht a donc r\u00e9pondu que ce serait une bonne id\u00e9e de pouvoir \u00e9tendre \u00e9galement ce type d\u2019essai clinique en Afrique et, en ce sens, il a tout \u00e0 fait raison. Le probl\u00e8me dans cette pol\u00e9mique vient de la mani\u00e8re dont le professeur Jean-Paul Mira a pos\u00e9 la question, qui \u00e9tait assez d\u00e9rangeante d\u2019un point de vue \u00e9thique, ce qui a conduit \u00e0 des r\u00e9actions sur les r\u00e9seaux sociaux.&nbsp;\u00bb<\/p>\n\n\n\n<p class=\"wp-block-paragraph\">\u00ab\u00a0Concernant le vaccin BCG, les essais se font\u00a0en\u00a0Europe et aux USA, pas en Afrique\u00a0\u00bb, conforte de son c\u00f4t\u00e9 Fr\u00e9d\u00e9ric Tangy, chercheur du CNRS affect\u00e9 au laboratoire d\u2019innovation vaccinale de l\u2019Institut Pasteur. \u00ab\u00a0D\u2019ailleurs, le BCG\u00a0ne fonctionne pas tr\u00e8s bien sur ce continent, sans que l\u2019on sache vraiment pourquoi. Ce qui est int\u00e9ressant dans ce vaccin, ce sont ses effets non sp\u00e9cifiques. Comme pour le vaccin anti-rougeole, qui poss\u00e8de des propri\u00e9t\u00e9s anti-infectieuses larges.\u00a0\u00bb L\u2019Institut Pasteur a ainsi \u00e9galement entam\u00e9 l\u2019\u00e9laboration d\u2019un vaccin \u00e0 partir du virus att\u00e9nu\u00e9 de la rougeole.<\/p>\n\n\n\n<p class=\"wp-block-paragraph\">En Australie, pays \u00e9voqu\u00e9 par l\u2019Inserm dans son communiqu\u00e9, une \u00e9quipe de chercheurs&nbsp;de&nbsp;<a href=\"https:\/\/www.mcri.edu.au\/news\/murdoch-children%E2%80%99s-research-institute-trial-preventative-vaccine-covid-19-healthcare-workers\" target=\"_blank\" rel=\"noreferrer noopener\">l\u2019Institut Murdoch \u00e0 Melbourne<\/a>&nbsp;a effectivement annonc\u00e9 vendredi 27&nbsp;mars avoir entrepris de tester le BCG sur une cat\u00e9gorie de population&nbsp;:&nbsp;\u00ab&nbsp;Le test concernera un total de quelque 4.000 personnels soignants dans les h\u00f4pitaux australiens&nbsp;\u00bb, ont pr\u00e9cis\u00e9 les chercheurs.<\/p>\n\n\n\n<h2 class=\"wp-block-heading\">\u00ab&nbsp;L\u2019Afrique pourrait \u00eatre plus expos\u00e9e aux formes graves&nbsp;\u00bb<\/h2>\n\n\n\n<p class=\"wp-block-paragraph\">Contact\u00e9 par&nbsp;<em><a href=\"https:\/\/www.huffingtonpost.fr\/entry\/coronavirus-sequence-lci-evoquant-vaccin-et-afrique-fait-bondir-les-internautes_fr_5e86127dc5b6a9491832c91b\" target=\"_blank\" rel=\"noreferrer noopener\">Le HuffPost,<\/a><\/em>&nbsp;Jean-Paul Mira r\u00e9fute tout racisme et explique&nbsp;avoir voulu faire r\u00e9f\u00e9rence \u00e9galement aux diff\u00e9rentes \u00e9tudes en cours&nbsp;:&nbsp;\u00ab&nbsp;L\u2019Afrique est touch\u00e9e, mais il y a peu de tests effectu\u00e9s pour le prouver. Elle&nbsp;pourrait \u00eatre encore plus expos\u00e9e aux formes graves car il y aura peu de masques, et peu de confinement du fait de la structure sociale. Il me semblait alors int\u00e9ressant qu\u2019en plus de la France et de l\u2019Australie, un pays africain puisse participer \u00e0 cette \u00e9tude dont je n\u2019avais jamais entendu parler avant l\u2019\u00e9mission.&nbsp;\u00bb<\/p>\n\n\n\n<p class=\"wp-block-paragraph\">Plus tard, dans la soir\u00e9e, il a fait parvenir un communiqu\u00e9 pr\u00e9cisant<\/p>\n\n\n\n<p class=\"wp-block-paragraph\">\u00ab&nbsp;Je veux pr\u00e9senter toutes mes excuses, demander \u00e0 celles et \u00e0 ceux qui ont \u00e9t\u00e9 heurt\u00e9s, choqu\u00e9s, qui se sont sentis insult\u00e9s par des propos que j\u2019ai maladroitement prononc\u00e9s sur LCI cette semaine, leur pr\u00e9senter mes excuses les plus sinc\u00e8res, parce que ces propos ne refl\u00e8tent en rien ce que je suis, ce que je fais au quotidien, depuis maintenant 30 ans&nbsp;\u00bb.<\/p>\n\n\n\n<p class=\"wp-block-paragraph\">Jean-Paul Mira a pass\u00e9 son compte Twitter en priv\u00e9 en raison des menaces et insultes qu\u2019il recevait depuis cette s\u00e9quence.<\/p>\n\n\n\n<p class=\"wp-block-paragraph\">De son c\u00f4t\u00e9, l\u2019AP-HP \u00ab&nbsp;prend acte de ces regrets et condamne toute prise de position qui, \u00e0 tort ou \u00e0 raison, pourrait \u00eatre interpr\u00e9t\u00e9e comme p\u00e9jorative vis-\u00e0-vis de pays africains et s\u2019engage \u00e0 l\u2019inverse \u00e0 continuer \u00e0 participer aux initiatives les plus utiles pour les soutenir d\u2019un point de vue scientifique et m\u00e9dical&nbsp;\u00bb.<\/p>\n\n\n\n<p class=\"wp-block-paragraph\">Quoi qu\u2019il en soit, les chercheurs se veulent prudents&nbsp;:&nbsp;la piste du vaccin BCG est tr\u00e8s int\u00e9ressante, mais elle n\u00e9cessite d\u2019\u00eatre explor\u00e9e au sein d\u2019essais cliniques rigoureux. Aucune donn\u00e9e ne permet \u00e0 ce jour de recommander une vaccination au BCG pour se prot\u00e9ger du Covid-19.<\/p>\n","protected":false,"gt_translate_keys":[{"key":"rendered","format":"html"}]},"excerpt":{"rendered":"<p>Jean-Paul Mira a pass\u00e9 son compte Twitter en priv\u00e9 en raison des menaces et insultes qu\u2019il recevait depuis cette s\u00e9quence.<\/p>\n","protected":false,"gt_translate_keys":[{"key":"rendered","format":"html"}]},"author":1,"featured_media":844,"comment_status":"open","ping_status":"open","sticky":false,"template":"","format":"standard","meta":{"_crdt_document":"","footnotes":""},"categories":[220,221],"tags":[106],"class_list":["post-843","post","type-post","status-publish","format-standard","has-post-thumbnail","hentry","category-coronnavirus","category-vaccin","tag-vaccin-coronavirus"],"gutentor_comment":0,"yoast_head":"<!-- This site is optimized with the Yoast SEO plugin v27.5 - https:\/\/yoast.com\/product\/yoast-seo-wordpress\/ -->\n<title>Covid-19 : Une s\u00e9quence de LCI sur le test d&#039;un vaccin en Afrique suscite l\u2019indignation des internautes - Actualit\u00e9s congolaises et internationales<\/title>\n<meta name=\"robots\" content=\"index, follow, max-snippet:-1, max-image-preview:large, max-video-preview:-1\" \/>\n<link rel=\"canonical\" href=\"https:\/\/congovirtuel.com\/information\/covid-19-une-sequence-de-lci-sur-le-test-dun-vaccin-en-afrique-suscite-lindignation-des-internautes\/\" \/>\n<meta property=\"og:locale\" content=\"fr_FR\" \/>\n<meta property=\"og:type\" content=\"article\" \/>\n<meta property=\"og:title\" content=\"Covid-19 : Une s\u00e9quence de LCI sur le test d&#039;un vaccin en Afrique suscite l\u2019indignation des internautes - Actualit\u00e9s congolaises et internationales\" \/>\n<meta property=\"og:description\" content=\"Jean-Paul Mira a pass\u00e9 son compte Twitter en priv\u00e9 en raison des menaces et insultes qu\u2019il recevait depuis cette s\u00e9quence.\" \/>\n<meta property=\"og:url\" content=\"https:\/\/congovirtuel.com\/information\/covid-19-une-sequence-de-lci-sur-le-test-dun-vaccin-en-afrique-suscite-lindignation-des-internautes\/\" \/>\n<meta property=\"og:site_name\" content=\"Actualit\u00e9s congolaises et internationales\" \/>\n<meta property=\"article:publisher\" content=\"https:\/\/web.facebook.com\/Congovirtuel-763617960319601\/?ref=aymt_homepage_panel&amp;amp%3bamp%3bamp%3bamp%3bamp%3bamp%3bamp%3bamp%3bamp%3bamp%3bamp%3beid=ARCoxULa66767kIgF_KYav6VdjXTI4yk_LW4yoVO9s6NXpysgb7Cb65vpxcxgqzOAKvIbLQxaAETcqHT\" \/>\n<meta property=\"article:published_time\" content=\"2020-04-04T06:17:02+00:00\" \/>\n<meta property=\"article:modified_time\" content=\"2020-04-04T06:17:07+00:00\" \/>\n<meta property=\"og:image\" content=\"https:\/\/congovirtuel.com\/information\/wp-content\/uploads\/2020\/04\/africain_fil.jpg\" \/>\n\t<meta property=\"og:image:width\" content=\"960\" \/>\n\t<meta property=\"og:image:height\" content=\"614\" \/>\n\t<meta property=\"og:image:type\" content=\"image\/jpeg\" \/>\n<meta name=\"author\" content=\"infocongovirtuel\" \/>\n<meta name=\"twitter:card\" content=\"summary_large_image\" \/>\n<meta name=\"twitter:creator\" content=\"@congovirtuel\" \/>\n<meta name=\"twitter:site\" content=\"@congovirtuel\" \/>\n<meta name=\"twitter:label1\" content=\"\u00c9crit par\" \/>\n\t<meta name=\"twitter:data1\" content=\"infocongovirtuel\" \/>\n\t<meta name=\"twitter:label2\" content=\"Dur\u00e9e de lecture estim\u00e9e\" \/>\n\t<meta name=\"twitter:data2\" content=\"7 minutes\" \/>\n<script type=\"application\/ld+json\" class=\"yoast-schema-graph\">{\"@context\":\"https:\\\/\\\/schema.org\",\"@graph\":[{\"@type\":\"Article\",\"@id\":\"https:\\\/\\\/congovirtuel.com\\\/information\\\/covid-19-une-sequence-de-lci-sur-le-test-dun-vaccin-en-afrique-suscite-lindignation-des-internautes\\\/#article\",\"isPartOf\":{\"@id\":\"https:\\\/\\\/congovirtuel.com\\\/information\\\/covid-19-une-sequence-de-lci-sur-le-test-dun-vaccin-en-afrique-suscite-lindignation-des-internautes\\\/\"},\"author\":{\"name\":\"infocongovirtuel\",\"@id\":\"https:\\\/\\\/congovirtuel.com\\\/information\\\/#\\\/schema\\\/person\\\/739a44bf7990966cb53d58d2fdeca0b6\"},\"headline\":\"Covid-19 : Une s\u00e9quence de LCI sur le test d&rsquo;un vaccin en Afrique suscite l\u2019indignation des internautes\",\"datePublished\":\"2020-04-04T06:17:02+00:00\",\"dateModified\":\"2020-04-04T06:17:07+00:00\",\"mainEntityOfPage\":{\"@id\":\"https:\\\/\\\/congovirtuel.com\\\/information\\\/covid-19-une-sequence-de-lci-sur-le-test-dun-vaccin-en-afrique-suscite-lindignation-des-internautes\\\/\"},\"wordCount\":1480,\"commentCount\":0,\"publisher\":{\"@id\":\"https:\\\/\\\/congovirtuel.com\\\/information\\\/#organization\"},\"image\":{\"@id\":\"https:\\\/\\\/congovirtuel.com\\\/information\\\/covid-19-une-sequence-de-lci-sur-le-test-dun-vaccin-en-afrique-suscite-lindignation-des-internautes\\\/#primaryimage\"},\"thumbnailUrl\":\"https:\\\/\\\/congovirtuel.com\\\/information\\\/wp-content\\\/uploads\\\/2020\\\/04\\\/africain_fil.jpg\",\"keywords\":[\"vaccin coronavirus\"],\"articleSection\":[\"Coronnavirus\",\"Vaccin\"],\"inLanguage\":\"fr-FR\",\"potentialAction\":[{\"@type\":\"CommentAction\",\"name\":\"Comment\",\"target\":[\"https:\\\/\\\/congovirtuel.com\\\/information\\\/covid-19-une-sequence-de-lci-sur-le-test-dun-vaccin-en-afrique-suscite-lindignation-des-internautes\\\/#respond\"]}]},{\"@type\":\"WebPage\",\"@id\":\"https:\\\/\\\/congovirtuel.com\\\/information\\\/covid-19-une-sequence-de-lci-sur-le-test-dun-vaccin-en-afrique-suscite-lindignation-des-internautes\\\/\",\"url\":\"https:\\\/\\\/congovirtuel.com\\\/information\\\/covid-19-une-sequence-de-lci-sur-le-test-dun-vaccin-en-afrique-suscite-lindignation-des-internautes\\\/\",\"name\":\"Covid-19 : Une s\u00e9quence de LCI sur le test d'un vaccin en Afrique suscite l\u2019indignation des internautes - Actualit\u00e9s congolaises et internationales\",\"isPartOf\":{\"@id\":\"https:\\\/\\\/congovirtuel.com\\\/information\\\/#website\"},\"primaryImageOfPage\":{\"@id\":\"https:\\\/\\\/congovirtuel.com\\\/information\\\/covid-19-une-sequence-de-lci-sur-le-test-dun-vaccin-en-afrique-suscite-lindignation-des-internautes\\\/#primaryimage\"},\"image\":{\"@id\":\"https:\\\/\\\/congovirtuel.com\\\/information\\\/covid-19-une-sequence-de-lci-sur-le-test-dun-vaccin-en-afrique-suscite-lindignation-des-internautes\\\/#primaryimage\"},\"thumbnailUrl\":\"https:\\\/\\\/congovirtuel.com\\\/information\\\/wp-content\\\/uploads\\\/2020\\\/04\\\/africain_fil.jpg\",\"datePublished\":\"2020-04-04T06:17:02+00:00\",\"dateModified\":\"2020-04-04T06:17:07+00:00\",\"breadcrumb\":{\"@id\":\"https:\\\/\\\/congovirtuel.com\\\/information\\\/covid-19-une-sequence-de-lci-sur-le-test-dun-vaccin-en-afrique-suscite-lindignation-des-internautes\\\/#breadcrumb\"},\"inLanguage\":\"fr-FR\",\"potentialAction\":[{\"@type\":\"ReadAction\",\"target\":[\"https:\\\/\\\/congovirtuel.com\\\/information\\\/covid-19-une-sequence-de-lci-sur-le-test-dun-vaccin-en-afrique-suscite-lindignation-des-internautes\\\/\"]}]},{\"@type\":\"ImageObject\",\"inLanguage\":\"fr-FR\",\"@id\":\"https:\\\/\\\/congovirtuel.com\\\/information\\\/covid-19-une-sequence-de-lci-sur-le-test-dun-vaccin-en-afrique-suscite-lindignation-des-internautes\\\/#primaryimage\",\"url\":\"https:\\\/\\\/congovirtuel.com\\\/information\\\/wp-content\\\/uploads\\\/2020\\\/04\\\/africain_fil.jpg\",\"contentUrl\":\"https:\\\/\\\/congovirtuel.com\\\/information\\\/wp-content\\\/uploads\\\/2020\\\/04\\\/africain_fil.jpg\",\"width\":960,\"height\":614,\"caption\":\"file_indien_afrique\"},{\"@type\":\"BreadcrumbList\",\"@id\":\"https:\\\/\\\/congovirtuel.com\\\/information\\\/covid-19-une-sequence-de-lci-sur-le-test-dun-vaccin-en-afrique-suscite-lindignation-des-internautes\\\/#breadcrumb\",\"itemListElement\":[{\"@type\":\"ListItem\",\"position\":1,\"name\":\"Accueil\",\"item\":\"https:\\\/\\\/congovirtuel.com\\\/information\\\/\"},{\"@type\":\"ListItem\",\"position\":2,\"name\":\"Covid-19 : Une s\u00e9quence de LCI sur le test d&rsquo;un vaccin en Afrique suscite l\u2019indignation des internautes\"}]},{\"@type\":\"WebSite\",\"@id\":\"https:\\\/\\\/congovirtuel.com\\\/information\\\/#website\",\"url\":\"https:\\\/\\\/congovirtuel.com\\\/information\\\/\",\"name\":\"Actualit\u00e9s congolaises et internationales\",\"description\":\"site d&#039;analyse et de traitement d&#039;information\",\"publisher\":{\"@id\":\"https:\\\/\\\/congovirtuel.com\\\/information\\\/#organization\"},\"potentialAction\":[{\"@type\":\"SearchAction\",\"target\":{\"@type\":\"EntryPoint\",\"urlTemplate\":\"https:\\\/\\\/congovirtuel.com\\\/information\\\/?s={search_term_string}\"},\"query-input\":{\"@type\":\"PropertyValueSpecification\",\"valueRequired\":true,\"valueName\":\"search_term_string\"}}],\"inLanguage\":\"fr-FR\"},{\"@type\":\"Organization\",\"@id\":\"https:\\\/\\\/congovirtuel.com\\\/information\\\/#organization\",\"name\":\"Biblioth\u00e8que Virtuelle de la RDC\",\"url\":\"https:\\\/\\\/congovirtuel.com\\\/information\\\/\",\"logo\":{\"@type\":\"ImageObject\",\"inLanguage\":\"fr-FR\",\"@id\":\"https:\\\/\\\/congovirtuel.com\\\/information\\\/#\\\/schema\\\/logo\\\/image\\\/\",\"url\":\"https:\\\/\\\/congovirtuel.com\\\/information\\\/wp-content\\\/uploads\\\/2018\\\/10\\\/header-info-congovirtuel-vraie.jpg\",\"contentUrl\":\"https:\\\/\\\/congovirtuel.com\\\/information\\\/wp-content\\\/uploads\\\/2018\\\/10\\\/header-info-congovirtuel-vraie.jpg\",\"width\":728,\"height\":90,\"caption\":\"Biblioth\u00e8que Virtuelle de la RDC\"},\"image\":{\"@id\":\"https:\\\/\\\/congovirtuel.com\\\/information\\\/#\\\/schema\\\/logo\\\/image\\\/\"},\"sameAs\":[\"https:\\\/\\\/web.facebook.com\\\/Congovirtuel-763617960319601\\\/?ref=aymt_homepage_panel&amp;amp;amp;amp;amp;amp;amp;amp;amp;amp;amp;eid=ARCoxULa66767kIgF_KYav6VdjXTI4yk_LW4yoVO9s6NXpysgb7Cb65vpxcxgqzOAKvIbLQxaAETcqHT\",\"https:\\\/\\\/x.com\\\/congovirtuel\",\"https:\\\/\\\/www.youtube.com\\\/channel\\\/UCkFfprYzGgS3EWNpeMXpToQ?view_as=subscriber\"]},{\"@type\":\"Person\",\"@id\":\"https:\\\/\\\/congovirtuel.com\\\/information\\\/#\\\/schema\\\/person\\\/739a44bf7990966cb53d58d2fdeca0b6\",\"name\":\"infocongovirtuel\",\"image\":{\"@type\":\"ImageObject\",\"inLanguage\":\"fr-FR\",\"@id\":\"https:\\\/\\\/secure.gravatar.com\\\/avatar\\\/4d76991aa72469f0eb22e772586c99113c6997f88da636a9db8f2ce3a2c05e69?s=96&d=mm&r=g\",\"url\":\"https:\\\/\\\/secure.gravatar.com\\\/avatar\\\/4d76991aa72469f0eb22e772586c99113c6997f88da636a9db8f2ce3a2c05e69?s=96&d=mm&r=g\",\"contentUrl\":\"https:\\\/\\\/secure.gravatar.com\\\/avatar\\\/4d76991aa72469f0eb22e772586c99113c6997f88da636a9db8f2ce3a2c05e69?s=96&d=mm&r=g\",\"caption\":\"infocongovirtuel\"},\"url\":\"https:\\\/\\\/congovirtuel.com\\\/information\\\/author\\\/infocongovirtuel\\\/\"}]}<\/script>\n<!-- \/ Yoast SEO plugin. -->","yoast_head_json":{"title":"Covid-19 : Une s\u00e9quence de LCI sur le test d'un vaccin en Afrique suscite l\u2019indignation des internautes - Actualit\u00e9s congolaises et internationales","robots":{"index":"index","follow":"follow","max-snippet":"max-snippet:-1","max-image-preview":"max-image-preview:large","max-video-preview":"max-video-preview:-1"},"canonical":"https:\/\/congovirtuel.com\/information\/covid-19-une-sequence-de-lci-sur-le-test-dun-vaccin-en-afrique-suscite-lindignation-des-internautes\/","og_locale":"fr_FR","og_type":"article","og_title":"Covid-19 : Une s\u00e9quence de LCI sur le test d'un vaccin en Afrique suscite l\u2019indignation des internautes - Actualit\u00e9s congolaises et internationales","og_description":"Jean-Paul Mira a pass\u00e9 son compte Twitter en priv\u00e9 en raison des menaces et insultes qu\u2019il recevait depuis cette s\u00e9quence.","og_url":"https:\/\/congovirtuel.com\/information\/covid-19-une-sequence-de-lci-sur-le-test-dun-vaccin-en-afrique-suscite-lindignation-des-internautes\/","og_site_name":"Actualit\u00e9s congolaises et internationales","article_publisher":"https:\/\/web.facebook.com\/Congovirtuel-763617960319601\/?ref=aymt_homepage_panel&amp%3bamp%3bamp%3bamp%3bamp%3bamp%3bamp%3bamp%3bamp%3bamp%3bamp%3beid=ARCoxULa66767kIgF_KYav6VdjXTI4yk_LW4yoVO9s6NXpysgb7Cb65vpxcxgqzOAKvIbLQxaAETcqHT","article_published_time":"2020-04-04T06:17:02+00:00","article_modified_time":"2020-04-04T06:17:07+00:00","og_image":[{"width":960,"height":614,"url":"https:\/\/congovirtuel.com\/information\/wp-content\/uploads\/2020\/04\/africain_fil.jpg","type":"image\/jpeg"}],"author":"infocongovirtuel","twitter_card":"summary_large_image","twitter_creator":"@congovirtuel","twitter_site":"@congovirtuel","twitter_misc":{"\u00c9crit par":"infocongovirtuel","Dur\u00e9e de lecture estim\u00e9e":"7 minutes"},"schema":{"@context":"https:\/\/schema.org","@graph":[{"@type":"Article","@id":"https:\/\/congovirtuel.com\/information\/covid-19-une-sequence-de-lci-sur-le-test-dun-vaccin-en-afrique-suscite-lindignation-des-internautes\/#article","isPartOf":{"@id":"https:\/\/congovirtuel.com\/information\/covid-19-une-sequence-de-lci-sur-le-test-dun-vaccin-en-afrique-suscite-lindignation-des-internautes\/"},"author":{"name":"infocongovirtuel","@id":"https:\/\/congovirtuel.com\/information\/#\/schema\/person\/739a44bf7990966cb53d58d2fdeca0b6"},"headline":"Covid-19 : Une s\u00e9quence de LCI sur le test d&rsquo;un vaccin en Afrique suscite l\u2019indignation des internautes","datePublished":"2020-04-04T06:17:02+00:00","dateModified":"2020-04-04T06:17:07+00:00","mainEntityOfPage":{"@id":"https:\/\/congovirtuel.com\/information\/covid-19-une-sequence-de-lci-sur-le-test-dun-vaccin-en-afrique-suscite-lindignation-des-internautes\/"},"wordCount":1480,"commentCount":0,"publisher":{"@id":"https:\/\/congovirtuel.com\/information\/#organization"},"image":{"@id":"https:\/\/congovirtuel.com\/information\/covid-19-une-sequence-de-lci-sur-le-test-dun-vaccin-en-afrique-suscite-lindignation-des-internautes\/#primaryimage"},"thumbnailUrl":"https:\/\/congovirtuel.com\/information\/wp-content\/uploads\/2020\/04\/africain_fil.jpg","keywords":["vaccin coronavirus"],"articleSection":["Coronnavirus","Vaccin"],"inLanguage":"fr-FR","potentialAction":[{"@type":"CommentAction","name":"Comment","target":["https:\/\/congovirtuel.com\/information\/covid-19-une-sequence-de-lci-sur-le-test-dun-vaccin-en-afrique-suscite-lindignation-des-internautes\/#respond"]}]},{"@type":"WebPage","@id":"https:\/\/congovirtuel.com\/information\/covid-19-une-sequence-de-lci-sur-le-test-dun-vaccin-en-afrique-suscite-lindignation-des-internautes\/","url":"https:\/\/congovirtuel.com\/information\/covid-19-une-sequence-de-lci-sur-le-test-dun-vaccin-en-afrique-suscite-lindignation-des-internautes\/","name":"Covid-19 : Une s\u00e9quence de LCI sur le test d'un vaccin en Afrique suscite l\u2019indignation des internautes - Actualit\u00e9s congolaises et internationales","isPartOf":{"@id":"https:\/\/congovirtuel.com\/information\/#website"},"primaryImageOfPage":{"@id":"https:\/\/congovirtuel.com\/information\/covid-19-une-sequence-de-lci-sur-le-test-dun-vaccin-en-afrique-suscite-lindignation-des-internautes\/#primaryimage"},"image":{"@id":"https:\/\/congovirtuel.com\/information\/covid-19-une-sequence-de-lci-sur-le-test-dun-vaccin-en-afrique-suscite-lindignation-des-internautes\/#primaryimage"},"thumbnailUrl":"https:\/\/congovirtuel.com\/information\/wp-content\/uploads\/2020\/04\/africain_fil.jpg","datePublished":"2020-04-04T06:17:02+00:00","dateModified":"2020-04-04T06:17:07+00:00","breadcrumb":{"@id":"https:\/\/congovirtuel.com\/information\/covid-19-une-sequence-de-lci-sur-le-test-dun-vaccin-en-afrique-suscite-lindignation-des-internautes\/#breadcrumb"},"inLanguage":"fr-FR","potentialAction":[{"@type":"ReadAction","target":["https:\/\/congovirtuel.com\/information\/covid-19-une-sequence-de-lci-sur-le-test-dun-vaccin-en-afrique-suscite-lindignation-des-internautes\/"]}]},{"@type":"ImageObject","inLanguage":"fr-FR","@id":"https:\/\/congovirtuel.com\/information\/covid-19-une-sequence-de-lci-sur-le-test-dun-vaccin-en-afrique-suscite-lindignation-des-internautes\/#primaryimage","url":"https:\/\/congovirtuel.com\/information\/wp-content\/uploads\/2020\/04\/africain_fil.jpg","contentUrl":"https:\/\/congovirtuel.com\/information\/wp-content\/uploads\/2020\/04\/africain_fil.jpg","width":960,"height":614,"caption":"file_indien_afrique"},{"@type":"BreadcrumbList","@id":"https:\/\/congovirtuel.com\/information\/covid-19-une-sequence-de-lci-sur-le-test-dun-vaccin-en-afrique-suscite-lindignation-des-internautes\/#breadcrumb","itemListElement":[{"@type":"ListItem","position":1,"name":"Accueil","item":"https:\/\/congovirtuel.com\/information\/"},{"@type":"ListItem","position":2,"name":"Covid-19 : Une s\u00e9quence de LCI sur le test d&rsquo;un vaccin en Afrique suscite l\u2019indignation des internautes"}]},{"@type":"WebSite","@id":"https:\/\/congovirtuel.com\/information\/#website","url":"https:\/\/congovirtuel.com\/information\/","name":"Actualit\u00e9s congolaises et internationales","description":"site d&#039;analyse et de traitement d&#039;information","publisher":{"@id":"https:\/\/congovirtuel.com\/information\/#organization"},"potentialAction":[{"@type":"SearchAction","target":{"@type":"EntryPoint","urlTemplate":"https:\/\/congovirtuel.com\/information\/?s={search_term_string}"},"query-input":{"@type":"PropertyValueSpecification","valueRequired":true,"valueName":"search_term_string"}}],"inLanguage":"fr-FR"},{"@type":"Organization","@id":"https:\/\/congovirtuel.com\/information\/#organization","name":"Biblioth\u00e8que Virtuelle de la RDC","url":"https:\/\/congovirtuel.com\/information\/","logo":{"@type":"ImageObject","inLanguage":"fr-FR","@id":"https:\/\/congovirtuel.com\/information\/#\/schema\/logo\/image\/","url":"https:\/\/congovirtuel.com\/information\/wp-content\/uploads\/2018\/10\/header-info-congovirtuel-vraie.jpg","contentUrl":"https:\/\/congovirtuel.com\/information\/wp-content\/uploads\/2018\/10\/header-info-congovirtuel-vraie.jpg","width":728,"height":90,"caption":"Biblioth\u00e8que Virtuelle de la RDC"},"image":{"@id":"https:\/\/congovirtuel.com\/information\/#\/schema\/logo\/image\/"},"sameAs":["https:\/\/web.facebook.com\/Congovirtuel-763617960319601\/?ref=aymt_homepage_panel&amp;amp;amp;amp;amp;amp;amp;amp;amp;amp;amp;eid=ARCoxULa66767kIgF_KYav6VdjXTI4yk_LW4yoVO9s6NXpysgb7Cb65vpxcxgqzOAKvIbLQxaAETcqHT","https:\/\/x.com\/congovirtuel","https:\/\/www.youtube.com\/channel\/UCkFfprYzGgS3EWNpeMXpToQ?view_as=subscriber"]},{"@type":"Person","@id":"https:\/\/congovirtuel.com\/information\/#\/schema\/person\/739a44bf7990966cb53d58d2fdeca0b6","name":"infocongovirtuel","image":{"@type":"ImageObject","inLanguage":"fr-FR","@id":"https:\/\/secure.gravatar.com\/avatar\/4d76991aa72469f0eb22e772586c99113c6997f88da636a9db8f2ce3a2c05e69?s=96&d=mm&r=g","url":"https:\/\/secure.gravatar.com\/avatar\/4d76991aa72469f0eb22e772586c99113c6997f88da636a9db8f2ce3a2c05e69?s=96&d=mm&r=g","contentUrl":"https:\/\/secure.gravatar.com\/avatar\/4d76991aa72469f0eb22e772586c99113c6997f88da636a9db8f2ce3a2c05e69?s=96&d=mm&r=g","caption":"infocongovirtuel"},"url":"https:\/\/congovirtuel.com\/information\/author\/infocongovirtuel\/"}]}},"gt_translate_keys":[{"key":"link","format":"url"}],"_links":{"self":[{"href":"https:\/\/congovirtuel.com\/information\/wp-json\/wp\/v2\/posts\/843","targetHints":{"allow":["GET"]}}],"collection":[{"href":"https:\/\/congovirtuel.com\/information\/wp-json\/wp\/v2\/posts"}],"about":[{"href":"https:\/\/congovirtuel.com\/information\/wp-json\/wp\/v2\/types\/post"}],"author":[{"embeddable":true,"href":"https:\/\/congovirtuel.com\/information\/wp-json\/wp\/v2\/users\/1"}],"replies":[{"embeddable":true,"href":"https:\/\/congovirtuel.com\/information\/wp-json\/wp\/v2\/comments?post=843"}],"version-history":[{"count":1,"href":"https:\/\/congovirtuel.com\/information\/wp-json\/wp\/v2\/posts\/843\/revisions"}],"predecessor-version":[{"id":845,"href":"https:\/\/congovirtuel.com\/information\/wp-json\/wp\/v2\/posts\/843\/revisions\/845"}],"wp:featuredmedia":[{"embeddable":true,"href":"https:\/\/congovirtuel.com\/information\/wp-json\/wp\/v2\/media\/844"}],"wp:attachment":[{"href":"https:\/\/congovirtuel.com\/information\/wp-json\/wp\/v2\/media?parent=843"}],"wp:term":[{"taxonomy":"category","embeddable":true,"href":"https:\/\/congovirtuel.com\/information\/wp-json\/wp\/v2\/categories?post=843"},{"taxonomy":"post_tag","embeddable":true,"href":"https:\/\/congovirtuel.com\/information\/wp-json\/wp\/v2\/tags?post=843"}],"curies":[{"name":"wp","href":"https:\/\/api.w.org\/{rel}","templated":true}]}}