{"id":8563,"date":"2021-05-03T16:44:02","date_gmt":"2021-05-03T15:44:02","guid":{"rendered":"https:\/\/congovirtuel.com\/information\/?p=8563"},"modified":"2021-05-03T16:44:25","modified_gmt":"2021-05-03T15:44:25","slug":"genocide-au-rwanda-un-non-lieu-requis-contre-larmee-francaise-accusee-davoir-abandonne-des-centaines-de-tutsi","status":"publish","type":"post","link":"https:\/\/congovirtuel.com\/information\/genocide-au-rwanda-un-non-lieu-requis-contre-larmee-francaise-accusee-davoir-abandonne-des-centaines-de-tutsi\/","title":{"rendered":"G\u00e9nocide au Rwanda : un non-lieu requis contre l\u2019arm\u00e9e fran\u00e7aise, accus\u00e9e d\u2019avoir abandonn\u00e9 des centaines de Tutsi","gt_translate_keys":[{"key":"rendered","format":"text"}]},"content":{"rendered":"\n<p class=\"wp-block-paragraph\">Les cinq officiers g\u00e9n\u00e9raux de l\u2019op\u00e9ration \u00ab Turquoise \u00bb n\u2019ayant pas \u00e9t\u00e9 mis en examen, la d\u00e9cision finale revient aux juges d\u2019instruction, qui devraient ordonner un non-lieu.<\/p>\n\n\n\n<p class=\"wp-block-paragraph\">Le parquet de Paris a requis un non-lieu g\u00e9n\u00e9ral dans l\u2019enqu\u00eate sur l\u2019inaction reproch\u00e9e \u00e0 l\u2019arm\u00e9e fran\u00e7aise lors des massacres de Bisesero \u00e0 la fin de\u00a0juin\u00a01994, pendant le g\u00e9nocide des Tutsi au Rwanda, a appris lundi l\u2019Agence France-Presse (AFP) de sources proches du dossier.<\/p>\n\n\n\n<p class=\"wp-block-paragraph\">La d\u00e9cision finale revient d\u00e9sormais aux juges d\u2019instruction.<\/p>\n\n\n\n<p class=\"wp-block-paragraph\">Les cinq officiers g\u00e9n\u00e9raux de l\u2019op\u00e9ration \u00ab\u00a0Turquoise\u00a0\u00bb vis\u00e9s par l\u2019enqu\u00eate n\u2019ayant pas \u00e9t\u00e9 mis en examen, les magistrats devraient logiquement ordonner un non-lieu, \u00e0 moins qu\u2019ils d\u00e9cident de relancer les investigations, comme r\u00e9clam\u00e9 r\u00e9cemment par des associations et des rescap\u00e9s apr\u00e8s la publication du rapport Duclert sur le r\u00f4le de la France au Rwanda.<\/p>\n\n\n\n<p class=\"wp-block-paragraph\">Le parquet de Paris a consid\u00e9r\u00e9 que n\u2019a \u00e9t\u00e9\u00a0<em>\u00ab\u00a0\u00e9tablie aucune aide ou assistance des forces militaires fran\u00e7aises lors de la commission d\u2019exactions, aucune adh\u00e9sion de ces derni\u00e8res au projet criminel poursuivi par les forces g\u00e9nocidaires ni aucune abstention d\u2019intervenir face \u00e0 des crimes constitutifs d\u2019un g\u00e9nocide ou de crimes contre l\u2019humanit\u00e9 en vertu d\u2019un accord ant\u00e9rieur\u00a0\u00bb<\/em>, a expliqu\u00e9 le procureur de la R\u00e9publique de Paris, R\u00e9my Heitz, dans un communiqu\u00e9.<\/p>\n\n\n\n<p class=\"wp-block-paragraph\">Au terme de ses r\u00e9quisitions de 386\u00a0pages, dont l\u2019AFP a eu connaissance, le parquet n\u2019\u00e9carte pas la possibilit\u00e9 que la non-intervention des militaires soient constitutives d\u2019une\u00a0<em>\u00ab\u00a0non-assistance \u00e0 personne en p\u00e9ril\u00a0\u00bb<\/em>, mais conclut que cet \u00e9ventuel d\u00e9lit est quoi qu\u2019il en soit prescrit.<\/p>\n\n\n\n<h2 class=\"wp-block-heading\">\u00ab&nbsp;D\u00e9ni de justice&nbsp;\u00bb<\/h2>\n\n\n\n<p class=\"wp-block-paragraph\"><em>\u00ab&nbsp;Ce r\u00e9quisitoire est navrant et affligeant juridiquement&nbsp;\u00bb<\/em>, a d\u00e9clar\u00e9 Eric Plouvier, l\u2019avocat de Survie, d\u00e9non\u00e7ant&nbsp;<em>\u00ab&nbsp;un d\u00e9ni de justice&nbsp;\u00bb<\/em>.<\/p>\n\n\n\n<p class=\"wp-block-paragraph\">Depuis 2005, les associations Survie, Ibuka, FIDH et six rescap\u00e9s de Bisesero accusent la force Turquoise, d\u00e9ploy\u00e9e au Rwanda sous mandat de l\u2019Organisation des Nations unies (ONU) pour faire cesser les massacres, d\u2019avoir sciemment abandonn\u00e9 aux g\u00e9nocidaires pendant trois jours des centaines de Tutsi r\u00e9fugi\u00e9s dans les collines de Bisesero, dans l\u2019ouest du pays. Selon l\u2019ONU, les massacres ont fait plus de 800&nbsp;000&nbsp;morts entre&nbsp;avril et&nbsp;juillet&nbsp;1994, essentiellement au sein de la minorit\u00e9 tutsi.<\/p>\n\n\n\n<p class=\"wp-block-paragraph\">Pendant l\u2019instruction, cinq hauts-grad\u00e9s fran\u00e7ais \u2013 dont le chef de l\u2019op\u00e9ration \u00ab\u00a0Turquoise\u00a0\u00bb, le g\u00e9n\u00e9ral Jean-Claude Lafourcade \u2013 ont \u00e9t\u00e9 entendus par les juges et sont rest\u00e9s plac\u00e9s sous le statut de t\u00e9moin assist\u00e9, moins incriminant que celui de mis en examen, qui ouvre, lui, la voie \u00e0 un \u00e9ventuel proc\u00e8s. Un choix contest\u00e9 par les parties civiles, qui r\u00e9clament un proc\u00e8s en\u00a0<em>\u00ab\u00a0complicit\u00e9 de g\u00e9nocide\u00a0\u00bb<\/em>\u00a0contre ces officiers, mais aussi contre l\u2019entourage, jamais vis\u00e9 par l\u2019enqu\u00eate, de l\u2019ancien pr\u00e9sident Fran\u00e7ois Mitterrand.<\/p>\n\n\n\n<p class=\"wp-block-paragraph\">Pour les plaignants, le rapport publi\u00e9 en mars par la commission pr\u00e9sid\u00e9e par l\u2019historien Vincent Duclert, sur la politique fran\u00e7aise au Rwanda entre\u00a01990 et\u00a01994, a r\u00e9v\u00e9l\u00e9\u00a0<em>\u00ab\u00a0des charges nouvelles\u00a0\u00bb<\/em>\u00a0qui justifient de relancer l\u2019enqu\u00eate et d\u2019auditionner enfin des hauts responsables de l\u2019Elys\u00e9e de l\u2019\u00e9poque.<\/p>\n\n\n\n<p class=\"wp-block-paragraph\"><strong>LeMonde<\/strong><\/p>\n","protected":false,"gt_translate_keys":[{"key":"rendered","format":"html"}]},"excerpt":{"rendered":"<p>Les cinq officiers g\u00e9n\u00e9raux de l\u2019op\u00e9ration \u00ab Turquoise \u00bb n\u2019ayant pas \u00e9t\u00e9 mis en examen, la d\u00e9cision finale revient aux juges d\u2019instruction, qui devraient ordonner un non-lieu. Le parquet de Paris a requis un non-lieu g\u00e9n\u00e9ral dans l\u2019enqu\u00eate sur l\u2019inaction reproch\u00e9e \u00e0 l\u2019arm\u00e9e fran\u00e7aise lors des massacres de Bisesero \u00e0 la fin de\u00a0juin\u00a01994, pendant le g\u00e9nocide des Tutsi au Rwanda, a appris lundi l\u2019Agence France-Presse (AFP) de sources proches du dossier. La d\u00e9cision finale revient d\u00e9sormais aux juges d\u2019instruction. Les cinq officiers g\u00e9n\u00e9raux de l\u2019op\u00e9ration \u00ab\u00a0Turquoise\u00a0\u00bb vis\u00e9s par l\u2019enqu\u00eate n\u2019ayant&hellip;<\/p>\n","protected":false,"gt_translate_keys":[{"key":"rendered","format":"html"}]},"author":1,"featured_media":8564,"comment_status":"open","ping_status":"open","sticky":false,"template":"","format":"standard","meta":{"_crdt_document":"","footnotes":""},"categories":[1762],"tags":[],"class_list":["post-8563","post","type-post","status-publish","format-standard","has-post-thumbnail","hentry","category-france"],"gutentor_comment":0,"yoast_head":"<!-- This site is optimized with the Yoast SEO plugin v27.5 - https:\/\/yoast.com\/product\/yoast-seo-wordpress\/ -->\n<title>G\u00e9nocide au Rwanda : un non-lieu requis contre l\u2019arm\u00e9e fran\u00e7aise, accus\u00e9e d\u2019avoir abandonn\u00e9 des centaines de Tutsi - Actualit\u00e9s congolaises et internationales<\/title>\n<meta name=\"robots\" content=\"index, follow, max-snippet:-1, max-image-preview:large, max-video-preview:-1\" \/>\n<link rel=\"canonical\" href=\"https:\/\/congovirtuel.com\/information\/genocide-au-rwanda-un-non-lieu-requis-contre-larmee-francaise-accusee-davoir-abandonne-des-centaines-de-tutsi\/\" \/>\n<meta property=\"og:locale\" content=\"fr_FR\" \/>\n<meta property=\"og:type\" content=\"article\" \/>\n<meta property=\"og:title\" content=\"G\u00e9nocide au Rwanda : un non-lieu requis contre l\u2019arm\u00e9e fran\u00e7aise, accus\u00e9e d\u2019avoir abandonn\u00e9 des centaines de Tutsi - Actualit\u00e9s congolaises et internationales\" \/>\n<meta property=\"og:description\" content=\"Les cinq officiers g\u00e9n\u00e9raux de l\u2019op\u00e9ration \u00ab Turquoise \u00bb n\u2019ayant pas \u00e9t\u00e9 mis en examen, la d\u00e9cision finale revient aux juges d\u2019instruction, qui devraient ordonner un non-lieu. Le parquet de Paris a requis un non-lieu g\u00e9n\u00e9ral dans l\u2019enqu\u00eate sur l\u2019inaction reproch\u00e9e \u00e0 l\u2019arm\u00e9e fran\u00e7aise lors des massacres de Bisesero \u00e0 la fin de\u00a0juin\u00a01994, pendant le g\u00e9nocide des Tutsi au Rwanda, a appris lundi l\u2019Agence France-Presse (AFP) de sources proches du dossier. La d\u00e9cision finale revient d\u00e9sormais aux juges d\u2019instruction. Les cinq officiers g\u00e9n\u00e9raux de l\u2019op\u00e9ration \u00ab\u00a0Turquoise\u00a0\u00bb vis\u00e9s par l\u2019enqu\u00eate n\u2019ayant&hellip;\" \/>\n<meta property=\"og:url\" content=\"https:\/\/congovirtuel.com\/information\/genocide-au-rwanda-un-non-lieu-requis-contre-larmee-francaise-accusee-davoir-abandonne-des-centaines-de-tutsi\/\" \/>\n<meta property=\"og:site_name\" content=\"Actualit\u00e9s congolaises et internationales\" \/>\n<meta property=\"article:publisher\" content=\"https:\/\/web.facebook.com\/Congovirtuel-763617960319601\/?ref=aymt_homepage_panel&amp;amp%3bamp%3bamp%3bamp%3bamp%3bamp%3bamp%3bamp%3bamp%3bamp%3bamp%3beid=ARCoxULa66767kIgF_KYav6VdjXTI4yk_LW4yoVO9s6NXpysgb7Cb65vpxcxgqzOAKvIbLQxaAETcqHT\" \/>\n<meta property=\"article:published_time\" content=\"2021-05-03T15:44:02+00:00\" \/>\n<meta property=\"article:modified_time\" content=\"2021-05-03T15:44:25+00:00\" \/>\n<meta property=\"og:image\" content=\"https:\/\/congovirtuel.com\/information\/wp-content\/uploads\/2021\/05\/camp_nyarushi.jpg\" \/>\n\t<meta property=\"og:image:width\" content=\"1328\" \/>\n\t<meta property=\"og:image:height\" content=\"856\" \/>\n\t<meta property=\"og:image:type\" content=\"image\/jpeg\" \/>\n<meta name=\"author\" content=\"infocongovirtuel\" \/>\n<meta name=\"twitter:card\" content=\"summary_large_image\" \/>\n<meta name=\"twitter:creator\" content=\"@congovirtuel\" \/>\n<meta name=\"twitter:site\" content=\"@congovirtuel\" \/>\n<meta name=\"twitter:label1\" content=\"\u00c9crit par\" \/>\n\t<meta name=\"twitter:data1\" content=\"infocongovirtuel\" \/>\n\t<meta name=\"twitter:label2\" content=\"Dur\u00e9e de lecture estim\u00e9e\" \/>\n\t<meta name=\"twitter:data2\" content=\"3 minutes\" \/>\n<script type=\"application\/ld+json\" class=\"yoast-schema-graph\">{\"@context\":\"https:\\\/\\\/schema.org\",\"@graph\":[{\"@type\":\"Article\",\"@id\":\"https:\\\/\\\/congovirtuel.com\\\/information\\\/genocide-au-rwanda-un-non-lieu-requis-contre-larmee-francaise-accusee-davoir-abandonne-des-centaines-de-tutsi\\\/#article\",\"isPartOf\":{\"@id\":\"https:\\\/\\\/congovirtuel.com\\\/information\\\/genocide-au-rwanda-un-non-lieu-requis-contre-larmee-francaise-accusee-davoir-abandonne-des-centaines-de-tutsi\\\/\"},\"author\":{\"name\":\"infocongovirtuel\",\"@id\":\"https:\\\/\\\/congovirtuel.com\\\/information\\\/#\\\/schema\\\/person\\\/739a44bf7990966cb53d58d2fdeca0b6\"},\"headline\":\"G\u00e9nocide au Rwanda : un non-lieu requis contre l\u2019arm\u00e9e fran\u00e7aise, accus\u00e9e d\u2019avoir abandonn\u00e9 des centaines de Tutsi\",\"datePublished\":\"2021-05-03T15:44:02+00:00\",\"dateModified\":\"2021-05-03T15:44:25+00:00\",\"mainEntityOfPage\":{\"@id\":\"https:\\\/\\\/congovirtuel.com\\\/information\\\/genocide-au-rwanda-un-non-lieu-requis-contre-larmee-francaise-accusee-davoir-abandonne-des-centaines-de-tutsi\\\/\"},\"wordCount\":600,\"commentCount\":0,\"publisher\":{\"@id\":\"https:\\\/\\\/congovirtuel.com\\\/information\\\/#organization\"},\"image\":{\"@id\":\"https:\\\/\\\/congovirtuel.com\\\/information\\\/genocide-au-rwanda-un-non-lieu-requis-contre-larmee-francaise-accusee-davoir-abandonne-des-centaines-de-tutsi\\\/#primaryimage\"},\"thumbnailUrl\":\"https:\\\/\\\/congovirtuel.com\\\/information\\\/wp-content\\\/uploads\\\/2021\\\/05\\\/camp_nyarushi.jpg\",\"articleSection\":[\"France\"],\"inLanguage\":\"fr-FR\",\"potentialAction\":[{\"@type\":\"CommentAction\",\"name\":\"Comment\",\"target\":[\"https:\\\/\\\/congovirtuel.com\\\/information\\\/genocide-au-rwanda-un-non-lieu-requis-contre-larmee-francaise-accusee-davoir-abandonne-des-centaines-de-tutsi\\\/#respond\"]}]},{\"@type\":\"WebPage\",\"@id\":\"https:\\\/\\\/congovirtuel.com\\\/information\\\/genocide-au-rwanda-un-non-lieu-requis-contre-larmee-francaise-accusee-davoir-abandonne-des-centaines-de-tutsi\\\/\",\"url\":\"https:\\\/\\\/congovirtuel.com\\\/information\\\/genocide-au-rwanda-un-non-lieu-requis-contre-larmee-francaise-accusee-davoir-abandonne-des-centaines-de-tutsi\\\/\",\"name\":\"G\u00e9nocide au Rwanda : un non-lieu requis contre l\u2019arm\u00e9e fran\u00e7aise, accus\u00e9e d\u2019avoir abandonn\u00e9 des centaines de Tutsi - Actualit\u00e9s congolaises et internationales\",\"isPartOf\":{\"@id\":\"https:\\\/\\\/congovirtuel.com\\\/information\\\/#website\"},\"primaryImageOfPage\":{\"@id\":\"https:\\\/\\\/congovirtuel.com\\\/information\\\/genocide-au-rwanda-un-non-lieu-requis-contre-larmee-francaise-accusee-davoir-abandonne-des-centaines-de-tutsi\\\/#primaryimage\"},\"image\":{\"@id\":\"https:\\\/\\\/congovirtuel.com\\\/information\\\/genocide-au-rwanda-un-non-lieu-requis-contre-larmee-francaise-accusee-davoir-abandonne-des-centaines-de-tutsi\\\/#primaryimage\"},\"thumbnailUrl\":\"https:\\\/\\\/congovirtuel.com\\\/information\\\/wp-content\\\/uploads\\\/2021\\\/05\\\/camp_nyarushi.jpg\",\"datePublished\":\"2021-05-03T15:44:02+00:00\",\"dateModified\":\"2021-05-03T15:44:25+00:00\",\"breadcrumb\":{\"@id\":\"https:\\\/\\\/congovirtuel.com\\\/information\\\/genocide-au-rwanda-un-non-lieu-requis-contre-larmee-francaise-accusee-davoir-abandonne-des-centaines-de-tutsi\\\/#breadcrumb\"},\"inLanguage\":\"fr-FR\",\"potentialAction\":[{\"@type\":\"ReadAction\",\"target\":[\"https:\\\/\\\/congovirtuel.com\\\/information\\\/genocide-au-rwanda-un-non-lieu-requis-contre-larmee-francaise-accusee-davoir-abandonne-des-centaines-de-tutsi\\\/\"]}]},{\"@type\":\"ImageObject\",\"inLanguage\":\"fr-FR\",\"@id\":\"https:\\\/\\\/congovirtuel.com\\\/information\\\/genocide-au-rwanda-un-non-lieu-requis-contre-larmee-francaise-accusee-davoir-abandonne-des-centaines-de-tutsi\\\/#primaryimage\",\"url\":\"https:\\\/\\\/congovirtuel.com\\\/information\\\/wp-content\\\/uploads\\\/2021\\\/05\\\/camp_nyarushi.jpg\",\"contentUrl\":\"https:\\\/\\\/congovirtuel.com\\\/information\\\/wp-content\\\/uploads\\\/2021\\\/05\\\/camp_nyarushi.jpg\",\"width\":1328,\"height\":856,\"caption\":\"camp_nyarushi\"},{\"@type\":\"BreadcrumbList\",\"@id\":\"https:\\\/\\\/congovirtuel.com\\\/information\\\/genocide-au-rwanda-un-non-lieu-requis-contre-larmee-francaise-accusee-davoir-abandonne-des-centaines-de-tutsi\\\/#breadcrumb\",\"itemListElement\":[{\"@type\":\"ListItem\",\"position\":1,\"name\":\"Accueil\",\"item\":\"https:\\\/\\\/congovirtuel.com\\\/information\\\/\"},{\"@type\":\"ListItem\",\"position\":2,\"name\":\"G\u00e9nocide au Rwanda : un non-lieu requis contre l\u2019arm\u00e9e fran\u00e7aise, accus\u00e9e d\u2019avoir abandonn\u00e9 des centaines de Tutsi\"}]},{\"@type\":\"WebSite\",\"@id\":\"https:\\\/\\\/congovirtuel.com\\\/information\\\/#website\",\"url\":\"https:\\\/\\\/congovirtuel.com\\\/information\\\/\",\"name\":\"Actualit\u00e9s congolaises et internationales\",\"description\":\"site d&#039;analyse et de traitement d&#039;information\",\"publisher\":{\"@id\":\"https:\\\/\\\/congovirtuel.com\\\/information\\\/#organization\"},\"potentialAction\":[{\"@type\":\"SearchAction\",\"target\":{\"@type\":\"EntryPoint\",\"urlTemplate\":\"https:\\\/\\\/congovirtuel.com\\\/information\\\/?s={search_term_string}\"},\"query-input\":{\"@type\":\"PropertyValueSpecification\",\"valueRequired\":true,\"valueName\":\"search_term_string\"}}],\"inLanguage\":\"fr-FR\"},{\"@type\":\"Organization\",\"@id\":\"https:\\\/\\\/congovirtuel.com\\\/information\\\/#organization\",\"name\":\"Biblioth\u00e8que Virtuelle de la RDC\",\"url\":\"https:\\\/\\\/congovirtuel.com\\\/information\\\/\",\"logo\":{\"@type\":\"ImageObject\",\"inLanguage\":\"fr-FR\",\"@id\":\"https:\\\/\\\/congovirtuel.com\\\/information\\\/#\\\/schema\\\/logo\\\/image\\\/\",\"url\":\"https:\\\/\\\/congovirtuel.com\\\/information\\\/wp-content\\\/uploads\\\/2018\\\/10\\\/header-info-congovirtuel-vraie.jpg\",\"contentUrl\":\"https:\\\/\\\/congovirtuel.com\\\/information\\\/wp-content\\\/uploads\\\/2018\\\/10\\\/header-info-congovirtuel-vraie.jpg\",\"width\":728,\"height\":90,\"caption\":\"Biblioth\u00e8que Virtuelle de la RDC\"},\"image\":{\"@id\":\"https:\\\/\\\/congovirtuel.com\\\/information\\\/#\\\/schema\\\/logo\\\/image\\\/\"},\"sameAs\":[\"https:\\\/\\\/web.facebook.com\\\/Congovirtuel-763617960319601\\\/?ref=aymt_homepage_panel&amp;amp;amp;amp;amp;amp;amp;amp;amp;amp;amp;eid=ARCoxULa66767kIgF_KYav6VdjXTI4yk_LW4yoVO9s6NXpysgb7Cb65vpxcxgqzOAKvIbLQxaAETcqHT\",\"https:\\\/\\\/x.com\\\/congovirtuel\",\"https:\\\/\\\/www.youtube.com\\\/channel\\\/UCkFfprYzGgS3EWNpeMXpToQ?view_as=subscriber\"]},{\"@type\":\"Person\",\"@id\":\"https:\\\/\\\/congovirtuel.com\\\/information\\\/#\\\/schema\\\/person\\\/739a44bf7990966cb53d58d2fdeca0b6\",\"name\":\"infocongovirtuel\",\"image\":{\"@type\":\"ImageObject\",\"inLanguage\":\"fr-FR\",\"@id\":\"https:\\\/\\\/secure.gravatar.com\\\/avatar\\\/4d76991aa72469f0eb22e772586c99113c6997f88da636a9db8f2ce3a2c05e69?s=96&d=mm&r=g\",\"url\":\"https:\\\/\\\/secure.gravatar.com\\\/avatar\\\/4d76991aa72469f0eb22e772586c99113c6997f88da636a9db8f2ce3a2c05e69?s=96&d=mm&r=g\",\"contentUrl\":\"https:\\\/\\\/secure.gravatar.com\\\/avatar\\\/4d76991aa72469f0eb22e772586c99113c6997f88da636a9db8f2ce3a2c05e69?s=96&d=mm&r=g\",\"caption\":\"infocongovirtuel\"},\"url\":\"https:\\\/\\\/congovirtuel.com\\\/information\\\/author\\\/infocongovirtuel\\\/\"}]}<\/script>\n<!-- \/ Yoast SEO plugin. -->","yoast_head_json":{"title":"G\u00e9nocide au Rwanda : un non-lieu requis contre l\u2019arm\u00e9e fran\u00e7aise, accus\u00e9e d\u2019avoir abandonn\u00e9 des centaines de Tutsi - Actualit\u00e9s congolaises et internationales","robots":{"index":"index","follow":"follow","max-snippet":"max-snippet:-1","max-image-preview":"max-image-preview:large","max-video-preview":"max-video-preview:-1"},"canonical":"https:\/\/congovirtuel.com\/information\/genocide-au-rwanda-un-non-lieu-requis-contre-larmee-francaise-accusee-davoir-abandonne-des-centaines-de-tutsi\/","og_locale":"fr_FR","og_type":"article","og_title":"G\u00e9nocide au Rwanda : un non-lieu requis contre l\u2019arm\u00e9e fran\u00e7aise, accus\u00e9e d\u2019avoir abandonn\u00e9 des centaines de Tutsi - Actualit\u00e9s congolaises et internationales","og_description":"Les cinq officiers g\u00e9n\u00e9raux de l\u2019op\u00e9ration \u00ab Turquoise \u00bb n\u2019ayant pas \u00e9t\u00e9 mis en examen, la d\u00e9cision finale revient aux juges d\u2019instruction, qui devraient ordonner un non-lieu. Le parquet de Paris a requis un non-lieu g\u00e9n\u00e9ral dans l\u2019enqu\u00eate sur l\u2019inaction reproch\u00e9e \u00e0 l\u2019arm\u00e9e fran\u00e7aise lors des massacres de Bisesero \u00e0 la fin de\u00a0juin\u00a01994, pendant le g\u00e9nocide des Tutsi au Rwanda, a appris lundi l\u2019Agence France-Presse (AFP) de sources proches du dossier. La d\u00e9cision finale revient d\u00e9sormais aux juges d\u2019instruction. Les cinq officiers g\u00e9n\u00e9raux de l\u2019op\u00e9ration \u00ab\u00a0Turquoise\u00a0\u00bb vis\u00e9s par l\u2019enqu\u00eate n\u2019ayant&hellip;","og_url":"https:\/\/congovirtuel.com\/information\/genocide-au-rwanda-un-non-lieu-requis-contre-larmee-francaise-accusee-davoir-abandonne-des-centaines-de-tutsi\/","og_site_name":"Actualit\u00e9s congolaises et internationales","article_publisher":"https:\/\/web.facebook.com\/Congovirtuel-763617960319601\/?ref=aymt_homepage_panel&amp%3bamp%3bamp%3bamp%3bamp%3bamp%3bamp%3bamp%3bamp%3bamp%3bamp%3beid=ARCoxULa66767kIgF_KYav6VdjXTI4yk_LW4yoVO9s6NXpysgb7Cb65vpxcxgqzOAKvIbLQxaAETcqHT","article_published_time":"2021-05-03T15:44:02+00:00","article_modified_time":"2021-05-03T15:44:25+00:00","og_image":[{"width":1328,"height":856,"url":"https:\/\/congovirtuel.com\/information\/wp-content\/uploads\/2021\/05\/camp_nyarushi.jpg","type":"image\/jpeg"}],"author":"infocongovirtuel","twitter_card":"summary_large_image","twitter_creator":"@congovirtuel","twitter_site":"@congovirtuel","twitter_misc":{"\u00c9crit par":"infocongovirtuel","Dur\u00e9e de lecture estim\u00e9e":"3 minutes"},"schema":{"@context":"https:\/\/schema.org","@graph":[{"@type":"Article","@id":"https:\/\/congovirtuel.com\/information\/genocide-au-rwanda-un-non-lieu-requis-contre-larmee-francaise-accusee-davoir-abandonne-des-centaines-de-tutsi\/#article","isPartOf":{"@id":"https:\/\/congovirtuel.com\/information\/genocide-au-rwanda-un-non-lieu-requis-contre-larmee-francaise-accusee-davoir-abandonne-des-centaines-de-tutsi\/"},"author":{"name":"infocongovirtuel","@id":"https:\/\/congovirtuel.com\/information\/#\/schema\/person\/739a44bf7990966cb53d58d2fdeca0b6"},"headline":"G\u00e9nocide au Rwanda : un non-lieu requis contre l\u2019arm\u00e9e fran\u00e7aise, accus\u00e9e d\u2019avoir abandonn\u00e9 des centaines de Tutsi","datePublished":"2021-05-03T15:44:02+00:00","dateModified":"2021-05-03T15:44:25+00:00","mainEntityOfPage":{"@id":"https:\/\/congovirtuel.com\/information\/genocide-au-rwanda-un-non-lieu-requis-contre-larmee-francaise-accusee-davoir-abandonne-des-centaines-de-tutsi\/"},"wordCount":600,"commentCount":0,"publisher":{"@id":"https:\/\/congovirtuel.com\/information\/#organization"},"image":{"@id":"https:\/\/congovirtuel.com\/information\/genocide-au-rwanda-un-non-lieu-requis-contre-larmee-francaise-accusee-davoir-abandonne-des-centaines-de-tutsi\/#primaryimage"},"thumbnailUrl":"https:\/\/congovirtuel.com\/information\/wp-content\/uploads\/2021\/05\/camp_nyarushi.jpg","articleSection":["France"],"inLanguage":"fr-FR","potentialAction":[{"@type":"CommentAction","name":"Comment","target":["https:\/\/congovirtuel.com\/information\/genocide-au-rwanda-un-non-lieu-requis-contre-larmee-francaise-accusee-davoir-abandonne-des-centaines-de-tutsi\/#respond"]}]},{"@type":"WebPage","@id":"https:\/\/congovirtuel.com\/information\/genocide-au-rwanda-un-non-lieu-requis-contre-larmee-francaise-accusee-davoir-abandonne-des-centaines-de-tutsi\/","url":"https:\/\/congovirtuel.com\/information\/genocide-au-rwanda-un-non-lieu-requis-contre-larmee-francaise-accusee-davoir-abandonne-des-centaines-de-tutsi\/","name":"G\u00e9nocide au Rwanda : un non-lieu requis contre l\u2019arm\u00e9e fran\u00e7aise, accus\u00e9e d\u2019avoir abandonn\u00e9 des centaines de Tutsi - Actualit\u00e9s congolaises et internationales","isPartOf":{"@id":"https:\/\/congovirtuel.com\/information\/#website"},"primaryImageOfPage":{"@id":"https:\/\/congovirtuel.com\/information\/genocide-au-rwanda-un-non-lieu-requis-contre-larmee-francaise-accusee-davoir-abandonne-des-centaines-de-tutsi\/#primaryimage"},"image":{"@id":"https:\/\/congovirtuel.com\/information\/genocide-au-rwanda-un-non-lieu-requis-contre-larmee-francaise-accusee-davoir-abandonne-des-centaines-de-tutsi\/#primaryimage"},"thumbnailUrl":"https:\/\/congovirtuel.com\/information\/wp-content\/uploads\/2021\/05\/camp_nyarushi.jpg","datePublished":"2021-05-03T15:44:02+00:00","dateModified":"2021-05-03T15:44:25+00:00","breadcrumb":{"@id":"https:\/\/congovirtuel.com\/information\/genocide-au-rwanda-un-non-lieu-requis-contre-larmee-francaise-accusee-davoir-abandonne-des-centaines-de-tutsi\/#breadcrumb"},"inLanguage":"fr-FR","potentialAction":[{"@type":"ReadAction","target":["https:\/\/congovirtuel.com\/information\/genocide-au-rwanda-un-non-lieu-requis-contre-larmee-francaise-accusee-davoir-abandonne-des-centaines-de-tutsi\/"]}]},{"@type":"ImageObject","inLanguage":"fr-FR","@id":"https:\/\/congovirtuel.com\/information\/genocide-au-rwanda-un-non-lieu-requis-contre-larmee-francaise-accusee-davoir-abandonne-des-centaines-de-tutsi\/#primaryimage","url":"https:\/\/congovirtuel.com\/information\/wp-content\/uploads\/2021\/05\/camp_nyarushi.jpg","contentUrl":"https:\/\/congovirtuel.com\/information\/wp-content\/uploads\/2021\/05\/camp_nyarushi.jpg","width":1328,"height":856,"caption":"camp_nyarushi"},{"@type":"BreadcrumbList","@id":"https:\/\/congovirtuel.com\/information\/genocide-au-rwanda-un-non-lieu-requis-contre-larmee-francaise-accusee-davoir-abandonne-des-centaines-de-tutsi\/#breadcrumb","itemListElement":[{"@type":"ListItem","position":1,"name":"Accueil","item":"https:\/\/congovirtuel.com\/information\/"},{"@type":"ListItem","position":2,"name":"G\u00e9nocide au Rwanda : un non-lieu requis contre l\u2019arm\u00e9e fran\u00e7aise, accus\u00e9e d\u2019avoir abandonn\u00e9 des centaines de Tutsi"}]},{"@type":"WebSite","@id":"https:\/\/congovirtuel.com\/information\/#website","url":"https:\/\/congovirtuel.com\/information\/","name":"Actualit\u00e9s congolaises et internationales","description":"site d&#039;analyse et de traitement d&#039;information","publisher":{"@id":"https:\/\/congovirtuel.com\/information\/#organization"},"potentialAction":[{"@type":"SearchAction","target":{"@type":"EntryPoint","urlTemplate":"https:\/\/congovirtuel.com\/information\/?s={search_term_string}"},"query-input":{"@type":"PropertyValueSpecification","valueRequired":true,"valueName":"search_term_string"}}],"inLanguage":"fr-FR"},{"@type":"Organization","@id":"https:\/\/congovirtuel.com\/information\/#organization","name":"Biblioth\u00e8que Virtuelle de la RDC","url":"https:\/\/congovirtuel.com\/information\/","logo":{"@type":"ImageObject","inLanguage":"fr-FR","@id":"https:\/\/congovirtuel.com\/information\/#\/schema\/logo\/image\/","url":"https:\/\/congovirtuel.com\/information\/wp-content\/uploads\/2018\/10\/header-info-congovirtuel-vraie.jpg","contentUrl":"https:\/\/congovirtuel.com\/information\/wp-content\/uploads\/2018\/10\/header-info-congovirtuel-vraie.jpg","width":728,"height":90,"caption":"Biblioth\u00e8que Virtuelle de la RDC"},"image":{"@id":"https:\/\/congovirtuel.com\/information\/#\/schema\/logo\/image\/"},"sameAs":["https:\/\/web.facebook.com\/Congovirtuel-763617960319601\/?ref=aymt_homepage_panel&amp;amp;amp;amp;amp;amp;amp;amp;amp;amp;amp;eid=ARCoxULa66767kIgF_KYav6VdjXTI4yk_LW4yoVO9s6NXpysgb7Cb65vpxcxgqzOAKvIbLQxaAETcqHT","https:\/\/x.com\/congovirtuel","https:\/\/www.youtube.com\/channel\/UCkFfprYzGgS3EWNpeMXpToQ?view_as=subscriber"]},{"@type":"Person","@id":"https:\/\/congovirtuel.com\/information\/#\/schema\/person\/739a44bf7990966cb53d58d2fdeca0b6","name":"infocongovirtuel","image":{"@type":"ImageObject","inLanguage":"fr-FR","@id":"https:\/\/secure.gravatar.com\/avatar\/4d76991aa72469f0eb22e772586c99113c6997f88da636a9db8f2ce3a2c05e69?s=96&d=mm&r=g","url":"https:\/\/secure.gravatar.com\/avatar\/4d76991aa72469f0eb22e772586c99113c6997f88da636a9db8f2ce3a2c05e69?s=96&d=mm&r=g","contentUrl":"https:\/\/secure.gravatar.com\/avatar\/4d76991aa72469f0eb22e772586c99113c6997f88da636a9db8f2ce3a2c05e69?s=96&d=mm&r=g","caption":"infocongovirtuel"},"url":"https:\/\/congovirtuel.com\/information\/author\/infocongovirtuel\/"}]}},"gt_translate_keys":[{"key":"link","format":"url"}],"_links":{"self":[{"href":"https:\/\/congovirtuel.com\/information\/wp-json\/wp\/v2\/posts\/8563","targetHints":{"allow":["GET"]}}],"collection":[{"href":"https:\/\/congovirtuel.com\/information\/wp-json\/wp\/v2\/posts"}],"about":[{"href":"https:\/\/congovirtuel.com\/information\/wp-json\/wp\/v2\/types\/post"}],"author":[{"embeddable":true,"href":"https:\/\/congovirtuel.com\/information\/wp-json\/wp\/v2\/users\/1"}],"replies":[{"embeddable":true,"href":"https:\/\/congovirtuel.com\/information\/wp-json\/wp\/v2\/comments?post=8563"}],"version-history":[{"count":1,"href":"https:\/\/congovirtuel.com\/information\/wp-json\/wp\/v2\/posts\/8563\/revisions"}],"predecessor-version":[{"id":8565,"href":"https:\/\/congovirtuel.com\/information\/wp-json\/wp\/v2\/posts\/8563\/revisions\/8565"}],"wp:featuredmedia":[{"embeddable":true,"href":"https:\/\/congovirtuel.com\/information\/wp-json\/wp\/v2\/media\/8564"}],"wp:attachment":[{"href":"https:\/\/congovirtuel.com\/information\/wp-json\/wp\/v2\/media?parent=8563"}],"wp:term":[{"taxonomy":"category","embeddable":true,"href":"https:\/\/congovirtuel.com\/information\/wp-json\/wp\/v2\/categories?post=8563"},{"taxonomy":"post_tag","embeddable":true,"href":"https:\/\/congovirtuel.com\/information\/wp-json\/wp\/v2\/tags?post=8563"}],"curies":[{"name":"wp","href":"https:\/\/api.w.org\/{rel}","templated":true}]}}