{"id":8662,"date":"2021-05-05T16:59:11","date_gmt":"2021-05-05T15:59:11","guid":{"rendered":"https:\/\/congovirtuel.com\/information\/?p=8662"},"modified":"2021-05-05T16:59:20","modified_gmt":"2021-05-05T15:59:20","slug":"etat-de-siege-en-rdc-danciens-rebelles-nommes-gouverneurs-militaires","status":"publish","type":"post","link":"https:\/\/congovirtuel.com\/information\/etat-de-siege-en-rdc-danciens-rebelles-nommes-gouverneurs-militaires\/","title":{"rendered":"\u00c9tat de si\u00e8ge en RDC: d\u2019anciens rebelles nomm\u00e9s gouverneurs militaires","gt_translate_keys":[{"key":"rendered","format":"text"}]},"content":{"rendered":"\n<p class=\"wp-block-paragraph\"><strong>En R\u00e9publique d\u00e9mocratique du Congo, c\u2019est la veille de l\u2019instauration d\u2019un \u00e9tat de si\u00e8ge dans les provinces meurtries du Nord Kivu et de l\u2019Ituri. Cet \u00e9tat de si\u00e8ge vise \u00e0 mettre fin aux massacres qui endeuillent ces populations depuis plus de 20 ans. Et pour parvenir, le pr\u00e9sident Tshisekedi a d\u00e9cid\u00e9 de transf\u00e9rer les pouvoirs des autorit\u00e9s civiles \u00e0 des autorit\u00e9s militaires pour un mois, y compris dans le domaine de la justice. Des gouverneurs militaires et vice-gouverneurs policiers ont \u00e9t\u00e9 nomm\u00e9s mardi 4 mai. Parmi eux d\u2019anciens rebelles.<\/strong><\/p>\n\n\n\n<p class=\"wp-block-paragraph\">En Ituri,&nbsp;<a href=\"https:\/\/www.rfi.fr\/fr\/afrique\/20210504-rdc-le-pr%C3%A9sident-tshisekedi-pose-les-contours-de-l-%C3%A9tat-de-si%C3%A8ge-en-ituri-et-au-nord-kivu\"><strong>le pr\u00e9sident F\u00e9lix Tshisekedi&nbsp;<\/strong><\/a>a choisi de nommer le g\u00e9n\u00e9ral Constant Ndima. Il \u00e9tait jusque-l\u00e0 le chef d\u2019\u00e9tat-major g\u00e9n\u00e9ral adjoint charg\u00e9 de l\u2019administration et de la logistique. Il a \u00e9t\u00e9 commandant de la 3e zone de d\u00e9fense qui couvre les deux Kivu, le Maniema et la Tshopo. Mais c\u2019est un ancien rebelle du MLC de Jean-Pierre Bemba, cit\u00e9 dans un rapport d\u2019enqu\u00eate de l\u2019ONU comme le patron de l\u2019op\u00e9ration appel\u00e9e \u00ab&nbsp;Effacer le tableau&nbsp;\u00bb en Ituri. Des combattants dont ceux du MLC avaient \u00e9t\u00e9 accus\u00e9s d\u2019avoir massacr\u00e9 et viol\u00e9 des Nand\u00e9s et des Pygm\u00e9es, suspect\u00e9s d\u2019\u00eatre proches d\u2019une autre r\u00e9bellion. C\u2019\u00e9tait entre 2002 et 2003. On parlait m\u00eame d\u2019actes de cannibalisme. Il n\u2019y a encore ni r\u00e9action de la pr\u00e9sidence, ni du gouvernement.<\/p>\n\n\n\n<h2 class=\"wp-block-heading\">\u00ab&nbsp;Effacer le tableau&nbsp;\u00bb<\/h2>\n\n\n\n<p class=\"wp-block-paragraph\">Le MLC d\u00e9ment la participation du g\u00e9n\u00e9ral Ndima dans une quelconque exaction en Ituri, il n\u2019\u00e9tait pas sur place. L\u2019ancienne r\u00e9bellion devenue parti politique rappelle avoir tenu un proc\u00e8s sur l\u2019op\u00e9ration \u00ab&nbsp;Effacer le tableau&nbsp;\u00bb \u00e0 Gbadolite en f\u00e9vrier 2003. Constant Ndima ne faisait pas partie des 19 condamn\u00e9s.<\/p>\n\n\n\n<p class=\"wp-block-paragraph\">Son vice-gouverneur, le commissaire divisionnaire, Romy Ekuka Lipopo, \u00e9tait l\u2019un des patrons de la police judiciaire \u00e0 Kinshasa, il a \u00e9galement coordonn\u00e9 le groupe technique charg\u00e9 de la s\u00e9curisation du dernier processus \u00e9lectoral.<\/p>\n\n\n\n<p class=\"wp-block-paragraph\">Du c\u00f4t\u00e9 du Nord-Kivu, le gouverneur militaire nomm\u00e9, est le g\u00e9n\u00e9ral Luboya Nkashama, l\u2019ancien patron de la premi\u00e8re zone de d\u00e9fense, qui inclut entre autres Kinshasa. Il a \u00e9t\u00e9 \u00e9galement le commandant de la 13e r\u00e9gion militaire de l\u2019\u00c9quateur. C\u2019est un ancien de la r\u00e9bellion du RCD Goma, consid\u00e9r\u00e9 comme proche du Rwanda. Le RCD Goma avait un temps administr\u00e9 cette province, ce qui est d&rsquo;ores et d\u00e9j\u00e0 point\u00e9 par certaines organisations de la soci\u00e9t\u00e9 civile. Le g\u00e9n\u00e9ral Luboya Nkashama est, comme pr\u00e9vu, second\u00e9 par un officier de police. Le commissaire divisionnaire Benjamin Alonga Boni est un ancien du MLC, il \u00e9tait l\u2019adjoint du g\u00e9n\u00e9ral Numbi pendant&nbsp;<a href=\"https:\/\/www.rfi.fr\/fr\/afrique\/20210428-affaire-chebeya-en-rdc-la-tombe-%C3%A9tait-d%C3%A9j%C3%A0-pr%C3%A9par%C3%A9e-par-l-homme-du-colonel-djadjidja-eric-kibumbe\"><strong>l\u2019assassinat de Floribert Chebeya et Fid\u00e8le Bazana<\/strong><\/a>, il avait t\u00e9moign\u00e9 au proc\u00e8s comme simple renseignant, c\u2019est l\u2019un des derniers officiers \u00e0 avoir quitt\u00e9 l\u2019inspection g\u00e9n\u00e9rale de la police le jour de l\u2019assassinat.<\/p>\n\n\n\n<p class=\"wp-block-paragraph\">En 2011, il avait dit \u00e0 la cour avoir vu en partant des policiers cagoul\u00e9s du bataillon Simba, l\u2019unit\u00e9 accus\u00e9e d\u2019avoir commis ce double assassinat, explique un avocat des parties civiles. Cela lui avait valu des ennuis avec<a href=\"https:\/\/www.rfi.fr\/fr\/afrique\/20210325-affaire-chebeya-bazana-en-rdc-ce-que-risque-le-g%C3%A9n%C3%A9ral-john-numbi-en-fuite\"><strong>\u00a0le g\u00e9n\u00e9ral Numbi<\/strong><\/a>, rench\u00e9rit l\u2019un des policiers qui a t\u00e9moign\u00e9 sur RFI.<\/p>\n\n\n\n<p class=\"wp-block-paragraph\"><strong>Sonia Rolley<\/strong>\/<strong>RFI<\/strong><\/p>\n","protected":false,"gt_translate_keys":[{"key":"rendered","format":"html"}]},"excerpt":{"rendered":"<p>En R\u00e9publique d\u00e9mocratique du Congo, c\u2019est la veille de l\u2019instauration d\u2019un \u00e9tat de si\u00e8ge dans les provinces meurtries du Nord Kivu et de l\u2019Ituri. Cet \u00e9tat de si\u00e8ge vise \u00e0 mettre fin aux massacres qui endeuillent ces populations depuis plus de 20 ans. Et pour parvenir, le pr\u00e9sident Tshisekedi a d\u00e9cid\u00e9 de transf\u00e9rer les pouvoirs des autorit\u00e9s civiles \u00e0 des autorit\u00e9s militaires pour un mois, y compris dans le domaine de la justice. Des gouverneurs militaires et vice-gouverneurs policiers ont \u00e9t\u00e9 nomm\u00e9s mardi 4 mai. Parmi eux d\u2019anciens rebelles. En&hellip;<\/p>\n","protected":false,"gt_translate_keys":[{"key":"rendered","format":"html"}]},"author":1,"featured_media":8663,"comment_status":"open","ping_status":"open","sticky":false,"template":"","format":"standard","meta":{"_crdt_document":"","footnotes":""},"categories":[199],"tags":[7297],"class_list":["post-8662","post","type-post","status-publish","format-standard","has-post-thumbnail","hentry","category-insecurite","tag-danciens-rebelles-nommes-gouverneurs-militaires-rdc"],"gutentor_comment":0,"yoast_head":"<!-- This site is optimized with the Yoast SEO plugin v27.5 - https:\/\/yoast.com\/product\/yoast-seo-wordpress\/ -->\n<title>\u00c9tat de si\u00e8ge en RDC: d\u2019anciens rebelles nomm\u00e9s gouverneurs militaires - Actualit\u00e9s congolaises et internationales<\/title>\n<meta name=\"robots\" content=\"index, follow, max-snippet:-1, max-image-preview:large, max-video-preview:-1\" \/>\n<link rel=\"canonical\" href=\"https:\/\/congovirtuel.com\/information\/etat-de-siege-en-rdc-danciens-rebelles-nommes-gouverneurs-militaires\/\" \/>\n<meta property=\"og:locale\" content=\"fr_FR\" \/>\n<meta property=\"og:type\" content=\"article\" \/>\n<meta property=\"og:title\" content=\"\u00c9tat de si\u00e8ge en RDC: d\u2019anciens rebelles nomm\u00e9s gouverneurs militaires - Actualit\u00e9s congolaises et internationales\" \/>\n<meta property=\"og:description\" content=\"En R\u00e9publique d\u00e9mocratique du Congo, c\u2019est la veille de l\u2019instauration d\u2019un \u00e9tat de si\u00e8ge dans les provinces meurtries du Nord Kivu et de l\u2019Ituri. Cet \u00e9tat de si\u00e8ge vise \u00e0 mettre fin aux massacres qui endeuillent ces populations depuis plus de 20 ans. Et pour parvenir, le pr\u00e9sident Tshisekedi a d\u00e9cid\u00e9 de transf\u00e9rer les pouvoirs des autorit\u00e9s civiles \u00e0 des autorit\u00e9s militaires pour un mois, y compris dans le domaine de la justice. Des gouverneurs militaires et vice-gouverneurs policiers ont \u00e9t\u00e9 nomm\u00e9s mardi 4 mai. Parmi eux d\u2019anciens rebelles. En&hellip;\" \/>\n<meta property=\"og:url\" content=\"https:\/\/congovirtuel.com\/information\/etat-de-siege-en-rdc-danciens-rebelles-nommes-gouverneurs-militaires\/\" \/>\n<meta property=\"og:site_name\" content=\"Actualit\u00e9s congolaises et internationales\" \/>\n<meta property=\"article:publisher\" content=\"https:\/\/web.facebook.com\/Congovirtuel-763617960319601\/?ref=aymt_homepage_panel&amp;amp%3bamp%3bamp%3bamp%3bamp%3bamp%3bamp%3bamp%3bamp%3bamp%3bamp%3beid=ARCoxULa66767kIgF_KYav6VdjXTI4yk_LW4yoVO9s6NXpysgb7Cb65vpxcxgqzOAKvIbLQxaAETcqHT\" \/>\n<meta property=\"article:published_time\" content=\"2021-05-05T15:59:11+00:00\" \/>\n<meta property=\"article:modified_time\" content=\"2021-05-05T15:59:20+00:00\" \/>\n<meta property=\"og:image\" content=\"https:\/\/congovirtuel.com\/information\/wp-content\/uploads\/2021\/05\/Ituri_plateau.jpg\" \/>\n\t<meta property=\"og:image:width\" content=\"980\" \/>\n\t<meta property=\"og:image:height\" content=\"551\" \/>\n\t<meta property=\"og:image:type\" content=\"image\/jpeg\" \/>\n<meta name=\"author\" content=\"infocongovirtuel\" \/>\n<meta name=\"twitter:card\" content=\"summary_large_image\" \/>\n<meta name=\"twitter:creator\" content=\"@congovirtuel\" \/>\n<meta name=\"twitter:site\" content=\"@congovirtuel\" \/>\n<meta name=\"twitter:label1\" content=\"\u00c9crit par\" \/>\n\t<meta name=\"twitter:data1\" content=\"infocongovirtuel\" \/>\n\t<meta name=\"twitter:label2\" content=\"Dur\u00e9e de lecture estim\u00e9e\" \/>\n\t<meta name=\"twitter:data2\" content=\"3 minutes\" \/>\n<script type=\"application\/ld+json\" class=\"yoast-schema-graph\">{\"@context\":\"https:\\\/\\\/schema.org\",\"@graph\":[{\"@type\":\"Article\",\"@id\":\"https:\\\/\\\/congovirtuel.com\\\/information\\\/etat-de-siege-en-rdc-danciens-rebelles-nommes-gouverneurs-militaires\\\/#article\",\"isPartOf\":{\"@id\":\"https:\\\/\\\/congovirtuel.com\\\/information\\\/etat-de-siege-en-rdc-danciens-rebelles-nommes-gouverneurs-militaires\\\/\"},\"author\":{\"name\":\"infocongovirtuel\",\"@id\":\"https:\\\/\\\/congovirtuel.com\\\/information\\\/#\\\/schema\\\/person\\\/739a44bf7990966cb53d58d2fdeca0b6\"},\"headline\":\"\u00c9tat de si\u00e8ge en RDC: d\u2019anciens rebelles nomm\u00e9s gouverneurs militaires\",\"datePublished\":\"2021-05-05T15:59:11+00:00\",\"dateModified\":\"2021-05-05T15:59:20+00:00\",\"mainEntityOfPage\":{\"@id\":\"https:\\\/\\\/congovirtuel.com\\\/information\\\/etat-de-siege-en-rdc-danciens-rebelles-nommes-gouverneurs-militaires\\\/\"},\"wordCount\":595,\"commentCount\":0,\"publisher\":{\"@id\":\"https:\\\/\\\/congovirtuel.com\\\/information\\\/#organization\"},\"image\":{\"@id\":\"https:\\\/\\\/congovirtuel.com\\\/information\\\/etat-de-siege-en-rdc-danciens-rebelles-nommes-gouverneurs-militaires\\\/#primaryimage\"},\"thumbnailUrl\":\"https:\\\/\\\/congovirtuel.com\\\/information\\\/wp-content\\\/uploads\\\/2021\\\/05\\\/Ituri_plateau.jpg\",\"keywords\":[\"d\u2019anciens rebelles nomm\u00e9s gouverneurs militaires RDC\"],\"articleSection\":[\"Ins\u00e9curit\u00e9\"],\"inLanguage\":\"fr-FR\",\"potentialAction\":[{\"@type\":\"CommentAction\",\"name\":\"Comment\",\"target\":[\"https:\\\/\\\/congovirtuel.com\\\/information\\\/etat-de-siege-en-rdc-danciens-rebelles-nommes-gouverneurs-militaires\\\/#respond\"]}]},{\"@type\":\"WebPage\",\"@id\":\"https:\\\/\\\/congovirtuel.com\\\/information\\\/etat-de-siege-en-rdc-danciens-rebelles-nommes-gouverneurs-militaires\\\/\",\"url\":\"https:\\\/\\\/congovirtuel.com\\\/information\\\/etat-de-siege-en-rdc-danciens-rebelles-nommes-gouverneurs-militaires\\\/\",\"name\":\"\u00c9tat de si\u00e8ge en RDC: d\u2019anciens rebelles nomm\u00e9s gouverneurs militaires - Actualit\u00e9s congolaises et internationales\",\"isPartOf\":{\"@id\":\"https:\\\/\\\/congovirtuel.com\\\/information\\\/#website\"},\"primaryImageOfPage\":{\"@id\":\"https:\\\/\\\/congovirtuel.com\\\/information\\\/etat-de-siege-en-rdc-danciens-rebelles-nommes-gouverneurs-militaires\\\/#primaryimage\"},\"image\":{\"@id\":\"https:\\\/\\\/congovirtuel.com\\\/information\\\/etat-de-siege-en-rdc-danciens-rebelles-nommes-gouverneurs-militaires\\\/#primaryimage\"},\"thumbnailUrl\":\"https:\\\/\\\/congovirtuel.com\\\/information\\\/wp-content\\\/uploads\\\/2021\\\/05\\\/Ituri_plateau.jpg\",\"datePublished\":\"2021-05-05T15:59:11+00:00\",\"dateModified\":\"2021-05-05T15:59:20+00:00\",\"breadcrumb\":{\"@id\":\"https:\\\/\\\/congovirtuel.com\\\/information\\\/etat-de-siege-en-rdc-danciens-rebelles-nommes-gouverneurs-militaires\\\/#breadcrumb\"},\"inLanguage\":\"fr-FR\",\"potentialAction\":[{\"@type\":\"ReadAction\",\"target\":[\"https:\\\/\\\/congovirtuel.com\\\/information\\\/etat-de-siege-en-rdc-danciens-rebelles-nommes-gouverneurs-militaires\\\/\"]}]},{\"@type\":\"ImageObject\",\"inLanguage\":\"fr-FR\",\"@id\":\"https:\\\/\\\/congovirtuel.com\\\/information\\\/etat-de-siege-en-rdc-danciens-rebelles-nommes-gouverneurs-militaires\\\/#primaryimage\",\"url\":\"https:\\\/\\\/congovirtuel.com\\\/information\\\/wp-content\\\/uploads\\\/2021\\\/05\\\/Ituri_plateau.jpg\",\"contentUrl\":\"https:\\\/\\\/congovirtuel.com\\\/information\\\/wp-content\\\/uploads\\\/2021\\\/05\\\/Ituri_plateau.jpg\",\"width\":980,\"height\":551},{\"@type\":\"BreadcrumbList\",\"@id\":\"https:\\\/\\\/congovirtuel.com\\\/information\\\/etat-de-siege-en-rdc-danciens-rebelles-nommes-gouverneurs-militaires\\\/#breadcrumb\",\"itemListElement\":[{\"@type\":\"ListItem\",\"position\":1,\"name\":\"Accueil\",\"item\":\"https:\\\/\\\/congovirtuel.com\\\/information\\\/\"},{\"@type\":\"ListItem\",\"position\":2,\"name\":\"\u00c9tat de si\u00e8ge en RDC: d\u2019anciens rebelles nomm\u00e9s gouverneurs militaires\"}]},{\"@type\":\"WebSite\",\"@id\":\"https:\\\/\\\/congovirtuel.com\\\/information\\\/#website\",\"url\":\"https:\\\/\\\/congovirtuel.com\\\/information\\\/\",\"name\":\"Actualit\u00e9s congolaises et internationales\",\"description\":\"site d&#039;analyse et de traitement d&#039;information\",\"publisher\":{\"@id\":\"https:\\\/\\\/congovirtuel.com\\\/information\\\/#organization\"},\"potentialAction\":[{\"@type\":\"SearchAction\",\"target\":{\"@type\":\"EntryPoint\",\"urlTemplate\":\"https:\\\/\\\/congovirtuel.com\\\/information\\\/?s={search_term_string}\"},\"query-input\":{\"@type\":\"PropertyValueSpecification\",\"valueRequired\":true,\"valueName\":\"search_term_string\"}}],\"inLanguage\":\"fr-FR\"},{\"@type\":\"Organization\",\"@id\":\"https:\\\/\\\/congovirtuel.com\\\/information\\\/#organization\",\"name\":\"Biblioth\u00e8que Virtuelle de la RDC\",\"url\":\"https:\\\/\\\/congovirtuel.com\\\/information\\\/\",\"logo\":{\"@type\":\"ImageObject\",\"inLanguage\":\"fr-FR\",\"@id\":\"https:\\\/\\\/congovirtuel.com\\\/information\\\/#\\\/schema\\\/logo\\\/image\\\/\",\"url\":\"https:\\\/\\\/congovirtuel.com\\\/information\\\/wp-content\\\/uploads\\\/2018\\\/10\\\/header-info-congovirtuel-vraie.jpg\",\"contentUrl\":\"https:\\\/\\\/congovirtuel.com\\\/information\\\/wp-content\\\/uploads\\\/2018\\\/10\\\/header-info-congovirtuel-vraie.jpg\",\"width\":728,\"height\":90,\"caption\":\"Biblioth\u00e8que Virtuelle de la RDC\"},\"image\":{\"@id\":\"https:\\\/\\\/congovirtuel.com\\\/information\\\/#\\\/schema\\\/logo\\\/image\\\/\"},\"sameAs\":[\"https:\\\/\\\/web.facebook.com\\\/Congovirtuel-763617960319601\\\/?ref=aymt_homepage_panel&amp;amp;amp;amp;amp;amp;amp;amp;amp;amp;amp;eid=ARCoxULa66767kIgF_KYav6VdjXTI4yk_LW4yoVO9s6NXpysgb7Cb65vpxcxgqzOAKvIbLQxaAETcqHT\",\"https:\\\/\\\/x.com\\\/congovirtuel\",\"https:\\\/\\\/www.youtube.com\\\/channel\\\/UCkFfprYzGgS3EWNpeMXpToQ?view_as=subscriber\"]},{\"@type\":\"Person\",\"@id\":\"https:\\\/\\\/congovirtuel.com\\\/information\\\/#\\\/schema\\\/person\\\/739a44bf7990966cb53d58d2fdeca0b6\",\"name\":\"infocongovirtuel\",\"image\":{\"@type\":\"ImageObject\",\"inLanguage\":\"fr-FR\",\"@id\":\"https:\\\/\\\/secure.gravatar.com\\\/avatar\\\/4d76991aa72469f0eb22e772586c99113c6997f88da636a9db8f2ce3a2c05e69?s=96&d=mm&r=g\",\"url\":\"https:\\\/\\\/secure.gravatar.com\\\/avatar\\\/4d76991aa72469f0eb22e772586c99113c6997f88da636a9db8f2ce3a2c05e69?s=96&d=mm&r=g\",\"contentUrl\":\"https:\\\/\\\/secure.gravatar.com\\\/avatar\\\/4d76991aa72469f0eb22e772586c99113c6997f88da636a9db8f2ce3a2c05e69?s=96&d=mm&r=g\",\"caption\":\"infocongovirtuel\"},\"url\":\"https:\\\/\\\/congovirtuel.com\\\/information\\\/author\\\/infocongovirtuel\\\/\"}]}<\/script>\n<!-- \/ Yoast SEO plugin. -->","yoast_head_json":{"title":"\u00c9tat de si\u00e8ge en RDC: d\u2019anciens rebelles nomm\u00e9s gouverneurs militaires - Actualit\u00e9s congolaises et internationales","robots":{"index":"index","follow":"follow","max-snippet":"max-snippet:-1","max-image-preview":"max-image-preview:large","max-video-preview":"max-video-preview:-1"},"canonical":"https:\/\/congovirtuel.com\/information\/etat-de-siege-en-rdc-danciens-rebelles-nommes-gouverneurs-militaires\/","og_locale":"fr_FR","og_type":"article","og_title":"\u00c9tat de si\u00e8ge en RDC: d\u2019anciens rebelles nomm\u00e9s gouverneurs militaires - Actualit\u00e9s congolaises et internationales","og_description":"En R\u00e9publique d\u00e9mocratique du Congo, c\u2019est la veille de l\u2019instauration d\u2019un \u00e9tat de si\u00e8ge dans les provinces meurtries du Nord Kivu et de l\u2019Ituri. Cet \u00e9tat de si\u00e8ge vise \u00e0 mettre fin aux massacres qui endeuillent ces populations depuis plus de 20 ans. Et pour parvenir, le pr\u00e9sident Tshisekedi a d\u00e9cid\u00e9 de transf\u00e9rer les pouvoirs des autorit\u00e9s civiles \u00e0 des autorit\u00e9s militaires pour un mois, y compris dans le domaine de la justice. Des gouverneurs militaires et vice-gouverneurs policiers ont \u00e9t\u00e9 nomm\u00e9s mardi 4 mai. Parmi eux d\u2019anciens rebelles. En&hellip;","og_url":"https:\/\/congovirtuel.com\/information\/etat-de-siege-en-rdc-danciens-rebelles-nommes-gouverneurs-militaires\/","og_site_name":"Actualit\u00e9s congolaises et internationales","article_publisher":"https:\/\/web.facebook.com\/Congovirtuel-763617960319601\/?ref=aymt_homepage_panel&amp%3bamp%3bamp%3bamp%3bamp%3bamp%3bamp%3bamp%3bamp%3bamp%3bamp%3beid=ARCoxULa66767kIgF_KYav6VdjXTI4yk_LW4yoVO9s6NXpysgb7Cb65vpxcxgqzOAKvIbLQxaAETcqHT","article_published_time":"2021-05-05T15:59:11+00:00","article_modified_time":"2021-05-05T15:59:20+00:00","og_image":[{"width":980,"height":551,"url":"https:\/\/congovirtuel.com\/information\/wp-content\/uploads\/2021\/05\/Ituri_plateau.jpg","type":"image\/jpeg"}],"author":"infocongovirtuel","twitter_card":"summary_large_image","twitter_creator":"@congovirtuel","twitter_site":"@congovirtuel","twitter_misc":{"\u00c9crit par":"infocongovirtuel","Dur\u00e9e de lecture estim\u00e9e":"3 minutes"},"schema":{"@context":"https:\/\/schema.org","@graph":[{"@type":"Article","@id":"https:\/\/congovirtuel.com\/information\/etat-de-siege-en-rdc-danciens-rebelles-nommes-gouverneurs-militaires\/#article","isPartOf":{"@id":"https:\/\/congovirtuel.com\/information\/etat-de-siege-en-rdc-danciens-rebelles-nommes-gouverneurs-militaires\/"},"author":{"name":"infocongovirtuel","@id":"https:\/\/congovirtuel.com\/information\/#\/schema\/person\/739a44bf7990966cb53d58d2fdeca0b6"},"headline":"\u00c9tat de si\u00e8ge en RDC: d\u2019anciens rebelles nomm\u00e9s gouverneurs militaires","datePublished":"2021-05-05T15:59:11+00:00","dateModified":"2021-05-05T15:59:20+00:00","mainEntityOfPage":{"@id":"https:\/\/congovirtuel.com\/information\/etat-de-siege-en-rdc-danciens-rebelles-nommes-gouverneurs-militaires\/"},"wordCount":595,"commentCount":0,"publisher":{"@id":"https:\/\/congovirtuel.com\/information\/#organization"},"image":{"@id":"https:\/\/congovirtuel.com\/information\/etat-de-siege-en-rdc-danciens-rebelles-nommes-gouverneurs-militaires\/#primaryimage"},"thumbnailUrl":"https:\/\/congovirtuel.com\/information\/wp-content\/uploads\/2021\/05\/Ituri_plateau.jpg","keywords":["d\u2019anciens rebelles nomm\u00e9s gouverneurs militaires RDC"],"articleSection":["Ins\u00e9curit\u00e9"],"inLanguage":"fr-FR","potentialAction":[{"@type":"CommentAction","name":"Comment","target":["https:\/\/congovirtuel.com\/information\/etat-de-siege-en-rdc-danciens-rebelles-nommes-gouverneurs-militaires\/#respond"]}]},{"@type":"WebPage","@id":"https:\/\/congovirtuel.com\/information\/etat-de-siege-en-rdc-danciens-rebelles-nommes-gouverneurs-militaires\/","url":"https:\/\/congovirtuel.com\/information\/etat-de-siege-en-rdc-danciens-rebelles-nommes-gouverneurs-militaires\/","name":"\u00c9tat de si\u00e8ge en RDC: d\u2019anciens rebelles nomm\u00e9s gouverneurs militaires - Actualit\u00e9s congolaises et internationales","isPartOf":{"@id":"https:\/\/congovirtuel.com\/information\/#website"},"primaryImageOfPage":{"@id":"https:\/\/congovirtuel.com\/information\/etat-de-siege-en-rdc-danciens-rebelles-nommes-gouverneurs-militaires\/#primaryimage"},"image":{"@id":"https:\/\/congovirtuel.com\/information\/etat-de-siege-en-rdc-danciens-rebelles-nommes-gouverneurs-militaires\/#primaryimage"},"thumbnailUrl":"https:\/\/congovirtuel.com\/information\/wp-content\/uploads\/2021\/05\/Ituri_plateau.jpg","datePublished":"2021-05-05T15:59:11+00:00","dateModified":"2021-05-05T15:59:20+00:00","breadcrumb":{"@id":"https:\/\/congovirtuel.com\/information\/etat-de-siege-en-rdc-danciens-rebelles-nommes-gouverneurs-militaires\/#breadcrumb"},"inLanguage":"fr-FR","potentialAction":[{"@type":"ReadAction","target":["https:\/\/congovirtuel.com\/information\/etat-de-siege-en-rdc-danciens-rebelles-nommes-gouverneurs-militaires\/"]}]},{"@type":"ImageObject","inLanguage":"fr-FR","@id":"https:\/\/congovirtuel.com\/information\/etat-de-siege-en-rdc-danciens-rebelles-nommes-gouverneurs-militaires\/#primaryimage","url":"https:\/\/congovirtuel.com\/information\/wp-content\/uploads\/2021\/05\/Ituri_plateau.jpg","contentUrl":"https:\/\/congovirtuel.com\/information\/wp-content\/uploads\/2021\/05\/Ituri_plateau.jpg","width":980,"height":551},{"@type":"BreadcrumbList","@id":"https:\/\/congovirtuel.com\/information\/etat-de-siege-en-rdc-danciens-rebelles-nommes-gouverneurs-militaires\/#breadcrumb","itemListElement":[{"@type":"ListItem","position":1,"name":"Accueil","item":"https:\/\/congovirtuel.com\/information\/"},{"@type":"ListItem","position":2,"name":"\u00c9tat de si\u00e8ge en RDC: d\u2019anciens rebelles nomm\u00e9s gouverneurs militaires"}]},{"@type":"WebSite","@id":"https:\/\/congovirtuel.com\/information\/#website","url":"https:\/\/congovirtuel.com\/information\/","name":"Actualit\u00e9s congolaises et internationales","description":"site d&#039;analyse et de traitement d&#039;information","publisher":{"@id":"https:\/\/congovirtuel.com\/information\/#organization"},"potentialAction":[{"@type":"SearchAction","target":{"@type":"EntryPoint","urlTemplate":"https:\/\/congovirtuel.com\/information\/?s={search_term_string}"},"query-input":{"@type":"PropertyValueSpecification","valueRequired":true,"valueName":"search_term_string"}}],"inLanguage":"fr-FR"},{"@type":"Organization","@id":"https:\/\/congovirtuel.com\/information\/#organization","name":"Biblioth\u00e8que Virtuelle de la RDC","url":"https:\/\/congovirtuel.com\/information\/","logo":{"@type":"ImageObject","inLanguage":"fr-FR","@id":"https:\/\/congovirtuel.com\/information\/#\/schema\/logo\/image\/","url":"https:\/\/congovirtuel.com\/information\/wp-content\/uploads\/2018\/10\/header-info-congovirtuel-vraie.jpg","contentUrl":"https:\/\/congovirtuel.com\/information\/wp-content\/uploads\/2018\/10\/header-info-congovirtuel-vraie.jpg","width":728,"height":90,"caption":"Biblioth\u00e8que Virtuelle de la RDC"},"image":{"@id":"https:\/\/congovirtuel.com\/information\/#\/schema\/logo\/image\/"},"sameAs":["https:\/\/web.facebook.com\/Congovirtuel-763617960319601\/?ref=aymt_homepage_panel&amp;amp;amp;amp;amp;amp;amp;amp;amp;amp;amp;eid=ARCoxULa66767kIgF_KYav6VdjXTI4yk_LW4yoVO9s6NXpysgb7Cb65vpxcxgqzOAKvIbLQxaAETcqHT","https:\/\/x.com\/congovirtuel","https:\/\/www.youtube.com\/channel\/UCkFfprYzGgS3EWNpeMXpToQ?view_as=subscriber"]},{"@type":"Person","@id":"https:\/\/congovirtuel.com\/information\/#\/schema\/person\/739a44bf7990966cb53d58d2fdeca0b6","name":"infocongovirtuel","image":{"@type":"ImageObject","inLanguage":"fr-FR","@id":"https:\/\/secure.gravatar.com\/avatar\/4d76991aa72469f0eb22e772586c99113c6997f88da636a9db8f2ce3a2c05e69?s=96&d=mm&r=g","url":"https:\/\/secure.gravatar.com\/avatar\/4d76991aa72469f0eb22e772586c99113c6997f88da636a9db8f2ce3a2c05e69?s=96&d=mm&r=g","contentUrl":"https:\/\/secure.gravatar.com\/avatar\/4d76991aa72469f0eb22e772586c99113c6997f88da636a9db8f2ce3a2c05e69?s=96&d=mm&r=g","caption":"infocongovirtuel"},"url":"https:\/\/congovirtuel.com\/information\/author\/infocongovirtuel\/"}]}},"gt_translate_keys":[{"key":"link","format":"url"}],"_links":{"self":[{"href":"https:\/\/congovirtuel.com\/information\/wp-json\/wp\/v2\/posts\/8662","targetHints":{"allow":["GET"]}}],"collection":[{"href":"https:\/\/congovirtuel.com\/information\/wp-json\/wp\/v2\/posts"}],"about":[{"href":"https:\/\/congovirtuel.com\/information\/wp-json\/wp\/v2\/types\/post"}],"author":[{"embeddable":true,"href":"https:\/\/congovirtuel.com\/information\/wp-json\/wp\/v2\/users\/1"}],"replies":[{"embeddable":true,"href":"https:\/\/congovirtuel.com\/information\/wp-json\/wp\/v2\/comments?post=8662"}],"version-history":[{"count":1,"href":"https:\/\/congovirtuel.com\/information\/wp-json\/wp\/v2\/posts\/8662\/revisions"}],"predecessor-version":[{"id":8664,"href":"https:\/\/congovirtuel.com\/information\/wp-json\/wp\/v2\/posts\/8662\/revisions\/8664"}],"wp:featuredmedia":[{"embeddable":true,"href":"https:\/\/congovirtuel.com\/information\/wp-json\/wp\/v2\/media\/8663"}],"wp:attachment":[{"href":"https:\/\/congovirtuel.com\/information\/wp-json\/wp\/v2\/media?parent=8662"}],"wp:term":[{"taxonomy":"category","embeddable":true,"href":"https:\/\/congovirtuel.com\/information\/wp-json\/wp\/v2\/categories?post=8662"},{"taxonomy":"post_tag","embeddable":true,"href":"https:\/\/congovirtuel.com\/information\/wp-json\/wp\/v2\/tags?post=8662"}],"curies":[{"name":"wp","href":"https:\/\/api.w.org\/{rel}","templated":true}]}}