{"id":8674,"date":"2021-05-06T07:16:51","date_gmt":"2021-05-06T06:16:51","guid":{"rendered":"https:\/\/congovirtuel.com\/information\/?p=8674"},"modified":"2021-05-06T07:16:58","modified_gmt":"2021-05-06T06:16:58","slug":"rdc-etat-de-siege-fatshi-en-passe-de-gagner-la-bataille-de-lopinion-mais","status":"publish","type":"post","link":"https:\/\/congovirtuel.com\/information\/rdc-etat-de-siege-fatshi-en-passe-de-gagner-la-bataille-de-lopinion-mais\/","title":{"rendered":"RDC: Etat de si\u00e8ge: \u00ab Fatshi \u00bb en passe de gagner la \u00abbataille\u00bb de l\u2019opinion. Mais\u2026","gt_translate_keys":[{"key":"rendered","format":"text"}]},"content":{"rendered":"\n<p class=\"wp-block-paragraph\"><strong>Quarante-huit heures apr\u00e8s l\u2019allocution pr\u00e9sidentielle \u00e0 la nation du mardi 4 mai proclamant l\u2019\u00e9tat de si\u00e8ge au Nord-Kivu et en Ituri, l\u2019heure est venue de prendre la \u00ab&nbsp;<em>temp\u00e9rature<\/em>&nbsp;\u00bb de l\u2019opinion \u00e0 travers les r\u00e9actions. Une certaine ambiance \u00ab&nbsp;<em>d\u2019union nationale<\/em>&nbsp;\u00bb semble pr\u00e9valoir autour de l\u2019option lev\u00e9e par le pr\u00e9sident Felix Tshisekedi. Sans surprise, la plateforme \u00ab&nbsp;Lamuka&nbsp;\u00bb du duo Fayulu-Muzito a choisi d\u2019afficher sa diff\u00e9rence.<\/strong><\/p>\n\n\n\n<p class=\"wp-block-paragraph\">Mercredi 4 mai, une controverse est n\u00e9e apr\u00e8s la divulgation des identit\u00e9s des nouvelles autorit\u00e9s charg\u00e9es d\u2019administrer les deux R\u00e9gions concern\u00e9es par l\u2019\u00e9tat de si\u00e8ge. Le lieutenant-g\u00e9n\u00e9ral Constant Ndima Kongba est nomm\u00e9 gouverneur militaire de l\u2019Ituri. Il sera assist\u00e9 par le commissaire divisionnaire de police Romuald Ekuka Lipopo. Au Nord-Kivu, la fonction de gouverneur revient au lieutenant-g\u00e9n\u00e9ral Johnny Luboya Nkashama. Il a comme adjoint Benjamin Alongaboni Bangadiso, commissaire divisionnaire de police.<\/p>\n\n\n\n<p class=\"wp-block-paragraph\">La Radio France Internationale a \u00e9t\u00e9 la premi\u00e8re \u00ab&nbsp;<em>\u00e0 d\u00e9gainer<\/em>&nbsp;\u00bb en rapportant que les deux nouveaux chefs de ces ex\u00e9cutifs provinciaux sont issus des anciens mouvements rebelles respectivement du MLC de Jean-Pierre Bemba et du RCD-Goma. \u00ab&nbsp;<em>Constant Ndima est cit\u00e9 dans un rapport des Nations Unies dans l\u2019op\u00e9ration effacer le tableau<\/em>\u00ab&nbsp;, dit-on. Johnny Luboya Nkashama, lui, porte sur ses \u00e9paules les crimes imput\u00e9s aux \u00ab&nbsp;<em>amis<\/em>&nbsp;\u00bb d\u2019Azarias Ruberwa.<\/p>\n\n\n\n<p class=\"wp-block-paragraph\">Dans cette pol\u00e9mique, on semble passer par pertes et profits le principe sacro-saint de la pr\u00e9somption d\u2019innocence. Un rapport r\u00e9dig\u00e9 par des experts des Nations Unies reste un rapport. Il n\u2019a pas valeur d\u2019une d\u00e9cision juridictionnelle. Cette clameur populaire est apparemment battue en br\u00e8che par la \u00ab&nbsp;<em>coh\u00e9sion nationale<\/em>&nbsp;\u00bb ambiante.<\/p>\n\n\n\n<p class=\"wp-block-paragraph\">\u00ab&nbsp;<em><strong>FAIRE TAIRE LES QUERELLES PARTISANES<\/strong><\/em>\u00ab&nbsp;<\/p>\n\n\n\n<p class=\"wp-block-paragraph\">Les anciens pr\u00e9sidents des chambres du Parlement (S\u00e9nat\/Assembl\u00e9e nationale) ont cr\u00e9\u00e9, mercredi, l\u2019\u00e9v\u00e9nement en se constituant en un \u00ab&nbsp;<em>Collectif<\/em>\u00ab&nbsp;. Lieu choisi: l\u2019h\u00e9micycle du Palais du peuple. Dans une d\u00e9claration lue par Thomas Lohaka Losendjola, ils ont encourag\u00e9 \u00ab&nbsp;<em>toute la communaut\u00e9 nationale \u00e0 consid\u00e9rer la situation \u00e0 l\u2019Est non plus comme une priorit\u00e9 mais comme une urgence<\/em>\u00ab&nbsp;. Le \u00ab&nbsp;<em>collectif<\/em>&nbsp;\u00bb exhorte le chef de l\u2019Etat et le gouvernement \u00e0 \u00ab&nbsp;<em>prendre toutes mesures n\u00e9cessaires et efficaces pour y mettre fin d\u00e9finitivement<\/em>\u00ab&nbsp;.<\/p>\n\n\n\n<p class=\"wp-block-paragraph\">Mine grave, les signataires de ladite d\u00e9claration (Evariste Boshab, Olivier Kamitatu, L\u00e9on Kengo wa Dondo, Thomas Lohaka, Aubin Minaku, le cardinal Laurent Monsengwo Pasinya, Philom\u00e8ne Omatuku et Alexis Thambwe Mwamba) ne se sont pas arr\u00eat\u00e9s en si bon chemin. Et ce en d\u00e9pit de leur appartenance \u00e0 des chapelles politiques peu habitu\u00e9es \u00e0 regarder dans la m\u00eame direction. Ils ont, \u00e0 la surprise g\u00e9n\u00e9rale, invit\u00e9 l\u2019ensemble du personnel politique \u00e0 \u00ab&nbsp;<em>faire taire les querelles partisanes et de se surpasser pour construire un consensus autour de la question s\u00e9curitaire \u00e0 l\u2019Est<\/em>\u00ab&nbsp;. Seront-ils entendus? C\u2019est \u00e0 voir.<\/p>\n\n\n\n<p class=\"wp-block-paragraph\">Qui a eu l\u2019id\u00e9e lumineuse de cette \u00ab&nbsp;association momentan\u00e9e&nbsp;\u00bb des anciens Pr\u00e9sidents des chambres du Parlement? L\u2019histoire ne le dit pas encore. Une certitude: il y a une prise de conscience que trop c\u2019est trop avec toutes ces images atroces diffus\u00e9es sur les r\u00e9seaux sociaux. Une certitude \u00e9galement: la simple d\u00e9termination au niveau du verbe ne suffira pas \u00e0 \u00ab&nbsp;pacifier&nbsp;\u00bb le Nord Kivu et l\u2019Ituri. Il faudra une prise en compte effective du \u00ab&nbsp;<em>moral<\/em>&nbsp;\u00bb des hommes d\u00e9ploy\u00e9s sur le terrain. Sans omettre, comme a pu dire l\u2019ancien ministre Antipas Mbusa Nyamwisi, que \u00ab&nbsp;<em>les ennemis sont parmi nous<\/em>\u00ab&nbsp;. Les FARDC sont infiltr\u00e9es par des \u00e9l\u00e9ments \u00e9trangers venus essentiellement du Rwanda. &nbsp;&nbsp;&nbsp;&nbsp;&nbsp;&nbsp;&nbsp;&nbsp;&nbsp;&nbsp;&nbsp;&nbsp;&nbsp;<\/p>\n\n\n\n<p class=\"wp-block-paragraph\">Revenons au \u00ab&nbsp;Collectif&nbsp;\u00bb des Pr\u00e9sidents des chambres du Parlement. Combien de temps pourrait durer cette \u00ab&nbsp;<em>union des c\u0153urs et des esprits<\/em>\u00ab&nbsp;? Nul ne le sait. Plusieurs observateurs exhortent le chef de l\u2019Etat \u00e0 \u00ab&nbsp;<em>discipliner<\/em>&nbsp;\u00bb le duo Kabund-Kabuya. \u00ab&nbsp;<em>Jean-Marc Kabund et Augustin Kabuya devraient s\u2019abstenir des d\u00e9clarations \u00e0 l\u2019emporte-pi\u00e8ce en ce temps d\u2019union nationale. Les attitudes \u00e9tant contagieuses, les combattants se garderont d\u2019injurier les adversaires de l\u2019UDPS. Les meilleurs ennemis de Felix Tshisekedi se trouvent dans son propre parti<\/em>\u00ab&nbsp;. C\u2019est en r\u00e9sum\u00e9, les avis r\u00e9colt\u00e9s dans la soir\u00e9e de mercredi 5 mai par l\u2019auteur de ces lignes. Il faut une \u00ab&nbsp;tr\u00eave g\u00e9n\u00e9rale&nbsp;\u00bb. Les r\u00e9actions fusent.<\/p>\n\n\n\n<p class=\"wp-block-paragraph\"><strong>LES REACTIONS<\/strong><\/p>\n\n\n\n<p class=\"wp-block-paragraph\">Sur son compte Twitter, Carbone Beni, activiste bien connu de la soci\u00e9t\u00e9 civile \u00e9crit: \u00ab&nbsp;(\u2026).&nbsp;<em>On n\u2019a jamais tent\u00e9 l\u2019\u00e9tat de si\u00e8ge, je ne vois pas pourquoi on devrait s\u2019y opposer<\/em>\u00ab&nbsp;. Dans un autre Tweet, il note qu&rsquo;&nbsp;\u00bb<em>il ne sert \u00e0 rien de s\u2019attarder sur le d\u00e9bat d\u2019identification des personnalit\u00e9s militaires et politiques impliqu\u00e9es dans diff\u00e9rentes r\u00e9bellions, ce serait presque 70%. Ce n\u2019est pas le pass\u00e9 qui compte vraiment, mais plut\u00f4t c\u2019est ce dont on est capable de faire aujourd\u2019hui<\/em>\u00ab&nbsp;.<\/p>\n\n\n\n<p class=\"wp-block-paragraph\">Dans un communiqu\u00e9 dat\u00e9 du 5 mai 2021, l\u2019association de d\u00e9fense des droits humains \u00ab&nbsp;<em>La Voix des Sans Voix pour les droits de l\u2019Homme<\/em>&nbsp;\u00bb qualifie la proclamation de l\u2019\u00e9tat de si\u00e8ge dans les R\u00e9gions pr\u00e9cit\u00e9es comme une \u00ab&nbsp;<em>d\u00e9cision salutaire<\/em>\u00ab&nbsp;. Selon elle, \u00ab&nbsp;<em>il est temps que l\u2019Etat congolais s\u2019assume pour un r\u00e9el r\u00e9tablissement de l\u2019autorit\u00e9 de l\u2019Etat \u00e0 l\u2019Est&nbsp; du pays afin de permettre \u00e0 toutes celles et \u00e0 tous ceux qui vivent dans cette partie de la RD Congo de vivre dans la paix et la s\u00e9curit\u00e9<\/em>\u00ab&nbsp;.<\/p>\n\n\n\n<p class=\"wp-block-paragraph\">Lucide, la \u00ab&nbsp;VSV&nbsp;\u00bb invite la population de l\u2019Ituri et du Nord Kivu \u00ab&nbsp;<em>\u00e0 une vigilance tous azimuts sur le respect strict des droits humains par tous y compris les autorit\u00e9s militaires elles-m\u00eames<\/em>\u00ab&nbsp;. L\u2019association invite \u00e9galement les populations de ces deux provinces \u00e0 pr\u00eater main forte aux officiers militaires et de la police nomm\u00e9s par le chef de l\u2019Etat.<\/p>\n\n\n\n<p class=\"wp-block-paragraph\">La plateforme politique \u00ab&nbsp;Lamuka&nbsp;\u00bb du duo Fayulu-Muzito qualifie, pour sa part, l\u2019\u00e9tat de si\u00e8ge d\u00e9cr\u00e9t\u00e9 par le Pr\u00e9sident de la R\u00e9publique \u00ab&nbsp;d\u2019amateurisme&nbsp;\u00bb. Au motif que cette mesure a pour effet de restreindre les droits et libert\u00e9s. Question: devrait-on parler d\u2019ignorance ou de mauvaise foi? Martin Fayulu et Adolphe Muzito ignorent-ils que les restrictions des droits et libert\u00e9s sont des cons\u00e9quences classiques en cas d\u2019instauration de l\u2019\u00e9tat de si\u00e8ge ou de l\u2019\u00e9tat d\u2019urgence?<\/p>\n\n\n\n<p class=\"wp-block-paragraph\">Comme on peut le voir, le pr\u00e9sident Felix Tshisekedi Tshilombo est en passe de gagner la bataille de l\u2019opinion. Il lui reste \u00e0 remporter la \u00ab&nbsp;<em>guerre<\/em>&nbsp;\u00bb face aux insaisissables bandes arm\u00e9es qui s\u00e8ment la terreur et r\u00e9pandent la mort dans cette partie du pays. Ici, la rh\u00e9torique seule ne suffira pas\u2026 &nbsp;<\/p>\n\n\n\n<p class=\"wp-block-paragraph\"><strong>B.A.W.<\/strong><\/p>\n","protected":false,"gt_translate_keys":[{"key":"rendered","format":"html"}]},"excerpt":{"rendered":"<p>Quarante-huit heures apr\u00e8s l\u2019allocution pr\u00e9sidentielle \u00e0 la nation du mardi 4 mai proclamant l\u2019\u00e9tat de si\u00e8ge au Nord-Kivu et en Ituri, l\u2019heure est venue de prendre la \u00ab&nbsp;temp\u00e9rature&nbsp;\u00bb de l\u2019opinion \u00e0 travers les r\u00e9actions. Une certaine ambiance \u00ab&nbsp;d\u2019union nationale&nbsp;\u00bb semble pr\u00e9valoir autour de l\u2019option lev\u00e9e par le pr\u00e9sident Felix Tshisekedi. Sans surprise, la plateforme \u00ab&nbsp;Lamuka&nbsp;\u00bb du duo Fayulu-Muzito a choisi d\u2019afficher sa diff\u00e9rence. Mercredi 4 mai, une controverse est n\u00e9e apr\u00e8s la divulgation des identit\u00e9s des nouvelles autorit\u00e9s charg\u00e9es d\u2019administrer les deux R\u00e9gions concern\u00e9es par l\u2019\u00e9tat de si\u00e8ge. Le lieutenant-g\u00e9n\u00e9ral&hellip;<\/p>\n","protected":false,"gt_translate_keys":[{"key":"rendered","format":"html"}]},"author":1,"featured_media":8675,"comment_status":"open","ping_status":"open","sticky":false,"template":"","format":"standard","meta":{"_crdt_document":"","footnotes":""},"categories":[199],"tags":[7170],"class_list":["post-8674","post","type-post","status-publish","format-standard","has-post-thumbnail","hentry","category-insecurite","tag-etat-de-siege-rdc"],"gutentor_comment":0,"yoast_head":"<!-- This site is optimized with the Yoast SEO plugin v27.5 - https:\/\/yoast.com\/product\/yoast-seo-wordpress\/ -->\n<title>RDC: Etat de si\u00e8ge: \u00ab Fatshi \u00bb en passe de gagner la \u00abbataille\u00bb de l\u2019opinion. Mais\u2026 - Actualit\u00e9s congolaises et internationales<\/title>\n<meta name=\"robots\" content=\"index, follow, max-snippet:-1, max-image-preview:large, max-video-preview:-1\" \/>\n<link rel=\"canonical\" href=\"https:\/\/congovirtuel.com\/information\/rdc-etat-de-siege-fatshi-en-passe-de-gagner-la-bataille-de-lopinion-mais\/\" \/>\n<meta property=\"og:locale\" content=\"fr_FR\" \/>\n<meta property=\"og:type\" content=\"article\" \/>\n<meta property=\"og:title\" content=\"RDC: Etat de si\u00e8ge: \u00ab Fatshi \u00bb en passe de gagner la \u00abbataille\u00bb de l\u2019opinion. Mais\u2026 - Actualit\u00e9s congolaises et internationales\" \/>\n<meta property=\"og:description\" content=\"Quarante-huit heures apr\u00e8s l\u2019allocution pr\u00e9sidentielle \u00e0 la nation du mardi 4 mai proclamant l\u2019\u00e9tat de si\u00e8ge au Nord-Kivu et en Ituri, l\u2019heure est venue de prendre la \u00ab&nbsp;temp\u00e9rature&nbsp;\u00bb de l\u2019opinion \u00e0 travers les r\u00e9actions. Une certaine ambiance \u00ab&nbsp;d\u2019union nationale&nbsp;\u00bb semble pr\u00e9valoir autour de l\u2019option lev\u00e9e par le pr\u00e9sident Felix Tshisekedi. Sans surprise, la plateforme \u00ab&nbsp;Lamuka&nbsp;\u00bb du duo Fayulu-Muzito a choisi d\u2019afficher sa diff\u00e9rence. Mercredi 4 mai, une controverse est n\u00e9e apr\u00e8s la divulgation des identit\u00e9s des nouvelles autorit\u00e9s charg\u00e9es d\u2019administrer les deux R\u00e9gions concern\u00e9es par l\u2019\u00e9tat de si\u00e8ge. Le lieutenant-g\u00e9n\u00e9ral&hellip;\" \/>\n<meta property=\"og:url\" content=\"https:\/\/congovirtuel.com\/information\/rdc-etat-de-siege-fatshi-en-passe-de-gagner-la-bataille-de-lopinion-mais\/\" \/>\n<meta property=\"og:site_name\" content=\"Actualit\u00e9s congolaises et internationales\" \/>\n<meta property=\"article:publisher\" content=\"https:\/\/web.facebook.com\/Congovirtuel-763617960319601\/?ref=aymt_homepage_panel&amp;amp%3bamp%3bamp%3bamp%3bamp%3bamp%3bamp%3bamp%3bamp%3bamp%3bamp%3beid=ARCoxULa66767kIgF_KYav6VdjXTI4yk_LW4yoVO9s6NXpysgb7Cb65vpxcxgqzOAKvIbLQxaAETcqHT\" \/>\n<meta property=\"article:published_time\" content=\"2021-05-06T06:16:51+00:00\" \/>\n<meta property=\"article:modified_time\" content=\"2021-05-06T06:16:58+00:00\" \/>\n<meta property=\"og:image\" content=\"https:\/\/congovirtuel.com\/information\/wp-content\/uploads\/2021\/05\/presi-chambres-2021.jpg\" \/>\n\t<meta property=\"og:image:width\" content=\"640\" \/>\n\t<meta property=\"og:image:height\" content=\"480\" \/>\n\t<meta property=\"og:image:type\" content=\"image\/jpeg\" \/>\n<meta name=\"author\" content=\"infocongovirtuel\" \/>\n<meta name=\"twitter:card\" content=\"summary_large_image\" \/>\n<meta name=\"twitter:creator\" content=\"@congovirtuel\" \/>\n<meta name=\"twitter:site\" content=\"@congovirtuel\" \/>\n<meta name=\"twitter:label1\" content=\"\u00c9crit par\" \/>\n\t<meta name=\"twitter:data1\" content=\"infocongovirtuel\" \/>\n\t<meta name=\"twitter:label2\" content=\"Dur\u00e9e de lecture estim\u00e9e\" \/>\n\t<meta name=\"twitter:data2\" content=\"5 minutes\" \/>\n<script type=\"application\/ld+json\" class=\"yoast-schema-graph\">{\"@context\":\"https:\\\/\\\/schema.org\",\"@graph\":[{\"@type\":\"Article\",\"@id\":\"https:\\\/\\\/congovirtuel.com\\\/information\\\/rdc-etat-de-siege-fatshi-en-passe-de-gagner-la-bataille-de-lopinion-mais\\\/#article\",\"isPartOf\":{\"@id\":\"https:\\\/\\\/congovirtuel.com\\\/information\\\/rdc-etat-de-siege-fatshi-en-passe-de-gagner-la-bataille-de-lopinion-mais\\\/\"},\"author\":{\"name\":\"infocongovirtuel\",\"@id\":\"https:\\\/\\\/congovirtuel.com\\\/information\\\/#\\\/schema\\\/person\\\/739a44bf7990966cb53d58d2fdeca0b6\"},\"headline\":\"RDC: Etat de si\u00e8ge: \u00ab Fatshi \u00bb en passe de gagner la \u00abbataille\u00bb de l\u2019opinion. Mais\u2026\",\"datePublished\":\"2021-05-06T06:16:51+00:00\",\"dateModified\":\"2021-05-06T06:16:58+00:00\",\"mainEntityOfPage\":{\"@id\":\"https:\\\/\\\/congovirtuel.com\\\/information\\\/rdc-etat-de-siege-fatshi-en-passe-de-gagner-la-bataille-de-lopinion-mais\\\/\"},\"wordCount\":1234,\"commentCount\":0,\"publisher\":{\"@id\":\"https:\\\/\\\/congovirtuel.com\\\/information\\\/#organization\"},\"image\":{\"@id\":\"https:\\\/\\\/congovirtuel.com\\\/information\\\/rdc-etat-de-siege-fatshi-en-passe-de-gagner-la-bataille-de-lopinion-mais\\\/#primaryimage\"},\"thumbnailUrl\":\"https:\\\/\\\/congovirtuel.com\\\/information\\\/wp-content\\\/uploads\\\/2021\\\/05\\\/presi-chambres-2021.jpg\",\"keywords\":[\"\u00e9tat de si\u00e8ge RDC\"],\"articleSection\":[\"Ins\u00e9curit\u00e9\"],\"inLanguage\":\"fr-FR\",\"potentialAction\":[{\"@type\":\"CommentAction\",\"name\":\"Comment\",\"target\":[\"https:\\\/\\\/congovirtuel.com\\\/information\\\/rdc-etat-de-siege-fatshi-en-passe-de-gagner-la-bataille-de-lopinion-mais\\\/#respond\"]}]},{\"@type\":\"WebPage\",\"@id\":\"https:\\\/\\\/congovirtuel.com\\\/information\\\/rdc-etat-de-siege-fatshi-en-passe-de-gagner-la-bataille-de-lopinion-mais\\\/\",\"url\":\"https:\\\/\\\/congovirtuel.com\\\/information\\\/rdc-etat-de-siege-fatshi-en-passe-de-gagner-la-bataille-de-lopinion-mais\\\/\",\"name\":\"RDC: Etat de si\u00e8ge: \u00ab Fatshi \u00bb en passe de gagner la \u00abbataille\u00bb de l\u2019opinion. Mais\u2026 - Actualit\u00e9s congolaises et internationales\",\"isPartOf\":{\"@id\":\"https:\\\/\\\/congovirtuel.com\\\/information\\\/#website\"},\"primaryImageOfPage\":{\"@id\":\"https:\\\/\\\/congovirtuel.com\\\/information\\\/rdc-etat-de-siege-fatshi-en-passe-de-gagner-la-bataille-de-lopinion-mais\\\/#primaryimage\"},\"image\":{\"@id\":\"https:\\\/\\\/congovirtuel.com\\\/information\\\/rdc-etat-de-siege-fatshi-en-passe-de-gagner-la-bataille-de-lopinion-mais\\\/#primaryimage\"},\"thumbnailUrl\":\"https:\\\/\\\/congovirtuel.com\\\/information\\\/wp-content\\\/uploads\\\/2021\\\/05\\\/presi-chambres-2021.jpg\",\"datePublished\":\"2021-05-06T06:16:51+00:00\",\"dateModified\":\"2021-05-06T06:16:58+00:00\",\"breadcrumb\":{\"@id\":\"https:\\\/\\\/congovirtuel.com\\\/information\\\/rdc-etat-de-siege-fatshi-en-passe-de-gagner-la-bataille-de-lopinion-mais\\\/#breadcrumb\"},\"inLanguage\":\"fr-FR\",\"potentialAction\":[{\"@type\":\"ReadAction\",\"target\":[\"https:\\\/\\\/congovirtuel.com\\\/information\\\/rdc-etat-de-siege-fatshi-en-passe-de-gagner-la-bataille-de-lopinion-mais\\\/\"]}]},{\"@type\":\"ImageObject\",\"inLanguage\":\"fr-FR\",\"@id\":\"https:\\\/\\\/congovirtuel.com\\\/information\\\/rdc-etat-de-siege-fatshi-en-passe-de-gagner-la-bataille-de-lopinion-mais\\\/#primaryimage\",\"url\":\"https:\\\/\\\/congovirtuel.com\\\/information\\\/wp-content\\\/uploads\\\/2021\\\/05\\\/presi-chambres-2021.jpg\",\"contentUrl\":\"https:\\\/\\\/congovirtuel.com\\\/information\\\/wp-content\\\/uploads\\\/2021\\\/05\\\/presi-chambres-2021.jpg\",\"width\":640,\"height\":480},{\"@type\":\"BreadcrumbList\",\"@id\":\"https:\\\/\\\/congovirtuel.com\\\/information\\\/rdc-etat-de-siege-fatshi-en-passe-de-gagner-la-bataille-de-lopinion-mais\\\/#breadcrumb\",\"itemListElement\":[{\"@type\":\"ListItem\",\"position\":1,\"name\":\"Accueil\",\"item\":\"https:\\\/\\\/congovirtuel.com\\\/information\\\/\"},{\"@type\":\"ListItem\",\"position\":2,\"name\":\"RDC: Etat de si\u00e8ge: \u00ab Fatshi \u00bb en passe de gagner la \u00abbataille\u00bb de l\u2019opinion. Mais\u2026\"}]},{\"@type\":\"WebSite\",\"@id\":\"https:\\\/\\\/congovirtuel.com\\\/information\\\/#website\",\"url\":\"https:\\\/\\\/congovirtuel.com\\\/information\\\/\",\"name\":\"Actualit\u00e9s congolaises et internationales\",\"description\":\"site d&#039;analyse et de traitement d&#039;information\",\"publisher\":{\"@id\":\"https:\\\/\\\/congovirtuel.com\\\/information\\\/#organization\"},\"potentialAction\":[{\"@type\":\"SearchAction\",\"target\":{\"@type\":\"EntryPoint\",\"urlTemplate\":\"https:\\\/\\\/congovirtuel.com\\\/information\\\/?s={search_term_string}\"},\"query-input\":{\"@type\":\"PropertyValueSpecification\",\"valueRequired\":true,\"valueName\":\"search_term_string\"}}],\"inLanguage\":\"fr-FR\"},{\"@type\":\"Organization\",\"@id\":\"https:\\\/\\\/congovirtuel.com\\\/information\\\/#organization\",\"name\":\"Biblioth\u00e8que Virtuelle de la RDC\",\"url\":\"https:\\\/\\\/congovirtuel.com\\\/information\\\/\",\"logo\":{\"@type\":\"ImageObject\",\"inLanguage\":\"fr-FR\",\"@id\":\"https:\\\/\\\/congovirtuel.com\\\/information\\\/#\\\/schema\\\/logo\\\/image\\\/\",\"url\":\"https:\\\/\\\/congovirtuel.com\\\/information\\\/wp-content\\\/uploads\\\/2018\\\/10\\\/header-info-congovirtuel-vraie.jpg\",\"contentUrl\":\"https:\\\/\\\/congovirtuel.com\\\/information\\\/wp-content\\\/uploads\\\/2018\\\/10\\\/header-info-congovirtuel-vraie.jpg\",\"width\":728,\"height\":90,\"caption\":\"Biblioth\u00e8que Virtuelle de la RDC\"},\"image\":{\"@id\":\"https:\\\/\\\/congovirtuel.com\\\/information\\\/#\\\/schema\\\/logo\\\/image\\\/\"},\"sameAs\":[\"https:\\\/\\\/web.facebook.com\\\/Congovirtuel-763617960319601\\\/?ref=aymt_homepage_panel&amp;amp;amp;amp;amp;amp;amp;amp;amp;amp;amp;eid=ARCoxULa66767kIgF_KYav6VdjXTI4yk_LW4yoVO9s6NXpysgb7Cb65vpxcxgqzOAKvIbLQxaAETcqHT\",\"https:\\\/\\\/x.com\\\/congovirtuel\",\"https:\\\/\\\/www.youtube.com\\\/channel\\\/UCkFfprYzGgS3EWNpeMXpToQ?view_as=subscriber\"]},{\"@type\":\"Person\",\"@id\":\"https:\\\/\\\/congovirtuel.com\\\/information\\\/#\\\/schema\\\/person\\\/739a44bf7990966cb53d58d2fdeca0b6\",\"name\":\"infocongovirtuel\",\"image\":{\"@type\":\"ImageObject\",\"inLanguage\":\"fr-FR\",\"@id\":\"https:\\\/\\\/secure.gravatar.com\\\/avatar\\\/4d76991aa72469f0eb22e772586c99113c6997f88da636a9db8f2ce3a2c05e69?s=96&d=mm&r=g\",\"url\":\"https:\\\/\\\/secure.gravatar.com\\\/avatar\\\/4d76991aa72469f0eb22e772586c99113c6997f88da636a9db8f2ce3a2c05e69?s=96&d=mm&r=g\",\"contentUrl\":\"https:\\\/\\\/secure.gravatar.com\\\/avatar\\\/4d76991aa72469f0eb22e772586c99113c6997f88da636a9db8f2ce3a2c05e69?s=96&d=mm&r=g\",\"caption\":\"infocongovirtuel\"},\"url\":\"https:\\\/\\\/congovirtuel.com\\\/information\\\/author\\\/infocongovirtuel\\\/\"}]}<\/script>\n<!-- \/ Yoast SEO plugin. -->","yoast_head_json":{"title":"RDC: Etat de si\u00e8ge: \u00ab Fatshi \u00bb en passe de gagner la \u00abbataille\u00bb de l\u2019opinion. Mais\u2026 - Actualit\u00e9s congolaises et internationales","robots":{"index":"index","follow":"follow","max-snippet":"max-snippet:-1","max-image-preview":"max-image-preview:large","max-video-preview":"max-video-preview:-1"},"canonical":"https:\/\/congovirtuel.com\/information\/rdc-etat-de-siege-fatshi-en-passe-de-gagner-la-bataille-de-lopinion-mais\/","og_locale":"fr_FR","og_type":"article","og_title":"RDC: Etat de si\u00e8ge: \u00ab Fatshi \u00bb en passe de gagner la \u00abbataille\u00bb de l\u2019opinion. Mais\u2026 - Actualit\u00e9s congolaises et internationales","og_description":"Quarante-huit heures apr\u00e8s l\u2019allocution pr\u00e9sidentielle \u00e0 la nation du mardi 4 mai proclamant l\u2019\u00e9tat de si\u00e8ge au Nord-Kivu et en Ituri, l\u2019heure est venue de prendre la \u00ab&nbsp;temp\u00e9rature&nbsp;\u00bb de l\u2019opinion \u00e0 travers les r\u00e9actions. Une certaine ambiance \u00ab&nbsp;d\u2019union nationale&nbsp;\u00bb semble pr\u00e9valoir autour de l\u2019option lev\u00e9e par le pr\u00e9sident Felix Tshisekedi. Sans surprise, la plateforme \u00ab&nbsp;Lamuka&nbsp;\u00bb du duo Fayulu-Muzito a choisi d\u2019afficher sa diff\u00e9rence. Mercredi 4 mai, une controverse est n\u00e9e apr\u00e8s la divulgation des identit\u00e9s des nouvelles autorit\u00e9s charg\u00e9es d\u2019administrer les deux R\u00e9gions concern\u00e9es par l\u2019\u00e9tat de si\u00e8ge. Le lieutenant-g\u00e9n\u00e9ral&hellip;","og_url":"https:\/\/congovirtuel.com\/information\/rdc-etat-de-siege-fatshi-en-passe-de-gagner-la-bataille-de-lopinion-mais\/","og_site_name":"Actualit\u00e9s congolaises et internationales","article_publisher":"https:\/\/web.facebook.com\/Congovirtuel-763617960319601\/?ref=aymt_homepage_panel&amp%3bamp%3bamp%3bamp%3bamp%3bamp%3bamp%3bamp%3bamp%3bamp%3bamp%3beid=ARCoxULa66767kIgF_KYav6VdjXTI4yk_LW4yoVO9s6NXpysgb7Cb65vpxcxgqzOAKvIbLQxaAETcqHT","article_published_time":"2021-05-06T06:16:51+00:00","article_modified_time":"2021-05-06T06:16:58+00:00","og_image":[{"width":640,"height":480,"url":"https:\/\/congovirtuel.com\/information\/wp-content\/uploads\/2021\/05\/presi-chambres-2021.jpg","type":"image\/jpeg"}],"author":"infocongovirtuel","twitter_card":"summary_large_image","twitter_creator":"@congovirtuel","twitter_site":"@congovirtuel","twitter_misc":{"\u00c9crit par":"infocongovirtuel","Dur\u00e9e de lecture estim\u00e9e":"5 minutes"},"schema":{"@context":"https:\/\/schema.org","@graph":[{"@type":"Article","@id":"https:\/\/congovirtuel.com\/information\/rdc-etat-de-siege-fatshi-en-passe-de-gagner-la-bataille-de-lopinion-mais\/#article","isPartOf":{"@id":"https:\/\/congovirtuel.com\/information\/rdc-etat-de-siege-fatshi-en-passe-de-gagner-la-bataille-de-lopinion-mais\/"},"author":{"name":"infocongovirtuel","@id":"https:\/\/congovirtuel.com\/information\/#\/schema\/person\/739a44bf7990966cb53d58d2fdeca0b6"},"headline":"RDC: Etat de si\u00e8ge: \u00ab Fatshi \u00bb en passe de gagner la \u00abbataille\u00bb de l\u2019opinion. Mais\u2026","datePublished":"2021-05-06T06:16:51+00:00","dateModified":"2021-05-06T06:16:58+00:00","mainEntityOfPage":{"@id":"https:\/\/congovirtuel.com\/information\/rdc-etat-de-siege-fatshi-en-passe-de-gagner-la-bataille-de-lopinion-mais\/"},"wordCount":1234,"commentCount":0,"publisher":{"@id":"https:\/\/congovirtuel.com\/information\/#organization"},"image":{"@id":"https:\/\/congovirtuel.com\/information\/rdc-etat-de-siege-fatshi-en-passe-de-gagner-la-bataille-de-lopinion-mais\/#primaryimage"},"thumbnailUrl":"https:\/\/congovirtuel.com\/information\/wp-content\/uploads\/2021\/05\/presi-chambres-2021.jpg","keywords":["\u00e9tat de si\u00e8ge RDC"],"articleSection":["Ins\u00e9curit\u00e9"],"inLanguage":"fr-FR","potentialAction":[{"@type":"CommentAction","name":"Comment","target":["https:\/\/congovirtuel.com\/information\/rdc-etat-de-siege-fatshi-en-passe-de-gagner-la-bataille-de-lopinion-mais\/#respond"]}]},{"@type":"WebPage","@id":"https:\/\/congovirtuel.com\/information\/rdc-etat-de-siege-fatshi-en-passe-de-gagner-la-bataille-de-lopinion-mais\/","url":"https:\/\/congovirtuel.com\/information\/rdc-etat-de-siege-fatshi-en-passe-de-gagner-la-bataille-de-lopinion-mais\/","name":"RDC: Etat de si\u00e8ge: \u00ab Fatshi \u00bb en passe de gagner la \u00abbataille\u00bb de l\u2019opinion. Mais\u2026 - Actualit\u00e9s congolaises et internationales","isPartOf":{"@id":"https:\/\/congovirtuel.com\/information\/#website"},"primaryImageOfPage":{"@id":"https:\/\/congovirtuel.com\/information\/rdc-etat-de-siege-fatshi-en-passe-de-gagner-la-bataille-de-lopinion-mais\/#primaryimage"},"image":{"@id":"https:\/\/congovirtuel.com\/information\/rdc-etat-de-siege-fatshi-en-passe-de-gagner-la-bataille-de-lopinion-mais\/#primaryimage"},"thumbnailUrl":"https:\/\/congovirtuel.com\/information\/wp-content\/uploads\/2021\/05\/presi-chambres-2021.jpg","datePublished":"2021-05-06T06:16:51+00:00","dateModified":"2021-05-06T06:16:58+00:00","breadcrumb":{"@id":"https:\/\/congovirtuel.com\/information\/rdc-etat-de-siege-fatshi-en-passe-de-gagner-la-bataille-de-lopinion-mais\/#breadcrumb"},"inLanguage":"fr-FR","potentialAction":[{"@type":"ReadAction","target":["https:\/\/congovirtuel.com\/information\/rdc-etat-de-siege-fatshi-en-passe-de-gagner-la-bataille-de-lopinion-mais\/"]}]},{"@type":"ImageObject","inLanguage":"fr-FR","@id":"https:\/\/congovirtuel.com\/information\/rdc-etat-de-siege-fatshi-en-passe-de-gagner-la-bataille-de-lopinion-mais\/#primaryimage","url":"https:\/\/congovirtuel.com\/information\/wp-content\/uploads\/2021\/05\/presi-chambres-2021.jpg","contentUrl":"https:\/\/congovirtuel.com\/information\/wp-content\/uploads\/2021\/05\/presi-chambres-2021.jpg","width":640,"height":480},{"@type":"BreadcrumbList","@id":"https:\/\/congovirtuel.com\/information\/rdc-etat-de-siege-fatshi-en-passe-de-gagner-la-bataille-de-lopinion-mais\/#breadcrumb","itemListElement":[{"@type":"ListItem","position":1,"name":"Accueil","item":"https:\/\/congovirtuel.com\/information\/"},{"@type":"ListItem","position":2,"name":"RDC: Etat de si\u00e8ge: \u00ab Fatshi \u00bb en passe de gagner la \u00abbataille\u00bb de l\u2019opinion. Mais\u2026"}]},{"@type":"WebSite","@id":"https:\/\/congovirtuel.com\/information\/#website","url":"https:\/\/congovirtuel.com\/information\/","name":"Actualit\u00e9s congolaises et internationales","description":"site d&#039;analyse et de traitement d&#039;information","publisher":{"@id":"https:\/\/congovirtuel.com\/information\/#organization"},"potentialAction":[{"@type":"SearchAction","target":{"@type":"EntryPoint","urlTemplate":"https:\/\/congovirtuel.com\/information\/?s={search_term_string}"},"query-input":{"@type":"PropertyValueSpecification","valueRequired":true,"valueName":"search_term_string"}}],"inLanguage":"fr-FR"},{"@type":"Organization","@id":"https:\/\/congovirtuel.com\/information\/#organization","name":"Biblioth\u00e8que Virtuelle de la RDC","url":"https:\/\/congovirtuel.com\/information\/","logo":{"@type":"ImageObject","inLanguage":"fr-FR","@id":"https:\/\/congovirtuel.com\/information\/#\/schema\/logo\/image\/","url":"https:\/\/congovirtuel.com\/information\/wp-content\/uploads\/2018\/10\/header-info-congovirtuel-vraie.jpg","contentUrl":"https:\/\/congovirtuel.com\/information\/wp-content\/uploads\/2018\/10\/header-info-congovirtuel-vraie.jpg","width":728,"height":90,"caption":"Biblioth\u00e8que Virtuelle de la RDC"},"image":{"@id":"https:\/\/congovirtuel.com\/information\/#\/schema\/logo\/image\/"},"sameAs":["https:\/\/web.facebook.com\/Congovirtuel-763617960319601\/?ref=aymt_homepage_panel&amp;amp;amp;amp;amp;amp;amp;amp;amp;amp;amp;eid=ARCoxULa66767kIgF_KYav6VdjXTI4yk_LW4yoVO9s6NXpysgb7Cb65vpxcxgqzOAKvIbLQxaAETcqHT","https:\/\/x.com\/congovirtuel","https:\/\/www.youtube.com\/channel\/UCkFfprYzGgS3EWNpeMXpToQ?view_as=subscriber"]},{"@type":"Person","@id":"https:\/\/congovirtuel.com\/information\/#\/schema\/person\/739a44bf7990966cb53d58d2fdeca0b6","name":"infocongovirtuel","image":{"@type":"ImageObject","inLanguage":"fr-FR","@id":"https:\/\/secure.gravatar.com\/avatar\/4d76991aa72469f0eb22e772586c99113c6997f88da636a9db8f2ce3a2c05e69?s=96&d=mm&r=g","url":"https:\/\/secure.gravatar.com\/avatar\/4d76991aa72469f0eb22e772586c99113c6997f88da636a9db8f2ce3a2c05e69?s=96&d=mm&r=g","contentUrl":"https:\/\/secure.gravatar.com\/avatar\/4d76991aa72469f0eb22e772586c99113c6997f88da636a9db8f2ce3a2c05e69?s=96&d=mm&r=g","caption":"infocongovirtuel"},"url":"https:\/\/congovirtuel.com\/information\/author\/infocongovirtuel\/"}]}},"gt_translate_keys":[{"key":"link","format":"url"}],"_links":{"self":[{"href":"https:\/\/congovirtuel.com\/information\/wp-json\/wp\/v2\/posts\/8674","targetHints":{"allow":["GET"]}}],"collection":[{"href":"https:\/\/congovirtuel.com\/information\/wp-json\/wp\/v2\/posts"}],"about":[{"href":"https:\/\/congovirtuel.com\/information\/wp-json\/wp\/v2\/types\/post"}],"author":[{"embeddable":true,"href":"https:\/\/congovirtuel.com\/information\/wp-json\/wp\/v2\/users\/1"}],"replies":[{"embeddable":true,"href":"https:\/\/congovirtuel.com\/information\/wp-json\/wp\/v2\/comments?post=8674"}],"version-history":[{"count":1,"href":"https:\/\/congovirtuel.com\/information\/wp-json\/wp\/v2\/posts\/8674\/revisions"}],"predecessor-version":[{"id":8676,"href":"https:\/\/congovirtuel.com\/information\/wp-json\/wp\/v2\/posts\/8674\/revisions\/8676"}],"wp:featuredmedia":[{"embeddable":true,"href":"https:\/\/congovirtuel.com\/information\/wp-json\/wp\/v2\/media\/8675"}],"wp:attachment":[{"href":"https:\/\/congovirtuel.com\/information\/wp-json\/wp\/v2\/media?parent=8674"}],"wp:term":[{"taxonomy":"category","embeddable":true,"href":"https:\/\/congovirtuel.com\/information\/wp-json\/wp\/v2\/categories?post=8674"},{"taxonomy":"post_tag","embeddable":true,"href":"https:\/\/congovirtuel.com\/information\/wp-json\/wp\/v2\/tags?post=8674"}],"curies":[{"name":"wp","href":"https:\/\/api.w.org\/{rel}","templated":true}]}}