{"id":874,"date":"2020-04-07T04:32:01","date_gmt":"2020-04-07T03:32:01","guid":{"rendered":"https:\/\/congovirtuel.com\/information\/?p=874"},"modified":"2020-04-07T04:32:06","modified_gmt":"2020-04-07T03:32:06","slug":"vital-kamerhe-absence-du-procureur-general-laudition-reportee","status":"publish","type":"post","link":"https:\/\/congovirtuel.com\/information\/vital-kamerhe-absence-du-procureur-general-laudition-reportee\/","title":{"rendered":"Vital Kamerhe : absence du Procureur G\u00e9n\u00e9ral, l\u2019audition report\u00e9e","gt_translate_keys":[{"key":"rendered","format":"text"}]},"content":{"rendered":"\n<p class=\"wp-block-paragraph\"> <strong><em>Attendu hier, lundi 6 avril 2020, devant le Parquet g\u00e9n\u00e9ral pr\u00e8s la Cour d\u2019Appel de Kinshasa\/Matete, Vital Kamerhe, Directeur de Cabinet du Pr\u00e9sident de la R\u00e9publique, F\u00e9lix Tshisekedi, ainsi que ses avocats ne se sont pas pr\u00e9sent\u00e9s. Des sources proches de cette juridiction ont laiss\u00e9 entendre qu\u2019une deuxi\u00e8me invitation \u00e0 comparaitre va lui \u00eatre adress\u00e9e d\u00e8s aujourd\u2019hui, afin qu\u2019il se pr\u00e9sente demain mercredi 8 avril. Le Parquet veut l\u2019entendre sur son r\u00f4le dans l\u2019ex\u00e9cution du programme d\u2019urgence de 100 premiers jours du Chef de l\u2019\u00c9tat F\u00e9lix Tshisekedi.<\/em><\/strong> <\/p>\n\n\n\n<p class=\"wp-block-paragraph\">Hier, quelques militants de son parti politique, l\u2019Union nationale du Congo, rodaient autour du Parquet g\u00e9n\u00e9ral pr\u00e8s la cour d\u2019appel de Kinshasa\/Matete, dans l\u2019espoir de voir et de soutenir leur Pr\u00e9sident national qui \u00e9tait cens\u00e9 venir r\u00e9pondre \u00e0 l\u2019invitation pour une communication en rapport avec la gestion des fonds du programme de 100 jours du Chef de l\u2019Etat notamment, sur la question concernant les fonds allou\u00e9s \u00e0 la construction des sauts-de-mouton. Cependant, l\u2019on signale que les avocats de Kamerhe avaient conseill\u00e9 \u00e0 leur client d\u2019attendre le 6 mars tels que mentionn\u00e9 sur la convocation avant de compara\u00eetre. Pour de raison de clart\u00e9, sur cette invitation envoy\u00e9e au Directeur de cabinet de F\u00e9lix Tshisekedi, une erreur de date a \u00e9t\u00e9 commise. Au lieu que l\u2019on \u00e9crive lundi 6 avril, c\u2019est le mois de mars qui \u00e9tait mentionn\u00e9.<\/p>\n\n\n\n<p class=\"wp-block-paragraph\">Par ailleurs, d\u2019apr\u00e8s d\u2019autres&nbsp; sources, le Pr\u00e9sident national de l\u2019UNC qui jouit&nbsp; encore de la pr\u00e9somption d\u2019innocence, cit\u00e9 \u00e0 maintes-reprises dans ces enqu\u00eates sur un pr\u00e9tendu d\u00e9tournement des fonds allou\u00e9s aux travaux de construction des sauts-de-mouton et des logements sociaux, va devoir r\u00e9pondre de nouveau \u00e0 une invitation qui serait en gestation. Bien qu\u2019ayant \u00e9t\u00e9 absent hier, des sources proches du Parquet avaient \u00e9galement not\u00e9 l\u2019absence du Magistrat Procureur G\u00e9n\u00e9ral pr\u00e8s la Cour d\u2019appel Kinshasa\/Matete. Ce n\u2019est donc une&nbsp; partie-remise.<\/p>\n\n\n\n<amp-fit-text layout=\"fixed-height\" min-font-size=\"6\" max-font-size=\"72\" height=\"80\"><p class=\"wp-block-paragraph\"><strong>La Pros.<\/strong><\/p><\/amp-fit-text>\n","protected":false,"gt_translate_keys":[{"key":"rendered","format":"html"}]},"excerpt":{"rendered":"<p>Hier, quelques militants de son parti politique, l\u2019Union nationale du Congo, rodaient autour du Parquet g\u00e9n\u00e9ral pr\u00e8s la cour d\u2019appel de Kinshasa\/Matete, <\/p>\n","protected":false,"gt_translate_keys":[{"key":"rendered","format":"html"}]},"author":1,"featured_media":875,"comment_status":"open","ping_status":"open","sticky":false,"template":"","format":"standard","meta":{"_crdt_document":"","footnotes":""},"categories":[18,239,177],"tags":[116,243],"class_list":["post-874","post","type-post","status-publish","format-standard","has-post-thumbnail","hentry","category-democratie","category-programme-100-jours","category-rdc-democratie","tag-programme-economique-felix-tshisekedi","tag-vital-kamhere"],"gutentor_comment":0,"yoast_head":"<!-- This site is optimized with the Yoast SEO plugin v27.5 - https:\/\/yoast.com\/product\/yoast-seo-wordpress\/ -->\n<title>Vital Kamerhe : absence du Procureur G\u00e9n\u00e9ral, l\u2019audition report\u00e9e - Actualit\u00e9s congolaises et internationales<\/title>\n<meta name=\"robots\" content=\"index, follow, max-snippet:-1, max-image-preview:large, max-video-preview:-1\" \/>\n<link rel=\"canonical\" href=\"https:\/\/congovirtuel.com\/information\/vital-kamerhe-absence-du-procureur-general-laudition-reportee\/\" \/>\n<meta property=\"og:locale\" content=\"fr_FR\" \/>\n<meta property=\"og:type\" content=\"article\" \/>\n<meta property=\"og:title\" content=\"Vital Kamerhe : absence du Procureur G\u00e9n\u00e9ral, l\u2019audition report\u00e9e - Actualit\u00e9s congolaises et internationales\" \/>\n<meta property=\"og:description\" content=\"Hier, quelques militants de son parti politique, l\u2019Union nationale du Congo, rodaient autour du Parquet g\u00e9n\u00e9ral pr\u00e8s la cour d\u2019appel de Kinshasa\/Matete,\" \/>\n<meta property=\"og:url\" content=\"https:\/\/congovirtuel.com\/information\/vital-kamerhe-absence-du-procureur-general-laudition-reportee\/\" \/>\n<meta property=\"og:site_name\" content=\"Actualit\u00e9s congolaises et internationales\" \/>\n<meta property=\"article:publisher\" content=\"https:\/\/web.facebook.com\/Congovirtuel-763617960319601\/?ref=aymt_homepage_panel&amp;amp%3bamp%3bamp%3bamp%3bamp%3bamp%3bamp%3bamp%3bamp%3bamp%3bamp%3beid=ARCoxULa66767kIgF_KYav6VdjXTI4yk_LW4yoVO9s6NXpysgb7Cb65vpxcxgqzOAKvIbLQxaAETcqHT\" \/>\n<meta property=\"article:published_time\" content=\"2020-04-07T03:32:01+00:00\" \/>\n<meta property=\"article:modified_time\" content=\"2020-04-07T03:32:06+00:00\" \/>\n<meta property=\"og:image\" content=\"https:\/\/congovirtuel.com\/information\/wp-content\/uploads\/2020\/04\/kamhere_bis.jpg\" \/>\n\t<meta property=\"og:image:width\" content=\"800\" \/>\n\t<meta property=\"og:image:height\" content=\"405\" \/>\n\t<meta property=\"og:image:type\" content=\"image\/jpeg\" \/>\n<meta name=\"author\" content=\"infocongovirtuel\" \/>\n<meta name=\"twitter:card\" content=\"summary_large_image\" \/>\n<meta name=\"twitter:creator\" content=\"@congovirtuel\" \/>\n<meta name=\"twitter:site\" content=\"@congovirtuel\" \/>\n<meta name=\"twitter:label1\" content=\"\u00c9crit par\" \/>\n\t<meta name=\"twitter:data1\" content=\"infocongovirtuel\" \/>\n\t<meta name=\"twitter:label2\" content=\"Dur\u00e9e de lecture estim\u00e9e\" \/>\n\t<meta name=\"twitter:data2\" content=\"2 minutes\" \/>\n<script type=\"application\/ld+json\" class=\"yoast-schema-graph\">{\"@context\":\"https:\\\/\\\/schema.org\",\"@graph\":[{\"@type\":\"Article\",\"@id\":\"https:\\\/\\\/congovirtuel.com\\\/information\\\/vital-kamerhe-absence-du-procureur-general-laudition-reportee\\\/#article\",\"isPartOf\":{\"@id\":\"https:\\\/\\\/congovirtuel.com\\\/information\\\/vital-kamerhe-absence-du-procureur-general-laudition-reportee\\\/\"},\"author\":{\"name\":\"infocongovirtuel\",\"@id\":\"https:\\\/\\\/congovirtuel.com\\\/information\\\/#\\\/schema\\\/person\\\/739a44bf7990966cb53d58d2fdeca0b6\"},\"headline\":\"Vital Kamerhe : absence du Procureur G\u00e9n\u00e9ral, l\u2019audition report\u00e9e\",\"datePublished\":\"2020-04-07T03:32:01+00:00\",\"dateModified\":\"2020-04-07T03:32:06+00:00\",\"mainEntityOfPage\":{\"@id\":\"https:\\\/\\\/congovirtuel.com\\\/information\\\/vital-kamerhe-absence-du-procureur-general-laudition-reportee\\\/\"},\"wordCount\":370,\"commentCount\":0,\"publisher\":{\"@id\":\"https:\\\/\\\/congovirtuel.com\\\/information\\\/#organization\"},\"image\":{\"@id\":\"https:\\\/\\\/congovirtuel.com\\\/information\\\/vital-kamerhe-absence-du-procureur-general-laudition-reportee\\\/#primaryimage\"},\"thumbnailUrl\":\"https:\\\/\\\/congovirtuel.com\\\/information\\\/wp-content\\\/uploads\\\/2020\\\/04\\\/kamhere_bis.jpg\",\"keywords\":[\"Programme \u00e9conomique Felix Tshisekedi\",\"vital kamhere\"],\"articleSection\":[\"D\u00e9mocratie\",\"Programme 100 jours\",\"RDC\"],\"inLanguage\":\"fr-FR\",\"potentialAction\":[{\"@type\":\"CommentAction\",\"name\":\"Comment\",\"target\":[\"https:\\\/\\\/congovirtuel.com\\\/information\\\/vital-kamerhe-absence-du-procureur-general-laudition-reportee\\\/#respond\"]}]},{\"@type\":\"WebPage\",\"@id\":\"https:\\\/\\\/congovirtuel.com\\\/information\\\/vital-kamerhe-absence-du-procureur-general-laudition-reportee\\\/\",\"url\":\"https:\\\/\\\/congovirtuel.com\\\/information\\\/vital-kamerhe-absence-du-procureur-general-laudition-reportee\\\/\",\"name\":\"Vital Kamerhe : absence du Procureur G\u00e9n\u00e9ral, l\u2019audition report\u00e9e - Actualit\u00e9s congolaises et internationales\",\"isPartOf\":{\"@id\":\"https:\\\/\\\/congovirtuel.com\\\/information\\\/#website\"},\"primaryImageOfPage\":{\"@id\":\"https:\\\/\\\/congovirtuel.com\\\/information\\\/vital-kamerhe-absence-du-procureur-general-laudition-reportee\\\/#primaryimage\"},\"image\":{\"@id\":\"https:\\\/\\\/congovirtuel.com\\\/information\\\/vital-kamerhe-absence-du-procureur-general-laudition-reportee\\\/#primaryimage\"},\"thumbnailUrl\":\"https:\\\/\\\/congovirtuel.com\\\/information\\\/wp-content\\\/uploads\\\/2020\\\/04\\\/kamhere_bis.jpg\",\"datePublished\":\"2020-04-07T03:32:01+00:00\",\"dateModified\":\"2020-04-07T03:32:06+00:00\",\"breadcrumb\":{\"@id\":\"https:\\\/\\\/congovirtuel.com\\\/information\\\/vital-kamerhe-absence-du-procureur-general-laudition-reportee\\\/#breadcrumb\"},\"inLanguage\":\"fr-FR\",\"potentialAction\":[{\"@type\":\"ReadAction\",\"target\":[\"https:\\\/\\\/congovirtuel.com\\\/information\\\/vital-kamerhe-absence-du-procureur-general-laudition-reportee\\\/\"]}]},{\"@type\":\"ImageObject\",\"inLanguage\":\"fr-FR\",\"@id\":\"https:\\\/\\\/congovirtuel.com\\\/information\\\/vital-kamerhe-absence-du-procureur-general-laudition-reportee\\\/#primaryimage\",\"url\":\"https:\\\/\\\/congovirtuel.com\\\/information\\\/wp-content\\\/uploads\\\/2020\\\/04\\\/kamhere_bis.jpg\",\"contentUrl\":\"https:\\\/\\\/congovirtuel.com\\\/information\\\/wp-content\\\/uploads\\\/2020\\\/04\\\/kamhere_bis.jpg\",\"width\":800,\"height\":405,\"caption\":\"Kamhere_vital\"},{\"@type\":\"BreadcrumbList\",\"@id\":\"https:\\\/\\\/congovirtuel.com\\\/information\\\/vital-kamerhe-absence-du-procureur-general-laudition-reportee\\\/#breadcrumb\",\"itemListElement\":[{\"@type\":\"ListItem\",\"position\":1,\"name\":\"Accueil\",\"item\":\"https:\\\/\\\/congovirtuel.com\\\/information\\\/\"},{\"@type\":\"ListItem\",\"position\":2,\"name\":\"Vital Kamerhe : absence du Procureur G\u00e9n\u00e9ral, l\u2019audition report\u00e9e\"}]},{\"@type\":\"WebSite\",\"@id\":\"https:\\\/\\\/congovirtuel.com\\\/information\\\/#website\",\"url\":\"https:\\\/\\\/congovirtuel.com\\\/information\\\/\",\"name\":\"Actualit\u00e9s congolaises et internationales\",\"description\":\"site d&#039;analyse et de traitement d&#039;information\",\"publisher\":{\"@id\":\"https:\\\/\\\/congovirtuel.com\\\/information\\\/#organization\"},\"potentialAction\":[{\"@type\":\"SearchAction\",\"target\":{\"@type\":\"EntryPoint\",\"urlTemplate\":\"https:\\\/\\\/congovirtuel.com\\\/information\\\/?s={search_term_string}\"},\"query-input\":{\"@type\":\"PropertyValueSpecification\",\"valueRequired\":true,\"valueName\":\"search_term_string\"}}],\"inLanguage\":\"fr-FR\"},{\"@type\":\"Organization\",\"@id\":\"https:\\\/\\\/congovirtuel.com\\\/information\\\/#organization\",\"name\":\"Biblioth\u00e8que Virtuelle de la RDC\",\"url\":\"https:\\\/\\\/congovirtuel.com\\\/information\\\/\",\"logo\":{\"@type\":\"ImageObject\",\"inLanguage\":\"fr-FR\",\"@id\":\"https:\\\/\\\/congovirtuel.com\\\/information\\\/#\\\/schema\\\/logo\\\/image\\\/\",\"url\":\"https:\\\/\\\/congovirtuel.com\\\/information\\\/wp-content\\\/uploads\\\/2018\\\/10\\\/header-info-congovirtuel-vraie.jpg\",\"contentUrl\":\"https:\\\/\\\/congovirtuel.com\\\/information\\\/wp-content\\\/uploads\\\/2018\\\/10\\\/header-info-congovirtuel-vraie.jpg\",\"width\":728,\"height\":90,\"caption\":\"Biblioth\u00e8que Virtuelle de la RDC\"},\"image\":{\"@id\":\"https:\\\/\\\/congovirtuel.com\\\/information\\\/#\\\/schema\\\/logo\\\/image\\\/\"},\"sameAs\":[\"https:\\\/\\\/web.facebook.com\\\/Congovirtuel-763617960319601\\\/?ref=aymt_homepage_panel&amp;amp;amp;amp;amp;amp;amp;amp;amp;amp;amp;eid=ARCoxULa66767kIgF_KYav6VdjXTI4yk_LW4yoVO9s6NXpysgb7Cb65vpxcxgqzOAKvIbLQxaAETcqHT\",\"https:\\\/\\\/x.com\\\/congovirtuel\",\"https:\\\/\\\/www.youtube.com\\\/channel\\\/UCkFfprYzGgS3EWNpeMXpToQ?view_as=subscriber\"]},{\"@type\":\"Person\",\"@id\":\"https:\\\/\\\/congovirtuel.com\\\/information\\\/#\\\/schema\\\/person\\\/739a44bf7990966cb53d58d2fdeca0b6\",\"name\":\"infocongovirtuel\",\"image\":{\"@type\":\"ImageObject\",\"inLanguage\":\"fr-FR\",\"@id\":\"https:\\\/\\\/secure.gravatar.com\\\/avatar\\\/4d76991aa72469f0eb22e772586c99113c6997f88da636a9db8f2ce3a2c05e69?s=96&d=mm&r=g\",\"url\":\"https:\\\/\\\/secure.gravatar.com\\\/avatar\\\/4d76991aa72469f0eb22e772586c99113c6997f88da636a9db8f2ce3a2c05e69?s=96&d=mm&r=g\",\"contentUrl\":\"https:\\\/\\\/secure.gravatar.com\\\/avatar\\\/4d76991aa72469f0eb22e772586c99113c6997f88da636a9db8f2ce3a2c05e69?s=96&d=mm&r=g\",\"caption\":\"infocongovirtuel\"},\"url\":\"https:\\\/\\\/congovirtuel.com\\\/information\\\/author\\\/infocongovirtuel\\\/\"}]}<\/script>\n<!-- \/ Yoast SEO plugin. -->","yoast_head_json":{"title":"Vital Kamerhe : absence du Procureur G\u00e9n\u00e9ral, l\u2019audition report\u00e9e - Actualit\u00e9s congolaises et internationales","robots":{"index":"index","follow":"follow","max-snippet":"max-snippet:-1","max-image-preview":"max-image-preview:large","max-video-preview":"max-video-preview:-1"},"canonical":"https:\/\/congovirtuel.com\/information\/vital-kamerhe-absence-du-procureur-general-laudition-reportee\/","og_locale":"fr_FR","og_type":"article","og_title":"Vital Kamerhe : absence du Procureur G\u00e9n\u00e9ral, l\u2019audition report\u00e9e - Actualit\u00e9s congolaises et internationales","og_description":"Hier, quelques militants de son parti politique, l\u2019Union nationale du Congo, rodaient autour du Parquet g\u00e9n\u00e9ral pr\u00e8s la cour d\u2019appel de Kinshasa\/Matete,","og_url":"https:\/\/congovirtuel.com\/information\/vital-kamerhe-absence-du-procureur-general-laudition-reportee\/","og_site_name":"Actualit\u00e9s congolaises et internationales","article_publisher":"https:\/\/web.facebook.com\/Congovirtuel-763617960319601\/?ref=aymt_homepage_panel&amp%3bamp%3bamp%3bamp%3bamp%3bamp%3bamp%3bamp%3bamp%3bamp%3bamp%3beid=ARCoxULa66767kIgF_KYav6VdjXTI4yk_LW4yoVO9s6NXpysgb7Cb65vpxcxgqzOAKvIbLQxaAETcqHT","article_published_time":"2020-04-07T03:32:01+00:00","article_modified_time":"2020-04-07T03:32:06+00:00","og_image":[{"width":800,"height":405,"url":"https:\/\/congovirtuel.com\/information\/wp-content\/uploads\/2020\/04\/kamhere_bis.jpg","type":"image\/jpeg"}],"author":"infocongovirtuel","twitter_card":"summary_large_image","twitter_creator":"@congovirtuel","twitter_site":"@congovirtuel","twitter_misc":{"\u00c9crit par":"infocongovirtuel","Dur\u00e9e de lecture estim\u00e9e":"2 minutes"},"schema":{"@context":"https:\/\/schema.org","@graph":[{"@type":"Article","@id":"https:\/\/congovirtuel.com\/information\/vital-kamerhe-absence-du-procureur-general-laudition-reportee\/#article","isPartOf":{"@id":"https:\/\/congovirtuel.com\/information\/vital-kamerhe-absence-du-procureur-general-laudition-reportee\/"},"author":{"name":"infocongovirtuel","@id":"https:\/\/congovirtuel.com\/information\/#\/schema\/person\/739a44bf7990966cb53d58d2fdeca0b6"},"headline":"Vital Kamerhe : absence du Procureur G\u00e9n\u00e9ral, l\u2019audition report\u00e9e","datePublished":"2020-04-07T03:32:01+00:00","dateModified":"2020-04-07T03:32:06+00:00","mainEntityOfPage":{"@id":"https:\/\/congovirtuel.com\/information\/vital-kamerhe-absence-du-procureur-general-laudition-reportee\/"},"wordCount":370,"commentCount":0,"publisher":{"@id":"https:\/\/congovirtuel.com\/information\/#organization"},"image":{"@id":"https:\/\/congovirtuel.com\/information\/vital-kamerhe-absence-du-procureur-general-laudition-reportee\/#primaryimage"},"thumbnailUrl":"https:\/\/congovirtuel.com\/information\/wp-content\/uploads\/2020\/04\/kamhere_bis.jpg","keywords":["Programme \u00e9conomique Felix Tshisekedi","vital kamhere"],"articleSection":["D\u00e9mocratie","Programme 100 jours","RDC"],"inLanguage":"fr-FR","potentialAction":[{"@type":"CommentAction","name":"Comment","target":["https:\/\/congovirtuel.com\/information\/vital-kamerhe-absence-du-procureur-general-laudition-reportee\/#respond"]}]},{"@type":"WebPage","@id":"https:\/\/congovirtuel.com\/information\/vital-kamerhe-absence-du-procureur-general-laudition-reportee\/","url":"https:\/\/congovirtuel.com\/information\/vital-kamerhe-absence-du-procureur-general-laudition-reportee\/","name":"Vital Kamerhe : absence du Procureur G\u00e9n\u00e9ral, l\u2019audition report\u00e9e - Actualit\u00e9s congolaises et internationales","isPartOf":{"@id":"https:\/\/congovirtuel.com\/information\/#website"},"primaryImageOfPage":{"@id":"https:\/\/congovirtuel.com\/information\/vital-kamerhe-absence-du-procureur-general-laudition-reportee\/#primaryimage"},"image":{"@id":"https:\/\/congovirtuel.com\/information\/vital-kamerhe-absence-du-procureur-general-laudition-reportee\/#primaryimage"},"thumbnailUrl":"https:\/\/congovirtuel.com\/information\/wp-content\/uploads\/2020\/04\/kamhere_bis.jpg","datePublished":"2020-04-07T03:32:01+00:00","dateModified":"2020-04-07T03:32:06+00:00","breadcrumb":{"@id":"https:\/\/congovirtuel.com\/information\/vital-kamerhe-absence-du-procureur-general-laudition-reportee\/#breadcrumb"},"inLanguage":"fr-FR","potentialAction":[{"@type":"ReadAction","target":["https:\/\/congovirtuel.com\/information\/vital-kamerhe-absence-du-procureur-general-laudition-reportee\/"]}]},{"@type":"ImageObject","inLanguage":"fr-FR","@id":"https:\/\/congovirtuel.com\/information\/vital-kamerhe-absence-du-procureur-general-laudition-reportee\/#primaryimage","url":"https:\/\/congovirtuel.com\/information\/wp-content\/uploads\/2020\/04\/kamhere_bis.jpg","contentUrl":"https:\/\/congovirtuel.com\/information\/wp-content\/uploads\/2020\/04\/kamhere_bis.jpg","width":800,"height":405,"caption":"Kamhere_vital"},{"@type":"BreadcrumbList","@id":"https:\/\/congovirtuel.com\/information\/vital-kamerhe-absence-du-procureur-general-laudition-reportee\/#breadcrumb","itemListElement":[{"@type":"ListItem","position":1,"name":"Accueil","item":"https:\/\/congovirtuel.com\/information\/"},{"@type":"ListItem","position":2,"name":"Vital Kamerhe : absence du Procureur G\u00e9n\u00e9ral, l\u2019audition report\u00e9e"}]},{"@type":"WebSite","@id":"https:\/\/congovirtuel.com\/information\/#website","url":"https:\/\/congovirtuel.com\/information\/","name":"Actualit\u00e9s congolaises et internationales","description":"site d&#039;analyse et de traitement d&#039;information","publisher":{"@id":"https:\/\/congovirtuel.com\/information\/#organization"},"potentialAction":[{"@type":"SearchAction","target":{"@type":"EntryPoint","urlTemplate":"https:\/\/congovirtuel.com\/information\/?s={search_term_string}"},"query-input":{"@type":"PropertyValueSpecification","valueRequired":true,"valueName":"search_term_string"}}],"inLanguage":"fr-FR"},{"@type":"Organization","@id":"https:\/\/congovirtuel.com\/information\/#organization","name":"Biblioth\u00e8que Virtuelle de la RDC","url":"https:\/\/congovirtuel.com\/information\/","logo":{"@type":"ImageObject","inLanguage":"fr-FR","@id":"https:\/\/congovirtuel.com\/information\/#\/schema\/logo\/image\/","url":"https:\/\/congovirtuel.com\/information\/wp-content\/uploads\/2018\/10\/header-info-congovirtuel-vraie.jpg","contentUrl":"https:\/\/congovirtuel.com\/information\/wp-content\/uploads\/2018\/10\/header-info-congovirtuel-vraie.jpg","width":728,"height":90,"caption":"Biblioth\u00e8que Virtuelle de la RDC"},"image":{"@id":"https:\/\/congovirtuel.com\/information\/#\/schema\/logo\/image\/"},"sameAs":["https:\/\/web.facebook.com\/Congovirtuel-763617960319601\/?ref=aymt_homepage_panel&amp;amp;amp;amp;amp;amp;amp;amp;amp;amp;amp;eid=ARCoxULa66767kIgF_KYav6VdjXTI4yk_LW4yoVO9s6NXpysgb7Cb65vpxcxgqzOAKvIbLQxaAETcqHT","https:\/\/x.com\/congovirtuel","https:\/\/www.youtube.com\/channel\/UCkFfprYzGgS3EWNpeMXpToQ?view_as=subscriber"]},{"@type":"Person","@id":"https:\/\/congovirtuel.com\/information\/#\/schema\/person\/739a44bf7990966cb53d58d2fdeca0b6","name":"infocongovirtuel","image":{"@type":"ImageObject","inLanguage":"fr-FR","@id":"https:\/\/secure.gravatar.com\/avatar\/4d76991aa72469f0eb22e772586c99113c6997f88da636a9db8f2ce3a2c05e69?s=96&d=mm&r=g","url":"https:\/\/secure.gravatar.com\/avatar\/4d76991aa72469f0eb22e772586c99113c6997f88da636a9db8f2ce3a2c05e69?s=96&d=mm&r=g","contentUrl":"https:\/\/secure.gravatar.com\/avatar\/4d76991aa72469f0eb22e772586c99113c6997f88da636a9db8f2ce3a2c05e69?s=96&d=mm&r=g","caption":"infocongovirtuel"},"url":"https:\/\/congovirtuel.com\/information\/author\/infocongovirtuel\/"}]}},"gt_translate_keys":[{"key":"link","format":"url"}],"_links":{"self":[{"href":"https:\/\/congovirtuel.com\/information\/wp-json\/wp\/v2\/posts\/874","targetHints":{"allow":["GET"]}}],"collection":[{"href":"https:\/\/congovirtuel.com\/information\/wp-json\/wp\/v2\/posts"}],"about":[{"href":"https:\/\/congovirtuel.com\/information\/wp-json\/wp\/v2\/types\/post"}],"author":[{"embeddable":true,"href":"https:\/\/congovirtuel.com\/information\/wp-json\/wp\/v2\/users\/1"}],"replies":[{"embeddable":true,"href":"https:\/\/congovirtuel.com\/information\/wp-json\/wp\/v2\/comments?post=874"}],"version-history":[{"count":1,"href":"https:\/\/congovirtuel.com\/information\/wp-json\/wp\/v2\/posts\/874\/revisions"}],"predecessor-version":[{"id":876,"href":"https:\/\/congovirtuel.com\/information\/wp-json\/wp\/v2\/posts\/874\/revisions\/876"}],"wp:featuredmedia":[{"embeddable":true,"href":"https:\/\/congovirtuel.com\/information\/wp-json\/wp\/v2\/media\/875"}],"wp:attachment":[{"href":"https:\/\/congovirtuel.com\/information\/wp-json\/wp\/v2\/media?parent=874"}],"wp:term":[{"taxonomy":"category","embeddable":true,"href":"https:\/\/congovirtuel.com\/information\/wp-json\/wp\/v2\/categories?post=874"},{"taxonomy":"post_tag","embeddable":true,"href":"https:\/\/congovirtuel.com\/information\/wp-json\/wp\/v2\/tags?post=874"}],"curies":[{"name":"wp","href":"https:\/\/api.w.org\/{rel}","templated":true}]}}