{"id":88,"date":"2018-11-02T08:27:21","date_gmt":"2018-11-02T07:27:21","guid":{"rendered":"https:\/\/congovirtuel.com\/information\/?p=88"},"modified":"2018-11-02T08:27:21","modified_gmt":"2018-11-02T07:27:21","slug":"mainmise-de-la-presidence-sur-le-processus-electoral-en-rdc-selon-une-etude","status":"publish","type":"post","link":"https:\/\/congovirtuel.com\/information\/mainmise-de-la-presidence-sur-le-processus-electoral-en-rdc-selon-une-etude\/","title":{"rendered":"\u00ab\u00a0Mainmise\u00a0\u00bb de la pr\u00e9sidence sur le processus \u00e9lectoral en RDC selon une \u00e9tude","gt_translate_keys":[{"key":"rendered","format":"text"}]},"content":{"rendered":"<div class=\"intro intro--bold\">\n<p style=\"text-align: justify;\">La pr\u00e9sidence congolaise est accus\u00e9e d&rsquo;avoir une \u00ab\u00a0mainmise\u00a0\u00bb sur deux institutions charg\u00e9es d\u2019assurer la transparence du processus \u00e9lectoral en R\u00e9publique d\u00e9mocratique du Congo, \u00e0 moins de deux mois des scrutins cruciaux cens\u00e9s organiser la succession du pr\u00e9sident Joseph Kabila, selon une \u00e9tude.<\/p>\n<\/div>\n<div id=\"article-content\" class=\"content-floated-wrap fb-quotable\">\n<div class=\"wsw\" style=\"text-align: justify;\">\n<p>\u00ab\u00a0La Commission \u00e9lectorale nationale ind\u00e9pendante (C\u00e9ni) et la Cour constitutionnelle sont contest\u00e9es, leurs membres tax\u00e9s de partialit\u00e9\u00a0\u00bb, selon cette \u00e9tude publi\u00e9e jeudi par le Groupe d\u2019\u00c9tude sur le Congo (GEC), bas\u00e9 \u00e0 l\u2019Universit\u00e9 de New York.<\/p>\n<p><img loading=\"lazy\" decoding=\"async\" class=\"alignnone size-medium wp-image-89\" src=\"https:\/\/congovirtuel.com\/information\/wp-content\/uploads\/2018\/11\/kabila-300x169.jpg\" alt=\"\" width=\"300\" height=\"169\" \/><\/p>\n<p>Pour les auteurs de l&rsquo;\u00e9tude, une grande partie de la faiblesse de ces institutions provient de \u00ab\u00a0la capacit\u00e9 de la pr\u00e9sidence de la R\u00e9publique \u00e0 contr\u00f4ler, coopter ou diviser\u00a0\u00bb les diff\u00e9rentes forces politiques et sociales qui devraient servir de contrepoids.<\/p>\n<p><script async src=\"\/\/pagead2.googlesyndication.com\/pagead\/js\/adsbygoogle.js\"><\/script><br \/>\n<!-- code responsive --><br \/>\n<ins class=\"adsbygoogle\"\n     style=\"display:block\"\n     data-ad-client=\"ca-pub-2119363214666215\"\n     data-ad-slot=\"1973679082\"\n     data-ad-format=\"auto\"><\/ins><br \/>\n<script>\n(adsbygoogle = window.adsbygoogle || []).push({});\n<\/script><\/p>\n<p>Cette \u00ab\u00a0mainmise sur les institutions charg\u00e9es d\u2019assurer la transparence du processus \u00e9lectoral rend quasi-inop\u00e9rants les garde-fous existants dans les diff\u00e9rents textes qui r\u00e9gissent ces institutions\u00a0\u00bb, affirme l&rsquo;\u00e9tude.<\/p>\n<\/div>\n<p style=\"text-align: justify;\">\u00ab\u00a0Ces accusations de manipulation du processus politique, l\u2019absence de consensus au sein de la classe politique et les contestations qui pourraient en r\u00e9sulter risquent de plonger la RDC dans un nouveau cycle de conflits\u00a0\u00bb, estiment les experts dans ce rapport intitul\u00e9, \u00ab\u00a0RDC : les \u00e9lections de tous les dangers\u00a0\u00bb.<\/p>\n<p style=\"text-align: justify;\">\u00ab\u00a0Toutes ces accusations gratuites visent \u00e0 pr\u00e9parer le terrain \u00e0 ceux qui veulent boycotter les \u00e9lections. Il y a des actions coordonn\u00e9es pour \u00e9viter que des \u00e9lections se tiennent\u00a0\u00bb, a r\u00e9agi Jean-Pierre Kambila, directeur de cabinet adjoint du pr\u00e9sident Kabila.<\/p>\n<p style=\"text-align: justify;\">Les \u00e9lections pr\u00e9sidentielle, l\u00e9gislatives et provinciales clefs du 23 d\u00e9cembre 2018 doivent organiser la succession du pr\u00e9sident Joseph Kabila. Ces scrutins ont d\u00e9j\u00e0 \u00e9t\u00e9 report\u00e9s \u00e0 deux reprises en 2016 et 2017.<\/p>\n<p style=\"text-align: justify;\">Le pr\u00e9sident Kabila, qui ne pouvait plus se repr\u00e9senter apr\u00e8s deux mandats constitutionnels, a d\u00e9sign\u00e9 son ex-ministre de l&rsquo;Int\u00e9rieur Emmanuel Ramazani Shadary comme \u00ab\u00a0dauphin\u00a0\u00bb.<\/p>\n<p style=\"text-align: justify;\">Vingt et un candidats sont en lice pour cette pr\u00e9sidentielle dont deux t\u00e9nors de l&rsquo;opposition: F\u00e9lix Tshisekedi, pr\u00e9sident de l&rsquo;Union pour la d\u00e9mocratie et le progr\u00e8s social (UDPS, parti historique de l&rsquo;opposition) et Vital Kamerhe de l&rsquo;Union pour le Congo, ancien pr\u00e9sident de l&rsquo;Assembl\u00e9e nationale pass\u00e9 \u00e0 l&rsquo;opposition.<\/p>\n<p style=\"text-align: justify;\">L&rsquo;opposition dans son ensemble affirme qu&rsquo;elle ne boycottera pas les \u00e9lections bien que la majeure partie continue \u00e0 r\u00e9clamer l&rsquo;abandon de la machine \u00e0 voter le jour du scrutin que Kinshasa veut organiser seul, sans soutien de la communaut\u00e9 internationale.<\/p>\n<p style=\"text-align: justify;\">\u00ab\u00a0Si la date des \u00e9lections est maintenue pour le 23 d\u00e9cembre 2018, il est clair que les contr\u00f4les institutionnels en place ne suffiront pas \u00e0 garantir l\u2019int\u00e9grit\u00e9 et la cr\u00e9dibilit\u00e9 du processus\u00a0\u00bb, conclut l&rsquo;\u00e9tude.<\/p>\n<p style=\"text-align: justify;\">VOA and AFP<\/p>\n<p><script async src=\"\/\/pagead2.googlesyndication.com\/pagead\/js\/adsbygoogle.js\"><\/script><br \/>\n<!-- code responsive --><br \/>\n<ins class=\"adsbygoogle\"\n     style=\"display:block\"\n     data-ad-client=\"ca-pub-2119363214666215\"\n     data-ad-slot=\"1973679082\"\n     data-ad-format=\"auto\"><\/ins><br \/>\n<script>\n(adsbygoogle = window.adsbygoogle || []).push({});\n<\/script><\/p>\n<\/div>\n","protected":false,"gt_translate_keys":[{"key":"rendered","format":"html"}]},"excerpt":{"rendered":"<p>La pr\u00e9sidence congolaise est accus\u00e9e d&rsquo;avoir une \u00ab\u00a0mainmise\u00a0\u00bb sur deux institutions charg\u00e9es d\u2019assurer la transparence du processus \u00e9lectoral en R\u00e9publique d\u00e9mocratique du Congo, \u00e0 moins de deux mois des scrutins cruciaux cens\u00e9s organiser la succession du pr\u00e9sident Joseph Kabila, selon une \u00e9tude. \u00ab\u00a0La Commission \u00e9lectorale nationale ind\u00e9pendante (C\u00e9ni) et la Cour constitutionnelle sont contest\u00e9es, leurs membres tax\u00e9s de partialit\u00e9\u00a0\u00bb, selon cette \u00e9tude publi\u00e9e jeudi par le Groupe d\u2019\u00c9tude sur le Congo (GEC), bas\u00e9 \u00e0 l\u2019Universit\u00e9 de New York. Pour les auteurs de l&rsquo;\u00e9tude, une grande partie de la faiblesse de&hellip;<\/p>\n","protected":false,"gt_translate_keys":[{"key":"rendered","format":"html"}]},"author":1,"featured_media":89,"comment_status":"open","ping_status":"open","sticky":false,"template":"","format":"standard","meta":{"_crdt_document":"","footnotes":""},"categories":[2],"tags":[],"class_list":["post-88","post","type-post","status-publish","format-standard","has-post-thumbnail","hentry","category-politique"],"gutentor_comment":0,"yoast_head":"<!-- This site is optimized with the Yoast SEO plugin v27.5 - https:\/\/yoast.com\/product\/yoast-seo-wordpress\/ -->\n<title>&quot;Mainmise&quot; de la pr\u00e9sidence sur le processus \u00e9lectoral en RDC selon une \u00e9tude - Actualit\u00e9s congolaises et internationales<\/title>\n<meta name=\"robots\" content=\"index, follow, max-snippet:-1, max-image-preview:large, max-video-preview:-1\" \/>\n<link rel=\"canonical\" href=\"https:\/\/congovirtuel.com\/information\/mainmise-de-la-presidence-sur-le-processus-electoral-en-rdc-selon-une-etude\/\" \/>\n<meta property=\"og:locale\" content=\"fr_FR\" \/>\n<meta property=\"og:type\" content=\"article\" \/>\n<meta property=\"og:title\" content=\"&quot;Mainmise&quot; de la pr\u00e9sidence sur le processus \u00e9lectoral en RDC selon une \u00e9tude - Actualit\u00e9s congolaises et internationales\" \/>\n<meta property=\"og:description\" content=\"La pr\u00e9sidence congolaise est accus\u00e9e d&rsquo;avoir une \u00ab\u00a0mainmise\u00a0\u00bb sur deux institutions charg\u00e9es d\u2019assurer la transparence du processus \u00e9lectoral en R\u00e9publique d\u00e9mocratique du Congo, \u00e0 moins de deux mois des scrutins cruciaux cens\u00e9s organiser la succession du pr\u00e9sident Joseph Kabila, selon une \u00e9tude. \u00ab\u00a0La Commission \u00e9lectorale nationale ind\u00e9pendante (C\u00e9ni) et la Cour constitutionnelle sont contest\u00e9es, leurs membres tax\u00e9s de partialit\u00e9\u00a0\u00bb, selon cette \u00e9tude publi\u00e9e jeudi par le Groupe d\u2019\u00c9tude sur le Congo (GEC), bas\u00e9 \u00e0 l\u2019Universit\u00e9 de New York. Pour les auteurs de l&rsquo;\u00e9tude, une grande partie de la faiblesse de&hellip;\" \/>\n<meta property=\"og:url\" content=\"https:\/\/congovirtuel.com\/information\/mainmise-de-la-presidence-sur-le-processus-electoral-en-rdc-selon-une-etude\/\" \/>\n<meta property=\"og:site_name\" content=\"Actualit\u00e9s congolaises et internationales\" \/>\n<meta property=\"article:publisher\" content=\"https:\/\/web.facebook.com\/Congovirtuel-763617960319601\/?ref=aymt_homepage_panel&amp;amp%3bamp%3bamp%3bamp%3bamp%3bamp%3bamp%3bamp%3bamp%3bamp%3bamp%3beid=ARCoxULa66767kIgF_KYav6VdjXTI4yk_LW4yoVO9s6NXpysgb7Cb65vpxcxgqzOAKvIbLQxaAETcqHT\" \/>\n<meta property=\"article:published_time\" content=\"2018-11-02T07:27:21+00:00\" \/>\n<meta property=\"og:image\" content=\"https:\/\/congovirtuel.com\/information\/wp-content\/uploads\/2018\/11\/kabila-e1541143567855.jpg\" \/>\n\t<meta property=\"og:image:width\" content=\"400\" \/>\n\t<meta property=\"og:image:height\" content=\"225\" \/>\n\t<meta property=\"og:image:type\" content=\"image\/jpeg\" \/>\n<meta name=\"author\" content=\"infocongovirtuel\" \/>\n<meta name=\"twitter:card\" content=\"summary_large_image\" \/>\n<meta name=\"twitter:creator\" content=\"@congovirtuel\" \/>\n<meta name=\"twitter:site\" content=\"@congovirtuel\" \/>\n<meta name=\"twitter:label1\" content=\"\u00c9crit par\" \/>\n\t<meta name=\"twitter:data1\" content=\"infocongovirtuel\" \/>\n\t<meta name=\"twitter:label2\" content=\"Dur\u00e9e de lecture estim\u00e9e\" \/>\n\t<meta name=\"twitter:data2\" content=\"2 minutes\" \/>\n<script type=\"application\/ld+json\" class=\"yoast-schema-graph\">{\"@context\":\"https:\\\/\\\/schema.org\",\"@graph\":[{\"@type\":\"Article\",\"@id\":\"https:\\\/\\\/congovirtuel.com\\\/information\\\/mainmise-de-la-presidence-sur-le-processus-electoral-en-rdc-selon-une-etude\\\/#article\",\"isPartOf\":{\"@id\":\"https:\\\/\\\/congovirtuel.com\\\/information\\\/mainmise-de-la-presidence-sur-le-processus-electoral-en-rdc-selon-une-etude\\\/\"},\"author\":{\"name\":\"infocongovirtuel\",\"@id\":\"https:\\\/\\\/congovirtuel.com\\\/information\\\/#\\\/schema\\\/person\\\/739a44bf7990966cb53d58d2fdeca0b6\"},\"headline\":\"\u00ab\u00a0Mainmise\u00a0\u00bb de la pr\u00e9sidence sur le processus \u00e9lectoral en RDC selon une \u00e9tude\",\"datePublished\":\"2018-11-02T07:27:21+00:00\",\"mainEntityOfPage\":{\"@id\":\"https:\\\/\\\/congovirtuel.com\\\/information\\\/mainmise-de-la-presidence-sur-le-processus-electoral-en-rdc-selon-une-etude\\\/\"},\"wordCount\":481,\"commentCount\":0,\"publisher\":{\"@id\":\"https:\\\/\\\/congovirtuel.com\\\/information\\\/#organization\"},\"image\":{\"@id\":\"https:\\\/\\\/congovirtuel.com\\\/information\\\/mainmise-de-la-presidence-sur-le-processus-electoral-en-rdc-selon-une-etude\\\/#primaryimage\"},\"thumbnailUrl\":\"https:\\\/\\\/congovirtuel.com\\\/information\\\/wp-content\\\/uploads\\\/2018\\\/11\\\/kabila-e1541143567855.jpg\",\"articleSection\":[\"Politique\"],\"inLanguage\":\"fr-FR\",\"potentialAction\":[{\"@type\":\"CommentAction\",\"name\":\"Comment\",\"target\":[\"https:\\\/\\\/congovirtuel.com\\\/information\\\/mainmise-de-la-presidence-sur-le-processus-electoral-en-rdc-selon-une-etude\\\/#respond\"]}]},{\"@type\":\"WebPage\",\"@id\":\"https:\\\/\\\/congovirtuel.com\\\/information\\\/mainmise-de-la-presidence-sur-le-processus-electoral-en-rdc-selon-une-etude\\\/\",\"url\":\"https:\\\/\\\/congovirtuel.com\\\/information\\\/mainmise-de-la-presidence-sur-le-processus-electoral-en-rdc-selon-une-etude\\\/\",\"name\":\"\\\"Mainmise\\\" de la pr\u00e9sidence sur le processus \u00e9lectoral en RDC selon une \u00e9tude - Actualit\u00e9s congolaises et internationales\",\"isPartOf\":{\"@id\":\"https:\\\/\\\/congovirtuel.com\\\/information\\\/#website\"},\"primaryImageOfPage\":{\"@id\":\"https:\\\/\\\/congovirtuel.com\\\/information\\\/mainmise-de-la-presidence-sur-le-processus-electoral-en-rdc-selon-une-etude\\\/#primaryimage\"},\"image\":{\"@id\":\"https:\\\/\\\/congovirtuel.com\\\/information\\\/mainmise-de-la-presidence-sur-le-processus-electoral-en-rdc-selon-une-etude\\\/#primaryimage\"},\"thumbnailUrl\":\"https:\\\/\\\/congovirtuel.com\\\/information\\\/wp-content\\\/uploads\\\/2018\\\/11\\\/kabila-e1541143567855.jpg\",\"datePublished\":\"2018-11-02T07:27:21+00:00\",\"breadcrumb\":{\"@id\":\"https:\\\/\\\/congovirtuel.com\\\/information\\\/mainmise-de-la-presidence-sur-le-processus-electoral-en-rdc-selon-une-etude\\\/#breadcrumb\"},\"inLanguage\":\"fr-FR\",\"potentialAction\":[{\"@type\":\"ReadAction\",\"target\":[\"https:\\\/\\\/congovirtuel.com\\\/information\\\/mainmise-de-la-presidence-sur-le-processus-electoral-en-rdc-selon-une-etude\\\/\"]}]},{\"@type\":\"ImageObject\",\"inLanguage\":\"fr-FR\",\"@id\":\"https:\\\/\\\/congovirtuel.com\\\/information\\\/mainmise-de-la-presidence-sur-le-processus-electoral-en-rdc-selon-une-etude\\\/#primaryimage\",\"url\":\"https:\\\/\\\/congovirtuel.com\\\/information\\\/wp-content\\\/uploads\\\/2018\\\/11\\\/kabila-e1541143567855.jpg\",\"contentUrl\":\"https:\\\/\\\/congovirtuel.com\\\/information\\\/wp-content\\\/uploads\\\/2018\\\/11\\\/kabila-e1541143567855.jpg\",\"width\":400,\"height\":225,\"caption\":\"Joseph Kabila\"},{\"@type\":\"BreadcrumbList\",\"@id\":\"https:\\\/\\\/congovirtuel.com\\\/information\\\/mainmise-de-la-presidence-sur-le-processus-electoral-en-rdc-selon-une-etude\\\/#breadcrumb\",\"itemListElement\":[{\"@type\":\"ListItem\",\"position\":1,\"name\":\"Accueil\",\"item\":\"https:\\\/\\\/congovirtuel.com\\\/information\\\/\"},{\"@type\":\"ListItem\",\"position\":2,\"name\":\"\u00ab\u00a0Mainmise\u00a0\u00bb de la pr\u00e9sidence sur le processus \u00e9lectoral en RDC selon une \u00e9tude\"}]},{\"@type\":\"WebSite\",\"@id\":\"https:\\\/\\\/congovirtuel.com\\\/information\\\/#website\",\"url\":\"https:\\\/\\\/congovirtuel.com\\\/information\\\/\",\"name\":\"Actualit\u00e9s congolaises et internationales\",\"description\":\"site d&#039;analyse et de traitement d&#039;information\",\"publisher\":{\"@id\":\"https:\\\/\\\/congovirtuel.com\\\/information\\\/#organization\"},\"potentialAction\":[{\"@type\":\"SearchAction\",\"target\":{\"@type\":\"EntryPoint\",\"urlTemplate\":\"https:\\\/\\\/congovirtuel.com\\\/information\\\/?s={search_term_string}\"},\"query-input\":{\"@type\":\"PropertyValueSpecification\",\"valueRequired\":true,\"valueName\":\"search_term_string\"}}],\"inLanguage\":\"fr-FR\"},{\"@type\":\"Organization\",\"@id\":\"https:\\\/\\\/congovirtuel.com\\\/information\\\/#organization\",\"name\":\"Biblioth\u00e8que Virtuelle de la RDC\",\"url\":\"https:\\\/\\\/congovirtuel.com\\\/information\\\/\",\"logo\":{\"@type\":\"ImageObject\",\"inLanguage\":\"fr-FR\",\"@id\":\"https:\\\/\\\/congovirtuel.com\\\/information\\\/#\\\/schema\\\/logo\\\/image\\\/\",\"url\":\"https:\\\/\\\/congovirtuel.com\\\/information\\\/wp-content\\\/uploads\\\/2018\\\/10\\\/header-info-congovirtuel-vraie.jpg\",\"contentUrl\":\"https:\\\/\\\/congovirtuel.com\\\/information\\\/wp-content\\\/uploads\\\/2018\\\/10\\\/header-info-congovirtuel-vraie.jpg\",\"width\":728,\"height\":90,\"caption\":\"Biblioth\u00e8que Virtuelle de la RDC\"},\"image\":{\"@id\":\"https:\\\/\\\/congovirtuel.com\\\/information\\\/#\\\/schema\\\/logo\\\/image\\\/\"},\"sameAs\":[\"https:\\\/\\\/web.facebook.com\\\/Congovirtuel-763617960319601\\\/?ref=aymt_homepage_panel&amp;amp;amp;amp;amp;amp;amp;amp;amp;amp;amp;eid=ARCoxULa66767kIgF_KYav6VdjXTI4yk_LW4yoVO9s6NXpysgb7Cb65vpxcxgqzOAKvIbLQxaAETcqHT\",\"https:\\\/\\\/x.com\\\/congovirtuel\",\"https:\\\/\\\/www.youtube.com\\\/channel\\\/UCkFfprYzGgS3EWNpeMXpToQ?view_as=subscriber\"]},{\"@type\":\"Person\",\"@id\":\"https:\\\/\\\/congovirtuel.com\\\/information\\\/#\\\/schema\\\/person\\\/739a44bf7990966cb53d58d2fdeca0b6\",\"name\":\"infocongovirtuel\",\"image\":{\"@type\":\"ImageObject\",\"inLanguage\":\"fr-FR\",\"@id\":\"https:\\\/\\\/secure.gravatar.com\\\/avatar\\\/4d76991aa72469f0eb22e772586c99113c6997f88da636a9db8f2ce3a2c05e69?s=96&d=mm&r=g\",\"url\":\"https:\\\/\\\/secure.gravatar.com\\\/avatar\\\/4d76991aa72469f0eb22e772586c99113c6997f88da636a9db8f2ce3a2c05e69?s=96&d=mm&r=g\",\"contentUrl\":\"https:\\\/\\\/secure.gravatar.com\\\/avatar\\\/4d76991aa72469f0eb22e772586c99113c6997f88da636a9db8f2ce3a2c05e69?s=96&d=mm&r=g\",\"caption\":\"infocongovirtuel\"},\"url\":\"https:\\\/\\\/congovirtuel.com\\\/information\\\/author\\\/infocongovirtuel\\\/\"}]}<\/script>\n<!-- \/ Yoast SEO plugin. -->","yoast_head_json":{"title":"\"Mainmise\" de la pr\u00e9sidence sur le processus \u00e9lectoral en RDC selon une \u00e9tude - Actualit\u00e9s congolaises et internationales","robots":{"index":"index","follow":"follow","max-snippet":"max-snippet:-1","max-image-preview":"max-image-preview:large","max-video-preview":"max-video-preview:-1"},"canonical":"https:\/\/congovirtuel.com\/information\/mainmise-de-la-presidence-sur-le-processus-electoral-en-rdc-selon-une-etude\/","og_locale":"fr_FR","og_type":"article","og_title":"\"Mainmise\" de la pr\u00e9sidence sur le processus \u00e9lectoral en RDC selon une \u00e9tude - Actualit\u00e9s congolaises et internationales","og_description":"La pr\u00e9sidence congolaise est accus\u00e9e d&rsquo;avoir une \u00ab\u00a0mainmise\u00a0\u00bb sur deux institutions charg\u00e9es d\u2019assurer la transparence du processus \u00e9lectoral en R\u00e9publique d\u00e9mocratique du Congo, \u00e0 moins de deux mois des scrutins cruciaux cens\u00e9s organiser la succession du pr\u00e9sident Joseph Kabila, selon une \u00e9tude. \u00ab\u00a0La Commission \u00e9lectorale nationale ind\u00e9pendante (C\u00e9ni) et la Cour constitutionnelle sont contest\u00e9es, leurs membres tax\u00e9s de partialit\u00e9\u00a0\u00bb, selon cette \u00e9tude publi\u00e9e jeudi par le Groupe d\u2019\u00c9tude sur le Congo (GEC), bas\u00e9 \u00e0 l\u2019Universit\u00e9 de New York. Pour les auteurs de l&rsquo;\u00e9tude, une grande partie de la faiblesse de&hellip;","og_url":"https:\/\/congovirtuel.com\/information\/mainmise-de-la-presidence-sur-le-processus-electoral-en-rdc-selon-une-etude\/","og_site_name":"Actualit\u00e9s congolaises et internationales","article_publisher":"https:\/\/web.facebook.com\/Congovirtuel-763617960319601\/?ref=aymt_homepage_panel&amp%3bamp%3bamp%3bamp%3bamp%3bamp%3bamp%3bamp%3bamp%3bamp%3bamp%3beid=ARCoxULa66767kIgF_KYav6VdjXTI4yk_LW4yoVO9s6NXpysgb7Cb65vpxcxgqzOAKvIbLQxaAETcqHT","article_published_time":"2018-11-02T07:27:21+00:00","og_image":[{"width":400,"height":225,"url":"https:\/\/congovirtuel.com\/information\/wp-content\/uploads\/2018\/11\/kabila-e1541143567855.jpg","type":"image\/jpeg"}],"author":"infocongovirtuel","twitter_card":"summary_large_image","twitter_creator":"@congovirtuel","twitter_site":"@congovirtuel","twitter_misc":{"\u00c9crit par":"infocongovirtuel","Dur\u00e9e de lecture estim\u00e9e":"2 minutes"},"schema":{"@context":"https:\/\/schema.org","@graph":[{"@type":"Article","@id":"https:\/\/congovirtuel.com\/information\/mainmise-de-la-presidence-sur-le-processus-electoral-en-rdc-selon-une-etude\/#article","isPartOf":{"@id":"https:\/\/congovirtuel.com\/information\/mainmise-de-la-presidence-sur-le-processus-electoral-en-rdc-selon-une-etude\/"},"author":{"name":"infocongovirtuel","@id":"https:\/\/congovirtuel.com\/information\/#\/schema\/person\/739a44bf7990966cb53d58d2fdeca0b6"},"headline":"\u00ab\u00a0Mainmise\u00a0\u00bb de la pr\u00e9sidence sur le processus \u00e9lectoral en RDC selon une \u00e9tude","datePublished":"2018-11-02T07:27:21+00:00","mainEntityOfPage":{"@id":"https:\/\/congovirtuel.com\/information\/mainmise-de-la-presidence-sur-le-processus-electoral-en-rdc-selon-une-etude\/"},"wordCount":481,"commentCount":0,"publisher":{"@id":"https:\/\/congovirtuel.com\/information\/#organization"},"image":{"@id":"https:\/\/congovirtuel.com\/information\/mainmise-de-la-presidence-sur-le-processus-electoral-en-rdc-selon-une-etude\/#primaryimage"},"thumbnailUrl":"https:\/\/congovirtuel.com\/information\/wp-content\/uploads\/2018\/11\/kabila-e1541143567855.jpg","articleSection":["Politique"],"inLanguage":"fr-FR","potentialAction":[{"@type":"CommentAction","name":"Comment","target":["https:\/\/congovirtuel.com\/information\/mainmise-de-la-presidence-sur-le-processus-electoral-en-rdc-selon-une-etude\/#respond"]}]},{"@type":"WebPage","@id":"https:\/\/congovirtuel.com\/information\/mainmise-de-la-presidence-sur-le-processus-electoral-en-rdc-selon-une-etude\/","url":"https:\/\/congovirtuel.com\/information\/mainmise-de-la-presidence-sur-le-processus-electoral-en-rdc-selon-une-etude\/","name":"\"Mainmise\" de la pr\u00e9sidence sur le processus \u00e9lectoral en RDC selon une \u00e9tude - Actualit\u00e9s congolaises et internationales","isPartOf":{"@id":"https:\/\/congovirtuel.com\/information\/#website"},"primaryImageOfPage":{"@id":"https:\/\/congovirtuel.com\/information\/mainmise-de-la-presidence-sur-le-processus-electoral-en-rdc-selon-une-etude\/#primaryimage"},"image":{"@id":"https:\/\/congovirtuel.com\/information\/mainmise-de-la-presidence-sur-le-processus-electoral-en-rdc-selon-une-etude\/#primaryimage"},"thumbnailUrl":"https:\/\/congovirtuel.com\/information\/wp-content\/uploads\/2018\/11\/kabila-e1541143567855.jpg","datePublished":"2018-11-02T07:27:21+00:00","breadcrumb":{"@id":"https:\/\/congovirtuel.com\/information\/mainmise-de-la-presidence-sur-le-processus-electoral-en-rdc-selon-une-etude\/#breadcrumb"},"inLanguage":"fr-FR","potentialAction":[{"@type":"ReadAction","target":["https:\/\/congovirtuel.com\/information\/mainmise-de-la-presidence-sur-le-processus-electoral-en-rdc-selon-une-etude\/"]}]},{"@type":"ImageObject","inLanguage":"fr-FR","@id":"https:\/\/congovirtuel.com\/information\/mainmise-de-la-presidence-sur-le-processus-electoral-en-rdc-selon-une-etude\/#primaryimage","url":"https:\/\/congovirtuel.com\/information\/wp-content\/uploads\/2018\/11\/kabila-e1541143567855.jpg","contentUrl":"https:\/\/congovirtuel.com\/information\/wp-content\/uploads\/2018\/11\/kabila-e1541143567855.jpg","width":400,"height":225,"caption":"Joseph Kabila"},{"@type":"BreadcrumbList","@id":"https:\/\/congovirtuel.com\/information\/mainmise-de-la-presidence-sur-le-processus-electoral-en-rdc-selon-une-etude\/#breadcrumb","itemListElement":[{"@type":"ListItem","position":1,"name":"Accueil","item":"https:\/\/congovirtuel.com\/information\/"},{"@type":"ListItem","position":2,"name":"\u00ab\u00a0Mainmise\u00a0\u00bb de la pr\u00e9sidence sur le processus \u00e9lectoral en RDC selon une \u00e9tude"}]},{"@type":"WebSite","@id":"https:\/\/congovirtuel.com\/information\/#website","url":"https:\/\/congovirtuel.com\/information\/","name":"Actualit\u00e9s congolaises et internationales","description":"site d&#039;analyse et de traitement d&#039;information","publisher":{"@id":"https:\/\/congovirtuel.com\/information\/#organization"},"potentialAction":[{"@type":"SearchAction","target":{"@type":"EntryPoint","urlTemplate":"https:\/\/congovirtuel.com\/information\/?s={search_term_string}"},"query-input":{"@type":"PropertyValueSpecification","valueRequired":true,"valueName":"search_term_string"}}],"inLanguage":"fr-FR"},{"@type":"Organization","@id":"https:\/\/congovirtuel.com\/information\/#organization","name":"Biblioth\u00e8que Virtuelle de la RDC","url":"https:\/\/congovirtuel.com\/information\/","logo":{"@type":"ImageObject","inLanguage":"fr-FR","@id":"https:\/\/congovirtuel.com\/information\/#\/schema\/logo\/image\/","url":"https:\/\/congovirtuel.com\/information\/wp-content\/uploads\/2018\/10\/header-info-congovirtuel-vraie.jpg","contentUrl":"https:\/\/congovirtuel.com\/information\/wp-content\/uploads\/2018\/10\/header-info-congovirtuel-vraie.jpg","width":728,"height":90,"caption":"Biblioth\u00e8que Virtuelle de la RDC"},"image":{"@id":"https:\/\/congovirtuel.com\/information\/#\/schema\/logo\/image\/"},"sameAs":["https:\/\/web.facebook.com\/Congovirtuel-763617960319601\/?ref=aymt_homepage_panel&amp;amp;amp;amp;amp;amp;amp;amp;amp;amp;amp;eid=ARCoxULa66767kIgF_KYav6VdjXTI4yk_LW4yoVO9s6NXpysgb7Cb65vpxcxgqzOAKvIbLQxaAETcqHT","https:\/\/x.com\/congovirtuel","https:\/\/www.youtube.com\/channel\/UCkFfprYzGgS3EWNpeMXpToQ?view_as=subscriber"]},{"@type":"Person","@id":"https:\/\/congovirtuel.com\/information\/#\/schema\/person\/739a44bf7990966cb53d58d2fdeca0b6","name":"infocongovirtuel","image":{"@type":"ImageObject","inLanguage":"fr-FR","@id":"https:\/\/secure.gravatar.com\/avatar\/4d76991aa72469f0eb22e772586c99113c6997f88da636a9db8f2ce3a2c05e69?s=96&d=mm&r=g","url":"https:\/\/secure.gravatar.com\/avatar\/4d76991aa72469f0eb22e772586c99113c6997f88da636a9db8f2ce3a2c05e69?s=96&d=mm&r=g","contentUrl":"https:\/\/secure.gravatar.com\/avatar\/4d76991aa72469f0eb22e772586c99113c6997f88da636a9db8f2ce3a2c05e69?s=96&d=mm&r=g","caption":"infocongovirtuel"},"url":"https:\/\/congovirtuel.com\/information\/author\/infocongovirtuel\/"}]}},"gt_translate_keys":[{"key":"link","format":"url"}],"_links":{"self":[{"href":"https:\/\/congovirtuel.com\/information\/wp-json\/wp\/v2\/posts\/88","targetHints":{"allow":["GET"]}}],"collection":[{"href":"https:\/\/congovirtuel.com\/information\/wp-json\/wp\/v2\/posts"}],"about":[{"href":"https:\/\/congovirtuel.com\/information\/wp-json\/wp\/v2\/types\/post"}],"author":[{"embeddable":true,"href":"https:\/\/congovirtuel.com\/information\/wp-json\/wp\/v2\/users\/1"}],"replies":[{"embeddable":true,"href":"https:\/\/congovirtuel.com\/information\/wp-json\/wp\/v2\/comments?post=88"}],"version-history":[{"count":1,"href":"https:\/\/congovirtuel.com\/information\/wp-json\/wp\/v2\/posts\/88\/revisions"}],"predecessor-version":[{"id":90,"href":"https:\/\/congovirtuel.com\/information\/wp-json\/wp\/v2\/posts\/88\/revisions\/90"}],"wp:featuredmedia":[{"embeddable":true,"href":"https:\/\/congovirtuel.com\/information\/wp-json\/wp\/v2\/media\/89"}],"wp:attachment":[{"href":"https:\/\/congovirtuel.com\/information\/wp-json\/wp\/v2\/media?parent=88"}],"wp:term":[{"taxonomy":"category","embeddable":true,"href":"https:\/\/congovirtuel.com\/information\/wp-json\/wp\/v2\/categories?post=88"},{"taxonomy":"post_tag","embeddable":true,"href":"https:\/\/congovirtuel.com\/information\/wp-json\/wp\/v2\/tags?post=88"}],"curies":[{"name":"wp","href":"https:\/\/api.w.org\/{rel}","templated":true}]}}