{"id":8993,"date":"2021-05-11T22:13:00","date_gmt":"2021-05-11T21:13:00","guid":{"rendered":"https:\/\/congovirtuel.com\/information\/?p=8993"},"modified":"2021-05-11T22:14:31","modified_gmt":"2021-05-11T21:14:31","slug":"rdc-felix-tshisekedi-attendu-a-kolwezi-ce-jeudi-la-journee-declaree-chomee","status":"publish","type":"post","link":"https:\/\/congovirtuel.com\/information\/rdc-felix-tshisekedi-attendu-a-kolwezi-ce-jeudi-la-journee-declaree-chomee\/","title":{"rendered":"RDC: F\u00e9lix Tshisekedi attendu \u00e0 Kolwezi ce jeudi, la journ\u00e9e d\u00e9clar\u00e9e ch\u00f4m\u00e9e","gt_translate_keys":[{"key":"rendered","format":"text"}]},"content":{"rendered":"\n<p class=\"wp-block-paragraph\"><strong><em>Un communiqu\u00e9 de la F\u00e9d\u00e9ration des entreprises du Congo (FEC), section Lualaba, rendu public hier mardi 11 mai 2021, annonce l\u2019arriv\u00e9e du pr\u00e9sident de la R\u00e9publique, F\u00e9lix-Antoine Tshisekedi, jeudi 13 mai au chef-lieu de la province du Lualaba. Le chef de l\u2019Etat s\u2019y rend pour inaugurer l\u2019usine d\u2019acide sulfurique de l\u2019entreprise KCC.<\/em><\/strong><\/p>\n\n\n\n<p class=\"wp-block-paragraph\">Le pr\u00e9sident de la R\u00e9publique, F\u00e9lix-Antoine Tshisekedi, est attendu, ce jeudi 13 mai \u00e0 Kolwezi, dans la province du Lualaba. La journ\u00e9e de son arriv\u00e9e sur le sol lualabais a \u00e9t\u00e9 d\u00e9clar\u00e9e ch\u00f4m\u00e9e par la vice-gouverneur et gouverneur ad int\u00e9rim de cette province.<\/p>\n\n\n\n<p class=\"wp-block-paragraph\">La nouvelle a \u00e9t\u00e9 annonc\u00e9e par un communiqu\u00e9 rendu public mardi 11 mai par le pr\u00e9sident de la F\u00e9d\u00e9ration des entreprises du Congo (FEC). \u00c0 travers ce document, la FEC demande \u00e0 ses membres de mobiliser 50 \u00e0 100 de leurs salari\u00e9s pour qu\u2019ils aillent accueillir le chef de l\u2019Etat qui arrive \u00e0 Kolwezi pour l\u2019inauguration de l\u2019usine d\u2019acide sulfurique de l\u2019entreprise KCC.<\/p>\n\n\n\n<p class=\"wp-block-paragraph\"><em>\u00ab Sous la conduite de son Excellence Madame le vice-gouverneur de la Province du Lualaba et Gouverneur ad int\u00e9rim, il s\u2019est tenu une s\u00e9ance de travail ce lundi, en rapport avec l\u2019arriv\u00e9e officielle \u00e0 Kolwezi de son excellence Monsieur le Pr\u00e9sident de la R\u00e9publique, \u2026 la journ\u00e9e de jeudi 13 mai 2021 sera ch\u00f4m\u00e9e \u00e0 Kolwezi. Une mobilisation des travailleurs des entreprises est requise avec une moyenne de 50 \u00e0 100 travailleurs par entreprise munis de leur calicot \u00bb<\/em>, peut-on lire dans ce communiqu\u00e9.<\/p>\n\n\n\n<p class=\"wp-block-paragraph\"><strong><em>Tshisekedi \u00e0 Addis-Abeba<\/em><\/strong><\/p>\n\n\n\n<p class=\"wp-block-paragraph\">Apr\u00e8s avoir pris part \u00e0 l\u2019inauguration du pont route-rail devant relier la Zambie eu Bostwana, le pr\u00e9sident F\u00e9lix-Antoine Tshisekedi s\u2019est envol\u00e9 pour&nbsp;&nbsp; Addis-Abeba pour une visite de travail. Il a atterrit dans la capitale \u00e9thiopienne en milieu de nuit du mardi 11 mai.<\/p>\n\n\n\n<p class=\"wp-block-paragraph\">Pr\u00e9sident en exercice de l&rsquo;Union Africaine, F\u00e9lix Tshisekedi se rend dans la capitale \u00e9thiopienne pour cl\u00f4turer la tourn\u00e9e entam\u00e9e depuis quelques jours dans les pays concern\u00e9s par le barrage de la Renaissance \u00e9thiopienne, un grand projet int\u00e9grateur dans la sous-r\u00e9gion et dont la phase finale des travaux est actuellement en cours.<\/p>\n\n\n\n<p class=\"wp-block-paragraph\">\u00c0 ce propos, l&rsquo;Union africaine facilite, par l\u2019entremise de son pr\u00e9sident en exercice, F\u00e9lix-Antoine Tshisekedi, le dialogue entre l&rsquo;\u00c9thiopie et ses voisins l&rsquo;\u00c9gypte et le Soudan.<\/p>\n\n\n\n<p class=\"wp-block-paragraph\">Accueilli&nbsp; \u00e0&nbsp; l&rsquo;a\u00e9roport&nbsp; international&nbsp; de Bole par&nbsp; le ministre \u00e9thiopien des Eaux et de l\u2019Irrigation,&nbsp; ing\u00e9nieur Silti Silesh,&nbsp; \u00e0 la t\u00eate d&rsquo;un comit\u00e9 d&rsquo;accueil compos\u00e9, notamment&nbsp; de M. Ngandu l&rsquo;ambassadeur de la RDC en Ethiopie, la vice-ministre \u00e9thiopienne des Affaires \u00e9trang\u00e8res Britukan Ayana et des membres du Panel d&rsquo;accompagnement de la mandature du chef de l&rsquo;Etat \u00e0 l&rsquo;UA, le pr\u00e9sident F\u00e9lix-Antoine Tshisekedi sera re\u00e7u au courant de la journ\u00e9e du mardi 11 mai&nbsp; par la pr\u00e9sidente de la R\u00e9publique f\u00e9d\u00e9rale \u00e9thiopienne Saleh-Work Zewdie et le Premier ministre Abiy Ahmed en pr\u00e9sence des ministres et autres experts&nbsp; \u00e9thiopiens directement concern\u00e9s par cette question.<\/p>\n\n\n\n<p class=\"wp-block-paragraph\">Lors de toutes ces rencontres, le pr\u00e9sident de l&rsquo;Union Africaine, en sa qualit\u00e9 de facilitateur dans ce dossier, fait le plaidoyer pour une solution juste et concert\u00e9e prenant en compte les int\u00e9r\u00eats de toutes les parties.<\/p>\n\n\n\n<p class=\"wp-block-paragraph\">Au regard de l\u2019optimisme affich\u00e9 lors de premi\u00e8res \u00e9tapes, il est possible pour le pr\u00e9sident de la R\u00e9publique F\u00e9lix-Antoine Tshisekedi de r\u00e9ussir sa mission.<\/p>\n\n\n\n<p class=\"wp-block-paragraph\">Ses premiers contacts et la rencontre tripartite de Kinshasa ont r\u00e9ussi \u00e0 faire baisser la tension et \u00e0 maintenir le dialogue entre les 3 pays voisins.<\/p>\n\n\n\n<p class=\"wp-block-paragraph\">Le pr\u00e9sident en exercice de l&rsquo;Union Africaine est arriv\u00e9 \u00e0 Addis-Abeba au moment o\u00f9 s\u2019ouvre au si\u00e8ge de l&rsquo;UA la r\u00e9union de la Commission Paix et S\u00e9curit\u00e9 de l&rsquo;UA consacr\u00e9e notamment au dossier Tchadien. Une d\u00e9cision de l&rsquo;UA sur la gestion du pays apr\u00e8s la mort de son pr\u00e9sident Idriss Deby est attendue en fin de journ\u00e9e.<\/p>\n\n\n\n<p class=\"wp-block-paragraph\"><strong>St Augustin K.<\/strong>\/Lepotentiel<\/p>\n","protected":false,"gt_translate_keys":[{"key":"rendered","format":"html"}]},"excerpt":{"rendered":"<p>Un communiqu\u00e9 de la F\u00e9d\u00e9ration des entreprises du Congo (FEC), section Lualaba, rendu public hier mardi 11 mai 2021, annonce l\u2019arriv\u00e9e du pr\u00e9sident de la R\u00e9publique, F\u00e9lix-Antoine Tshisekedi, jeudi 13 mai au chef-lieu de la province du Lualaba. Le chef de l\u2019Etat s\u2019y rend pour inaugurer l\u2019usine d\u2019acide sulfurique de l\u2019entreprise KCC. Le pr\u00e9sident de la R\u00e9publique, F\u00e9lix-Antoine Tshisekedi, est attendu, ce jeudi 13 mai \u00e0 Kolwezi, dans la province du Lualaba. La journ\u00e9e de son arriv\u00e9e sur le sol lualabais a \u00e9t\u00e9 d\u00e9clar\u00e9e ch\u00f4m\u00e9e par la vice-gouverneur et gouverneur&hellip;<\/p>\n","protected":false,"gt_translate_keys":[{"key":"rendered","format":"html"}]},"author":1,"featured_media":8998,"comment_status":"open","ping_status":"open","sticky":false,"template":"","format":"standard","meta":{"_crdt_document":"","footnotes":""},"categories":[285],"tags":[7605],"class_list":["post-8993","post","type-post","status-publish","format-standard","has-post-thumbnail","hentry","category-presidence","tag-felix-tshisekedi-a-kolwezi"],"gutentor_comment":0,"yoast_head":"<!-- This site is optimized with the Yoast SEO plugin v27.5 - https:\/\/yoast.com\/product\/yoast-seo-wordpress\/ -->\n<title>RDC: F\u00e9lix Tshisekedi attendu \u00e0 Kolwezi ce jeudi, la journ\u00e9e d\u00e9clar\u00e9e ch\u00f4m\u00e9e - Actualit\u00e9s congolaises et internationales<\/title>\n<meta name=\"robots\" content=\"index, follow, max-snippet:-1, max-image-preview:large, max-video-preview:-1\" \/>\n<link rel=\"canonical\" href=\"https:\/\/congovirtuel.com\/information\/rdc-felix-tshisekedi-attendu-a-kolwezi-ce-jeudi-la-journee-declaree-chomee\/\" \/>\n<meta property=\"og:locale\" content=\"fr_FR\" \/>\n<meta property=\"og:type\" content=\"article\" \/>\n<meta property=\"og:title\" content=\"RDC: F\u00e9lix Tshisekedi attendu \u00e0 Kolwezi ce jeudi, la journ\u00e9e d\u00e9clar\u00e9e ch\u00f4m\u00e9e - Actualit\u00e9s congolaises et internationales\" \/>\n<meta property=\"og:description\" content=\"Un communiqu\u00e9 de la F\u00e9d\u00e9ration des entreprises du Congo (FEC), section Lualaba, rendu public hier mardi 11 mai 2021, annonce l\u2019arriv\u00e9e du pr\u00e9sident de la R\u00e9publique, F\u00e9lix-Antoine Tshisekedi, jeudi 13 mai au chef-lieu de la province du Lualaba. Le chef de l\u2019Etat s\u2019y rend pour inaugurer l\u2019usine d\u2019acide sulfurique de l\u2019entreprise KCC. Le pr\u00e9sident de la R\u00e9publique, F\u00e9lix-Antoine Tshisekedi, est attendu, ce jeudi 13 mai \u00e0 Kolwezi, dans la province du Lualaba. La journ\u00e9e de son arriv\u00e9e sur le sol lualabais a \u00e9t\u00e9 d\u00e9clar\u00e9e ch\u00f4m\u00e9e par la vice-gouverneur et gouverneur&hellip;\" \/>\n<meta property=\"og:url\" content=\"https:\/\/congovirtuel.com\/information\/rdc-felix-tshisekedi-attendu-a-kolwezi-ce-jeudi-la-journee-declaree-chomee\/\" \/>\n<meta property=\"og:site_name\" content=\"Actualit\u00e9s congolaises et internationales\" \/>\n<meta property=\"article:publisher\" content=\"https:\/\/web.facebook.com\/Congovirtuel-763617960319601\/?ref=aymt_homepage_panel&amp;amp%3bamp%3bamp%3bamp%3bamp%3bamp%3bamp%3bamp%3bamp%3bamp%3bamp%3beid=ARCoxULa66767kIgF_KYav6VdjXTI4yk_LW4yoVO9s6NXpysgb7Cb65vpxcxgqzOAKvIbLQxaAETcqHT\" \/>\n<meta property=\"article:published_time\" content=\"2021-05-11T21:13:00+00:00\" \/>\n<meta property=\"article:modified_time\" content=\"2021-05-11T21:14:31+00:00\" \/>\n<meta property=\"og:image\" content=\"https:\/\/congovirtuel.com\/information\/wp-content\/uploads\/2021\/05\/SKE__cbus_4943211105TSHISEKEDIATTENDUAKOLWEZI_mGlis.jpg\" \/>\n\t<meta property=\"og:image:width\" content=\"850\" \/>\n\t<meta property=\"og:image:height\" content=\"565\" \/>\n\t<meta property=\"og:image:type\" content=\"image\/jpeg\" \/>\n<meta name=\"author\" content=\"infocongovirtuel\" \/>\n<meta name=\"twitter:card\" content=\"summary_large_image\" \/>\n<meta name=\"twitter:creator\" content=\"@congovirtuel\" \/>\n<meta name=\"twitter:site\" content=\"@congovirtuel\" \/>\n<meta name=\"twitter:label1\" content=\"\u00c9crit par\" \/>\n\t<meta name=\"twitter:data1\" content=\"infocongovirtuel\" \/>\n\t<meta name=\"twitter:label2\" content=\"Dur\u00e9e de lecture estim\u00e9e\" \/>\n\t<meta name=\"twitter:data2\" content=\"3 minutes\" \/>\n<script type=\"application\/ld+json\" class=\"yoast-schema-graph\">{\"@context\":\"https:\\\/\\\/schema.org\",\"@graph\":[{\"@type\":\"Article\",\"@id\":\"https:\\\/\\\/congovirtuel.com\\\/information\\\/rdc-felix-tshisekedi-attendu-a-kolwezi-ce-jeudi-la-journee-declaree-chomee\\\/#article\",\"isPartOf\":{\"@id\":\"https:\\\/\\\/congovirtuel.com\\\/information\\\/rdc-felix-tshisekedi-attendu-a-kolwezi-ce-jeudi-la-journee-declaree-chomee\\\/\"},\"author\":{\"name\":\"infocongovirtuel\",\"@id\":\"https:\\\/\\\/congovirtuel.com\\\/information\\\/#\\\/schema\\\/person\\\/739a44bf7990966cb53d58d2fdeca0b6\"},\"headline\":\"RDC: F\u00e9lix Tshisekedi attendu \u00e0 Kolwezi ce jeudi, la journ\u00e9e d\u00e9clar\u00e9e ch\u00f4m\u00e9e\",\"datePublished\":\"2021-05-11T21:13:00+00:00\",\"dateModified\":\"2021-05-11T21:14:31+00:00\",\"mainEntityOfPage\":{\"@id\":\"https:\\\/\\\/congovirtuel.com\\\/information\\\/rdc-felix-tshisekedi-attendu-a-kolwezi-ce-jeudi-la-journee-declaree-chomee\\\/\"},\"wordCount\":720,\"commentCount\":0,\"publisher\":{\"@id\":\"https:\\\/\\\/congovirtuel.com\\\/information\\\/#organization\"},\"image\":{\"@id\":\"https:\\\/\\\/congovirtuel.com\\\/information\\\/rdc-felix-tshisekedi-attendu-a-kolwezi-ce-jeudi-la-journee-declaree-chomee\\\/#primaryimage\"},\"thumbnailUrl\":\"https:\\\/\\\/congovirtuel.com\\\/information\\\/wp-content\\\/uploads\\\/2021\\\/05\\\/SKE__cbus_4943211105TSHISEKEDIATTENDUAKOLWEZI_mGlis.jpg\",\"keywords\":[\"F\u00e9lix Tshisekedi \u00e0 Kolwezi\"],\"articleSection\":[\"Pr\u00e9sidence\"],\"inLanguage\":\"fr-FR\",\"potentialAction\":[{\"@type\":\"CommentAction\",\"name\":\"Comment\",\"target\":[\"https:\\\/\\\/congovirtuel.com\\\/information\\\/rdc-felix-tshisekedi-attendu-a-kolwezi-ce-jeudi-la-journee-declaree-chomee\\\/#respond\"]}]},{\"@type\":\"WebPage\",\"@id\":\"https:\\\/\\\/congovirtuel.com\\\/information\\\/rdc-felix-tshisekedi-attendu-a-kolwezi-ce-jeudi-la-journee-declaree-chomee\\\/\",\"url\":\"https:\\\/\\\/congovirtuel.com\\\/information\\\/rdc-felix-tshisekedi-attendu-a-kolwezi-ce-jeudi-la-journee-declaree-chomee\\\/\",\"name\":\"RDC: F\u00e9lix Tshisekedi attendu \u00e0 Kolwezi ce jeudi, la journ\u00e9e d\u00e9clar\u00e9e ch\u00f4m\u00e9e - Actualit\u00e9s congolaises et internationales\",\"isPartOf\":{\"@id\":\"https:\\\/\\\/congovirtuel.com\\\/information\\\/#website\"},\"primaryImageOfPage\":{\"@id\":\"https:\\\/\\\/congovirtuel.com\\\/information\\\/rdc-felix-tshisekedi-attendu-a-kolwezi-ce-jeudi-la-journee-declaree-chomee\\\/#primaryimage\"},\"image\":{\"@id\":\"https:\\\/\\\/congovirtuel.com\\\/information\\\/rdc-felix-tshisekedi-attendu-a-kolwezi-ce-jeudi-la-journee-declaree-chomee\\\/#primaryimage\"},\"thumbnailUrl\":\"https:\\\/\\\/congovirtuel.com\\\/information\\\/wp-content\\\/uploads\\\/2021\\\/05\\\/SKE__cbus_4943211105TSHISEKEDIATTENDUAKOLWEZI_mGlis.jpg\",\"datePublished\":\"2021-05-11T21:13:00+00:00\",\"dateModified\":\"2021-05-11T21:14:31+00:00\",\"breadcrumb\":{\"@id\":\"https:\\\/\\\/congovirtuel.com\\\/information\\\/rdc-felix-tshisekedi-attendu-a-kolwezi-ce-jeudi-la-journee-declaree-chomee\\\/#breadcrumb\"},\"inLanguage\":\"fr-FR\",\"potentialAction\":[{\"@type\":\"ReadAction\",\"target\":[\"https:\\\/\\\/congovirtuel.com\\\/information\\\/rdc-felix-tshisekedi-attendu-a-kolwezi-ce-jeudi-la-journee-declaree-chomee\\\/\"]}]},{\"@type\":\"ImageObject\",\"inLanguage\":\"fr-FR\",\"@id\":\"https:\\\/\\\/congovirtuel.com\\\/information\\\/rdc-felix-tshisekedi-attendu-a-kolwezi-ce-jeudi-la-journee-declaree-chomee\\\/#primaryimage\",\"url\":\"https:\\\/\\\/congovirtuel.com\\\/information\\\/wp-content\\\/uploads\\\/2021\\\/05\\\/SKE__cbus_4943211105TSHISEKEDIATTENDUAKOLWEZI_mGlis.jpg\",\"contentUrl\":\"https:\\\/\\\/congovirtuel.com\\\/information\\\/wp-content\\\/uploads\\\/2021\\\/05\\\/SKE__cbus_4943211105TSHISEKEDIATTENDUAKOLWEZI_mGlis.jpg\",\"width\":850,\"height\":565},{\"@type\":\"BreadcrumbList\",\"@id\":\"https:\\\/\\\/congovirtuel.com\\\/information\\\/rdc-felix-tshisekedi-attendu-a-kolwezi-ce-jeudi-la-journee-declaree-chomee\\\/#breadcrumb\",\"itemListElement\":[{\"@type\":\"ListItem\",\"position\":1,\"name\":\"Accueil\",\"item\":\"https:\\\/\\\/congovirtuel.com\\\/information\\\/\"},{\"@type\":\"ListItem\",\"position\":2,\"name\":\"RDC: F\u00e9lix Tshisekedi attendu \u00e0 Kolwezi ce jeudi, la journ\u00e9e d\u00e9clar\u00e9e ch\u00f4m\u00e9e\"}]},{\"@type\":\"WebSite\",\"@id\":\"https:\\\/\\\/congovirtuel.com\\\/information\\\/#website\",\"url\":\"https:\\\/\\\/congovirtuel.com\\\/information\\\/\",\"name\":\"Actualit\u00e9s congolaises et internationales\",\"description\":\"site d&#039;analyse et de traitement d&#039;information\",\"publisher\":{\"@id\":\"https:\\\/\\\/congovirtuel.com\\\/information\\\/#organization\"},\"potentialAction\":[{\"@type\":\"SearchAction\",\"target\":{\"@type\":\"EntryPoint\",\"urlTemplate\":\"https:\\\/\\\/congovirtuel.com\\\/information\\\/?s={search_term_string}\"},\"query-input\":{\"@type\":\"PropertyValueSpecification\",\"valueRequired\":true,\"valueName\":\"search_term_string\"}}],\"inLanguage\":\"fr-FR\"},{\"@type\":\"Organization\",\"@id\":\"https:\\\/\\\/congovirtuel.com\\\/information\\\/#organization\",\"name\":\"Biblioth\u00e8que Virtuelle de la RDC\",\"url\":\"https:\\\/\\\/congovirtuel.com\\\/information\\\/\",\"logo\":{\"@type\":\"ImageObject\",\"inLanguage\":\"fr-FR\",\"@id\":\"https:\\\/\\\/congovirtuel.com\\\/information\\\/#\\\/schema\\\/logo\\\/image\\\/\",\"url\":\"https:\\\/\\\/congovirtuel.com\\\/information\\\/wp-content\\\/uploads\\\/2018\\\/10\\\/header-info-congovirtuel-vraie.jpg\",\"contentUrl\":\"https:\\\/\\\/congovirtuel.com\\\/information\\\/wp-content\\\/uploads\\\/2018\\\/10\\\/header-info-congovirtuel-vraie.jpg\",\"width\":728,\"height\":90,\"caption\":\"Biblioth\u00e8que Virtuelle de la RDC\"},\"image\":{\"@id\":\"https:\\\/\\\/congovirtuel.com\\\/information\\\/#\\\/schema\\\/logo\\\/image\\\/\"},\"sameAs\":[\"https:\\\/\\\/web.facebook.com\\\/Congovirtuel-763617960319601\\\/?ref=aymt_homepage_panel&amp;amp;amp;amp;amp;amp;amp;amp;amp;amp;amp;eid=ARCoxULa66767kIgF_KYav6VdjXTI4yk_LW4yoVO9s6NXpysgb7Cb65vpxcxgqzOAKvIbLQxaAETcqHT\",\"https:\\\/\\\/x.com\\\/congovirtuel\",\"https:\\\/\\\/www.youtube.com\\\/channel\\\/UCkFfprYzGgS3EWNpeMXpToQ?view_as=subscriber\"]},{\"@type\":\"Person\",\"@id\":\"https:\\\/\\\/congovirtuel.com\\\/information\\\/#\\\/schema\\\/person\\\/739a44bf7990966cb53d58d2fdeca0b6\",\"name\":\"infocongovirtuel\",\"image\":{\"@type\":\"ImageObject\",\"inLanguage\":\"fr-FR\",\"@id\":\"https:\\\/\\\/secure.gravatar.com\\\/avatar\\\/4d76991aa72469f0eb22e772586c99113c6997f88da636a9db8f2ce3a2c05e69?s=96&d=mm&r=g\",\"url\":\"https:\\\/\\\/secure.gravatar.com\\\/avatar\\\/4d76991aa72469f0eb22e772586c99113c6997f88da636a9db8f2ce3a2c05e69?s=96&d=mm&r=g\",\"contentUrl\":\"https:\\\/\\\/secure.gravatar.com\\\/avatar\\\/4d76991aa72469f0eb22e772586c99113c6997f88da636a9db8f2ce3a2c05e69?s=96&d=mm&r=g\",\"caption\":\"infocongovirtuel\"},\"url\":\"https:\\\/\\\/congovirtuel.com\\\/information\\\/author\\\/infocongovirtuel\\\/\"}]}<\/script>\n<!-- \/ Yoast SEO plugin. -->","yoast_head_json":{"title":"RDC: F\u00e9lix Tshisekedi attendu \u00e0 Kolwezi ce jeudi, la journ\u00e9e d\u00e9clar\u00e9e ch\u00f4m\u00e9e - Actualit\u00e9s congolaises et internationales","robots":{"index":"index","follow":"follow","max-snippet":"max-snippet:-1","max-image-preview":"max-image-preview:large","max-video-preview":"max-video-preview:-1"},"canonical":"https:\/\/congovirtuel.com\/information\/rdc-felix-tshisekedi-attendu-a-kolwezi-ce-jeudi-la-journee-declaree-chomee\/","og_locale":"fr_FR","og_type":"article","og_title":"RDC: F\u00e9lix Tshisekedi attendu \u00e0 Kolwezi ce jeudi, la journ\u00e9e d\u00e9clar\u00e9e ch\u00f4m\u00e9e - Actualit\u00e9s congolaises et internationales","og_description":"Un communiqu\u00e9 de la F\u00e9d\u00e9ration des entreprises du Congo (FEC), section Lualaba, rendu public hier mardi 11 mai 2021, annonce l\u2019arriv\u00e9e du pr\u00e9sident de la R\u00e9publique, F\u00e9lix-Antoine Tshisekedi, jeudi 13 mai au chef-lieu de la province du Lualaba. Le chef de l\u2019Etat s\u2019y rend pour inaugurer l\u2019usine d\u2019acide sulfurique de l\u2019entreprise KCC. Le pr\u00e9sident de la R\u00e9publique, F\u00e9lix-Antoine Tshisekedi, est attendu, ce jeudi 13 mai \u00e0 Kolwezi, dans la province du Lualaba. La journ\u00e9e de son arriv\u00e9e sur le sol lualabais a \u00e9t\u00e9 d\u00e9clar\u00e9e ch\u00f4m\u00e9e par la vice-gouverneur et gouverneur&hellip;","og_url":"https:\/\/congovirtuel.com\/information\/rdc-felix-tshisekedi-attendu-a-kolwezi-ce-jeudi-la-journee-declaree-chomee\/","og_site_name":"Actualit\u00e9s congolaises et internationales","article_publisher":"https:\/\/web.facebook.com\/Congovirtuel-763617960319601\/?ref=aymt_homepage_panel&amp%3bamp%3bamp%3bamp%3bamp%3bamp%3bamp%3bamp%3bamp%3bamp%3bamp%3beid=ARCoxULa66767kIgF_KYav6VdjXTI4yk_LW4yoVO9s6NXpysgb7Cb65vpxcxgqzOAKvIbLQxaAETcqHT","article_published_time":"2021-05-11T21:13:00+00:00","article_modified_time":"2021-05-11T21:14:31+00:00","og_image":[{"width":850,"height":565,"url":"https:\/\/congovirtuel.com\/information\/wp-content\/uploads\/2021\/05\/SKE__cbus_4943211105TSHISEKEDIATTENDUAKOLWEZI_mGlis.jpg","type":"image\/jpeg"}],"author":"infocongovirtuel","twitter_card":"summary_large_image","twitter_creator":"@congovirtuel","twitter_site":"@congovirtuel","twitter_misc":{"\u00c9crit par":"infocongovirtuel","Dur\u00e9e de lecture estim\u00e9e":"3 minutes"},"schema":{"@context":"https:\/\/schema.org","@graph":[{"@type":"Article","@id":"https:\/\/congovirtuel.com\/information\/rdc-felix-tshisekedi-attendu-a-kolwezi-ce-jeudi-la-journee-declaree-chomee\/#article","isPartOf":{"@id":"https:\/\/congovirtuel.com\/information\/rdc-felix-tshisekedi-attendu-a-kolwezi-ce-jeudi-la-journee-declaree-chomee\/"},"author":{"name":"infocongovirtuel","@id":"https:\/\/congovirtuel.com\/information\/#\/schema\/person\/739a44bf7990966cb53d58d2fdeca0b6"},"headline":"RDC: F\u00e9lix Tshisekedi attendu \u00e0 Kolwezi ce jeudi, la journ\u00e9e d\u00e9clar\u00e9e ch\u00f4m\u00e9e","datePublished":"2021-05-11T21:13:00+00:00","dateModified":"2021-05-11T21:14:31+00:00","mainEntityOfPage":{"@id":"https:\/\/congovirtuel.com\/information\/rdc-felix-tshisekedi-attendu-a-kolwezi-ce-jeudi-la-journee-declaree-chomee\/"},"wordCount":720,"commentCount":0,"publisher":{"@id":"https:\/\/congovirtuel.com\/information\/#organization"},"image":{"@id":"https:\/\/congovirtuel.com\/information\/rdc-felix-tshisekedi-attendu-a-kolwezi-ce-jeudi-la-journee-declaree-chomee\/#primaryimage"},"thumbnailUrl":"https:\/\/congovirtuel.com\/information\/wp-content\/uploads\/2021\/05\/SKE__cbus_4943211105TSHISEKEDIATTENDUAKOLWEZI_mGlis.jpg","keywords":["F\u00e9lix Tshisekedi \u00e0 Kolwezi"],"articleSection":["Pr\u00e9sidence"],"inLanguage":"fr-FR","potentialAction":[{"@type":"CommentAction","name":"Comment","target":["https:\/\/congovirtuel.com\/information\/rdc-felix-tshisekedi-attendu-a-kolwezi-ce-jeudi-la-journee-declaree-chomee\/#respond"]}]},{"@type":"WebPage","@id":"https:\/\/congovirtuel.com\/information\/rdc-felix-tshisekedi-attendu-a-kolwezi-ce-jeudi-la-journee-declaree-chomee\/","url":"https:\/\/congovirtuel.com\/information\/rdc-felix-tshisekedi-attendu-a-kolwezi-ce-jeudi-la-journee-declaree-chomee\/","name":"RDC: F\u00e9lix Tshisekedi attendu \u00e0 Kolwezi ce jeudi, la journ\u00e9e d\u00e9clar\u00e9e ch\u00f4m\u00e9e - Actualit\u00e9s congolaises et internationales","isPartOf":{"@id":"https:\/\/congovirtuel.com\/information\/#website"},"primaryImageOfPage":{"@id":"https:\/\/congovirtuel.com\/information\/rdc-felix-tshisekedi-attendu-a-kolwezi-ce-jeudi-la-journee-declaree-chomee\/#primaryimage"},"image":{"@id":"https:\/\/congovirtuel.com\/information\/rdc-felix-tshisekedi-attendu-a-kolwezi-ce-jeudi-la-journee-declaree-chomee\/#primaryimage"},"thumbnailUrl":"https:\/\/congovirtuel.com\/information\/wp-content\/uploads\/2021\/05\/SKE__cbus_4943211105TSHISEKEDIATTENDUAKOLWEZI_mGlis.jpg","datePublished":"2021-05-11T21:13:00+00:00","dateModified":"2021-05-11T21:14:31+00:00","breadcrumb":{"@id":"https:\/\/congovirtuel.com\/information\/rdc-felix-tshisekedi-attendu-a-kolwezi-ce-jeudi-la-journee-declaree-chomee\/#breadcrumb"},"inLanguage":"fr-FR","potentialAction":[{"@type":"ReadAction","target":["https:\/\/congovirtuel.com\/information\/rdc-felix-tshisekedi-attendu-a-kolwezi-ce-jeudi-la-journee-declaree-chomee\/"]}]},{"@type":"ImageObject","inLanguage":"fr-FR","@id":"https:\/\/congovirtuel.com\/information\/rdc-felix-tshisekedi-attendu-a-kolwezi-ce-jeudi-la-journee-declaree-chomee\/#primaryimage","url":"https:\/\/congovirtuel.com\/information\/wp-content\/uploads\/2021\/05\/SKE__cbus_4943211105TSHISEKEDIATTENDUAKOLWEZI_mGlis.jpg","contentUrl":"https:\/\/congovirtuel.com\/information\/wp-content\/uploads\/2021\/05\/SKE__cbus_4943211105TSHISEKEDIATTENDUAKOLWEZI_mGlis.jpg","width":850,"height":565},{"@type":"BreadcrumbList","@id":"https:\/\/congovirtuel.com\/information\/rdc-felix-tshisekedi-attendu-a-kolwezi-ce-jeudi-la-journee-declaree-chomee\/#breadcrumb","itemListElement":[{"@type":"ListItem","position":1,"name":"Accueil","item":"https:\/\/congovirtuel.com\/information\/"},{"@type":"ListItem","position":2,"name":"RDC: F\u00e9lix Tshisekedi attendu \u00e0 Kolwezi ce jeudi, la journ\u00e9e d\u00e9clar\u00e9e ch\u00f4m\u00e9e"}]},{"@type":"WebSite","@id":"https:\/\/congovirtuel.com\/information\/#website","url":"https:\/\/congovirtuel.com\/information\/","name":"Actualit\u00e9s congolaises et internationales","description":"site d&#039;analyse et de traitement d&#039;information","publisher":{"@id":"https:\/\/congovirtuel.com\/information\/#organization"},"potentialAction":[{"@type":"SearchAction","target":{"@type":"EntryPoint","urlTemplate":"https:\/\/congovirtuel.com\/information\/?s={search_term_string}"},"query-input":{"@type":"PropertyValueSpecification","valueRequired":true,"valueName":"search_term_string"}}],"inLanguage":"fr-FR"},{"@type":"Organization","@id":"https:\/\/congovirtuel.com\/information\/#organization","name":"Biblioth\u00e8que Virtuelle de la RDC","url":"https:\/\/congovirtuel.com\/information\/","logo":{"@type":"ImageObject","inLanguage":"fr-FR","@id":"https:\/\/congovirtuel.com\/information\/#\/schema\/logo\/image\/","url":"https:\/\/congovirtuel.com\/information\/wp-content\/uploads\/2018\/10\/header-info-congovirtuel-vraie.jpg","contentUrl":"https:\/\/congovirtuel.com\/information\/wp-content\/uploads\/2018\/10\/header-info-congovirtuel-vraie.jpg","width":728,"height":90,"caption":"Biblioth\u00e8que Virtuelle de la RDC"},"image":{"@id":"https:\/\/congovirtuel.com\/information\/#\/schema\/logo\/image\/"},"sameAs":["https:\/\/web.facebook.com\/Congovirtuel-763617960319601\/?ref=aymt_homepage_panel&amp;amp;amp;amp;amp;amp;amp;amp;amp;amp;amp;eid=ARCoxULa66767kIgF_KYav6VdjXTI4yk_LW4yoVO9s6NXpysgb7Cb65vpxcxgqzOAKvIbLQxaAETcqHT","https:\/\/x.com\/congovirtuel","https:\/\/www.youtube.com\/channel\/UCkFfprYzGgS3EWNpeMXpToQ?view_as=subscriber"]},{"@type":"Person","@id":"https:\/\/congovirtuel.com\/information\/#\/schema\/person\/739a44bf7990966cb53d58d2fdeca0b6","name":"infocongovirtuel","image":{"@type":"ImageObject","inLanguage":"fr-FR","@id":"https:\/\/secure.gravatar.com\/avatar\/4d76991aa72469f0eb22e772586c99113c6997f88da636a9db8f2ce3a2c05e69?s=96&d=mm&r=g","url":"https:\/\/secure.gravatar.com\/avatar\/4d76991aa72469f0eb22e772586c99113c6997f88da636a9db8f2ce3a2c05e69?s=96&d=mm&r=g","contentUrl":"https:\/\/secure.gravatar.com\/avatar\/4d76991aa72469f0eb22e772586c99113c6997f88da636a9db8f2ce3a2c05e69?s=96&d=mm&r=g","caption":"infocongovirtuel"},"url":"https:\/\/congovirtuel.com\/information\/author\/infocongovirtuel\/"}]}},"gt_translate_keys":[{"key":"link","format":"url"}],"_links":{"self":[{"href":"https:\/\/congovirtuel.com\/information\/wp-json\/wp\/v2\/posts\/8993","targetHints":{"allow":["GET"]}}],"collection":[{"href":"https:\/\/congovirtuel.com\/information\/wp-json\/wp\/v2\/posts"}],"about":[{"href":"https:\/\/congovirtuel.com\/information\/wp-json\/wp\/v2\/types\/post"}],"author":[{"embeddable":true,"href":"https:\/\/congovirtuel.com\/information\/wp-json\/wp\/v2\/users\/1"}],"replies":[{"embeddable":true,"href":"https:\/\/congovirtuel.com\/information\/wp-json\/wp\/v2\/comments?post=8993"}],"version-history":[{"count":1,"href":"https:\/\/congovirtuel.com\/information\/wp-json\/wp\/v2\/posts\/8993\/revisions"}],"predecessor-version":[{"id":8996,"href":"https:\/\/congovirtuel.com\/information\/wp-json\/wp\/v2\/posts\/8993\/revisions\/8996"}],"wp:featuredmedia":[{"embeddable":true,"href":"https:\/\/congovirtuel.com\/information\/wp-json\/wp\/v2\/media\/8998"}],"wp:attachment":[{"href":"https:\/\/congovirtuel.com\/information\/wp-json\/wp\/v2\/media?parent=8993"}],"wp:term":[{"taxonomy":"category","embeddable":true,"href":"https:\/\/congovirtuel.com\/information\/wp-json\/wp\/v2\/categories?post=8993"},{"taxonomy":"post_tag","embeddable":true,"href":"https:\/\/congovirtuel.com\/information\/wp-json\/wp\/v2\/tags?post=8993"}],"curies":[{"name":"wp","href":"https:\/\/api.w.org\/{rel}","templated":true}]}}