{"id":9010,"date":"2021-05-12T03:49:57","date_gmt":"2021-05-12T02:49:57","guid":{"rendered":"https:\/\/congovirtuel.com\/information\/?p=9010"},"modified":"2021-05-12T03:50:01","modified_gmt":"2021-05-12T02:50:01","slug":"rdc-les-militaires-ougandais-sinstallent-a-beni-les-questions-sont-nombreuses-%ef%bb%bf","status":"publish","type":"post","link":"https:\/\/congovirtuel.com\/information\/rdc-les-militaires-ougandais-sinstallent-a-beni-les-questions-sont-nombreuses-%ef%bb%bf\/","title":{"rendered":"RDC: Les militaires ougandais s\u2019installent \u00e0 Beni, les questions sont nombreuses \ufeff","gt_translate_keys":[{"key":"rendered","format":"text"}]},"content":{"rendered":"\n<p class=\"wp-block-paragraph\">Une d\u00e9l\u00e9gation de l\u2019arm\u00e9e ougandaise est arriv\u00e9e dimanche apr\u00e8s-midi \u00e0 Beni (Nord-Kivu) pour mettre en place un centre de coordination des op\u00e9rations contre les terroristes ADF qui s\u00e9vissent dans la r\u00e9gion et en Ituri, la province voisine. Cette arriv\u00e9e, dont les buts ont \u00e9t\u00e9 peu \u00e9claircis, soul\u00e8ve de nombreuses questions.<\/p>\n\n\n\n<p class=\"wp-block-paragraph\">Le Nord-Kivu et l\u2019Ituri ont \u00e9t\u00e9 plac\u00e9s sous \u00e9tat de si\u00e8ge par le pr\u00e9sident F\u00e9lix Tshisekedi depuis le 6 mai et leurs gouverneurs militaires sont arriv\u00e9s \u00e0 Goma et\u00a0 Bunia hier lundi. Cette d\u00e9cisison semble essentiellement destin\u00e9e \u00e0 donner l\u2019impression que le chef de l\u2019Etat s\u2019active pour ramener la paix \u00e0 l\u2019est, comme il l\u2019a promis, mais nombreux sont ceux qui ont du mal \u00e0 lui voir des effets positifs.<\/p>\n\n\n\n<p class=\"wp-block-paragraph\">L\u2019\u00e9tat de si\u00e8ge est en effet une mesure beaucoup plus grave que l\u2019\u00e9tat d\u2019urgence. Elle suspend le gouverneur et le gouvernement provinciaux ainsi que l\u2019assembl\u00e9e provinciale et les tribunaux civils, toutes les affaires judiciaires devant d\u00e9sormais \u00eatre confi\u00e9es \u00e0 la justice militaire. Or, certains des nouveaux dirigeants des deux provinces ont un lourd pass\u00e9 en mati\u00e8re de droits de l\u2019homme.<\/p>\n\n\n\n<h2 class=\"wp-block-heading\"><strong>Que vont faire les Ougandais?<\/strong><\/h2>\n\n\n\n<p class=\"wp-block-paragraph\">A cela s\u2019ajoute l\u2019arriv\u00e9e \u00e0 Beni d\u2019une d\u00e9l\u00e9gation de l\u2019arm\u00e9e ougandaise pour installer un centre de coordination des op\u00e9rations contre les terroristes ADF, affili\u00e9s \u00e0 l\u2019Etat islamique, un groupe arm\u00e9 n\u00e9 en Ouganda et r\u00e9pandant la terreur dans le \u00ab\u00a0Grand Nord\u00a0\u00bb du Nord-Kivu depuis plusieurs ann\u00e9es. Il n\u2019est pas clair cependant si les deux arm\u00e9es organiseront des op\u00e9rations conjointes ou se contenteront de se partager des renseignements.<\/p>\n\n\n\n<p class=\"wp-block-paragraph\">Il a en effet \u00e9t\u00e9 tr\u00e8s peu communiqu\u00e9 sur cette pr\u00e9sence militaire, alors m\u00eame qu\u2019elle est dirig\u00e9e par rien de moins que le commandant en chef de l\u2019arm\u00e9e ougandaise, le g\u00e9n\u00e9ral David Muhoozi Rubakuba, 55 ans (\u00e0 ne pas confondre avec le g\u00e9n\u00e9ral Muhoozi Kainerugaba, 46 ans, fils a\u00een\u00e9 du pr\u00e9sident Yoweri Museveni).<\/p>\n\n\n\n<h2 class=\"wp-block-heading\"><strong>Le proc\u00e8s de la CIJ en cours<\/strong><\/h2>\n\n\n\n<p class=\"wp-block-paragraph\">A l\u2019instar du d\u00e9put\u00e9 UNC (le parti de Vital Kamerhe, condamn\u00e9 en 2020 \u00e0 20 ans de travaux forc\u00e9s; alli\u00e9 de Tshisekedi) du Nord-Kivu Juvenal Munubo, beaucoup de Congolais de la r\u00e9gion se souviennent du r\u00f4le n\u00e9faste de l\u2019Ouganda dans la Province orientale, notamment en Ituri, au d\u00e9but de ce si\u00e8cle. Ainsi, en juin 2000, les arm\u00e9es ougandaise et rwandaise se sont affront\u00e9es durant six jours \u00e0 l\u2019arme lourde \u00e0 Kisangani pour le contr\u00f4le des ressources congolaises, occasionnant morts et d\u00e9g\u00e2ts mat\u00e9riels importants.<br><\/p>\n\n\n\n<p class=\"wp-block-paragraph\">Kampala a, par ailleurs, \u00e9t\u00e9 reconnu coupable d\u2019exactions au Congo par la Cour internationale de Justice (CIJ) de La Haye, qui a ordonn\u00e9 que l\u2019Ouganda indemnise le Congo pour cette occupation militaire (1998-2003). Le montant des indemnisations fait actuellement l\u2019objet d\u2019un nouveau proc\u00e8s de la CIJ, avec des propositions allant de 150 millions de dollars (c\u00f4t\u00e9 ougandais) \u00e0 23 milliards de dollars (\u00e9valuation congolaise).<\/p>\n\n\n\n<h2 class=\"wp-block-heading\"><strong>Les soldats k\u00e9nyans<\/strong><\/h2>\n\n\n\n<p class=\"wp-block-paragraph\">Le flou qui r\u00e8gne sur cette d\u00e9l\u00e9gation ougandaise et ses buts accentue l\u2019impression d\u2019improvisation de l\u2019action du pr\u00e9sident Tshisekedi \u00e0 l\u2019est du pays. Elle rappelle qu\u2019en avril dernier, \u00e0 l\u2019issue d\u2019une visite de son homologue k\u00e9nyan \u00e0 Kinshasa, le chef de l\u2019Etat congolais avait \u00a0annonc\u00e9 l\u2019arriv\u00e9e de soldats k\u00e9nyans pour aider \u00e0 r\u00e9tablir la paix \u00e0 l\u2019est, ce qui avait suscit\u00e9 l\u2019inqui\u00e9tude de certains d\u00e9put\u00e9s puisqu\u2019ils auraient d\u00fb en avoir \u00e9t\u00e9 clairement inform\u00e9s et ne l\u2019avaient pas \u00e9t\u00e9. En r\u00e9alit\u00e9, il ne s\u2019agit pas d\u2019une d\u00e9cision bilat\u00e9rale, comme F\u00e9lix Tshisekedi en avait donn\u00e9 l\u2019impression, mais d\u2019un nouveau contingent pour la Monusco (Mission de l\u2019Onu au Congo), dont l\u2019arriv\u00e9e avait \u00e9t\u00e9 n\u00e9goci\u00e9e depuis longtemps \u00e0 New York.<\/p>\n\n\n\n<p class=\"wp-block-paragraph\"><strong>Par Marie-France Cros\/Afrique.Lalibre<\/strong><\/p>\n","protected":false,"gt_translate_keys":[{"key":"rendered","format":"html"}]},"excerpt":{"rendered":"<p>Une d\u00e9l\u00e9gation de l\u2019arm\u00e9e ougandaise est arriv\u00e9e dimanche apr\u00e8s-midi \u00e0 Beni (Nord-Kivu) pour mettre en place un centre de coordination des op\u00e9rations contre les terroristes ADF qui s\u00e9vissent dans la r\u00e9gion et en Ituri, la province voisine. Cette arriv\u00e9e, dont les buts ont \u00e9t\u00e9 peu \u00e9claircis, soul\u00e8ve de nombreuses questions. Le Nord-Kivu et l\u2019Ituri ont \u00e9t\u00e9 plac\u00e9s sous \u00e9tat de si\u00e8ge par le pr\u00e9sident F\u00e9lix Tshisekedi depuis le 6 mai et leurs gouverneurs militaires sont arriv\u00e9s \u00e0 Goma et\u00a0 Bunia hier lundi. Cette d\u00e9cisison semble essentiellement destin\u00e9e \u00e0 donner l\u2019impression&hellip;<\/p>\n","protected":false,"gt_translate_keys":[{"key":"rendered","format":"html"}]},"author":1,"featured_media":9012,"comment_status":"open","ping_status":"open","sticky":false,"template":"","format":"standard","meta":{"_crdt_document":"","footnotes":""},"categories":[199],"tags":[7620],"class_list":["post-9010","post","type-post","status-publish","format-standard","has-post-thumbnail","hentry","category-insecurite","tag-les-militaires-ougandais-a-beni"],"gutentor_comment":0,"yoast_head":"<!-- This site is optimized with the Yoast SEO plugin v27.5 - https:\/\/yoast.com\/product\/yoast-seo-wordpress\/ -->\n<title>RDC: Les militaires ougandais s\u2019installent \u00e0 Beni, les questions sont nombreuses \ufeff - Actualit\u00e9s congolaises et internationales<\/title>\n<meta name=\"robots\" content=\"index, follow, max-snippet:-1, max-image-preview:large, max-video-preview:-1\" \/>\n<link rel=\"canonical\" href=\"https:\/\/congovirtuel.com\/information\/rdc-les-militaires-ougandais-sinstallent-a-beni-les-questions-sont-nombreuses-\ufeff\/\" \/>\n<meta property=\"og:locale\" content=\"fr_FR\" \/>\n<meta property=\"og:type\" content=\"article\" \/>\n<meta property=\"og:title\" content=\"RDC: Les militaires ougandais s\u2019installent \u00e0 Beni, les questions sont nombreuses \ufeff - Actualit\u00e9s congolaises et internationales\" \/>\n<meta property=\"og:description\" content=\"Une d\u00e9l\u00e9gation de l\u2019arm\u00e9e ougandaise est arriv\u00e9e dimanche apr\u00e8s-midi \u00e0 Beni (Nord-Kivu) pour mettre en place un centre de coordination des op\u00e9rations contre les terroristes ADF qui s\u00e9vissent dans la r\u00e9gion et en Ituri, la province voisine. Cette arriv\u00e9e, dont les buts ont \u00e9t\u00e9 peu \u00e9claircis, soul\u00e8ve de nombreuses questions. Le Nord-Kivu et l\u2019Ituri ont \u00e9t\u00e9 plac\u00e9s sous \u00e9tat de si\u00e8ge par le pr\u00e9sident F\u00e9lix Tshisekedi depuis le 6 mai et leurs gouverneurs militaires sont arriv\u00e9s \u00e0 Goma et\u00a0 Bunia hier lundi. Cette d\u00e9cisison semble essentiellement destin\u00e9e \u00e0 donner l\u2019impression&hellip;\" \/>\n<meta property=\"og:url\" content=\"https:\/\/congovirtuel.com\/information\/rdc-les-militaires-ougandais-sinstallent-a-beni-les-questions-sont-nombreuses-\ufeff\/\" \/>\n<meta property=\"og:site_name\" content=\"Actualit\u00e9s congolaises et internationales\" \/>\n<meta property=\"article:publisher\" content=\"https:\/\/web.facebook.com\/Congovirtuel-763617960319601\/?ref=aymt_homepage_panel&amp;amp%3bamp%3bamp%3bamp%3bamp%3bamp%3bamp%3bamp%3bamp%3bamp%3bamp%3beid=ARCoxULa66767kIgF_KYav6VdjXTI4yk_LW4yoVO9s6NXpysgb7Cb65vpxcxgqzOAKvIbLQxaAETcqHT\" \/>\n<meta property=\"article:published_time\" content=\"2021-05-12T02:49:57+00:00\" \/>\n<meta property=\"article:modified_time\" content=\"2021-05-12T02:50:01+00:00\" \/>\n<meta property=\"og:image\" content=\"https:\/\/congovirtuel.com\/information\/wp-content\/uploads\/2021\/05\/Ugandans_march-690x450-1.jpg\" \/>\n\t<meta property=\"og:image:width\" content=\"690\" \/>\n\t<meta property=\"og:image:height\" content=\"450\" \/>\n\t<meta property=\"og:image:type\" content=\"image\/jpeg\" \/>\n<meta name=\"author\" content=\"infocongovirtuel\" \/>\n<meta name=\"twitter:card\" content=\"summary_large_image\" \/>\n<meta name=\"twitter:creator\" content=\"@congovirtuel\" \/>\n<meta name=\"twitter:site\" content=\"@congovirtuel\" \/>\n<meta name=\"twitter:label1\" content=\"\u00c9crit par\" \/>\n\t<meta name=\"twitter:data1\" content=\"infocongovirtuel\" \/>\n\t<meta name=\"twitter:label2\" content=\"Dur\u00e9e de lecture estim\u00e9e\" \/>\n\t<meta name=\"twitter:data2\" content=\"3 minutes\" \/>\n<script type=\"application\/ld+json\" class=\"yoast-schema-graph\">{\"@context\":\"https:\\\/\\\/schema.org\",\"@graph\":[{\"@type\":\"Article\",\"@id\":\"https:\\\/\\\/congovirtuel.com\\\/information\\\/rdc-les-militaires-ougandais-sinstallent-a-beni-les-questions-sont-nombreuses-%ef%bb%bf\\\/#article\",\"isPartOf\":{\"@id\":\"https:\\\/\\\/congovirtuel.com\\\/information\\\/rdc-les-militaires-ougandais-sinstallent-a-beni-les-questions-sont-nombreuses-%ef%bb%bf\\\/\"},\"author\":{\"name\":\"infocongovirtuel\",\"@id\":\"https:\\\/\\\/congovirtuel.com\\\/information\\\/#\\\/schema\\\/person\\\/739a44bf7990966cb53d58d2fdeca0b6\"},\"headline\":\"RDC: Les militaires ougandais s\u2019installent \u00e0 Beni, les questions sont nombreuses \ufeff\",\"datePublished\":\"2021-05-12T02:49:57+00:00\",\"dateModified\":\"2021-05-12T02:50:01+00:00\",\"mainEntityOfPage\":{\"@id\":\"https:\\\/\\\/congovirtuel.com\\\/information\\\/rdc-les-militaires-ougandais-sinstallent-a-beni-les-questions-sont-nombreuses-%ef%bb%bf\\\/\"},\"wordCount\":692,\"commentCount\":0,\"publisher\":{\"@id\":\"https:\\\/\\\/congovirtuel.com\\\/information\\\/#organization\"},\"image\":{\"@id\":\"https:\\\/\\\/congovirtuel.com\\\/information\\\/rdc-les-militaires-ougandais-sinstallent-a-beni-les-questions-sont-nombreuses-%ef%bb%bf\\\/#primaryimage\"},\"thumbnailUrl\":\"https:\\\/\\\/congovirtuel.com\\\/information\\\/wp-content\\\/uploads\\\/2021\\\/05\\\/Ugandans_march-690x450-1.jpg\",\"keywords\":[\"Les militaires Ougandais \u00e0 B\u00e9ni\"],\"articleSection\":[\"Ins\u00e9curit\u00e9\"],\"inLanguage\":\"fr-FR\",\"potentialAction\":[{\"@type\":\"CommentAction\",\"name\":\"Comment\",\"target\":[\"https:\\\/\\\/congovirtuel.com\\\/information\\\/rdc-les-militaires-ougandais-sinstallent-a-beni-les-questions-sont-nombreuses-%ef%bb%bf\\\/#respond\"]}]},{\"@type\":\"WebPage\",\"@id\":\"https:\\\/\\\/congovirtuel.com\\\/information\\\/rdc-les-militaires-ougandais-sinstallent-a-beni-les-questions-sont-nombreuses-%ef%bb%bf\\\/\",\"url\":\"https:\\\/\\\/congovirtuel.com\\\/information\\\/rdc-les-militaires-ougandais-sinstallent-a-beni-les-questions-sont-nombreuses-%ef%bb%bf\\\/\",\"name\":\"RDC: Les militaires ougandais s\u2019installent \u00e0 Beni, les questions sont nombreuses \ufeff - Actualit\u00e9s congolaises et internationales\",\"isPartOf\":{\"@id\":\"https:\\\/\\\/congovirtuel.com\\\/information\\\/#website\"},\"primaryImageOfPage\":{\"@id\":\"https:\\\/\\\/congovirtuel.com\\\/information\\\/rdc-les-militaires-ougandais-sinstallent-a-beni-les-questions-sont-nombreuses-%ef%bb%bf\\\/#primaryimage\"},\"image\":{\"@id\":\"https:\\\/\\\/congovirtuel.com\\\/information\\\/rdc-les-militaires-ougandais-sinstallent-a-beni-les-questions-sont-nombreuses-%ef%bb%bf\\\/#primaryimage\"},\"thumbnailUrl\":\"https:\\\/\\\/congovirtuel.com\\\/information\\\/wp-content\\\/uploads\\\/2021\\\/05\\\/Ugandans_march-690x450-1.jpg\",\"datePublished\":\"2021-05-12T02:49:57+00:00\",\"dateModified\":\"2021-05-12T02:50:01+00:00\",\"breadcrumb\":{\"@id\":\"https:\\\/\\\/congovirtuel.com\\\/information\\\/rdc-les-militaires-ougandais-sinstallent-a-beni-les-questions-sont-nombreuses-%ef%bb%bf\\\/#breadcrumb\"},\"inLanguage\":\"fr-FR\",\"potentialAction\":[{\"@type\":\"ReadAction\",\"target\":[\"https:\\\/\\\/congovirtuel.com\\\/information\\\/rdc-les-militaires-ougandais-sinstallent-a-beni-les-questions-sont-nombreuses-%ef%bb%bf\\\/\"]}]},{\"@type\":\"ImageObject\",\"inLanguage\":\"fr-FR\",\"@id\":\"https:\\\/\\\/congovirtuel.com\\\/information\\\/rdc-les-militaires-ougandais-sinstallent-a-beni-les-questions-sont-nombreuses-%ef%bb%bf\\\/#primaryimage\",\"url\":\"https:\\\/\\\/congovirtuel.com\\\/information\\\/wp-content\\\/uploads\\\/2021\\\/05\\\/Ugandans_march-690x450-1.jpg\",\"contentUrl\":\"https:\\\/\\\/congovirtuel.com\\\/information\\\/wp-content\\\/uploads\\\/2021\\\/05\\\/Ugandans_march-690x450-1.jpg\",\"width\":690,\"height\":450,\"caption\":\"Uganda army soldiers walk single file back from their barracks after a lunch break to begin another session of a land navigation course taught by U.S. Army Soldiers from 3rd Platoon, Delta Company, 1st Battalion, 3rd Infantry Regiment on a forward operating location in Kasenyi, Uganda, Feb. 12, 2008. The Ugandan soldiers are tasked with finding five markers in the field using only a compass and a map. (U.S. Air Force photo by Tech. Sgt. Jeremy T. Lock) (Released)\"},{\"@type\":\"BreadcrumbList\",\"@id\":\"https:\\\/\\\/congovirtuel.com\\\/information\\\/rdc-les-militaires-ougandais-sinstallent-a-beni-les-questions-sont-nombreuses-%ef%bb%bf\\\/#breadcrumb\",\"itemListElement\":[{\"@type\":\"ListItem\",\"position\":1,\"name\":\"Accueil\",\"item\":\"https:\\\/\\\/congovirtuel.com\\\/information\\\/\"},{\"@type\":\"ListItem\",\"position\":2,\"name\":\"RDC: Les militaires ougandais s\u2019installent \u00e0 Beni, les questions sont nombreuses \ufeff\"}]},{\"@type\":\"WebSite\",\"@id\":\"https:\\\/\\\/congovirtuel.com\\\/information\\\/#website\",\"url\":\"https:\\\/\\\/congovirtuel.com\\\/information\\\/\",\"name\":\"Actualit\u00e9s congolaises et internationales\",\"description\":\"site d&#039;analyse et de traitement d&#039;information\",\"publisher\":{\"@id\":\"https:\\\/\\\/congovirtuel.com\\\/information\\\/#organization\"},\"potentialAction\":[{\"@type\":\"SearchAction\",\"target\":{\"@type\":\"EntryPoint\",\"urlTemplate\":\"https:\\\/\\\/congovirtuel.com\\\/information\\\/?s={search_term_string}\"},\"query-input\":{\"@type\":\"PropertyValueSpecification\",\"valueRequired\":true,\"valueName\":\"search_term_string\"}}],\"inLanguage\":\"fr-FR\"},{\"@type\":\"Organization\",\"@id\":\"https:\\\/\\\/congovirtuel.com\\\/information\\\/#organization\",\"name\":\"Biblioth\u00e8que Virtuelle de la RDC\",\"url\":\"https:\\\/\\\/congovirtuel.com\\\/information\\\/\",\"logo\":{\"@type\":\"ImageObject\",\"inLanguage\":\"fr-FR\",\"@id\":\"https:\\\/\\\/congovirtuel.com\\\/information\\\/#\\\/schema\\\/logo\\\/image\\\/\",\"url\":\"https:\\\/\\\/congovirtuel.com\\\/information\\\/wp-content\\\/uploads\\\/2018\\\/10\\\/header-info-congovirtuel-vraie.jpg\",\"contentUrl\":\"https:\\\/\\\/congovirtuel.com\\\/information\\\/wp-content\\\/uploads\\\/2018\\\/10\\\/header-info-congovirtuel-vraie.jpg\",\"width\":728,\"height\":90,\"caption\":\"Biblioth\u00e8que Virtuelle de la RDC\"},\"image\":{\"@id\":\"https:\\\/\\\/congovirtuel.com\\\/information\\\/#\\\/schema\\\/logo\\\/image\\\/\"},\"sameAs\":[\"https:\\\/\\\/web.facebook.com\\\/Congovirtuel-763617960319601\\\/?ref=aymt_homepage_panel&amp;amp;amp;amp;amp;amp;amp;amp;amp;amp;amp;eid=ARCoxULa66767kIgF_KYav6VdjXTI4yk_LW4yoVO9s6NXpysgb7Cb65vpxcxgqzOAKvIbLQxaAETcqHT\",\"https:\\\/\\\/x.com\\\/congovirtuel\",\"https:\\\/\\\/www.youtube.com\\\/channel\\\/UCkFfprYzGgS3EWNpeMXpToQ?view_as=subscriber\"]},{\"@type\":\"Person\",\"@id\":\"https:\\\/\\\/congovirtuel.com\\\/information\\\/#\\\/schema\\\/person\\\/739a44bf7990966cb53d58d2fdeca0b6\",\"name\":\"infocongovirtuel\",\"image\":{\"@type\":\"ImageObject\",\"inLanguage\":\"fr-FR\",\"@id\":\"https:\\\/\\\/secure.gravatar.com\\\/avatar\\\/4d76991aa72469f0eb22e772586c99113c6997f88da636a9db8f2ce3a2c05e69?s=96&d=mm&r=g\",\"url\":\"https:\\\/\\\/secure.gravatar.com\\\/avatar\\\/4d76991aa72469f0eb22e772586c99113c6997f88da636a9db8f2ce3a2c05e69?s=96&d=mm&r=g\",\"contentUrl\":\"https:\\\/\\\/secure.gravatar.com\\\/avatar\\\/4d76991aa72469f0eb22e772586c99113c6997f88da636a9db8f2ce3a2c05e69?s=96&d=mm&r=g\",\"caption\":\"infocongovirtuel\"},\"url\":\"https:\\\/\\\/congovirtuel.com\\\/information\\\/author\\\/infocongovirtuel\\\/\"}]}<\/script>\n<!-- \/ Yoast SEO plugin. -->","yoast_head_json":{"title":"RDC: Les militaires ougandais s\u2019installent \u00e0 Beni, les questions sont nombreuses \ufeff - Actualit\u00e9s congolaises et internationales","robots":{"index":"index","follow":"follow","max-snippet":"max-snippet:-1","max-image-preview":"max-image-preview:large","max-video-preview":"max-video-preview:-1"},"canonical":"https:\/\/congovirtuel.com\/information\/rdc-les-militaires-ougandais-sinstallent-a-beni-les-questions-sont-nombreuses-\ufeff\/","og_locale":"fr_FR","og_type":"article","og_title":"RDC: Les militaires ougandais s\u2019installent \u00e0 Beni, les questions sont nombreuses \ufeff - Actualit\u00e9s congolaises et internationales","og_description":"Une d\u00e9l\u00e9gation de l\u2019arm\u00e9e ougandaise est arriv\u00e9e dimanche apr\u00e8s-midi \u00e0 Beni (Nord-Kivu) pour mettre en place un centre de coordination des op\u00e9rations contre les terroristes ADF qui s\u00e9vissent dans la r\u00e9gion et en Ituri, la province voisine. Cette arriv\u00e9e, dont les buts ont \u00e9t\u00e9 peu \u00e9claircis, soul\u00e8ve de nombreuses questions. Le Nord-Kivu et l\u2019Ituri ont \u00e9t\u00e9 plac\u00e9s sous \u00e9tat de si\u00e8ge par le pr\u00e9sident F\u00e9lix Tshisekedi depuis le 6 mai et leurs gouverneurs militaires sont arriv\u00e9s \u00e0 Goma et\u00a0 Bunia hier lundi. Cette d\u00e9cisison semble essentiellement destin\u00e9e \u00e0 donner l\u2019impression&hellip;","og_url":"https:\/\/congovirtuel.com\/information\/rdc-les-militaires-ougandais-sinstallent-a-beni-les-questions-sont-nombreuses-\ufeff\/","og_site_name":"Actualit\u00e9s congolaises et internationales","article_publisher":"https:\/\/web.facebook.com\/Congovirtuel-763617960319601\/?ref=aymt_homepage_panel&amp%3bamp%3bamp%3bamp%3bamp%3bamp%3bamp%3bamp%3bamp%3bamp%3bamp%3beid=ARCoxULa66767kIgF_KYav6VdjXTI4yk_LW4yoVO9s6NXpysgb7Cb65vpxcxgqzOAKvIbLQxaAETcqHT","article_published_time":"2021-05-12T02:49:57+00:00","article_modified_time":"2021-05-12T02:50:01+00:00","og_image":[{"width":690,"height":450,"url":"https:\/\/congovirtuel.com\/information\/wp-content\/uploads\/2021\/05\/Ugandans_march-690x450-1.jpg","type":"image\/jpeg"}],"author":"infocongovirtuel","twitter_card":"summary_large_image","twitter_creator":"@congovirtuel","twitter_site":"@congovirtuel","twitter_misc":{"\u00c9crit par":"infocongovirtuel","Dur\u00e9e de lecture estim\u00e9e":"3 minutes"},"schema":{"@context":"https:\/\/schema.org","@graph":[{"@type":"Article","@id":"https:\/\/congovirtuel.com\/information\/rdc-les-militaires-ougandais-sinstallent-a-beni-les-questions-sont-nombreuses-%ef%bb%bf\/#article","isPartOf":{"@id":"https:\/\/congovirtuel.com\/information\/rdc-les-militaires-ougandais-sinstallent-a-beni-les-questions-sont-nombreuses-%ef%bb%bf\/"},"author":{"name":"infocongovirtuel","@id":"https:\/\/congovirtuel.com\/information\/#\/schema\/person\/739a44bf7990966cb53d58d2fdeca0b6"},"headline":"RDC: Les militaires ougandais s\u2019installent \u00e0 Beni, les questions sont nombreuses \ufeff","datePublished":"2021-05-12T02:49:57+00:00","dateModified":"2021-05-12T02:50:01+00:00","mainEntityOfPage":{"@id":"https:\/\/congovirtuel.com\/information\/rdc-les-militaires-ougandais-sinstallent-a-beni-les-questions-sont-nombreuses-%ef%bb%bf\/"},"wordCount":692,"commentCount":0,"publisher":{"@id":"https:\/\/congovirtuel.com\/information\/#organization"},"image":{"@id":"https:\/\/congovirtuel.com\/information\/rdc-les-militaires-ougandais-sinstallent-a-beni-les-questions-sont-nombreuses-%ef%bb%bf\/#primaryimage"},"thumbnailUrl":"https:\/\/congovirtuel.com\/information\/wp-content\/uploads\/2021\/05\/Ugandans_march-690x450-1.jpg","keywords":["Les militaires Ougandais \u00e0 B\u00e9ni"],"articleSection":["Ins\u00e9curit\u00e9"],"inLanguage":"fr-FR","potentialAction":[{"@type":"CommentAction","name":"Comment","target":["https:\/\/congovirtuel.com\/information\/rdc-les-militaires-ougandais-sinstallent-a-beni-les-questions-sont-nombreuses-%ef%bb%bf\/#respond"]}]},{"@type":"WebPage","@id":"https:\/\/congovirtuel.com\/information\/rdc-les-militaires-ougandais-sinstallent-a-beni-les-questions-sont-nombreuses-%ef%bb%bf\/","url":"https:\/\/congovirtuel.com\/information\/rdc-les-militaires-ougandais-sinstallent-a-beni-les-questions-sont-nombreuses-%ef%bb%bf\/","name":"RDC: Les militaires ougandais s\u2019installent \u00e0 Beni, les questions sont nombreuses \ufeff - Actualit\u00e9s congolaises et internationales","isPartOf":{"@id":"https:\/\/congovirtuel.com\/information\/#website"},"primaryImageOfPage":{"@id":"https:\/\/congovirtuel.com\/information\/rdc-les-militaires-ougandais-sinstallent-a-beni-les-questions-sont-nombreuses-%ef%bb%bf\/#primaryimage"},"image":{"@id":"https:\/\/congovirtuel.com\/information\/rdc-les-militaires-ougandais-sinstallent-a-beni-les-questions-sont-nombreuses-%ef%bb%bf\/#primaryimage"},"thumbnailUrl":"https:\/\/congovirtuel.com\/information\/wp-content\/uploads\/2021\/05\/Ugandans_march-690x450-1.jpg","datePublished":"2021-05-12T02:49:57+00:00","dateModified":"2021-05-12T02:50:01+00:00","breadcrumb":{"@id":"https:\/\/congovirtuel.com\/information\/rdc-les-militaires-ougandais-sinstallent-a-beni-les-questions-sont-nombreuses-%ef%bb%bf\/#breadcrumb"},"inLanguage":"fr-FR","potentialAction":[{"@type":"ReadAction","target":["https:\/\/congovirtuel.com\/information\/rdc-les-militaires-ougandais-sinstallent-a-beni-les-questions-sont-nombreuses-%ef%bb%bf\/"]}]},{"@type":"ImageObject","inLanguage":"fr-FR","@id":"https:\/\/congovirtuel.com\/information\/rdc-les-militaires-ougandais-sinstallent-a-beni-les-questions-sont-nombreuses-%ef%bb%bf\/#primaryimage","url":"https:\/\/congovirtuel.com\/information\/wp-content\/uploads\/2021\/05\/Ugandans_march-690x450-1.jpg","contentUrl":"https:\/\/congovirtuel.com\/information\/wp-content\/uploads\/2021\/05\/Ugandans_march-690x450-1.jpg","width":690,"height":450,"caption":"Uganda army soldiers walk single file back from their barracks after a lunch break to begin another session of a land navigation course taught by U.S. Army Soldiers from 3rd Platoon, Delta Company, 1st Battalion, 3rd Infantry Regiment on a forward operating location in Kasenyi, Uganda, Feb. 12, 2008. The Ugandan soldiers are tasked with finding five markers in the field using only a compass and a map. (U.S. Air Force photo by Tech. Sgt. Jeremy T. Lock) (Released)"},{"@type":"BreadcrumbList","@id":"https:\/\/congovirtuel.com\/information\/rdc-les-militaires-ougandais-sinstallent-a-beni-les-questions-sont-nombreuses-%ef%bb%bf\/#breadcrumb","itemListElement":[{"@type":"ListItem","position":1,"name":"Accueil","item":"https:\/\/congovirtuel.com\/information\/"},{"@type":"ListItem","position":2,"name":"RDC: Les militaires ougandais s\u2019installent \u00e0 Beni, les questions sont nombreuses \ufeff"}]},{"@type":"WebSite","@id":"https:\/\/congovirtuel.com\/information\/#website","url":"https:\/\/congovirtuel.com\/information\/","name":"Actualit\u00e9s congolaises et internationales","description":"site d&#039;analyse et de traitement d&#039;information","publisher":{"@id":"https:\/\/congovirtuel.com\/information\/#organization"},"potentialAction":[{"@type":"SearchAction","target":{"@type":"EntryPoint","urlTemplate":"https:\/\/congovirtuel.com\/information\/?s={search_term_string}"},"query-input":{"@type":"PropertyValueSpecification","valueRequired":true,"valueName":"search_term_string"}}],"inLanguage":"fr-FR"},{"@type":"Organization","@id":"https:\/\/congovirtuel.com\/information\/#organization","name":"Biblioth\u00e8que Virtuelle de la RDC","url":"https:\/\/congovirtuel.com\/information\/","logo":{"@type":"ImageObject","inLanguage":"fr-FR","@id":"https:\/\/congovirtuel.com\/information\/#\/schema\/logo\/image\/","url":"https:\/\/congovirtuel.com\/information\/wp-content\/uploads\/2018\/10\/header-info-congovirtuel-vraie.jpg","contentUrl":"https:\/\/congovirtuel.com\/information\/wp-content\/uploads\/2018\/10\/header-info-congovirtuel-vraie.jpg","width":728,"height":90,"caption":"Biblioth\u00e8que Virtuelle de la RDC"},"image":{"@id":"https:\/\/congovirtuel.com\/information\/#\/schema\/logo\/image\/"},"sameAs":["https:\/\/web.facebook.com\/Congovirtuel-763617960319601\/?ref=aymt_homepage_panel&amp;amp;amp;amp;amp;amp;amp;amp;amp;amp;amp;eid=ARCoxULa66767kIgF_KYav6VdjXTI4yk_LW4yoVO9s6NXpysgb7Cb65vpxcxgqzOAKvIbLQxaAETcqHT","https:\/\/x.com\/congovirtuel","https:\/\/www.youtube.com\/channel\/UCkFfprYzGgS3EWNpeMXpToQ?view_as=subscriber"]},{"@type":"Person","@id":"https:\/\/congovirtuel.com\/information\/#\/schema\/person\/739a44bf7990966cb53d58d2fdeca0b6","name":"infocongovirtuel","image":{"@type":"ImageObject","inLanguage":"fr-FR","@id":"https:\/\/secure.gravatar.com\/avatar\/4d76991aa72469f0eb22e772586c99113c6997f88da636a9db8f2ce3a2c05e69?s=96&d=mm&r=g","url":"https:\/\/secure.gravatar.com\/avatar\/4d76991aa72469f0eb22e772586c99113c6997f88da636a9db8f2ce3a2c05e69?s=96&d=mm&r=g","contentUrl":"https:\/\/secure.gravatar.com\/avatar\/4d76991aa72469f0eb22e772586c99113c6997f88da636a9db8f2ce3a2c05e69?s=96&d=mm&r=g","caption":"infocongovirtuel"},"url":"https:\/\/congovirtuel.com\/information\/author\/infocongovirtuel\/"}]}},"gt_translate_keys":[{"key":"link","format":"url"}],"_links":{"self":[{"href":"https:\/\/congovirtuel.com\/information\/wp-json\/wp\/v2\/posts\/9010","targetHints":{"allow":["GET"]}}],"collection":[{"href":"https:\/\/congovirtuel.com\/information\/wp-json\/wp\/v2\/posts"}],"about":[{"href":"https:\/\/congovirtuel.com\/information\/wp-json\/wp\/v2\/types\/post"}],"author":[{"embeddable":true,"href":"https:\/\/congovirtuel.com\/information\/wp-json\/wp\/v2\/users\/1"}],"replies":[{"embeddable":true,"href":"https:\/\/congovirtuel.com\/information\/wp-json\/wp\/v2\/comments?post=9010"}],"version-history":[{"count":1,"href":"https:\/\/congovirtuel.com\/information\/wp-json\/wp\/v2\/posts\/9010\/revisions"}],"predecessor-version":[{"id":9013,"href":"https:\/\/congovirtuel.com\/information\/wp-json\/wp\/v2\/posts\/9010\/revisions\/9013"}],"wp:featuredmedia":[{"embeddable":true,"href":"https:\/\/congovirtuel.com\/information\/wp-json\/wp\/v2\/media\/9012"}],"wp:attachment":[{"href":"https:\/\/congovirtuel.com\/information\/wp-json\/wp\/v2\/media?parent=9010"}],"wp:term":[{"taxonomy":"category","embeddable":true,"href":"https:\/\/congovirtuel.com\/information\/wp-json\/wp\/v2\/categories?post=9010"},{"taxonomy":"post_tag","embeddable":true,"href":"https:\/\/congovirtuel.com\/information\/wp-json\/wp\/v2\/tags?post=9010"}],"curies":[{"name":"wp","href":"https:\/\/api.w.org\/{rel}","templated":true}]}}