{"id":9038,"date":"2021-05-12T13:14:24","date_gmt":"2021-05-12T12:14:24","guid":{"rendered":"https:\/\/congovirtuel.com\/information\/?p=9038"},"modified":"2021-05-12T13:14:29","modified_gmt":"2021-05-12T12:14:29","slug":"rdc-etat-de-siege-a-lest-la-chambre-des-mines-aux-aguets","status":"publish","type":"post","link":"https:\/\/congovirtuel.com\/information\/rdc-etat-de-siege-a-lest-la-chambre-des-mines-aux-aguets\/","title":{"rendered":"RDC: Etat de si\u00e8ge \u00e0 l&rsquo;Est, la chambre des mines aux aguets","gt_translate_keys":[{"key":"rendered","format":"text"}]},"content":{"rendered":"\n<p class=\"wp-block-paragraph\">Les probl\u00e8mes dans les mines de l&rsquo;est de la RDC \u00e9tant r\u00e9guli\u00e8rement li\u00e9s aux forces arm\u00e9es, la nomination de gouvernements militaires \u00e0 la t\u00eate des deux provinces congolaises inqui\u00e8te.<\/p>\n\n\n\n<p class=\"wp-block-paragraph\">Le remplacement des gouvernements civils par des autorit\u00e9s militaires le 3 mai au Nord-Kivu et en Ituri, \u00e0 la suite de la d\u00e9claration d&rsquo;\u00e9tat de si\u00e8ge dans ces provinces de l&rsquo;est de la RDC par le pr\u00e9sident F\u00e9lix Tshisekedi, pr\u00e9occupe les chambres des mines et soci\u00e9t\u00e9s civiles locales. Alors que les violences et activit\u00e9s ill\u00e9gales sur les sites miniers des deux provinces sont souvent li\u00e9es \u00e0 la pr\u00e9sence de membres des Forces arm\u00e9es de la R\u00e9publique d\u00e9mocratique du Congo (FARDC) ou de groupes rebelles, elles esp\u00e8rent que la nouvelle situation n&rsquo;exacerbera pas les tensions sur le terrain.<\/p>\n\n\n\n<h2 class=\"wp-block-heading\"><strong>Craintes au sujet des normes de tra\u00e7abilit\u00e9 et de responsabilit\u00e9<\/strong><\/h2>\n\n\n\n<p class=\"wp-block-paragraph\">C&rsquo;est aussi la relation avec les acheteurs des minerais extraits dans l&rsquo;est de la RDC &#8211; principalement les \u00ab\u00a03T\u00a0\u00bb (\u00e9tain, tantale, tungst\u00e8ne) et l&rsquo;or -, qui fait l&rsquo;objet de craintes. Les acqu\u00e9reurs sont de plus en plus exigeants quant au respect des r\u00e8gles de tra\u00e7abilit\u00e9 et de responsabilit\u00e9, souvent indispensables pour revendre ensuite leurs stocks \u00e0 l&rsquo;\u00e9tranger \u00e0 des consommateurs finaux (industriels de la t\u00e9l\u00e9phonie et de l&rsquo;\u00e9lectronique, joaillers, etc.). <\/p>\n\n\n\n<p class=\"wp-block-paragraph\">Or, l&rsquo;une des normes &#8211; internationale, mais aussi locale\u00a0 &#8211; est l&rsquo;absence de forces de l&rsquo;ordre et militaires sur les p\u00e9rim\u00e8tres miniers, ce \u00e0 quoi les chambres des mines et organisations de la soci\u00e9t\u00e9 civile comptent faire attention. De plus, la nomination de deux g\u00e9n\u00e9raux ayant fait partie de groupes rebelles \u00e0 la t\u00eate des provinces, Luboya Nkashama au Nord-Kivu, Constant Ndima Kongba en Ituri, pourrait \u00eatre accueillie avec perplexit\u00e9 \u00e0 l&rsquo;\u00e9tranger.<\/p>\n\n\n\n<p class=\"wp-block-paragraph\">L&rsquo;inqui\u00e9tude est \u00e9galement due au manque de visibilit\u00e9 sur la gestion publique du secteur minier durant l&rsquo;\u00e9tat de si\u00e8ge. Quelques jours encore apr\u00e8s la nomination de Nkashama et Ndima Kongba, les noms des membres des gouvernements devant les appuyer n&rsquo;\u00e9taient pas connus. Il n&rsquo;\u00e9tait pas possible de savoir si des civils ou des militaires seraient d\u00e9sign\u00e9s comme ministres provinciaux des mines. De m\u00eame, il n&rsquo;\u00e9tait pas encore s\u00fbr que les chefs des divisions provinciales des mines, repr\u00e9sentants du gouvernement central en r\u00e9gion, allaient \u00eatre suspendus ou non.<\/p>\n\n\n\n<p class=\"wp-block-paragraph\">&nbsp;<strong>Africa Intelligence<\/strong><\/p>\n","protected":false,"gt_translate_keys":[{"key":"rendered","format":"html"}]},"excerpt":{"rendered":"<p>Les probl\u00e8mes dans les mines de l&rsquo;est de la RDC \u00e9tant r\u00e9guli\u00e8rement li\u00e9s aux forces arm\u00e9es, la nomination de gouvernements militaires \u00e0 la t\u00eate des deux provinces congolaises inqui\u00e8te. Le remplacement des gouvernements civils par des autorit\u00e9s militaires le 3 mai au Nord-Kivu et en Ituri, \u00e0 la suite de la d\u00e9claration d&rsquo;\u00e9tat de si\u00e8ge dans ces provinces de l&rsquo;est de la RDC par le pr\u00e9sident F\u00e9lix Tshisekedi, pr\u00e9occupe les chambres des mines et soci\u00e9t\u00e9s civiles locales. Alors que les violences et activit\u00e9s ill\u00e9gales sur les sites miniers des deux&hellip;<\/p>\n","protected":false,"gt_translate_keys":[{"key":"rendered","format":"html"}]},"author":1,"featured_media":9040,"comment_status":"open","ping_status":"open","sticky":false,"template":"","format":"standard","meta":{"_crdt_document":"","footnotes":""},"categories":[372],"tags":[7636],"class_list":["post-9038","post","type-post","status-publish","format-standard","has-post-thumbnail","hentry","category-minerais","tag-chambre-des-mines-rdc"],"gutentor_comment":0,"yoast_head":"<!-- This site is optimized with the Yoast SEO plugin v27.5 - https:\/\/yoast.com\/product\/yoast-seo-wordpress\/ -->\n<title>RDC: Etat de si\u00e8ge \u00e0 l&#039;Est, la chambre des mines aux aguets - Actualit\u00e9s congolaises et internationales<\/title>\n<meta name=\"robots\" content=\"index, follow, max-snippet:-1, max-image-preview:large, max-video-preview:-1\" \/>\n<link rel=\"canonical\" href=\"https:\/\/congovirtuel.com\/information\/rdc-etat-de-siege-a-lest-la-chambre-des-mines-aux-aguets\/\" \/>\n<meta property=\"og:locale\" content=\"fr_FR\" \/>\n<meta property=\"og:type\" content=\"article\" \/>\n<meta property=\"og:title\" content=\"RDC: Etat de si\u00e8ge \u00e0 l&#039;Est, la chambre des mines aux aguets - Actualit\u00e9s congolaises et internationales\" \/>\n<meta property=\"og:description\" content=\"Les probl\u00e8mes dans les mines de l&rsquo;est de la RDC \u00e9tant r\u00e9guli\u00e8rement li\u00e9s aux forces arm\u00e9es, la nomination de gouvernements militaires \u00e0 la t\u00eate des deux provinces congolaises inqui\u00e8te. Le remplacement des gouvernements civils par des autorit\u00e9s militaires le 3 mai au Nord-Kivu et en Ituri, \u00e0 la suite de la d\u00e9claration d&rsquo;\u00e9tat de si\u00e8ge dans ces provinces de l&rsquo;est de la RDC par le pr\u00e9sident F\u00e9lix Tshisekedi, pr\u00e9occupe les chambres des mines et soci\u00e9t\u00e9s civiles locales. Alors que les violences et activit\u00e9s ill\u00e9gales sur les sites miniers des deux&hellip;\" \/>\n<meta property=\"og:url\" content=\"https:\/\/congovirtuel.com\/information\/rdc-etat-de-siege-a-lest-la-chambre-des-mines-aux-aguets\/\" \/>\n<meta property=\"og:site_name\" content=\"Actualit\u00e9s congolaises et internationales\" \/>\n<meta property=\"article:publisher\" content=\"https:\/\/web.facebook.com\/Congovirtuel-763617960319601\/?ref=aymt_homepage_panel&amp;amp%3bamp%3bamp%3bamp%3bamp%3bamp%3bamp%3bamp%3bamp%3bamp%3bamp%3beid=ARCoxULa66767kIgF_KYav6VdjXTI4yk_LW4yoVO9s6NXpysgb7Cb65vpxcxgqzOAKvIbLQxaAETcqHT\" \/>\n<meta property=\"article:published_time\" content=\"2021-05-12T12:14:24+00:00\" \/>\n<meta property=\"article:modified_time\" content=\"2021-05-12T12:14:29+00:00\" \/>\n<meta property=\"og:image\" content=\"https:\/\/congovirtuel.com\/information\/wp-content\/uploads\/2021\/05\/chambre_des_mines_rdc-1200-x-678.jpg\" \/>\n\t<meta property=\"og:image:width\" content=\"1200\" \/>\n\t<meta property=\"og:image:height\" content=\"678\" \/>\n\t<meta property=\"og:image:type\" content=\"image\/jpeg\" \/>\n<meta name=\"author\" content=\"infocongovirtuel\" \/>\n<meta name=\"twitter:card\" content=\"summary_large_image\" \/>\n<meta name=\"twitter:creator\" content=\"@congovirtuel\" \/>\n<meta name=\"twitter:site\" content=\"@congovirtuel\" \/>\n<meta name=\"twitter:label1\" content=\"\u00c9crit par\" \/>\n\t<meta name=\"twitter:data1\" content=\"infocongovirtuel\" \/>\n\t<meta name=\"twitter:label2\" content=\"Dur\u00e9e de lecture estim\u00e9e\" \/>\n\t<meta name=\"twitter:data2\" content=\"2 minutes\" \/>\n<script type=\"application\/ld+json\" class=\"yoast-schema-graph\">{\"@context\":\"https:\\\/\\\/schema.org\",\"@graph\":[{\"@type\":\"Article\",\"@id\":\"https:\\\/\\\/congovirtuel.com\\\/information\\\/rdc-etat-de-siege-a-lest-la-chambre-des-mines-aux-aguets\\\/#article\",\"isPartOf\":{\"@id\":\"https:\\\/\\\/congovirtuel.com\\\/information\\\/rdc-etat-de-siege-a-lest-la-chambre-des-mines-aux-aguets\\\/\"},\"author\":{\"name\":\"infocongovirtuel\",\"@id\":\"https:\\\/\\\/congovirtuel.com\\\/information\\\/#\\\/schema\\\/person\\\/739a44bf7990966cb53d58d2fdeca0b6\"},\"headline\":\"RDC: Etat de si\u00e8ge \u00e0 l&rsquo;Est, la chambre des mines aux aguets\",\"datePublished\":\"2021-05-12T12:14:24+00:00\",\"dateModified\":\"2021-05-12T12:14:29+00:00\",\"mainEntityOfPage\":{\"@id\":\"https:\\\/\\\/congovirtuel.com\\\/information\\\/rdc-etat-de-siege-a-lest-la-chambre-des-mines-aux-aguets\\\/\"},\"wordCount\":436,\"commentCount\":0,\"publisher\":{\"@id\":\"https:\\\/\\\/congovirtuel.com\\\/information\\\/#organization\"},\"image\":{\"@id\":\"https:\\\/\\\/congovirtuel.com\\\/information\\\/rdc-etat-de-siege-a-lest-la-chambre-des-mines-aux-aguets\\\/#primaryimage\"},\"thumbnailUrl\":\"https:\\\/\\\/congovirtuel.com\\\/information\\\/wp-content\\\/uploads\\\/2021\\\/05\\\/chambre_des_mines_rdc-1200-x-678.jpg\",\"keywords\":[\"chambre des mines rdc\"],\"articleSection\":[\"Minerais\"],\"inLanguage\":\"fr-FR\",\"potentialAction\":[{\"@type\":\"CommentAction\",\"name\":\"Comment\",\"target\":[\"https:\\\/\\\/congovirtuel.com\\\/information\\\/rdc-etat-de-siege-a-lest-la-chambre-des-mines-aux-aguets\\\/#respond\"]}]},{\"@type\":\"WebPage\",\"@id\":\"https:\\\/\\\/congovirtuel.com\\\/information\\\/rdc-etat-de-siege-a-lest-la-chambre-des-mines-aux-aguets\\\/\",\"url\":\"https:\\\/\\\/congovirtuel.com\\\/information\\\/rdc-etat-de-siege-a-lest-la-chambre-des-mines-aux-aguets\\\/\",\"name\":\"RDC: Etat de si\u00e8ge \u00e0 l'Est, la chambre des mines aux aguets - Actualit\u00e9s congolaises et internationales\",\"isPartOf\":{\"@id\":\"https:\\\/\\\/congovirtuel.com\\\/information\\\/#website\"},\"primaryImageOfPage\":{\"@id\":\"https:\\\/\\\/congovirtuel.com\\\/information\\\/rdc-etat-de-siege-a-lest-la-chambre-des-mines-aux-aguets\\\/#primaryimage\"},\"image\":{\"@id\":\"https:\\\/\\\/congovirtuel.com\\\/information\\\/rdc-etat-de-siege-a-lest-la-chambre-des-mines-aux-aguets\\\/#primaryimage\"},\"thumbnailUrl\":\"https:\\\/\\\/congovirtuel.com\\\/information\\\/wp-content\\\/uploads\\\/2021\\\/05\\\/chambre_des_mines_rdc-1200-x-678.jpg\",\"datePublished\":\"2021-05-12T12:14:24+00:00\",\"dateModified\":\"2021-05-12T12:14:29+00:00\",\"breadcrumb\":{\"@id\":\"https:\\\/\\\/congovirtuel.com\\\/information\\\/rdc-etat-de-siege-a-lest-la-chambre-des-mines-aux-aguets\\\/#breadcrumb\"},\"inLanguage\":\"fr-FR\",\"potentialAction\":[{\"@type\":\"ReadAction\",\"target\":[\"https:\\\/\\\/congovirtuel.com\\\/information\\\/rdc-etat-de-siege-a-lest-la-chambre-des-mines-aux-aguets\\\/\"]}]},{\"@type\":\"ImageObject\",\"inLanguage\":\"fr-FR\",\"@id\":\"https:\\\/\\\/congovirtuel.com\\\/information\\\/rdc-etat-de-siege-a-lest-la-chambre-des-mines-aux-aguets\\\/#primaryimage\",\"url\":\"https:\\\/\\\/congovirtuel.com\\\/information\\\/wp-content\\\/uploads\\\/2021\\\/05\\\/chambre_des_mines_rdc-1200-x-678.jpg\",\"contentUrl\":\"https:\\\/\\\/congovirtuel.com\\\/information\\\/wp-content\\\/uploads\\\/2021\\\/05\\\/chambre_des_mines_rdc-1200-x-678.jpg\",\"width\":1200,\"height\":678,\"caption\":\"chambre_des_mines_rdc\"},{\"@type\":\"BreadcrumbList\",\"@id\":\"https:\\\/\\\/congovirtuel.com\\\/information\\\/rdc-etat-de-siege-a-lest-la-chambre-des-mines-aux-aguets\\\/#breadcrumb\",\"itemListElement\":[{\"@type\":\"ListItem\",\"position\":1,\"name\":\"Accueil\",\"item\":\"https:\\\/\\\/congovirtuel.com\\\/information\\\/\"},{\"@type\":\"ListItem\",\"position\":2,\"name\":\"RDC: Etat de si\u00e8ge \u00e0 l&rsquo;Est, la chambre des mines aux aguets\"}]},{\"@type\":\"WebSite\",\"@id\":\"https:\\\/\\\/congovirtuel.com\\\/information\\\/#website\",\"url\":\"https:\\\/\\\/congovirtuel.com\\\/information\\\/\",\"name\":\"Actualit\u00e9s congolaises et internationales\",\"description\":\"site d&#039;analyse et de traitement d&#039;information\",\"publisher\":{\"@id\":\"https:\\\/\\\/congovirtuel.com\\\/information\\\/#organization\"},\"potentialAction\":[{\"@type\":\"SearchAction\",\"target\":{\"@type\":\"EntryPoint\",\"urlTemplate\":\"https:\\\/\\\/congovirtuel.com\\\/information\\\/?s={search_term_string}\"},\"query-input\":{\"@type\":\"PropertyValueSpecification\",\"valueRequired\":true,\"valueName\":\"search_term_string\"}}],\"inLanguage\":\"fr-FR\"},{\"@type\":\"Organization\",\"@id\":\"https:\\\/\\\/congovirtuel.com\\\/information\\\/#organization\",\"name\":\"Biblioth\u00e8que Virtuelle de la RDC\",\"url\":\"https:\\\/\\\/congovirtuel.com\\\/information\\\/\",\"logo\":{\"@type\":\"ImageObject\",\"inLanguage\":\"fr-FR\",\"@id\":\"https:\\\/\\\/congovirtuel.com\\\/information\\\/#\\\/schema\\\/logo\\\/image\\\/\",\"url\":\"https:\\\/\\\/congovirtuel.com\\\/information\\\/wp-content\\\/uploads\\\/2018\\\/10\\\/header-info-congovirtuel-vraie.jpg\",\"contentUrl\":\"https:\\\/\\\/congovirtuel.com\\\/information\\\/wp-content\\\/uploads\\\/2018\\\/10\\\/header-info-congovirtuel-vraie.jpg\",\"width\":728,\"height\":90,\"caption\":\"Biblioth\u00e8que Virtuelle de la RDC\"},\"image\":{\"@id\":\"https:\\\/\\\/congovirtuel.com\\\/information\\\/#\\\/schema\\\/logo\\\/image\\\/\"},\"sameAs\":[\"https:\\\/\\\/web.facebook.com\\\/Congovirtuel-763617960319601\\\/?ref=aymt_homepage_panel&amp;amp;amp;amp;amp;amp;amp;amp;amp;amp;amp;eid=ARCoxULa66767kIgF_KYav6VdjXTI4yk_LW4yoVO9s6NXpysgb7Cb65vpxcxgqzOAKvIbLQxaAETcqHT\",\"https:\\\/\\\/x.com\\\/congovirtuel\",\"https:\\\/\\\/www.youtube.com\\\/channel\\\/UCkFfprYzGgS3EWNpeMXpToQ?view_as=subscriber\"]},{\"@type\":\"Person\",\"@id\":\"https:\\\/\\\/congovirtuel.com\\\/information\\\/#\\\/schema\\\/person\\\/739a44bf7990966cb53d58d2fdeca0b6\",\"name\":\"infocongovirtuel\",\"image\":{\"@type\":\"ImageObject\",\"inLanguage\":\"fr-FR\",\"@id\":\"https:\\\/\\\/secure.gravatar.com\\\/avatar\\\/4d76991aa72469f0eb22e772586c99113c6997f88da636a9db8f2ce3a2c05e69?s=96&d=mm&r=g\",\"url\":\"https:\\\/\\\/secure.gravatar.com\\\/avatar\\\/4d76991aa72469f0eb22e772586c99113c6997f88da636a9db8f2ce3a2c05e69?s=96&d=mm&r=g\",\"contentUrl\":\"https:\\\/\\\/secure.gravatar.com\\\/avatar\\\/4d76991aa72469f0eb22e772586c99113c6997f88da636a9db8f2ce3a2c05e69?s=96&d=mm&r=g\",\"caption\":\"infocongovirtuel\"},\"url\":\"https:\\\/\\\/congovirtuel.com\\\/information\\\/author\\\/infocongovirtuel\\\/\"}]}<\/script>\n<!-- \/ Yoast SEO plugin. -->","yoast_head_json":{"title":"RDC: Etat de si\u00e8ge \u00e0 l'Est, la chambre des mines aux aguets - Actualit\u00e9s congolaises et internationales","robots":{"index":"index","follow":"follow","max-snippet":"max-snippet:-1","max-image-preview":"max-image-preview:large","max-video-preview":"max-video-preview:-1"},"canonical":"https:\/\/congovirtuel.com\/information\/rdc-etat-de-siege-a-lest-la-chambre-des-mines-aux-aguets\/","og_locale":"fr_FR","og_type":"article","og_title":"RDC: Etat de si\u00e8ge \u00e0 l'Est, la chambre des mines aux aguets - Actualit\u00e9s congolaises et internationales","og_description":"Les probl\u00e8mes dans les mines de l&rsquo;est de la RDC \u00e9tant r\u00e9guli\u00e8rement li\u00e9s aux forces arm\u00e9es, la nomination de gouvernements militaires \u00e0 la t\u00eate des deux provinces congolaises inqui\u00e8te. Le remplacement des gouvernements civils par des autorit\u00e9s militaires le 3 mai au Nord-Kivu et en Ituri, \u00e0 la suite de la d\u00e9claration d&rsquo;\u00e9tat de si\u00e8ge dans ces provinces de l&rsquo;est de la RDC par le pr\u00e9sident F\u00e9lix Tshisekedi, pr\u00e9occupe les chambres des mines et soci\u00e9t\u00e9s civiles locales. Alors que les violences et activit\u00e9s ill\u00e9gales sur les sites miniers des deux&hellip;","og_url":"https:\/\/congovirtuel.com\/information\/rdc-etat-de-siege-a-lest-la-chambre-des-mines-aux-aguets\/","og_site_name":"Actualit\u00e9s congolaises et internationales","article_publisher":"https:\/\/web.facebook.com\/Congovirtuel-763617960319601\/?ref=aymt_homepage_panel&amp%3bamp%3bamp%3bamp%3bamp%3bamp%3bamp%3bamp%3bamp%3bamp%3bamp%3beid=ARCoxULa66767kIgF_KYav6VdjXTI4yk_LW4yoVO9s6NXpysgb7Cb65vpxcxgqzOAKvIbLQxaAETcqHT","article_published_time":"2021-05-12T12:14:24+00:00","article_modified_time":"2021-05-12T12:14:29+00:00","og_image":[{"width":1200,"height":678,"url":"https:\/\/congovirtuel.com\/information\/wp-content\/uploads\/2021\/05\/chambre_des_mines_rdc-1200-x-678.jpg","type":"image\/jpeg"}],"author":"infocongovirtuel","twitter_card":"summary_large_image","twitter_creator":"@congovirtuel","twitter_site":"@congovirtuel","twitter_misc":{"\u00c9crit par":"infocongovirtuel","Dur\u00e9e de lecture estim\u00e9e":"2 minutes"},"schema":{"@context":"https:\/\/schema.org","@graph":[{"@type":"Article","@id":"https:\/\/congovirtuel.com\/information\/rdc-etat-de-siege-a-lest-la-chambre-des-mines-aux-aguets\/#article","isPartOf":{"@id":"https:\/\/congovirtuel.com\/information\/rdc-etat-de-siege-a-lest-la-chambre-des-mines-aux-aguets\/"},"author":{"name":"infocongovirtuel","@id":"https:\/\/congovirtuel.com\/information\/#\/schema\/person\/739a44bf7990966cb53d58d2fdeca0b6"},"headline":"RDC: Etat de si\u00e8ge \u00e0 l&rsquo;Est, la chambre des mines aux aguets","datePublished":"2021-05-12T12:14:24+00:00","dateModified":"2021-05-12T12:14:29+00:00","mainEntityOfPage":{"@id":"https:\/\/congovirtuel.com\/information\/rdc-etat-de-siege-a-lest-la-chambre-des-mines-aux-aguets\/"},"wordCount":436,"commentCount":0,"publisher":{"@id":"https:\/\/congovirtuel.com\/information\/#organization"},"image":{"@id":"https:\/\/congovirtuel.com\/information\/rdc-etat-de-siege-a-lest-la-chambre-des-mines-aux-aguets\/#primaryimage"},"thumbnailUrl":"https:\/\/congovirtuel.com\/information\/wp-content\/uploads\/2021\/05\/chambre_des_mines_rdc-1200-x-678.jpg","keywords":["chambre des mines rdc"],"articleSection":["Minerais"],"inLanguage":"fr-FR","potentialAction":[{"@type":"CommentAction","name":"Comment","target":["https:\/\/congovirtuel.com\/information\/rdc-etat-de-siege-a-lest-la-chambre-des-mines-aux-aguets\/#respond"]}]},{"@type":"WebPage","@id":"https:\/\/congovirtuel.com\/information\/rdc-etat-de-siege-a-lest-la-chambre-des-mines-aux-aguets\/","url":"https:\/\/congovirtuel.com\/information\/rdc-etat-de-siege-a-lest-la-chambre-des-mines-aux-aguets\/","name":"RDC: Etat de si\u00e8ge \u00e0 l'Est, la chambre des mines aux aguets - Actualit\u00e9s congolaises et internationales","isPartOf":{"@id":"https:\/\/congovirtuel.com\/information\/#website"},"primaryImageOfPage":{"@id":"https:\/\/congovirtuel.com\/information\/rdc-etat-de-siege-a-lest-la-chambre-des-mines-aux-aguets\/#primaryimage"},"image":{"@id":"https:\/\/congovirtuel.com\/information\/rdc-etat-de-siege-a-lest-la-chambre-des-mines-aux-aguets\/#primaryimage"},"thumbnailUrl":"https:\/\/congovirtuel.com\/information\/wp-content\/uploads\/2021\/05\/chambre_des_mines_rdc-1200-x-678.jpg","datePublished":"2021-05-12T12:14:24+00:00","dateModified":"2021-05-12T12:14:29+00:00","breadcrumb":{"@id":"https:\/\/congovirtuel.com\/information\/rdc-etat-de-siege-a-lest-la-chambre-des-mines-aux-aguets\/#breadcrumb"},"inLanguage":"fr-FR","potentialAction":[{"@type":"ReadAction","target":["https:\/\/congovirtuel.com\/information\/rdc-etat-de-siege-a-lest-la-chambre-des-mines-aux-aguets\/"]}]},{"@type":"ImageObject","inLanguage":"fr-FR","@id":"https:\/\/congovirtuel.com\/information\/rdc-etat-de-siege-a-lest-la-chambre-des-mines-aux-aguets\/#primaryimage","url":"https:\/\/congovirtuel.com\/information\/wp-content\/uploads\/2021\/05\/chambre_des_mines_rdc-1200-x-678.jpg","contentUrl":"https:\/\/congovirtuel.com\/information\/wp-content\/uploads\/2021\/05\/chambre_des_mines_rdc-1200-x-678.jpg","width":1200,"height":678,"caption":"chambre_des_mines_rdc"},{"@type":"BreadcrumbList","@id":"https:\/\/congovirtuel.com\/information\/rdc-etat-de-siege-a-lest-la-chambre-des-mines-aux-aguets\/#breadcrumb","itemListElement":[{"@type":"ListItem","position":1,"name":"Accueil","item":"https:\/\/congovirtuel.com\/information\/"},{"@type":"ListItem","position":2,"name":"RDC: Etat de si\u00e8ge \u00e0 l&rsquo;Est, la chambre des mines aux aguets"}]},{"@type":"WebSite","@id":"https:\/\/congovirtuel.com\/information\/#website","url":"https:\/\/congovirtuel.com\/information\/","name":"Actualit\u00e9s congolaises et internationales","description":"site d&#039;analyse et de traitement d&#039;information","publisher":{"@id":"https:\/\/congovirtuel.com\/information\/#organization"},"potentialAction":[{"@type":"SearchAction","target":{"@type":"EntryPoint","urlTemplate":"https:\/\/congovirtuel.com\/information\/?s={search_term_string}"},"query-input":{"@type":"PropertyValueSpecification","valueRequired":true,"valueName":"search_term_string"}}],"inLanguage":"fr-FR"},{"@type":"Organization","@id":"https:\/\/congovirtuel.com\/information\/#organization","name":"Biblioth\u00e8que Virtuelle de la RDC","url":"https:\/\/congovirtuel.com\/information\/","logo":{"@type":"ImageObject","inLanguage":"fr-FR","@id":"https:\/\/congovirtuel.com\/information\/#\/schema\/logo\/image\/","url":"https:\/\/congovirtuel.com\/information\/wp-content\/uploads\/2018\/10\/header-info-congovirtuel-vraie.jpg","contentUrl":"https:\/\/congovirtuel.com\/information\/wp-content\/uploads\/2018\/10\/header-info-congovirtuel-vraie.jpg","width":728,"height":90,"caption":"Biblioth\u00e8que Virtuelle de la RDC"},"image":{"@id":"https:\/\/congovirtuel.com\/information\/#\/schema\/logo\/image\/"},"sameAs":["https:\/\/web.facebook.com\/Congovirtuel-763617960319601\/?ref=aymt_homepage_panel&amp;amp;amp;amp;amp;amp;amp;amp;amp;amp;amp;eid=ARCoxULa66767kIgF_KYav6VdjXTI4yk_LW4yoVO9s6NXpysgb7Cb65vpxcxgqzOAKvIbLQxaAETcqHT","https:\/\/x.com\/congovirtuel","https:\/\/www.youtube.com\/channel\/UCkFfprYzGgS3EWNpeMXpToQ?view_as=subscriber"]},{"@type":"Person","@id":"https:\/\/congovirtuel.com\/information\/#\/schema\/person\/739a44bf7990966cb53d58d2fdeca0b6","name":"infocongovirtuel","image":{"@type":"ImageObject","inLanguage":"fr-FR","@id":"https:\/\/secure.gravatar.com\/avatar\/4d76991aa72469f0eb22e772586c99113c6997f88da636a9db8f2ce3a2c05e69?s=96&d=mm&r=g","url":"https:\/\/secure.gravatar.com\/avatar\/4d76991aa72469f0eb22e772586c99113c6997f88da636a9db8f2ce3a2c05e69?s=96&d=mm&r=g","contentUrl":"https:\/\/secure.gravatar.com\/avatar\/4d76991aa72469f0eb22e772586c99113c6997f88da636a9db8f2ce3a2c05e69?s=96&d=mm&r=g","caption":"infocongovirtuel"},"url":"https:\/\/congovirtuel.com\/information\/author\/infocongovirtuel\/"}]}},"gt_translate_keys":[{"key":"link","format":"url"}],"_links":{"self":[{"href":"https:\/\/congovirtuel.com\/information\/wp-json\/wp\/v2\/posts\/9038","targetHints":{"allow":["GET"]}}],"collection":[{"href":"https:\/\/congovirtuel.com\/information\/wp-json\/wp\/v2\/posts"}],"about":[{"href":"https:\/\/congovirtuel.com\/information\/wp-json\/wp\/v2\/types\/post"}],"author":[{"embeddable":true,"href":"https:\/\/congovirtuel.com\/information\/wp-json\/wp\/v2\/users\/1"}],"replies":[{"embeddable":true,"href":"https:\/\/congovirtuel.com\/information\/wp-json\/wp\/v2\/comments?post=9038"}],"version-history":[{"count":1,"href":"https:\/\/congovirtuel.com\/information\/wp-json\/wp\/v2\/posts\/9038\/revisions"}],"predecessor-version":[{"id":9041,"href":"https:\/\/congovirtuel.com\/information\/wp-json\/wp\/v2\/posts\/9038\/revisions\/9041"}],"wp:featuredmedia":[{"embeddable":true,"href":"https:\/\/congovirtuel.com\/information\/wp-json\/wp\/v2\/media\/9040"}],"wp:attachment":[{"href":"https:\/\/congovirtuel.com\/information\/wp-json\/wp\/v2\/media?parent=9038"}],"wp:term":[{"taxonomy":"category","embeddable":true,"href":"https:\/\/congovirtuel.com\/information\/wp-json\/wp\/v2\/categories?post=9038"},{"taxonomy":"post_tag","embeddable":true,"href":"https:\/\/congovirtuel.com\/information\/wp-json\/wp\/v2\/tags?post=9038"}],"curies":[{"name":"wp","href":"https:\/\/api.w.org\/{rel}","templated":true}]}}