{"id":9043,"date":"2021-05-12T13:34:50","date_gmt":"2021-05-12T12:34:50","guid":{"rendered":"https:\/\/congovirtuel.com\/information\/?p=9043"},"modified":"2021-05-12T13:35:01","modified_gmt":"2021-05-12T12:35:01","slug":"covid-19-a-kinshasa-les-etrangers-se-ruent-sur-les-vaccins-dont-les-congolais-ne-veulent-pas","status":"publish","type":"post","link":"https:\/\/congovirtuel.com\/information\/covid-19-a-kinshasa-les-etrangers-se-ruent-sur-les-vaccins-dont-les-congolais-ne-veulent-pas\/","title":{"rendered":"Covid-19 : \u00e0 Kinshasa, les \u00e9trangers se ruent sur les vaccins dont les Congolais ne veulent pas","gt_translate_keys":[{"key":"rendered","format":"text"}]},"content":{"rendered":"\n<p class=\"wp-block-paragraph\">La campagne de communication semble pour le moment sous-dimensionn\u00e9e dans un pays o\u00f9 fleurissent les pr\u00e9jug\u00e9s sur le Covid-19 et les vaccins.<\/p>\n\n\n\n<p class=\"wp-block-paragraph\">Dans la cour de l\u2019h\u00f4pital Saint-Joseph de Kinshasa, une dizaine d\u2019Indiens de tous \u00e2ges attendent sur des bancs, devant une grande tente estampill\u00e9e \u00ab&nbsp;OMS&nbsp;\u00bb (Organisation mondiale de la sant\u00e9). Tous viennent recevoir leur premi\u00e8re dose de vaccin AstraZeneca contre le&nbsp;<a href=\"https:\/\/www.lemonde.fr\/l-afrique-face-au-covid-19\/\">Covid-19<\/a>.&nbsp;<em>\u00ab&nbsp;Vous fumez&nbsp;? You have allergies&nbsp;?&nbsp;\u00bb<\/em>&nbsp;Dans un anglais m\u00e2tin\u00e9 de lingala et de fran\u00e7ais, le personnel de l\u2019h\u00f4pital pique \u00e0 la cha\u00eene. Depuis le d\u00e9but de la campagne, le 19&nbsp;avril, il y a&nbsp;<em>\u00ab 80&nbsp;% d\u2019\u00e9trangers et seulement 20&nbsp;% de Congolais, pour 400&nbsp;vaccin\u00e9s&nbsp;\u00bb<\/em>, explique le docteur Thierry Mukendi. Ce matin-l\u00e0, seules deux Congolaises d\u2019une soixantaine d\u2019ann\u00e9es ont pouss\u00e9 la porte de l\u2019h\u00f4pital.<\/p>\n\n\n\n<p class=\"wp-block-paragraph\">Au Centre m\u00e9dical de Kinshasa, une structure du centre-ville, le constat est encore plus accablant\u00a0: la proportion d\u2019\u00e9trangers venus b\u00e9n\u00e9ficier du vaccin atteint 90\u00a0%. Dans la salle d\u2019attente\u00a0: des Belges, des Libanais, des Grecs\u2026 Les expatri\u00e9s, nombreux dans la capitale congolaise, se sont vite pass\u00e9 le mot. Fin avril, une page Facebook suivie par la communaut\u00e9 indienne invitait \u00e0 un \u00e9v\u00e9nement intitul\u00e9 \u00ab\u00a0Camp de vaccination Covid\u00a0\u00bb dans un h\u00f4pital de la ville, propri\u00e9t\u00e9 de l\u2019homme d\u2019affaires Harish Jagtani.<\/p>\n\n\n\n<p class=\"wp-block-paragraph\">Les doses inject\u00e9es proviennent toutes du m\u00e9canisme de solidarit\u00e9 internationale Covax codirig\u00e9 par l\u2019OMS, l\u2019Alliance du vaccin et la Coalition pour les innovations en mati\u00e8re de pr\u00e9paration aux \u00e9pid\u00e9mies, \u00e0 destination des populations de pays \u00e0 faibles ou moyens revenus. Mais la campagne de vaccination n\u2019a pas r\u00e9ussi \u00e0 d\u00e9coller. Elle a pris du retard, du fait des v\u00e9rifications li\u00e9es aux risques concernant les vaccins AstraZeneca et des probl\u00e8mes logistiques que posent l\u2019acheminement des doses dans un pays grand comme l\u2019Europe de l\u2019Ouest. Pour \u00e9viter de les d\u00e9truire, la R\u00e9publique d\u00e9mocratique du Congo (RDC) a restitu\u00e9 \u00e0 Covax 1,3&nbsp;million de doses AstraZeneca sur les 1,8&nbsp;million re\u00e7ues.<\/p>\n\n\n\n<h2 class=\"wp-block-heading\">Fausses informations<\/h2>\n\n\n\n<p class=\"wp-block-paragraph\">Afin d\u2019\u00e9couler les stocks restants avant leur date de p\u00e9remption fin juin, il a donc \u00e9t\u00e9 d\u00e9cid\u00e9 d\u2019ouvrir la vaccination \u00e0 tous les volontaires majeurs.\u00a0<em>\u00ab\u00a0J\u2019ai \u00e9t\u00e9 \u00e9tonn\u00e9e qu\u2019on en donne \u00e0 des gens comme moi, qui ont les moyens de payer et de se faire rembourser par leur assurance\u00a0\u00bb<\/em>, confie Marit Hjort, une Norv\u00e9gienne de 29\u00a0ans. Les Congolais, eux, boudent le vaccin pour le moment. Un trentenaire venu \u00e0 l\u2019h\u00f4pital Saint-Joseph<strong>\u00a0<\/strong>avec deux coll\u00e8gues indiens secoue vigoureusement la t\u00eate lorsqu\u2019on lui demande s\u2019il se fera vacciner.\u00a0<em>\u00ab\u00a0On n\u2019aime pas les vaccins ici. Et moi je n\u2019ai pas peur du Covid-19\u00a0: on a des rem\u00e8des, des tisanes maison.\u00a0\u00bb<\/em><\/p>\n\n\n\n<p class=\"wp-block-paragraph\">Un grand nombre de fausses informations circulent en RDC sur le virus et le vaccin.&nbsp;<em>\u00ab&nbsp;Il y a encore une majorit\u00e9 de Congolais qui pensent que le Covid-19 n\u2019existe pas, ou alors qu\u2019il ne touche que certaines couches sociales&nbsp;\u00bb<\/em>, analyse le docteur Dauphin Bena, au Centre m\u00e9dical de Kinshasa. Sur les r\u00e9seaux sociaux, le vaccin est accus\u00e9 de rendre st\u00e9rile, ou impuissant.<\/p>\n\n\n\n<p class=\"wp-block-paragraph\">Pour contrer ces pr\u00e9jug\u00e9s, la campagne de communication semble pour le moment s\u00e9rieusement sous-dimensionn\u00e9e. Le pr\u00e9sident et le ministre de la sant\u00e9 ne se sont pas fait vacciner publiquement, comme dans d\u2019autres pays. Il n\u2019y a pas d\u2019affichage dans les rues, ni de spots \u00e0 la t\u00e9l\u00e9vision et \u00e0 la radio. Alors que la vaccination a commenc\u00e9 depuis plus de deux semaines, les missions de sensibilisation se font encore rares dans les quartiers de la capitale. La commission de la communication sur les risques et engagement communautaire, charg\u00e9e de ces activit\u00e9s, commence tout juste \u00e0 former ses agents. Les responsables d\u00e9plorent le manque de moyens allou\u00e9s par le gouvernement.<\/p>\n\n\n\n<h2 class=\"wp-block-heading\">\u00ab&nbsp;Le virus n\u2019a pas de fronti\u00e8re&nbsp;\u00bb<\/h2>\n\n\n\n<p class=\"wp-block-paragraph\">Pour le programme \u00e9largi de vaccination congolais (PEV), le dispositif national charg\u00e9 des vaccins, l\u2019afflux d\u2019\u00e9trangers n\u2019est pas un probl\u00e8me&nbsp;: les injections sont ouvertes \u00e0 tous les r\u00e9sidents du pays.&nbsp;<em>\u00ab&nbsp;Ceux qui ont compris les b\u00e9n\u00e9fices de ce vaccin ont le droit d\u2019en profiter. On ne fait pas de distinction de nationalit\u00e9 ou de couleur de peau&nbsp;\u00bb<\/em>, explique Elisabeth Mukamba, la directrice du PEV.&nbsp;<em>\u00ab&nbsp;Je trouve cela normal qu\u2019on ait cet acc\u00e8s. Le virus n\u2019a pas de fronti\u00e8re&nbsp;\u00bb<\/em>, souligne Nadim Essa, un Canadien install\u00e9 en RDC, qui a re\u00e7u sa premi\u00e8re dose le 30&nbsp;avril.<\/p>\n\n\n\n<p class=\"wp-block-paragraph\">Pour faire venir les Congolais, les vaccinateurs misent d\u00e9sormais sur un effet d\u2019entra\u00eenement.&nbsp;<em>\u00ab&nbsp;J\u2019ai \u00e9t\u00e9 rassur\u00e9e apr\u00e8s avoir vu que mes enfants se portaient tr\u00e8s bien apr\u00e8s avoir \u00e9t\u00e9 vaccin\u00e9s&nbsp;\u00bb<\/em>, raconte Marthe Nkeyi, qui se repose apr\u00e8s son injection \u00e0 l\u2019h\u00f4pital Saint-Joseph. Certains se prennent en photo et annoncent leur vaccination sur les r\u00e9seaux sociaux, pour inciter leurs amis \u00e0 le faire.&nbsp;<em>\u00ab&nbsp;J\u2019essaie d\u2019en parler au maximum \u00e0 mes coll\u00e8gues congolais&nbsp;\u00bb<\/em>, explique Sabine Camillieri, une Fran\u00e7aise propri\u00e9taire de plusieurs boulangeries \u00e0 Kinshasa, qui a perdu son p\u00e8re \u00e0 cause du Covid-19 l\u2019ann\u00e9e derni\u00e8re.<\/p>\n\n\n\n<p class=\"wp-block-paragraph\"><a href=\"https:\/\/www.lemonde.fr\/signataires\/juliette-dubois\/\">Juliette Dubois(Kinshasa, correspondance)<\/a>\/Lemonde<\/p>\n","protected":false,"gt_translate_keys":[{"key":"rendered","format":"html"}]},"excerpt":{"rendered":"<p>La campagne de communication semble pour le moment sous-dimensionn\u00e9e dans un pays o\u00f9 fleurissent les pr\u00e9jug\u00e9s sur le Covid-19 et les vaccins. Dans la cour de l\u2019h\u00f4pital Saint-Joseph de Kinshasa, une dizaine d\u2019Indiens de tous \u00e2ges attendent sur des bancs, devant une grande tente estampill\u00e9e \u00ab&nbsp;OMS&nbsp;\u00bb (Organisation mondiale de la sant\u00e9). Tous viennent recevoir leur premi\u00e8re dose de vaccin AstraZeneca contre le&nbsp;Covid-19.&nbsp;\u00ab&nbsp;Vous fumez&nbsp;? You have allergies&nbsp;?&nbsp;\u00bb&nbsp;Dans un anglais m\u00e2tin\u00e9 de lingala et de fran\u00e7ais, le personnel de l\u2019h\u00f4pital pique \u00e0 la cha\u00eene. Depuis le d\u00e9but de la campagne, le 19&nbsp;avril,&hellip;<\/p>\n","protected":false,"gt_translate_keys":[{"key":"rendered","format":"html"}]},"author":1,"featured_media":9045,"comment_status":"open","ping_status":"open","sticky":false,"template":"","format":"standard","meta":{"_crdt_document":"","footnotes":""},"categories":[1],"tags":[262],"class_list":["post-9043","post","type-post","status-publish","format-standard","has-post-thumbnail","hentry","category-non-classe","tag-covid-19"],"gutentor_comment":0,"yoast_head":"<!-- This site is optimized with the Yoast SEO plugin v27.5 - https:\/\/yoast.com\/product\/yoast-seo-wordpress\/ -->\n<title>Covid-19 : \u00e0 Kinshasa, les \u00e9trangers se ruent sur les vaccins dont les Congolais ne veulent pas - Actualit\u00e9s congolaises et internationales<\/title>\n<meta name=\"robots\" content=\"index, follow, max-snippet:-1, max-image-preview:large, max-video-preview:-1\" \/>\n<link rel=\"canonical\" href=\"https:\/\/congovirtuel.com\/information\/covid-19-a-kinshasa-les-etrangers-se-ruent-sur-les-vaccins-dont-les-congolais-ne-veulent-pas\/\" \/>\n<meta property=\"og:locale\" content=\"fr_FR\" \/>\n<meta property=\"og:type\" content=\"article\" \/>\n<meta property=\"og:title\" content=\"Covid-19 : \u00e0 Kinshasa, les \u00e9trangers se ruent sur les vaccins dont les Congolais ne veulent pas - Actualit\u00e9s congolaises et internationales\" \/>\n<meta property=\"og:description\" content=\"La campagne de communication semble pour le moment sous-dimensionn\u00e9e dans un pays o\u00f9 fleurissent les pr\u00e9jug\u00e9s sur le Covid-19 et les vaccins. Dans la cour de l\u2019h\u00f4pital Saint-Joseph de Kinshasa, une dizaine d\u2019Indiens de tous \u00e2ges attendent sur des bancs, devant une grande tente estampill\u00e9e \u00ab&nbsp;OMS&nbsp;\u00bb (Organisation mondiale de la sant\u00e9). Tous viennent recevoir leur premi\u00e8re dose de vaccin AstraZeneca contre le&nbsp;Covid-19.&nbsp;\u00ab&nbsp;Vous fumez&nbsp;? You have allergies&nbsp;?&nbsp;\u00bb&nbsp;Dans un anglais m\u00e2tin\u00e9 de lingala et de fran\u00e7ais, le personnel de l\u2019h\u00f4pital pique \u00e0 la cha\u00eene. Depuis le d\u00e9but de la campagne, le 19&nbsp;avril,&hellip;\" \/>\n<meta property=\"og:url\" content=\"https:\/\/congovirtuel.com\/information\/covid-19-a-kinshasa-les-etrangers-se-ruent-sur-les-vaccins-dont-les-congolais-ne-veulent-pas\/\" \/>\n<meta property=\"og:site_name\" content=\"Actualit\u00e9s congolaises et internationales\" \/>\n<meta property=\"article:publisher\" content=\"https:\/\/web.facebook.com\/Congovirtuel-763617960319601\/?ref=aymt_homepage_panel&amp;amp%3bamp%3bamp%3bamp%3bamp%3bamp%3bamp%3bamp%3bamp%3bamp%3bamp%3beid=ARCoxULa66767kIgF_KYav6VdjXTI4yk_LW4yoVO9s6NXpysgb7Cb65vpxcxgqzOAKvIbLQxaAETcqHT\" \/>\n<meta property=\"article:published_time\" content=\"2021-05-12T12:34:50+00:00\" \/>\n<meta property=\"article:modified_time\" content=\"2021-05-12T12:35:01+00:00\" \/>\n<meta property=\"og:image\" content=\"https:\/\/congovirtuel.com\/information\/wp-content\/uploads\/2021\/05\/clinique_ngaliema-1200-x-700.jpg\" \/>\n\t<meta property=\"og:image:width\" content=\"1200\" \/>\n\t<meta property=\"og:image:height\" content=\"700\" \/>\n\t<meta property=\"og:image:type\" content=\"image\/jpeg\" \/>\n<meta name=\"author\" content=\"infocongovirtuel\" \/>\n<meta name=\"twitter:card\" content=\"summary_large_image\" \/>\n<meta name=\"twitter:creator\" content=\"@congovirtuel\" \/>\n<meta name=\"twitter:site\" content=\"@congovirtuel\" \/>\n<meta name=\"twitter:label1\" content=\"\u00c9crit par\" \/>\n\t<meta name=\"twitter:data1\" content=\"infocongovirtuel\" \/>\n\t<meta name=\"twitter:label2\" content=\"Dur\u00e9e de lecture estim\u00e9e\" \/>\n\t<meta name=\"twitter:data2\" content=\"4 minutes\" \/>\n<script type=\"application\/ld+json\" class=\"yoast-schema-graph\">{\"@context\":\"https:\\\/\\\/schema.org\",\"@graph\":[{\"@type\":\"Article\",\"@id\":\"https:\\\/\\\/congovirtuel.com\\\/information\\\/covid-19-a-kinshasa-les-etrangers-se-ruent-sur-les-vaccins-dont-les-congolais-ne-veulent-pas\\\/#article\",\"isPartOf\":{\"@id\":\"https:\\\/\\\/congovirtuel.com\\\/information\\\/covid-19-a-kinshasa-les-etrangers-se-ruent-sur-les-vaccins-dont-les-congolais-ne-veulent-pas\\\/\"},\"author\":{\"name\":\"infocongovirtuel\",\"@id\":\"https:\\\/\\\/congovirtuel.com\\\/information\\\/#\\\/schema\\\/person\\\/739a44bf7990966cb53d58d2fdeca0b6\"},\"headline\":\"Covid-19 : \u00e0 Kinshasa, les \u00e9trangers se ruent sur les vaccins dont les Congolais ne veulent pas\",\"datePublished\":\"2021-05-12T12:34:50+00:00\",\"dateModified\":\"2021-05-12T12:35:01+00:00\",\"mainEntityOfPage\":{\"@id\":\"https:\\\/\\\/congovirtuel.com\\\/information\\\/covid-19-a-kinshasa-les-etrangers-se-ruent-sur-les-vaccins-dont-les-congolais-ne-veulent-pas\\\/\"},\"wordCount\":943,\"commentCount\":0,\"publisher\":{\"@id\":\"https:\\\/\\\/congovirtuel.com\\\/information\\\/#organization\"},\"image\":{\"@id\":\"https:\\\/\\\/congovirtuel.com\\\/information\\\/covid-19-a-kinshasa-les-etrangers-se-ruent-sur-les-vaccins-dont-les-congolais-ne-veulent-pas\\\/#primaryimage\"},\"thumbnailUrl\":\"https:\\\/\\\/congovirtuel.com\\\/information\\\/wp-content\\\/uploads\\\/2021\\\/05\\\/clinique_ngaliema-1200-x-700.jpg\",\"keywords\":[\"covid-19\"],\"inLanguage\":\"fr-FR\",\"potentialAction\":[{\"@type\":\"CommentAction\",\"name\":\"Comment\",\"target\":[\"https:\\\/\\\/congovirtuel.com\\\/information\\\/covid-19-a-kinshasa-les-etrangers-se-ruent-sur-les-vaccins-dont-les-congolais-ne-veulent-pas\\\/#respond\"]}]},{\"@type\":\"WebPage\",\"@id\":\"https:\\\/\\\/congovirtuel.com\\\/information\\\/covid-19-a-kinshasa-les-etrangers-se-ruent-sur-les-vaccins-dont-les-congolais-ne-veulent-pas\\\/\",\"url\":\"https:\\\/\\\/congovirtuel.com\\\/information\\\/covid-19-a-kinshasa-les-etrangers-se-ruent-sur-les-vaccins-dont-les-congolais-ne-veulent-pas\\\/\",\"name\":\"Covid-19 : \u00e0 Kinshasa, les \u00e9trangers se ruent sur les vaccins dont les Congolais ne veulent pas - Actualit\u00e9s congolaises et internationales\",\"isPartOf\":{\"@id\":\"https:\\\/\\\/congovirtuel.com\\\/information\\\/#website\"},\"primaryImageOfPage\":{\"@id\":\"https:\\\/\\\/congovirtuel.com\\\/information\\\/covid-19-a-kinshasa-les-etrangers-se-ruent-sur-les-vaccins-dont-les-congolais-ne-veulent-pas\\\/#primaryimage\"},\"image\":{\"@id\":\"https:\\\/\\\/congovirtuel.com\\\/information\\\/covid-19-a-kinshasa-les-etrangers-se-ruent-sur-les-vaccins-dont-les-congolais-ne-veulent-pas\\\/#primaryimage\"},\"thumbnailUrl\":\"https:\\\/\\\/congovirtuel.com\\\/information\\\/wp-content\\\/uploads\\\/2021\\\/05\\\/clinique_ngaliema-1200-x-700.jpg\",\"datePublished\":\"2021-05-12T12:34:50+00:00\",\"dateModified\":\"2021-05-12T12:35:01+00:00\",\"breadcrumb\":{\"@id\":\"https:\\\/\\\/congovirtuel.com\\\/information\\\/covid-19-a-kinshasa-les-etrangers-se-ruent-sur-les-vaccins-dont-les-congolais-ne-veulent-pas\\\/#breadcrumb\"},\"inLanguage\":\"fr-FR\",\"potentialAction\":[{\"@type\":\"ReadAction\",\"target\":[\"https:\\\/\\\/congovirtuel.com\\\/information\\\/covid-19-a-kinshasa-les-etrangers-se-ruent-sur-les-vaccins-dont-les-congolais-ne-veulent-pas\\\/\"]}]},{\"@type\":\"ImageObject\",\"inLanguage\":\"fr-FR\",\"@id\":\"https:\\\/\\\/congovirtuel.com\\\/information\\\/covid-19-a-kinshasa-les-etrangers-se-ruent-sur-les-vaccins-dont-les-congolais-ne-veulent-pas\\\/#primaryimage\",\"url\":\"https:\\\/\\\/congovirtuel.com\\\/information\\\/wp-content\\\/uploads\\\/2021\\\/05\\\/clinique_ngaliema-1200-x-700.jpg\",\"contentUrl\":\"https:\\\/\\\/congovirtuel.com\\\/information\\\/wp-content\\\/uploads\\\/2021\\\/05\\\/clinique_ngaliema-1200-x-700.jpg\",\"width\":1200,\"height\":700},{\"@type\":\"BreadcrumbList\",\"@id\":\"https:\\\/\\\/congovirtuel.com\\\/information\\\/covid-19-a-kinshasa-les-etrangers-se-ruent-sur-les-vaccins-dont-les-congolais-ne-veulent-pas\\\/#breadcrumb\",\"itemListElement\":[{\"@type\":\"ListItem\",\"position\":1,\"name\":\"Accueil\",\"item\":\"https:\\\/\\\/congovirtuel.com\\\/information\\\/\"},{\"@type\":\"ListItem\",\"position\":2,\"name\":\"Covid-19 : \u00e0 Kinshasa, les \u00e9trangers se ruent sur les vaccins dont les Congolais ne veulent pas\"}]},{\"@type\":\"WebSite\",\"@id\":\"https:\\\/\\\/congovirtuel.com\\\/information\\\/#website\",\"url\":\"https:\\\/\\\/congovirtuel.com\\\/information\\\/\",\"name\":\"Actualit\u00e9s congolaises et internationales\",\"description\":\"site d&#039;analyse et de traitement d&#039;information\",\"publisher\":{\"@id\":\"https:\\\/\\\/congovirtuel.com\\\/information\\\/#organization\"},\"potentialAction\":[{\"@type\":\"SearchAction\",\"target\":{\"@type\":\"EntryPoint\",\"urlTemplate\":\"https:\\\/\\\/congovirtuel.com\\\/information\\\/?s={search_term_string}\"},\"query-input\":{\"@type\":\"PropertyValueSpecification\",\"valueRequired\":true,\"valueName\":\"search_term_string\"}}],\"inLanguage\":\"fr-FR\"},{\"@type\":\"Organization\",\"@id\":\"https:\\\/\\\/congovirtuel.com\\\/information\\\/#organization\",\"name\":\"Biblioth\u00e8que Virtuelle de la RDC\",\"url\":\"https:\\\/\\\/congovirtuel.com\\\/information\\\/\",\"logo\":{\"@type\":\"ImageObject\",\"inLanguage\":\"fr-FR\",\"@id\":\"https:\\\/\\\/congovirtuel.com\\\/information\\\/#\\\/schema\\\/logo\\\/image\\\/\",\"url\":\"https:\\\/\\\/congovirtuel.com\\\/information\\\/wp-content\\\/uploads\\\/2018\\\/10\\\/header-info-congovirtuel-vraie.jpg\",\"contentUrl\":\"https:\\\/\\\/congovirtuel.com\\\/information\\\/wp-content\\\/uploads\\\/2018\\\/10\\\/header-info-congovirtuel-vraie.jpg\",\"width\":728,\"height\":90,\"caption\":\"Biblioth\u00e8que Virtuelle de la RDC\"},\"image\":{\"@id\":\"https:\\\/\\\/congovirtuel.com\\\/information\\\/#\\\/schema\\\/logo\\\/image\\\/\"},\"sameAs\":[\"https:\\\/\\\/web.facebook.com\\\/Congovirtuel-763617960319601\\\/?ref=aymt_homepage_panel&amp;amp;amp;amp;amp;amp;amp;amp;amp;amp;amp;eid=ARCoxULa66767kIgF_KYav6VdjXTI4yk_LW4yoVO9s6NXpysgb7Cb65vpxcxgqzOAKvIbLQxaAETcqHT\",\"https:\\\/\\\/x.com\\\/congovirtuel\",\"https:\\\/\\\/www.youtube.com\\\/channel\\\/UCkFfprYzGgS3EWNpeMXpToQ?view_as=subscriber\"]},{\"@type\":\"Person\",\"@id\":\"https:\\\/\\\/congovirtuel.com\\\/information\\\/#\\\/schema\\\/person\\\/739a44bf7990966cb53d58d2fdeca0b6\",\"name\":\"infocongovirtuel\",\"image\":{\"@type\":\"ImageObject\",\"inLanguage\":\"fr-FR\",\"@id\":\"https:\\\/\\\/secure.gravatar.com\\\/avatar\\\/4d76991aa72469f0eb22e772586c99113c6997f88da636a9db8f2ce3a2c05e69?s=96&d=mm&r=g\",\"url\":\"https:\\\/\\\/secure.gravatar.com\\\/avatar\\\/4d76991aa72469f0eb22e772586c99113c6997f88da636a9db8f2ce3a2c05e69?s=96&d=mm&r=g\",\"contentUrl\":\"https:\\\/\\\/secure.gravatar.com\\\/avatar\\\/4d76991aa72469f0eb22e772586c99113c6997f88da636a9db8f2ce3a2c05e69?s=96&d=mm&r=g\",\"caption\":\"infocongovirtuel\"},\"url\":\"https:\\\/\\\/congovirtuel.com\\\/information\\\/author\\\/infocongovirtuel\\\/\"}]}<\/script>\n<!-- \/ Yoast SEO plugin. -->","yoast_head_json":{"title":"Covid-19 : \u00e0 Kinshasa, les \u00e9trangers se ruent sur les vaccins dont les Congolais ne veulent pas - Actualit\u00e9s congolaises et internationales","robots":{"index":"index","follow":"follow","max-snippet":"max-snippet:-1","max-image-preview":"max-image-preview:large","max-video-preview":"max-video-preview:-1"},"canonical":"https:\/\/congovirtuel.com\/information\/covid-19-a-kinshasa-les-etrangers-se-ruent-sur-les-vaccins-dont-les-congolais-ne-veulent-pas\/","og_locale":"fr_FR","og_type":"article","og_title":"Covid-19 : \u00e0 Kinshasa, les \u00e9trangers se ruent sur les vaccins dont les Congolais ne veulent pas - Actualit\u00e9s congolaises et internationales","og_description":"La campagne de communication semble pour le moment sous-dimensionn\u00e9e dans un pays o\u00f9 fleurissent les pr\u00e9jug\u00e9s sur le Covid-19 et les vaccins. Dans la cour de l\u2019h\u00f4pital Saint-Joseph de Kinshasa, une dizaine d\u2019Indiens de tous \u00e2ges attendent sur des bancs, devant une grande tente estampill\u00e9e \u00ab&nbsp;OMS&nbsp;\u00bb (Organisation mondiale de la sant\u00e9). Tous viennent recevoir leur premi\u00e8re dose de vaccin AstraZeneca contre le&nbsp;Covid-19.&nbsp;\u00ab&nbsp;Vous fumez&nbsp;? You have allergies&nbsp;?&nbsp;\u00bb&nbsp;Dans un anglais m\u00e2tin\u00e9 de lingala et de fran\u00e7ais, le personnel de l\u2019h\u00f4pital pique \u00e0 la cha\u00eene. Depuis le d\u00e9but de la campagne, le 19&nbsp;avril,&hellip;","og_url":"https:\/\/congovirtuel.com\/information\/covid-19-a-kinshasa-les-etrangers-se-ruent-sur-les-vaccins-dont-les-congolais-ne-veulent-pas\/","og_site_name":"Actualit\u00e9s congolaises et internationales","article_publisher":"https:\/\/web.facebook.com\/Congovirtuel-763617960319601\/?ref=aymt_homepage_panel&amp%3bamp%3bamp%3bamp%3bamp%3bamp%3bamp%3bamp%3bamp%3bamp%3bamp%3beid=ARCoxULa66767kIgF_KYav6VdjXTI4yk_LW4yoVO9s6NXpysgb7Cb65vpxcxgqzOAKvIbLQxaAETcqHT","article_published_time":"2021-05-12T12:34:50+00:00","article_modified_time":"2021-05-12T12:35:01+00:00","og_image":[{"width":1200,"height":700,"url":"https:\/\/congovirtuel.com\/information\/wp-content\/uploads\/2021\/05\/clinique_ngaliema-1200-x-700.jpg","type":"image\/jpeg"}],"author":"infocongovirtuel","twitter_card":"summary_large_image","twitter_creator":"@congovirtuel","twitter_site":"@congovirtuel","twitter_misc":{"\u00c9crit par":"infocongovirtuel","Dur\u00e9e de lecture estim\u00e9e":"4 minutes"},"schema":{"@context":"https:\/\/schema.org","@graph":[{"@type":"Article","@id":"https:\/\/congovirtuel.com\/information\/covid-19-a-kinshasa-les-etrangers-se-ruent-sur-les-vaccins-dont-les-congolais-ne-veulent-pas\/#article","isPartOf":{"@id":"https:\/\/congovirtuel.com\/information\/covid-19-a-kinshasa-les-etrangers-se-ruent-sur-les-vaccins-dont-les-congolais-ne-veulent-pas\/"},"author":{"name":"infocongovirtuel","@id":"https:\/\/congovirtuel.com\/information\/#\/schema\/person\/739a44bf7990966cb53d58d2fdeca0b6"},"headline":"Covid-19 : \u00e0 Kinshasa, les \u00e9trangers se ruent sur les vaccins dont les Congolais ne veulent pas","datePublished":"2021-05-12T12:34:50+00:00","dateModified":"2021-05-12T12:35:01+00:00","mainEntityOfPage":{"@id":"https:\/\/congovirtuel.com\/information\/covid-19-a-kinshasa-les-etrangers-se-ruent-sur-les-vaccins-dont-les-congolais-ne-veulent-pas\/"},"wordCount":943,"commentCount":0,"publisher":{"@id":"https:\/\/congovirtuel.com\/information\/#organization"},"image":{"@id":"https:\/\/congovirtuel.com\/information\/covid-19-a-kinshasa-les-etrangers-se-ruent-sur-les-vaccins-dont-les-congolais-ne-veulent-pas\/#primaryimage"},"thumbnailUrl":"https:\/\/congovirtuel.com\/information\/wp-content\/uploads\/2021\/05\/clinique_ngaliema-1200-x-700.jpg","keywords":["covid-19"],"inLanguage":"fr-FR","potentialAction":[{"@type":"CommentAction","name":"Comment","target":["https:\/\/congovirtuel.com\/information\/covid-19-a-kinshasa-les-etrangers-se-ruent-sur-les-vaccins-dont-les-congolais-ne-veulent-pas\/#respond"]}]},{"@type":"WebPage","@id":"https:\/\/congovirtuel.com\/information\/covid-19-a-kinshasa-les-etrangers-se-ruent-sur-les-vaccins-dont-les-congolais-ne-veulent-pas\/","url":"https:\/\/congovirtuel.com\/information\/covid-19-a-kinshasa-les-etrangers-se-ruent-sur-les-vaccins-dont-les-congolais-ne-veulent-pas\/","name":"Covid-19 : \u00e0 Kinshasa, les \u00e9trangers se ruent sur les vaccins dont les Congolais ne veulent pas - Actualit\u00e9s congolaises et internationales","isPartOf":{"@id":"https:\/\/congovirtuel.com\/information\/#website"},"primaryImageOfPage":{"@id":"https:\/\/congovirtuel.com\/information\/covid-19-a-kinshasa-les-etrangers-se-ruent-sur-les-vaccins-dont-les-congolais-ne-veulent-pas\/#primaryimage"},"image":{"@id":"https:\/\/congovirtuel.com\/information\/covid-19-a-kinshasa-les-etrangers-se-ruent-sur-les-vaccins-dont-les-congolais-ne-veulent-pas\/#primaryimage"},"thumbnailUrl":"https:\/\/congovirtuel.com\/information\/wp-content\/uploads\/2021\/05\/clinique_ngaliema-1200-x-700.jpg","datePublished":"2021-05-12T12:34:50+00:00","dateModified":"2021-05-12T12:35:01+00:00","breadcrumb":{"@id":"https:\/\/congovirtuel.com\/information\/covid-19-a-kinshasa-les-etrangers-se-ruent-sur-les-vaccins-dont-les-congolais-ne-veulent-pas\/#breadcrumb"},"inLanguage":"fr-FR","potentialAction":[{"@type":"ReadAction","target":["https:\/\/congovirtuel.com\/information\/covid-19-a-kinshasa-les-etrangers-se-ruent-sur-les-vaccins-dont-les-congolais-ne-veulent-pas\/"]}]},{"@type":"ImageObject","inLanguage":"fr-FR","@id":"https:\/\/congovirtuel.com\/information\/covid-19-a-kinshasa-les-etrangers-se-ruent-sur-les-vaccins-dont-les-congolais-ne-veulent-pas\/#primaryimage","url":"https:\/\/congovirtuel.com\/information\/wp-content\/uploads\/2021\/05\/clinique_ngaliema-1200-x-700.jpg","contentUrl":"https:\/\/congovirtuel.com\/information\/wp-content\/uploads\/2021\/05\/clinique_ngaliema-1200-x-700.jpg","width":1200,"height":700},{"@type":"BreadcrumbList","@id":"https:\/\/congovirtuel.com\/information\/covid-19-a-kinshasa-les-etrangers-se-ruent-sur-les-vaccins-dont-les-congolais-ne-veulent-pas\/#breadcrumb","itemListElement":[{"@type":"ListItem","position":1,"name":"Accueil","item":"https:\/\/congovirtuel.com\/information\/"},{"@type":"ListItem","position":2,"name":"Covid-19 : \u00e0 Kinshasa, les \u00e9trangers se ruent sur les vaccins dont les Congolais ne veulent pas"}]},{"@type":"WebSite","@id":"https:\/\/congovirtuel.com\/information\/#website","url":"https:\/\/congovirtuel.com\/information\/","name":"Actualit\u00e9s congolaises et internationales","description":"site d&#039;analyse et de traitement d&#039;information","publisher":{"@id":"https:\/\/congovirtuel.com\/information\/#organization"},"potentialAction":[{"@type":"SearchAction","target":{"@type":"EntryPoint","urlTemplate":"https:\/\/congovirtuel.com\/information\/?s={search_term_string}"},"query-input":{"@type":"PropertyValueSpecification","valueRequired":true,"valueName":"search_term_string"}}],"inLanguage":"fr-FR"},{"@type":"Organization","@id":"https:\/\/congovirtuel.com\/information\/#organization","name":"Biblioth\u00e8que Virtuelle de la RDC","url":"https:\/\/congovirtuel.com\/information\/","logo":{"@type":"ImageObject","inLanguage":"fr-FR","@id":"https:\/\/congovirtuel.com\/information\/#\/schema\/logo\/image\/","url":"https:\/\/congovirtuel.com\/information\/wp-content\/uploads\/2018\/10\/header-info-congovirtuel-vraie.jpg","contentUrl":"https:\/\/congovirtuel.com\/information\/wp-content\/uploads\/2018\/10\/header-info-congovirtuel-vraie.jpg","width":728,"height":90,"caption":"Biblioth\u00e8que Virtuelle de la RDC"},"image":{"@id":"https:\/\/congovirtuel.com\/information\/#\/schema\/logo\/image\/"},"sameAs":["https:\/\/web.facebook.com\/Congovirtuel-763617960319601\/?ref=aymt_homepage_panel&amp;amp;amp;amp;amp;amp;amp;amp;amp;amp;amp;eid=ARCoxULa66767kIgF_KYav6VdjXTI4yk_LW4yoVO9s6NXpysgb7Cb65vpxcxgqzOAKvIbLQxaAETcqHT","https:\/\/x.com\/congovirtuel","https:\/\/www.youtube.com\/channel\/UCkFfprYzGgS3EWNpeMXpToQ?view_as=subscriber"]},{"@type":"Person","@id":"https:\/\/congovirtuel.com\/information\/#\/schema\/person\/739a44bf7990966cb53d58d2fdeca0b6","name":"infocongovirtuel","image":{"@type":"ImageObject","inLanguage":"fr-FR","@id":"https:\/\/secure.gravatar.com\/avatar\/4d76991aa72469f0eb22e772586c99113c6997f88da636a9db8f2ce3a2c05e69?s=96&d=mm&r=g","url":"https:\/\/secure.gravatar.com\/avatar\/4d76991aa72469f0eb22e772586c99113c6997f88da636a9db8f2ce3a2c05e69?s=96&d=mm&r=g","contentUrl":"https:\/\/secure.gravatar.com\/avatar\/4d76991aa72469f0eb22e772586c99113c6997f88da636a9db8f2ce3a2c05e69?s=96&d=mm&r=g","caption":"infocongovirtuel"},"url":"https:\/\/congovirtuel.com\/information\/author\/infocongovirtuel\/"}]}},"gt_translate_keys":[{"key":"link","format":"url"}],"_links":{"self":[{"href":"https:\/\/congovirtuel.com\/information\/wp-json\/wp\/v2\/posts\/9043","targetHints":{"allow":["GET"]}}],"collection":[{"href":"https:\/\/congovirtuel.com\/information\/wp-json\/wp\/v2\/posts"}],"about":[{"href":"https:\/\/congovirtuel.com\/information\/wp-json\/wp\/v2\/types\/post"}],"author":[{"embeddable":true,"href":"https:\/\/congovirtuel.com\/information\/wp-json\/wp\/v2\/users\/1"}],"replies":[{"embeddable":true,"href":"https:\/\/congovirtuel.com\/information\/wp-json\/wp\/v2\/comments?post=9043"}],"version-history":[{"count":1,"href":"https:\/\/congovirtuel.com\/information\/wp-json\/wp\/v2\/posts\/9043\/revisions"}],"predecessor-version":[{"id":9046,"href":"https:\/\/congovirtuel.com\/information\/wp-json\/wp\/v2\/posts\/9043\/revisions\/9046"}],"wp:featuredmedia":[{"embeddable":true,"href":"https:\/\/congovirtuel.com\/information\/wp-json\/wp\/v2\/media\/9045"}],"wp:attachment":[{"href":"https:\/\/congovirtuel.com\/information\/wp-json\/wp\/v2\/media?parent=9043"}],"wp:term":[{"taxonomy":"category","embeddable":true,"href":"https:\/\/congovirtuel.com\/information\/wp-json\/wp\/v2\/categories?post=9043"},{"taxonomy":"post_tag","embeddable":true,"href":"https:\/\/congovirtuel.com\/information\/wp-json\/wp\/v2\/tags?post=9043"}],"curies":[{"name":"wp","href":"https:\/\/api.w.org\/{rel}","templated":true}]}}