{"id":91,"date":"2018-11-02T08:58:26","date_gmt":"2018-11-02T07:58:26","guid":{"rendered":"https:\/\/congovirtuel.com\/information\/?p=91"},"modified":"2018-11-02T08:58:26","modified_gmt":"2018-11-02T07:58:26","slug":"les-tops-africaines-des-belles-qui-ne-se-taisent-pas","status":"publish","type":"post","link":"https:\/\/congovirtuel.com\/information\/les-tops-africaines-des-belles-qui-ne-se-taisent-pas\/","title":{"rendered":"Les tops africaines, des belles qui ne se taisent pas","gt_translate_keys":[{"key":"rendered","format":"text"}]},"content":{"rendered":"<p style=\"text-align: justify;\">De plus en plus pr\u00e9sents sur les podiums, des mannequins du continent cassent les clich\u00e9s sur l\u2019Afrique et sensibilisent au sort des r\u00e9fugi\u00e9s.<\/p>\n<p><img loading=\"lazy\" decoding=\"async\" class=\"alignnone size-medium wp-image-92\" src=\"https:\/\/congovirtuel.com\/information\/wp-content\/uploads\/2018\/11\/mannequin2-200x300.jpg\" alt=\"\" width=\"200\" height=\"300\" srcset=\"https:\/\/congovirtuel.com\/information\/wp-content\/uploads\/2018\/11\/mannequin2-200x300.jpg 200w, https:\/\/congovirtuel.com\/information\/wp-content\/uploads\/2018\/11\/mannequin2.jpg 768w, https:\/\/congovirtuel.com\/information\/wp-content\/uploads\/2018\/11\/mannequin2-683x1024.jpg 683w\" sizes=\"auto, (max-width: 200px) 100vw, 200px\" \/><\/p>\n<h2 class=\"taille_courante\" style=\"text-align: justify;\">D\u2019abord, elles se sont battues pour se\u00a0<a class=\"lien_interne conjug\" title=\"Conjugaison du verbe faire\" href=\"https:\/\/conjugaison.lemonde.fr\/conjugaison\/troisieme-groupe\/faire\/\" target=\"_blank\" rel=\"noopener\">faire<\/a>\u00a0une place. Aujourd\u2019hui, c\u2019est leur voix, leur message qu\u2019on commence \u00e0\u00a0<a class=\"lien_interne conjug\" title=\"Conjugaison du verbe capter\" href=\"https:\/\/conjugaison.lemonde.fr\/conjugaison\/premier-groupe\/capter\/\" target=\"_blank\" rel=\"noopener\">capter<\/a>. Apr\u00e8s des d\u00e9cennies de lutte pour\u00a0<a class=\"lien_interne conjug\" title=\"Conjugaison du verbe rejoindre\" href=\"https:\/\/conjugaison.lemonde.fr\/conjugaison\/troisieme-groupe\/rejoindre\/\" target=\"_blank\" rel=\"noopener\">rejoindre<\/a>\u00a0les podiums et la \u00ab\u00a0une\u00a0\u00bb des magazines qui comptent, les mannequins noirs africains veulent faire\u00a0<a class=\"lien_interne conjug\" title=\"Conjugaison du verbe entendre\" href=\"https:\/\/conjugaison.lemonde.fr\/conjugaison\/troisieme-groupe\/entendre\/\" target=\"_blank\" rel=\"noopener\">entendre<\/a>\u00a0un message politique sur leur continent. Sur les r\u00e9fugi\u00e9s, la place des migrants dans les soci\u00e9t\u00e9s d\u2019accueil et leur capacit\u00e9 \u00e0\u00a0<a class=\"lien_interne conjug\" title=\"Conjugaison du verbe r\u00e9aliser\" href=\"https:\/\/conjugaison.lemonde.fr\/conjugaison\/premier-groupe\/r%C3%A9aliser\/\" target=\"_blank\" rel=\"noopener\">r\u00e9aliser<\/a>\u00a0leurs r\u00eaves, leurs prises de parole multiformes veulent aussi\u00a0<a class=\"lien_interne conjug\" title=\"Conjugaison du verbe casser\" href=\"https:\/\/conjugaison.lemonde.fr\/conjugaison\/premier-groupe\/casser\/\" target=\"_blank\" rel=\"noopener\">casser<\/a>\u00a0les clich\u00e9s que le monde occidental tra\u00eene sur l\u2019Afrique.<\/h2>\n<p style=\"text-align: justify;\">En chef de file du moment\u00a0: Adut Akech. La Soudano-Australienne, qui allie le port de t\u00eate altier de ces reines des mythologies lointaines au pas chaloup\u00e9 de ces\u00a0<em>\u00ab\u00a0grandes filles luisantes\u00a0\u00bb<\/em>\u00a0qu\u2019invoque le po\u00e8te Saint-John Perse, a \u00e9t\u00e9 rebaptis\u00e9e\u00a0<em>\u00ab\u00a0mannequin de la saison\u00a0\u00bb<\/em>\u00a0par le magazine\u00a0<em>Elle\u00a0<\/em>pour\u00a0<a class=\"lien_interne conjug\" title=\"Conjugaison du verbe avoir\" href=\"https:\/\/conjugaison.lemonde.fr\/conjugaison\/auxiliaire\/avoir\/\" target=\"_blank\" rel=\"noopener\">avoir<\/a>,<em>\u00a0<\/em>\u00e0 19\u00a0ans, incarn\u00e9 cet \u00e9t\u00e9 la tr\u00e8s statutaire mari\u00e9e Chanel lors de la Fashion Week parisienne. Une v\u00e9ritable victoire, certes, mais qui ne lui suffit pas.<\/p>\n<p style=\"text-align: justify;\"><img loading=\"lazy\" decoding=\"async\" class=\"alignnone size-medium wp-image-93\" src=\"https:\/\/congovirtuel.com\/information\/wp-content\/uploads\/2018\/11\/mannequin3-300x200.jpg\" alt=\"\" width=\"300\" height=\"200\" srcset=\"https:\/\/congovirtuel.com\/information\/wp-content\/uploads\/2018\/11\/mannequin3-300x200.jpg 300w, https:\/\/congovirtuel.com\/information\/wp-content\/uploads\/2018\/11\/mannequin3.jpg 768w\" sizes=\"auto, (max-width: 300px) 100vw, 300px\" \/><\/p>\n<p style=\"text-align: justify;\">Car Adut Akech a aussi des choses \u00e0\u00a0<a class=\"lien_interne conjug\" title=\"Conjugaison du verbe dire\" href=\"https:\/\/conjugaison.lemonde.fr\/conjugaison\/troisieme-groupe\/dire\/\" target=\"_blank\" rel=\"noopener\">dire<\/a>. En septembre, sur la cha\u00eene CNN Style, elle rappelait que, m\u00eame si elle devenait\u00a0<em>\u00ab\u00a0le mannequin le plus riche du monde\u00a0\u00bb,\u00a0<\/em>elle resterait\u00a0<em>\u00ab\u00a0toujours une r\u00e9fugi\u00e9e\u00a0\u00bb.\u00a0<\/em>La jeune femme, arriv\u00e9e en Australie \u00e0 7\u00a0ans apr\u00e8s avoir fui avec sa m\u00e8re les combats de ce qui n\u2019\u00e9tait pas encore le Soudan du Sud vers un camp au Kenya, n\u2019a rien oubli\u00e9 du combat quotidien pour avoir ne serait-ce qu\u2019un repas.\u00a0<em>\u00ab\u00a0En arrivant en Australie, j\u2019ai promis \u00e0 ma m\u00e8re de\u00a0<a class=\"lien_interne conjug\" title=\"Conjugaison du verbe terminer\" href=\"https:\/\/conjugaison.lemonde.fr\/conjugaison\/premier-groupe\/terminer\/\" target=\"_blank\" rel=\"noopener\">terminer<\/a>\u00a0mes \u00e9tudes, de lui\u00a0<a class=\"lien_interne conjug\" title=\"Conjugaison du verbe acheter\" href=\"https:\/\/conjugaison.lemonde.fr\/conjugaison\/premier-groupe\/acheter\/\" target=\"_blank\" rel=\"noopener\">acheter<\/a>une voiture et de faire quelque chose de ma vie\u00a0<\/em>[\u2026].<em>\u00a0Peu importe qui vous \u00eates, d\u2019o\u00f9 vous venez ou ce que vous avez, tant que vous avez un r\u00eave il est r\u00e9alisable\u00a0\u00bb<\/em>, a-t-elle expliqu\u00e9 au\u00a0<em>Vogue<\/em>\u00a0australien en guise de message d\u2019espoir pour les autres r\u00e9fugi\u00e9s.<\/p>\n<p style=\"text-align: justify;\"><img loading=\"lazy\" decoding=\"async\" class=\"alignnone size-medium wp-image-94\" src=\"https:\/\/congovirtuel.com\/information\/wp-content\/uploads\/2018\/11\/mannequin4-240x300.jpg\" alt=\"\" width=\"240\" height=\"300\" srcset=\"https:\/\/congovirtuel.com\/information\/wp-content\/uploads\/2018\/11\/mannequin4-240x300.jpg 240w, https:\/\/congovirtuel.com\/information\/wp-content\/uploads\/2018\/11\/mannequin4.jpg 768w\" sizes=\"auto, (max-width: 240px) 100vw, 240px\" \/><\/p>\n<h2 class=\"intertitre\" style=\"text-align: justify;\">Faire\u00a0<a class=\"lien_interne conjug\" title=\"Conjugaison du verbe bouger\" href=\"https:\/\/conjugaison.lemonde.fr\/conjugaison\/premier-groupe\/bouger\/\" target=\"_blank\" rel=\"noopener\">bouger<\/a>\u00a0les repr\u00e9sentations<\/h2>\n<p style=\"text-align: justify;\">Aujourd\u2019hui, elle veut\u00a0<a class=\"lien_interne conjug\" title=\"Conjugaison du verbe r\u00e9veiller\" href=\"https:\/\/conjugaison.lemonde.fr\/conjugaison\/premier-groupe\/r%C3%A9veiller\/\" target=\"_blank\" rel=\"noopener\">r\u00e9veiller<\/a>\u00a0l\u2019opinion, la\u00a0<a class=\"lien_interne conjug\" title=\"Conjugaison du verbe sensibiliser\" href=\"https:\/\/conjugaison.lemonde.fr\/conjugaison\/premier-groupe\/sensibiliser\/\" target=\"_blank\" rel=\"noopener\">sensibiliser<\/a>\u00a0\u00e0 leur sort et \u00e0 l\u2019avenir auquel ils ont aussi droit dans leur soci\u00e9t\u00e9 d\u2019accueil, comme l\u2019avait fait avant elle un autre mannequin, Alek Wek, r\u00e9fugi\u00e9e soudanaise elle aussi et auteur de\u00a0<em>From Sudanese Refugee to International Supermodel<\/em>\u00a0(\u00ab\u00a0de r\u00e9fugi\u00e9e soudanaise \u00e0 top-mod\u00e8le\u00a0\u00bb, non publi\u00e9 en France) en\u00a02007. Un t\u00e9moignage qui n\u2019avait pas r\u00e9sonn\u00e9 bien fort dans un contexte international o\u00f9 le th\u00e8me n\u2019\u00e9tait pas encore sur la table. Aujourd\u2019hui il l\u2019est, et Adut, elle, est la star du moment.<\/p>\n<p style=\"text-align: justify;\">En septembre, elle a pos\u00e9 pour le num\u00e9ro sp\u00e9cial mode de rentr\u00e9e de\u00a0<em>M<\/em>, le magazine du\u00a0<em>Monde<\/em>. Un mois avant que le m\u00eame hebdomadaire s\u2019arr\u00eate, cette semaine, sur la beaut\u00e9 afro, mettant en valeur les visages d\u2019une petite dizaine de jeunes tops en train de\u00a0<a class=\"lien_interne conjug\" title=\"Conjugaison du verbe conqu\u00e9rir\" href=\"https:\/\/conjugaison.lemonde.fr\/conjugaison\/troisieme-groupe\/conqu%C3%A9rir\/\" target=\"_blank\" rel=\"noopener\">conqu\u00e9rir<\/a>\u00a0New York ou Paris. D\u2019Imaan Hammam \u00e0 Haddy Ndure, en passant par Ayobami Okekunle ou Blesnya Minher, toutes ces jeunes femmes font aussi \u00e0 leur mani\u00e8re bouger les repr\u00e9sentations de l\u2019Afrique.<\/p>\n<p><script async src=\"\/\/pagead2.googlesyndication.com\/pagead\/js\/adsbygoogle.js\"><\/script><br \/>\n<!-- code responsive --><br \/>\n<ins class=\"adsbygoogle\"\n     style=\"display:block\"\n     data-ad-client=\"ca-pub-2119363214666215\"\n     data-ad-slot=\"1973679082\"\n     data-ad-format=\"auto\"><\/ins><br \/>\n<script>\n(adsbygoogle = window.adsbygoogle || []).push({});\n<\/script><\/p>\n<p><img loading=\"lazy\" decoding=\"async\" class=\"alignnone size-medium wp-image-95\" src=\"https:\/\/congovirtuel.com\/information\/wp-content\/uploads\/2018\/11\/mannequin5-240x300.jpg\" alt=\"\" width=\"240\" height=\"300\" srcset=\"https:\/\/congovirtuel.com\/information\/wp-content\/uploads\/2018\/11\/mannequin5-240x300.jpg 240w, https:\/\/congovirtuel.com\/information\/wp-content\/uploads\/2018\/11\/mannequin5.jpg 768w\" sizes=\"auto, (max-width: 240px) 100vw, 240px\" \/><\/p>\n<p style=\"text-align: justify;\">Ayobami Okekunle raconte le Nigeria o\u00f9 elle vivait il y a quelques ann\u00e9es encore, avant d\u2019\u00eatre rep\u00e9r\u00e9e lors d\u2019un casting en ligne. Blesnya Minher se fait, elle, le porte-voix d\u2019une autre Afrique, plus rurale, et n\u2019h\u00e9site pas \u00e0\u00a0<a class=\"lien_interne conjug\" title=\"Conjugaison du verbe rappeler\" href=\"https:\/\/conjugaison.lemonde.fr\/conjugaison\/premier-groupe\/rappeler\/\" target=\"_blank\" rel=\"noopener\">rappeler<\/a>\u00a0qu\u2019elle est n\u00e9e dans un petit village angolais\u00a0<em>\u00ab\u00a0d\u2019une beaut\u00e9 naturelle incroyable. Il y a des rivi\u00e8res, des for\u00eats, des animaux sauvages, et beaucoup de diamants\u00a0\u00bb,<\/em>\u00a0explique-t-elle mieux qu\u2019un rapport sur les richesses naturelles du continent. Apr\u00e8s avoir racont\u00e9 la solidarit\u00e9 entre voisins, elle conclut que\u00a0<em>\u00ab\u00a0dans ce genre de lieu, les enfants sont bien \u00e9lev\u00e9s, car, m\u00eame sans beaucoup de moyens financiers, nous grandissons dans un environnement aimant, conscients du sens de la vie\u00a0\u00bb<\/em>. Aussi superficiels que puissent\u00a0<a class=\"lien_interne conjug\" title=\"Conjugaison du verbe para\u00eetre\" href=\"https:\/\/conjugaison.lemonde.fr\/conjugaison\/troisieme-groupe\/para%C3%AEtre\/\" target=\"_blank\" rel=\"noopener\">para\u00eetre<\/a>\u00a0ces propos, ce message-l\u00e0 est n\u00e9cessaire \u00e0 la reconstruction de l\u2019Afrique dans les inconscients occidentaux o\u00f9 sont enracin\u00e9s trop de clich\u00e9s sur une ruralit\u00e9 de mis\u00e8re.<\/p>\n<p style=\"text-align: justify;\">Plus politique, Imaan Hamman fait aussi partie de celles qui revendiquent leur africanit\u00e9.\u00a0<em>\u00ab\u00a0Je suis mi-marocaine mi-\u00e9gyptienne mais je suis n\u00e9e \u00e0 Amsterdam. Je suis musulmane et hyperfi\u00e8re de mon h\u00e9ritage et de mes racines. Je veux\u00a0<a class=\"lien_interne conjug\" title=\"Conjugaison du verbe \u00eatre\" href=\"https:\/\/conjugaison.lemonde.fr\/conjugaison\/auxiliaire\/%C3%AAtre\/\" target=\"_blank\" rel=\"noopener\">\u00eatre<\/a>\u00a0un mod\u00e8le pour toutes les jeunes filles qui se battent contre le racisme et pour celles qui n\u2019acceptent pas leur look diff\u00e9rent ou la couleur de leur peau\u00a0\u00bb,<\/em>\u00a0insiste la jeune femme.\u00a0<em>\u00ab\u00a0J\u2019ai toujours eu Naomi Campbell comme mod\u00e8le de femme noire de\u00a0<a class=\"lien_interne conjug\" title=\"Conjugaison du verbe pouvoir\" href=\"https:\/\/conjugaison.lemonde.fr\/conjugaison\/troisieme-groupe\/pouvoir\/\" target=\"_blank\" rel=\"noopener\">pouvoir<\/a>. Mais je reconnais qu\u2019il n\u2019y a pas beaucoup de filles arabes dans ce milieu, alors, en tant que mannequin africain arabe, j\u2019essaie d\u2019ouvrir des portes pour davantage d\u2019entre elles.\u00a0\u00bb<\/em>\u00a0Le sujet est clairement \u00e9nonc\u00e9. Le combat aussi. M\u00eame s\u2019il ne date pas d\u2019hier.<\/p>\n<p><script async src=\"\/\/pagead2.googlesyndication.com\/pagead\/js\/adsbygoogle.js\"><\/script><br \/>\n<!-- code responsive --><br \/>\n<ins class=\"adsbygoogle\"\n     style=\"display:block\"\n     data-ad-client=\"ca-pub-2119363214666215\"\n     data-ad-slot=\"1973679082\"\n     data-ad-format=\"auto\"><\/ins><br \/>\n<script>\n(adsbygoogle = window.adsbygoogle || []).push({});\n<\/script><\/p>\n<h2 class=\"intertitre\" style=\"text-align: justify;\">\u00ab\u00a0Appartenance \u00e0 une classe dominante\u00a0\u00bb<\/h2>\n<p style=\"text-align: justify;\">Ces prises de parole iront-elles plus loin\u00a0? La question reste ouverte. Un des rares \u00e0\u00a0<a class=\"lien_interne conjug\" title=\"Conjugaison du verbe penser\" href=\"https:\/\/conjugaison.lemonde.fr\/conjugaison\/premier-groupe\/penser\/\" target=\"_blank\" rel=\"noopener\">penser<\/a>\u00a0le sujet de l\u2019int\u00e9rieur est Benjamin Simmenauer, professeur \u00e0 l\u2019Institut fran\u00e7ais de la mode. Il d\u00e9clarait dans un article du journal suisse\u00a0<em>Le Temps<\/em>\u00a0du 3\u00a0septembre 2017 que\u00a0<em>\u00ab\u00a0la mode n\u2019a jamais cherch\u00e9 \u00e0 \u00eatre un miroir de la soci\u00e9t\u00e9 dans son ensemble. Au contraire, il s\u2019agit \u00e0 l\u2019origine de\u00a0<a class=\"lien_interne conjug\" title=\"Conjugaison du verbe fournir\" href=\"https:\/\/conjugaison.lemonde.fr\/conjugaison\/deuxieme-groupe\/fournir\/\" target=\"_blank\" rel=\"noopener\">fournir<\/a>\u00a0\u00e0 des individus les signes d\u2019appartenance \u00e0 une classe sociale dominante. Or, la plupart des marques de luxe sont europ\u00e9ennes, et encore enracin\u00e9es dans les traditions aristocratiques europ\u00e9ennes, qu\u2019elles en soient conscientes ou non\u00a0\u00bb.<\/em><\/p>\n<p style=\"text-align: justify;\">Reste que le monde bouge, et que les mannequins ni blancs ni blonds s\u2019installent. A l\u2019automne 2017, le site The Fashion Spot a m\u00eame calcul\u00e9 que ces tops\u00a0<em>\u00ab\u00a0issues de la diversit\u00e9\u00a0\u00bb,\u00a0<\/em>selon la formule consacr\u00e9e, s\u2019\u00e9taient vu\u00a0<a class=\"lien_interne conjug\" title=\"Conjugaison du verbe confier\" href=\"https:\/\/conjugaison.lemonde.fr\/conjugaison\/premier-groupe\/confier\/\" target=\"_blank\" rel=\"noopener\">confier<\/a>\u00a0un tiers des campagnes.<\/p>\n<p style=\"text-align: justify;\">Est-ce parce qu\u2019ils manquaient trop \u00e0 l\u2019appel\u00a0? Parce que les canons de la beaut\u00e9 sont en train de s\u2019ouvrir\u00a0? Ou pour\u00a0<a class=\"lien_interne conjug\" title=\"Conjugaison du verbe satisfaire\" href=\"https:\/\/conjugaison.lemonde.fr\/conjugaison\/troisieme-groupe\/satisfaire\/\" target=\"_blank\" rel=\"noopener\">satisfaire<\/a>\u00a0une classe sup\u00e9rieure noire fortun\u00e9e qui cherche des porte-griffe qui lui ressemblent\u00a0? Difficile de\u00a0<a class=\"lien_interne conjug\" title=\"Conjugaison du verbe d\u00e9m\u00ealer\" href=\"https:\/\/conjugaison.lemonde.fr\/conjugaison\/premier-groupe\/d%C3%A9m%C3%AAler\/\" target=\"_blank\" rel=\"noopener\">d\u00e9m\u00ealer<\/a>\u00a0pourquoi cette industrie qui a trop longtemps nourri les imaginaires de blondes aux yeux clairs tente de\u00a0<a class=\"lien_interne conjug\" title=\"Conjugaison du verbe rattraper\" href=\"https:\/\/conjugaison.lemonde.fr\/conjugaison\/premier-groupe\/rattraper\/\" target=\"_blank\" rel=\"noopener\">rattraper<\/a>\u00a0son retard. Quelle que soit l\u2019explication, l\u2019Afrique compte d\u00e9sormais dans le secteur, o\u00f9 elle rend parfois visibles d\u2019autres sujets qu\u2019elle-m\u00eame. Ainsi du mod\u00e8le somalien Halima Aden, qui a r\u00e9ussi \u00e0 s\u2019imposer sur les podiums avec son hidjab, se faisant le porte-voix d\u2019une femme musulmane moderne. Et avec ce geste elle ouvre un autre d\u00e9bat, au moins aussi politique que la repr\u00e9sentation de l\u2019Afrique.<\/p>\n<p><script async src=\"\/\/pagead2.googlesyndication.com\/pagead\/js\/adsbygoogle.js\"><\/script><br \/>\n<!-- code responsive --><br \/>\n<ins class=\"adsbygoogle\"\n     style=\"display:block\"\n     data-ad-client=\"ca-pub-2119363214666215\"\n     data-ad-slot=\"1973679082\"\n     data-ad-format=\"auto\"><\/ins><br \/>\n<script>\n(adsbygoogle = window.adsbygoogle || []).push({});\n<\/script><\/p>\n","protected":false,"gt_translate_keys":[{"key":"rendered","format":"html"}]},"excerpt":{"rendered":"<p>De plus en plus pr\u00e9sents sur les podiums, des mannequins du continent cassent les clich\u00e9s sur l\u2019Afrique et sensibilisent au sort des r\u00e9fugi\u00e9s. D\u2019abord, elles se sont battues pour se\u00a0faire\u00a0une place. Aujourd\u2019hui, c\u2019est leur voix, leur message qu\u2019on commence \u00e0\u00a0capter. Apr\u00e8s des d\u00e9cennies de lutte pour\u00a0rejoindre\u00a0les podiums et la \u00ab\u00a0une\u00a0\u00bb des magazines qui comptent, les mannequins noirs africains veulent faire\u00a0entendre\u00a0un message politique sur leur continent. Sur les r\u00e9fugi\u00e9s, la place des migrants dans les soci\u00e9t\u00e9s d\u2019accueil et leur capacit\u00e9 \u00e0\u00a0r\u00e9aliser\u00a0leurs r\u00eaves, leurs prises de parole multiformes veulent aussi\u00a0casser\u00a0les clich\u00e9s que&hellip;<\/p>\n","protected":false,"gt_translate_keys":[{"key":"rendered","format":"html"}]},"author":1,"featured_media":96,"comment_status":"open","ping_status":"open","sticky":false,"template":"","format":"standard","meta":{"_crdt_document":"","footnotes":""},"categories":[6],"tags":[],"class_list":["post-91","post","type-post","status-publish","format-standard","has-post-thumbnail","hentry","category-internationale"],"gutentor_comment":0,"yoast_head":"<!-- This site is optimized with the Yoast SEO plugin v27.5 - https:\/\/yoast.com\/product\/yoast-seo-wordpress\/ -->\n<title>Les tops africaines, des belles qui ne se taisent pas - Actualit\u00e9s congolaises et internationales<\/title>\n<meta name=\"robots\" content=\"index, follow, max-snippet:-1, max-image-preview:large, max-video-preview:-1\" \/>\n<link rel=\"canonical\" href=\"https:\/\/congovirtuel.com\/information\/les-tops-africaines-des-belles-qui-ne-se-taisent-pas\/\" \/>\n<meta property=\"og:locale\" content=\"fr_FR\" \/>\n<meta property=\"og:type\" content=\"article\" \/>\n<meta property=\"og:title\" content=\"Les tops africaines, des belles qui ne se taisent pas - Actualit\u00e9s congolaises et internationales\" \/>\n<meta property=\"og:description\" content=\"De plus en plus pr\u00e9sents sur les podiums, des mannequins du continent cassent les clich\u00e9s sur l\u2019Afrique et sensibilisent au sort des r\u00e9fugi\u00e9s. D\u2019abord, elles se sont battues pour se\u00a0faire\u00a0une place. Aujourd\u2019hui, c\u2019est leur voix, leur message qu\u2019on commence \u00e0\u00a0capter. Apr\u00e8s des d\u00e9cennies de lutte pour\u00a0rejoindre\u00a0les podiums et la \u00ab\u00a0une\u00a0\u00bb des magazines qui comptent, les mannequins noirs africains veulent faire\u00a0entendre\u00a0un message politique sur leur continent. Sur les r\u00e9fugi\u00e9s, la place des migrants dans les soci\u00e9t\u00e9s d\u2019accueil et leur capacit\u00e9 \u00e0\u00a0r\u00e9aliser\u00a0leurs r\u00eaves, leurs prises de parole multiformes veulent aussi\u00a0casser\u00a0les clich\u00e9s que&hellip;\" \/>\n<meta property=\"og:url\" content=\"https:\/\/congovirtuel.com\/information\/les-tops-africaines-des-belles-qui-ne-se-taisent-pas\/\" \/>\n<meta property=\"og:site_name\" content=\"Actualit\u00e9s congolaises et internationales\" \/>\n<meta property=\"article:publisher\" content=\"https:\/\/web.facebook.com\/Congovirtuel-763617960319601\/?ref=aymt_homepage_panel&amp;amp%3bamp%3bamp%3bamp%3bamp%3bamp%3bamp%3bamp%3bamp%3bamp%3bamp%3beid=ARCoxULa66767kIgF_KYav6VdjXTI4yk_LW4yoVO9s6NXpysgb7Cb65vpxcxgqzOAKvIbLQxaAETcqHT\" \/>\n<meta property=\"article:published_time\" content=\"2018-11-02T07:58:26+00:00\" \/>\n<meta property=\"og:image\" content=\"https:\/\/congovirtuel.com\/information\/wp-content\/uploads\/2018\/11\/mannequin.jpg\" \/>\n\t<meta property=\"og:image:width\" content=\"768\" \/>\n\t<meta property=\"og:image:height\" content=\"650\" \/>\n\t<meta property=\"og:image:type\" content=\"image\/jpeg\" \/>\n<meta name=\"author\" content=\"infocongovirtuel\" \/>\n<meta name=\"twitter:card\" content=\"summary_large_image\" \/>\n<meta name=\"twitter:creator\" content=\"@congovirtuel\" \/>\n<meta name=\"twitter:site\" content=\"@congovirtuel\" \/>\n<meta name=\"twitter:label1\" content=\"\u00c9crit par\" \/>\n\t<meta name=\"twitter:data1\" content=\"infocongovirtuel\" \/>\n\t<meta name=\"twitter:label2\" content=\"Dur\u00e9e de lecture estim\u00e9e\" \/>\n\t<meta name=\"twitter:data2\" content=\"6 minutes\" \/>\n<script type=\"application\/ld+json\" class=\"yoast-schema-graph\">{\"@context\":\"https:\\\/\\\/schema.org\",\"@graph\":[{\"@type\":\"Article\",\"@id\":\"https:\\\/\\\/congovirtuel.com\\\/information\\\/les-tops-africaines-des-belles-qui-ne-se-taisent-pas\\\/#article\",\"isPartOf\":{\"@id\":\"https:\\\/\\\/congovirtuel.com\\\/information\\\/les-tops-africaines-des-belles-qui-ne-se-taisent-pas\\\/\"},\"author\":{\"name\":\"infocongovirtuel\",\"@id\":\"https:\\\/\\\/congovirtuel.com\\\/information\\\/#\\\/schema\\\/person\\\/739a44bf7990966cb53d58d2fdeca0b6\"},\"headline\":\"Les tops africaines, des belles qui ne se taisent pas\",\"datePublished\":\"2018-11-02T07:58:26+00:00\",\"mainEntityOfPage\":{\"@id\":\"https:\\\/\\\/congovirtuel.com\\\/information\\\/les-tops-africaines-des-belles-qui-ne-se-taisent-pas\\\/\"},\"wordCount\":1169,\"commentCount\":0,\"publisher\":{\"@id\":\"https:\\\/\\\/congovirtuel.com\\\/information\\\/#organization\"},\"image\":{\"@id\":\"https:\\\/\\\/congovirtuel.com\\\/information\\\/les-tops-africaines-des-belles-qui-ne-se-taisent-pas\\\/#primaryimage\"},\"thumbnailUrl\":\"https:\\\/\\\/congovirtuel.com\\\/information\\\/wp-content\\\/uploads\\\/2018\\\/11\\\/mannequin.jpg\",\"articleSection\":[\"Internationale\"],\"inLanguage\":\"fr-FR\",\"potentialAction\":[{\"@type\":\"CommentAction\",\"name\":\"Comment\",\"target\":[\"https:\\\/\\\/congovirtuel.com\\\/information\\\/les-tops-africaines-des-belles-qui-ne-se-taisent-pas\\\/#respond\"]}]},{\"@type\":\"WebPage\",\"@id\":\"https:\\\/\\\/congovirtuel.com\\\/information\\\/les-tops-africaines-des-belles-qui-ne-se-taisent-pas\\\/\",\"url\":\"https:\\\/\\\/congovirtuel.com\\\/information\\\/les-tops-africaines-des-belles-qui-ne-se-taisent-pas\\\/\",\"name\":\"Les tops africaines, des belles qui ne se taisent pas - Actualit\u00e9s congolaises et internationales\",\"isPartOf\":{\"@id\":\"https:\\\/\\\/congovirtuel.com\\\/information\\\/#website\"},\"primaryImageOfPage\":{\"@id\":\"https:\\\/\\\/congovirtuel.com\\\/information\\\/les-tops-africaines-des-belles-qui-ne-se-taisent-pas\\\/#primaryimage\"},\"image\":{\"@id\":\"https:\\\/\\\/congovirtuel.com\\\/information\\\/les-tops-africaines-des-belles-qui-ne-se-taisent-pas\\\/#primaryimage\"},\"thumbnailUrl\":\"https:\\\/\\\/congovirtuel.com\\\/information\\\/wp-content\\\/uploads\\\/2018\\\/11\\\/mannequin.jpg\",\"datePublished\":\"2018-11-02T07:58:26+00:00\",\"breadcrumb\":{\"@id\":\"https:\\\/\\\/congovirtuel.com\\\/information\\\/les-tops-africaines-des-belles-qui-ne-se-taisent-pas\\\/#breadcrumb\"},\"inLanguage\":\"fr-FR\",\"potentialAction\":[{\"@type\":\"ReadAction\",\"target\":[\"https:\\\/\\\/congovirtuel.com\\\/information\\\/les-tops-africaines-des-belles-qui-ne-se-taisent-pas\\\/\"]}]},{\"@type\":\"ImageObject\",\"inLanguage\":\"fr-FR\",\"@id\":\"https:\\\/\\\/congovirtuel.com\\\/information\\\/les-tops-africaines-des-belles-qui-ne-se-taisent-pas\\\/#primaryimage\",\"url\":\"https:\\\/\\\/congovirtuel.com\\\/information\\\/wp-content\\\/uploads\\\/2018\\\/11\\\/mannequin.jpg\",\"contentUrl\":\"https:\\\/\\\/congovirtuel.com\\\/information\\\/wp-content\\\/uploads\\\/2018\\\/11\\\/mannequin.jpg\",\"width\":768,\"height\":650},{\"@type\":\"BreadcrumbList\",\"@id\":\"https:\\\/\\\/congovirtuel.com\\\/information\\\/les-tops-africaines-des-belles-qui-ne-se-taisent-pas\\\/#breadcrumb\",\"itemListElement\":[{\"@type\":\"ListItem\",\"position\":1,\"name\":\"Accueil\",\"item\":\"https:\\\/\\\/congovirtuel.com\\\/information\\\/\"},{\"@type\":\"ListItem\",\"position\":2,\"name\":\"Les tops africaines, des belles qui ne se taisent pas\"}]},{\"@type\":\"WebSite\",\"@id\":\"https:\\\/\\\/congovirtuel.com\\\/information\\\/#website\",\"url\":\"https:\\\/\\\/congovirtuel.com\\\/information\\\/\",\"name\":\"Actualit\u00e9s congolaises et internationales\",\"description\":\"site d&#039;analyse et de traitement d&#039;information\",\"publisher\":{\"@id\":\"https:\\\/\\\/congovirtuel.com\\\/information\\\/#organization\"},\"potentialAction\":[{\"@type\":\"SearchAction\",\"target\":{\"@type\":\"EntryPoint\",\"urlTemplate\":\"https:\\\/\\\/congovirtuel.com\\\/information\\\/?s={search_term_string}\"},\"query-input\":{\"@type\":\"PropertyValueSpecification\",\"valueRequired\":true,\"valueName\":\"search_term_string\"}}],\"inLanguage\":\"fr-FR\"},{\"@type\":\"Organization\",\"@id\":\"https:\\\/\\\/congovirtuel.com\\\/information\\\/#organization\",\"name\":\"Biblioth\u00e8que Virtuelle de la RDC\",\"url\":\"https:\\\/\\\/congovirtuel.com\\\/information\\\/\",\"logo\":{\"@type\":\"ImageObject\",\"inLanguage\":\"fr-FR\",\"@id\":\"https:\\\/\\\/congovirtuel.com\\\/information\\\/#\\\/schema\\\/logo\\\/image\\\/\",\"url\":\"https:\\\/\\\/congovirtuel.com\\\/information\\\/wp-content\\\/uploads\\\/2018\\\/10\\\/header-info-congovirtuel-vraie.jpg\",\"contentUrl\":\"https:\\\/\\\/congovirtuel.com\\\/information\\\/wp-content\\\/uploads\\\/2018\\\/10\\\/header-info-congovirtuel-vraie.jpg\",\"width\":728,\"height\":90,\"caption\":\"Biblioth\u00e8que Virtuelle de la RDC\"},\"image\":{\"@id\":\"https:\\\/\\\/congovirtuel.com\\\/information\\\/#\\\/schema\\\/logo\\\/image\\\/\"},\"sameAs\":[\"https:\\\/\\\/web.facebook.com\\\/Congovirtuel-763617960319601\\\/?ref=aymt_homepage_panel&amp;amp;amp;amp;amp;amp;amp;amp;amp;amp;amp;eid=ARCoxULa66767kIgF_KYav6VdjXTI4yk_LW4yoVO9s6NXpysgb7Cb65vpxcxgqzOAKvIbLQxaAETcqHT\",\"https:\\\/\\\/x.com\\\/congovirtuel\",\"https:\\\/\\\/www.youtube.com\\\/channel\\\/UCkFfprYzGgS3EWNpeMXpToQ?view_as=subscriber\"]},{\"@type\":\"Person\",\"@id\":\"https:\\\/\\\/congovirtuel.com\\\/information\\\/#\\\/schema\\\/person\\\/739a44bf7990966cb53d58d2fdeca0b6\",\"name\":\"infocongovirtuel\",\"image\":{\"@type\":\"ImageObject\",\"inLanguage\":\"fr-FR\",\"@id\":\"https:\\\/\\\/secure.gravatar.com\\\/avatar\\\/4d76991aa72469f0eb22e772586c99113c6997f88da636a9db8f2ce3a2c05e69?s=96&d=mm&r=g\",\"url\":\"https:\\\/\\\/secure.gravatar.com\\\/avatar\\\/4d76991aa72469f0eb22e772586c99113c6997f88da636a9db8f2ce3a2c05e69?s=96&d=mm&r=g\",\"contentUrl\":\"https:\\\/\\\/secure.gravatar.com\\\/avatar\\\/4d76991aa72469f0eb22e772586c99113c6997f88da636a9db8f2ce3a2c05e69?s=96&d=mm&r=g\",\"caption\":\"infocongovirtuel\"},\"url\":\"https:\\\/\\\/congovirtuel.com\\\/information\\\/author\\\/infocongovirtuel\\\/\"}]}<\/script>\n<!-- \/ Yoast SEO plugin. -->","yoast_head_json":{"title":"Les tops africaines, des belles qui ne se taisent pas - Actualit\u00e9s congolaises et internationales","robots":{"index":"index","follow":"follow","max-snippet":"max-snippet:-1","max-image-preview":"max-image-preview:large","max-video-preview":"max-video-preview:-1"},"canonical":"https:\/\/congovirtuel.com\/information\/les-tops-africaines-des-belles-qui-ne-se-taisent-pas\/","og_locale":"fr_FR","og_type":"article","og_title":"Les tops africaines, des belles qui ne se taisent pas - Actualit\u00e9s congolaises et internationales","og_description":"De plus en plus pr\u00e9sents sur les podiums, des mannequins du continent cassent les clich\u00e9s sur l\u2019Afrique et sensibilisent au sort des r\u00e9fugi\u00e9s. D\u2019abord, elles se sont battues pour se\u00a0faire\u00a0une place. Aujourd\u2019hui, c\u2019est leur voix, leur message qu\u2019on commence \u00e0\u00a0capter. Apr\u00e8s des d\u00e9cennies de lutte pour\u00a0rejoindre\u00a0les podiums et la \u00ab\u00a0une\u00a0\u00bb des magazines qui comptent, les mannequins noirs africains veulent faire\u00a0entendre\u00a0un message politique sur leur continent. Sur les r\u00e9fugi\u00e9s, la place des migrants dans les soci\u00e9t\u00e9s d\u2019accueil et leur capacit\u00e9 \u00e0\u00a0r\u00e9aliser\u00a0leurs r\u00eaves, leurs prises de parole multiformes veulent aussi\u00a0casser\u00a0les clich\u00e9s que&hellip;","og_url":"https:\/\/congovirtuel.com\/information\/les-tops-africaines-des-belles-qui-ne-se-taisent-pas\/","og_site_name":"Actualit\u00e9s congolaises et internationales","article_publisher":"https:\/\/web.facebook.com\/Congovirtuel-763617960319601\/?ref=aymt_homepage_panel&amp%3bamp%3bamp%3bamp%3bamp%3bamp%3bamp%3bamp%3bamp%3bamp%3bamp%3beid=ARCoxULa66767kIgF_KYav6VdjXTI4yk_LW4yoVO9s6NXpysgb7Cb65vpxcxgqzOAKvIbLQxaAETcqHT","article_published_time":"2018-11-02T07:58:26+00:00","og_image":[{"width":768,"height":650,"url":"https:\/\/congovirtuel.com\/information\/wp-content\/uploads\/2018\/11\/mannequin.jpg","type":"image\/jpeg"}],"author":"infocongovirtuel","twitter_card":"summary_large_image","twitter_creator":"@congovirtuel","twitter_site":"@congovirtuel","twitter_misc":{"\u00c9crit par":"infocongovirtuel","Dur\u00e9e de lecture estim\u00e9e":"6 minutes"},"schema":{"@context":"https:\/\/schema.org","@graph":[{"@type":"Article","@id":"https:\/\/congovirtuel.com\/information\/les-tops-africaines-des-belles-qui-ne-se-taisent-pas\/#article","isPartOf":{"@id":"https:\/\/congovirtuel.com\/information\/les-tops-africaines-des-belles-qui-ne-se-taisent-pas\/"},"author":{"name":"infocongovirtuel","@id":"https:\/\/congovirtuel.com\/information\/#\/schema\/person\/739a44bf7990966cb53d58d2fdeca0b6"},"headline":"Les tops africaines, des belles qui ne se taisent pas","datePublished":"2018-11-02T07:58:26+00:00","mainEntityOfPage":{"@id":"https:\/\/congovirtuel.com\/information\/les-tops-africaines-des-belles-qui-ne-se-taisent-pas\/"},"wordCount":1169,"commentCount":0,"publisher":{"@id":"https:\/\/congovirtuel.com\/information\/#organization"},"image":{"@id":"https:\/\/congovirtuel.com\/information\/les-tops-africaines-des-belles-qui-ne-se-taisent-pas\/#primaryimage"},"thumbnailUrl":"https:\/\/congovirtuel.com\/information\/wp-content\/uploads\/2018\/11\/mannequin.jpg","articleSection":["Internationale"],"inLanguage":"fr-FR","potentialAction":[{"@type":"CommentAction","name":"Comment","target":["https:\/\/congovirtuel.com\/information\/les-tops-africaines-des-belles-qui-ne-se-taisent-pas\/#respond"]}]},{"@type":"WebPage","@id":"https:\/\/congovirtuel.com\/information\/les-tops-africaines-des-belles-qui-ne-se-taisent-pas\/","url":"https:\/\/congovirtuel.com\/information\/les-tops-africaines-des-belles-qui-ne-se-taisent-pas\/","name":"Les tops africaines, des belles qui ne se taisent pas - Actualit\u00e9s congolaises et internationales","isPartOf":{"@id":"https:\/\/congovirtuel.com\/information\/#website"},"primaryImageOfPage":{"@id":"https:\/\/congovirtuel.com\/information\/les-tops-africaines-des-belles-qui-ne-se-taisent-pas\/#primaryimage"},"image":{"@id":"https:\/\/congovirtuel.com\/information\/les-tops-africaines-des-belles-qui-ne-se-taisent-pas\/#primaryimage"},"thumbnailUrl":"https:\/\/congovirtuel.com\/information\/wp-content\/uploads\/2018\/11\/mannequin.jpg","datePublished":"2018-11-02T07:58:26+00:00","breadcrumb":{"@id":"https:\/\/congovirtuel.com\/information\/les-tops-africaines-des-belles-qui-ne-se-taisent-pas\/#breadcrumb"},"inLanguage":"fr-FR","potentialAction":[{"@type":"ReadAction","target":["https:\/\/congovirtuel.com\/information\/les-tops-africaines-des-belles-qui-ne-se-taisent-pas\/"]}]},{"@type":"ImageObject","inLanguage":"fr-FR","@id":"https:\/\/congovirtuel.com\/information\/les-tops-africaines-des-belles-qui-ne-se-taisent-pas\/#primaryimage","url":"https:\/\/congovirtuel.com\/information\/wp-content\/uploads\/2018\/11\/mannequin.jpg","contentUrl":"https:\/\/congovirtuel.com\/information\/wp-content\/uploads\/2018\/11\/mannequin.jpg","width":768,"height":650},{"@type":"BreadcrumbList","@id":"https:\/\/congovirtuel.com\/information\/les-tops-africaines-des-belles-qui-ne-se-taisent-pas\/#breadcrumb","itemListElement":[{"@type":"ListItem","position":1,"name":"Accueil","item":"https:\/\/congovirtuel.com\/information\/"},{"@type":"ListItem","position":2,"name":"Les tops africaines, des belles qui ne se taisent pas"}]},{"@type":"WebSite","@id":"https:\/\/congovirtuel.com\/information\/#website","url":"https:\/\/congovirtuel.com\/information\/","name":"Actualit\u00e9s congolaises et internationales","description":"site d&#039;analyse et de traitement d&#039;information","publisher":{"@id":"https:\/\/congovirtuel.com\/information\/#organization"},"potentialAction":[{"@type":"SearchAction","target":{"@type":"EntryPoint","urlTemplate":"https:\/\/congovirtuel.com\/information\/?s={search_term_string}"},"query-input":{"@type":"PropertyValueSpecification","valueRequired":true,"valueName":"search_term_string"}}],"inLanguage":"fr-FR"},{"@type":"Organization","@id":"https:\/\/congovirtuel.com\/information\/#organization","name":"Biblioth\u00e8que Virtuelle de la RDC","url":"https:\/\/congovirtuel.com\/information\/","logo":{"@type":"ImageObject","inLanguage":"fr-FR","@id":"https:\/\/congovirtuel.com\/information\/#\/schema\/logo\/image\/","url":"https:\/\/congovirtuel.com\/information\/wp-content\/uploads\/2018\/10\/header-info-congovirtuel-vraie.jpg","contentUrl":"https:\/\/congovirtuel.com\/information\/wp-content\/uploads\/2018\/10\/header-info-congovirtuel-vraie.jpg","width":728,"height":90,"caption":"Biblioth\u00e8que Virtuelle de la RDC"},"image":{"@id":"https:\/\/congovirtuel.com\/information\/#\/schema\/logo\/image\/"},"sameAs":["https:\/\/web.facebook.com\/Congovirtuel-763617960319601\/?ref=aymt_homepage_panel&amp;amp;amp;amp;amp;amp;amp;amp;amp;amp;amp;eid=ARCoxULa66767kIgF_KYav6VdjXTI4yk_LW4yoVO9s6NXpysgb7Cb65vpxcxgqzOAKvIbLQxaAETcqHT","https:\/\/x.com\/congovirtuel","https:\/\/www.youtube.com\/channel\/UCkFfprYzGgS3EWNpeMXpToQ?view_as=subscriber"]},{"@type":"Person","@id":"https:\/\/congovirtuel.com\/information\/#\/schema\/person\/739a44bf7990966cb53d58d2fdeca0b6","name":"infocongovirtuel","image":{"@type":"ImageObject","inLanguage":"fr-FR","@id":"https:\/\/secure.gravatar.com\/avatar\/4d76991aa72469f0eb22e772586c99113c6997f88da636a9db8f2ce3a2c05e69?s=96&d=mm&r=g","url":"https:\/\/secure.gravatar.com\/avatar\/4d76991aa72469f0eb22e772586c99113c6997f88da636a9db8f2ce3a2c05e69?s=96&d=mm&r=g","contentUrl":"https:\/\/secure.gravatar.com\/avatar\/4d76991aa72469f0eb22e772586c99113c6997f88da636a9db8f2ce3a2c05e69?s=96&d=mm&r=g","caption":"infocongovirtuel"},"url":"https:\/\/congovirtuel.com\/information\/author\/infocongovirtuel\/"}]}},"gt_translate_keys":[{"key":"link","format":"url"}],"_links":{"self":[{"href":"https:\/\/congovirtuel.com\/information\/wp-json\/wp\/v2\/posts\/91","targetHints":{"allow":["GET"]}}],"collection":[{"href":"https:\/\/congovirtuel.com\/information\/wp-json\/wp\/v2\/posts"}],"about":[{"href":"https:\/\/congovirtuel.com\/information\/wp-json\/wp\/v2\/types\/post"}],"author":[{"embeddable":true,"href":"https:\/\/congovirtuel.com\/information\/wp-json\/wp\/v2\/users\/1"}],"replies":[{"embeddable":true,"href":"https:\/\/congovirtuel.com\/information\/wp-json\/wp\/v2\/comments?post=91"}],"version-history":[{"count":1,"href":"https:\/\/congovirtuel.com\/information\/wp-json\/wp\/v2\/posts\/91\/revisions"}],"predecessor-version":[{"id":97,"href":"https:\/\/congovirtuel.com\/information\/wp-json\/wp\/v2\/posts\/91\/revisions\/97"}],"wp:featuredmedia":[{"embeddable":true,"href":"https:\/\/congovirtuel.com\/information\/wp-json\/wp\/v2\/media\/96"}],"wp:attachment":[{"href":"https:\/\/congovirtuel.com\/information\/wp-json\/wp\/v2\/media?parent=91"}],"wp:term":[{"taxonomy":"category","embeddable":true,"href":"https:\/\/congovirtuel.com\/information\/wp-json\/wp\/v2\/categories?post=91"},{"taxonomy":"post_tag","embeddable":true,"href":"https:\/\/congovirtuel.com\/information\/wp-json\/wp\/v2\/tags?post=91"}],"curies":[{"name":"wp","href":"https:\/\/api.w.org\/{rel}","templated":true}]}}