{"id":9186,"date":"2021-05-15T15:15:47","date_gmt":"2021-05-15T14:15:47","guid":{"rendered":"https:\/\/congovirtuel.com\/information\/?p=9186"},"modified":"2021-05-15T15:15:52","modified_gmt":"2021-05-15T14:15:52","slug":"rdc-f-tshisekedi-inaugure-le-siege-provincial-de-la-bcc-a-kolwezi","status":"publish","type":"post","link":"https:\/\/congovirtuel.com\/information\/rdc-f-tshisekedi-inaugure-le-siege-provincial-de-la-bcc-a-kolwezi\/","title":{"rendered":"RDC:  F. Tshisekedi inaugure le si\u00e8ge provincial de la BCC \u00e0 Kolwezi","gt_translate_keys":[{"key":"rendered","format":"text"}]},"content":{"rendered":"\n<p class=\"wp-block-paragraph\">Le Pr\u00e9sident de la R\u00e9publique, F\u00e9lix Antoine Tshisekedi Tshilombo, a inaugur\u00e9, jeudi, \u00e0 Kolwezi, chef-lieu de la province de Lualaba, le nouveau si\u00e8ge provincial de la Banque centrale&nbsp;du Congo (BCC), peu avant de regagner la capitale Kinshasa dans la soir\u00e9e.&nbsp;<strong>&nbsp;<\/strong><\/p>\n\n\n\n<p class=\"wp-block-paragraph\"><strong>&nbsp;<\/strong>Selon une source proche de la Pr\u00e9sidence de la R\u00e9publique, cette succursale qui a \u00e9t\u00e9 construite sur fonds propre de la BCC, est constitu\u00e9e&nbsp; de trois (3) b\u00e2timents \u00e9rig\u00e9s sur une superficie de 500 m\u00b2.<\/p>\n\n\n\n<p class=\"wp-block-paragraph\">Le Chef de l\u2019Etat a coup\u00e9 le ruban symbolique en pr\u00e9sence du Premier ministre, Jean Michel Sama Lukonde, du gouverneur ad int\u00e9rim de Lualaba, Fifi Masuka et du gouverneur de la Banque centrale du Congo, D\u00e9ogratias Mutombo Muana Nyembo, indique la source, avant d\u2019ajouter que le Pr\u00e9sident F\u00e9lix Tshisekedi en a profit\u00e9 pour faire le tour des diff\u00e9rents compartiments de ce b\u00e2timent o\u00f9 il a appr\u00e9ci\u00e9&nbsp;la qualit\u00e9 des travaux effectu\u00e9s en deux ans seulement.<\/p>\n\n\n\n<p class=\"wp-block-paragraph\">La province du Lualaba qui d\u00e9pendait auparavant de la province voisine du Haut-Katanga, est d\u00e9sormais autonome pour toutes les op\u00e9rations&nbsp; bancaires avec la Banque des banques.<\/p>\n\n\n\n<p class=\"wp-block-paragraph\">Au terme d\u2019une visite \u00e9clair d\u2019une demi-journ\u00e9e \u00e0 Kolwezi dans la province du Lualaba, le Pr\u00e9sident de la R\u00e9publique F\u00e9lix Tshisekedi a regagn\u00e9 Kinshasa \u00e0 la fin de la c\u00e9r\u00e9monie de l\u2019inauguration du b\u00e2timent de la BCC en plus de son adresse \u00e0 la population \u00e0 la Place Mwangeji.\u00a0<\/p>\n\n\n\n<p class=\"wp-block-paragraph\"><strong>ACP\/FNG\/CKM<\/strong><\/p>\n","protected":false,"gt_translate_keys":[{"key":"rendered","format":"html"}]},"excerpt":{"rendered":"<p>Le Pr\u00e9sident de la R\u00e9publique, F\u00e9lix Antoine Tshisekedi Tshilombo, a inaugur\u00e9, jeudi, \u00e0 Kolwezi, chef-lieu de la province de Lualaba, le nouveau si\u00e8ge provincial de la Banque centrale&nbsp;du Congo (BCC), peu avant de regagner la capitale Kinshasa dans la soir\u00e9e.&nbsp;&nbsp; &nbsp;Selon une source proche de la Pr\u00e9sidence de la R\u00e9publique, cette succursale qui a \u00e9t\u00e9 construite sur fonds propre de la BCC, est constitu\u00e9e&nbsp; de trois (3) b\u00e2timents \u00e9rig\u00e9s sur une superficie de 500 m\u00b2. Le Chef de l\u2019Etat a coup\u00e9 le ruban symbolique en pr\u00e9sence du Premier ministre, Jean&hellip;<\/p>\n","protected":false,"gt_translate_keys":[{"key":"rendered","format":"html"}]},"author":1,"featured_media":9188,"comment_status":"open","ping_status":"open","sticky":false,"template":"","format":"standard","meta":{"_crdt_document":"","footnotes":""},"categories":[285],"tags":[7821],"class_list":["post-9186","post","type-post","status-publish","format-standard","has-post-thumbnail","hentry","category-presidence","tag-bcc-kolwezi"],"gutentor_comment":0,"yoast_head":"<!-- This site is optimized with the Yoast SEO plugin v27.5 - https:\/\/yoast.com\/product\/yoast-seo-wordpress\/ -->\n<title>RDC: F. Tshisekedi inaugure le si\u00e8ge provincial de la BCC \u00e0 Kolwezi - Actualit\u00e9s congolaises et internationales<\/title>\n<meta name=\"robots\" content=\"index, follow, max-snippet:-1, max-image-preview:large, max-video-preview:-1\" \/>\n<link rel=\"canonical\" href=\"https:\/\/congovirtuel.com\/information\/rdc-f-tshisekedi-inaugure-le-siege-provincial-de-la-bcc-a-kolwezi\/\" \/>\n<meta property=\"og:locale\" content=\"fr_FR\" \/>\n<meta property=\"og:type\" content=\"article\" \/>\n<meta property=\"og:title\" content=\"RDC: F. Tshisekedi inaugure le si\u00e8ge provincial de la BCC \u00e0 Kolwezi - Actualit\u00e9s congolaises et internationales\" \/>\n<meta property=\"og:description\" content=\"Le Pr\u00e9sident de la R\u00e9publique, F\u00e9lix Antoine Tshisekedi Tshilombo, a inaugur\u00e9, jeudi, \u00e0 Kolwezi, chef-lieu de la province de Lualaba, le nouveau si\u00e8ge provincial de la Banque centrale&nbsp;du Congo (BCC), peu avant de regagner la capitale Kinshasa dans la soir\u00e9e.&nbsp;&nbsp; &nbsp;Selon une source proche de la Pr\u00e9sidence de la R\u00e9publique, cette succursale qui a \u00e9t\u00e9 construite sur fonds propre de la BCC, est constitu\u00e9e&nbsp; de trois (3) b\u00e2timents \u00e9rig\u00e9s sur une superficie de 500 m\u00b2. Le Chef de l\u2019Etat a coup\u00e9 le ruban symbolique en pr\u00e9sence du Premier ministre, Jean&hellip;\" \/>\n<meta property=\"og:url\" content=\"https:\/\/congovirtuel.com\/information\/rdc-f-tshisekedi-inaugure-le-siege-provincial-de-la-bcc-a-kolwezi\/\" \/>\n<meta property=\"og:site_name\" content=\"Actualit\u00e9s congolaises et internationales\" \/>\n<meta property=\"article:publisher\" content=\"https:\/\/web.facebook.com\/Congovirtuel-763617960319601\/?ref=aymt_homepage_panel&amp;amp%3bamp%3bamp%3bamp%3bamp%3bamp%3bamp%3bamp%3bamp%3bamp%3bamp%3beid=ARCoxULa66767kIgF_KYav6VdjXTI4yk_LW4yoVO9s6NXpysgb7Cb65vpxcxgqzOAKvIbLQxaAETcqHT\" \/>\n<meta property=\"article:published_time\" content=\"2021-05-15T14:15:47+00:00\" \/>\n<meta property=\"article:modified_time\" content=\"2021-05-15T14:15:52+00:00\" \/>\n<meta property=\"og:image\" content=\"https:\/\/congovirtuel.com\/information\/wp-content\/uploads\/2021\/05\/BCC_kolwezi-800-x-452.jpg\" \/>\n\t<meta property=\"og:image:width\" content=\"800\" \/>\n\t<meta property=\"og:image:height\" content=\"452\" \/>\n\t<meta property=\"og:image:type\" content=\"image\/jpeg\" \/>\n<meta name=\"author\" content=\"infocongovirtuel\" \/>\n<meta name=\"twitter:card\" content=\"summary_large_image\" \/>\n<meta name=\"twitter:creator\" content=\"@congovirtuel\" \/>\n<meta name=\"twitter:site\" content=\"@congovirtuel\" \/>\n<meta name=\"twitter:label1\" content=\"\u00c9crit par\" \/>\n\t<meta name=\"twitter:data1\" content=\"infocongovirtuel\" \/>\n\t<meta name=\"twitter:label2\" content=\"Dur\u00e9e de lecture estim\u00e9e\" \/>\n\t<meta name=\"twitter:data2\" content=\"1 minute\" \/>\n<script type=\"application\/ld+json\" class=\"yoast-schema-graph\">{\"@context\":\"https:\\\/\\\/schema.org\",\"@graph\":[{\"@type\":\"Article\",\"@id\":\"https:\\\/\\\/congovirtuel.com\\\/information\\\/rdc-f-tshisekedi-inaugure-le-siege-provincial-de-la-bcc-a-kolwezi\\\/#article\",\"isPartOf\":{\"@id\":\"https:\\\/\\\/congovirtuel.com\\\/information\\\/rdc-f-tshisekedi-inaugure-le-siege-provincial-de-la-bcc-a-kolwezi\\\/\"},\"author\":{\"name\":\"infocongovirtuel\",\"@id\":\"https:\\\/\\\/congovirtuel.com\\\/information\\\/#\\\/schema\\\/person\\\/739a44bf7990966cb53d58d2fdeca0b6\"},\"headline\":\"RDC: F. Tshisekedi inaugure le si\u00e8ge provincial de la BCC \u00e0 Kolwezi\",\"datePublished\":\"2021-05-15T14:15:47+00:00\",\"dateModified\":\"2021-05-15T14:15:52+00:00\",\"mainEntityOfPage\":{\"@id\":\"https:\\\/\\\/congovirtuel.com\\\/information\\\/rdc-f-tshisekedi-inaugure-le-siege-provincial-de-la-bcc-a-kolwezi\\\/\"},\"wordCount\":275,\"commentCount\":0,\"publisher\":{\"@id\":\"https:\\\/\\\/congovirtuel.com\\\/information\\\/#organization\"},\"image\":{\"@id\":\"https:\\\/\\\/congovirtuel.com\\\/information\\\/rdc-f-tshisekedi-inaugure-le-siege-provincial-de-la-bcc-a-kolwezi\\\/#primaryimage\"},\"thumbnailUrl\":\"https:\\\/\\\/congovirtuel.com\\\/information\\\/wp-content\\\/uploads\\\/2021\\\/05\\\/BCC_kolwezi-800-x-452.jpg\",\"keywords\":[\"BCC Kolwezi\"],\"articleSection\":[\"Pr\u00e9sidence\"],\"inLanguage\":\"fr-FR\",\"potentialAction\":[{\"@type\":\"CommentAction\",\"name\":\"Comment\",\"target\":[\"https:\\\/\\\/congovirtuel.com\\\/information\\\/rdc-f-tshisekedi-inaugure-le-siege-provincial-de-la-bcc-a-kolwezi\\\/#respond\"]}]},{\"@type\":\"WebPage\",\"@id\":\"https:\\\/\\\/congovirtuel.com\\\/information\\\/rdc-f-tshisekedi-inaugure-le-siege-provincial-de-la-bcc-a-kolwezi\\\/\",\"url\":\"https:\\\/\\\/congovirtuel.com\\\/information\\\/rdc-f-tshisekedi-inaugure-le-siege-provincial-de-la-bcc-a-kolwezi\\\/\",\"name\":\"RDC: F. Tshisekedi inaugure le si\u00e8ge provincial de la BCC \u00e0 Kolwezi - Actualit\u00e9s congolaises et internationales\",\"isPartOf\":{\"@id\":\"https:\\\/\\\/congovirtuel.com\\\/information\\\/#website\"},\"primaryImageOfPage\":{\"@id\":\"https:\\\/\\\/congovirtuel.com\\\/information\\\/rdc-f-tshisekedi-inaugure-le-siege-provincial-de-la-bcc-a-kolwezi\\\/#primaryimage\"},\"image\":{\"@id\":\"https:\\\/\\\/congovirtuel.com\\\/information\\\/rdc-f-tshisekedi-inaugure-le-siege-provincial-de-la-bcc-a-kolwezi\\\/#primaryimage\"},\"thumbnailUrl\":\"https:\\\/\\\/congovirtuel.com\\\/information\\\/wp-content\\\/uploads\\\/2021\\\/05\\\/BCC_kolwezi-800-x-452.jpg\",\"datePublished\":\"2021-05-15T14:15:47+00:00\",\"dateModified\":\"2021-05-15T14:15:52+00:00\",\"breadcrumb\":{\"@id\":\"https:\\\/\\\/congovirtuel.com\\\/information\\\/rdc-f-tshisekedi-inaugure-le-siege-provincial-de-la-bcc-a-kolwezi\\\/#breadcrumb\"},\"inLanguage\":\"fr-FR\",\"potentialAction\":[{\"@type\":\"ReadAction\",\"target\":[\"https:\\\/\\\/congovirtuel.com\\\/information\\\/rdc-f-tshisekedi-inaugure-le-siege-provincial-de-la-bcc-a-kolwezi\\\/\"]}]},{\"@type\":\"ImageObject\",\"inLanguage\":\"fr-FR\",\"@id\":\"https:\\\/\\\/congovirtuel.com\\\/information\\\/rdc-f-tshisekedi-inaugure-le-siege-provincial-de-la-bcc-a-kolwezi\\\/#primaryimage\",\"url\":\"https:\\\/\\\/congovirtuel.com\\\/information\\\/wp-content\\\/uploads\\\/2021\\\/05\\\/BCC_kolwezi-800-x-452.jpg\",\"contentUrl\":\"https:\\\/\\\/congovirtuel.com\\\/information\\\/wp-content\\\/uploads\\\/2021\\\/05\\\/BCC_kolwezi-800-x-452.jpg\",\"width\":800,\"height\":452,\"caption\":\"BCC_kolwezi\"},{\"@type\":\"BreadcrumbList\",\"@id\":\"https:\\\/\\\/congovirtuel.com\\\/information\\\/rdc-f-tshisekedi-inaugure-le-siege-provincial-de-la-bcc-a-kolwezi\\\/#breadcrumb\",\"itemListElement\":[{\"@type\":\"ListItem\",\"position\":1,\"name\":\"Accueil\",\"item\":\"https:\\\/\\\/congovirtuel.com\\\/information\\\/\"},{\"@type\":\"ListItem\",\"position\":2,\"name\":\"RDC: F. Tshisekedi inaugure le si\u00e8ge provincial de la BCC \u00e0 Kolwezi\"}]},{\"@type\":\"WebSite\",\"@id\":\"https:\\\/\\\/congovirtuel.com\\\/information\\\/#website\",\"url\":\"https:\\\/\\\/congovirtuel.com\\\/information\\\/\",\"name\":\"Actualit\u00e9s congolaises et internationales\",\"description\":\"site d&#039;analyse et de traitement d&#039;information\",\"publisher\":{\"@id\":\"https:\\\/\\\/congovirtuel.com\\\/information\\\/#organization\"},\"potentialAction\":[{\"@type\":\"SearchAction\",\"target\":{\"@type\":\"EntryPoint\",\"urlTemplate\":\"https:\\\/\\\/congovirtuel.com\\\/information\\\/?s={search_term_string}\"},\"query-input\":{\"@type\":\"PropertyValueSpecification\",\"valueRequired\":true,\"valueName\":\"search_term_string\"}}],\"inLanguage\":\"fr-FR\"},{\"@type\":\"Organization\",\"@id\":\"https:\\\/\\\/congovirtuel.com\\\/information\\\/#organization\",\"name\":\"Biblioth\u00e8que Virtuelle de la RDC\",\"url\":\"https:\\\/\\\/congovirtuel.com\\\/information\\\/\",\"logo\":{\"@type\":\"ImageObject\",\"inLanguage\":\"fr-FR\",\"@id\":\"https:\\\/\\\/congovirtuel.com\\\/information\\\/#\\\/schema\\\/logo\\\/image\\\/\",\"url\":\"https:\\\/\\\/congovirtuel.com\\\/information\\\/wp-content\\\/uploads\\\/2018\\\/10\\\/header-info-congovirtuel-vraie.jpg\",\"contentUrl\":\"https:\\\/\\\/congovirtuel.com\\\/information\\\/wp-content\\\/uploads\\\/2018\\\/10\\\/header-info-congovirtuel-vraie.jpg\",\"width\":728,\"height\":90,\"caption\":\"Biblioth\u00e8que Virtuelle de la RDC\"},\"image\":{\"@id\":\"https:\\\/\\\/congovirtuel.com\\\/information\\\/#\\\/schema\\\/logo\\\/image\\\/\"},\"sameAs\":[\"https:\\\/\\\/web.facebook.com\\\/Congovirtuel-763617960319601\\\/?ref=aymt_homepage_panel&amp;amp;amp;amp;amp;amp;amp;amp;amp;amp;amp;eid=ARCoxULa66767kIgF_KYav6VdjXTI4yk_LW4yoVO9s6NXpysgb7Cb65vpxcxgqzOAKvIbLQxaAETcqHT\",\"https:\\\/\\\/x.com\\\/congovirtuel\",\"https:\\\/\\\/www.youtube.com\\\/channel\\\/UCkFfprYzGgS3EWNpeMXpToQ?view_as=subscriber\"]},{\"@type\":\"Person\",\"@id\":\"https:\\\/\\\/congovirtuel.com\\\/information\\\/#\\\/schema\\\/person\\\/739a44bf7990966cb53d58d2fdeca0b6\",\"name\":\"infocongovirtuel\",\"image\":{\"@type\":\"ImageObject\",\"inLanguage\":\"fr-FR\",\"@id\":\"https:\\\/\\\/secure.gravatar.com\\\/avatar\\\/4d76991aa72469f0eb22e772586c99113c6997f88da636a9db8f2ce3a2c05e69?s=96&d=mm&r=g\",\"url\":\"https:\\\/\\\/secure.gravatar.com\\\/avatar\\\/4d76991aa72469f0eb22e772586c99113c6997f88da636a9db8f2ce3a2c05e69?s=96&d=mm&r=g\",\"contentUrl\":\"https:\\\/\\\/secure.gravatar.com\\\/avatar\\\/4d76991aa72469f0eb22e772586c99113c6997f88da636a9db8f2ce3a2c05e69?s=96&d=mm&r=g\",\"caption\":\"infocongovirtuel\"},\"url\":\"https:\\\/\\\/congovirtuel.com\\\/information\\\/author\\\/infocongovirtuel\\\/\"}]}<\/script>\n<!-- \/ Yoast SEO plugin. -->","yoast_head_json":{"title":"RDC: F. Tshisekedi inaugure le si\u00e8ge provincial de la BCC \u00e0 Kolwezi - Actualit\u00e9s congolaises et internationales","robots":{"index":"index","follow":"follow","max-snippet":"max-snippet:-1","max-image-preview":"max-image-preview:large","max-video-preview":"max-video-preview:-1"},"canonical":"https:\/\/congovirtuel.com\/information\/rdc-f-tshisekedi-inaugure-le-siege-provincial-de-la-bcc-a-kolwezi\/","og_locale":"fr_FR","og_type":"article","og_title":"RDC: F. Tshisekedi inaugure le si\u00e8ge provincial de la BCC \u00e0 Kolwezi - Actualit\u00e9s congolaises et internationales","og_description":"Le Pr\u00e9sident de la R\u00e9publique, F\u00e9lix Antoine Tshisekedi Tshilombo, a inaugur\u00e9, jeudi, \u00e0 Kolwezi, chef-lieu de la province de Lualaba, le nouveau si\u00e8ge provincial de la Banque centrale&nbsp;du Congo (BCC), peu avant de regagner la capitale Kinshasa dans la soir\u00e9e.&nbsp;&nbsp; &nbsp;Selon une source proche de la Pr\u00e9sidence de la R\u00e9publique, cette succursale qui a \u00e9t\u00e9 construite sur fonds propre de la BCC, est constitu\u00e9e&nbsp; de trois (3) b\u00e2timents \u00e9rig\u00e9s sur une superficie de 500 m\u00b2. Le Chef de l\u2019Etat a coup\u00e9 le ruban symbolique en pr\u00e9sence du Premier ministre, Jean&hellip;","og_url":"https:\/\/congovirtuel.com\/information\/rdc-f-tshisekedi-inaugure-le-siege-provincial-de-la-bcc-a-kolwezi\/","og_site_name":"Actualit\u00e9s congolaises et internationales","article_publisher":"https:\/\/web.facebook.com\/Congovirtuel-763617960319601\/?ref=aymt_homepage_panel&amp%3bamp%3bamp%3bamp%3bamp%3bamp%3bamp%3bamp%3bamp%3bamp%3bamp%3beid=ARCoxULa66767kIgF_KYav6VdjXTI4yk_LW4yoVO9s6NXpysgb7Cb65vpxcxgqzOAKvIbLQxaAETcqHT","article_published_time":"2021-05-15T14:15:47+00:00","article_modified_time":"2021-05-15T14:15:52+00:00","og_image":[{"width":800,"height":452,"url":"https:\/\/congovirtuel.com\/information\/wp-content\/uploads\/2021\/05\/BCC_kolwezi-800-x-452.jpg","type":"image\/jpeg"}],"author":"infocongovirtuel","twitter_card":"summary_large_image","twitter_creator":"@congovirtuel","twitter_site":"@congovirtuel","twitter_misc":{"\u00c9crit par":"infocongovirtuel","Dur\u00e9e de lecture estim\u00e9e":"1 minute"},"schema":{"@context":"https:\/\/schema.org","@graph":[{"@type":"Article","@id":"https:\/\/congovirtuel.com\/information\/rdc-f-tshisekedi-inaugure-le-siege-provincial-de-la-bcc-a-kolwezi\/#article","isPartOf":{"@id":"https:\/\/congovirtuel.com\/information\/rdc-f-tshisekedi-inaugure-le-siege-provincial-de-la-bcc-a-kolwezi\/"},"author":{"name":"infocongovirtuel","@id":"https:\/\/congovirtuel.com\/information\/#\/schema\/person\/739a44bf7990966cb53d58d2fdeca0b6"},"headline":"RDC: F. Tshisekedi inaugure le si\u00e8ge provincial de la BCC \u00e0 Kolwezi","datePublished":"2021-05-15T14:15:47+00:00","dateModified":"2021-05-15T14:15:52+00:00","mainEntityOfPage":{"@id":"https:\/\/congovirtuel.com\/information\/rdc-f-tshisekedi-inaugure-le-siege-provincial-de-la-bcc-a-kolwezi\/"},"wordCount":275,"commentCount":0,"publisher":{"@id":"https:\/\/congovirtuel.com\/information\/#organization"},"image":{"@id":"https:\/\/congovirtuel.com\/information\/rdc-f-tshisekedi-inaugure-le-siege-provincial-de-la-bcc-a-kolwezi\/#primaryimage"},"thumbnailUrl":"https:\/\/congovirtuel.com\/information\/wp-content\/uploads\/2021\/05\/BCC_kolwezi-800-x-452.jpg","keywords":["BCC Kolwezi"],"articleSection":["Pr\u00e9sidence"],"inLanguage":"fr-FR","potentialAction":[{"@type":"CommentAction","name":"Comment","target":["https:\/\/congovirtuel.com\/information\/rdc-f-tshisekedi-inaugure-le-siege-provincial-de-la-bcc-a-kolwezi\/#respond"]}]},{"@type":"WebPage","@id":"https:\/\/congovirtuel.com\/information\/rdc-f-tshisekedi-inaugure-le-siege-provincial-de-la-bcc-a-kolwezi\/","url":"https:\/\/congovirtuel.com\/information\/rdc-f-tshisekedi-inaugure-le-siege-provincial-de-la-bcc-a-kolwezi\/","name":"RDC: F. Tshisekedi inaugure le si\u00e8ge provincial de la BCC \u00e0 Kolwezi - Actualit\u00e9s congolaises et internationales","isPartOf":{"@id":"https:\/\/congovirtuel.com\/information\/#website"},"primaryImageOfPage":{"@id":"https:\/\/congovirtuel.com\/information\/rdc-f-tshisekedi-inaugure-le-siege-provincial-de-la-bcc-a-kolwezi\/#primaryimage"},"image":{"@id":"https:\/\/congovirtuel.com\/information\/rdc-f-tshisekedi-inaugure-le-siege-provincial-de-la-bcc-a-kolwezi\/#primaryimage"},"thumbnailUrl":"https:\/\/congovirtuel.com\/information\/wp-content\/uploads\/2021\/05\/BCC_kolwezi-800-x-452.jpg","datePublished":"2021-05-15T14:15:47+00:00","dateModified":"2021-05-15T14:15:52+00:00","breadcrumb":{"@id":"https:\/\/congovirtuel.com\/information\/rdc-f-tshisekedi-inaugure-le-siege-provincial-de-la-bcc-a-kolwezi\/#breadcrumb"},"inLanguage":"fr-FR","potentialAction":[{"@type":"ReadAction","target":["https:\/\/congovirtuel.com\/information\/rdc-f-tshisekedi-inaugure-le-siege-provincial-de-la-bcc-a-kolwezi\/"]}]},{"@type":"ImageObject","inLanguage":"fr-FR","@id":"https:\/\/congovirtuel.com\/information\/rdc-f-tshisekedi-inaugure-le-siege-provincial-de-la-bcc-a-kolwezi\/#primaryimage","url":"https:\/\/congovirtuel.com\/information\/wp-content\/uploads\/2021\/05\/BCC_kolwezi-800-x-452.jpg","contentUrl":"https:\/\/congovirtuel.com\/information\/wp-content\/uploads\/2021\/05\/BCC_kolwezi-800-x-452.jpg","width":800,"height":452,"caption":"BCC_kolwezi"},{"@type":"BreadcrumbList","@id":"https:\/\/congovirtuel.com\/information\/rdc-f-tshisekedi-inaugure-le-siege-provincial-de-la-bcc-a-kolwezi\/#breadcrumb","itemListElement":[{"@type":"ListItem","position":1,"name":"Accueil","item":"https:\/\/congovirtuel.com\/information\/"},{"@type":"ListItem","position":2,"name":"RDC: F. Tshisekedi inaugure le si\u00e8ge provincial de la BCC \u00e0 Kolwezi"}]},{"@type":"WebSite","@id":"https:\/\/congovirtuel.com\/information\/#website","url":"https:\/\/congovirtuel.com\/information\/","name":"Actualit\u00e9s congolaises et internationales","description":"site d&#039;analyse et de traitement d&#039;information","publisher":{"@id":"https:\/\/congovirtuel.com\/information\/#organization"},"potentialAction":[{"@type":"SearchAction","target":{"@type":"EntryPoint","urlTemplate":"https:\/\/congovirtuel.com\/information\/?s={search_term_string}"},"query-input":{"@type":"PropertyValueSpecification","valueRequired":true,"valueName":"search_term_string"}}],"inLanguage":"fr-FR"},{"@type":"Organization","@id":"https:\/\/congovirtuel.com\/information\/#organization","name":"Biblioth\u00e8que Virtuelle de la RDC","url":"https:\/\/congovirtuel.com\/information\/","logo":{"@type":"ImageObject","inLanguage":"fr-FR","@id":"https:\/\/congovirtuel.com\/information\/#\/schema\/logo\/image\/","url":"https:\/\/congovirtuel.com\/information\/wp-content\/uploads\/2018\/10\/header-info-congovirtuel-vraie.jpg","contentUrl":"https:\/\/congovirtuel.com\/information\/wp-content\/uploads\/2018\/10\/header-info-congovirtuel-vraie.jpg","width":728,"height":90,"caption":"Biblioth\u00e8que Virtuelle de la RDC"},"image":{"@id":"https:\/\/congovirtuel.com\/information\/#\/schema\/logo\/image\/"},"sameAs":["https:\/\/web.facebook.com\/Congovirtuel-763617960319601\/?ref=aymt_homepage_panel&amp;amp;amp;amp;amp;amp;amp;amp;amp;amp;amp;eid=ARCoxULa66767kIgF_KYav6VdjXTI4yk_LW4yoVO9s6NXpysgb7Cb65vpxcxgqzOAKvIbLQxaAETcqHT","https:\/\/x.com\/congovirtuel","https:\/\/www.youtube.com\/channel\/UCkFfprYzGgS3EWNpeMXpToQ?view_as=subscriber"]},{"@type":"Person","@id":"https:\/\/congovirtuel.com\/information\/#\/schema\/person\/739a44bf7990966cb53d58d2fdeca0b6","name":"infocongovirtuel","image":{"@type":"ImageObject","inLanguage":"fr-FR","@id":"https:\/\/secure.gravatar.com\/avatar\/4d76991aa72469f0eb22e772586c99113c6997f88da636a9db8f2ce3a2c05e69?s=96&d=mm&r=g","url":"https:\/\/secure.gravatar.com\/avatar\/4d76991aa72469f0eb22e772586c99113c6997f88da636a9db8f2ce3a2c05e69?s=96&d=mm&r=g","contentUrl":"https:\/\/secure.gravatar.com\/avatar\/4d76991aa72469f0eb22e772586c99113c6997f88da636a9db8f2ce3a2c05e69?s=96&d=mm&r=g","caption":"infocongovirtuel"},"url":"https:\/\/congovirtuel.com\/information\/author\/infocongovirtuel\/"}]}},"gt_translate_keys":[{"key":"link","format":"url"}],"_links":{"self":[{"href":"https:\/\/congovirtuel.com\/information\/wp-json\/wp\/v2\/posts\/9186","targetHints":{"allow":["GET"]}}],"collection":[{"href":"https:\/\/congovirtuel.com\/information\/wp-json\/wp\/v2\/posts"}],"about":[{"href":"https:\/\/congovirtuel.com\/information\/wp-json\/wp\/v2\/types\/post"}],"author":[{"embeddable":true,"href":"https:\/\/congovirtuel.com\/information\/wp-json\/wp\/v2\/users\/1"}],"replies":[{"embeddable":true,"href":"https:\/\/congovirtuel.com\/information\/wp-json\/wp\/v2\/comments?post=9186"}],"version-history":[{"count":1,"href":"https:\/\/congovirtuel.com\/information\/wp-json\/wp\/v2\/posts\/9186\/revisions"}],"predecessor-version":[{"id":9189,"href":"https:\/\/congovirtuel.com\/information\/wp-json\/wp\/v2\/posts\/9186\/revisions\/9189"}],"wp:featuredmedia":[{"embeddable":true,"href":"https:\/\/congovirtuel.com\/information\/wp-json\/wp\/v2\/media\/9188"}],"wp:attachment":[{"href":"https:\/\/congovirtuel.com\/information\/wp-json\/wp\/v2\/media?parent=9186"}],"wp:term":[{"taxonomy":"category","embeddable":true,"href":"https:\/\/congovirtuel.com\/information\/wp-json\/wp\/v2\/categories?post=9186"},{"taxonomy":"post_tag","embeddable":true,"href":"https:\/\/congovirtuel.com\/information\/wp-json\/wp\/v2\/tags?post=9186"}],"curies":[{"name":"wp","href":"https:\/\/api.w.org\/{rel}","templated":true}]}}