{"id":9191,"date":"2021-05-15T15:28:58","date_gmt":"2021-05-15T14:28:58","guid":{"rendered":"https:\/\/congovirtuel.com\/information\/?p=9191"},"modified":"2021-05-15T15:29:03","modified_gmt":"2021-05-15T14:29:03","slug":"rdc-etat-de-siege-une-frappe-aerienne-de-la-monusco-met-des-adf-en-debandade-a-beni","status":"publish","type":"post","link":"https:\/\/congovirtuel.com\/information\/rdc-etat-de-siege-une-frappe-aerienne-de-la-monusco-met-des-adf-en-debandade-a-beni\/","title":{"rendered":"RDC: Etat de si\u00e8ge, une frappe a\u00e9rienne de la Monusco met des ADF en d\u00e9bandade \u00e0 Beni","gt_translate_keys":[{"key":"rendered","format":"text"}]},"content":{"rendered":"\n<p class=\"wp-block-paragraph\">Les casques bleus de la Mission de l\u2019ONU pour la stabilisation au Congo (MONUSCO) en appui aux Forces Arm\u00e9es de la R\u00e9publique D\u00e9mocratique du Congo (FARDC) ont lanc\u00e9 des frappes a\u00e9riennes contre l&rsquo;ennemi \u00e0 Mwalika, dans le territoire de Beni, dans la province du Nord-Kivu.<\/p>\n\n\n\n<p class=\"wp-block-paragraph\">Sous \u00e9tage de si\u00e8ge d\u00e9cr\u00e9t\u00e9 par le pr\u00e9sident F\u00e9lix Tshisekedi depuis le 3 mai dernier, la province du Nord-Kivu a vu des activit\u00e9s militaires s\u2019intensifier contre les forces n\u00e9gatives \u00e9trang\u00e8res et locales qui pullulent dans cette partie Est de la R\u00e9publique d\u00e9mocratique du Congo. Agissant de mani\u00e8re furtive, les rebelles ougandais ont \u00e9t\u00e9 rep\u00e9r\u00e9s par l\u2019arm\u00e9e avec un appui a\u00e9rien de la mission onusienne.<\/p>\n\n\n\n<p class=\"wp-block-paragraph\">\u00ab C&rsquo;est gr\u00e2ce aux frappes a\u00e9riennes de la MONUSCO qui nous a appuy\u00e9 du c\u00f4t\u00e9 de Mwalika o\u00f9 l&rsquo;ennemi a maintenant tendance \u00e0 quitter le centre vers le sud. Alors, hier soir (jeudi dernier, Ndlr) nous avons rep\u00e9r\u00e9 l&rsquo;ennemi traverser la route Beni-Kasindi vers le c\u00f4t\u00e9 sud. Nos troupes sont vraiment dans leur poursuite. Nous pensons qu&rsquo;avec l&rsquo;appui de tout le monde, nous allons mettre fin \u00e0 cette situation \u00bb, a rapport\u00e9 \u00e0 la presse locale le porte-parole militaire des op\u00e9rations Sokola 1, dans le grand nord de la province, le lieutenant Anthony Mualushayi.<\/p>\n\n\n\n<p class=\"wp-block-paragraph\">Pour rappel, les deux provinces touch\u00e9es par les massacres des civils perp\u00e9tr\u00e9s notamment par des ADF ont \u00e9t\u00e9 plac\u00e9es sous \u00e9tat de si\u00e8ge. Il s\u2019agit de la province du Nord-Kivu et de l\u2019Ituri. Elles sont d\u00e9sormais dirig\u00e9es par des gouverneurs militaires pour une dur\u00e9e de 30 jours.<\/p>\n\n\n\n<p class=\"wp-block-paragraph\"><strong>Dido Nsapu<\/strong>\/Digitalcongo<\/p>\n","protected":false,"gt_translate_keys":[{"key":"rendered","format":"html"}]},"excerpt":{"rendered":"<p>Les casques bleus de la Mission de l\u2019ONU pour la stabilisation au Congo (MONUSCO) en appui aux Forces Arm\u00e9es de la R\u00e9publique D\u00e9mocratique du Congo (FARDC) ont lanc\u00e9 des frappes a\u00e9riennes contre l&rsquo;ennemi \u00e0 Mwalika, dans le territoire de Beni, dans la province du Nord-Kivu. Sous \u00e9tage de si\u00e8ge d\u00e9cr\u00e9t\u00e9 par le pr\u00e9sident F\u00e9lix Tshisekedi depuis le 3 mai dernier, la province du Nord-Kivu a vu des activit\u00e9s militaires s\u2019intensifier contre les forces n\u00e9gatives \u00e9trang\u00e8res et locales qui pullulent dans cette partie Est de la R\u00e9publique d\u00e9mocratique du Congo. Agissant&hellip;<\/p>\n","protected":false,"gt_translate_keys":[{"key":"rendered","format":"html"}]},"author":1,"featured_media":9193,"comment_status":"open","ping_status":"open","sticky":false,"template":"","format":"standard","meta":{"_crdt_document":"","footnotes":""},"categories":[199],"tags":[7170],"class_list":["post-9191","post","type-post","status-publish","format-standard","has-post-thumbnail","hentry","category-insecurite","tag-etat-de-siege-rdc"],"gutentor_comment":0,"yoast_head":"<!-- This site is optimized with the Yoast SEO plugin v27.5 - https:\/\/yoast.com\/product\/yoast-seo-wordpress\/ -->\n<title>RDC: Etat de si\u00e8ge, une frappe a\u00e9rienne de la Monusco met des ADF en d\u00e9bandade \u00e0 Beni - Actualit\u00e9s congolaises et internationales<\/title>\n<meta name=\"robots\" content=\"index, follow, max-snippet:-1, max-image-preview:large, max-video-preview:-1\" \/>\n<link rel=\"canonical\" href=\"https:\/\/congovirtuel.com\/information\/rdc-etat-de-siege-une-frappe-aerienne-de-la-monusco-met-des-adf-en-debandade-a-beni\/\" \/>\n<meta property=\"og:locale\" content=\"fr_FR\" \/>\n<meta property=\"og:type\" content=\"article\" \/>\n<meta property=\"og:title\" content=\"RDC: Etat de si\u00e8ge, une frappe a\u00e9rienne de la Monusco met des ADF en d\u00e9bandade \u00e0 Beni - Actualit\u00e9s congolaises et internationales\" \/>\n<meta property=\"og:description\" content=\"Les casques bleus de la Mission de l\u2019ONU pour la stabilisation au Congo (MONUSCO) en appui aux Forces Arm\u00e9es de la R\u00e9publique D\u00e9mocratique du Congo (FARDC) ont lanc\u00e9 des frappes a\u00e9riennes contre l&rsquo;ennemi \u00e0 Mwalika, dans le territoire de Beni, dans la province du Nord-Kivu. Sous \u00e9tage de si\u00e8ge d\u00e9cr\u00e9t\u00e9 par le pr\u00e9sident F\u00e9lix Tshisekedi depuis le 3 mai dernier, la province du Nord-Kivu a vu des activit\u00e9s militaires s\u2019intensifier contre les forces n\u00e9gatives \u00e9trang\u00e8res et locales qui pullulent dans cette partie Est de la R\u00e9publique d\u00e9mocratique du Congo. Agissant&hellip;\" \/>\n<meta property=\"og:url\" content=\"https:\/\/congovirtuel.com\/information\/rdc-etat-de-siege-une-frappe-aerienne-de-la-monusco-met-des-adf-en-debandade-a-beni\/\" \/>\n<meta property=\"og:site_name\" content=\"Actualit\u00e9s congolaises et internationales\" \/>\n<meta property=\"article:publisher\" content=\"https:\/\/web.facebook.com\/Congovirtuel-763617960319601\/?ref=aymt_homepage_panel&amp;amp%3bamp%3bamp%3bamp%3bamp%3bamp%3bamp%3bamp%3bamp%3bamp%3bamp%3beid=ARCoxULa66767kIgF_KYav6VdjXTI4yk_LW4yoVO9s6NXpysgb7Cb65vpxcxgqzOAKvIbLQxaAETcqHT\" \/>\n<meta property=\"article:published_time\" content=\"2021-05-15T14:28:58+00:00\" \/>\n<meta property=\"article:modified_time\" content=\"2021-05-15T14:29:03+00:00\" \/>\n<meta property=\"og:image\" content=\"https:\/\/congovirtuel.com\/information\/wp-content\/uploads\/2021\/05\/MONUSCO.jpg\" \/>\n\t<meta property=\"og:image:width\" content=\"800\" \/>\n\t<meta property=\"og:image:height\" content=\"480\" \/>\n\t<meta property=\"og:image:type\" content=\"image\/jpeg\" \/>\n<meta name=\"author\" content=\"infocongovirtuel\" \/>\n<meta name=\"twitter:card\" content=\"summary_large_image\" \/>\n<meta name=\"twitter:creator\" content=\"@congovirtuel\" \/>\n<meta name=\"twitter:site\" content=\"@congovirtuel\" \/>\n<meta name=\"twitter:label1\" content=\"\u00c9crit par\" \/>\n\t<meta name=\"twitter:data1\" content=\"infocongovirtuel\" \/>\n\t<meta name=\"twitter:label2\" content=\"Dur\u00e9e de lecture estim\u00e9e\" \/>\n\t<meta name=\"twitter:data2\" content=\"2 minutes\" \/>\n<script type=\"application\/ld+json\" class=\"yoast-schema-graph\">{\"@context\":\"https:\\\/\\\/schema.org\",\"@graph\":[{\"@type\":\"Article\",\"@id\":\"https:\\\/\\\/congovirtuel.com\\\/information\\\/rdc-etat-de-siege-une-frappe-aerienne-de-la-monusco-met-des-adf-en-debandade-a-beni\\\/#article\",\"isPartOf\":{\"@id\":\"https:\\\/\\\/congovirtuel.com\\\/information\\\/rdc-etat-de-siege-une-frappe-aerienne-de-la-monusco-met-des-adf-en-debandade-a-beni\\\/\"},\"author\":{\"name\":\"infocongovirtuel\",\"@id\":\"https:\\\/\\\/congovirtuel.com\\\/information\\\/#\\\/schema\\\/person\\\/739a44bf7990966cb53d58d2fdeca0b6\"},\"headline\":\"RDC: Etat de si\u00e8ge, une frappe a\u00e9rienne de la Monusco met des ADF en d\u00e9bandade \u00e0 Beni\",\"datePublished\":\"2021-05-15T14:28:58+00:00\",\"dateModified\":\"2021-05-15T14:29:03+00:00\",\"mainEntityOfPage\":{\"@id\":\"https:\\\/\\\/congovirtuel.com\\\/information\\\/rdc-etat-de-siege-une-frappe-aerienne-de-la-monusco-met-des-adf-en-debandade-a-beni\\\/\"},\"wordCount\":307,\"commentCount\":0,\"publisher\":{\"@id\":\"https:\\\/\\\/congovirtuel.com\\\/information\\\/#organization\"},\"image\":{\"@id\":\"https:\\\/\\\/congovirtuel.com\\\/information\\\/rdc-etat-de-siege-une-frappe-aerienne-de-la-monusco-met-des-adf-en-debandade-a-beni\\\/#primaryimage\"},\"thumbnailUrl\":\"https:\\\/\\\/congovirtuel.com\\\/information\\\/wp-content\\\/uploads\\\/2021\\\/05\\\/MONUSCO.jpg\",\"keywords\":[\"\u00e9tat de si\u00e8ge RDC\"],\"articleSection\":[\"Ins\u00e9curit\u00e9\"],\"inLanguage\":\"fr-FR\",\"potentialAction\":[{\"@type\":\"CommentAction\",\"name\":\"Comment\",\"target\":[\"https:\\\/\\\/congovirtuel.com\\\/information\\\/rdc-etat-de-siege-une-frappe-aerienne-de-la-monusco-met-des-adf-en-debandade-a-beni\\\/#respond\"]}]},{\"@type\":\"WebPage\",\"@id\":\"https:\\\/\\\/congovirtuel.com\\\/information\\\/rdc-etat-de-siege-une-frappe-aerienne-de-la-monusco-met-des-adf-en-debandade-a-beni\\\/\",\"url\":\"https:\\\/\\\/congovirtuel.com\\\/information\\\/rdc-etat-de-siege-une-frappe-aerienne-de-la-monusco-met-des-adf-en-debandade-a-beni\\\/\",\"name\":\"RDC: Etat de si\u00e8ge, une frappe a\u00e9rienne de la Monusco met des ADF en d\u00e9bandade \u00e0 Beni - Actualit\u00e9s congolaises et internationales\",\"isPartOf\":{\"@id\":\"https:\\\/\\\/congovirtuel.com\\\/information\\\/#website\"},\"primaryImageOfPage\":{\"@id\":\"https:\\\/\\\/congovirtuel.com\\\/information\\\/rdc-etat-de-siege-une-frappe-aerienne-de-la-monusco-met-des-adf-en-debandade-a-beni\\\/#primaryimage\"},\"image\":{\"@id\":\"https:\\\/\\\/congovirtuel.com\\\/information\\\/rdc-etat-de-siege-une-frappe-aerienne-de-la-monusco-met-des-adf-en-debandade-a-beni\\\/#primaryimage\"},\"thumbnailUrl\":\"https:\\\/\\\/congovirtuel.com\\\/information\\\/wp-content\\\/uploads\\\/2021\\\/05\\\/MONUSCO.jpg\",\"datePublished\":\"2021-05-15T14:28:58+00:00\",\"dateModified\":\"2021-05-15T14:29:03+00:00\",\"breadcrumb\":{\"@id\":\"https:\\\/\\\/congovirtuel.com\\\/information\\\/rdc-etat-de-siege-une-frappe-aerienne-de-la-monusco-met-des-adf-en-debandade-a-beni\\\/#breadcrumb\"},\"inLanguage\":\"fr-FR\",\"potentialAction\":[{\"@type\":\"ReadAction\",\"target\":[\"https:\\\/\\\/congovirtuel.com\\\/information\\\/rdc-etat-de-siege-une-frappe-aerienne-de-la-monusco-met-des-adf-en-debandade-a-beni\\\/\"]}]},{\"@type\":\"ImageObject\",\"inLanguage\":\"fr-FR\",\"@id\":\"https:\\\/\\\/congovirtuel.com\\\/information\\\/rdc-etat-de-siege-une-frappe-aerienne-de-la-monusco-met-des-adf-en-debandade-a-beni\\\/#primaryimage\",\"url\":\"https:\\\/\\\/congovirtuel.com\\\/information\\\/wp-content\\\/uploads\\\/2021\\\/05\\\/MONUSCO.jpg\",\"contentUrl\":\"https:\\\/\\\/congovirtuel.com\\\/information\\\/wp-content\\\/uploads\\\/2021\\\/05\\\/MONUSCO.jpg\",\"width\":800,\"height\":480},{\"@type\":\"BreadcrumbList\",\"@id\":\"https:\\\/\\\/congovirtuel.com\\\/information\\\/rdc-etat-de-siege-une-frappe-aerienne-de-la-monusco-met-des-adf-en-debandade-a-beni\\\/#breadcrumb\",\"itemListElement\":[{\"@type\":\"ListItem\",\"position\":1,\"name\":\"Accueil\",\"item\":\"https:\\\/\\\/congovirtuel.com\\\/information\\\/\"},{\"@type\":\"ListItem\",\"position\":2,\"name\":\"RDC: Etat de si\u00e8ge, une frappe a\u00e9rienne de la Monusco met des ADF en d\u00e9bandade \u00e0 Beni\"}]},{\"@type\":\"WebSite\",\"@id\":\"https:\\\/\\\/congovirtuel.com\\\/information\\\/#website\",\"url\":\"https:\\\/\\\/congovirtuel.com\\\/information\\\/\",\"name\":\"Actualit\u00e9s congolaises et internationales\",\"description\":\"site d&#039;analyse et de traitement d&#039;information\",\"publisher\":{\"@id\":\"https:\\\/\\\/congovirtuel.com\\\/information\\\/#organization\"},\"potentialAction\":[{\"@type\":\"SearchAction\",\"target\":{\"@type\":\"EntryPoint\",\"urlTemplate\":\"https:\\\/\\\/congovirtuel.com\\\/information\\\/?s={search_term_string}\"},\"query-input\":{\"@type\":\"PropertyValueSpecification\",\"valueRequired\":true,\"valueName\":\"search_term_string\"}}],\"inLanguage\":\"fr-FR\"},{\"@type\":\"Organization\",\"@id\":\"https:\\\/\\\/congovirtuel.com\\\/information\\\/#organization\",\"name\":\"Biblioth\u00e8que Virtuelle de la RDC\",\"url\":\"https:\\\/\\\/congovirtuel.com\\\/information\\\/\",\"logo\":{\"@type\":\"ImageObject\",\"inLanguage\":\"fr-FR\",\"@id\":\"https:\\\/\\\/congovirtuel.com\\\/information\\\/#\\\/schema\\\/logo\\\/image\\\/\",\"url\":\"https:\\\/\\\/congovirtuel.com\\\/information\\\/wp-content\\\/uploads\\\/2018\\\/10\\\/header-info-congovirtuel-vraie.jpg\",\"contentUrl\":\"https:\\\/\\\/congovirtuel.com\\\/information\\\/wp-content\\\/uploads\\\/2018\\\/10\\\/header-info-congovirtuel-vraie.jpg\",\"width\":728,\"height\":90,\"caption\":\"Biblioth\u00e8que Virtuelle de la RDC\"},\"image\":{\"@id\":\"https:\\\/\\\/congovirtuel.com\\\/information\\\/#\\\/schema\\\/logo\\\/image\\\/\"},\"sameAs\":[\"https:\\\/\\\/web.facebook.com\\\/Congovirtuel-763617960319601\\\/?ref=aymt_homepage_panel&amp;amp;amp;amp;amp;amp;amp;amp;amp;amp;amp;eid=ARCoxULa66767kIgF_KYav6VdjXTI4yk_LW4yoVO9s6NXpysgb7Cb65vpxcxgqzOAKvIbLQxaAETcqHT\",\"https:\\\/\\\/x.com\\\/congovirtuel\",\"https:\\\/\\\/www.youtube.com\\\/channel\\\/UCkFfprYzGgS3EWNpeMXpToQ?view_as=subscriber\"]},{\"@type\":\"Person\",\"@id\":\"https:\\\/\\\/congovirtuel.com\\\/information\\\/#\\\/schema\\\/person\\\/739a44bf7990966cb53d58d2fdeca0b6\",\"name\":\"infocongovirtuel\",\"image\":{\"@type\":\"ImageObject\",\"inLanguage\":\"fr-FR\",\"@id\":\"https:\\\/\\\/secure.gravatar.com\\\/avatar\\\/4d76991aa72469f0eb22e772586c99113c6997f88da636a9db8f2ce3a2c05e69?s=96&d=mm&r=g\",\"url\":\"https:\\\/\\\/secure.gravatar.com\\\/avatar\\\/4d76991aa72469f0eb22e772586c99113c6997f88da636a9db8f2ce3a2c05e69?s=96&d=mm&r=g\",\"contentUrl\":\"https:\\\/\\\/secure.gravatar.com\\\/avatar\\\/4d76991aa72469f0eb22e772586c99113c6997f88da636a9db8f2ce3a2c05e69?s=96&d=mm&r=g\",\"caption\":\"infocongovirtuel\"},\"url\":\"https:\\\/\\\/congovirtuel.com\\\/information\\\/author\\\/infocongovirtuel\\\/\"}]}<\/script>\n<!-- \/ Yoast SEO plugin. -->","yoast_head_json":{"title":"RDC: Etat de si\u00e8ge, une frappe a\u00e9rienne de la Monusco met des ADF en d\u00e9bandade \u00e0 Beni - Actualit\u00e9s congolaises et internationales","robots":{"index":"index","follow":"follow","max-snippet":"max-snippet:-1","max-image-preview":"max-image-preview:large","max-video-preview":"max-video-preview:-1"},"canonical":"https:\/\/congovirtuel.com\/information\/rdc-etat-de-siege-une-frappe-aerienne-de-la-monusco-met-des-adf-en-debandade-a-beni\/","og_locale":"fr_FR","og_type":"article","og_title":"RDC: Etat de si\u00e8ge, une frappe a\u00e9rienne de la Monusco met des ADF en d\u00e9bandade \u00e0 Beni - Actualit\u00e9s congolaises et internationales","og_description":"Les casques bleus de la Mission de l\u2019ONU pour la stabilisation au Congo (MONUSCO) en appui aux Forces Arm\u00e9es de la R\u00e9publique D\u00e9mocratique du Congo (FARDC) ont lanc\u00e9 des frappes a\u00e9riennes contre l&rsquo;ennemi \u00e0 Mwalika, dans le territoire de Beni, dans la province du Nord-Kivu. Sous \u00e9tage de si\u00e8ge d\u00e9cr\u00e9t\u00e9 par le pr\u00e9sident F\u00e9lix Tshisekedi depuis le 3 mai dernier, la province du Nord-Kivu a vu des activit\u00e9s militaires s\u2019intensifier contre les forces n\u00e9gatives \u00e9trang\u00e8res et locales qui pullulent dans cette partie Est de la R\u00e9publique d\u00e9mocratique du Congo. Agissant&hellip;","og_url":"https:\/\/congovirtuel.com\/information\/rdc-etat-de-siege-une-frappe-aerienne-de-la-monusco-met-des-adf-en-debandade-a-beni\/","og_site_name":"Actualit\u00e9s congolaises et internationales","article_publisher":"https:\/\/web.facebook.com\/Congovirtuel-763617960319601\/?ref=aymt_homepage_panel&amp%3bamp%3bamp%3bamp%3bamp%3bamp%3bamp%3bamp%3bamp%3bamp%3bamp%3beid=ARCoxULa66767kIgF_KYav6VdjXTI4yk_LW4yoVO9s6NXpysgb7Cb65vpxcxgqzOAKvIbLQxaAETcqHT","article_published_time":"2021-05-15T14:28:58+00:00","article_modified_time":"2021-05-15T14:29:03+00:00","og_image":[{"width":800,"height":480,"url":"https:\/\/congovirtuel.com\/information\/wp-content\/uploads\/2021\/05\/MONUSCO.jpg","type":"image\/jpeg"}],"author":"infocongovirtuel","twitter_card":"summary_large_image","twitter_creator":"@congovirtuel","twitter_site":"@congovirtuel","twitter_misc":{"\u00c9crit par":"infocongovirtuel","Dur\u00e9e de lecture estim\u00e9e":"2 minutes"},"schema":{"@context":"https:\/\/schema.org","@graph":[{"@type":"Article","@id":"https:\/\/congovirtuel.com\/information\/rdc-etat-de-siege-une-frappe-aerienne-de-la-monusco-met-des-adf-en-debandade-a-beni\/#article","isPartOf":{"@id":"https:\/\/congovirtuel.com\/information\/rdc-etat-de-siege-une-frappe-aerienne-de-la-monusco-met-des-adf-en-debandade-a-beni\/"},"author":{"name":"infocongovirtuel","@id":"https:\/\/congovirtuel.com\/information\/#\/schema\/person\/739a44bf7990966cb53d58d2fdeca0b6"},"headline":"RDC: Etat de si\u00e8ge, une frappe a\u00e9rienne de la Monusco met des ADF en d\u00e9bandade \u00e0 Beni","datePublished":"2021-05-15T14:28:58+00:00","dateModified":"2021-05-15T14:29:03+00:00","mainEntityOfPage":{"@id":"https:\/\/congovirtuel.com\/information\/rdc-etat-de-siege-une-frappe-aerienne-de-la-monusco-met-des-adf-en-debandade-a-beni\/"},"wordCount":307,"commentCount":0,"publisher":{"@id":"https:\/\/congovirtuel.com\/information\/#organization"},"image":{"@id":"https:\/\/congovirtuel.com\/information\/rdc-etat-de-siege-une-frappe-aerienne-de-la-monusco-met-des-adf-en-debandade-a-beni\/#primaryimage"},"thumbnailUrl":"https:\/\/congovirtuel.com\/information\/wp-content\/uploads\/2021\/05\/MONUSCO.jpg","keywords":["\u00e9tat de si\u00e8ge RDC"],"articleSection":["Ins\u00e9curit\u00e9"],"inLanguage":"fr-FR","potentialAction":[{"@type":"CommentAction","name":"Comment","target":["https:\/\/congovirtuel.com\/information\/rdc-etat-de-siege-une-frappe-aerienne-de-la-monusco-met-des-adf-en-debandade-a-beni\/#respond"]}]},{"@type":"WebPage","@id":"https:\/\/congovirtuel.com\/information\/rdc-etat-de-siege-une-frappe-aerienne-de-la-monusco-met-des-adf-en-debandade-a-beni\/","url":"https:\/\/congovirtuel.com\/information\/rdc-etat-de-siege-une-frappe-aerienne-de-la-monusco-met-des-adf-en-debandade-a-beni\/","name":"RDC: Etat de si\u00e8ge, une frappe a\u00e9rienne de la Monusco met des ADF en d\u00e9bandade \u00e0 Beni - Actualit\u00e9s congolaises et internationales","isPartOf":{"@id":"https:\/\/congovirtuel.com\/information\/#website"},"primaryImageOfPage":{"@id":"https:\/\/congovirtuel.com\/information\/rdc-etat-de-siege-une-frappe-aerienne-de-la-monusco-met-des-adf-en-debandade-a-beni\/#primaryimage"},"image":{"@id":"https:\/\/congovirtuel.com\/information\/rdc-etat-de-siege-une-frappe-aerienne-de-la-monusco-met-des-adf-en-debandade-a-beni\/#primaryimage"},"thumbnailUrl":"https:\/\/congovirtuel.com\/information\/wp-content\/uploads\/2021\/05\/MONUSCO.jpg","datePublished":"2021-05-15T14:28:58+00:00","dateModified":"2021-05-15T14:29:03+00:00","breadcrumb":{"@id":"https:\/\/congovirtuel.com\/information\/rdc-etat-de-siege-une-frappe-aerienne-de-la-monusco-met-des-adf-en-debandade-a-beni\/#breadcrumb"},"inLanguage":"fr-FR","potentialAction":[{"@type":"ReadAction","target":["https:\/\/congovirtuel.com\/information\/rdc-etat-de-siege-une-frappe-aerienne-de-la-monusco-met-des-adf-en-debandade-a-beni\/"]}]},{"@type":"ImageObject","inLanguage":"fr-FR","@id":"https:\/\/congovirtuel.com\/information\/rdc-etat-de-siege-une-frappe-aerienne-de-la-monusco-met-des-adf-en-debandade-a-beni\/#primaryimage","url":"https:\/\/congovirtuel.com\/information\/wp-content\/uploads\/2021\/05\/MONUSCO.jpg","contentUrl":"https:\/\/congovirtuel.com\/information\/wp-content\/uploads\/2021\/05\/MONUSCO.jpg","width":800,"height":480},{"@type":"BreadcrumbList","@id":"https:\/\/congovirtuel.com\/information\/rdc-etat-de-siege-une-frappe-aerienne-de-la-monusco-met-des-adf-en-debandade-a-beni\/#breadcrumb","itemListElement":[{"@type":"ListItem","position":1,"name":"Accueil","item":"https:\/\/congovirtuel.com\/information\/"},{"@type":"ListItem","position":2,"name":"RDC: Etat de si\u00e8ge, une frappe a\u00e9rienne de la Monusco met des ADF en d\u00e9bandade \u00e0 Beni"}]},{"@type":"WebSite","@id":"https:\/\/congovirtuel.com\/information\/#website","url":"https:\/\/congovirtuel.com\/information\/","name":"Actualit\u00e9s congolaises et internationales","description":"site d&#039;analyse et de traitement d&#039;information","publisher":{"@id":"https:\/\/congovirtuel.com\/information\/#organization"},"potentialAction":[{"@type":"SearchAction","target":{"@type":"EntryPoint","urlTemplate":"https:\/\/congovirtuel.com\/information\/?s={search_term_string}"},"query-input":{"@type":"PropertyValueSpecification","valueRequired":true,"valueName":"search_term_string"}}],"inLanguage":"fr-FR"},{"@type":"Organization","@id":"https:\/\/congovirtuel.com\/information\/#organization","name":"Biblioth\u00e8que Virtuelle de la RDC","url":"https:\/\/congovirtuel.com\/information\/","logo":{"@type":"ImageObject","inLanguage":"fr-FR","@id":"https:\/\/congovirtuel.com\/information\/#\/schema\/logo\/image\/","url":"https:\/\/congovirtuel.com\/information\/wp-content\/uploads\/2018\/10\/header-info-congovirtuel-vraie.jpg","contentUrl":"https:\/\/congovirtuel.com\/information\/wp-content\/uploads\/2018\/10\/header-info-congovirtuel-vraie.jpg","width":728,"height":90,"caption":"Biblioth\u00e8que Virtuelle de la RDC"},"image":{"@id":"https:\/\/congovirtuel.com\/information\/#\/schema\/logo\/image\/"},"sameAs":["https:\/\/web.facebook.com\/Congovirtuel-763617960319601\/?ref=aymt_homepage_panel&amp;amp;amp;amp;amp;amp;amp;amp;amp;amp;amp;eid=ARCoxULa66767kIgF_KYav6VdjXTI4yk_LW4yoVO9s6NXpysgb7Cb65vpxcxgqzOAKvIbLQxaAETcqHT","https:\/\/x.com\/congovirtuel","https:\/\/www.youtube.com\/channel\/UCkFfprYzGgS3EWNpeMXpToQ?view_as=subscriber"]},{"@type":"Person","@id":"https:\/\/congovirtuel.com\/information\/#\/schema\/person\/739a44bf7990966cb53d58d2fdeca0b6","name":"infocongovirtuel","image":{"@type":"ImageObject","inLanguage":"fr-FR","@id":"https:\/\/secure.gravatar.com\/avatar\/4d76991aa72469f0eb22e772586c99113c6997f88da636a9db8f2ce3a2c05e69?s=96&d=mm&r=g","url":"https:\/\/secure.gravatar.com\/avatar\/4d76991aa72469f0eb22e772586c99113c6997f88da636a9db8f2ce3a2c05e69?s=96&d=mm&r=g","contentUrl":"https:\/\/secure.gravatar.com\/avatar\/4d76991aa72469f0eb22e772586c99113c6997f88da636a9db8f2ce3a2c05e69?s=96&d=mm&r=g","caption":"infocongovirtuel"},"url":"https:\/\/congovirtuel.com\/information\/author\/infocongovirtuel\/"}]}},"gt_translate_keys":[{"key":"link","format":"url"}],"_links":{"self":[{"href":"https:\/\/congovirtuel.com\/information\/wp-json\/wp\/v2\/posts\/9191","targetHints":{"allow":["GET"]}}],"collection":[{"href":"https:\/\/congovirtuel.com\/information\/wp-json\/wp\/v2\/posts"}],"about":[{"href":"https:\/\/congovirtuel.com\/information\/wp-json\/wp\/v2\/types\/post"}],"author":[{"embeddable":true,"href":"https:\/\/congovirtuel.com\/information\/wp-json\/wp\/v2\/users\/1"}],"replies":[{"embeddable":true,"href":"https:\/\/congovirtuel.com\/information\/wp-json\/wp\/v2\/comments?post=9191"}],"version-history":[{"count":1,"href":"https:\/\/congovirtuel.com\/information\/wp-json\/wp\/v2\/posts\/9191\/revisions"}],"predecessor-version":[{"id":9194,"href":"https:\/\/congovirtuel.com\/information\/wp-json\/wp\/v2\/posts\/9191\/revisions\/9194"}],"wp:featuredmedia":[{"embeddable":true,"href":"https:\/\/congovirtuel.com\/information\/wp-json\/wp\/v2\/media\/9193"}],"wp:attachment":[{"href":"https:\/\/congovirtuel.com\/information\/wp-json\/wp\/v2\/media?parent=9191"}],"wp:term":[{"taxonomy":"category","embeddable":true,"href":"https:\/\/congovirtuel.com\/information\/wp-json\/wp\/v2\/categories?post=9191"},{"taxonomy":"post_tag","embeddable":true,"href":"https:\/\/congovirtuel.com\/information\/wp-json\/wp\/v2\/tags?post=9191"}],"curies":[{"name":"wp","href":"https:\/\/api.w.org\/{rel}","templated":true}]}}