{"id":9201,"date":"2021-05-15T16:27:47","date_gmt":"2021-05-15T15:27:47","guid":{"rendered":"https:\/\/congovirtuel.com\/information\/?p=9201"},"modified":"2021-05-15T17:06:32","modified_gmt":"2021-05-15T16:06:32","slug":"linvention-de-lafrique-de-valentin-yves-mudimbe-un-incontournable-des-etudes-africaines","status":"publish","type":"post","link":"https:\/\/congovirtuel.com\/information\/linvention-de-lafrique-de-valentin-yves-mudimbe-un-incontournable-des-etudes-africaines\/","title":{"rendered":"\u00ab L\u2019Invention de l\u2019Afrique \u00bb, de Valentin-Yves Mudimbe : un incontournable des \u00e9tudes africaines","gt_translate_keys":[{"key":"rendered","format":"text"}]},"content":{"rendered":"\n<p class=\"wp-block-paragraph\"><strong>Essai r\u00e9dig\u00e9 par l&rsquo;auteur congolais Valentin-Yves Mudimb\u00e9 en 1988. Un classique de la litt\u00e9rature des id\u00e9es, sans doute un des livres les plus lus dans les \u00e9tudes africaines des universit\u00e9s am\u00e9ricaines. Il est publi\u00e9 pour la premi\u00e8re fois en langue fran\u00e7aise chez Pr\u00e9sence africaine.\u00a0<\/strong><\/p>\n\n\n\n<p class=\"wp-block-paragraph\">Histoire d\u2019un livre. En\u00a01988 \u00e9tait publi\u00e9 aux Etats-Unis l\u2019important ouvrage du philosophe congolais. Alors un essai pr\u00e9curseur, c\u2019est en classique qu\u2019il para\u00eet aujourd\u2019hui en France.<\/p>\n\n\n\n<p class=\"wp-block-paragraph\">Trente-trois ans. Pourquoi avoir attendu aussi longtemps pour traduire l\u2019essai incontournable des \u00e9tudes africaines,&nbsp;<em>The Invention of Africa,&nbsp;<\/em>de Valentin-Yves Mudimbe&nbsp;? Voil\u00e0 une \u00e9nigme qui n\u2019a cess\u00e9 de hanter Mamadou Diouf. Enseignant \u00e0 l\u2019universit\u00e9 Columbia, \u00e0 New York, il dirige la collection dans laquelle para\u00eet&nbsp;<em>L\u2019Invention de l\u2019Afrique<\/em>.&nbsp;<em>\u00ab&nbsp;C\u2019est probablement l\u2019un des livres des \u00e9tudes africaines les plus utilis\u00e9s dans le syst\u00e8me universitaire. Il n\u2019y a pas un \u00e9tudiant en ce domaine qui ne l\u2019ait lu&nbsp;\u00bb,&nbsp;<\/em>avance-t-il.<\/p>\n\n\n\n<p class=\"wp-block-paragraph\">Et pour cause,&nbsp;<em>L\u2019Invention de l\u2019Afrique<\/em>&nbsp;est devenu un classique d\u00e8s sa parution en&nbsp;1988 et a op\u00e9r\u00e9 une rupture comparable \u00e0 celle provoqu\u00e9e par Edward Said (1935-2003) avec&nbsp;<em><a href=\"https:\/\/www.lemonde.fr\/archives\/article\/1980\/10\/24\/rencontres-avec-l-islam-un-autodafe-pour-les-orientalistes_3073052_1819218.html\">L\u2019Orientalisme<\/a><\/em>&nbsp;(1978&nbsp;; Seuil, 1980)<em>&nbsp;\u2013&nbsp;<\/em>les deux auteurs se lisant d\u2019ailleurs et s\u2019appr\u00e9ciant mutuellement. L\u2019essai de Mudimbe paraissait en un moment o\u00f9 le d\u00e9bat sur la philosophie africaine, qui battait son plein depuis les ann\u00e9es 1960-1970, soulevait la question de ce que pourrait \u00eatre un savoir \u00e0 proprement parler africain, en montrant les limites du regard occidental dans l\u2019appr\u00e9hension des r\u00e9alit\u00e9s africaines.<\/p>\n\n\n\n<p class=\"wp-block-paragraph\">Comment les discours d\u2019explorateurs, d\u2019agents coloniaux, d\u2019anthropologues et de missionnaires ont-ils fa\u00e7onn\u00e9 un savoir sur l\u2019Afrique\u00a0? R\u00e9unir cette\u00a0<em>\u00ab\u00a0biblioth\u00e8que coloniale\u00a0\u00bb,<\/em>\u00a0qui a\u00a0<em>\u00ab\u00a0invent\u00e9\u00a0\u00bb<\/em>\u00a0une Afrique per\u00e7ue comme le pendant n\u00e9gatif de l\u2019Occident, \u00e9tait un des objets du livre. Raison pour laquelle, selon la philosophe Nadia Yala Kisukidi, ma\u00eetresse de conf\u00e9rences \u00e0 Paris-VIII,\u00a0<em>\u00ab\u00a0il est central qu\u2019il paraisse en France dans une p\u00e9riode o\u00f9 fleurissent des discours sur l\u2019Afrique qui la pr\u00e9sentent encore comme radicalement diff\u00e9rente de l\u2019Europe. Cela devrait pouvoir aider \u00e0 voir en quoi ils restent emprisonn\u00e9s dans de vieilles lignes ethnologiques\u00a0\u00bb.<\/em><\/p>\n\n\n\n<p class=\"wp-block-paragraph\">Son auteur Valentin Y. Mudimbe devenu  <strong>Vumbi-Yoka Mudimbe<\/strong> apr\u00e8s la Za\u00efrianisation, \u00a0est n\u00e9 le\u00a08 d\u00e9cembre 1941\u00a0\u00e0\u00a0Likasi, actuelle province du Katanga, est reconnu comme l\u2019un des plus fins analystes des sciences sociales, des humanit\u00e9s classiques et modernes et de la philologie\u00a0; Mudimbe est aussi un romancier hors pair. Il a pourtant fallu une g\u00e9n\u00e9ration pour traduire son livre dans la langue et les traditions intellectuelles francophones qui l\u2019ont nourri. Mudimbe explore ici, trois territoires \u00e9pist\u00e9mologiques, la philologie grecque et latine, les biblioth\u00e8ques religieuses et l\u2019ethnographie coloniale, pour s\u2019en prendre avec une certaine all\u00e9gresse aux litt\u00e9ratures en qu\u00eate d\u2019une Afrique \u00ab vernaculaire \u00bb, d\u2019une modernit\u00e9 n\u00e9o-pharaonique inaugur\u00e9e par une \u00c9gypte ancienne triomphante, remise sur ses pieds africains, qui fit la le\u00e7on aux Grecs, pour \u00e9tablir une production intellectuelle d\u00e9croch\u00e9e du monde occidental. Le livre continue de faire l\u2019objet de commentaires et de critiques. Il est probablement l\u2019un des ouvrages les plus cit\u00e9s de la litt\u00e9rature africaniste. Sa lecture est obligatoire dans plusieurs disciplines enseign\u00e9es dans les universit\u00e9s am\u00e9ricaines.<\/p>\n\n\n\n<p class=\"wp-block-paragraph\">D\u00e9j\u00e0 petit, il sait qu&rsquo;il a une vocation religieuse. Son \u00e9cole, g\u00e9r\u00e9e par des fr\u00e8res b\u00e9n\u00e9dictins, lui permet une ouverture \u00e0 la culture occidentale par la philosophie, la litt\u00e9rature fran\u00e7aise, le grec et le latin. En 1960, il devient moine b\u00e9n\u00e9dictin et sera appel\u00e9 \u00ab\u00a0Fr\u00e8re Mathieu\u00a0\u00bb. <\/p>\n\n\n\n<p class=\"wp-block-paragraph\">Deux ans plus tard, il entame des \u00e9tudes \u00e0 l&rsquo;universit\u00e9 et sort, en 1966, avec un dipl\u00f4me en philologie romane. Il ira ensuite \u00e0 l&rsquo;universit\u00e9 catholique de Louvain, en Belgique, pour y faire son doctorat en linguistique. Il sera proclam\u00e9 docteur en 1970. Il rentre ensuite en RDC afin de travailler en tant que professeur tout d&rsquo;abord dans l&rsquo;universit\u00e9 Lovanium de Kinshasa et ensuite dans l&rsquo;universit\u00e9 nationale du Za\u00efre. <\/p>\n\n\n\n<p class=\"wp-block-paragraph\">Romans:<\/p>\n\n\n\n<ul class=\"wp-block-list\"><li>1973:\u00a0<em>Entre les eaux. Dieu, un pr\u00eatre, la r\u00e9volution<\/em>, Paris, Pr\u00e9sence africaine<\/li><li>1976:\u00a0<em>Le Bel Immonde<\/em>, Paris, Pr\u00e9sence africaine<\/li><li>1979:\u00a0<em>L\u2019\u00e9cart<\/em>, Paris, Pr\u00e9sence africaine<\/li><li>1989:\u00a0<em>Shaba deux<\/em>. Les carnets de m\u00e8re Marie-Gertrude, Paris, Pr\u00e9sence africaine<\/li><\/ul>\n\n\n\n<p class=\"wp-block-paragraph\"><strong>M\u00e9moires, chroniques, autobiographies, biographies<\/strong><\/p>\n\n\n\n<p class=\"wp-block-paragraph\">1976\u00a0:\u00a0Carnets d\u2019Am\u00e9rique, Paris, Saint Germain-des-Pr\u00e9s<\/p>\n\n\n\n<p class=\"wp-block-paragraph\">1994\u00a0: Les corps glorieux des mots et des \u00eatres\u00a0: esquisse d\u2019un jardin \u00e0 la b\u00e9n\u00e9dictine, Paris \u2013 Montr\u00e9al, Pr\u00e9sence Africaine \u2013 Humanit\u00e9s<\/p>\n\n\n\n<p class=\"wp-block-paragraph\">2006\u00a0:\u00a0Cheminements. Carnets de Berlin (avril-juin 1999), Qu\u00e9bec, \u00c9ditions Humanitas, 2006.<\/p>\n\n\n\n<p class=\"wp-block-paragraph\"><strong>Essais<\/strong><\/p>\n\n\n\n<p class=\"wp-block-paragraph\">\u00ab&nbsp;Humanisme et n\u00e9gritude&nbsp;\u00bb, Pr\u00e9sence universitaire, 14 (1964), p. 5-13.<\/p>\n\n\n\n<p class=\"wp-block-paragraph\">\u00ab&nbsp;La litt\u00e9rature noire et le probl\u00e8me du sacr\u00e9&nbsp;\u00bb, Pr\u00e9sence universitaire, 23 (1966), p. 20-30.<\/p>\n\n\n\n<p class=\"wp-block-paragraph\">\u00ab&nbsp;Orph\u00e9e-noir&nbsp;\u00bb, Congo-Afrique, 3 (1966), p. 149-153.<\/p>\n\n\n\n<p class=\"wp-block-paragraph\">\u00ab&nbsp;Physiologie de la n\u00e9gritude&nbsp;\u00bb, \u00c9tudes Congolaises, 10 (1967) n. 5, 1-18.<\/p>\n\n\n\n<p class=\"wp-block-paragraph\">\u00ab&nbsp;H\u00e9ritage occidental et conscience n\u00e8gre. Introduction \u00e0 l\u2019\u00e9tude des sources de l\u2019id\u00e9ologie africaine&nbsp;\u00bb, Congo-Afrique, 26 (1968), p. 283-294.<\/p>\n\n\n\n<p class=\"wp-block-paragraph\">\u00ab&nbsp;Structuralisme, \u00e9v\u00e9nement, notion, variations et les sciences humaines en Afrique&nbsp;\u00bb, Cahiers \u00e9conomiques et sociaux, 6 (1968), p. 3-7.<\/p>\n\n\n\n<p class=\"wp-block-paragraph\">\u00ab&nbsp;Mat\u00e9rialisme historique et histoire imm\u00e9diate\u00bb, Cahiers \u00e9conomiques et sociaux, 8, 1970, n.3.<\/p>\n\n\n\n<p class=\"wp-block-paragraph\">\u00ab&nbsp;N\u00e9gritude et politique&nbsp;\u00bb, dans Hommages d\u2019hommes de culture&nbsp;\u00bb, Paris, Pr\u00e9sence africaine, 1970, p. 276-283<\/p>\n\n\n\n<p class=\"wp-block-paragraph\">\u00ab&nbsp;R\u00e9flexions sur la vie quotidienne&nbsp;\u00bb, Kinshasa, Mont noir, 1972 (coll. \u00ab&nbsp;Objectif 80&nbsp;\u00bb).<\/p>\n\n\n\n<p class=\"wp-block-paragraph\">\u00ab&nbsp;Autour de la Nation. Le\u00e7on de civisme. Introduction&nbsp;\u00bb, Kinshasa \u2013 Lubumbashi, Mont noir, 1972 (coll. \u00ab&nbsp;Objectif 80&nbsp;\u00bb).<\/p>\n\n\n\n<p class=\"wp-block-paragraph\">\u00ab&nbsp;L\u2019autre face du royaume, une introduction \u00e0 la critique des langages en folie&nbsp;\u00bb, Lausanne, L\u2019\u00e2ge d\u2019homme, 1973.<\/p>\n\n\n\n<p class=\"wp-block-paragraph\">\u00ab&nbsp;H\u00e9ritage occidental et critique des \u00e9vidences&nbsp;\u00bb, Za\u00efre-Afrique, 72 (1973), p. 89-99.<\/p>\n\n\n\n<p class=\"wp-block-paragraph\">\u00ab&nbsp;Des philosophes africains en mal de d\u00e9veloppement&nbsp;\u00bb, Za\u00efre-Afrique, 108 (1976), p. 453-458.<\/p>\n\n\n\n<p class=\"wp-block-paragraph\">\u00ab&nbsp;Philosophie, id\u00e9ologie, linguistique&nbsp;\u00bb, dans La place de la philosophie\u2026, Lubumbashi, 1976, p. 148-153.<\/p>\n\n\n\n<p class=\"wp-block-paragraph\">\u00ab&nbsp;Le christianisme vu par un Africain&nbsp;\u00bb, dans Religions africaines et christianisme, Colloque intern. de Kinshasa, 1978 I, Cahiers des religions africaines, 11 (1977) n.21-22, p. 165-176.<\/p>\n\n\n\n<p class=\"wp-block-paragraph\">\u00ab&nbsp;Entretien avec Monseigneur Tshibangu Tshishiku&nbsp;\u00bb, Recherches, P\u00e9dagogie et culture, 6 (1977) n.32, p. 16-19.<\/p>\n\n\n\n<p class=\"wp-block-paragraph\">\u00ab&nbsp;Probl\u00e8mes th\u00e9oriques des sciences sociales en Afrique&nbsp;\u00bb, dans Cultures africaines, Probl\u00e8mes et perspectives, (Textes et documents), Lubumbashi, Centre de ling. th\u00e9or. et appliqu\u00e9e, 1977, p. 33-41<a href=\"https:\/\/fr.wikipedia.org\/wiki\/Valentin-Yves_Mudimbe#cite_note-7\">7<\/a>.<\/p>\n\n\n\n<p class=\"wp-block-paragraph\">\u00ab&nbsp;La lib\u00e9ration d\u2019une parole africaine, Notes sur quelques limites du discours scientifique&nbsp;\u00bb, dans Philosophie et lib\u00e9ration, 2e Semaine philos. de Kinshasa, Kinshasa, Facult\u00e9 de Th\u00e9ologie Catholique, 1978, p. 55-59.<\/p>\n\n\n\n<p class=\"wp-block-paragraph\">\u00ab&nbsp;Air, \u00e9tude s\u00e9mantique&nbsp;\u00bb, Vienne \u2013 F\u00f4hrenau, E. Stiglmayr, 1979.<\/p>\n\n\n\n<p class=\"wp-block-paragraph\">\u00ab&nbsp;Civilisation et \u00c9glise Catholique. Vers une \u201cd\u00e9colonisation\u201d du catholicisme africain&nbsp;?&nbsp;\u00bb, Cahiers de religions africaines, 13 (1979) n. 25, p. 145-151.<\/p>\n\n\n\n<p class=\"wp-block-paragraph\">\u00ab&nbsp;Le chant d\u2019un Africain sous les Antonins. Lecture du Privilegium Veneris&nbsp;\u00bb, dans Africa et Roma. Acta omnium gentium ac nationum vanventus latinis litteris linguaque fovendi, Roma, \u00ab&nbsp;L\u2019Erma&nbsp;\u00bb di Bretschneider, 1979.<\/p>\n\n\n\n<p class=\"wp-block-paragraph\">\u00ab&nbsp;La d\u00e9pendance de l\u2019Afrique et les moyens d\u2019y rem\u00e9dier&nbsp;\u00bb, Paris, Berger-Levrault, 1980.<\/p>\n\n\n\n<p class=\"wp-block-paragraph\">\u00ab&nbsp;Du Congo au Za\u00efre&nbsp;: essai d\u2019un bilan (sous la dir. de J. VANDERLINDEN)&nbsp;\u00bb, Bruxelles, Centre de recherche et d\u2019information sociopolitique [env. 1980].<\/p>\n\n\n\n<p class=\"wp-block-paragraph\">\u00ab&nbsp;Visage de la philosophie et de la th\u00e9ologie contemporaine au Za\u00efre&nbsp;\u00bb, Bruxelles, CEDAF, 1981.<\/p>\n\n\n\n<p class=\"wp-block-paragraph\">\u00ab&nbsp;Panorama de la pens\u00e9e africaine contemporaine de langue fran\u00e7aise&nbsp;\u00bb, dans La philosophie en Afrique, Recherche, P\u00e9dagogie, Culture, 9 (1982) n.56, p. 15-29.<\/p>\n\n\n\n<p class=\"wp-block-paragraph\">\u00ab&nbsp;La pens\u00e9e africaine contemporaine 1954-1980. R\u00e9pertoire chronologique des ouvrages de langue fran\u00e7aise&nbsp;\u00bb, dans La philosophie en Afrique, Recherche, P\u00e9dagogie, Culture, 9 (1982) n.56, p. 68-73.<\/p>\n\n\n\n<p class=\"wp-block-paragraph\">\u00ab&nbsp;In memoriam&nbsp;: Alexis Kagame (1912-1981)&nbsp;\u00bb, dans La philosophie en Afrique, Recherche, P\u00e9dagogie et Culture, 9 (1982) n.56, p. 74-78.<\/p>\n\n\n\n<p class=\"wp-block-paragraph\">\u00ab&nbsp;L\u2019odeur du p\u00e8re&nbsp;: essai sur des limites de la science et de la vie en Afrique Noire&nbsp;\u00bb, Paris, Pr\u00e9sence africaine, 1982.<\/p>\n\n\n\n<p class=\"wp-block-paragraph\">L&rsquo;Invention de l&rsquo;Afrique\u00a0: Gnose, philosophie et ordre de la connaissance\u00a0(trad.\u00a0Laurent Vannini), Pr\u00e9sence africaine,\u00a02021, 516\u00a0p.\u00a0(ISBN\u00a0270870950X).<\/p>\n\n\n\n<p class=\"wp-block-paragraph\"><strong>Po\u00e8mes<\/strong><\/p>\n\n\n\n<p class=\"wp-block-paragraph\">\u00abD\u00e9chirures\u00bb, Kinshasa, Mont Noir, 1971 (coll. \u00ab&nbsp;Jeune litt\u00e9rature&nbsp;\u00bb,3).<\/p>\n\n\n\n<p class=\"wp-block-paragraph\">\u00abEntretailles pr\u00e9c\u00e9d\u00e9 de Fulgurances d\u2019une l\u00e9zarde\u00bb, Paris, Saint-Germain-des-Pr\u00e9s, 1973.<\/p>\n\n\n\n<p class=\"wp-block-paragraph\">\u00abLes fuseaux parfois\u2026\u00bb, Paris, Saint-Germain-des-Pr\u00e9s, 1974.<\/p>\n\n\n\n<p class=\"wp-block-paragraph\">\u00abLes fragments d\u2019un espoir\u00bb, dans Marc ROMBAUT,&nbsp;Nouvelle po\u00e9sie n\u00e9groafricaine, La parole noire. Po\u00e9sie I, 43-44-45, janvier-juin 1976, p. 183-186.<\/p>\n\n\n\n<p class=\"wp-block-paragraph\"><strong>\u00c9tudes<\/strong><\/p>\n\n\n\n<p class=\"wp-block-paragraph\">1970\u00a0:\u00a0La litt\u00e9rature de la R\u00e9publique D\u00e9mocratique du Congo, L\u2019Afrique litt\u00e9raire et artistique.<\/p>\n\n\n\n<p class=\"wp-block-paragraph\"><strong>Publications en anglais<\/strong><\/p>\n\n\n\n<p class=\"wp-block-paragraph\">Diaspora and immigration, N\u00b0Sp\u00e9cial de The South Atlantic Quarterly, (Durham, Duke University Press), vol. 98, 1-2, Winter-Spring 1999.<\/p>\n\n\n\n<p class=\"wp-block-paragraph\">Tales of Faith: Religion as Political Performance in Central Africa, Londres\u2013Atlantic Highlands, Athlone Press, 1997.<\/p>\n\n\n\n<p class=\"wp-block-paragraph\">The Idea of Africa, African Systems of Thought, Bloomington \u2013 Indianapolis, Indiana University Press \u2013 James Currey, 1994<a href=\"https:\/\/fr.wikipedia.org\/wiki\/Valentin-Yves_Mudimbe#cite_note-8\">8<\/a>.<\/p>\n\n\n\n<p class=\"wp-block-paragraph\">History Making in Africa, Middletown (Conn.), Wesleyan University, 1993.<\/p>\n\n\n\n<p class=\"wp-block-paragraph\">The Surreptitious Speech&nbsp;: Pr\u00e9sence Africaine and the Politics of Otherness 1947-1987, Chicago \u2013 Londres, University of Chicago Press, 1992.<\/p>\n\n\n\n<p class=\"wp-block-paragraph\">Parables and Fables&nbsp;: Exegesis Textuality and Politics in Central Africa, Madison, The University of Wisconsin Press, 1991.<\/p>\n\n\n\n<p class=\"wp-block-paragraph\">The Invention of Africa&nbsp;: Gnosis, Philosophy and the Order of Knowledge, Bloomington (USA) \u2013 Londres, Indiana University Press \u2013 James Currey, 1988<a href=\"https:\/\/fr.wikipedia.org\/wiki\/Valentin-Yves_Mudimbe#cite_note-9\">9<\/a>, traduit en fran\u00e7ais par Laurent Vannini,&nbsp;L&rsquo;Invention de l&rsquo;Afrique&nbsp;: gnose, philosophie et ordre de la connaissance,&nbsp;<a href=\"https:\/\/fr.wikipedia.org\/wiki\/Pr%C3%A9sence_africaine\">Pr\u00e9sence africaine<\/a>, 2021&nbsp;S\u00e9verine Kodjo-Grandvaux,&nbsp;<a href=\"https:\/\/journal.lemonde.fr\/data\/1426\/reader\/reader.html?t=1620894914406#!preferred\/0\/package\/1426\/pub\/1921\/page\/38\/alb\/97953\">\u00ab&nbsp;L&rsquo;Afrique par elle-m\u00eame&nbsp;\u00bb<\/a>&nbsp;[<a href=\"http:\/\/archive.wikiwix.com\/cache\/?url=https%3A%2F%2Fjournal.lemonde.fr%2Fdata%2F1426%2Freader%2Freader.html%3Ft%3D1620894914406%23!preferred%2F0%2Fpackage%2F1426%2Fpub%2F1921%2Fpage%2F38%2Falb%2F97953\">archive<\/a>],&nbsp;12 mai 2021&nbsp;(consult\u00e9 le&nbsp;13 mai 2021)<\/p>\n\n\n\n<p class=\"wp-block-paragraph\">African Gnosis&nbsp;: Philosophy and the Order of Knowledge, 27th annual Meeting of the African Studies Association, Los Angeles, 25-28 octobre 1984.<\/p>\n\n\n\n<p class=\"wp-block-paragraph\">Edward W. Blyden and African Identity, a paper presented at the intern. Conference on African Philosophy&nbsp;: Philosophy by Africans and People of African Descent, Haverford (USA), Haverford College,&nbsp;juillet 1982.<\/p>\n\n\n\n<p class=\"wp-block-paragraph\"><strong>R\u00e9compenses<\/strong><\/p>\n\n\n\n<p class=\"wp-block-paragraph\">1973:\u00a0<a href=\"https:\/\/fr.wikipedia.org\/wiki\/Grand_prix_catholique_de_litt%C3%A9rature\">Grand prix catholique de litt\u00e9rature<\/a>\u00a0pour son \u0153uvre\u00a0Entre les eaux. Dieu, un pr\u00eatre, la r\u00e9volution.<\/p>\n\n\n\n<p class=\"wp-block-paragraph\">Il re\u00e7oit le Grand Prix catholique de litt\u00e9rature en 1973 pour son premier roman \u00ab\u00a0Entre les eaux. Dieu, un pr\u00eatre, la r\u00e9volution\u00a0\u00bb. Pour des raisons politique, il d\u00e9cide de s&rsquo;exiler aux Etats Unis en 1980. Il y enseigne dans des universit\u00e9s telles que le Haverford College, la Stanford University ainsi que la Duke University. Aujourd&rsquo;hui \u00e0 la retraite, il vit toujours aux Etats Unis.<\/p>\n\n\n\n<p class=\"wp-block-paragraph\"><strong>Lemonde et TV5monde<\/strong><\/p>\n","protected":false,"gt_translate_keys":[{"key":"rendered","format":"html"}]},"excerpt":{"rendered":"<p>Essai r\u00e9dig\u00e9 par l&rsquo;auteur congolais Valentin-Yves Mudimb\u00e9 en 1988. Un classique de la litt\u00e9rature des id\u00e9es, sans doute un des livres les plus lus dans les \u00e9tudes africaines des universit\u00e9s am\u00e9ricaines. Il est publi\u00e9 pour la premi\u00e8re fois en langue fran\u00e7aise chez Pr\u00e9sence africaine.\u00a0 Histoire d\u2019un livre. En\u00a01988 \u00e9tait publi\u00e9 aux Etats-Unis l\u2019important ouvrage du philosophe congolais. Alors un essai pr\u00e9curseur, c\u2019est en classique qu\u2019il para\u00eet aujourd\u2019hui en France. Trente-trois ans. Pourquoi avoir attendu aussi longtemps pour traduire l\u2019essai incontournable des \u00e9tudes africaines,&nbsp;The Invention of Africa,&nbsp;de Valentin-Yves Mudimbe&nbsp;? Voil\u00e0 une&hellip;<\/p>\n","protected":false,"gt_translate_keys":[{"key":"rendered","format":"html"}]},"author":1,"featured_media":9203,"comment_status":"open","ping_status":"open","sticky":false,"template":"","format":"standard","meta":{"_crdt_document":"","footnotes":""},"categories":[7836],"tags":[7839,7837,7838],"class_list":["post-9201","post","type-post","status-publish","format-standard","has-post-thumbnail","hentry","category-litterature","tag-biographie-valentin-yves-mudimbe","tag-linvention-de-lafrique","tag-valentin-yves-mudimbe"],"gutentor_comment":0,"yoast_head":"<!-- This site is optimized with the Yoast SEO plugin v27.5 - https:\/\/yoast.com\/product\/yoast-seo-wordpress\/ -->\n<title>\u00ab L\u2019Invention de l\u2019Afrique \u00bb, de Valentin-Yves Mudimbe : un incontournable des \u00e9tudes africaines - Actualit\u00e9s congolaises et internationales<\/title>\n<meta name=\"robots\" content=\"index, follow, max-snippet:-1, max-image-preview:large, max-video-preview:-1\" \/>\n<link rel=\"canonical\" href=\"https:\/\/congovirtuel.com\/information\/linvention-de-lafrique-de-valentin-yves-mudimbe-un-incontournable-des-etudes-africaines\/\" \/>\n<meta property=\"og:locale\" content=\"fr_FR\" \/>\n<meta property=\"og:type\" content=\"article\" \/>\n<meta property=\"og:title\" content=\"\u00ab L\u2019Invention de l\u2019Afrique \u00bb, de Valentin-Yves Mudimbe : un incontournable des \u00e9tudes africaines - Actualit\u00e9s congolaises et internationales\" \/>\n<meta property=\"og:description\" content=\"Essai r\u00e9dig\u00e9 par l&rsquo;auteur congolais Valentin-Yves Mudimb\u00e9 en 1988. Un classique de la litt\u00e9rature des id\u00e9es, sans doute un des livres les plus lus dans les \u00e9tudes africaines des universit\u00e9s am\u00e9ricaines. Il est publi\u00e9 pour la premi\u00e8re fois en langue fran\u00e7aise chez Pr\u00e9sence africaine.\u00a0 Histoire d\u2019un livre. En\u00a01988 \u00e9tait publi\u00e9 aux Etats-Unis l\u2019important ouvrage du philosophe congolais. Alors un essai pr\u00e9curseur, c\u2019est en classique qu\u2019il para\u00eet aujourd\u2019hui en France. Trente-trois ans. Pourquoi avoir attendu aussi longtemps pour traduire l\u2019essai incontournable des \u00e9tudes africaines,&nbsp;The Invention of Africa,&nbsp;de Valentin-Yves Mudimbe&nbsp;? Voil\u00e0 une&hellip;\" \/>\n<meta property=\"og:url\" content=\"https:\/\/congovirtuel.com\/information\/linvention-de-lafrique-de-valentin-yves-mudimbe-un-incontournable-des-etudes-africaines\/\" \/>\n<meta property=\"og:site_name\" content=\"Actualit\u00e9s congolaises et internationales\" \/>\n<meta property=\"article:publisher\" content=\"https:\/\/web.facebook.com\/Congovirtuel-763617960319601\/?ref=aymt_homepage_panel&amp;amp%3bamp%3bamp%3bamp%3bamp%3bamp%3bamp%3bamp%3bamp%3bamp%3bamp%3beid=ARCoxULa66767kIgF_KYav6VdjXTI4yk_LW4yoVO9s6NXpysgb7Cb65vpxcxgqzOAKvIbLQxaAETcqHT\" \/>\n<meta property=\"article:published_time\" content=\"2021-05-15T15:27:47+00:00\" \/>\n<meta property=\"article:modified_time\" content=\"2021-05-15T16:06:32+00:00\" \/>\n<meta property=\"og:image\" content=\"https:\/\/congovirtuel.com\/information\/wp-content\/uploads\/2021\/05\/valentin_yves_Mudimbe.jpg\" \/>\n\t<meta property=\"og:image:width\" content=\"800\" \/>\n\t<meta property=\"og:image:height\" content=\"480\" \/>\n\t<meta property=\"og:image:type\" content=\"image\/jpeg\" \/>\n<meta name=\"author\" content=\"infocongovirtuel\" \/>\n<meta name=\"twitter:card\" content=\"summary_large_image\" \/>\n<meta name=\"twitter:creator\" content=\"@congovirtuel\" \/>\n<meta name=\"twitter:site\" content=\"@congovirtuel\" \/>\n<meta name=\"twitter:label1\" content=\"\u00c9crit par\" \/>\n\t<meta name=\"twitter:data1\" content=\"infocongovirtuel\" \/>\n\t<meta name=\"twitter:label2\" content=\"Dur\u00e9e de lecture estim\u00e9e\" \/>\n\t<meta name=\"twitter:data2\" content=\"7 minutes\" \/>\n<script type=\"application\/ld+json\" class=\"yoast-schema-graph\">{\"@context\":\"https:\\\/\\\/schema.org\",\"@graph\":[{\"@type\":\"Article\",\"@id\":\"https:\\\/\\\/congovirtuel.com\\\/information\\\/linvention-de-lafrique-de-valentin-yves-mudimbe-un-incontournable-des-etudes-africaines\\\/#article\",\"isPartOf\":{\"@id\":\"https:\\\/\\\/congovirtuel.com\\\/information\\\/linvention-de-lafrique-de-valentin-yves-mudimbe-un-incontournable-des-etudes-africaines\\\/\"},\"author\":{\"name\":\"infocongovirtuel\",\"@id\":\"https:\\\/\\\/congovirtuel.com\\\/information\\\/#\\\/schema\\\/person\\\/739a44bf7990966cb53d58d2fdeca0b6\"},\"headline\":\"\u00ab L\u2019Invention de l\u2019Afrique \u00bb, de Valentin-Yves Mudimbe : un incontournable des \u00e9tudes africaines\",\"datePublished\":\"2021-05-15T15:27:47+00:00\",\"dateModified\":\"2021-05-15T16:06:32+00:00\",\"mainEntityOfPage\":{\"@id\":\"https:\\\/\\\/congovirtuel.com\\\/information\\\/linvention-de-lafrique-de-valentin-yves-mudimbe-un-incontournable-des-etudes-africaines\\\/\"},\"wordCount\":1773,\"commentCount\":0,\"publisher\":{\"@id\":\"https:\\\/\\\/congovirtuel.com\\\/information\\\/#organization\"},\"image\":{\"@id\":\"https:\\\/\\\/congovirtuel.com\\\/information\\\/linvention-de-lafrique-de-valentin-yves-mudimbe-un-incontournable-des-etudes-africaines\\\/#primaryimage\"},\"thumbnailUrl\":\"https:\\\/\\\/congovirtuel.com\\\/information\\\/wp-content\\\/uploads\\\/2021\\\/05\\\/valentin_yves_Mudimbe.jpg\",\"keywords\":[\"Biographie Valentin Yves Mudimbe\",\"L\u2019Invention de l\u2019Afrique\",\"Valentin Yves Mudimbe\"],\"articleSection\":[\"litt\u00e9rature\"],\"inLanguage\":\"fr-FR\",\"potentialAction\":[{\"@type\":\"CommentAction\",\"name\":\"Comment\",\"target\":[\"https:\\\/\\\/congovirtuel.com\\\/information\\\/linvention-de-lafrique-de-valentin-yves-mudimbe-un-incontournable-des-etudes-africaines\\\/#respond\"]}]},{\"@type\":\"WebPage\",\"@id\":\"https:\\\/\\\/congovirtuel.com\\\/information\\\/linvention-de-lafrique-de-valentin-yves-mudimbe-un-incontournable-des-etudes-africaines\\\/\",\"url\":\"https:\\\/\\\/congovirtuel.com\\\/information\\\/linvention-de-lafrique-de-valentin-yves-mudimbe-un-incontournable-des-etudes-africaines\\\/\",\"name\":\"\u00ab L\u2019Invention de l\u2019Afrique \u00bb, de Valentin-Yves Mudimbe : un incontournable des \u00e9tudes africaines - Actualit\u00e9s congolaises et internationales\",\"isPartOf\":{\"@id\":\"https:\\\/\\\/congovirtuel.com\\\/information\\\/#website\"},\"primaryImageOfPage\":{\"@id\":\"https:\\\/\\\/congovirtuel.com\\\/information\\\/linvention-de-lafrique-de-valentin-yves-mudimbe-un-incontournable-des-etudes-africaines\\\/#primaryimage\"},\"image\":{\"@id\":\"https:\\\/\\\/congovirtuel.com\\\/information\\\/linvention-de-lafrique-de-valentin-yves-mudimbe-un-incontournable-des-etudes-africaines\\\/#primaryimage\"},\"thumbnailUrl\":\"https:\\\/\\\/congovirtuel.com\\\/information\\\/wp-content\\\/uploads\\\/2021\\\/05\\\/valentin_yves_Mudimbe.jpg\",\"datePublished\":\"2021-05-15T15:27:47+00:00\",\"dateModified\":\"2021-05-15T16:06:32+00:00\",\"breadcrumb\":{\"@id\":\"https:\\\/\\\/congovirtuel.com\\\/information\\\/linvention-de-lafrique-de-valentin-yves-mudimbe-un-incontournable-des-etudes-africaines\\\/#breadcrumb\"},\"inLanguage\":\"fr-FR\",\"potentialAction\":[{\"@type\":\"ReadAction\",\"target\":[\"https:\\\/\\\/congovirtuel.com\\\/information\\\/linvention-de-lafrique-de-valentin-yves-mudimbe-un-incontournable-des-etudes-africaines\\\/\"]}]},{\"@type\":\"ImageObject\",\"inLanguage\":\"fr-FR\",\"@id\":\"https:\\\/\\\/congovirtuel.com\\\/information\\\/linvention-de-lafrique-de-valentin-yves-mudimbe-un-incontournable-des-etudes-africaines\\\/#primaryimage\",\"url\":\"https:\\\/\\\/congovirtuel.com\\\/information\\\/wp-content\\\/uploads\\\/2021\\\/05\\\/valentin_yves_Mudimbe.jpg\",\"contentUrl\":\"https:\\\/\\\/congovirtuel.com\\\/information\\\/wp-content\\\/uploads\\\/2021\\\/05\\\/valentin_yves_Mudimbe.jpg\",\"width\":800,\"height\":480},{\"@type\":\"BreadcrumbList\",\"@id\":\"https:\\\/\\\/congovirtuel.com\\\/information\\\/linvention-de-lafrique-de-valentin-yves-mudimbe-un-incontournable-des-etudes-africaines\\\/#breadcrumb\",\"itemListElement\":[{\"@type\":\"ListItem\",\"position\":1,\"name\":\"Accueil\",\"item\":\"https:\\\/\\\/congovirtuel.com\\\/information\\\/\"},{\"@type\":\"ListItem\",\"position\":2,\"name\":\"\u00ab L\u2019Invention de l\u2019Afrique \u00bb, de Valentin-Yves Mudimbe : un incontournable des \u00e9tudes africaines\"}]},{\"@type\":\"WebSite\",\"@id\":\"https:\\\/\\\/congovirtuel.com\\\/information\\\/#website\",\"url\":\"https:\\\/\\\/congovirtuel.com\\\/information\\\/\",\"name\":\"Actualit\u00e9s congolaises et internationales\",\"description\":\"site d&#039;analyse et de traitement d&#039;information\",\"publisher\":{\"@id\":\"https:\\\/\\\/congovirtuel.com\\\/information\\\/#organization\"},\"potentialAction\":[{\"@type\":\"SearchAction\",\"target\":{\"@type\":\"EntryPoint\",\"urlTemplate\":\"https:\\\/\\\/congovirtuel.com\\\/information\\\/?s={search_term_string}\"},\"query-input\":{\"@type\":\"PropertyValueSpecification\",\"valueRequired\":true,\"valueName\":\"search_term_string\"}}],\"inLanguage\":\"fr-FR\"},{\"@type\":\"Organization\",\"@id\":\"https:\\\/\\\/congovirtuel.com\\\/information\\\/#organization\",\"name\":\"Biblioth\u00e8que Virtuelle de la RDC\",\"url\":\"https:\\\/\\\/congovirtuel.com\\\/information\\\/\",\"logo\":{\"@type\":\"ImageObject\",\"inLanguage\":\"fr-FR\",\"@id\":\"https:\\\/\\\/congovirtuel.com\\\/information\\\/#\\\/schema\\\/logo\\\/image\\\/\",\"url\":\"https:\\\/\\\/congovirtuel.com\\\/information\\\/wp-content\\\/uploads\\\/2018\\\/10\\\/header-info-congovirtuel-vraie.jpg\",\"contentUrl\":\"https:\\\/\\\/congovirtuel.com\\\/information\\\/wp-content\\\/uploads\\\/2018\\\/10\\\/header-info-congovirtuel-vraie.jpg\",\"width\":728,\"height\":90,\"caption\":\"Biblioth\u00e8que Virtuelle de la RDC\"},\"image\":{\"@id\":\"https:\\\/\\\/congovirtuel.com\\\/information\\\/#\\\/schema\\\/logo\\\/image\\\/\"},\"sameAs\":[\"https:\\\/\\\/web.facebook.com\\\/Congovirtuel-763617960319601\\\/?ref=aymt_homepage_panel&amp;amp;amp;amp;amp;amp;amp;amp;amp;amp;amp;eid=ARCoxULa66767kIgF_KYav6VdjXTI4yk_LW4yoVO9s6NXpysgb7Cb65vpxcxgqzOAKvIbLQxaAETcqHT\",\"https:\\\/\\\/x.com\\\/congovirtuel\",\"https:\\\/\\\/www.youtube.com\\\/channel\\\/UCkFfprYzGgS3EWNpeMXpToQ?view_as=subscriber\"]},{\"@type\":\"Person\",\"@id\":\"https:\\\/\\\/congovirtuel.com\\\/information\\\/#\\\/schema\\\/person\\\/739a44bf7990966cb53d58d2fdeca0b6\",\"name\":\"infocongovirtuel\",\"image\":{\"@type\":\"ImageObject\",\"inLanguage\":\"fr-FR\",\"@id\":\"https:\\\/\\\/secure.gravatar.com\\\/avatar\\\/4d76991aa72469f0eb22e772586c99113c6997f88da636a9db8f2ce3a2c05e69?s=96&d=mm&r=g\",\"url\":\"https:\\\/\\\/secure.gravatar.com\\\/avatar\\\/4d76991aa72469f0eb22e772586c99113c6997f88da636a9db8f2ce3a2c05e69?s=96&d=mm&r=g\",\"contentUrl\":\"https:\\\/\\\/secure.gravatar.com\\\/avatar\\\/4d76991aa72469f0eb22e772586c99113c6997f88da636a9db8f2ce3a2c05e69?s=96&d=mm&r=g\",\"caption\":\"infocongovirtuel\"},\"url\":\"https:\\\/\\\/congovirtuel.com\\\/information\\\/author\\\/infocongovirtuel\\\/\"}]}<\/script>\n<!-- \/ Yoast SEO plugin. -->","yoast_head_json":{"title":"\u00ab L\u2019Invention de l\u2019Afrique \u00bb, de Valentin-Yves Mudimbe : un incontournable des \u00e9tudes africaines - Actualit\u00e9s congolaises et internationales","robots":{"index":"index","follow":"follow","max-snippet":"max-snippet:-1","max-image-preview":"max-image-preview:large","max-video-preview":"max-video-preview:-1"},"canonical":"https:\/\/congovirtuel.com\/information\/linvention-de-lafrique-de-valentin-yves-mudimbe-un-incontournable-des-etudes-africaines\/","og_locale":"fr_FR","og_type":"article","og_title":"\u00ab L\u2019Invention de l\u2019Afrique \u00bb, de Valentin-Yves Mudimbe : un incontournable des \u00e9tudes africaines - Actualit\u00e9s congolaises et internationales","og_description":"Essai r\u00e9dig\u00e9 par l&rsquo;auteur congolais Valentin-Yves Mudimb\u00e9 en 1988. Un classique de la litt\u00e9rature des id\u00e9es, sans doute un des livres les plus lus dans les \u00e9tudes africaines des universit\u00e9s am\u00e9ricaines. Il est publi\u00e9 pour la premi\u00e8re fois en langue fran\u00e7aise chez Pr\u00e9sence africaine.\u00a0 Histoire d\u2019un livre. En\u00a01988 \u00e9tait publi\u00e9 aux Etats-Unis l\u2019important ouvrage du philosophe congolais. Alors un essai pr\u00e9curseur, c\u2019est en classique qu\u2019il para\u00eet aujourd\u2019hui en France. Trente-trois ans. Pourquoi avoir attendu aussi longtemps pour traduire l\u2019essai incontournable des \u00e9tudes africaines,&nbsp;The Invention of Africa,&nbsp;de Valentin-Yves Mudimbe&nbsp;? Voil\u00e0 une&hellip;","og_url":"https:\/\/congovirtuel.com\/information\/linvention-de-lafrique-de-valentin-yves-mudimbe-un-incontournable-des-etudes-africaines\/","og_site_name":"Actualit\u00e9s congolaises et internationales","article_publisher":"https:\/\/web.facebook.com\/Congovirtuel-763617960319601\/?ref=aymt_homepage_panel&amp%3bamp%3bamp%3bamp%3bamp%3bamp%3bamp%3bamp%3bamp%3bamp%3bamp%3beid=ARCoxULa66767kIgF_KYav6VdjXTI4yk_LW4yoVO9s6NXpysgb7Cb65vpxcxgqzOAKvIbLQxaAETcqHT","article_published_time":"2021-05-15T15:27:47+00:00","article_modified_time":"2021-05-15T16:06:32+00:00","og_image":[{"width":800,"height":480,"url":"https:\/\/congovirtuel.com\/information\/wp-content\/uploads\/2021\/05\/valentin_yves_Mudimbe.jpg","type":"image\/jpeg"}],"author":"infocongovirtuel","twitter_card":"summary_large_image","twitter_creator":"@congovirtuel","twitter_site":"@congovirtuel","twitter_misc":{"\u00c9crit par":"infocongovirtuel","Dur\u00e9e de lecture estim\u00e9e":"7 minutes"},"schema":{"@context":"https:\/\/schema.org","@graph":[{"@type":"Article","@id":"https:\/\/congovirtuel.com\/information\/linvention-de-lafrique-de-valentin-yves-mudimbe-un-incontournable-des-etudes-africaines\/#article","isPartOf":{"@id":"https:\/\/congovirtuel.com\/information\/linvention-de-lafrique-de-valentin-yves-mudimbe-un-incontournable-des-etudes-africaines\/"},"author":{"name":"infocongovirtuel","@id":"https:\/\/congovirtuel.com\/information\/#\/schema\/person\/739a44bf7990966cb53d58d2fdeca0b6"},"headline":"\u00ab L\u2019Invention de l\u2019Afrique \u00bb, de Valentin-Yves Mudimbe : un incontournable des \u00e9tudes africaines","datePublished":"2021-05-15T15:27:47+00:00","dateModified":"2021-05-15T16:06:32+00:00","mainEntityOfPage":{"@id":"https:\/\/congovirtuel.com\/information\/linvention-de-lafrique-de-valentin-yves-mudimbe-un-incontournable-des-etudes-africaines\/"},"wordCount":1773,"commentCount":0,"publisher":{"@id":"https:\/\/congovirtuel.com\/information\/#organization"},"image":{"@id":"https:\/\/congovirtuel.com\/information\/linvention-de-lafrique-de-valentin-yves-mudimbe-un-incontournable-des-etudes-africaines\/#primaryimage"},"thumbnailUrl":"https:\/\/congovirtuel.com\/information\/wp-content\/uploads\/2021\/05\/valentin_yves_Mudimbe.jpg","keywords":["Biographie Valentin Yves Mudimbe","L\u2019Invention de l\u2019Afrique","Valentin Yves Mudimbe"],"articleSection":["litt\u00e9rature"],"inLanguage":"fr-FR","potentialAction":[{"@type":"CommentAction","name":"Comment","target":["https:\/\/congovirtuel.com\/information\/linvention-de-lafrique-de-valentin-yves-mudimbe-un-incontournable-des-etudes-africaines\/#respond"]}]},{"@type":"WebPage","@id":"https:\/\/congovirtuel.com\/information\/linvention-de-lafrique-de-valentin-yves-mudimbe-un-incontournable-des-etudes-africaines\/","url":"https:\/\/congovirtuel.com\/information\/linvention-de-lafrique-de-valentin-yves-mudimbe-un-incontournable-des-etudes-africaines\/","name":"\u00ab L\u2019Invention de l\u2019Afrique \u00bb, de Valentin-Yves Mudimbe : un incontournable des \u00e9tudes africaines - Actualit\u00e9s congolaises et internationales","isPartOf":{"@id":"https:\/\/congovirtuel.com\/information\/#website"},"primaryImageOfPage":{"@id":"https:\/\/congovirtuel.com\/information\/linvention-de-lafrique-de-valentin-yves-mudimbe-un-incontournable-des-etudes-africaines\/#primaryimage"},"image":{"@id":"https:\/\/congovirtuel.com\/information\/linvention-de-lafrique-de-valentin-yves-mudimbe-un-incontournable-des-etudes-africaines\/#primaryimage"},"thumbnailUrl":"https:\/\/congovirtuel.com\/information\/wp-content\/uploads\/2021\/05\/valentin_yves_Mudimbe.jpg","datePublished":"2021-05-15T15:27:47+00:00","dateModified":"2021-05-15T16:06:32+00:00","breadcrumb":{"@id":"https:\/\/congovirtuel.com\/information\/linvention-de-lafrique-de-valentin-yves-mudimbe-un-incontournable-des-etudes-africaines\/#breadcrumb"},"inLanguage":"fr-FR","potentialAction":[{"@type":"ReadAction","target":["https:\/\/congovirtuel.com\/information\/linvention-de-lafrique-de-valentin-yves-mudimbe-un-incontournable-des-etudes-africaines\/"]}]},{"@type":"ImageObject","inLanguage":"fr-FR","@id":"https:\/\/congovirtuel.com\/information\/linvention-de-lafrique-de-valentin-yves-mudimbe-un-incontournable-des-etudes-africaines\/#primaryimage","url":"https:\/\/congovirtuel.com\/information\/wp-content\/uploads\/2021\/05\/valentin_yves_Mudimbe.jpg","contentUrl":"https:\/\/congovirtuel.com\/information\/wp-content\/uploads\/2021\/05\/valentin_yves_Mudimbe.jpg","width":800,"height":480},{"@type":"BreadcrumbList","@id":"https:\/\/congovirtuel.com\/information\/linvention-de-lafrique-de-valentin-yves-mudimbe-un-incontournable-des-etudes-africaines\/#breadcrumb","itemListElement":[{"@type":"ListItem","position":1,"name":"Accueil","item":"https:\/\/congovirtuel.com\/information\/"},{"@type":"ListItem","position":2,"name":"\u00ab L\u2019Invention de l\u2019Afrique \u00bb, de Valentin-Yves Mudimbe : un incontournable des \u00e9tudes africaines"}]},{"@type":"WebSite","@id":"https:\/\/congovirtuel.com\/information\/#website","url":"https:\/\/congovirtuel.com\/information\/","name":"Actualit\u00e9s congolaises et internationales","description":"site d&#039;analyse et de traitement d&#039;information","publisher":{"@id":"https:\/\/congovirtuel.com\/information\/#organization"},"potentialAction":[{"@type":"SearchAction","target":{"@type":"EntryPoint","urlTemplate":"https:\/\/congovirtuel.com\/information\/?s={search_term_string}"},"query-input":{"@type":"PropertyValueSpecification","valueRequired":true,"valueName":"search_term_string"}}],"inLanguage":"fr-FR"},{"@type":"Organization","@id":"https:\/\/congovirtuel.com\/information\/#organization","name":"Biblioth\u00e8que Virtuelle de la RDC","url":"https:\/\/congovirtuel.com\/information\/","logo":{"@type":"ImageObject","inLanguage":"fr-FR","@id":"https:\/\/congovirtuel.com\/information\/#\/schema\/logo\/image\/","url":"https:\/\/congovirtuel.com\/information\/wp-content\/uploads\/2018\/10\/header-info-congovirtuel-vraie.jpg","contentUrl":"https:\/\/congovirtuel.com\/information\/wp-content\/uploads\/2018\/10\/header-info-congovirtuel-vraie.jpg","width":728,"height":90,"caption":"Biblioth\u00e8que Virtuelle de la RDC"},"image":{"@id":"https:\/\/congovirtuel.com\/information\/#\/schema\/logo\/image\/"},"sameAs":["https:\/\/web.facebook.com\/Congovirtuel-763617960319601\/?ref=aymt_homepage_panel&amp;amp;amp;amp;amp;amp;amp;amp;amp;amp;amp;eid=ARCoxULa66767kIgF_KYav6VdjXTI4yk_LW4yoVO9s6NXpysgb7Cb65vpxcxgqzOAKvIbLQxaAETcqHT","https:\/\/x.com\/congovirtuel","https:\/\/www.youtube.com\/channel\/UCkFfprYzGgS3EWNpeMXpToQ?view_as=subscriber"]},{"@type":"Person","@id":"https:\/\/congovirtuel.com\/information\/#\/schema\/person\/739a44bf7990966cb53d58d2fdeca0b6","name":"infocongovirtuel","image":{"@type":"ImageObject","inLanguage":"fr-FR","@id":"https:\/\/secure.gravatar.com\/avatar\/4d76991aa72469f0eb22e772586c99113c6997f88da636a9db8f2ce3a2c05e69?s=96&d=mm&r=g","url":"https:\/\/secure.gravatar.com\/avatar\/4d76991aa72469f0eb22e772586c99113c6997f88da636a9db8f2ce3a2c05e69?s=96&d=mm&r=g","contentUrl":"https:\/\/secure.gravatar.com\/avatar\/4d76991aa72469f0eb22e772586c99113c6997f88da636a9db8f2ce3a2c05e69?s=96&d=mm&r=g","caption":"infocongovirtuel"},"url":"https:\/\/congovirtuel.com\/information\/author\/infocongovirtuel\/"}]}},"gt_translate_keys":[{"key":"link","format":"url"}],"_links":{"self":[{"href":"https:\/\/congovirtuel.com\/information\/wp-json\/wp\/v2\/posts\/9201","targetHints":{"allow":["GET"]}}],"collection":[{"href":"https:\/\/congovirtuel.com\/information\/wp-json\/wp\/v2\/posts"}],"about":[{"href":"https:\/\/congovirtuel.com\/information\/wp-json\/wp\/v2\/types\/post"}],"author":[{"embeddable":true,"href":"https:\/\/congovirtuel.com\/information\/wp-json\/wp\/v2\/users\/1"}],"replies":[{"embeddable":true,"href":"https:\/\/congovirtuel.com\/information\/wp-json\/wp\/v2\/comments?post=9201"}],"version-history":[{"count":6,"href":"https:\/\/congovirtuel.com\/information\/wp-json\/wp\/v2\/posts\/9201\/revisions"}],"predecessor-version":[{"id":9211,"href":"https:\/\/congovirtuel.com\/information\/wp-json\/wp\/v2\/posts\/9201\/revisions\/9211"}],"wp:featuredmedia":[{"embeddable":true,"href":"https:\/\/congovirtuel.com\/information\/wp-json\/wp\/v2\/media\/9203"}],"wp:attachment":[{"href":"https:\/\/congovirtuel.com\/information\/wp-json\/wp\/v2\/media?parent=9201"}],"wp:term":[{"taxonomy":"category","embeddable":true,"href":"https:\/\/congovirtuel.com\/information\/wp-json\/wp\/v2\/categories?post=9201"},{"taxonomy":"post_tag","embeddable":true,"href":"https:\/\/congovirtuel.com\/information\/wp-json\/wp\/v2\/tags?post=9201"}],"curies":[{"name":"wp","href":"https:\/\/api.w.org\/{rel}","templated":true}]}}