{"id":9345,"date":"2021-05-18T16:25:58","date_gmt":"2021-05-18T15:25:58","guid":{"rendered":"https:\/\/congovirtuel.com\/information\/?p=9345"},"modified":"2021-05-18T16:26:04","modified_gmt":"2021-05-18T15:26:04","slug":"kagame-vs-mukwege-depuis-quand-notre-souffrance-na-pas-de-valeur-tatiana-mukanire","status":"publish","type":"post","link":"https:\/\/congovirtuel.com\/information\/kagame-vs-mukwege-depuis-quand-notre-souffrance-na-pas-de-valeur-tatiana-mukanire\/","title":{"rendered":"Kagame vs Mukwege : Depuis quand notre souffrance n\u2019a pas de valeur ? (Tatiana Mukanire)","gt_translate_keys":[{"key":"rendered","format":"text"}]},"content":{"rendered":"\n<p class=\"wp-block-paragraph\">Nous avons \u00e9t\u00e9 humili\u00e9es par plusieurs forces arm\u00e9es dont des FPR et des FDLR. Devons-nous \u00e9taler, d\u00e9terrer tous ces morts et les exhiber \u00e0 la face du monde pour que les gens comprennent ?<\/p>\n\n\n\n<p class=\"wp-block-paragraph\">Des personnes se permettent de cracher sur la m\u00e9moire de nos fr\u00e8res, de nos s\u0153urs, de nos m\u00e8res, de nos p\u00e8res, de nos enfants. Nous avons \u00e9t\u00e9 souill\u00e9es par des viols commis par ces m\u00eames personnes qui voudraient changer notre histoire aujourd\u2019hui\u2026<\/p>\n\n\n\n<p class=\"wp-block-paragraph\">Paul Kagame dit aujourd\u2019hui publiquement qu\u2019il n\u2019y a pas eu de crimes commis au Congo par le Rwanda.\u2028<\/p>\n\n\n\n<p class=\"wp-block-paragraph\">Qui a attaqu\u00e9 la ville de Bukavu en quittant par le haut plateau de Baraka en 1996 ?<\/p>\n\n\n\n<p class=\"wp-block-paragraph\">\u2028Qui a envahi le territoire de Mwenga, le village de Kasika en 1998 ? \u2028<\/p>\n\n\n\n<p class=\"wp-block-paragraph\">Qui a attaqu\u00e9 les camps de r\u00e9fugi\u00e9s de Ishungu et Kashusha en 1996 ?<\/p>\n\n\n\n<p class=\"wp-block-paragraph\">\u2028\u2028En 2004, lors de l\u2019insurrection de la ville de Bukavu, j\u2019ai \u00e9t\u00e9 viol\u00e9e, je me rappelle des visages, je me rappelle de cette douleur sans nom, je me rappelle comment ils ont assassin\u00e9 des membres de ma famille. J\u2019ai vu des morts, j\u2019ai vu des larmes couler et j\u2019ai senti la peur, une peur qui ne me quitte plus. Je sais qui sont mes bourreaux\u2026 Je suis t\u00e9moin. Je suis une preuve vivante que ces crimes les plus graves ont \u00e9t\u00e9 commis.<\/p>\n\n\n\n<p class=\"wp-block-paragraph\">\u2028M\u00e9priser la m\u00e9moire des victimes congolaises, nier l\u2019Histoire des crimes commis au Congo, c\u2019est vouloir cacher la r\u00e9alit\u00e9, mais l\u2019Histoire est t\u00eatue et l\u2019on ne cachera jamais la v\u00e9rit\u00e9 ! Tant que nous vivrons, nous n\u2019accepterons pas le d\u00e9ni de notre histoire !<\/p>\n\n\n\n<p class=\"wp-block-paragraph\">\u2028Nous avons v\u00e9cu le pire, mais nous avons encore notre honneur et nous irons jusqu\u2019au bout pour que le monde sache et que justice soit rendue.<\/p>\n\n\n\n<p class=\"wp-block-paragraph\">\u2028Les morts enterr\u00e9s dans des fosses communes sont aussi des preuves. Ils ne pourront jamais parler, mais nous, survivants de ces cruaut\u00e9s, nous allons parler ! Nous allons t\u00e9moigner ! Nous allons vous forcer tous \u00e0 redevenir HUMAINS et \u00e0 reconnaitre les torts que vous nous avez caus\u00e9. Sans cela, nous ne pourrons pas parler de r\u00e9conciliation. Sans cela, nous ne pourrons pas parler de paix.<\/p>\n\n\n\n<p class=\"wp-block-paragraph\">\u2028Je suis Congolaise ! J\u2019exige la v\u00e9rit\u00e9, la justice et des r\u00e9parations pour toutes les atrocit\u00e9s commises sur les populations civiles du Congo et j\u2019exige que le gouvernement congolais r\u00e9agisse lorsque nos bourreaux cherchent encore \u00e0 manipuler la v\u00e9rit\u00e9 et \u00e0 discr\u00e9diter celui qui a soign\u00e9, aid\u00e9 et sauv\u00e9 beaucoup d\u2019entre nous, le Dr Denis Mukwege.<\/p>\n\n\n\n<p class=\"wp-block-paragraph\">\u2028Nous sommes des \u00eatres humains et non des moustiques que vous allez continuer \u00e0 \u00e9craser \u00e0 chaque seconde. Nous disons non au n\u00e9gationnisme !\u00a0\u00bb<\/p>\n\n\n\n<p class=\"wp-block-paragraph\"><strong>Tatiana Mukanire<\/strong>, Coordinatrice Nationale du Mouvement des Survivant.e.s de Violences Sexuelles en RDC<\/p>\n\n\n\n<p class=\"wp-block-paragraph\"><a href=\"https:\/\/f24.my\/7fQq.W\">https:\/\/f24.my\/7fQq.W<\/a><\/p>\n","protected":false,"gt_translate_keys":[{"key":"rendered","format":"html"}]},"excerpt":{"rendered":"<p>Nous avons \u00e9t\u00e9 humili\u00e9es par plusieurs forces arm\u00e9es dont des FPR et des FDLR. Devons-nous \u00e9taler, d\u00e9terrer tous ces morts et les exhiber \u00e0 la face du monde pour que les gens comprennent ? Des personnes se permettent de cracher sur la m\u00e9moire de nos fr\u00e8res, de nos s\u0153urs, de nos m\u00e8res, de nos p\u00e8res, de nos enfants. Nous avons \u00e9t\u00e9 souill\u00e9es par des viols commis par ces m\u00eames personnes qui voudraient changer notre histoire aujourd\u2019hui\u2026 Paul Kagame dit aujourd\u2019hui publiquement qu\u2019il n\u2019y a pas eu de crimes commis au&hellip;<\/p>\n","protected":false,"gt_translate_keys":[{"key":"rendered","format":"html"}]},"author":1,"featured_media":9346,"comment_status":"open","ping_status":"open","sticky":false,"template":"","format":"standard","meta":{"_crdt_document":"","footnotes":""},"categories":[237],"tags":[7974,152],"class_list":["post-9345","post","type-post","status-publish","format-standard","has-post-thumbnail","hentry","category-rdc-rwanda","tag-entretien-kagame-france-24","tag-paul-kagame"],"gutentor_comment":0,"yoast_head":"<!-- This site is optimized with the Yoast SEO plugin v27.5 - https:\/\/yoast.com\/product\/yoast-seo-wordpress\/ -->\n<title>Kagame vs Mukwege : Depuis quand notre souffrance n\u2019a pas de valeur ? (Tatiana Mukanire) - Actualit\u00e9s congolaises et internationales<\/title>\n<meta name=\"robots\" content=\"index, follow, max-snippet:-1, max-image-preview:large, max-video-preview:-1\" \/>\n<link rel=\"canonical\" href=\"https:\/\/congovirtuel.com\/information\/kagame-vs-mukwege-depuis-quand-notre-souffrance-na-pas-de-valeur-tatiana-mukanire\/\" \/>\n<meta property=\"og:locale\" content=\"fr_FR\" \/>\n<meta property=\"og:type\" content=\"article\" \/>\n<meta property=\"og:title\" content=\"Kagame vs Mukwege : Depuis quand notre souffrance n\u2019a pas de valeur ? (Tatiana Mukanire) - Actualit\u00e9s congolaises et internationales\" \/>\n<meta property=\"og:description\" content=\"Nous avons \u00e9t\u00e9 humili\u00e9es par plusieurs forces arm\u00e9es dont des FPR et des FDLR. Devons-nous \u00e9taler, d\u00e9terrer tous ces morts et les exhiber \u00e0 la face du monde pour que les gens comprennent ? Des personnes se permettent de cracher sur la m\u00e9moire de nos fr\u00e8res, de nos s\u0153urs, de nos m\u00e8res, de nos p\u00e8res, de nos enfants. Nous avons \u00e9t\u00e9 souill\u00e9es par des viols commis par ces m\u00eames personnes qui voudraient changer notre histoire aujourd\u2019hui\u2026 Paul Kagame dit aujourd\u2019hui publiquement qu\u2019il n\u2019y a pas eu de crimes commis au&hellip;\" \/>\n<meta property=\"og:url\" content=\"https:\/\/congovirtuel.com\/information\/kagame-vs-mukwege-depuis-quand-notre-souffrance-na-pas-de-valeur-tatiana-mukanire\/\" \/>\n<meta property=\"og:site_name\" content=\"Actualit\u00e9s congolaises et internationales\" \/>\n<meta property=\"article:publisher\" content=\"https:\/\/web.facebook.com\/Congovirtuel-763617960319601\/?ref=aymt_homepage_panel&amp;amp%3bamp%3bamp%3bamp%3bamp%3bamp%3bamp%3bamp%3bamp%3bamp%3bamp%3beid=ARCoxULa66767kIgF_KYav6VdjXTI4yk_LW4yoVO9s6NXpysgb7Cb65vpxcxgqzOAKvIbLQxaAETcqHT\" \/>\n<meta property=\"article:published_time\" content=\"2021-05-18T15:25:58+00:00\" \/>\n<meta property=\"article:modified_time\" content=\"2021-05-18T15:26:04+00:00\" \/>\n<meta property=\"og:image\" content=\"https:\/\/congovirtuel.com\/information\/wp-content\/uploads\/2021\/05\/Kagame_rwanda-1200-x-675.jpg\" \/>\n\t<meta property=\"og:image:width\" content=\"1200\" \/>\n\t<meta property=\"og:image:height\" content=\"675\" \/>\n\t<meta property=\"og:image:type\" content=\"image\/jpeg\" \/>\n<meta name=\"author\" content=\"infocongovirtuel\" \/>\n<meta name=\"twitter:card\" content=\"summary_large_image\" \/>\n<meta name=\"twitter:creator\" content=\"@congovirtuel\" \/>\n<meta name=\"twitter:site\" content=\"@congovirtuel\" \/>\n<meta name=\"twitter:label1\" content=\"\u00c9crit par\" \/>\n\t<meta name=\"twitter:data1\" content=\"infocongovirtuel\" \/>\n\t<meta name=\"twitter:label2\" content=\"Dur\u00e9e de lecture estim\u00e9e\" \/>\n\t<meta name=\"twitter:data2\" content=\"2 minutes\" \/>\n<script type=\"application\/ld+json\" class=\"yoast-schema-graph\">{\"@context\":\"https:\\\/\\\/schema.org\",\"@graph\":[{\"@type\":\"Article\",\"@id\":\"https:\\\/\\\/congovirtuel.com\\\/information\\\/kagame-vs-mukwege-depuis-quand-notre-souffrance-na-pas-de-valeur-tatiana-mukanire\\\/#article\",\"isPartOf\":{\"@id\":\"https:\\\/\\\/congovirtuel.com\\\/information\\\/kagame-vs-mukwege-depuis-quand-notre-souffrance-na-pas-de-valeur-tatiana-mukanire\\\/\"},\"author\":{\"name\":\"infocongovirtuel\",\"@id\":\"https:\\\/\\\/congovirtuel.com\\\/information\\\/#\\\/schema\\\/person\\\/739a44bf7990966cb53d58d2fdeca0b6\"},\"headline\":\"Kagame vs Mukwege : Depuis quand notre souffrance n\u2019a pas de valeur ? (Tatiana Mukanire)\",\"datePublished\":\"2021-05-18T15:25:58+00:00\",\"dateModified\":\"2021-05-18T15:26:04+00:00\",\"mainEntityOfPage\":{\"@id\":\"https:\\\/\\\/congovirtuel.com\\\/information\\\/kagame-vs-mukwege-depuis-quand-notre-souffrance-na-pas-de-valeur-tatiana-mukanire\\\/\"},\"wordCount\":500,\"commentCount\":0,\"publisher\":{\"@id\":\"https:\\\/\\\/congovirtuel.com\\\/information\\\/#organization\"},\"image\":{\"@id\":\"https:\\\/\\\/congovirtuel.com\\\/information\\\/kagame-vs-mukwege-depuis-quand-notre-souffrance-na-pas-de-valeur-tatiana-mukanire\\\/#primaryimage\"},\"thumbnailUrl\":\"https:\\\/\\\/congovirtuel.com\\\/information\\\/wp-content\\\/uploads\\\/2021\\\/05\\\/Kagame_rwanda-1200-x-675.jpg\",\"keywords\":[\"entretien kagame france 24\",\"Paul Kagame\"],\"articleSection\":[\"RDC-RWANDA\"],\"inLanguage\":\"fr-FR\",\"potentialAction\":[{\"@type\":\"CommentAction\",\"name\":\"Comment\",\"target\":[\"https:\\\/\\\/congovirtuel.com\\\/information\\\/kagame-vs-mukwege-depuis-quand-notre-souffrance-na-pas-de-valeur-tatiana-mukanire\\\/#respond\"]}]},{\"@type\":\"WebPage\",\"@id\":\"https:\\\/\\\/congovirtuel.com\\\/information\\\/kagame-vs-mukwege-depuis-quand-notre-souffrance-na-pas-de-valeur-tatiana-mukanire\\\/\",\"url\":\"https:\\\/\\\/congovirtuel.com\\\/information\\\/kagame-vs-mukwege-depuis-quand-notre-souffrance-na-pas-de-valeur-tatiana-mukanire\\\/\",\"name\":\"Kagame vs Mukwege : Depuis quand notre souffrance n\u2019a pas de valeur ? (Tatiana Mukanire) - Actualit\u00e9s congolaises et internationales\",\"isPartOf\":{\"@id\":\"https:\\\/\\\/congovirtuel.com\\\/information\\\/#website\"},\"primaryImageOfPage\":{\"@id\":\"https:\\\/\\\/congovirtuel.com\\\/information\\\/kagame-vs-mukwege-depuis-quand-notre-souffrance-na-pas-de-valeur-tatiana-mukanire\\\/#primaryimage\"},\"image\":{\"@id\":\"https:\\\/\\\/congovirtuel.com\\\/information\\\/kagame-vs-mukwege-depuis-quand-notre-souffrance-na-pas-de-valeur-tatiana-mukanire\\\/#primaryimage\"},\"thumbnailUrl\":\"https:\\\/\\\/congovirtuel.com\\\/information\\\/wp-content\\\/uploads\\\/2021\\\/05\\\/Kagame_rwanda-1200-x-675.jpg\",\"datePublished\":\"2021-05-18T15:25:58+00:00\",\"dateModified\":\"2021-05-18T15:26:04+00:00\",\"breadcrumb\":{\"@id\":\"https:\\\/\\\/congovirtuel.com\\\/information\\\/kagame-vs-mukwege-depuis-quand-notre-souffrance-na-pas-de-valeur-tatiana-mukanire\\\/#breadcrumb\"},\"inLanguage\":\"fr-FR\",\"potentialAction\":[{\"@type\":\"ReadAction\",\"target\":[\"https:\\\/\\\/congovirtuel.com\\\/information\\\/kagame-vs-mukwege-depuis-quand-notre-souffrance-na-pas-de-valeur-tatiana-mukanire\\\/\"]}]},{\"@type\":\"ImageObject\",\"inLanguage\":\"fr-FR\",\"@id\":\"https:\\\/\\\/congovirtuel.com\\\/information\\\/kagame-vs-mukwege-depuis-quand-notre-souffrance-na-pas-de-valeur-tatiana-mukanire\\\/#primaryimage\",\"url\":\"https:\\\/\\\/congovirtuel.com\\\/information\\\/wp-content\\\/uploads\\\/2021\\\/05\\\/Kagame_rwanda-1200-x-675.jpg\",\"contentUrl\":\"https:\\\/\\\/congovirtuel.com\\\/information\\\/wp-content\\\/uploads\\\/2021\\\/05\\\/Kagame_rwanda-1200-x-675.jpg\",\"width\":1200,\"height\":675},{\"@type\":\"BreadcrumbList\",\"@id\":\"https:\\\/\\\/congovirtuel.com\\\/information\\\/kagame-vs-mukwege-depuis-quand-notre-souffrance-na-pas-de-valeur-tatiana-mukanire\\\/#breadcrumb\",\"itemListElement\":[{\"@type\":\"ListItem\",\"position\":1,\"name\":\"Accueil\",\"item\":\"https:\\\/\\\/congovirtuel.com\\\/information\\\/\"},{\"@type\":\"ListItem\",\"position\":2,\"name\":\"Kagame vs Mukwege : Depuis quand notre souffrance n\u2019a pas de valeur ? (Tatiana Mukanire)\"}]},{\"@type\":\"WebSite\",\"@id\":\"https:\\\/\\\/congovirtuel.com\\\/information\\\/#website\",\"url\":\"https:\\\/\\\/congovirtuel.com\\\/information\\\/\",\"name\":\"Actualit\u00e9s congolaises et internationales\",\"description\":\"site d&#039;analyse et de traitement d&#039;information\",\"publisher\":{\"@id\":\"https:\\\/\\\/congovirtuel.com\\\/information\\\/#organization\"},\"potentialAction\":[{\"@type\":\"SearchAction\",\"target\":{\"@type\":\"EntryPoint\",\"urlTemplate\":\"https:\\\/\\\/congovirtuel.com\\\/information\\\/?s={search_term_string}\"},\"query-input\":{\"@type\":\"PropertyValueSpecification\",\"valueRequired\":true,\"valueName\":\"search_term_string\"}}],\"inLanguage\":\"fr-FR\"},{\"@type\":\"Organization\",\"@id\":\"https:\\\/\\\/congovirtuel.com\\\/information\\\/#organization\",\"name\":\"Biblioth\u00e8que Virtuelle de la RDC\",\"url\":\"https:\\\/\\\/congovirtuel.com\\\/information\\\/\",\"logo\":{\"@type\":\"ImageObject\",\"inLanguage\":\"fr-FR\",\"@id\":\"https:\\\/\\\/congovirtuel.com\\\/information\\\/#\\\/schema\\\/logo\\\/image\\\/\",\"url\":\"https:\\\/\\\/congovirtuel.com\\\/information\\\/wp-content\\\/uploads\\\/2018\\\/10\\\/header-info-congovirtuel-vraie.jpg\",\"contentUrl\":\"https:\\\/\\\/congovirtuel.com\\\/information\\\/wp-content\\\/uploads\\\/2018\\\/10\\\/header-info-congovirtuel-vraie.jpg\",\"width\":728,\"height\":90,\"caption\":\"Biblioth\u00e8que Virtuelle de la RDC\"},\"image\":{\"@id\":\"https:\\\/\\\/congovirtuel.com\\\/information\\\/#\\\/schema\\\/logo\\\/image\\\/\"},\"sameAs\":[\"https:\\\/\\\/web.facebook.com\\\/Congovirtuel-763617960319601\\\/?ref=aymt_homepage_panel&amp;amp;amp;amp;amp;amp;amp;amp;amp;amp;amp;eid=ARCoxULa66767kIgF_KYav6VdjXTI4yk_LW4yoVO9s6NXpysgb7Cb65vpxcxgqzOAKvIbLQxaAETcqHT\",\"https:\\\/\\\/x.com\\\/congovirtuel\",\"https:\\\/\\\/www.youtube.com\\\/channel\\\/UCkFfprYzGgS3EWNpeMXpToQ?view_as=subscriber\"]},{\"@type\":\"Person\",\"@id\":\"https:\\\/\\\/congovirtuel.com\\\/information\\\/#\\\/schema\\\/person\\\/739a44bf7990966cb53d58d2fdeca0b6\",\"name\":\"infocongovirtuel\",\"image\":{\"@type\":\"ImageObject\",\"inLanguage\":\"fr-FR\",\"@id\":\"https:\\\/\\\/secure.gravatar.com\\\/avatar\\\/4d76991aa72469f0eb22e772586c99113c6997f88da636a9db8f2ce3a2c05e69?s=96&d=mm&r=g\",\"url\":\"https:\\\/\\\/secure.gravatar.com\\\/avatar\\\/4d76991aa72469f0eb22e772586c99113c6997f88da636a9db8f2ce3a2c05e69?s=96&d=mm&r=g\",\"contentUrl\":\"https:\\\/\\\/secure.gravatar.com\\\/avatar\\\/4d76991aa72469f0eb22e772586c99113c6997f88da636a9db8f2ce3a2c05e69?s=96&d=mm&r=g\",\"caption\":\"infocongovirtuel\"},\"url\":\"https:\\\/\\\/congovirtuel.com\\\/information\\\/author\\\/infocongovirtuel\\\/\"}]}<\/script>\n<!-- \/ Yoast SEO plugin. -->","yoast_head_json":{"title":"Kagame vs Mukwege : Depuis quand notre souffrance n\u2019a pas de valeur ? (Tatiana Mukanire) - Actualit\u00e9s congolaises et internationales","robots":{"index":"index","follow":"follow","max-snippet":"max-snippet:-1","max-image-preview":"max-image-preview:large","max-video-preview":"max-video-preview:-1"},"canonical":"https:\/\/congovirtuel.com\/information\/kagame-vs-mukwege-depuis-quand-notre-souffrance-na-pas-de-valeur-tatiana-mukanire\/","og_locale":"fr_FR","og_type":"article","og_title":"Kagame vs Mukwege : Depuis quand notre souffrance n\u2019a pas de valeur ? (Tatiana Mukanire) - Actualit\u00e9s congolaises et internationales","og_description":"Nous avons \u00e9t\u00e9 humili\u00e9es par plusieurs forces arm\u00e9es dont des FPR et des FDLR. Devons-nous \u00e9taler, d\u00e9terrer tous ces morts et les exhiber \u00e0 la face du monde pour que les gens comprennent ? Des personnes se permettent de cracher sur la m\u00e9moire de nos fr\u00e8res, de nos s\u0153urs, de nos m\u00e8res, de nos p\u00e8res, de nos enfants. Nous avons \u00e9t\u00e9 souill\u00e9es par des viols commis par ces m\u00eames personnes qui voudraient changer notre histoire aujourd\u2019hui\u2026 Paul Kagame dit aujourd\u2019hui publiquement qu\u2019il n\u2019y a pas eu de crimes commis au&hellip;","og_url":"https:\/\/congovirtuel.com\/information\/kagame-vs-mukwege-depuis-quand-notre-souffrance-na-pas-de-valeur-tatiana-mukanire\/","og_site_name":"Actualit\u00e9s congolaises et internationales","article_publisher":"https:\/\/web.facebook.com\/Congovirtuel-763617960319601\/?ref=aymt_homepage_panel&amp%3bamp%3bamp%3bamp%3bamp%3bamp%3bamp%3bamp%3bamp%3bamp%3bamp%3beid=ARCoxULa66767kIgF_KYav6VdjXTI4yk_LW4yoVO9s6NXpysgb7Cb65vpxcxgqzOAKvIbLQxaAETcqHT","article_published_time":"2021-05-18T15:25:58+00:00","article_modified_time":"2021-05-18T15:26:04+00:00","og_image":[{"width":1200,"height":675,"url":"https:\/\/congovirtuel.com\/information\/wp-content\/uploads\/2021\/05\/Kagame_rwanda-1200-x-675.jpg","type":"image\/jpeg"}],"author":"infocongovirtuel","twitter_card":"summary_large_image","twitter_creator":"@congovirtuel","twitter_site":"@congovirtuel","twitter_misc":{"\u00c9crit par":"infocongovirtuel","Dur\u00e9e de lecture estim\u00e9e":"2 minutes"},"schema":{"@context":"https:\/\/schema.org","@graph":[{"@type":"Article","@id":"https:\/\/congovirtuel.com\/information\/kagame-vs-mukwege-depuis-quand-notre-souffrance-na-pas-de-valeur-tatiana-mukanire\/#article","isPartOf":{"@id":"https:\/\/congovirtuel.com\/information\/kagame-vs-mukwege-depuis-quand-notre-souffrance-na-pas-de-valeur-tatiana-mukanire\/"},"author":{"name":"infocongovirtuel","@id":"https:\/\/congovirtuel.com\/information\/#\/schema\/person\/739a44bf7990966cb53d58d2fdeca0b6"},"headline":"Kagame vs Mukwege : Depuis quand notre souffrance n\u2019a pas de valeur ? (Tatiana Mukanire)","datePublished":"2021-05-18T15:25:58+00:00","dateModified":"2021-05-18T15:26:04+00:00","mainEntityOfPage":{"@id":"https:\/\/congovirtuel.com\/information\/kagame-vs-mukwege-depuis-quand-notre-souffrance-na-pas-de-valeur-tatiana-mukanire\/"},"wordCount":500,"commentCount":0,"publisher":{"@id":"https:\/\/congovirtuel.com\/information\/#organization"},"image":{"@id":"https:\/\/congovirtuel.com\/information\/kagame-vs-mukwege-depuis-quand-notre-souffrance-na-pas-de-valeur-tatiana-mukanire\/#primaryimage"},"thumbnailUrl":"https:\/\/congovirtuel.com\/information\/wp-content\/uploads\/2021\/05\/Kagame_rwanda-1200-x-675.jpg","keywords":["entretien kagame france 24","Paul Kagame"],"articleSection":["RDC-RWANDA"],"inLanguage":"fr-FR","potentialAction":[{"@type":"CommentAction","name":"Comment","target":["https:\/\/congovirtuel.com\/information\/kagame-vs-mukwege-depuis-quand-notre-souffrance-na-pas-de-valeur-tatiana-mukanire\/#respond"]}]},{"@type":"WebPage","@id":"https:\/\/congovirtuel.com\/information\/kagame-vs-mukwege-depuis-quand-notre-souffrance-na-pas-de-valeur-tatiana-mukanire\/","url":"https:\/\/congovirtuel.com\/information\/kagame-vs-mukwege-depuis-quand-notre-souffrance-na-pas-de-valeur-tatiana-mukanire\/","name":"Kagame vs Mukwege : Depuis quand notre souffrance n\u2019a pas de valeur ? (Tatiana Mukanire) - Actualit\u00e9s congolaises et internationales","isPartOf":{"@id":"https:\/\/congovirtuel.com\/information\/#website"},"primaryImageOfPage":{"@id":"https:\/\/congovirtuel.com\/information\/kagame-vs-mukwege-depuis-quand-notre-souffrance-na-pas-de-valeur-tatiana-mukanire\/#primaryimage"},"image":{"@id":"https:\/\/congovirtuel.com\/information\/kagame-vs-mukwege-depuis-quand-notre-souffrance-na-pas-de-valeur-tatiana-mukanire\/#primaryimage"},"thumbnailUrl":"https:\/\/congovirtuel.com\/information\/wp-content\/uploads\/2021\/05\/Kagame_rwanda-1200-x-675.jpg","datePublished":"2021-05-18T15:25:58+00:00","dateModified":"2021-05-18T15:26:04+00:00","breadcrumb":{"@id":"https:\/\/congovirtuel.com\/information\/kagame-vs-mukwege-depuis-quand-notre-souffrance-na-pas-de-valeur-tatiana-mukanire\/#breadcrumb"},"inLanguage":"fr-FR","potentialAction":[{"@type":"ReadAction","target":["https:\/\/congovirtuel.com\/information\/kagame-vs-mukwege-depuis-quand-notre-souffrance-na-pas-de-valeur-tatiana-mukanire\/"]}]},{"@type":"ImageObject","inLanguage":"fr-FR","@id":"https:\/\/congovirtuel.com\/information\/kagame-vs-mukwege-depuis-quand-notre-souffrance-na-pas-de-valeur-tatiana-mukanire\/#primaryimage","url":"https:\/\/congovirtuel.com\/information\/wp-content\/uploads\/2021\/05\/Kagame_rwanda-1200-x-675.jpg","contentUrl":"https:\/\/congovirtuel.com\/information\/wp-content\/uploads\/2021\/05\/Kagame_rwanda-1200-x-675.jpg","width":1200,"height":675},{"@type":"BreadcrumbList","@id":"https:\/\/congovirtuel.com\/information\/kagame-vs-mukwege-depuis-quand-notre-souffrance-na-pas-de-valeur-tatiana-mukanire\/#breadcrumb","itemListElement":[{"@type":"ListItem","position":1,"name":"Accueil","item":"https:\/\/congovirtuel.com\/information\/"},{"@type":"ListItem","position":2,"name":"Kagame vs Mukwege : Depuis quand notre souffrance n\u2019a pas de valeur ? (Tatiana Mukanire)"}]},{"@type":"WebSite","@id":"https:\/\/congovirtuel.com\/information\/#website","url":"https:\/\/congovirtuel.com\/information\/","name":"Actualit\u00e9s congolaises et internationales","description":"site d&#039;analyse et de traitement d&#039;information","publisher":{"@id":"https:\/\/congovirtuel.com\/information\/#organization"},"potentialAction":[{"@type":"SearchAction","target":{"@type":"EntryPoint","urlTemplate":"https:\/\/congovirtuel.com\/information\/?s={search_term_string}"},"query-input":{"@type":"PropertyValueSpecification","valueRequired":true,"valueName":"search_term_string"}}],"inLanguage":"fr-FR"},{"@type":"Organization","@id":"https:\/\/congovirtuel.com\/information\/#organization","name":"Biblioth\u00e8que Virtuelle de la RDC","url":"https:\/\/congovirtuel.com\/information\/","logo":{"@type":"ImageObject","inLanguage":"fr-FR","@id":"https:\/\/congovirtuel.com\/information\/#\/schema\/logo\/image\/","url":"https:\/\/congovirtuel.com\/information\/wp-content\/uploads\/2018\/10\/header-info-congovirtuel-vraie.jpg","contentUrl":"https:\/\/congovirtuel.com\/information\/wp-content\/uploads\/2018\/10\/header-info-congovirtuel-vraie.jpg","width":728,"height":90,"caption":"Biblioth\u00e8que Virtuelle de la RDC"},"image":{"@id":"https:\/\/congovirtuel.com\/information\/#\/schema\/logo\/image\/"},"sameAs":["https:\/\/web.facebook.com\/Congovirtuel-763617960319601\/?ref=aymt_homepage_panel&amp;amp;amp;amp;amp;amp;amp;amp;amp;amp;amp;eid=ARCoxULa66767kIgF_KYav6VdjXTI4yk_LW4yoVO9s6NXpysgb7Cb65vpxcxgqzOAKvIbLQxaAETcqHT","https:\/\/x.com\/congovirtuel","https:\/\/www.youtube.com\/channel\/UCkFfprYzGgS3EWNpeMXpToQ?view_as=subscriber"]},{"@type":"Person","@id":"https:\/\/congovirtuel.com\/information\/#\/schema\/person\/739a44bf7990966cb53d58d2fdeca0b6","name":"infocongovirtuel","image":{"@type":"ImageObject","inLanguage":"fr-FR","@id":"https:\/\/secure.gravatar.com\/avatar\/4d76991aa72469f0eb22e772586c99113c6997f88da636a9db8f2ce3a2c05e69?s=96&d=mm&r=g","url":"https:\/\/secure.gravatar.com\/avatar\/4d76991aa72469f0eb22e772586c99113c6997f88da636a9db8f2ce3a2c05e69?s=96&d=mm&r=g","contentUrl":"https:\/\/secure.gravatar.com\/avatar\/4d76991aa72469f0eb22e772586c99113c6997f88da636a9db8f2ce3a2c05e69?s=96&d=mm&r=g","caption":"infocongovirtuel"},"url":"https:\/\/congovirtuel.com\/information\/author\/infocongovirtuel\/"}]}},"gt_translate_keys":[{"key":"link","format":"url"}],"_links":{"self":[{"href":"https:\/\/congovirtuel.com\/information\/wp-json\/wp\/v2\/posts\/9345","targetHints":{"allow":["GET"]}}],"collection":[{"href":"https:\/\/congovirtuel.com\/information\/wp-json\/wp\/v2\/posts"}],"about":[{"href":"https:\/\/congovirtuel.com\/information\/wp-json\/wp\/v2\/types\/post"}],"author":[{"embeddable":true,"href":"https:\/\/congovirtuel.com\/information\/wp-json\/wp\/v2\/users\/1"}],"replies":[{"embeddable":true,"href":"https:\/\/congovirtuel.com\/information\/wp-json\/wp\/v2\/comments?post=9345"}],"version-history":[{"count":1,"href":"https:\/\/congovirtuel.com\/information\/wp-json\/wp\/v2\/posts\/9345\/revisions"}],"predecessor-version":[{"id":9347,"href":"https:\/\/congovirtuel.com\/information\/wp-json\/wp\/v2\/posts\/9345\/revisions\/9347"}],"wp:featuredmedia":[{"embeddable":true,"href":"https:\/\/congovirtuel.com\/information\/wp-json\/wp\/v2\/media\/9346"}],"wp:attachment":[{"href":"https:\/\/congovirtuel.com\/information\/wp-json\/wp\/v2\/media?parent=9345"}],"wp:term":[{"taxonomy":"category","embeddable":true,"href":"https:\/\/congovirtuel.com\/information\/wp-json\/wp\/v2\/categories?post=9345"},{"taxonomy":"post_tag","embeddable":true,"href":"https:\/\/congovirtuel.com\/information\/wp-json\/wp\/v2\/tags?post=9345"}],"curies":[{"name":"wp","href":"https:\/\/api.w.org\/{rel}","templated":true}]}}