{"id":9376,"date":"2021-05-19T11:29:28","date_gmt":"2021-05-19T10:29:28","guid":{"rendered":"https:\/\/congovirtuel.com\/information\/?p=9376"},"modified":"2021-05-19T11:29:31","modified_gmt":"2021-05-19T10:29:31","slug":"rdc-lexode-des-kasaiens-inquiete-les-katangais","status":"publish","type":"post","link":"https:\/\/congovirtuel.com\/information\/rdc-lexode-des-kasaiens-inquiete-les-katangais\/","title":{"rendered":"RDC: l\u2019exode des Kasa\u00efens inqui\u00e8te les Katangais","gt_translate_keys":[{"key":"rendered","format":"text"}]},"content":{"rendered":"\n<h3 class=\"wp-block-heading\">La video a beaucoup circul\u00e9 sur les r\u00e9seaux sociaux congolais depuis le week-end dernier. On y voit une foule d\u2019hommes, femmes et enfants marcher d\u2019un pas rapide sur les rails du chemin de fer, en pleine savane. Il s\u2019agirait de migrants kasa\u00efens \u2013 ils parlent tshiluba \u2013 &nbsp;en route pour le Katanga, contraints de faire la route \u00e0 pied apr\u00e8s une panne du train \u00e0 Luena (Haut-Lomami, province issue du d\u00e9membrement du Katanga).<\/h3>\n\n\n\n<p class=\"wp-block-paragraph\">L\u2019afflux de Kasa\u00efens au Katanga effraie nombre de Katangais, qui craignent que leur pr\u00e9sence dans les grandes villes y influence le jeu politique en leur d\u00e9faveur et parce qu\u2019une rivalit\u00e9 ancienne entre les deux groupes a d\u00e9j\u00e0 suscit\u00e9 des affrontements. Ces nouveaux-venus s\u2019ajoutent en effet \u00e0 une population d\u2019origine kasa\u00efenne venue il y a plusieurs g\u00e9n\u00e9rations, alors que la rupture entre les alli\u00e9s politiques Joseph Kabila (Katangais) et F\u00e9lix Tshisekedi (Kasa\u00efen) a attis\u00e9 rancoeurs et esprit de revanche.<\/p>\n\n\n\n<p class=\"wp-block-paragraph\"><strong>Une r\u00e9gion historiquement abandonn\u00e9e<\/strong><\/p>\n\n\n\n<p class=\"wp-block-paragraph\">Historiquement, le Kasa\u00ef a toujours \u00e9t\u00e9 laiss\u00e9 \u00e0 l\u2019abandon par les dirigeants successifs du Congo ind\u00e9pendant, d\u00e9sireux d\u2019amoindrir la puissance de ses dynamiques habitants. A cela s\u2019ajoute la \u00ab&nbsp;mal\u00e9diction&nbsp;\u00bb du diamant, qui a pouss\u00e9 nombre de jeunes paysans kasa\u00efens \u00e0 d\u00e9laisser l\u2019agriculture pour devenir \u00ab&nbsp;creuseurs&nbsp;\u00bb artisanaux, depuis la lib\u00e9ralisation de la recherche de gemmes sous Mobutu, au d\u00e9triment de la production de nourriture; or, dans certaines r\u00e9gions, les filons seraient \u00e9puis\u00e9s.<\/p>\n\n\n\n<p class=\"wp-block-paragraph\">Vinrent ensuite les Kabila p\u00e8re et fils: le p\u00e8re ponctionna quelque 135 millions de dollars dans les caisses de la Miba (soci\u00e9t\u00e9 mixte d\u2019exploitation du diamant, principal pourvoyeur d\u2019emplois du Kasa\u00ef); attribua un quasi monopole \u00e0 son ami isra\u00e9lien Dan Gertler sur la commercialisation de la production de la soci\u00e9t\u00e9; laissa son ministre des Mines, Fr\u00e9d\u00e9ric Kibassa Maliba, d\u00e9pouiller la Miba de ses gisements les plus riches pour les attribuer \u00e0 ses alli\u00e9s zimbabw\u00e9ens; le tout alors que p\u00e8re et fils fermaient les yeux sur le pillage des plus belles gemmes du polygone par les dirigeants de l\u2019entreprise \u00e0 80% publique. Enfin, sous Joseph Kabila, le Grand Kasa\u00ef a connu le soul\u00e8vement \u00ab&nbsp;Kamwina Nsapu&nbsp;\u00bb contre son abandon et la sanglante r\u00e9pression qui y a mis fin (3000 morts; jusqu\u2019\u00e0 1,5 million de d\u00e9plac\u00e9s). Et sous F\u00e9lix Tshisekedi, pourtant fils du pays, rien n\u2019est venu am\u00e9liorer la situation post-conflit de cette r\u00e9gion.<\/p>\n\n\n\n<p class=\"wp-block-paragraph\"><strong>Les politiciens locaux inquiets<\/strong><\/p>\n\n\n\n<p class=\"wp-block-paragraph\">Toutes ces raisons ont provoqu\u00e9 une forte \u00e9migration kasa\u00efenne \u2013 au point d\u2019alerter des politiciens locaux, inquiets de voir le nombre de d\u00e9put\u00e9s de la r\u00e9gion diminuer pour les \u00e9lections de 2018, en raison d\u2019une population en forte baisse. Entre 2006 et 2012, d\u00e9j\u00e0, le nombre de m\u00e9nages agricoles serait ainsi pass\u00e9 de 2 \u00e0 1 million et, \u00e0 Mbuji Mayi, le march\u00e9 Simis n\u2019est plus que l\u2019ombre de ce qu\u2019il a \u00e9t\u00e9.<\/p>\n\n\n\n<p class=\"wp-block-paragraph\">Les Kasa\u00efens qui fuient leurs provinces se dirigent soit vers le Katanga, plus riche, soit vers la capitale, Kinshasa, o\u00f9 ils sont \u00e0 l\u2019origine de l\u2019explosion du nombre de taxis-motos, appel\u00e9s \u00ab&nbsp;wewas&nbsp;\u00bb; la majorit\u00e9 d\u2019entre eux y est all\u00e9e grossir les rangs de l\u2019UDPS, le parti des Tshisekedi.<\/p>\n\n\n\n<p class=\"wp-block-paragraph\">Ce dernier n\u2019a, jusqu\u2019ici, rien fait pour le Kasa\u00ef de ses p\u00e8res, malgr\u00e9 les nombreuses promesses \u00e9lectorales au nom du \u00ab\u00a0peuple d\u2019abord\u00a0\u00bb, slogan de l\u2019UDPS. La r\u00e9gion manque de courant \u00e9lectrique (la capitale provinciale Kananga en est toujours d\u00e9pourvue); l\u2019acc\u00e8s \u00e0 l\u2019eau potable y est probl\u00e9matique; il y a peu de routes, ce qui entrave toute commercialisation des maigres productions locales. Le Grand Kasa\u00ef est une des r\u00e9gions touch\u00e9es par la malnutrition, alors qu\u2019un Congolais sur trois est en situation d\u2019ins\u00e9curit\u00e9 alimentaire aigu\u00eb. Le 26 avril dernier, le Premier ministre Sama Lukonde a promis de combattre l\u2019exode rural\u2026 en incitant les cadres congolais \u00e0 se construire une maison dans leur village d\u2019origine et \u00e0 y acqu\u00e9rir un champ, a rapport\u00e9 la presse kinoise.<\/p>\n\n\n\n<p class=\"wp-block-paragraph\"><strong>Marie-France Cros<\/strong>\/Afrique la libre<\/p>\n\n\n\n<figure class=\"wp-block-embed is-type-video is-provider-youtube wp-block-embed-youtube wp-embed-aspect-4-3 wp-has-aspect-ratio\"><div class=\"wp-block-embed__wrapper\">\n<iframe loading=\"lazy\" title=\"Exode des kasa\u00efens au Katanga\" width=\"640\" height=\"480\" src=\"https:\/\/www.youtube.com\/embed\/-szk3Id56E0?feature=oembed\" frameborder=\"0\" allow=\"accelerometer; autoplay; clipboard-write; encrypted-media; gyroscope; picture-in-picture; web-share\" referrerpolicy=\"strict-origin-when-cross-origin\" allowfullscreen><\/iframe>\n<\/div><\/figure>\n","protected":false,"gt_translate_keys":[{"key":"rendered","format":"html"}]},"excerpt":{"rendered":"<p>La video a beaucoup circul\u00e9 sur les r\u00e9seaux sociaux congolais depuis le week-end dernier. On y voit une foule d\u2019hommes, femmes et enfants marcher d\u2019un pas rapide sur les rails du chemin de fer, en pleine savane. Il s\u2019agirait de migrants kasa\u00efens \u2013 ils parlent tshiluba \u2013 &nbsp;en route pour le Katanga, contraints de faire la route \u00e0 pied apr\u00e8s une panne du train \u00e0 Luena (Haut-Lomami, province issue du d\u00e9membrement du Katanga). L\u2019afflux de Kasa\u00efens au Katanga effraie nombre de Katangais, qui craignent que leur pr\u00e9sence dans les grandes&hellip;<\/p>\n","protected":false,"gt_translate_keys":[{"key":"rendered","format":"html"}]},"author":1,"featured_media":9377,"comment_status":"open","ping_status":"open","sticky":false,"template":"","format":"standard","meta":{"_crdt_document":"","footnotes":""},"categories":[7557],"tags":[7988,7989],"class_list":["post-9376","post","type-post","status-publish","format-standard","has-post-thumbnail","hentry","category-famine","tag-exode-des-kasaiens-au-katanga","tag-kasaiens"],"gutentor_comment":0,"yoast_head":"<!-- This site is optimized with the Yoast SEO plugin v27.5 - https:\/\/yoast.com\/product\/yoast-seo-wordpress\/ -->\n<title>RDC: l\u2019exode des Kasa\u00efens inqui\u00e8te les Katangais - Actualit\u00e9s congolaises et internationales<\/title>\n<meta name=\"robots\" content=\"index, follow, max-snippet:-1, max-image-preview:large, max-video-preview:-1\" \/>\n<link rel=\"canonical\" href=\"https:\/\/congovirtuel.com\/information\/rdc-lexode-des-kasaiens-inquiete-les-katangais\/\" \/>\n<meta property=\"og:locale\" content=\"fr_FR\" \/>\n<meta property=\"og:type\" content=\"article\" \/>\n<meta property=\"og:title\" content=\"RDC: l\u2019exode des Kasa\u00efens inqui\u00e8te les Katangais - Actualit\u00e9s congolaises et internationales\" \/>\n<meta property=\"og:description\" content=\"La video a beaucoup circul\u00e9 sur les r\u00e9seaux sociaux congolais depuis le week-end dernier. On y voit une foule d\u2019hommes, femmes et enfants marcher d\u2019un pas rapide sur les rails du chemin de fer, en pleine savane. Il s\u2019agirait de migrants kasa\u00efens \u2013 ils parlent tshiluba \u2013 &nbsp;en route pour le Katanga, contraints de faire la route \u00e0 pied apr\u00e8s une panne du train \u00e0 Luena (Haut-Lomami, province issue du d\u00e9membrement du Katanga). L\u2019afflux de Kasa\u00efens au Katanga effraie nombre de Katangais, qui craignent que leur pr\u00e9sence dans les grandes&hellip;\" \/>\n<meta property=\"og:url\" content=\"https:\/\/congovirtuel.com\/information\/rdc-lexode-des-kasaiens-inquiete-les-katangais\/\" \/>\n<meta property=\"og:site_name\" content=\"Actualit\u00e9s congolaises et internationales\" \/>\n<meta property=\"article:publisher\" content=\"https:\/\/web.facebook.com\/Congovirtuel-763617960319601\/?ref=aymt_homepage_panel&amp;amp%3bamp%3bamp%3bamp%3bamp%3bamp%3bamp%3bamp%3bamp%3bamp%3bamp%3beid=ARCoxULa66767kIgF_KYav6VdjXTI4yk_LW4yoVO9s6NXpysgb7Cb65vpxcxgqzOAKvIbLQxaAETcqHT\" \/>\n<meta property=\"article:published_time\" content=\"2021-05-19T10:29:28+00:00\" \/>\n<meta property=\"article:modified_time\" content=\"2021-05-19T10:29:31+00:00\" \/>\n<meta property=\"og:image\" content=\"https:\/\/congovirtuel.com\/information\/wp-content\/uploads\/2021\/05\/kasai_exode.jpg\" \/>\n\t<meta property=\"og:image:width\" content=\"691\" \/>\n\t<meta property=\"og:image:height\" content=\"763\" \/>\n\t<meta property=\"og:image:type\" content=\"image\/jpeg\" \/>\n<meta name=\"author\" content=\"infocongovirtuel\" \/>\n<meta name=\"twitter:card\" content=\"summary_large_image\" \/>\n<meta name=\"twitter:creator\" content=\"@congovirtuel\" \/>\n<meta name=\"twitter:site\" content=\"@congovirtuel\" \/>\n<meta name=\"twitter:label1\" content=\"\u00c9crit par\" \/>\n\t<meta name=\"twitter:data1\" content=\"infocongovirtuel\" \/>\n\t<meta name=\"twitter:label2\" content=\"Dur\u00e9e de lecture estim\u00e9e\" \/>\n\t<meta name=\"twitter:data2\" content=\"3 minutes\" \/>\n<script type=\"application\/ld+json\" class=\"yoast-schema-graph\">{\"@context\":\"https:\\\/\\\/schema.org\",\"@graph\":[{\"@type\":\"Article\",\"@id\":\"https:\\\/\\\/congovirtuel.com\\\/information\\\/rdc-lexode-des-kasaiens-inquiete-les-katangais\\\/#article\",\"isPartOf\":{\"@id\":\"https:\\\/\\\/congovirtuel.com\\\/information\\\/rdc-lexode-des-kasaiens-inquiete-les-katangais\\\/\"},\"author\":{\"name\":\"infocongovirtuel\",\"@id\":\"https:\\\/\\\/congovirtuel.com\\\/information\\\/#\\\/schema\\\/person\\\/739a44bf7990966cb53d58d2fdeca0b6\"},\"headline\":\"RDC: l\u2019exode des Kasa\u00efens inqui\u00e8te les Katangais\",\"datePublished\":\"2021-05-19T10:29:28+00:00\",\"dateModified\":\"2021-05-19T10:29:31+00:00\",\"mainEntityOfPage\":{\"@id\":\"https:\\\/\\\/congovirtuel.com\\\/information\\\/rdc-lexode-des-kasaiens-inquiete-les-katangais\\\/\"},\"wordCount\":723,\"commentCount\":0,\"publisher\":{\"@id\":\"https:\\\/\\\/congovirtuel.com\\\/information\\\/#organization\"},\"image\":{\"@id\":\"https:\\\/\\\/congovirtuel.com\\\/information\\\/rdc-lexode-des-kasaiens-inquiete-les-katangais\\\/#primaryimage\"},\"thumbnailUrl\":\"https:\\\/\\\/congovirtuel.com\\\/information\\\/wp-content\\\/uploads\\\/2021\\\/05\\\/kasai_exode.jpg\",\"keywords\":[\"exode des Kasa\u00efens au Katanga\",\"Kasa\u00efens\"],\"articleSection\":[\"Famine\"],\"inLanguage\":\"fr-FR\",\"potentialAction\":[{\"@type\":\"CommentAction\",\"name\":\"Comment\",\"target\":[\"https:\\\/\\\/congovirtuel.com\\\/information\\\/rdc-lexode-des-kasaiens-inquiete-les-katangais\\\/#respond\"]}]},{\"@type\":\"WebPage\",\"@id\":\"https:\\\/\\\/congovirtuel.com\\\/information\\\/rdc-lexode-des-kasaiens-inquiete-les-katangais\\\/\",\"url\":\"https:\\\/\\\/congovirtuel.com\\\/information\\\/rdc-lexode-des-kasaiens-inquiete-les-katangais\\\/\",\"name\":\"RDC: l\u2019exode des Kasa\u00efens inqui\u00e8te les Katangais - Actualit\u00e9s congolaises et internationales\",\"isPartOf\":{\"@id\":\"https:\\\/\\\/congovirtuel.com\\\/information\\\/#website\"},\"primaryImageOfPage\":{\"@id\":\"https:\\\/\\\/congovirtuel.com\\\/information\\\/rdc-lexode-des-kasaiens-inquiete-les-katangais\\\/#primaryimage\"},\"image\":{\"@id\":\"https:\\\/\\\/congovirtuel.com\\\/information\\\/rdc-lexode-des-kasaiens-inquiete-les-katangais\\\/#primaryimage\"},\"thumbnailUrl\":\"https:\\\/\\\/congovirtuel.com\\\/information\\\/wp-content\\\/uploads\\\/2021\\\/05\\\/kasai_exode.jpg\",\"datePublished\":\"2021-05-19T10:29:28+00:00\",\"dateModified\":\"2021-05-19T10:29:31+00:00\",\"breadcrumb\":{\"@id\":\"https:\\\/\\\/congovirtuel.com\\\/information\\\/rdc-lexode-des-kasaiens-inquiete-les-katangais\\\/#breadcrumb\"},\"inLanguage\":\"fr-FR\",\"potentialAction\":[{\"@type\":\"ReadAction\",\"target\":[\"https:\\\/\\\/congovirtuel.com\\\/information\\\/rdc-lexode-des-kasaiens-inquiete-les-katangais\\\/\"]}]},{\"@type\":\"ImageObject\",\"inLanguage\":\"fr-FR\",\"@id\":\"https:\\\/\\\/congovirtuel.com\\\/information\\\/rdc-lexode-des-kasaiens-inquiete-les-katangais\\\/#primaryimage\",\"url\":\"https:\\\/\\\/congovirtuel.com\\\/information\\\/wp-content\\\/uploads\\\/2021\\\/05\\\/kasai_exode.jpg\",\"contentUrl\":\"https:\\\/\\\/congovirtuel.com\\\/information\\\/wp-content\\\/uploads\\\/2021\\\/05\\\/kasai_exode.jpg\",\"width\":691,\"height\":763},{\"@type\":\"BreadcrumbList\",\"@id\":\"https:\\\/\\\/congovirtuel.com\\\/information\\\/rdc-lexode-des-kasaiens-inquiete-les-katangais\\\/#breadcrumb\",\"itemListElement\":[{\"@type\":\"ListItem\",\"position\":1,\"name\":\"Accueil\",\"item\":\"https:\\\/\\\/congovirtuel.com\\\/information\\\/\"},{\"@type\":\"ListItem\",\"position\":2,\"name\":\"RDC: l\u2019exode des Kasa\u00efens inqui\u00e8te les Katangais\"}]},{\"@type\":\"WebSite\",\"@id\":\"https:\\\/\\\/congovirtuel.com\\\/information\\\/#website\",\"url\":\"https:\\\/\\\/congovirtuel.com\\\/information\\\/\",\"name\":\"Actualit\u00e9s congolaises et internationales\",\"description\":\"site d&#039;analyse et de traitement d&#039;information\",\"publisher\":{\"@id\":\"https:\\\/\\\/congovirtuel.com\\\/information\\\/#organization\"},\"potentialAction\":[{\"@type\":\"SearchAction\",\"target\":{\"@type\":\"EntryPoint\",\"urlTemplate\":\"https:\\\/\\\/congovirtuel.com\\\/information\\\/?s={search_term_string}\"},\"query-input\":{\"@type\":\"PropertyValueSpecification\",\"valueRequired\":true,\"valueName\":\"search_term_string\"}}],\"inLanguage\":\"fr-FR\"},{\"@type\":\"Organization\",\"@id\":\"https:\\\/\\\/congovirtuel.com\\\/information\\\/#organization\",\"name\":\"Biblioth\u00e8que Virtuelle de la RDC\",\"url\":\"https:\\\/\\\/congovirtuel.com\\\/information\\\/\",\"logo\":{\"@type\":\"ImageObject\",\"inLanguage\":\"fr-FR\",\"@id\":\"https:\\\/\\\/congovirtuel.com\\\/information\\\/#\\\/schema\\\/logo\\\/image\\\/\",\"url\":\"https:\\\/\\\/congovirtuel.com\\\/information\\\/wp-content\\\/uploads\\\/2018\\\/10\\\/header-info-congovirtuel-vraie.jpg\",\"contentUrl\":\"https:\\\/\\\/congovirtuel.com\\\/information\\\/wp-content\\\/uploads\\\/2018\\\/10\\\/header-info-congovirtuel-vraie.jpg\",\"width\":728,\"height\":90,\"caption\":\"Biblioth\u00e8que Virtuelle de la RDC\"},\"image\":{\"@id\":\"https:\\\/\\\/congovirtuel.com\\\/information\\\/#\\\/schema\\\/logo\\\/image\\\/\"},\"sameAs\":[\"https:\\\/\\\/web.facebook.com\\\/Congovirtuel-763617960319601\\\/?ref=aymt_homepage_panel&amp;amp;amp;amp;amp;amp;amp;amp;amp;amp;amp;eid=ARCoxULa66767kIgF_KYav6VdjXTI4yk_LW4yoVO9s6NXpysgb7Cb65vpxcxgqzOAKvIbLQxaAETcqHT\",\"https:\\\/\\\/x.com\\\/congovirtuel\",\"https:\\\/\\\/www.youtube.com\\\/channel\\\/UCkFfprYzGgS3EWNpeMXpToQ?view_as=subscriber\"]},{\"@type\":\"Person\",\"@id\":\"https:\\\/\\\/congovirtuel.com\\\/information\\\/#\\\/schema\\\/person\\\/739a44bf7990966cb53d58d2fdeca0b6\",\"name\":\"infocongovirtuel\",\"image\":{\"@type\":\"ImageObject\",\"inLanguage\":\"fr-FR\",\"@id\":\"https:\\\/\\\/secure.gravatar.com\\\/avatar\\\/4d76991aa72469f0eb22e772586c99113c6997f88da636a9db8f2ce3a2c05e69?s=96&d=mm&r=g\",\"url\":\"https:\\\/\\\/secure.gravatar.com\\\/avatar\\\/4d76991aa72469f0eb22e772586c99113c6997f88da636a9db8f2ce3a2c05e69?s=96&d=mm&r=g\",\"contentUrl\":\"https:\\\/\\\/secure.gravatar.com\\\/avatar\\\/4d76991aa72469f0eb22e772586c99113c6997f88da636a9db8f2ce3a2c05e69?s=96&d=mm&r=g\",\"caption\":\"infocongovirtuel\"},\"url\":\"https:\\\/\\\/congovirtuel.com\\\/information\\\/author\\\/infocongovirtuel\\\/\"}]}<\/script>\n<!-- \/ Yoast SEO plugin. -->","yoast_head_json":{"title":"RDC: l\u2019exode des Kasa\u00efens inqui\u00e8te les Katangais - Actualit\u00e9s congolaises et internationales","robots":{"index":"index","follow":"follow","max-snippet":"max-snippet:-1","max-image-preview":"max-image-preview:large","max-video-preview":"max-video-preview:-1"},"canonical":"https:\/\/congovirtuel.com\/information\/rdc-lexode-des-kasaiens-inquiete-les-katangais\/","og_locale":"fr_FR","og_type":"article","og_title":"RDC: l\u2019exode des Kasa\u00efens inqui\u00e8te les Katangais - Actualit\u00e9s congolaises et internationales","og_description":"La video a beaucoup circul\u00e9 sur les r\u00e9seaux sociaux congolais depuis le week-end dernier. On y voit une foule d\u2019hommes, femmes et enfants marcher d\u2019un pas rapide sur les rails du chemin de fer, en pleine savane. Il s\u2019agirait de migrants kasa\u00efens \u2013 ils parlent tshiluba \u2013 &nbsp;en route pour le Katanga, contraints de faire la route \u00e0 pied apr\u00e8s une panne du train \u00e0 Luena (Haut-Lomami, province issue du d\u00e9membrement du Katanga). L\u2019afflux de Kasa\u00efens au Katanga effraie nombre de Katangais, qui craignent que leur pr\u00e9sence dans les grandes&hellip;","og_url":"https:\/\/congovirtuel.com\/information\/rdc-lexode-des-kasaiens-inquiete-les-katangais\/","og_site_name":"Actualit\u00e9s congolaises et internationales","article_publisher":"https:\/\/web.facebook.com\/Congovirtuel-763617960319601\/?ref=aymt_homepage_panel&amp%3bamp%3bamp%3bamp%3bamp%3bamp%3bamp%3bamp%3bamp%3bamp%3bamp%3beid=ARCoxULa66767kIgF_KYav6VdjXTI4yk_LW4yoVO9s6NXpysgb7Cb65vpxcxgqzOAKvIbLQxaAETcqHT","article_published_time":"2021-05-19T10:29:28+00:00","article_modified_time":"2021-05-19T10:29:31+00:00","og_image":[{"width":691,"height":763,"url":"https:\/\/congovirtuel.com\/information\/wp-content\/uploads\/2021\/05\/kasai_exode.jpg","type":"image\/jpeg"}],"author":"infocongovirtuel","twitter_card":"summary_large_image","twitter_creator":"@congovirtuel","twitter_site":"@congovirtuel","twitter_misc":{"\u00c9crit par":"infocongovirtuel","Dur\u00e9e de lecture estim\u00e9e":"3 minutes"},"schema":{"@context":"https:\/\/schema.org","@graph":[{"@type":"Article","@id":"https:\/\/congovirtuel.com\/information\/rdc-lexode-des-kasaiens-inquiete-les-katangais\/#article","isPartOf":{"@id":"https:\/\/congovirtuel.com\/information\/rdc-lexode-des-kasaiens-inquiete-les-katangais\/"},"author":{"name":"infocongovirtuel","@id":"https:\/\/congovirtuel.com\/information\/#\/schema\/person\/739a44bf7990966cb53d58d2fdeca0b6"},"headline":"RDC: l\u2019exode des Kasa\u00efens inqui\u00e8te les Katangais","datePublished":"2021-05-19T10:29:28+00:00","dateModified":"2021-05-19T10:29:31+00:00","mainEntityOfPage":{"@id":"https:\/\/congovirtuel.com\/information\/rdc-lexode-des-kasaiens-inquiete-les-katangais\/"},"wordCount":723,"commentCount":0,"publisher":{"@id":"https:\/\/congovirtuel.com\/information\/#organization"},"image":{"@id":"https:\/\/congovirtuel.com\/information\/rdc-lexode-des-kasaiens-inquiete-les-katangais\/#primaryimage"},"thumbnailUrl":"https:\/\/congovirtuel.com\/information\/wp-content\/uploads\/2021\/05\/kasai_exode.jpg","keywords":["exode des Kasa\u00efens au Katanga","Kasa\u00efens"],"articleSection":["Famine"],"inLanguage":"fr-FR","potentialAction":[{"@type":"CommentAction","name":"Comment","target":["https:\/\/congovirtuel.com\/information\/rdc-lexode-des-kasaiens-inquiete-les-katangais\/#respond"]}]},{"@type":"WebPage","@id":"https:\/\/congovirtuel.com\/information\/rdc-lexode-des-kasaiens-inquiete-les-katangais\/","url":"https:\/\/congovirtuel.com\/information\/rdc-lexode-des-kasaiens-inquiete-les-katangais\/","name":"RDC: l\u2019exode des Kasa\u00efens inqui\u00e8te les Katangais - Actualit\u00e9s congolaises et internationales","isPartOf":{"@id":"https:\/\/congovirtuel.com\/information\/#website"},"primaryImageOfPage":{"@id":"https:\/\/congovirtuel.com\/information\/rdc-lexode-des-kasaiens-inquiete-les-katangais\/#primaryimage"},"image":{"@id":"https:\/\/congovirtuel.com\/information\/rdc-lexode-des-kasaiens-inquiete-les-katangais\/#primaryimage"},"thumbnailUrl":"https:\/\/congovirtuel.com\/information\/wp-content\/uploads\/2021\/05\/kasai_exode.jpg","datePublished":"2021-05-19T10:29:28+00:00","dateModified":"2021-05-19T10:29:31+00:00","breadcrumb":{"@id":"https:\/\/congovirtuel.com\/information\/rdc-lexode-des-kasaiens-inquiete-les-katangais\/#breadcrumb"},"inLanguage":"fr-FR","potentialAction":[{"@type":"ReadAction","target":["https:\/\/congovirtuel.com\/information\/rdc-lexode-des-kasaiens-inquiete-les-katangais\/"]}]},{"@type":"ImageObject","inLanguage":"fr-FR","@id":"https:\/\/congovirtuel.com\/information\/rdc-lexode-des-kasaiens-inquiete-les-katangais\/#primaryimage","url":"https:\/\/congovirtuel.com\/information\/wp-content\/uploads\/2021\/05\/kasai_exode.jpg","contentUrl":"https:\/\/congovirtuel.com\/information\/wp-content\/uploads\/2021\/05\/kasai_exode.jpg","width":691,"height":763},{"@type":"BreadcrumbList","@id":"https:\/\/congovirtuel.com\/information\/rdc-lexode-des-kasaiens-inquiete-les-katangais\/#breadcrumb","itemListElement":[{"@type":"ListItem","position":1,"name":"Accueil","item":"https:\/\/congovirtuel.com\/information\/"},{"@type":"ListItem","position":2,"name":"RDC: l\u2019exode des Kasa\u00efens inqui\u00e8te les Katangais"}]},{"@type":"WebSite","@id":"https:\/\/congovirtuel.com\/information\/#website","url":"https:\/\/congovirtuel.com\/information\/","name":"Actualit\u00e9s congolaises et internationales","description":"site d&#039;analyse et de traitement d&#039;information","publisher":{"@id":"https:\/\/congovirtuel.com\/information\/#organization"},"potentialAction":[{"@type":"SearchAction","target":{"@type":"EntryPoint","urlTemplate":"https:\/\/congovirtuel.com\/information\/?s={search_term_string}"},"query-input":{"@type":"PropertyValueSpecification","valueRequired":true,"valueName":"search_term_string"}}],"inLanguage":"fr-FR"},{"@type":"Organization","@id":"https:\/\/congovirtuel.com\/information\/#organization","name":"Biblioth\u00e8que Virtuelle de la RDC","url":"https:\/\/congovirtuel.com\/information\/","logo":{"@type":"ImageObject","inLanguage":"fr-FR","@id":"https:\/\/congovirtuel.com\/information\/#\/schema\/logo\/image\/","url":"https:\/\/congovirtuel.com\/information\/wp-content\/uploads\/2018\/10\/header-info-congovirtuel-vraie.jpg","contentUrl":"https:\/\/congovirtuel.com\/information\/wp-content\/uploads\/2018\/10\/header-info-congovirtuel-vraie.jpg","width":728,"height":90,"caption":"Biblioth\u00e8que Virtuelle de la RDC"},"image":{"@id":"https:\/\/congovirtuel.com\/information\/#\/schema\/logo\/image\/"},"sameAs":["https:\/\/web.facebook.com\/Congovirtuel-763617960319601\/?ref=aymt_homepage_panel&amp;amp;amp;amp;amp;amp;amp;amp;amp;amp;amp;eid=ARCoxULa66767kIgF_KYav6VdjXTI4yk_LW4yoVO9s6NXpysgb7Cb65vpxcxgqzOAKvIbLQxaAETcqHT","https:\/\/x.com\/congovirtuel","https:\/\/www.youtube.com\/channel\/UCkFfprYzGgS3EWNpeMXpToQ?view_as=subscriber"]},{"@type":"Person","@id":"https:\/\/congovirtuel.com\/information\/#\/schema\/person\/739a44bf7990966cb53d58d2fdeca0b6","name":"infocongovirtuel","image":{"@type":"ImageObject","inLanguage":"fr-FR","@id":"https:\/\/secure.gravatar.com\/avatar\/4d76991aa72469f0eb22e772586c99113c6997f88da636a9db8f2ce3a2c05e69?s=96&d=mm&r=g","url":"https:\/\/secure.gravatar.com\/avatar\/4d76991aa72469f0eb22e772586c99113c6997f88da636a9db8f2ce3a2c05e69?s=96&d=mm&r=g","contentUrl":"https:\/\/secure.gravatar.com\/avatar\/4d76991aa72469f0eb22e772586c99113c6997f88da636a9db8f2ce3a2c05e69?s=96&d=mm&r=g","caption":"infocongovirtuel"},"url":"https:\/\/congovirtuel.com\/information\/author\/infocongovirtuel\/"}]}},"gt_translate_keys":[{"key":"link","format":"url"}],"_links":{"self":[{"href":"https:\/\/congovirtuel.com\/information\/wp-json\/wp\/v2\/posts\/9376","targetHints":{"allow":["GET"]}}],"collection":[{"href":"https:\/\/congovirtuel.com\/information\/wp-json\/wp\/v2\/posts"}],"about":[{"href":"https:\/\/congovirtuel.com\/information\/wp-json\/wp\/v2\/types\/post"}],"author":[{"embeddable":true,"href":"https:\/\/congovirtuel.com\/information\/wp-json\/wp\/v2\/users\/1"}],"replies":[{"embeddable":true,"href":"https:\/\/congovirtuel.com\/information\/wp-json\/wp\/v2\/comments?post=9376"}],"version-history":[{"count":1,"href":"https:\/\/congovirtuel.com\/information\/wp-json\/wp\/v2\/posts\/9376\/revisions"}],"predecessor-version":[{"id":9378,"href":"https:\/\/congovirtuel.com\/information\/wp-json\/wp\/v2\/posts\/9376\/revisions\/9378"}],"wp:featuredmedia":[{"embeddable":true,"href":"https:\/\/congovirtuel.com\/information\/wp-json\/wp\/v2\/media\/9377"}],"wp:attachment":[{"href":"https:\/\/congovirtuel.com\/information\/wp-json\/wp\/v2\/media?parent=9376"}],"wp:term":[{"taxonomy":"category","embeddable":true,"href":"https:\/\/congovirtuel.com\/information\/wp-json\/wp\/v2\/categories?post=9376"},{"taxonomy":"post_tag","embeddable":true,"href":"https:\/\/congovirtuel.com\/information\/wp-json\/wp\/v2\/tags?post=9376"}],"curies":[{"name":"wp","href":"https:\/\/api.w.org\/{rel}","templated":true}]}}