{"id":9454,"date":"2021-05-21T12:18:26","date_gmt":"2021-05-21T11:18:26","guid":{"rendered":"https:\/\/congovirtuel.com\/information\/?p=9454"},"modified":"2021-05-21T12:41:51","modified_gmt":"2021-05-21T11:41:51","slug":"avec-air-tshisekedi-gulfstream-cloue-au-sol-le-president-congolais-loue-les-avions-du-sud-africain-fortune-air","status":"publish","type":"post","link":"https:\/\/congovirtuel.com\/information\/avec-air-tshisekedi-gulfstream-cloue-au-sol-le-president-congolais-loue-les-avions-du-sud-africain-fortune-air\/","title":{"rendered":"Avec \u00ab\u00a0AIR TSHISEKEDI\u00a0\u00bb  Gulfstream clou\u00e9 au sol, le pr\u00e9sident congolais loue les avions du  sud-africain Fortune Air","gt_translate_keys":[{"key":"rendered","format":"text"}]},"content":{"rendered":"\n<p class=\"wp-block-paragraph\">Apr\u00e8s plusieurs mois d\u00e9di\u00e9s \u00e0 la r\u00e9solution de la crise politique et la formation du nouveau gouvernement, le pr\u00e9sident Tshisekedi renoue avec l&rsquo;international. Il utilise pour cela les services de loueurs de jets priv\u00e9s, les avions de la flotte pr\u00e9sidentielle \u00e9tant clou\u00e9s au sol pour des raisons techniques.<\/p>\n\n\n\n<p class=\"wp-block-paragraph\">Habitu\u00e9e \u00e0 louer des jets priv\u00e9s aupr\u00e8s du groupe d&rsquo;aviation suisse VistaJet, la pr\u00e9sidence de F\u00e9lix Tshisekedi a de plus en plus recours aux services du sud-africain Fortune Air. C&rsquo;est \u00e0 bord d&rsquo;un appareil de cette soci\u00e9t\u00e9, un luxueux Falcon 900EX pouvant accueillir jusqu&rsquo;\u00e0 onze passagers, que la d\u00e9l\u00e9gation du pr\u00e9sident s&rsquo;est rendue \u00e0 Paris, le 17 mai dernier, pour assister au sommet sur le financement des \u00e9conomies africaines. Le m\u00eame appareil a \u00e9galement servi ces derni\u00e8res semaines pour d&rsquo;autres d\u00e9placements du chef d&rsquo;Etat : \u00e0 l&rsquo;occasion d&rsquo;une visite quelques jours plus t\u00f4t, \u00e0 Lubumbashi et Kolwezi, dans le sud-est de la RDC, ainsi que pour la c\u00e9r\u00e9monie d&rsquo;investiture, le 16 avril, de son homologue de l&rsquo;autre c\u00f4t\u00e9 du fleuve Congo, le pr\u00e9sident Denis Sassou Nguesso.<\/p>\n\n\n\n<p class=\"wp-block-paragraph\">Ces d\u00e9placements en avion sont organis\u00e9s en amont par Charles Bujiriri Deschryver. Fils du sp\u00e9cialiste belge de la protection de la nature Adrien Deschryver, connu pour \u00eatre le cr\u00e9ateur en 1980 du parc national de Kahuzi-Biega (dans la province du Sud-Kivu), il a \u00e9t\u00e9 l&rsquo;assistant logistique de l&rsquo;ex-pr\u00e9sident Joseph Kabila &#8211; il \u00e9tait notamment charg\u00e9 de la maintenance de la flotte pr\u00e9sidentielle. A la suite de l&rsquo;arriv\u00e9e au pouvoir en 2019 de F\u00e9lix Tshisekedi, il a \u00e9t\u00e9 remplac\u00e9 \u00e0 ce dernier poste par Jean-Paul Mulumba, sans pour autant \u00eatre \u00e9cart\u00e9 de l&rsquo;organisation des voyages du chef de l&rsquo;Etat. Il doit cette long\u00e9vit\u00e9 \u00e0 l&rsquo;action en sa faveur de l&rsquo;ex-directeur de cabinet du pr\u00e9sident, Vital Kamerhe, lui aussi issu de la m\u00eame province du Sud-Kivu. Malgr\u00e9 la condamnation de ce dernier en juin 2020 \u00e0 vingt ans de prison pour des faits li\u00e9s au Programme d&rsquo;actions des 100 premiers jours , Charles Bujiriri Deschryver a r\u00e9ussi \u00e0 se maintenir au c\u0153ur de l&rsquo;appareil d&rsquo;Etat.<\/p>\n\n\n\n<h2 class=\"wp-block-heading\"><strong>R\u00e9parations hasardeuses<\/strong><\/h2>\n\n\n\n<p class=\"wp-block-paragraph\">S&rsquo;ils sont tr\u00e8s appr\u00e9ci\u00e9s du pr\u00e9sident, les d\u00e9placements en avion co\u00fbtent cher au contribuable congolais. Exception faite du premier trimestre 2021, au cours duquel F\u00e9lix Tshisekedi a peu voyag\u00e9 en raison de la crise politique provoqu\u00e9e fin 2020 par la rupture de la coalition avec la formation de son pr\u00e9d\u00e9cesseur Joseph Kabila, le budget de la pr\u00e9sidence conna\u00eet d&rsquo;importants d\u00e9passements depuis le d\u00e9but de son mandat. En juillet 2020, les services du chef de l&rsquo;Etat avaient ainsi consomm\u00e9 en un mois l&rsquo;ensemble de ses cr\u00e9dits pour un trimestre, suscitant l&rsquo;inqui\u00e9tude de la soci\u00e9t\u00e9 civile.<\/p>\n\n\n\n<p class=\"wp-block-paragraph\">Ces co\u00fbts s&rsquo;expliquent en partie par l&rsquo;impossibilit\u00e9 pour F\u00e9lix Tshisekedi d&rsquo;utiliser les avions de la flotte de l&rsquo;ex\u00e9cutif congolais. Il en existe trois utilis\u00e9s sous la pr\u00e9sidence de Joseph Kabila : un Boeing 707 immatricul\u00e9 9Q-CLK, un Boeing 727 (9S-CDC), ainsi qu&rsquo;un Gulfstream G450 (9S-CGC). Le premier a \u00e9t\u00e9 achet\u00e9 en 1998 sous la pr\u00e9sidence du Laurent-D\u00e9sir\u00e9 Kabila, avant d&rsquo;\u00eatre utilis\u00e9 par son fils, Joseph Kabila, pour ses d\u00e9placements internationaux. En 2010, sur les conseils de l&rsquo;ancien PDG de Hewa Bora Airways, le Congolais d&rsquo;origine grec Stavros Papaioannou, l&rsquo;avion a \u00e9t\u00e9 envoy\u00e9 par Charles Deschryver \u00e0 Miami, en Floride, pour une lourde op\u00e9ration de maintenance aupr\u00e8s de la soci\u00e9t\u00e9 am\u00e9ricaine Air Capital Group (ACG) dirig\u00e9e par Mario Abad.<\/p>\n\n\n\n<p class=\"wp-block-paragraph\">Les r\u00e9parations se sont av\u00e9r\u00e9es plus co\u00fbteuses que pr\u00e9vu, deux moteurs devant imp\u00e9rativement \u00eatre remplac\u00e9s sur l&rsquo;appareil. Or, malgr\u00e9 plus de 6 millions de dollars d\u00e9bours\u00e9s au total par la pr\u00e9sidence congolaise, le vol d&rsquo;essai r\u00e9alis\u00e9 en septembre 2011 a tourn\u00e9 \u00e0 la catastrophe. L&rsquo;un des moteurs de l&rsquo;appareil s&rsquo;est arr\u00eat\u00e9 de fonctionner \u00e0 24 000 pieds d&rsquo;altitude, tandis que du carburant fuitait sous la carlingue. Face au d\u00e9sastre, Kinshasa a d\u00e9cid\u00e9 en f\u00e9vrier 2012 de porter l&rsquo;affaire devant les tribunaux am\u00e9ricains. Au terme d&rsquo;un affrontement juridique de pr\u00e8s de trois ans, la cour du Southern District de Floride lui a d\u00e9finitivement donn\u00e9 raison en 2015, en reconnaissant ACG coupable de \u00ab\u00a0violation de contrat\u00a0\u00bb et de \u00ab\u00a0fraude\u00a0\u00bb. La soci\u00e9t\u00e9 a \u00e9t\u00e9 condamn\u00e9e \u00e0 payer un peu plus de 2 millions de dollars \u00e0 la RDC.<\/p>\n\n\n\n<h2 class=\"wp-block-heading\"><strong>Le Gulfstream clou\u00e9 au sol<\/strong><\/h2>\n\n\n\n<p class=\"wp-block-paragraph\">Le Boeing 707 \u00e9tait la propri\u00e9t\u00e9 personnelle de Joseph Kabila, qui l&rsquo;avait re\u00e7u en h\u00e9ritage de son propre p\u00e8re. Pour assurer la maintenance de cet avion, qui avait transport\u00e9 la d\u00e9pouille de Laurent-D\u00e9sir\u00e9 Kabila apr\u00e8s son assassinat en 2001, son fils aurait donc utilis\u00e9 les deniers de l&rsquo;Etat. Le hiatus sur la propri\u00e9t\u00e9 r\u00e9elle de l&rsquo;avion a \u00e9t\u00e9 soulev\u00e9 par ACG lors de la proc\u00e9dure judiciaire am\u00e9ricaine, avant que les services de la pr\u00e9sidence congolaise ne d\u00e9mentent cette version.<\/p>\n\n\n\n<p class=\"wp-block-paragraph\">Ramen\u00e9 \u00e0 Kinshasa par bateau, le 707 est depuis remis\u00e9 dans un hangar de l&rsquo;a\u00e9roport international de N&rsquo;Djili, \u00e0 Kinshasa. C&rsquo;est le m\u00eame sort qui a \u00e9t\u00e9 r\u00e9serv\u00e9 au Boeing 727, qui servait \u00e0 Kabila pour ses d\u00e9placements \u00e0 l&rsquo;int\u00e9rieur du pays. Depuis le d\u00e9but du mandat de la pr\u00e9sidence de F\u00e9lix Tshisekedi, celui-ci a servi une seule fois, en mars 2019 lors d&rsquo;un voyage du nouveau chef d&rsquo;Etat dans la capitale kenyane Nairobi, au cours duquel l&rsquo;avion a connu une s\u00e9rie d&rsquo;incidents techniques.<\/p>\n\n\n\n<p class=\"wp-block-paragraph\">Quant \u00e0 l&rsquo;autre appareil, le Gulfstream G450, celui-ci servait principalement aux membres de la primature. Cet appareil a \u00e9t\u00e9 acquis en 2013 aux Etats-Unis &#8211; il \u00e9tait alors la propri\u00e9t\u00e9 de la soci\u00e9t\u00e9 \u00e9ditrice du magazine am\u00e9ricain Rolling Stone &#8211; sous la primature de Matata Ponyo Mapon, apr\u00e8s que ce dernier eut surv\u00e9cu \u00e0 un crash a\u00e9rien en f\u00e9vrier 2012. L&rsquo;accident avait caus\u00e9 la mort d&rsquo;Augustin Katumba Mwanke, consid\u00e9r\u00e9 \u00e0 l&rsquo;\u00e9poque comme le conseiller le plus proche de Joseph Kabila. D&rsquo;apr\u00e8s les informations d&rsquo;Africa Intelligence, l&rsquo;avion a \u00e9t\u00e9 envoy\u00e9 entre 2017 et 2018 en Espagne pour une op\u00e9ration de maintenance. On ne l&rsquo;a pas revu depuis sur le sol congolais &#8211; on rapporte que les autorit\u00e9s n&rsquo;auraient pas pay\u00e9 l&rsquo;enti\u00e8ret\u00e9 des frais de r\u00e9paration de l&rsquo;appareil.<\/p>\n\n\n\n<p class=\"wp-block-paragraph\">&nbsp;<strong>Africa Intelligence<\/strong><\/p>\n","protected":false,"gt_translate_keys":[{"key":"rendered","format":"html"}]},"excerpt":{"rendered":"<p>Apr\u00e8s plusieurs mois d\u00e9di\u00e9s \u00e0 la r\u00e9solution de la crise politique et la formation du nouveau gouvernement, le pr\u00e9sident Tshisekedi renoue avec l&rsquo;international. Il utilise pour cela les services de loueurs de jets priv\u00e9s, les avions de la flotte pr\u00e9sidentielle \u00e9tant clou\u00e9s au sol pour des raisons techniques. Habitu\u00e9e \u00e0 louer des jets priv\u00e9s aupr\u00e8s du groupe d&rsquo;aviation suisse VistaJet, la pr\u00e9sidence de F\u00e9lix Tshisekedi a de plus en plus recours aux services du sud-africain Fortune Air. C&rsquo;est \u00e0 bord d&rsquo;un appareil de cette soci\u00e9t\u00e9, un luxueux Falcon 900EX pouvant&hellip;<\/p>\n","protected":false,"gt_translate_keys":[{"key":"rendered","format":"html"}]},"author":1,"featured_media":5989,"comment_status":"open","ping_status":"open","sticky":false,"template":"","format":"standard","meta":{"_crdt_document":"","footnotes":""},"categories":[285],"tags":[8027],"class_list":["post-9454","post","type-post","status-publish","format-standard","has-post-thumbnail","hentry","category-presidence","tag-cout-voyages-tshisekedi"],"gutentor_comment":0,"yoast_head":"<!-- This site is optimized with the Yoast SEO plugin v27.5 - https:\/\/yoast.com\/product\/yoast-seo-wordpress\/ -->\n<title>Avec &quot;AIR TSHISEKEDI&quot; Gulfstream clou\u00e9 au sol, le pr\u00e9sident congolais loue les avions du sud-africain Fortune Air - Actualit\u00e9s congolaises et internationales<\/title>\n<meta name=\"robots\" content=\"index, follow, max-snippet:-1, max-image-preview:large, max-video-preview:-1\" \/>\n<link rel=\"canonical\" href=\"https:\/\/congovirtuel.com\/information\/avec-air-tshisekedi-gulfstream-cloue-au-sol-le-president-congolais-loue-les-avions-du-sud-africain-fortune-air\/\" \/>\n<meta property=\"og:locale\" content=\"fr_FR\" \/>\n<meta property=\"og:type\" content=\"article\" \/>\n<meta property=\"og:title\" content=\"Avec &quot;AIR TSHISEKEDI&quot; Gulfstream clou\u00e9 au sol, le pr\u00e9sident congolais loue les avions du sud-africain Fortune Air - Actualit\u00e9s congolaises et internationales\" \/>\n<meta property=\"og:description\" content=\"Apr\u00e8s plusieurs mois d\u00e9di\u00e9s \u00e0 la r\u00e9solution de la crise politique et la formation du nouveau gouvernement, le pr\u00e9sident Tshisekedi renoue avec l&rsquo;international. Il utilise pour cela les services de loueurs de jets priv\u00e9s, les avions de la flotte pr\u00e9sidentielle \u00e9tant clou\u00e9s au sol pour des raisons techniques. Habitu\u00e9e \u00e0 louer des jets priv\u00e9s aupr\u00e8s du groupe d&rsquo;aviation suisse VistaJet, la pr\u00e9sidence de F\u00e9lix Tshisekedi a de plus en plus recours aux services du sud-africain Fortune Air. C&rsquo;est \u00e0 bord d&rsquo;un appareil de cette soci\u00e9t\u00e9, un luxueux Falcon 900EX pouvant&hellip;\" \/>\n<meta property=\"og:url\" content=\"https:\/\/congovirtuel.com\/information\/avec-air-tshisekedi-gulfstream-cloue-au-sol-le-president-congolais-loue-les-avions-du-sud-africain-fortune-air\/\" \/>\n<meta property=\"og:site_name\" content=\"Actualit\u00e9s congolaises et internationales\" \/>\n<meta property=\"article:publisher\" content=\"https:\/\/web.facebook.com\/Congovirtuel-763617960319601\/?ref=aymt_homepage_panel&amp;amp%3bamp%3bamp%3bamp%3bamp%3bamp%3bamp%3bamp%3bamp%3bamp%3bamp%3beid=ARCoxULa66767kIgF_KYav6VdjXTI4yk_LW4yoVO9s6NXpysgb7Cb65vpxcxgqzOAKvIbLQxaAETcqHT\" \/>\n<meta property=\"article:published_time\" content=\"2021-05-21T11:18:26+00:00\" \/>\n<meta property=\"article:modified_time\" content=\"2021-05-21T11:41:51+00:00\" \/>\n<meta property=\"og:image\" content=\"https:\/\/congovirtuel.com\/information\/wp-content\/uploads\/2021\/02\/felix_egypt.jpg\" \/>\n\t<meta property=\"og:image:width\" content=\"1080\" \/>\n\t<meta property=\"og:image:height\" content=\"720\" \/>\n\t<meta property=\"og:image:type\" content=\"image\/jpeg\" \/>\n<meta name=\"author\" content=\"infocongovirtuel\" \/>\n<meta name=\"twitter:card\" content=\"summary_large_image\" \/>\n<meta name=\"twitter:creator\" content=\"@congovirtuel\" \/>\n<meta name=\"twitter:site\" content=\"@congovirtuel\" \/>\n<meta name=\"twitter:label1\" content=\"\u00c9crit par\" \/>\n\t<meta name=\"twitter:data1\" content=\"infocongovirtuel\" \/>\n\t<meta name=\"twitter:label2\" content=\"Dur\u00e9e de lecture estim\u00e9e\" \/>\n\t<meta name=\"twitter:data2\" content=\"5 minutes\" \/>\n<script type=\"application\/ld+json\" class=\"yoast-schema-graph\">{\"@context\":\"https:\\\/\\\/schema.org\",\"@graph\":[{\"@type\":\"Article\",\"@id\":\"https:\\\/\\\/congovirtuel.com\\\/information\\\/avec-air-tshisekedi-gulfstream-cloue-au-sol-le-president-congolais-loue-les-avions-du-sud-africain-fortune-air\\\/#article\",\"isPartOf\":{\"@id\":\"https:\\\/\\\/congovirtuel.com\\\/information\\\/avec-air-tshisekedi-gulfstream-cloue-au-sol-le-president-congolais-loue-les-avions-du-sud-africain-fortune-air\\\/\"},\"author\":{\"name\":\"infocongovirtuel\",\"@id\":\"https:\\\/\\\/congovirtuel.com\\\/information\\\/#\\\/schema\\\/person\\\/739a44bf7990966cb53d58d2fdeca0b6\"},\"headline\":\"Avec \u00ab\u00a0AIR TSHISEKEDI\u00a0\u00bb Gulfstream clou\u00e9 au sol, le pr\u00e9sident congolais loue les avions du sud-africain Fortune Air\",\"datePublished\":\"2021-05-21T11:18:26+00:00\",\"dateModified\":\"2021-05-21T11:41:51+00:00\",\"mainEntityOfPage\":{\"@id\":\"https:\\\/\\\/congovirtuel.com\\\/information\\\/avec-air-tshisekedi-gulfstream-cloue-au-sol-le-president-congolais-loue-les-avions-du-sud-africain-fortune-air\\\/\"},\"wordCount\":1137,\"commentCount\":0,\"publisher\":{\"@id\":\"https:\\\/\\\/congovirtuel.com\\\/information\\\/#organization\"},\"image\":{\"@id\":\"https:\\\/\\\/congovirtuel.com\\\/information\\\/avec-air-tshisekedi-gulfstream-cloue-au-sol-le-president-congolais-loue-les-avions-du-sud-africain-fortune-air\\\/#primaryimage\"},\"thumbnailUrl\":\"https:\\\/\\\/congovirtuel.com\\\/information\\\/wp-content\\\/uploads\\\/2021\\\/02\\\/felix_egypt.jpg\",\"keywords\":[\"Co\u00fbt voyages Tshisekedi\"],\"articleSection\":[\"Pr\u00e9sidence\"],\"inLanguage\":\"fr-FR\",\"potentialAction\":[{\"@type\":\"CommentAction\",\"name\":\"Comment\",\"target\":[\"https:\\\/\\\/congovirtuel.com\\\/information\\\/avec-air-tshisekedi-gulfstream-cloue-au-sol-le-president-congolais-loue-les-avions-du-sud-africain-fortune-air\\\/#respond\"]}]},{\"@type\":\"WebPage\",\"@id\":\"https:\\\/\\\/congovirtuel.com\\\/information\\\/avec-air-tshisekedi-gulfstream-cloue-au-sol-le-president-congolais-loue-les-avions-du-sud-africain-fortune-air\\\/\",\"url\":\"https:\\\/\\\/congovirtuel.com\\\/information\\\/avec-air-tshisekedi-gulfstream-cloue-au-sol-le-president-congolais-loue-les-avions-du-sud-africain-fortune-air\\\/\",\"name\":\"Avec \\\"AIR TSHISEKEDI\\\" Gulfstream clou\u00e9 au sol, le pr\u00e9sident congolais loue les avions du sud-africain Fortune Air - Actualit\u00e9s congolaises et internationales\",\"isPartOf\":{\"@id\":\"https:\\\/\\\/congovirtuel.com\\\/information\\\/#website\"},\"primaryImageOfPage\":{\"@id\":\"https:\\\/\\\/congovirtuel.com\\\/information\\\/avec-air-tshisekedi-gulfstream-cloue-au-sol-le-president-congolais-loue-les-avions-du-sud-africain-fortune-air\\\/#primaryimage\"},\"image\":{\"@id\":\"https:\\\/\\\/congovirtuel.com\\\/information\\\/avec-air-tshisekedi-gulfstream-cloue-au-sol-le-president-congolais-loue-les-avions-du-sud-africain-fortune-air\\\/#primaryimage\"},\"thumbnailUrl\":\"https:\\\/\\\/congovirtuel.com\\\/information\\\/wp-content\\\/uploads\\\/2021\\\/02\\\/felix_egypt.jpg\",\"datePublished\":\"2021-05-21T11:18:26+00:00\",\"dateModified\":\"2021-05-21T11:41:51+00:00\",\"breadcrumb\":{\"@id\":\"https:\\\/\\\/congovirtuel.com\\\/information\\\/avec-air-tshisekedi-gulfstream-cloue-au-sol-le-president-congolais-loue-les-avions-du-sud-africain-fortune-air\\\/#breadcrumb\"},\"inLanguage\":\"fr-FR\",\"potentialAction\":[{\"@type\":\"ReadAction\",\"target\":[\"https:\\\/\\\/congovirtuel.com\\\/information\\\/avec-air-tshisekedi-gulfstream-cloue-au-sol-le-president-congolais-loue-les-avions-du-sud-africain-fortune-air\\\/\"]}]},{\"@type\":\"ImageObject\",\"inLanguage\":\"fr-FR\",\"@id\":\"https:\\\/\\\/congovirtuel.com\\\/information\\\/avec-air-tshisekedi-gulfstream-cloue-au-sol-le-president-congolais-loue-les-avions-du-sud-africain-fortune-air\\\/#primaryimage\",\"url\":\"https:\\\/\\\/congovirtuel.com\\\/information\\\/wp-content\\\/uploads\\\/2021\\\/02\\\/felix_egypt.jpg\",\"contentUrl\":\"https:\\\/\\\/congovirtuel.com\\\/information\\\/wp-content\\\/uploads\\\/2021\\\/02\\\/felix_egypt.jpg\",\"width\":1080,\"height\":720,\"caption\":\"F\u00e9lix en Egypt\"},{\"@type\":\"BreadcrumbList\",\"@id\":\"https:\\\/\\\/congovirtuel.com\\\/information\\\/avec-air-tshisekedi-gulfstream-cloue-au-sol-le-president-congolais-loue-les-avions-du-sud-africain-fortune-air\\\/#breadcrumb\",\"itemListElement\":[{\"@type\":\"ListItem\",\"position\":1,\"name\":\"Accueil\",\"item\":\"https:\\\/\\\/congovirtuel.com\\\/information\\\/\"},{\"@type\":\"ListItem\",\"position\":2,\"name\":\"Avec \u00ab\u00a0AIR TSHISEKEDI\u00a0\u00bb Gulfstream clou\u00e9 au sol, le pr\u00e9sident congolais loue les avions du sud-africain Fortune Air\"}]},{\"@type\":\"WebSite\",\"@id\":\"https:\\\/\\\/congovirtuel.com\\\/information\\\/#website\",\"url\":\"https:\\\/\\\/congovirtuel.com\\\/information\\\/\",\"name\":\"Actualit\u00e9s congolaises et internationales\",\"description\":\"site d&#039;analyse et de traitement d&#039;information\",\"publisher\":{\"@id\":\"https:\\\/\\\/congovirtuel.com\\\/information\\\/#organization\"},\"potentialAction\":[{\"@type\":\"SearchAction\",\"target\":{\"@type\":\"EntryPoint\",\"urlTemplate\":\"https:\\\/\\\/congovirtuel.com\\\/information\\\/?s={search_term_string}\"},\"query-input\":{\"@type\":\"PropertyValueSpecification\",\"valueRequired\":true,\"valueName\":\"search_term_string\"}}],\"inLanguage\":\"fr-FR\"},{\"@type\":\"Organization\",\"@id\":\"https:\\\/\\\/congovirtuel.com\\\/information\\\/#organization\",\"name\":\"Biblioth\u00e8que Virtuelle de la RDC\",\"url\":\"https:\\\/\\\/congovirtuel.com\\\/information\\\/\",\"logo\":{\"@type\":\"ImageObject\",\"inLanguage\":\"fr-FR\",\"@id\":\"https:\\\/\\\/congovirtuel.com\\\/information\\\/#\\\/schema\\\/logo\\\/image\\\/\",\"url\":\"https:\\\/\\\/congovirtuel.com\\\/information\\\/wp-content\\\/uploads\\\/2018\\\/10\\\/header-info-congovirtuel-vraie.jpg\",\"contentUrl\":\"https:\\\/\\\/congovirtuel.com\\\/information\\\/wp-content\\\/uploads\\\/2018\\\/10\\\/header-info-congovirtuel-vraie.jpg\",\"width\":728,\"height\":90,\"caption\":\"Biblioth\u00e8que Virtuelle de la RDC\"},\"image\":{\"@id\":\"https:\\\/\\\/congovirtuel.com\\\/information\\\/#\\\/schema\\\/logo\\\/image\\\/\"},\"sameAs\":[\"https:\\\/\\\/web.facebook.com\\\/Congovirtuel-763617960319601\\\/?ref=aymt_homepage_panel&amp;amp;amp;amp;amp;amp;amp;amp;amp;amp;amp;eid=ARCoxULa66767kIgF_KYav6VdjXTI4yk_LW4yoVO9s6NXpysgb7Cb65vpxcxgqzOAKvIbLQxaAETcqHT\",\"https:\\\/\\\/x.com\\\/congovirtuel\",\"https:\\\/\\\/www.youtube.com\\\/channel\\\/UCkFfprYzGgS3EWNpeMXpToQ?view_as=subscriber\"]},{\"@type\":\"Person\",\"@id\":\"https:\\\/\\\/congovirtuel.com\\\/information\\\/#\\\/schema\\\/person\\\/739a44bf7990966cb53d58d2fdeca0b6\",\"name\":\"infocongovirtuel\",\"image\":{\"@type\":\"ImageObject\",\"inLanguage\":\"fr-FR\",\"@id\":\"https:\\\/\\\/secure.gravatar.com\\\/avatar\\\/4d76991aa72469f0eb22e772586c99113c6997f88da636a9db8f2ce3a2c05e69?s=96&d=mm&r=g\",\"url\":\"https:\\\/\\\/secure.gravatar.com\\\/avatar\\\/4d76991aa72469f0eb22e772586c99113c6997f88da636a9db8f2ce3a2c05e69?s=96&d=mm&r=g\",\"contentUrl\":\"https:\\\/\\\/secure.gravatar.com\\\/avatar\\\/4d76991aa72469f0eb22e772586c99113c6997f88da636a9db8f2ce3a2c05e69?s=96&d=mm&r=g\",\"caption\":\"infocongovirtuel\"},\"url\":\"https:\\\/\\\/congovirtuel.com\\\/information\\\/author\\\/infocongovirtuel\\\/\"}]}<\/script>\n<!-- \/ Yoast SEO plugin. -->","yoast_head_json":{"title":"Avec \"AIR TSHISEKEDI\" Gulfstream clou\u00e9 au sol, le pr\u00e9sident congolais loue les avions du sud-africain Fortune Air - Actualit\u00e9s congolaises et internationales","robots":{"index":"index","follow":"follow","max-snippet":"max-snippet:-1","max-image-preview":"max-image-preview:large","max-video-preview":"max-video-preview:-1"},"canonical":"https:\/\/congovirtuel.com\/information\/avec-air-tshisekedi-gulfstream-cloue-au-sol-le-president-congolais-loue-les-avions-du-sud-africain-fortune-air\/","og_locale":"fr_FR","og_type":"article","og_title":"Avec \"AIR TSHISEKEDI\" Gulfstream clou\u00e9 au sol, le pr\u00e9sident congolais loue les avions du sud-africain Fortune Air - Actualit\u00e9s congolaises et internationales","og_description":"Apr\u00e8s plusieurs mois d\u00e9di\u00e9s \u00e0 la r\u00e9solution de la crise politique et la formation du nouveau gouvernement, le pr\u00e9sident Tshisekedi renoue avec l&rsquo;international. Il utilise pour cela les services de loueurs de jets priv\u00e9s, les avions de la flotte pr\u00e9sidentielle \u00e9tant clou\u00e9s au sol pour des raisons techniques. Habitu\u00e9e \u00e0 louer des jets priv\u00e9s aupr\u00e8s du groupe d&rsquo;aviation suisse VistaJet, la pr\u00e9sidence de F\u00e9lix Tshisekedi a de plus en plus recours aux services du sud-africain Fortune Air. C&rsquo;est \u00e0 bord d&rsquo;un appareil de cette soci\u00e9t\u00e9, un luxueux Falcon 900EX pouvant&hellip;","og_url":"https:\/\/congovirtuel.com\/information\/avec-air-tshisekedi-gulfstream-cloue-au-sol-le-president-congolais-loue-les-avions-du-sud-africain-fortune-air\/","og_site_name":"Actualit\u00e9s congolaises et internationales","article_publisher":"https:\/\/web.facebook.com\/Congovirtuel-763617960319601\/?ref=aymt_homepage_panel&amp%3bamp%3bamp%3bamp%3bamp%3bamp%3bamp%3bamp%3bamp%3bamp%3bamp%3beid=ARCoxULa66767kIgF_KYav6VdjXTI4yk_LW4yoVO9s6NXpysgb7Cb65vpxcxgqzOAKvIbLQxaAETcqHT","article_published_time":"2021-05-21T11:18:26+00:00","article_modified_time":"2021-05-21T11:41:51+00:00","og_image":[{"width":1080,"height":720,"url":"https:\/\/congovirtuel.com\/information\/wp-content\/uploads\/2021\/02\/felix_egypt.jpg","type":"image\/jpeg"}],"author":"infocongovirtuel","twitter_card":"summary_large_image","twitter_creator":"@congovirtuel","twitter_site":"@congovirtuel","twitter_misc":{"\u00c9crit par":"infocongovirtuel","Dur\u00e9e de lecture estim\u00e9e":"5 minutes"},"schema":{"@context":"https:\/\/schema.org","@graph":[{"@type":"Article","@id":"https:\/\/congovirtuel.com\/information\/avec-air-tshisekedi-gulfstream-cloue-au-sol-le-president-congolais-loue-les-avions-du-sud-africain-fortune-air\/#article","isPartOf":{"@id":"https:\/\/congovirtuel.com\/information\/avec-air-tshisekedi-gulfstream-cloue-au-sol-le-president-congolais-loue-les-avions-du-sud-africain-fortune-air\/"},"author":{"name":"infocongovirtuel","@id":"https:\/\/congovirtuel.com\/information\/#\/schema\/person\/739a44bf7990966cb53d58d2fdeca0b6"},"headline":"Avec \u00ab\u00a0AIR TSHISEKEDI\u00a0\u00bb Gulfstream clou\u00e9 au sol, le pr\u00e9sident congolais loue les avions du sud-africain Fortune Air","datePublished":"2021-05-21T11:18:26+00:00","dateModified":"2021-05-21T11:41:51+00:00","mainEntityOfPage":{"@id":"https:\/\/congovirtuel.com\/information\/avec-air-tshisekedi-gulfstream-cloue-au-sol-le-president-congolais-loue-les-avions-du-sud-africain-fortune-air\/"},"wordCount":1137,"commentCount":0,"publisher":{"@id":"https:\/\/congovirtuel.com\/information\/#organization"},"image":{"@id":"https:\/\/congovirtuel.com\/information\/avec-air-tshisekedi-gulfstream-cloue-au-sol-le-president-congolais-loue-les-avions-du-sud-africain-fortune-air\/#primaryimage"},"thumbnailUrl":"https:\/\/congovirtuel.com\/information\/wp-content\/uploads\/2021\/02\/felix_egypt.jpg","keywords":["Co\u00fbt voyages Tshisekedi"],"articleSection":["Pr\u00e9sidence"],"inLanguage":"fr-FR","potentialAction":[{"@type":"CommentAction","name":"Comment","target":["https:\/\/congovirtuel.com\/information\/avec-air-tshisekedi-gulfstream-cloue-au-sol-le-president-congolais-loue-les-avions-du-sud-africain-fortune-air\/#respond"]}]},{"@type":"WebPage","@id":"https:\/\/congovirtuel.com\/information\/avec-air-tshisekedi-gulfstream-cloue-au-sol-le-president-congolais-loue-les-avions-du-sud-africain-fortune-air\/","url":"https:\/\/congovirtuel.com\/information\/avec-air-tshisekedi-gulfstream-cloue-au-sol-le-president-congolais-loue-les-avions-du-sud-africain-fortune-air\/","name":"Avec \"AIR TSHISEKEDI\" Gulfstream clou\u00e9 au sol, le pr\u00e9sident congolais loue les avions du sud-africain Fortune Air - Actualit\u00e9s congolaises et internationales","isPartOf":{"@id":"https:\/\/congovirtuel.com\/information\/#website"},"primaryImageOfPage":{"@id":"https:\/\/congovirtuel.com\/information\/avec-air-tshisekedi-gulfstream-cloue-au-sol-le-president-congolais-loue-les-avions-du-sud-africain-fortune-air\/#primaryimage"},"image":{"@id":"https:\/\/congovirtuel.com\/information\/avec-air-tshisekedi-gulfstream-cloue-au-sol-le-president-congolais-loue-les-avions-du-sud-africain-fortune-air\/#primaryimage"},"thumbnailUrl":"https:\/\/congovirtuel.com\/information\/wp-content\/uploads\/2021\/02\/felix_egypt.jpg","datePublished":"2021-05-21T11:18:26+00:00","dateModified":"2021-05-21T11:41:51+00:00","breadcrumb":{"@id":"https:\/\/congovirtuel.com\/information\/avec-air-tshisekedi-gulfstream-cloue-au-sol-le-president-congolais-loue-les-avions-du-sud-africain-fortune-air\/#breadcrumb"},"inLanguage":"fr-FR","potentialAction":[{"@type":"ReadAction","target":["https:\/\/congovirtuel.com\/information\/avec-air-tshisekedi-gulfstream-cloue-au-sol-le-president-congolais-loue-les-avions-du-sud-africain-fortune-air\/"]}]},{"@type":"ImageObject","inLanguage":"fr-FR","@id":"https:\/\/congovirtuel.com\/information\/avec-air-tshisekedi-gulfstream-cloue-au-sol-le-president-congolais-loue-les-avions-du-sud-africain-fortune-air\/#primaryimage","url":"https:\/\/congovirtuel.com\/information\/wp-content\/uploads\/2021\/02\/felix_egypt.jpg","contentUrl":"https:\/\/congovirtuel.com\/information\/wp-content\/uploads\/2021\/02\/felix_egypt.jpg","width":1080,"height":720,"caption":"F\u00e9lix en Egypt"},{"@type":"BreadcrumbList","@id":"https:\/\/congovirtuel.com\/information\/avec-air-tshisekedi-gulfstream-cloue-au-sol-le-president-congolais-loue-les-avions-du-sud-africain-fortune-air\/#breadcrumb","itemListElement":[{"@type":"ListItem","position":1,"name":"Accueil","item":"https:\/\/congovirtuel.com\/information\/"},{"@type":"ListItem","position":2,"name":"Avec \u00ab\u00a0AIR TSHISEKEDI\u00a0\u00bb Gulfstream clou\u00e9 au sol, le pr\u00e9sident congolais loue les avions du sud-africain Fortune Air"}]},{"@type":"WebSite","@id":"https:\/\/congovirtuel.com\/information\/#website","url":"https:\/\/congovirtuel.com\/information\/","name":"Actualit\u00e9s congolaises et internationales","description":"site d&#039;analyse et de traitement d&#039;information","publisher":{"@id":"https:\/\/congovirtuel.com\/information\/#organization"},"potentialAction":[{"@type":"SearchAction","target":{"@type":"EntryPoint","urlTemplate":"https:\/\/congovirtuel.com\/information\/?s={search_term_string}"},"query-input":{"@type":"PropertyValueSpecification","valueRequired":true,"valueName":"search_term_string"}}],"inLanguage":"fr-FR"},{"@type":"Organization","@id":"https:\/\/congovirtuel.com\/information\/#organization","name":"Biblioth\u00e8que Virtuelle de la RDC","url":"https:\/\/congovirtuel.com\/information\/","logo":{"@type":"ImageObject","inLanguage":"fr-FR","@id":"https:\/\/congovirtuel.com\/information\/#\/schema\/logo\/image\/","url":"https:\/\/congovirtuel.com\/information\/wp-content\/uploads\/2018\/10\/header-info-congovirtuel-vraie.jpg","contentUrl":"https:\/\/congovirtuel.com\/information\/wp-content\/uploads\/2018\/10\/header-info-congovirtuel-vraie.jpg","width":728,"height":90,"caption":"Biblioth\u00e8que Virtuelle de la RDC"},"image":{"@id":"https:\/\/congovirtuel.com\/information\/#\/schema\/logo\/image\/"},"sameAs":["https:\/\/web.facebook.com\/Congovirtuel-763617960319601\/?ref=aymt_homepage_panel&amp;amp;amp;amp;amp;amp;amp;amp;amp;amp;amp;eid=ARCoxULa66767kIgF_KYav6VdjXTI4yk_LW4yoVO9s6NXpysgb7Cb65vpxcxgqzOAKvIbLQxaAETcqHT","https:\/\/x.com\/congovirtuel","https:\/\/www.youtube.com\/channel\/UCkFfprYzGgS3EWNpeMXpToQ?view_as=subscriber"]},{"@type":"Person","@id":"https:\/\/congovirtuel.com\/information\/#\/schema\/person\/739a44bf7990966cb53d58d2fdeca0b6","name":"infocongovirtuel","image":{"@type":"ImageObject","inLanguage":"fr-FR","@id":"https:\/\/secure.gravatar.com\/avatar\/4d76991aa72469f0eb22e772586c99113c6997f88da636a9db8f2ce3a2c05e69?s=96&d=mm&r=g","url":"https:\/\/secure.gravatar.com\/avatar\/4d76991aa72469f0eb22e772586c99113c6997f88da636a9db8f2ce3a2c05e69?s=96&d=mm&r=g","contentUrl":"https:\/\/secure.gravatar.com\/avatar\/4d76991aa72469f0eb22e772586c99113c6997f88da636a9db8f2ce3a2c05e69?s=96&d=mm&r=g","caption":"infocongovirtuel"},"url":"https:\/\/congovirtuel.com\/information\/author\/infocongovirtuel\/"}]}},"gt_translate_keys":[{"key":"link","format":"url"}],"_links":{"self":[{"href":"https:\/\/congovirtuel.com\/information\/wp-json\/wp\/v2\/posts\/9454","targetHints":{"allow":["GET"]}}],"collection":[{"href":"https:\/\/congovirtuel.com\/information\/wp-json\/wp\/v2\/posts"}],"about":[{"href":"https:\/\/congovirtuel.com\/information\/wp-json\/wp\/v2\/types\/post"}],"author":[{"embeddable":true,"href":"https:\/\/congovirtuel.com\/information\/wp-json\/wp\/v2\/users\/1"}],"replies":[{"embeddable":true,"href":"https:\/\/congovirtuel.com\/information\/wp-json\/wp\/v2\/comments?post=9454"}],"version-history":[{"count":2,"href":"https:\/\/congovirtuel.com\/information\/wp-json\/wp\/v2\/posts\/9454\/revisions"}],"predecessor-version":[{"id":9457,"href":"https:\/\/congovirtuel.com\/information\/wp-json\/wp\/v2\/posts\/9454\/revisions\/9457"}],"wp:featuredmedia":[{"embeddable":true,"href":"https:\/\/congovirtuel.com\/information\/wp-json\/wp\/v2\/media\/5989"}],"wp:attachment":[{"href":"https:\/\/congovirtuel.com\/information\/wp-json\/wp\/v2\/media?parent=9454"}],"wp:term":[{"taxonomy":"category","embeddable":true,"href":"https:\/\/congovirtuel.com\/information\/wp-json\/wp\/v2\/categories?post=9454"},{"taxonomy":"post_tag","embeddable":true,"href":"https:\/\/congovirtuel.com\/information\/wp-json\/wp\/v2\/tags?post=9454"}],"curies":[{"name":"wp","href":"https:\/\/api.w.org\/{rel}","templated":true}]}}