{"id":9477,"date":"2021-05-21T17:45:45","date_gmt":"2021-05-21T16:45:45","guid":{"rendered":"https:\/\/congovirtuel.com\/information\/?p=9477"},"modified":"2021-05-21T17:45:49","modified_gmt":"2021-05-21T16:45:49","slug":"rdc-linhabituel-ton-diplomatique-editorial","status":"publish","type":"post","link":"https:\/\/congovirtuel.com\/information\/rdc-linhabituel-ton-diplomatique-editorial\/","title":{"rendered":"RDC: L&rsquo;inhabituel ton diplomatique (Editorial)","gt_translate_keys":[{"key":"rendered","format":"text"}]},"content":{"rendered":"\n<p class=\"wp-block-paragraph\">L&rsquo;interview donn\u00e9e par le pr\u00e9sident de la R\u00e9publique, F\u00e9lix-Antoine Tshisekedi, mercredi 19 mai, est dans toutes les conversations. Et tr\u00e8s vite, comme bien souvent, deux camps se chamaillent sur les r\u00e9seaux sociaux et plateaux de t\u00e9l\u00e9vision.<\/p>\n\n\n\n<p class=\"wp-block-paragraph\">Le premier repr\u00e9sente ceux qui pensent que \u00ab\u00a0Fatshi B\u00e9ton\u00a0\u00bb a sorti une master class diplomatique face aux provocations de son homologue rwandais, auteur des propos n\u00e9gationnistes sur les crimes en R\u00e9publique d\u00e9mocratique du Congo. Des propos d&rsquo;un voisin imp\u00e9nitent qui ont heurt\u00e9 les sensibilit\u00e9s aux quatre coins de la RDC.<\/p>\n\n\n\n<p class=\"wp-block-paragraph\">Le deuxi\u00e8me groupe est constitu\u00e9 de ces Congolais qui pensent que le pr\u00e9sident de la R\u00e9publique d\u00e9mocratique du Congo a rat\u00e9 l\u00e0 une belle occasion de remettre Kagame \u00e0 sa place. Manque de fermet\u00e9, aveu d&rsquo;impuissance &#8230; chacun y va de sa \u00ab\u00a0haine\u00a0\u00bb contre les pr\u00e9cautions diplomatiques du 5e pr\u00e9sident congolais.<\/p>\n\n\n\n<p class=\"wp-block-paragraph\">Entre les deux camps, l&rsquo;un fanatique aveugle, l&rsquo;autre donneur de le\u00e7on, personne n&rsquo;a r\u00e9vis\u00e9 ses notes des relations internationales. Sinon, personne n&rsquo;aurait condamn\u00e9 Tshisekedi car, sur toutes les lignes, il a contredit Kagame.<\/p>\n\n\n\n<p class=\"wp-block-paragraph\">Celui-ci a remis en question le Rapport Mapping, Fatshi a salu\u00e9 un document onusien \u00ab\u00a0objectif\u00a0\u00bb. Kagame a rabaiss\u00e9 le Prix Nobel Mukwege, Tshisekedi l&rsquo;a encens\u00e9.<\/p>\n\n\n\n<p class=\"wp-block-paragraph\">Qu&rsquo;est-ce-qu&rsquo;il fallait encore entendre du successeur de Kabila? Peut-\u00eatre un peu de \u00ab\u00a0kinoisierie\u00a0\u00bb dans son langage. Il faille reconna\u00eetre que l&rsquo;homme nous a habitu\u00e9 depuis un temps \u00e0 des \u00ab\u00a0Nyangalakata\u00a0\u00bb, \u00ab\u00a0Bic rouge\u00a0\u00bb \u00ab\u00a0Combatanba,\u00a0\u00bb Sorciers\u00a0\u00bb. Il n&rsquo;a jamais ou presque us\u00e9 d&rsquo;un langage diplomatique face \u00e0 ses opposants. Surtout pas ceux qui ont os\u00e9 critiquer derni\u00e8rement dans le cadre de l&rsquo;\u00e9tat de si\u00e8ge, son choix de deux gouverneurs militaires du Nord-Kivu et de l&rsquo;Ituri, au pass\u00e9 rebelle controvers\u00e9.<\/p>\n\n\n\n<p class=\"wp-block-paragraph\">Un peu de \u00a0\u00bb Kagame sorcier\u00a0\u00bb aurait tellement ressembl\u00e9 \u00e0 ce qu&rsquo;il a beaucoup propos\u00e9 \u00e0 \u00e9couter jusque-l\u00e0. Mais cela aurait \u00e9galement \u00e9t\u00e9 irresponsable de la part de celui qui pr\u00e9side l&rsquo;UA et qui cherche \u00e0 restaurer la paix dans l&rsquo;Est de son pays.<\/p>\n\n\n\n<p class=\"wp-block-paragraph\"><strong>Socrate Nsimba<\/strong><\/p>\n","protected":false,"gt_translate_keys":[{"key":"rendered","format":"html"}]},"excerpt":{"rendered":"<p>L&rsquo;interview donn\u00e9e par le pr\u00e9sident de la R\u00e9publique, F\u00e9lix-Antoine Tshisekedi, mercredi 19 mai, est dans toutes les conversations. Et tr\u00e8s vite, comme bien souvent, deux camps se chamaillent sur les r\u00e9seaux sociaux et plateaux de t\u00e9l\u00e9vision. Le premier repr\u00e9sente ceux qui pensent que \u00ab\u00a0Fatshi B\u00e9ton\u00a0\u00bb a sorti une master class diplomatique face aux provocations de son homologue rwandais, auteur des propos n\u00e9gationnistes sur les crimes en R\u00e9publique d\u00e9mocratique du Congo. Des propos d&rsquo;un voisin imp\u00e9nitent qui ont heurt\u00e9 les sensibilit\u00e9s aux quatre coins de la RDC. Le deuxi\u00e8me groupe est&hellip;<\/p>\n","protected":false,"gt_translate_keys":[{"key":"rendered","format":"html"}]},"author":1,"featured_media":9478,"comment_status":"open","ping_status":"open","sticky":false,"template":"","format":"standard","meta":{"_crdt_document":"","footnotes":""},"categories":[285],"tags":[7979],"class_list":["post-9477","post","type-post","status-publish","format-standard","has-post-thumbnail","hentry","category-presidence","tag-replique-de-tshisekedi-a-kagame"],"gutentor_comment":0,"yoast_head":"<!-- This site is optimized with the Yoast SEO plugin v27.5 - https:\/\/yoast.com\/product\/yoast-seo-wordpress\/ -->\n<title>RDC: L&#039;inhabituel ton diplomatique (Editorial) - Actualit\u00e9s congolaises et internationales<\/title>\n<meta name=\"robots\" content=\"index, follow, max-snippet:-1, max-image-preview:large, max-video-preview:-1\" \/>\n<link rel=\"canonical\" href=\"https:\/\/congovirtuel.com\/information\/rdc-linhabituel-ton-diplomatique-editorial\/\" \/>\n<meta property=\"og:locale\" content=\"fr_FR\" \/>\n<meta property=\"og:type\" content=\"article\" \/>\n<meta property=\"og:title\" content=\"RDC: L&#039;inhabituel ton diplomatique (Editorial) - Actualit\u00e9s congolaises et internationales\" \/>\n<meta property=\"og:description\" content=\"L&rsquo;interview donn\u00e9e par le pr\u00e9sident de la R\u00e9publique, F\u00e9lix-Antoine Tshisekedi, mercredi 19 mai, est dans toutes les conversations. Et tr\u00e8s vite, comme bien souvent, deux camps se chamaillent sur les r\u00e9seaux sociaux et plateaux de t\u00e9l\u00e9vision. Le premier repr\u00e9sente ceux qui pensent que \u00ab\u00a0Fatshi B\u00e9ton\u00a0\u00bb a sorti une master class diplomatique face aux provocations de son homologue rwandais, auteur des propos n\u00e9gationnistes sur les crimes en R\u00e9publique d\u00e9mocratique du Congo. Des propos d&rsquo;un voisin imp\u00e9nitent qui ont heurt\u00e9 les sensibilit\u00e9s aux quatre coins de la RDC. Le deuxi\u00e8me groupe est&hellip;\" \/>\n<meta property=\"og:url\" content=\"https:\/\/congovirtuel.com\/information\/rdc-linhabituel-ton-diplomatique-editorial\/\" \/>\n<meta property=\"og:site_name\" content=\"Actualit\u00e9s congolaises et internationales\" \/>\n<meta property=\"article:publisher\" content=\"https:\/\/web.facebook.com\/Congovirtuel-763617960319601\/?ref=aymt_homepage_panel&amp;amp%3bamp%3bamp%3bamp%3bamp%3bamp%3bamp%3bamp%3bamp%3bamp%3bamp%3beid=ARCoxULa66767kIgF_KYav6VdjXTI4yk_LW4yoVO9s6NXpysgb7Cb65vpxcxgqzOAKvIbLQxaAETcqHT\" \/>\n<meta property=\"article:published_time\" content=\"2021-05-21T16:45:45+00:00\" \/>\n<meta property=\"article:modified_time\" content=\"2021-05-21T16:45:49+00:00\" \/>\n<meta property=\"og:image\" content=\"https:\/\/congovirtuel.com\/information\/wp-content\/uploads\/2021\/05\/fatshi-interview-paris-210521-800px.jpg\" \/>\n\t<meta property=\"og:image:width\" content=\"800\" \/>\n\t<meta property=\"og:image:height\" content=\"480\" \/>\n\t<meta property=\"og:image:type\" content=\"image\/jpeg\" \/>\n<meta name=\"author\" content=\"infocongovirtuel\" \/>\n<meta name=\"twitter:card\" content=\"summary_large_image\" \/>\n<meta name=\"twitter:creator\" content=\"@congovirtuel\" \/>\n<meta name=\"twitter:site\" content=\"@congovirtuel\" \/>\n<meta name=\"twitter:label1\" content=\"\u00c9crit par\" \/>\n\t<meta name=\"twitter:data1\" content=\"infocongovirtuel\" \/>\n\t<meta name=\"twitter:label2\" content=\"Dur\u00e9e de lecture estim\u00e9e\" \/>\n\t<meta name=\"twitter:data2\" content=\"2 minutes\" \/>\n<script type=\"application\/ld+json\" class=\"yoast-schema-graph\">{\"@context\":\"https:\\\/\\\/schema.org\",\"@graph\":[{\"@type\":\"Article\",\"@id\":\"https:\\\/\\\/congovirtuel.com\\\/information\\\/rdc-linhabituel-ton-diplomatique-editorial\\\/#article\",\"isPartOf\":{\"@id\":\"https:\\\/\\\/congovirtuel.com\\\/information\\\/rdc-linhabituel-ton-diplomatique-editorial\\\/\"},\"author\":{\"name\":\"infocongovirtuel\",\"@id\":\"https:\\\/\\\/congovirtuel.com\\\/information\\\/#\\\/schema\\\/person\\\/739a44bf7990966cb53d58d2fdeca0b6\"},\"headline\":\"RDC: L&rsquo;inhabituel ton diplomatique (Editorial)\",\"datePublished\":\"2021-05-21T16:45:45+00:00\",\"dateModified\":\"2021-05-21T16:45:49+00:00\",\"mainEntityOfPage\":{\"@id\":\"https:\\\/\\\/congovirtuel.com\\\/information\\\/rdc-linhabituel-ton-diplomatique-editorial\\\/\"},\"wordCount\":361,\"commentCount\":0,\"publisher\":{\"@id\":\"https:\\\/\\\/congovirtuel.com\\\/information\\\/#organization\"},\"image\":{\"@id\":\"https:\\\/\\\/congovirtuel.com\\\/information\\\/rdc-linhabituel-ton-diplomatique-editorial\\\/#primaryimage\"},\"thumbnailUrl\":\"https:\\\/\\\/congovirtuel.com\\\/information\\\/wp-content\\\/uploads\\\/2021\\\/05\\\/fatshi-interview-paris-210521-800px.jpg\",\"keywords\":[\"R\u00e9plique de Tshisekedi \u00e0 Kagame\"],\"articleSection\":[\"Pr\u00e9sidence\"],\"inLanguage\":\"fr-FR\",\"potentialAction\":[{\"@type\":\"CommentAction\",\"name\":\"Comment\",\"target\":[\"https:\\\/\\\/congovirtuel.com\\\/information\\\/rdc-linhabituel-ton-diplomatique-editorial\\\/#respond\"]}]},{\"@type\":\"WebPage\",\"@id\":\"https:\\\/\\\/congovirtuel.com\\\/information\\\/rdc-linhabituel-ton-diplomatique-editorial\\\/\",\"url\":\"https:\\\/\\\/congovirtuel.com\\\/information\\\/rdc-linhabituel-ton-diplomatique-editorial\\\/\",\"name\":\"RDC: L'inhabituel ton diplomatique (Editorial) - Actualit\u00e9s congolaises et internationales\",\"isPartOf\":{\"@id\":\"https:\\\/\\\/congovirtuel.com\\\/information\\\/#website\"},\"primaryImageOfPage\":{\"@id\":\"https:\\\/\\\/congovirtuel.com\\\/information\\\/rdc-linhabituel-ton-diplomatique-editorial\\\/#primaryimage\"},\"image\":{\"@id\":\"https:\\\/\\\/congovirtuel.com\\\/information\\\/rdc-linhabituel-ton-diplomatique-editorial\\\/#primaryimage\"},\"thumbnailUrl\":\"https:\\\/\\\/congovirtuel.com\\\/information\\\/wp-content\\\/uploads\\\/2021\\\/05\\\/fatshi-interview-paris-210521-800px.jpg\",\"datePublished\":\"2021-05-21T16:45:45+00:00\",\"dateModified\":\"2021-05-21T16:45:49+00:00\",\"breadcrumb\":{\"@id\":\"https:\\\/\\\/congovirtuel.com\\\/information\\\/rdc-linhabituel-ton-diplomatique-editorial\\\/#breadcrumb\"},\"inLanguage\":\"fr-FR\",\"potentialAction\":[{\"@type\":\"ReadAction\",\"target\":[\"https:\\\/\\\/congovirtuel.com\\\/information\\\/rdc-linhabituel-ton-diplomatique-editorial\\\/\"]}]},{\"@type\":\"ImageObject\",\"inLanguage\":\"fr-FR\",\"@id\":\"https:\\\/\\\/congovirtuel.com\\\/information\\\/rdc-linhabituel-ton-diplomatique-editorial\\\/#primaryimage\",\"url\":\"https:\\\/\\\/congovirtuel.com\\\/information\\\/wp-content\\\/uploads\\\/2021\\\/05\\\/fatshi-interview-paris-210521-800px.jpg\",\"contentUrl\":\"https:\\\/\\\/congovirtuel.com\\\/information\\\/wp-content\\\/uploads\\\/2021\\\/05\\\/fatshi-interview-paris-210521-800px.jpg\",\"width\":800,\"height\":480},{\"@type\":\"BreadcrumbList\",\"@id\":\"https:\\\/\\\/congovirtuel.com\\\/information\\\/rdc-linhabituel-ton-diplomatique-editorial\\\/#breadcrumb\",\"itemListElement\":[{\"@type\":\"ListItem\",\"position\":1,\"name\":\"Accueil\",\"item\":\"https:\\\/\\\/congovirtuel.com\\\/information\\\/\"},{\"@type\":\"ListItem\",\"position\":2,\"name\":\"RDC: L&rsquo;inhabituel ton diplomatique (Editorial)\"}]},{\"@type\":\"WebSite\",\"@id\":\"https:\\\/\\\/congovirtuel.com\\\/information\\\/#website\",\"url\":\"https:\\\/\\\/congovirtuel.com\\\/information\\\/\",\"name\":\"Actualit\u00e9s congolaises et internationales\",\"description\":\"site d&#039;analyse et de traitement d&#039;information\",\"publisher\":{\"@id\":\"https:\\\/\\\/congovirtuel.com\\\/information\\\/#organization\"},\"potentialAction\":[{\"@type\":\"SearchAction\",\"target\":{\"@type\":\"EntryPoint\",\"urlTemplate\":\"https:\\\/\\\/congovirtuel.com\\\/information\\\/?s={search_term_string}\"},\"query-input\":{\"@type\":\"PropertyValueSpecification\",\"valueRequired\":true,\"valueName\":\"search_term_string\"}}],\"inLanguage\":\"fr-FR\"},{\"@type\":\"Organization\",\"@id\":\"https:\\\/\\\/congovirtuel.com\\\/information\\\/#organization\",\"name\":\"Biblioth\u00e8que Virtuelle de la RDC\",\"url\":\"https:\\\/\\\/congovirtuel.com\\\/information\\\/\",\"logo\":{\"@type\":\"ImageObject\",\"inLanguage\":\"fr-FR\",\"@id\":\"https:\\\/\\\/congovirtuel.com\\\/information\\\/#\\\/schema\\\/logo\\\/image\\\/\",\"url\":\"https:\\\/\\\/congovirtuel.com\\\/information\\\/wp-content\\\/uploads\\\/2018\\\/10\\\/header-info-congovirtuel-vraie.jpg\",\"contentUrl\":\"https:\\\/\\\/congovirtuel.com\\\/information\\\/wp-content\\\/uploads\\\/2018\\\/10\\\/header-info-congovirtuel-vraie.jpg\",\"width\":728,\"height\":90,\"caption\":\"Biblioth\u00e8que Virtuelle de la RDC\"},\"image\":{\"@id\":\"https:\\\/\\\/congovirtuel.com\\\/information\\\/#\\\/schema\\\/logo\\\/image\\\/\"},\"sameAs\":[\"https:\\\/\\\/web.facebook.com\\\/Congovirtuel-763617960319601\\\/?ref=aymt_homepage_panel&amp;amp;amp;amp;amp;amp;amp;amp;amp;amp;amp;eid=ARCoxULa66767kIgF_KYav6VdjXTI4yk_LW4yoVO9s6NXpysgb7Cb65vpxcxgqzOAKvIbLQxaAETcqHT\",\"https:\\\/\\\/x.com\\\/congovirtuel\",\"https:\\\/\\\/www.youtube.com\\\/channel\\\/UCkFfprYzGgS3EWNpeMXpToQ?view_as=subscriber\"]},{\"@type\":\"Person\",\"@id\":\"https:\\\/\\\/congovirtuel.com\\\/information\\\/#\\\/schema\\\/person\\\/739a44bf7990966cb53d58d2fdeca0b6\",\"name\":\"infocongovirtuel\",\"image\":{\"@type\":\"ImageObject\",\"inLanguage\":\"fr-FR\",\"@id\":\"https:\\\/\\\/secure.gravatar.com\\\/avatar\\\/4d76991aa72469f0eb22e772586c99113c6997f88da636a9db8f2ce3a2c05e69?s=96&d=mm&r=g\",\"url\":\"https:\\\/\\\/secure.gravatar.com\\\/avatar\\\/4d76991aa72469f0eb22e772586c99113c6997f88da636a9db8f2ce3a2c05e69?s=96&d=mm&r=g\",\"contentUrl\":\"https:\\\/\\\/secure.gravatar.com\\\/avatar\\\/4d76991aa72469f0eb22e772586c99113c6997f88da636a9db8f2ce3a2c05e69?s=96&d=mm&r=g\",\"caption\":\"infocongovirtuel\"},\"url\":\"https:\\\/\\\/congovirtuel.com\\\/information\\\/author\\\/infocongovirtuel\\\/\"}]}<\/script>\n<!-- \/ Yoast SEO plugin. -->","yoast_head_json":{"title":"RDC: L'inhabituel ton diplomatique (Editorial) - Actualit\u00e9s congolaises et internationales","robots":{"index":"index","follow":"follow","max-snippet":"max-snippet:-1","max-image-preview":"max-image-preview:large","max-video-preview":"max-video-preview:-1"},"canonical":"https:\/\/congovirtuel.com\/information\/rdc-linhabituel-ton-diplomatique-editorial\/","og_locale":"fr_FR","og_type":"article","og_title":"RDC: L'inhabituel ton diplomatique (Editorial) - Actualit\u00e9s congolaises et internationales","og_description":"L&rsquo;interview donn\u00e9e par le pr\u00e9sident de la R\u00e9publique, F\u00e9lix-Antoine Tshisekedi, mercredi 19 mai, est dans toutes les conversations. Et tr\u00e8s vite, comme bien souvent, deux camps se chamaillent sur les r\u00e9seaux sociaux et plateaux de t\u00e9l\u00e9vision. Le premier repr\u00e9sente ceux qui pensent que \u00ab\u00a0Fatshi B\u00e9ton\u00a0\u00bb a sorti une master class diplomatique face aux provocations de son homologue rwandais, auteur des propos n\u00e9gationnistes sur les crimes en R\u00e9publique d\u00e9mocratique du Congo. Des propos d&rsquo;un voisin imp\u00e9nitent qui ont heurt\u00e9 les sensibilit\u00e9s aux quatre coins de la RDC. Le deuxi\u00e8me groupe est&hellip;","og_url":"https:\/\/congovirtuel.com\/information\/rdc-linhabituel-ton-diplomatique-editorial\/","og_site_name":"Actualit\u00e9s congolaises et internationales","article_publisher":"https:\/\/web.facebook.com\/Congovirtuel-763617960319601\/?ref=aymt_homepage_panel&amp%3bamp%3bamp%3bamp%3bamp%3bamp%3bamp%3bamp%3bamp%3bamp%3bamp%3beid=ARCoxULa66767kIgF_KYav6VdjXTI4yk_LW4yoVO9s6NXpysgb7Cb65vpxcxgqzOAKvIbLQxaAETcqHT","article_published_time":"2021-05-21T16:45:45+00:00","article_modified_time":"2021-05-21T16:45:49+00:00","og_image":[{"width":800,"height":480,"url":"https:\/\/congovirtuel.com\/information\/wp-content\/uploads\/2021\/05\/fatshi-interview-paris-210521-800px.jpg","type":"image\/jpeg"}],"author":"infocongovirtuel","twitter_card":"summary_large_image","twitter_creator":"@congovirtuel","twitter_site":"@congovirtuel","twitter_misc":{"\u00c9crit par":"infocongovirtuel","Dur\u00e9e de lecture estim\u00e9e":"2 minutes"},"schema":{"@context":"https:\/\/schema.org","@graph":[{"@type":"Article","@id":"https:\/\/congovirtuel.com\/information\/rdc-linhabituel-ton-diplomatique-editorial\/#article","isPartOf":{"@id":"https:\/\/congovirtuel.com\/information\/rdc-linhabituel-ton-diplomatique-editorial\/"},"author":{"name":"infocongovirtuel","@id":"https:\/\/congovirtuel.com\/information\/#\/schema\/person\/739a44bf7990966cb53d58d2fdeca0b6"},"headline":"RDC: L&rsquo;inhabituel ton diplomatique (Editorial)","datePublished":"2021-05-21T16:45:45+00:00","dateModified":"2021-05-21T16:45:49+00:00","mainEntityOfPage":{"@id":"https:\/\/congovirtuel.com\/information\/rdc-linhabituel-ton-diplomatique-editorial\/"},"wordCount":361,"commentCount":0,"publisher":{"@id":"https:\/\/congovirtuel.com\/information\/#organization"},"image":{"@id":"https:\/\/congovirtuel.com\/information\/rdc-linhabituel-ton-diplomatique-editorial\/#primaryimage"},"thumbnailUrl":"https:\/\/congovirtuel.com\/information\/wp-content\/uploads\/2021\/05\/fatshi-interview-paris-210521-800px.jpg","keywords":["R\u00e9plique de Tshisekedi \u00e0 Kagame"],"articleSection":["Pr\u00e9sidence"],"inLanguage":"fr-FR","potentialAction":[{"@type":"CommentAction","name":"Comment","target":["https:\/\/congovirtuel.com\/information\/rdc-linhabituel-ton-diplomatique-editorial\/#respond"]}]},{"@type":"WebPage","@id":"https:\/\/congovirtuel.com\/information\/rdc-linhabituel-ton-diplomatique-editorial\/","url":"https:\/\/congovirtuel.com\/information\/rdc-linhabituel-ton-diplomatique-editorial\/","name":"RDC: L'inhabituel ton diplomatique (Editorial) - Actualit\u00e9s congolaises et internationales","isPartOf":{"@id":"https:\/\/congovirtuel.com\/information\/#website"},"primaryImageOfPage":{"@id":"https:\/\/congovirtuel.com\/information\/rdc-linhabituel-ton-diplomatique-editorial\/#primaryimage"},"image":{"@id":"https:\/\/congovirtuel.com\/information\/rdc-linhabituel-ton-diplomatique-editorial\/#primaryimage"},"thumbnailUrl":"https:\/\/congovirtuel.com\/information\/wp-content\/uploads\/2021\/05\/fatshi-interview-paris-210521-800px.jpg","datePublished":"2021-05-21T16:45:45+00:00","dateModified":"2021-05-21T16:45:49+00:00","breadcrumb":{"@id":"https:\/\/congovirtuel.com\/information\/rdc-linhabituel-ton-diplomatique-editorial\/#breadcrumb"},"inLanguage":"fr-FR","potentialAction":[{"@type":"ReadAction","target":["https:\/\/congovirtuel.com\/information\/rdc-linhabituel-ton-diplomatique-editorial\/"]}]},{"@type":"ImageObject","inLanguage":"fr-FR","@id":"https:\/\/congovirtuel.com\/information\/rdc-linhabituel-ton-diplomatique-editorial\/#primaryimage","url":"https:\/\/congovirtuel.com\/information\/wp-content\/uploads\/2021\/05\/fatshi-interview-paris-210521-800px.jpg","contentUrl":"https:\/\/congovirtuel.com\/information\/wp-content\/uploads\/2021\/05\/fatshi-interview-paris-210521-800px.jpg","width":800,"height":480},{"@type":"BreadcrumbList","@id":"https:\/\/congovirtuel.com\/information\/rdc-linhabituel-ton-diplomatique-editorial\/#breadcrumb","itemListElement":[{"@type":"ListItem","position":1,"name":"Accueil","item":"https:\/\/congovirtuel.com\/information\/"},{"@type":"ListItem","position":2,"name":"RDC: L&rsquo;inhabituel ton diplomatique (Editorial)"}]},{"@type":"WebSite","@id":"https:\/\/congovirtuel.com\/information\/#website","url":"https:\/\/congovirtuel.com\/information\/","name":"Actualit\u00e9s congolaises et internationales","description":"site d&#039;analyse et de traitement d&#039;information","publisher":{"@id":"https:\/\/congovirtuel.com\/information\/#organization"},"potentialAction":[{"@type":"SearchAction","target":{"@type":"EntryPoint","urlTemplate":"https:\/\/congovirtuel.com\/information\/?s={search_term_string}"},"query-input":{"@type":"PropertyValueSpecification","valueRequired":true,"valueName":"search_term_string"}}],"inLanguage":"fr-FR"},{"@type":"Organization","@id":"https:\/\/congovirtuel.com\/information\/#organization","name":"Biblioth\u00e8que Virtuelle de la RDC","url":"https:\/\/congovirtuel.com\/information\/","logo":{"@type":"ImageObject","inLanguage":"fr-FR","@id":"https:\/\/congovirtuel.com\/information\/#\/schema\/logo\/image\/","url":"https:\/\/congovirtuel.com\/information\/wp-content\/uploads\/2018\/10\/header-info-congovirtuel-vraie.jpg","contentUrl":"https:\/\/congovirtuel.com\/information\/wp-content\/uploads\/2018\/10\/header-info-congovirtuel-vraie.jpg","width":728,"height":90,"caption":"Biblioth\u00e8que Virtuelle de la RDC"},"image":{"@id":"https:\/\/congovirtuel.com\/information\/#\/schema\/logo\/image\/"},"sameAs":["https:\/\/web.facebook.com\/Congovirtuel-763617960319601\/?ref=aymt_homepage_panel&amp;amp;amp;amp;amp;amp;amp;amp;amp;amp;amp;eid=ARCoxULa66767kIgF_KYav6VdjXTI4yk_LW4yoVO9s6NXpysgb7Cb65vpxcxgqzOAKvIbLQxaAETcqHT","https:\/\/x.com\/congovirtuel","https:\/\/www.youtube.com\/channel\/UCkFfprYzGgS3EWNpeMXpToQ?view_as=subscriber"]},{"@type":"Person","@id":"https:\/\/congovirtuel.com\/information\/#\/schema\/person\/739a44bf7990966cb53d58d2fdeca0b6","name":"infocongovirtuel","image":{"@type":"ImageObject","inLanguage":"fr-FR","@id":"https:\/\/secure.gravatar.com\/avatar\/4d76991aa72469f0eb22e772586c99113c6997f88da636a9db8f2ce3a2c05e69?s=96&d=mm&r=g","url":"https:\/\/secure.gravatar.com\/avatar\/4d76991aa72469f0eb22e772586c99113c6997f88da636a9db8f2ce3a2c05e69?s=96&d=mm&r=g","contentUrl":"https:\/\/secure.gravatar.com\/avatar\/4d76991aa72469f0eb22e772586c99113c6997f88da636a9db8f2ce3a2c05e69?s=96&d=mm&r=g","caption":"infocongovirtuel"},"url":"https:\/\/congovirtuel.com\/information\/author\/infocongovirtuel\/"}]}},"gt_translate_keys":[{"key":"link","format":"url"}],"_links":{"self":[{"href":"https:\/\/congovirtuel.com\/information\/wp-json\/wp\/v2\/posts\/9477","targetHints":{"allow":["GET"]}}],"collection":[{"href":"https:\/\/congovirtuel.com\/information\/wp-json\/wp\/v2\/posts"}],"about":[{"href":"https:\/\/congovirtuel.com\/information\/wp-json\/wp\/v2\/types\/post"}],"author":[{"embeddable":true,"href":"https:\/\/congovirtuel.com\/information\/wp-json\/wp\/v2\/users\/1"}],"replies":[{"embeddable":true,"href":"https:\/\/congovirtuel.com\/information\/wp-json\/wp\/v2\/comments?post=9477"}],"version-history":[{"count":1,"href":"https:\/\/congovirtuel.com\/information\/wp-json\/wp\/v2\/posts\/9477\/revisions"}],"predecessor-version":[{"id":9479,"href":"https:\/\/congovirtuel.com\/information\/wp-json\/wp\/v2\/posts\/9477\/revisions\/9479"}],"wp:featuredmedia":[{"embeddable":true,"href":"https:\/\/congovirtuel.com\/information\/wp-json\/wp\/v2\/media\/9478"}],"wp:attachment":[{"href":"https:\/\/congovirtuel.com\/information\/wp-json\/wp\/v2\/media?parent=9477"}],"wp:term":[{"taxonomy":"category","embeddable":true,"href":"https:\/\/congovirtuel.com\/information\/wp-json\/wp\/v2\/categories?post=9477"},{"taxonomy":"post_tag","embeddable":true,"href":"https:\/\/congovirtuel.com\/information\/wp-json\/wp\/v2\/tags?post=9477"}],"curies":[{"name":"wp","href":"https:\/\/api.w.org\/{rel}","templated":true}]}}