{"id":9556,"date":"2021-05-24T07:52:20","date_gmt":"2021-05-24T06:52:20","guid":{"rendered":"https:\/\/congovirtuel.com\/information\/?p=9556"},"modified":"2021-05-24T07:52:24","modified_gmt":"2021-05-24T06:52:24","slug":"alliance-kagame-macron-vers-la-fin-du-hutu-power-en-france","status":"publish","type":"post","link":"https:\/\/congovirtuel.com\/information\/alliance-kagame-macron-vers-la-fin-du-hutu-power-en-france\/","title":{"rendered":"Alliance Kagame &#8211; Macron : Vers la fin du \u00ab\u00a0Hutu Power\u00a0\u00bb en France?","gt_translate_keys":[{"key":"rendered","format":"text"}]},"content":{"rendered":"\n<p class=\"wp-block-paragraph\">&nbsp;<strong>Le&nbsp; \u00abHutu Power\u00bb a surv\u00e9cu en France \u00ab\u00a0une enqu\u00eate de Mediapart\u00a0\u00bb&nbsp;<\/strong><\/p>\n\n\n\n<p class=\"wp-block-paragraph\">Selon les&nbsp; informations de Mediapart , trois personnes consid\u00e9r\u00e9es comme des \u00ab g\u00e9nocidaires de la premi\u00e8re cat\u00e9gorie \u00bb par le Rwanda vivent dans l\u2019Hexagone sans \u00eatre inqui\u00e9t\u00e9es. Parall\u00e8lement, la France a accueilli plusieurs centaines d\u2019extr\u00e9mistes rwandais, qui se sont organis\u00e9s dans des r\u00e9seaux associatifs \u00e0 travers le pays.<\/p>\n\n\n\n<p class=\"wp-block-paragraph\">Le journaliste fran\u00e7ais Theo Englebert publie dans M\u00e9diapart.fr du 19 mai 2021 des r\u00e9v\u00e9lations sur les circuits du hutu power en France depuis 1994. Selon les informations qu\u2019il en sa possession, trois personnes qui se trouvent sur la liste Rwandaise des \u00ab g\u00e9nocidaires de la premi\u00e8re cat\u00e9gorie \u00bbvivent en France en toute qui\u00e9tude.<\/p>\n\n\n\n<p class=\"wp-block-paragraph\">M\u00e9diapart en a retrouv\u00e9 trois dont la situation d\u2019impunit\u00e9 reste incompr\u00e9hensible, pourtant ils figurent sur la liste des \u00ab g\u00e9nocidaires de premi\u00e8re cat\u00e9gorie \u00bb.<\/p>\n\n\n\n<p class=\"wp-block-paragraph\">Le premier d\u2019entre eux \u00e9tait une star de la radio nationale pendant les tueries. Hyacinthe Bicamumpaka \u00e9tait la voix officielle du r\u00e9gime g\u00e9nocidaire. Pendant que le g\u00e9nocide battait son plein, il le justifiait \u00e0 la radio en rappelant aux auditeurs que \u00ab les sanguinaires ont abattu l\u2019avion qui transportait notre chef de l\u2019Etat \u00bb.<\/p>\n\n\n\n<p class=\"wp-block-paragraph\">Il ne ratait aucune occasion pour justifier les massacres : \u00ab ce soir des coups de feu ont \u00e9t\u00e9 entendu dans les localit\u00e9s de nyamirambo et de rebero ou les forces arm\u00e9es rwandaises traquaient les inkotanyis qui s\u2019y seraient cach\u00e9s \u00bb.<\/p>\n\n\n\n<p class=\"wp-block-paragraph\">Un mois plus tard, il se faisait le porte voix du ministre de la d\u00e9fense et d\u00e9non\u00e7ait \u00e0 l\u2019antenne : \u00ab l\u2019ennemi qui continue \u00e0 exterminer les rwandais \u00bb et profitant pour inciter les auditeurs \u00ab de rester vigilants pour davantage se prot\u00e9ger.<\/p>\n\n\n\n<p class=\"wp-block-paragraph\">Aux barri\u00e8res et dans les rondes que vous faites, vous devez faire attention et v\u00e9rifier les identit\u00e9s de tous les passants \u00bb. Chose tr\u00e8s int\u00e9ressante, en juin 1994, dans une interview \u00e0 Jeune Afrique, Hyacinthe Bicamumpaka affirmait \u00ab m\u00eame si nous perdons cette bataille, nous reviendrons \u00bb et d\u2019ajouter, tel celui qui savait de quoi il parlait : \u00ab l\u2019ennemi r\u00e9gnera sur un d\u00e9sert \u00bb.<\/p>\n\n\n\n<p class=\"wp-block-paragraph\">Ces propos n\u2019\u00e9taient en rien pr\u00e9monitoires, il \u00e9tait au courant des \u00e9l\u00e9ments de la planification. Il \u00e9tait l\u2019alter ego de Kantano qui officiait sur la RTLM. Et quinze jours apr\u00e8s l\u2019interview, Bicamumpaka \u00e9tait bien au chaud en France.<\/p>\n\n\n\n<p class=\"wp-block-paragraph\">Loin de la gal\u00e8re de la population qu\u2019il avait chauff\u00e9e \u00e0 blanc. En 1995, on le retrouve dans un centre d\u2019accueil pour demandeurs d\u2019asile \u00ab CADA \u00bb situ\u00e9 dans le Sa\u00f4ne-et-Loire. Ses premiers d\u00e9boires arrivent avec le rejet de sa demande d\u2019asile par l\u2019Office Fran\u00e7ais de Protection des Refugi\u00e9s et Apatrides \u00ab OFPRA \u00bb en octobre 1997.<\/p>\n\n\n\n<p class=\"wp-block-paragraph\">L\u2019office a us\u00e9 de l\u2019article 1 er -F de la convention de Gen\u00e8ve, qui permet d\u2019exclure du statut de refugi\u00e9 les personnes suspect\u00e9es de g\u00e9nocide. Le m\u00eame article qui a \u00e9t\u00e9 oppos\u00e9 \u00e0 Agathe Habyarimana, la patronne de l\u2019akazu.<\/p>\n\n\n\n<p class=\"wp-block-paragraph\">Hyacinthe Bicamumpaka est \u00e2g\u00e9 aujourd\u2019hui de soixante cinq ans, il r\u00e9side toujours dans le Nord de la France.<\/p>\n\n\n\n<p class=\"wp-block-paragraph\">Le deuxi\u00e8me suspect c\u2019est Joseph Mushyandi, juriste qui naviguait dans les milieux catholiques les plus extr\u00eames. Il se faisait pass\u00e9 pour un d\u00e9fenseur des droits de l\u2019homme avec une association de couverture.<\/p>\n\n\n\n<p class=\"wp-block-paragraph\">Il est soup\u00e7onn\u00e9 d\u2019avoir particip\u00e9 personnellement dans les massacres \u00e0 Kigali et dans sa commune d\u2019origine.<\/p>\n\n\n\n<p class=\"wp-block-paragraph\">Un autre suspect est Anastase Rwabizambuga qui \u00e9tait employ\u00e9 au mobilier scolaire de Kigali. A l\u2019occasion de sa naturalisation en 1999, il en a profit\u00e9 pour changer de nom.<\/p>\n\n\n\n<p class=\"wp-block-paragraph\">Il r\u00e9side dans le d\u00e9partement des Hauts de Seine. Sauf que l\u2019\u00e9tat civil fourni pour d\u00e9poser sa soci\u00e9t\u00e9 de revente de pi\u00e8ces automobiles en 2007 correspond \u00e0 celui de la liste des suspects \u00e9tablis par le Rwanda en 1996.<\/p>\n\n\n\n<p class=\"wp-block-paragraph\">Beaucoup de questions viennent \u00e0 l\u2019esprit lorsqu\u2019on tombe sur des cas flagrants comme ceux-ci. Comment peuvent-ils s\u2019installer et vivre impun\u00e9ment en France pendant qu\u2019ils sont recherch\u00e9s pour g\u00e9nocide ?<\/p>\n\n\n\n<p class=\"wp-block-paragraph\">On se souvient de l\u2019attitude de la France de l\u2019\u00e9poque qui a permis l\u2019arriv\u00e9e d\u2019un grand nombre d\u2019entre eux. Pour information, l\u2019OFPRA est sous la tutelle du Minist\u00e8re des Affaires Etrang\u00e8res. On comprendra ais\u00e9ment les facilit\u00e9s dont ils ont b\u00e9n\u00e9fici\u00e9s.<\/p>\n\n\n\n<p class=\"wp-block-paragraph\">Au point ou nombre d\u2019entre eux ont int\u00e9gr\u00e9 les dispositifs fran\u00e7ais d\u2019accueil et d\u2019insertion des refugi\u00e9s. Un v\u00e9ritable appel d\u2019air. Et que ces derniers avaient organis\u00e9 l\u2019arriv\u00e9 des autres. Bien plus, la France avait demand\u00e9 \u00e0 des pays africains d\u2019accueillir ces pr\u00e9tendus refugi\u00e9s. Pour ceux d\u2019entre eux dont les demandes d\u2019asile sont rejet\u00e9s, hein bien, il n\u2019y a pas de suite judiciaire, ils peuvent vivre sans \u00eatre iniquit\u00e9.<\/p>\n\n\n\n<p class=\"wp-block-paragraph\">Madiapart qui a consult\u00e9 la jurisprudence de l\u2019OFPRA a identifi\u00e9 dix sept suspects de g\u00e9nocide sans poursuites p\u00e9nales \u00e0 ce jour. Les suspects du g\u00e9nocide contre les tutsis en France ne ch\u00f4ment pas.<\/p>\n\n\n\n<p class=\"wp-block-paragraph\">Ils sont tr\u00e8s investis dans leur r\u00e9seau associatif. En effet, ils se sont attel\u00e9s \u00e0 l\u2019implantation d\u2019un v\u00e9ritable r\u00e9seau militant. On se rappelle du Rassemblement pour le retour des refugi\u00e9s et la D\u00e9mocratie au Rwanda, \u00ab RDR \u00bb.<\/p>\n\n\n\n<p class=\"wp-block-paragraph\">Son document de travail pr\u00e9voyait d\u00e9j\u00e0 \u00ab la cr\u00e9ation des associations, servant de couverture aux activit\u00e9s de collecte ou de transit d\u2019argent \u00bb. Le Cercle de Solidarit\u00e9 des Rwandais de France \u00ab CSRF \u00bb prend naissance en France en aout 1995. Et ces associations affili\u00e9es vont fleurir un peu partout en France, trente une dans quinze d\u00e9partements : Paris, Essonne, Hauts de Seine, Val de Marne, Yvelines, Amiens, Bordeaux, Besan\u00e7on, Orl\u00e9ans, Le Havre, Lille, Lyon, Rennes, Reims, Rouen, Le Tarn, Strasbourg, Toulouse et Tours.<\/p>\n\n\n\n<p class=\"wp-block-paragraph\">Depuis leur arriv\u00e9 en France, c\u2019est-\u00e0-dire 1994, ces refugi\u00e9s devenus pour la plupart d\u2019entre eux Fran\u00e7ais, sont quadrill\u00e9s par un noyau d\u2019extr\u00e9mistes qui \u00e9touffe toute vell\u00e9it\u00e9 \u00e9chappant \u00e0 son contr\u00f4le. Et \u00ab une g\u00e9n\u00e9ration de jeunes Europ\u00e9ens d\u2019origine Rwandaise a grandi au sein de cette diaspora, fa\u00e7onn\u00e9s dans la ranc\u0153ur, berc\u00e9s par les mensonges et p\u00e9tris d\u2019id\u00e9ologie par ceux qui souhaitent \u00e0 tout prix \u00e9viter la r\u00e9conciliation des rwandais \u00bb.<\/p>\n\n\n\n<p class=\"wp-block-paragraph\">Cette situation a perdur\u00e9 gr\u00e2ce \u00e0 l\u2019impunit\u00e9 des g\u00e9nocidaires en France, le d\u00e9ni entretenu par les responsables politiques en France qui se sont m\u00eame fait l\u2019\u00e9cho d\u2019une campagne de d\u00e9sinformation et de propagande en vue de r\u00e9\u00e9crire l\u2019histoire.<\/p>\n\n\n\n<p class=\"wp-block-paragraph\">Theo Englebert n\u2019est pas \u00e0 son premier coup d\u2019\u00e9clat concernant les extr\u00e9mistes hutus en France. Nous lui devons une r\u00e9v\u00e9lation qui a valu la poursuite d\u2019un des militaires ex Far.<\/p>\n\n\n\n<p class=\"wp-block-paragraph\">En effet, dans un article \u00e9vocateur : \u00ab G\u00e9nocide au Rwanda : Aloys Ntiwiragabo, un vieux Monsieur si tranquille \u00bb A l\u2019issue de cet article, la justice fran\u00e7aise a ouvert le 25 juillet 2020 une enqu\u00eate pr\u00e9liminaire pour \u00ab crimes contre l\u2019humanit\u00e9 \u00bb contre Aloys Ntiwiragabo, ancien chef des renseignements militaires sous Habyarimana.<\/p>\n\n\n\n<p class=\"wp-block-paragraph\">En date du 11 d\u00e9cembre 2019, dans le journal Le Poulpe, il avait d\u00e9crit le r\u00e9seau mafieux des extr\u00e9mistes hutus \u00e0 Rouen, sous le titre : \u00ab Rouen et Seine Maritime, discr\u00e8tes bases arri\u00e8re des extr\u00e9mistes rwandais ces vingt derni\u00e8res ann\u00e9es \u00bb<\/p>\n\n\n\n<p class=\"wp-block-paragraph\">Le r\u00e9chauffement des relations entre la France et le Rwanda cons\u00e9cutif au rapport Duclert n\u2019est pas de nature de dissiper les nuages qui s\u2019assombrissent dans leur ciel.<\/p>\n\n\n\n<p class=\"wp-block-paragraph\"><strong>Enqu\u00eate de Mediapart relay\u00e9e par Ighei \/Titrage Congovirtuel&nbsp;<\/strong><\/p>\n","protected":false,"gt_translate_keys":[{"key":"rendered","format":"html"}]},"excerpt":{"rendered":"<p>&nbsp;Le&nbsp; \u00abHutu Power\u00bb a surv\u00e9cu en France \u00ab\u00a0une enqu\u00eate de Mediapart\u00a0\u00bb&nbsp; Selon les&nbsp; informations de Mediapart , trois personnes consid\u00e9r\u00e9es comme des \u00ab g\u00e9nocidaires de la premi\u00e8re cat\u00e9gorie \u00bb par le Rwanda vivent dans l\u2019Hexagone sans \u00eatre inqui\u00e9t\u00e9es. Parall\u00e8lement, la France a accueilli plusieurs centaines d\u2019extr\u00e9mistes rwandais, qui se sont organis\u00e9s dans des r\u00e9seaux associatifs \u00e0 travers le pays. Le journaliste fran\u00e7ais Theo Englebert publie dans M\u00e9diapart.fr du 19 mai 2021 des r\u00e9v\u00e9lations sur les circuits du hutu power en France depuis 1994. Selon les informations qu\u2019il en sa possession,&hellip;<\/p>\n","protected":false,"gt_translate_keys":[{"key":"rendered","format":"html"}]},"author":1,"featured_media":9380,"comment_status":"open","ping_status":"open","sticky":false,"template":"","format":"standard","meta":{"_crdt_document":"","footnotes":""},"categories":[11],"tags":[8070,8071],"class_list":["post-9556","post","type-post","status-publish","format-standard","has-post-thumbnail","hentry","category-rwanda","tag-hutu-power","tag-tutsi-power"],"gutentor_comment":0,"yoast_head":"<!-- This site is optimized with the Yoast SEO plugin v27.5 - https:\/\/yoast.com\/product\/yoast-seo-wordpress\/ -->\n<title>Alliance Kagame - Macron : Vers la fin du &quot;Hutu Power&quot; en France? - Actualit\u00e9s congolaises et internationales<\/title>\n<meta name=\"robots\" content=\"index, follow, max-snippet:-1, max-image-preview:large, max-video-preview:-1\" \/>\n<link rel=\"canonical\" href=\"https:\/\/congovirtuel.com\/information\/alliance-kagame-macron-vers-la-fin-du-hutu-power-en-france\/\" \/>\n<meta property=\"og:locale\" content=\"fr_FR\" \/>\n<meta property=\"og:type\" content=\"article\" \/>\n<meta property=\"og:title\" content=\"Alliance Kagame - Macron : Vers la fin du &quot;Hutu Power&quot; en France? - Actualit\u00e9s congolaises et internationales\" \/>\n<meta property=\"og:description\" content=\"&nbsp;Le&nbsp; \u00abHutu Power\u00bb a surv\u00e9cu en France \u00ab\u00a0une enqu\u00eate de Mediapart\u00a0\u00bb&nbsp; Selon les&nbsp; informations de Mediapart , trois personnes consid\u00e9r\u00e9es comme des \u00ab g\u00e9nocidaires de la premi\u00e8re cat\u00e9gorie \u00bb par le Rwanda vivent dans l\u2019Hexagone sans \u00eatre inqui\u00e9t\u00e9es. Parall\u00e8lement, la France a accueilli plusieurs centaines d\u2019extr\u00e9mistes rwandais, qui se sont organis\u00e9s dans des r\u00e9seaux associatifs \u00e0 travers le pays. Le journaliste fran\u00e7ais Theo Englebert publie dans M\u00e9diapart.fr du 19 mai 2021 des r\u00e9v\u00e9lations sur les circuits du hutu power en France depuis 1994. Selon les informations qu\u2019il en sa possession,&hellip;\" \/>\n<meta property=\"og:url\" content=\"https:\/\/congovirtuel.com\/information\/alliance-kagame-macron-vers-la-fin-du-hutu-power-en-france\/\" \/>\n<meta property=\"og:site_name\" content=\"Actualit\u00e9s congolaises et internationales\" \/>\n<meta property=\"article:publisher\" content=\"https:\/\/web.facebook.com\/Congovirtuel-763617960319601\/?ref=aymt_homepage_panel&amp;amp%3bamp%3bamp%3bamp%3bamp%3bamp%3bamp%3bamp%3bamp%3bamp%3bamp%3beid=ARCoxULa66767kIgF_KYav6VdjXTI4yk_LW4yoVO9s6NXpysgb7Cb65vpxcxgqzOAKvIbLQxaAETcqHT\" \/>\n<meta property=\"article:published_time\" content=\"2021-05-24T06:52:20+00:00\" \/>\n<meta property=\"article:modified_time\" content=\"2021-05-24T06:52:24+00:00\" \/>\n<meta property=\"og:image\" content=\"https:\/\/congovirtuel.com\/information\/wp-content\/uploads\/2021\/05\/Kagame_macron2-1200-x-700.jpg\" \/>\n\t<meta property=\"og:image:width\" content=\"1200\" \/>\n\t<meta property=\"og:image:height\" content=\"700\" \/>\n\t<meta property=\"og:image:type\" content=\"image\/jpeg\" \/>\n<meta name=\"author\" content=\"infocongovirtuel\" \/>\n<meta name=\"twitter:card\" content=\"summary_large_image\" \/>\n<meta name=\"twitter:creator\" content=\"@congovirtuel\" \/>\n<meta name=\"twitter:site\" content=\"@congovirtuel\" \/>\n<meta name=\"twitter:label1\" content=\"\u00c9crit par\" \/>\n\t<meta name=\"twitter:data1\" content=\"infocongovirtuel\" \/>\n\t<meta name=\"twitter:label2\" content=\"Dur\u00e9e de lecture estim\u00e9e\" \/>\n\t<meta name=\"twitter:data2\" content=\"5 minutes\" \/>\n<script type=\"application\/ld+json\" class=\"yoast-schema-graph\">{\"@context\":\"https:\\\/\\\/schema.org\",\"@graph\":[{\"@type\":\"Article\",\"@id\":\"https:\\\/\\\/congovirtuel.com\\\/information\\\/alliance-kagame-macron-vers-la-fin-du-hutu-power-en-france\\\/#article\",\"isPartOf\":{\"@id\":\"https:\\\/\\\/congovirtuel.com\\\/information\\\/alliance-kagame-macron-vers-la-fin-du-hutu-power-en-france\\\/\"},\"author\":{\"name\":\"infocongovirtuel\",\"@id\":\"https:\\\/\\\/congovirtuel.com\\\/information\\\/#\\\/schema\\\/person\\\/739a44bf7990966cb53d58d2fdeca0b6\"},\"headline\":\"Alliance Kagame &#8211; Macron : Vers la fin du \u00ab\u00a0Hutu Power\u00a0\u00bb en France?\",\"datePublished\":\"2021-05-24T06:52:20+00:00\",\"dateModified\":\"2021-05-24T06:52:24+00:00\",\"mainEntityOfPage\":{\"@id\":\"https:\\\/\\\/congovirtuel.com\\\/information\\\/alliance-kagame-macron-vers-la-fin-du-hutu-power-en-france\\\/\"},\"wordCount\":1324,\"commentCount\":0,\"publisher\":{\"@id\":\"https:\\\/\\\/congovirtuel.com\\\/information\\\/#organization\"},\"image\":{\"@id\":\"https:\\\/\\\/congovirtuel.com\\\/information\\\/alliance-kagame-macron-vers-la-fin-du-hutu-power-en-france\\\/#primaryimage\"},\"thumbnailUrl\":\"https:\\\/\\\/congovirtuel.com\\\/information\\\/wp-content\\\/uploads\\\/2021\\\/05\\\/Kagame_macron2-1200-x-700.jpg\",\"keywords\":[\"Hutu power\",\"Tutsi power\"],\"articleSection\":[\"Rwanda\"],\"inLanguage\":\"fr-FR\",\"potentialAction\":[{\"@type\":\"CommentAction\",\"name\":\"Comment\",\"target\":[\"https:\\\/\\\/congovirtuel.com\\\/information\\\/alliance-kagame-macron-vers-la-fin-du-hutu-power-en-france\\\/#respond\"]}]},{\"@type\":\"WebPage\",\"@id\":\"https:\\\/\\\/congovirtuel.com\\\/information\\\/alliance-kagame-macron-vers-la-fin-du-hutu-power-en-france\\\/\",\"url\":\"https:\\\/\\\/congovirtuel.com\\\/information\\\/alliance-kagame-macron-vers-la-fin-du-hutu-power-en-france\\\/\",\"name\":\"Alliance Kagame - Macron : Vers la fin du \\\"Hutu Power\\\" en France? - Actualit\u00e9s congolaises et internationales\",\"isPartOf\":{\"@id\":\"https:\\\/\\\/congovirtuel.com\\\/information\\\/#website\"},\"primaryImageOfPage\":{\"@id\":\"https:\\\/\\\/congovirtuel.com\\\/information\\\/alliance-kagame-macron-vers-la-fin-du-hutu-power-en-france\\\/#primaryimage\"},\"image\":{\"@id\":\"https:\\\/\\\/congovirtuel.com\\\/information\\\/alliance-kagame-macron-vers-la-fin-du-hutu-power-en-france\\\/#primaryimage\"},\"thumbnailUrl\":\"https:\\\/\\\/congovirtuel.com\\\/information\\\/wp-content\\\/uploads\\\/2021\\\/05\\\/Kagame_macron2-1200-x-700.jpg\",\"datePublished\":\"2021-05-24T06:52:20+00:00\",\"dateModified\":\"2021-05-24T06:52:24+00:00\",\"breadcrumb\":{\"@id\":\"https:\\\/\\\/congovirtuel.com\\\/information\\\/alliance-kagame-macron-vers-la-fin-du-hutu-power-en-france\\\/#breadcrumb\"},\"inLanguage\":\"fr-FR\",\"potentialAction\":[{\"@type\":\"ReadAction\",\"target\":[\"https:\\\/\\\/congovirtuel.com\\\/information\\\/alliance-kagame-macron-vers-la-fin-du-hutu-power-en-france\\\/\"]}]},{\"@type\":\"ImageObject\",\"inLanguage\":\"fr-FR\",\"@id\":\"https:\\\/\\\/congovirtuel.com\\\/information\\\/alliance-kagame-macron-vers-la-fin-du-hutu-power-en-france\\\/#primaryimage\",\"url\":\"https:\\\/\\\/congovirtuel.com\\\/information\\\/wp-content\\\/uploads\\\/2021\\\/05\\\/Kagame_macron2-1200-x-700.jpg\",\"contentUrl\":\"https:\\\/\\\/congovirtuel.com\\\/information\\\/wp-content\\\/uploads\\\/2021\\\/05\\\/Kagame_macron2-1200-x-700.jpg\",\"width\":1200,\"height\":700},{\"@type\":\"BreadcrumbList\",\"@id\":\"https:\\\/\\\/congovirtuel.com\\\/information\\\/alliance-kagame-macron-vers-la-fin-du-hutu-power-en-france\\\/#breadcrumb\",\"itemListElement\":[{\"@type\":\"ListItem\",\"position\":1,\"name\":\"Accueil\",\"item\":\"https:\\\/\\\/congovirtuel.com\\\/information\\\/\"},{\"@type\":\"ListItem\",\"position\":2,\"name\":\"Alliance Kagame &#8211; Macron : Vers la fin du \u00ab\u00a0Hutu Power\u00a0\u00bb en France?\"}]},{\"@type\":\"WebSite\",\"@id\":\"https:\\\/\\\/congovirtuel.com\\\/information\\\/#website\",\"url\":\"https:\\\/\\\/congovirtuel.com\\\/information\\\/\",\"name\":\"Actualit\u00e9s congolaises et internationales\",\"description\":\"site d&#039;analyse et de traitement d&#039;information\",\"publisher\":{\"@id\":\"https:\\\/\\\/congovirtuel.com\\\/information\\\/#organization\"},\"potentialAction\":[{\"@type\":\"SearchAction\",\"target\":{\"@type\":\"EntryPoint\",\"urlTemplate\":\"https:\\\/\\\/congovirtuel.com\\\/information\\\/?s={search_term_string}\"},\"query-input\":{\"@type\":\"PropertyValueSpecification\",\"valueRequired\":true,\"valueName\":\"search_term_string\"}}],\"inLanguage\":\"fr-FR\"},{\"@type\":\"Organization\",\"@id\":\"https:\\\/\\\/congovirtuel.com\\\/information\\\/#organization\",\"name\":\"Biblioth\u00e8que Virtuelle de la RDC\",\"url\":\"https:\\\/\\\/congovirtuel.com\\\/information\\\/\",\"logo\":{\"@type\":\"ImageObject\",\"inLanguage\":\"fr-FR\",\"@id\":\"https:\\\/\\\/congovirtuel.com\\\/information\\\/#\\\/schema\\\/logo\\\/image\\\/\",\"url\":\"https:\\\/\\\/congovirtuel.com\\\/information\\\/wp-content\\\/uploads\\\/2018\\\/10\\\/header-info-congovirtuel-vraie.jpg\",\"contentUrl\":\"https:\\\/\\\/congovirtuel.com\\\/information\\\/wp-content\\\/uploads\\\/2018\\\/10\\\/header-info-congovirtuel-vraie.jpg\",\"width\":728,\"height\":90,\"caption\":\"Biblioth\u00e8que Virtuelle de la RDC\"},\"image\":{\"@id\":\"https:\\\/\\\/congovirtuel.com\\\/information\\\/#\\\/schema\\\/logo\\\/image\\\/\"},\"sameAs\":[\"https:\\\/\\\/web.facebook.com\\\/Congovirtuel-763617960319601\\\/?ref=aymt_homepage_panel&amp;amp;amp;amp;amp;amp;amp;amp;amp;amp;amp;eid=ARCoxULa66767kIgF_KYav6VdjXTI4yk_LW4yoVO9s6NXpysgb7Cb65vpxcxgqzOAKvIbLQxaAETcqHT\",\"https:\\\/\\\/x.com\\\/congovirtuel\",\"https:\\\/\\\/www.youtube.com\\\/channel\\\/UCkFfprYzGgS3EWNpeMXpToQ?view_as=subscriber\"]},{\"@type\":\"Person\",\"@id\":\"https:\\\/\\\/congovirtuel.com\\\/information\\\/#\\\/schema\\\/person\\\/739a44bf7990966cb53d58d2fdeca0b6\",\"name\":\"infocongovirtuel\",\"image\":{\"@type\":\"ImageObject\",\"inLanguage\":\"fr-FR\",\"@id\":\"https:\\\/\\\/secure.gravatar.com\\\/avatar\\\/4d76991aa72469f0eb22e772586c99113c6997f88da636a9db8f2ce3a2c05e69?s=96&d=mm&r=g\",\"url\":\"https:\\\/\\\/secure.gravatar.com\\\/avatar\\\/4d76991aa72469f0eb22e772586c99113c6997f88da636a9db8f2ce3a2c05e69?s=96&d=mm&r=g\",\"contentUrl\":\"https:\\\/\\\/secure.gravatar.com\\\/avatar\\\/4d76991aa72469f0eb22e772586c99113c6997f88da636a9db8f2ce3a2c05e69?s=96&d=mm&r=g\",\"caption\":\"infocongovirtuel\"},\"url\":\"https:\\\/\\\/congovirtuel.com\\\/information\\\/author\\\/infocongovirtuel\\\/\"}]}<\/script>\n<!-- \/ Yoast SEO plugin. -->","yoast_head_json":{"title":"Alliance Kagame - Macron : Vers la fin du \"Hutu Power\" en France? - Actualit\u00e9s congolaises et internationales","robots":{"index":"index","follow":"follow","max-snippet":"max-snippet:-1","max-image-preview":"max-image-preview:large","max-video-preview":"max-video-preview:-1"},"canonical":"https:\/\/congovirtuel.com\/information\/alliance-kagame-macron-vers-la-fin-du-hutu-power-en-france\/","og_locale":"fr_FR","og_type":"article","og_title":"Alliance Kagame - Macron : Vers la fin du \"Hutu Power\" en France? - Actualit\u00e9s congolaises et internationales","og_description":"&nbsp;Le&nbsp; \u00abHutu Power\u00bb a surv\u00e9cu en France \u00ab\u00a0une enqu\u00eate de Mediapart\u00a0\u00bb&nbsp; Selon les&nbsp; informations de Mediapart , trois personnes consid\u00e9r\u00e9es comme des \u00ab g\u00e9nocidaires de la premi\u00e8re cat\u00e9gorie \u00bb par le Rwanda vivent dans l\u2019Hexagone sans \u00eatre inqui\u00e9t\u00e9es. Parall\u00e8lement, la France a accueilli plusieurs centaines d\u2019extr\u00e9mistes rwandais, qui se sont organis\u00e9s dans des r\u00e9seaux associatifs \u00e0 travers le pays. Le journaliste fran\u00e7ais Theo Englebert publie dans M\u00e9diapart.fr du 19 mai 2021 des r\u00e9v\u00e9lations sur les circuits du hutu power en France depuis 1994. Selon les informations qu\u2019il en sa possession,&hellip;","og_url":"https:\/\/congovirtuel.com\/information\/alliance-kagame-macron-vers-la-fin-du-hutu-power-en-france\/","og_site_name":"Actualit\u00e9s congolaises et internationales","article_publisher":"https:\/\/web.facebook.com\/Congovirtuel-763617960319601\/?ref=aymt_homepage_panel&amp%3bamp%3bamp%3bamp%3bamp%3bamp%3bamp%3bamp%3bamp%3bamp%3bamp%3beid=ARCoxULa66767kIgF_KYav6VdjXTI4yk_LW4yoVO9s6NXpysgb7Cb65vpxcxgqzOAKvIbLQxaAETcqHT","article_published_time":"2021-05-24T06:52:20+00:00","article_modified_time":"2021-05-24T06:52:24+00:00","og_image":[{"width":1200,"height":700,"url":"https:\/\/congovirtuel.com\/information\/wp-content\/uploads\/2021\/05\/Kagame_macron2-1200-x-700.jpg","type":"image\/jpeg"}],"author":"infocongovirtuel","twitter_card":"summary_large_image","twitter_creator":"@congovirtuel","twitter_site":"@congovirtuel","twitter_misc":{"\u00c9crit par":"infocongovirtuel","Dur\u00e9e de lecture estim\u00e9e":"5 minutes"},"schema":{"@context":"https:\/\/schema.org","@graph":[{"@type":"Article","@id":"https:\/\/congovirtuel.com\/information\/alliance-kagame-macron-vers-la-fin-du-hutu-power-en-france\/#article","isPartOf":{"@id":"https:\/\/congovirtuel.com\/information\/alliance-kagame-macron-vers-la-fin-du-hutu-power-en-france\/"},"author":{"name":"infocongovirtuel","@id":"https:\/\/congovirtuel.com\/information\/#\/schema\/person\/739a44bf7990966cb53d58d2fdeca0b6"},"headline":"Alliance Kagame &#8211; Macron : Vers la fin du \u00ab\u00a0Hutu Power\u00a0\u00bb en France?","datePublished":"2021-05-24T06:52:20+00:00","dateModified":"2021-05-24T06:52:24+00:00","mainEntityOfPage":{"@id":"https:\/\/congovirtuel.com\/information\/alliance-kagame-macron-vers-la-fin-du-hutu-power-en-france\/"},"wordCount":1324,"commentCount":0,"publisher":{"@id":"https:\/\/congovirtuel.com\/information\/#organization"},"image":{"@id":"https:\/\/congovirtuel.com\/information\/alliance-kagame-macron-vers-la-fin-du-hutu-power-en-france\/#primaryimage"},"thumbnailUrl":"https:\/\/congovirtuel.com\/information\/wp-content\/uploads\/2021\/05\/Kagame_macron2-1200-x-700.jpg","keywords":["Hutu power","Tutsi power"],"articleSection":["Rwanda"],"inLanguage":"fr-FR","potentialAction":[{"@type":"CommentAction","name":"Comment","target":["https:\/\/congovirtuel.com\/information\/alliance-kagame-macron-vers-la-fin-du-hutu-power-en-france\/#respond"]}]},{"@type":"WebPage","@id":"https:\/\/congovirtuel.com\/information\/alliance-kagame-macron-vers-la-fin-du-hutu-power-en-france\/","url":"https:\/\/congovirtuel.com\/information\/alliance-kagame-macron-vers-la-fin-du-hutu-power-en-france\/","name":"Alliance Kagame - Macron : Vers la fin du \"Hutu Power\" en France? - Actualit\u00e9s congolaises et internationales","isPartOf":{"@id":"https:\/\/congovirtuel.com\/information\/#website"},"primaryImageOfPage":{"@id":"https:\/\/congovirtuel.com\/information\/alliance-kagame-macron-vers-la-fin-du-hutu-power-en-france\/#primaryimage"},"image":{"@id":"https:\/\/congovirtuel.com\/information\/alliance-kagame-macron-vers-la-fin-du-hutu-power-en-france\/#primaryimage"},"thumbnailUrl":"https:\/\/congovirtuel.com\/information\/wp-content\/uploads\/2021\/05\/Kagame_macron2-1200-x-700.jpg","datePublished":"2021-05-24T06:52:20+00:00","dateModified":"2021-05-24T06:52:24+00:00","breadcrumb":{"@id":"https:\/\/congovirtuel.com\/information\/alliance-kagame-macron-vers-la-fin-du-hutu-power-en-france\/#breadcrumb"},"inLanguage":"fr-FR","potentialAction":[{"@type":"ReadAction","target":["https:\/\/congovirtuel.com\/information\/alliance-kagame-macron-vers-la-fin-du-hutu-power-en-france\/"]}]},{"@type":"ImageObject","inLanguage":"fr-FR","@id":"https:\/\/congovirtuel.com\/information\/alliance-kagame-macron-vers-la-fin-du-hutu-power-en-france\/#primaryimage","url":"https:\/\/congovirtuel.com\/information\/wp-content\/uploads\/2021\/05\/Kagame_macron2-1200-x-700.jpg","contentUrl":"https:\/\/congovirtuel.com\/information\/wp-content\/uploads\/2021\/05\/Kagame_macron2-1200-x-700.jpg","width":1200,"height":700},{"@type":"BreadcrumbList","@id":"https:\/\/congovirtuel.com\/information\/alliance-kagame-macron-vers-la-fin-du-hutu-power-en-france\/#breadcrumb","itemListElement":[{"@type":"ListItem","position":1,"name":"Accueil","item":"https:\/\/congovirtuel.com\/information\/"},{"@type":"ListItem","position":2,"name":"Alliance Kagame &#8211; Macron : Vers la fin du \u00ab\u00a0Hutu Power\u00a0\u00bb en France?"}]},{"@type":"WebSite","@id":"https:\/\/congovirtuel.com\/information\/#website","url":"https:\/\/congovirtuel.com\/information\/","name":"Actualit\u00e9s congolaises et internationales","description":"site d&#039;analyse et de traitement d&#039;information","publisher":{"@id":"https:\/\/congovirtuel.com\/information\/#organization"},"potentialAction":[{"@type":"SearchAction","target":{"@type":"EntryPoint","urlTemplate":"https:\/\/congovirtuel.com\/information\/?s={search_term_string}"},"query-input":{"@type":"PropertyValueSpecification","valueRequired":true,"valueName":"search_term_string"}}],"inLanguage":"fr-FR"},{"@type":"Organization","@id":"https:\/\/congovirtuel.com\/information\/#organization","name":"Biblioth\u00e8que Virtuelle de la RDC","url":"https:\/\/congovirtuel.com\/information\/","logo":{"@type":"ImageObject","inLanguage":"fr-FR","@id":"https:\/\/congovirtuel.com\/information\/#\/schema\/logo\/image\/","url":"https:\/\/congovirtuel.com\/information\/wp-content\/uploads\/2018\/10\/header-info-congovirtuel-vraie.jpg","contentUrl":"https:\/\/congovirtuel.com\/information\/wp-content\/uploads\/2018\/10\/header-info-congovirtuel-vraie.jpg","width":728,"height":90,"caption":"Biblioth\u00e8que Virtuelle de la RDC"},"image":{"@id":"https:\/\/congovirtuel.com\/information\/#\/schema\/logo\/image\/"},"sameAs":["https:\/\/web.facebook.com\/Congovirtuel-763617960319601\/?ref=aymt_homepage_panel&amp;amp;amp;amp;amp;amp;amp;amp;amp;amp;amp;eid=ARCoxULa66767kIgF_KYav6VdjXTI4yk_LW4yoVO9s6NXpysgb7Cb65vpxcxgqzOAKvIbLQxaAETcqHT","https:\/\/x.com\/congovirtuel","https:\/\/www.youtube.com\/channel\/UCkFfprYzGgS3EWNpeMXpToQ?view_as=subscriber"]},{"@type":"Person","@id":"https:\/\/congovirtuel.com\/information\/#\/schema\/person\/739a44bf7990966cb53d58d2fdeca0b6","name":"infocongovirtuel","image":{"@type":"ImageObject","inLanguage":"fr-FR","@id":"https:\/\/secure.gravatar.com\/avatar\/4d76991aa72469f0eb22e772586c99113c6997f88da636a9db8f2ce3a2c05e69?s=96&d=mm&r=g","url":"https:\/\/secure.gravatar.com\/avatar\/4d76991aa72469f0eb22e772586c99113c6997f88da636a9db8f2ce3a2c05e69?s=96&d=mm&r=g","contentUrl":"https:\/\/secure.gravatar.com\/avatar\/4d76991aa72469f0eb22e772586c99113c6997f88da636a9db8f2ce3a2c05e69?s=96&d=mm&r=g","caption":"infocongovirtuel"},"url":"https:\/\/congovirtuel.com\/information\/author\/infocongovirtuel\/"}]}},"gt_translate_keys":[{"key":"link","format":"url"}],"_links":{"self":[{"href":"https:\/\/congovirtuel.com\/information\/wp-json\/wp\/v2\/posts\/9556","targetHints":{"allow":["GET"]}}],"collection":[{"href":"https:\/\/congovirtuel.com\/information\/wp-json\/wp\/v2\/posts"}],"about":[{"href":"https:\/\/congovirtuel.com\/information\/wp-json\/wp\/v2\/types\/post"}],"author":[{"embeddable":true,"href":"https:\/\/congovirtuel.com\/information\/wp-json\/wp\/v2\/users\/1"}],"replies":[{"embeddable":true,"href":"https:\/\/congovirtuel.com\/information\/wp-json\/wp\/v2\/comments?post=9556"}],"version-history":[{"count":1,"href":"https:\/\/congovirtuel.com\/information\/wp-json\/wp\/v2\/posts\/9556\/revisions"}],"predecessor-version":[{"id":9557,"href":"https:\/\/congovirtuel.com\/information\/wp-json\/wp\/v2\/posts\/9556\/revisions\/9557"}],"wp:featuredmedia":[{"embeddable":true,"href":"https:\/\/congovirtuel.com\/information\/wp-json\/wp\/v2\/media\/9380"}],"wp:attachment":[{"href":"https:\/\/congovirtuel.com\/information\/wp-json\/wp\/v2\/media?parent=9556"}],"wp:term":[{"taxonomy":"category","embeddable":true,"href":"https:\/\/congovirtuel.com\/information\/wp-json\/wp\/v2\/categories?post=9556"},{"taxonomy":"post_tag","embeddable":true,"href":"https:\/\/congovirtuel.com\/information\/wp-json\/wp\/v2\/tags?post=9556"}],"curies":[{"name":"wp","href":"https:\/\/api.w.org\/{rel}","templated":true}]}}