{"id":9588,"date":"2021-05-24T17:34:29","date_gmt":"2021-05-24T16:34:29","guid":{"rendered":"https:\/\/congovirtuel.com\/information\/?p=9588"},"modified":"2021-05-24T17:34:33","modified_gmt":"2021-05-24T16:34:33","slug":"le-rwanda-secoue-par-deux-seismes","status":"publish","type":"post","link":"https:\/\/congovirtuel.com\/information\/le-rwanda-secoue-par-deux-seismes\/","title":{"rendered":"Le Rwanda secou\u00e9 par deux s\u00e9ismes","gt_translate_keys":[{"key":"rendered","format":"text"}]},"content":{"rendered":"\n<p class=\"wp-block-paragraph\">La ville de Gisenyi au Rwanda, proche de Goma, a \u00e9t\u00e9 secou\u00e9e la nuit derni\u00e8re par un s\u00e9isme de magnitude 4,5 sur l\u2019\u00e9chelle de Richter, a annonc\u00e9 le centre am\u00e9ricain de surveillance United State G\u00e9ological Survey.<\/p>\n\n\n\n<p class=\"wp-block-paragraph\">Selon ce centre, l\u2019\u00e9picentre de la secousse a \u00e9t\u00e9 localis\u00e9 \u00e0 10 km de profondeur, avec des r\u00e9percussions sur la ville voisine de Goma.<\/p>\n\n\n\n<p class=\"wp-block-paragraph\">De son c\u00f4t\u00e9, le Service rwandais de surveillance a fait \u00e9tat le m\u00eame lundi, d\u2019un deuxi\u00e8me s\u00e9isme de magnitude 5,1 en provenance du Lac Kivu, qui a affect\u00e9 la ville de Rubavu, causant notamment la mort d\u2019une personne dans une salle de coiffure de la ville. Des t\u00e9moins ont constat\u00e9 des fissures sur les fa\u00e7ades de certains b\u00e2timents et maisons d\u2019habitation.<\/p>\n\n\n\n<figure class=\"wp-block-image\"><img decoding=\"async\" src=\"https:\/\/infocongo.net\/wp-content\/uploads\/2021\/05\/seisme-rwanda-1-882x1024.jpg\" alt=\"\" class=\"wp-image-67413\"\/><figcaption>Maison d\u2019habitation endommag\u00e9e au Rwanda apr\u00e8s un s\u00e9isme<\/figcaption><\/figure>\n\n\n\n<p class=\"wp-block-paragraph\">Depuis l\u2019\u00e9ruption volcanique du Nyiragongo samedi 22 mai dernier, qui a caus\u00e9 la destruction des villages aux environs de Goma, les agglom\u00e9rations riveraines du Nyiragongo, sont l\u2019objet des r\u00e9pliques r\u00e9currentes de tremblements de terre, qui font craindre une r\u00e9surgence du volcan, synonyme de nouvelles coul\u00e9es de laves meurtri\u00e8res dans les agglom\u00e9rations voisines de la RDC et du Rwanda.<\/p>\n\n\n\n<p class=\"wp-block-paragraph\"><strong>Infocongo<\/strong><\/p>\n","protected":false,"gt_translate_keys":[{"key":"rendered","format":"html"}]},"excerpt":{"rendered":"<p>La ville de Gisenyi au Rwanda, proche de Goma, a \u00e9t\u00e9 secou\u00e9e la nuit derni\u00e8re par un s\u00e9isme de magnitude 4,5 sur l\u2019\u00e9chelle de Richter, a annonc\u00e9 le centre am\u00e9ricain de surveillance United State G\u00e9ological Survey. Selon ce centre, l\u2019\u00e9picentre de la secousse a \u00e9t\u00e9 localis\u00e9 \u00e0 10 km de profondeur, avec des r\u00e9percussions sur la ville voisine de Goma. De son c\u00f4t\u00e9, le Service rwandais de surveillance a fait \u00e9tat le m\u00eame lundi, d\u2019un deuxi\u00e8me s\u00e9isme de magnitude 5,1 en provenance du Lac Kivu, qui a affect\u00e9 la ville&hellip;<\/p>\n","protected":false,"gt_translate_keys":[{"key":"rendered","format":"html"}]},"author":1,"featured_media":9589,"comment_status":"open","ping_status":"open","sticky":false,"template":"","format":"standard","meta":{"_crdt_document":"","footnotes":""},"categories":[8053],"tags":[8088,8089],"class_list":["post-9588","post","type-post","status-publish","format-standard","has-post-thumbnail","hentry","category-catastrophes","tag-seisme-au-rwanda","tag-tremblement-de-terre-rwanda"],"gutentor_comment":0,"yoast_head":"<!-- This site is optimized with the Yoast SEO plugin v27.5 - https:\/\/yoast.com\/product\/yoast-seo-wordpress\/ -->\n<title>Le Rwanda secou\u00e9 par deux s\u00e9ismes - Actualit\u00e9s congolaises et internationales<\/title>\n<meta name=\"robots\" content=\"index, follow, max-snippet:-1, max-image-preview:large, max-video-preview:-1\" \/>\n<link rel=\"canonical\" href=\"https:\/\/congovirtuel.com\/information\/le-rwanda-secoue-par-deux-seismes\/\" \/>\n<meta property=\"og:locale\" content=\"fr_FR\" \/>\n<meta property=\"og:type\" content=\"article\" \/>\n<meta property=\"og:title\" content=\"Le Rwanda secou\u00e9 par deux s\u00e9ismes - Actualit\u00e9s congolaises et internationales\" \/>\n<meta property=\"og:description\" content=\"La ville de Gisenyi au Rwanda, proche de Goma, a \u00e9t\u00e9 secou\u00e9e la nuit derni\u00e8re par un s\u00e9isme de magnitude 4,5 sur l\u2019\u00e9chelle de Richter, a annonc\u00e9 le centre am\u00e9ricain de surveillance United State G\u00e9ological Survey. Selon ce centre, l\u2019\u00e9picentre de la secousse a \u00e9t\u00e9 localis\u00e9 \u00e0 10 km de profondeur, avec des r\u00e9percussions sur la ville voisine de Goma. De son c\u00f4t\u00e9, le Service rwandais de surveillance a fait \u00e9tat le m\u00eame lundi, d\u2019un deuxi\u00e8me s\u00e9isme de magnitude 5,1 en provenance du Lac Kivu, qui a affect\u00e9 la ville&hellip;\" \/>\n<meta property=\"og:url\" content=\"https:\/\/congovirtuel.com\/information\/le-rwanda-secoue-par-deux-seismes\/\" \/>\n<meta property=\"og:site_name\" content=\"Actualit\u00e9s congolaises et internationales\" \/>\n<meta property=\"article:publisher\" content=\"https:\/\/web.facebook.com\/Congovirtuel-763617960319601\/?ref=aymt_homepage_panel&amp;amp%3bamp%3bamp%3bamp%3bamp%3bamp%3bamp%3bamp%3bamp%3bamp%3bamp%3beid=ARCoxULa66767kIgF_KYav6VdjXTI4yk_LW4yoVO9s6NXpysgb7Cb65vpxcxgqzOAKvIbLQxaAETcqHT\" \/>\n<meta property=\"article:published_time\" content=\"2021-05-24T16:34:29+00:00\" \/>\n<meta property=\"article:modified_time\" content=\"2021-05-24T16:34:33+00:00\" \/>\n<meta property=\"og:image\" content=\"https:\/\/congovirtuel.com\/information\/wp-content\/uploads\/2021\/05\/mur_rwanda.jpg\" \/>\n\t<meta property=\"og:image:width\" content=\"898\" \/>\n\t<meta property=\"og:image:height\" content=\"560\" \/>\n\t<meta property=\"og:image:type\" content=\"image\/jpeg\" \/>\n<meta name=\"author\" content=\"infocongovirtuel\" \/>\n<meta name=\"twitter:card\" content=\"summary_large_image\" \/>\n<meta name=\"twitter:creator\" content=\"@congovirtuel\" \/>\n<meta name=\"twitter:site\" content=\"@congovirtuel\" \/>\n<meta name=\"twitter:label1\" content=\"\u00c9crit par\" \/>\n\t<meta name=\"twitter:data1\" content=\"infocongovirtuel\" \/>\n\t<meta name=\"twitter:label2\" content=\"Dur\u00e9e de lecture estim\u00e9e\" \/>\n\t<meta name=\"twitter:data2\" content=\"2 minutes\" \/>\n<script type=\"application\/ld+json\" class=\"yoast-schema-graph\">{\"@context\":\"https:\\\/\\\/schema.org\",\"@graph\":[{\"@type\":\"Article\",\"@id\":\"https:\\\/\\\/congovirtuel.com\\\/information\\\/le-rwanda-secoue-par-deux-seismes\\\/#article\",\"isPartOf\":{\"@id\":\"https:\\\/\\\/congovirtuel.com\\\/information\\\/le-rwanda-secoue-par-deux-seismes\\\/\"},\"author\":{\"name\":\"infocongovirtuel\",\"@id\":\"https:\\\/\\\/congovirtuel.com\\\/information\\\/#\\\/schema\\\/person\\\/739a44bf7990966cb53d58d2fdeca0b6\"},\"headline\":\"Le Rwanda secou\u00e9 par deux s\u00e9ismes\",\"datePublished\":\"2021-05-24T16:34:29+00:00\",\"dateModified\":\"2021-05-24T16:34:33+00:00\",\"mainEntityOfPage\":{\"@id\":\"https:\\\/\\\/congovirtuel.com\\\/information\\\/le-rwanda-secoue-par-deux-seismes\\\/\"},\"wordCount\":221,\"commentCount\":0,\"publisher\":{\"@id\":\"https:\\\/\\\/congovirtuel.com\\\/information\\\/#organization\"},\"image\":{\"@id\":\"https:\\\/\\\/congovirtuel.com\\\/information\\\/le-rwanda-secoue-par-deux-seismes\\\/#primaryimage\"},\"thumbnailUrl\":\"https:\\\/\\\/congovirtuel.com\\\/information\\\/wp-content\\\/uploads\\\/2021\\\/05\\\/mur_rwanda.jpg\",\"keywords\":[\"S\u00e9isme au Rwanda\",\"tremblement de terre Rwanda\"],\"articleSection\":[\"Catastrophes\"],\"inLanguage\":\"fr-FR\",\"potentialAction\":[{\"@type\":\"CommentAction\",\"name\":\"Comment\",\"target\":[\"https:\\\/\\\/congovirtuel.com\\\/information\\\/le-rwanda-secoue-par-deux-seismes\\\/#respond\"]}]},{\"@type\":\"WebPage\",\"@id\":\"https:\\\/\\\/congovirtuel.com\\\/information\\\/le-rwanda-secoue-par-deux-seismes\\\/\",\"url\":\"https:\\\/\\\/congovirtuel.com\\\/information\\\/le-rwanda-secoue-par-deux-seismes\\\/\",\"name\":\"Le Rwanda secou\u00e9 par deux s\u00e9ismes - Actualit\u00e9s congolaises et internationales\",\"isPartOf\":{\"@id\":\"https:\\\/\\\/congovirtuel.com\\\/information\\\/#website\"},\"primaryImageOfPage\":{\"@id\":\"https:\\\/\\\/congovirtuel.com\\\/information\\\/le-rwanda-secoue-par-deux-seismes\\\/#primaryimage\"},\"image\":{\"@id\":\"https:\\\/\\\/congovirtuel.com\\\/information\\\/le-rwanda-secoue-par-deux-seismes\\\/#primaryimage\"},\"thumbnailUrl\":\"https:\\\/\\\/congovirtuel.com\\\/information\\\/wp-content\\\/uploads\\\/2021\\\/05\\\/mur_rwanda.jpg\",\"datePublished\":\"2021-05-24T16:34:29+00:00\",\"dateModified\":\"2021-05-24T16:34:33+00:00\",\"breadcrumb\":{\"@id\":\"https:\\\/\\\/congovirtuel.com\\\/information\\\/le-rwanda-secoue-par-deux-seismes\\\/#breadcrumb\"},\"inLanguage\":\"fr-FR\",\"potentialAction\":[{\"@type\":\"ReadAction\",\"target\":[\"https:\\\/\\\/congovirtuel.com\\\/information\\\/le-rwanda-secoue-par-deux-seismes\\\/\"]}]},{\"@type\":\"ImageObject\",\"inLanguage\":\"fr-FR\",\"@id\":\"https:\\\/\\\/congovirtuel.com\\\/information\\\/le-rwanda-secoue-par-deux-seismes\\\/#primaryimage\",\"url\":\"https:\\\/\\\/congovirtuel.com\\\/information\\\/wp-content\\\/uploads\\\/2021\\\/05\\\/mur_rwanda.jpg\",\"contentUrl\":\"https:\\\/\\\/congovirtuel.com\\\/information\\\/wp-content\\\/uploads\\\/2021\\\/05\\\/mur_rwanda.jpg\",\"width\":898,\"height\":560,\"caption\":\"s\u00e9isme Rwanda\"},{\"@type\":\"BreadcrumbList\",\"@id\":\"https:\\\/\\\/congovirtuel.com\\\/information\\\/le-rwanda-secoue-par-deux-seismes\\\/#breadcrumb\",\"itemListElement\":[{\"@type\":\"ListItem\",\"position\":1,\"name\":\"Accueil\",\"item\":\"https:\\\/\\\/congovirtuel.com\\\/information\\\/\"},{\"@type\":\"ListItem\",\"position\":2,\"name\":\"Le Rwanda secou\u00e9 par deux s\u00e9ismes\"}]},{\"@type\":\"WebSite\",\"@id\":\"https:\\\/\\\/congovirtuel.com\\\/information\\\/#website\",\"url\":\"https:\\\/\\\/congovirtuel.com\\\/information\\\/\",\"name\":\"Actualit\u00e9s congolaises et internationales\",\"description\":\"site d&#039;analyse et de traitement d&#039;information\",\"publisher\":{\"@id\":\"https:\\\/\\\/congovirtuel.com\\\/information\\\/#organization\"},\"potentialAction\":[{\"@type\":\"SearchAction\",\"target\":{\"@type\":\"EntryPoint\",\"urlTemplate\":\"https:\\\/\\\/congovirtuel.com\\\/information\\\/?s={search_term_string}\"},\"query-input\":{\"@type\":\"PropertyValueSpecification\",\"valueRequired\":true,\"valueName\":\"search_term_string\"}}],\"inLanguage\":\"fr-FR\"},{\"@type\":\"Organization\",\"@id\":\"https:\\\/\\\/congovirtuel.com\\\/information\\\/#organization\",\"name\":\"Biblioth\u00e8que Virtuelle de la RDC\",\"url\":\"https:\\\/\\\/congovirtuel.com\\\/information\\\/\",\"logo\":{\"@type\":\"ImageObject\",\"inLanguage\":\"fr-FR\",\"@id\":\"https:\\\/\\\/congovirtuel.com\\\/information\\\/#\\\/schema\\\/logo\\\/image\\\/\",\"url\":\"https:\\\/\\\/congovirtuel.com\\\/information\\\/wp-content\\\/uploads\\\/2018\\\/10\\\/header-info-congovirtuel-vraie.jpg\",\"contentUrl\":\"https:\\\/\\\/congovirtuel.com\\\/information\\\/wp-content\\\/uploads\\\/2018\\\/10\\\/header-info-congovirtuel-vraie.jpg\",\"width\":728,\"height\":90,\"caption\":\"Biblioth\u00e8que Virtuelle de la RDC\"},\"image\":{\"@id\":\"https:\\\/\\\/congovirtuel.com\\\/information\\\/#\\\/schema\\\/logo\\\/image\\\/\"},\"sameAs\":[\"https:\\\/\\\/web.facebook.com\\\/Congovirtuel-763617960319601\\\/?ref=aymt_homepage_panel&amp;amp;amp;amp;amp;amp;amp;amp;amp;amp;amp;eid=ARCoxULa66767kIgF_KYav6VdjXTI4yk_LW4yoVO9s6NXpysgb7Cb65vpxcxgqzOAKvIbLQxaAETcqHT\",\"https:\\\/\\\/x.com\\\/congovirtuel\",\"https:\\\/\\\/www.youtube.com\\\/channel\\\/UCkFfprYzGgS3EWNpeMXpToQ?view_as=subscriber\"]},{\"@type\":\"Person\",\"@id\":\"https:\\\/\\\/congovirtuel.com\\\/information\\\/#\\\/schema\\\/person\\\/739a44bf7990966cb53d58d2fdeca0b6\",\"name\":\"infocongovirtuel\",\"image\":{\"@type\":\"ImageObject\",\"inLanguage\":\"fr-FR\",\"@id\":\"https:\\\/\\\/secure.gravatar.com\\\/avatar\\\/4d76991aa72469f0eb22e772586c99113c6997f88da636a9db8f2ce3a2c05e69?s=96&d=mm&r=g\",\"url\":\"https:\\\/\\\/secure.gravatar.com\\\/avatar\\\/4d76991aa72469f0eb22e772586c99113c6997f88da636a9db8f2ce3a2c05e69?s=96&d=mm&r=g\",\"contentUrl\":\"https:\\\/\\\/secure.gravatar.com\\\/avatar\\\/4d76991aa72469f0eb22e772586c99113c6997f88da636a9db8f2ce3a2c05e69?s=96&d=mm&r=g\",\"caption\":\"infocongovirtuel\"},\"url\":\"https:\\\/\\\/congovirtuel.com\\\/information\\\/author\\\/infocongovirtuel\\\/\"}]}<\/script>\n<!-- \/ Yoast SEO plugin. -->","yoast_head_json":{"title":"Le Rwanda secou\u00e9 par deux s\u00e9ismes - Actualit\u00e9s congolaises et internationales","robots":{"index":"index","follow":"follow","max-snippet":"max-snippet:-1","max-image-preview":"max-image-preview:large","max-video-preview":"max-video-preview:-1"},"canonical":"https:\/\/congovirtuel.com\/information\/le-rwanda-secoue-par-deux-seismes\/","og_locale":"fr_FR","og_type":"article","og_title":"Le Rwanda secou\u00e9 par deux s\u00e9ismes - Actualit\u00e9s congolaises et internationales","og_description":"La ville de Gisenyi au Rwanda, proche de Goma, a \u00e9t\u00e9 secou\u00e9e la nuit derni\u00e8re par un s\u00e9isme de magnitude 4,5 sur l\u2019\u00e9chelle de Richter, a annonc\u00e9 le centre am\u00e9ricain de surveillance United State G\u00e9ological Survey. Selon ce centre, l\u2019\u00e9picentre de la secousse a \u00e9t\u00e9 localis\u00e9 \u00e0 10 km de profondeur, avec des r\u00e9percussions sur la ville voisine de Goma. De son c\u00f4t\u00e9, le Service rwandais de surveillance a fait \u00e9tat le m\u00eame lundi, d\u2019un deuxi\u00e8me s\u00e9isme de magnitude 5,1 en provenance du Lac Kivu, qui a affect\u00e9 la ville&hellip;","og_url":"https:\/\/congovirtuel.com\/information\/le-rwanda-secoue-par-deux-seismes\/","og_site_name":"Actualit\u00e9s congolaises et internationales","article_publisher":"https:\/\/web.facebook.com\/Congovirtuel-763617960319601\/?ref=aymt_homepage_panel&amp%3bamp%3bamp%3bamp%3bamp%3bamp%3bamp%3bamp%3bamp%3bamp%3bamp%3beid=ARCoxULa66767kIgF_KYav6VdjXTI4yk_LW4yoVO9s6NXpysgb7Cb65vpxcxgqzOAKvIbLQxaAETcqHT","article_published_time":"2021-05-24T16:34:29+00:00","article_modified_time":"2021-05-24T16:34:33+00:00","og_image":[{"width":898,"height":560,"url":"https:\/\/congovirtuel.com\/information\/wp-content\/uploads\/2021\/05\/mur_rwanda.jpg","type":"image\/jpeg"}],"author":"infocongovirtuel","twitter_card":"summary_large_image","twitter_creator":"@congovirtuel","twitter_site":"@congovirtuel","twitter_misc":{"\u00c9crit par":"infocongovirtuel","Dur\u00e9e de lecture estim\u00e9e":"2 minutes"},"schema":{"@context":"https:\/\/schema.org","@graph":[{"@type":"Article","@id":"https:\/\/congovirtuel.com\/information\/le-rwanda-secoue-par-deux-seismes\/#article","isPartOf":{"@id":"https:\/\/congovirtuel.com\/information\/le-rwanda-secoue-par-deux-seismes\/"},"author":{"name":"infocongovirtuel","@id":"https:\/\/congovirtuel.com\/information\/#\/schema\/person\/739a44bf7990966cb53d58d2fdeca0b6"},"headline":"Le Rwanda secou\u00e9 par deux s\u00e9ismes","datePublished":"2021-05-24T16:34:29+00:00","dateModified":"2021-05-24T16:34:33+00:00","mainEntityOfPage":{"@id":"https:\/\/congovirtuel.com\/information\/le-rwanda-secoue-par-deux-seismes\/"},"wordCount":221,"commentCount":0,"publisher":{"@id":"https:\/\/congovirtuel.com\/information\/#organization"},"image":{"@id":"https:\/\/congovirtuel.com\/information\/le-rwanda-secoue-par-deux-seismes\/#primaryimage"},"thumbnailUrl":"https:\/\/congovirtuel.com\/information\/wp-content\/uploads\/2021\/05\/mur_rwanda.jpg","keywords":["S\u00e9isme au Rwanda","tremblement de terre Rwanda"],"articleSection":["Catastrophes"],"inLanguage":"fr-FR","potentialAction":[{"@type":"CommentAction","name":"Comment","target":["https:\/\/congovirtuel.com\/information\/le-rwanda-secoue-par-deux-seismes\/#respond"]}]},{"@type":"WebPage","@id":"https:\/\/congovirtuel.com\/information\/le-rwanda-secoue-par-deux-seismes\/","url":"https:\/\/congovirtuel.com\/information\/le-rwanda-secoue-par-deux-seismes\/","name":"Le Rwanda secou\u00e9 par deux s\u00e9ismes - Actualit\u00e9s congolaises et internationales","isPartOf":{"@id":"https:\/\/congovirtuel.com\/information\/#website"},"primaryImageOfPage":{"@id":"https:\/\/congovirtuel.com\/information\/le-rwanda-secoue-par-deux-seismes\/#primaryimage"},"image":{"@id":"https:\/\/congovirtuel.com\/information\/le-rwanda-secoue-par-deux-seismes\/#primaryimage"},"thumbnailUrl":"https:\/\/congovirtuel.com\/information\/wp-content\/uploads\/2021\/05\/mur_rwanda.jpg","datePublished":"2021-05-24T16:34:29+00:00","dateModified":"2021-05-24T16:34:33+00:00","breadcrumb":{"@id":"https:\/\/congovirtuel.com\/information\/le-rwanda-secoue-par-deux-seismes\/#breadcrumb"},"inLanguage":"fr-FR","potentialAction":[{"@type":"ReadAction","target":["https:\/\/congovirtuel.com\/information\/le-rwanda-secoue-par-deux-seismes\/"]}]},{"@type":"ImageObject","inLanguage":"fr-FR","@id":"https:\/\/congovirtuel.com\/information\/le-rwanda-secoue-par-deux-seismes\/#primaryimage","url":"https:\/\/congovirtuel.com\/information\/wp-content\/uploads\/2021\/05\/mur_rwanda.jpg","contentUrl":"https:\/\/congovirtuel.com\/information\/wp-content\/uploads\/2021\/05\/mur_rwanda.jpg","width":898,"height":560,"caption":"s\u00e9isme Rwanda"},{"@type":"BreadcrumbList","@id":"https:\/\/congovirtuel.com\/information\/le-rwanda-secoue-par-deux-seismes\/#breadcrumb","itemListElement":[{"@type":"ListItem","position":1,"name":"Accueil","item":"https:\/\/congovirtuel.com\/information\/"},{"@type":"ListItem","position":2,"name":"Le Rwanda secou\u00e9 par deux s\u00e9ismes"}]},{"@type":"WebSite","@id":"https:\/\/congovirtuel.com\/information\/#website","url":"https:\/\/congovirtuel.com\/information\/","name":"Actualit\u00e9s congolaises et internationales","description":"site d&#039;analyse et de traitement d&#039;information","publisher":{"@id":"https:\/\/congovirtuel.com\/information\/#organization"},"potentialAction":[{"@type":"SearchAction","target":{"@type":"EntryPoint","urlTemplate":"https:\/\/congovirtuel.com\/information\/?s={search_term_string}"},"query-input":{"@type":"PropertyValueSpecification","valueRequired":true,"valueName":"search_term_string"}}],"inLanguage":"fr-FR"},{"@type":"Organization","@id":"https:\/\/congovirtuel.com\/information\/#organization","name":"Biblioth\u00e8que Virtuelle de la RDC","url":"https:\/\/congovirtuel.com\/information\/","logo":{"@type":"ImageObject","inLanguage":"fr-FR","@id":"https:\/\/congovirtuel.com\/information\/#\/schema\/logo\/image\/","url":"https:\/\/congovirtuel.com\/information\/wp-content\/uploads\/2018\/10\/header-info-congovirtuel-vraie.jpg","contentUrl":"https:\/\/congovirtuel.com\/information\/wp-content\/uploads\/2018\/10\/header-info-congovirtuel-vraie.jpg","width":728,"height":90,"caption":"Biblioth\u00e8que Virtuelle de la RDC"},"image":{"@id":"https:\/\/congovirtuel.com\/information\/#\/schema\/logo\/image\/"},"sameAs":["https:\/\/web.facebook.com\/Congovirtuel-763617960319601\/?ref=aymt_homepage_panel&amp;amp;amp;amp;amp;amp;amp;amp;amp;amp;amp;eid=ARCoxULa66767kIgF_KYav6VdjXTI4yk_LW4yoVO9s6NXpysgb7Cb65vpxcxgqzOAKvIbLQxaAETcqHT","https:\/\/x.com\/congovirtuel","https:\/\/www.youtube.com\/channel\/UCkFfprYzGgS3EWNpeMXpToQ?view_as=subscriber"]},{"@type":"Person","@id":"https:\/\/congovirtuel.com\/information\/#\/schema\/person\/739a44bf7990966cb53d58d2fdeca0b6","name":"infocongovirtuel","image":{"@type":"ImageObject","inLanguage":"fr-FR","@id":"https:\/\/secure.gravatar.com\/avatar\/4d76991aa72469f0eb22e772586c99113c6997f88da636a9db8f2ce3a2c05e69?s=96&d=mm&r=g","url":"https:\/\/secure.gravatar.com\/avatar\/4d76991aa72469f0eb22e772586c99113c6997f88da636a9db8f2ce3a2c05e69?s=96&d=mm&r=g","contentUrl":"https:\/\/secure.gravatar.com\/avatar\/4d76991aa72469f0eb22e772586c99113c6997f88da636a9db8f2ce3a2c05e69?s=96&d=mm&r=g","caption":"infocongovirtuel"},"url":"https:\/\/congovirtuel.com\/information\/author\/infocongovirtuel\/"}]}},"gt_translate_keys":[{"key":"link","format":"url"}],"_links":{"self":[{"href":"https:\/\/congovirtuel.com\/information\/wp-json\/wp\/v2\/posts\/9588","targetHints":{"allow":["GET"]}}],"collection":[{"href":"https:\/\/congovirtuel.com\/information\/wp-json\/wp\/v2\/posts"}],"about":[{"href":"https:\/\/congovirtuel.com\/information\/wp-json\/wp\/v2\/types\/post"}],"author":[{"embeddable":true,"href":"https:\/\/congovirtuel.com\/information\/wp-json\/wp\/v2\/users\/1"}],"replies":[{"embeddable":true,"href":"https:\/\/congovirtuel.com\/information\/wp-json\/wp\/v2\/comments?post=9588"}],"version-history":[{"count":1,"href":"https:\/\/congovirtuel.com\/information\/wp-json\/wp\/v2\/posts\/9588\/revisions"}],"predecessor-version":[{"id":9590,"href":"https:\/\/congovirtuel.com\/information\/wp-json\/wp\/v2\/posts\/9588\/revisions\/9590"}],"wp:featuredmedia":[{"embeddable":true,"href":"https:\/\/congovirtuel.com\/information\/wp-json\/wp\/v2\/media\/9589"}],"wp:attachment":[{"href":"https:\/\/congovirtuel.com\/information\/wp-json\/wp\/v2\/media?parent=9588"}],"wp:term":[{"taxonomy":"category","embeddable":true,"href":"https:\/\/congovirtuel.com\/information\/wp-json\/wp\/v2\/categories?post=9588"},{"taxonomy":"post_tag","embeddable":true,"href":"https:\/\/congovirtuel.com\/information\/wp-json\/wp\/v2\/tags?post=9588"}],"curies":[{"name":"wp","href":"https:\/\/api.w.org\/{rel}","templated":true}]}}