{"id":967,"date":"2020-04-15T06:35:12","date_gmt":"2020-04-15T05:35:12","guid":{"rendered":"https:\/\/congovirtuel.com\/information\/?p=967"},"modified":"2020-04-15T06:35:17","modified_gmt":"2020-04-15T05:35:17","slug":"vital-kamerhe-pourrait-beneficier-dune-liberte-provisoire-ce-mercredi","status":"publish","type":"post","link":"https:\/\/congovirtuel.com\/information\/vital-kamerhe-pourrait-beneficier-dune-liberte-provisoire-ce-mercredi\/","title":{"rendered":"VITAL KAMERHE POURRAIT B\u00c9N\u00c9FICIER D\u2019UNE LIBERT\u00c9 PROVISOIRE CE MERCREDI","gt_translate_keys":[{"key":"rendered","format":"text"}]},"content":{"rendered":"\n<p class=\"wp-block-paragraph\"><strong>En d\u00e9tention pr\u00e9ventive il y a une semaine, le directeur du cabinet du Chef de l&rsquo;Etat pourrait b\u00e9n\u00e9ficier d&rsquo;une libert\u00e9 provisoire, ce mercredi 15 avril, au niveau de la Cour d&rsquo;appel de Kinshasa-Matete, rapporte l&rsquo; \u00a0\u00bb ACP \u00ab\u00a0. Les juges d&rsquo;appel ont statu\u00e9 sur cette affaire, hier mardi, au cours d&rsquo;une audience foraine \u00e0 la prison centrale de Makala, sur demande des avocats de la d\u00e9fense. Ils ont pris l&rsquo;affaire en d\u00e9lib\u00e9r\u00e9 pour un d\u00e9lai de 24 heures.<\/strong>Les avocats du pr\u00e9sident de l&rsquo;Union pour la nation congolaise avaient interjet\u00e9 appel en rapport avec la d\u00e9cision du tribunal de paix de Kinshasa-Matete refusant d&rsquo;accorder la libert\u00e9 provisoire \u00e0 leur client. Les juges d&rsquo;appel vont ainsi rendre leur jugement sur la d\u00e9cision prise par le tribunal de paix de Kinshasa-Matete, qui avait si\u00e9g\u00e9 en chambre de conseil le samedi 11 avril dernier.Les juges du tribunal de paix avaient, aux termes de cette audience en chambre de conseil, d\u00e9cid\u00e9 de la mise en d\u00e9tention pr\u00e9ventive du pr\u00e9sident de l&rsquo;Union pour la nation congolaise (UNC) pour une dur\u00e9e de 15 jours, conform\u00e9ment \u00e0 la loi. Cette audition s&rsquo;inscrivait dans le cadre de l&rsquo;enqu\u00eate sur le dossier d\u00e9tournement des fonds destin\u00e9s \u00e0 l&rsquo;ex\u00e9cution du programme d&rsquo;urgence de 100 jours du pr\u00e9sident F\u00e9lix-Antoine Tshisekedi.Le directeur de cabinet du chef de l&rsquo;Etat, Vital Kamerhe, a \u00e9t\u00e9 mis sous mandat d&rsquo;arr\u00eat provisoire (MAP) par le Parquet g\u00e9n\u00e9ral pr\u00e8s la Cour d&rsquo;appel de Kinshasa-Matete, le 8 avril 2020. Apr\u00e8s le rejet de la demande de sa mise en libert\u00e9 provisoire au niveau du tripaix de Matete, il devait rester encore 15 jours en d\u00e9tention pour raison d&rsquo;enqu\u00eates. Et pendant ce temps, l&rsquo;inculp\u00e9 sera confront\u00e9 aux autres pr\u00e9venus pour permettre \u00e0 la justice de se faire toute la lumi\u00e8re sur cette affaire de d\u00e9tournement.L&rsquo;Union pour la nation qui a d\u00e9nonc\u00e9 un acharnement sur la personne de Vital Kamerhe, pr\u00e9sident du parti, apr\u00e8s son arrestation, s&rsquo;est ressaisie par apr\u00e8s, appelant ses militants au calme. La direction de l&rsquo;UNC dit faire confiance \u00e0 la justice congolaise, tout en restant vigilant sur le d\u00e9roulement de ce proc\u00e8s. Ils appellent les juges \u00e0 faire preuve de plus d&rsquo;\u00e9quit\u00e9, d&rsquo;impartialit\u00e9 et de justice.\u00a0<\/p>\n\n\n\n<p class=\"wp-block-paragraph\"><strong>MOLINA<\/strong>\/Forum des As<\/p>\n","protected":false,"gt_translate_keys":[{"key":"rendered","format":"html"}]},"excerpt":{"rendered":"<p>En d\u00e9tention pr\u00e9ventive il y a une semaine, le directeur du cabinet du Chef de l&rsquo;Etat pourrait b\u00e9n\u00e9ficier d&rsquo;une libert\u00e9 provisoire, ce mercredi 15 avril, au niveau de la Cour d&rsquo;appel de Kinshasa-Matete, rapporte l&rsquo; \u00a0\u00bb ACP \u00ab\u00a0. Les juges d&rsquo;appel ont statu\u00e9 sur cette affaire, hier mardi, au cours d&rsquo;une audience foraine \u00e0 la prison centrale de Makala, sur demande des avocats de la d\u00e9fense. Ils ont pris l&rsquo;affaire en d\u00e9lib\u00e9r\u00e9 pour un d\u00e9lai de 24 heures.Les avocats du pr\u00e9sident de l&rsquo;Union pour la nation congolaise avaient interjet\u00e9 appel&hellip;<\/p>\n","protected":false,"gt_translate_keys":[{"key":"rendered","format":"html"}]},"author":1,"featured_media":969,"comment_status":"open","ping_status":"open","sticky":false,"template":"","format":"standard","meta":{"_crdt_document":"","footnotes":""},"categories":[239,177],"tags":[182,243],"class_list":["post-967","post","type-post","status-publish","format-standard","has-post-thumbnail","hentry","category-programme-100-jours","category-rdc-democratie","tag-programme-de-100-jours","tag-vital-kamhere"],"gutentor_comment":0,"yoast_head":"<!-- This site is optimized with the Yoast SEO plugin v27.5 - https:\/\/yoast.com\/product\/yoast-seo-wordpress\/ -->\n<title>VITAL KAMERHE POURRAIT B\u00c9N\u00c9FICIER D\u2019UNE LIBERT\u00c9 PROVISOIRE CE MERCREDI - Actualit\u00e9s congolaises et internationales<\/title>\n<meta name=\"robots\" content=\"index, follow, max-snippet:-1, max-image-preview:large, max-video-preview:-1\" \/>\n<link rel=\"canonical\" href=\"https:\/\/congovirtuel.com\/information\/vital-kamerhe-pourrait-beneficier-dune-liberte-provisoire-ce-mercredi\/\" \/>\n<meta property=\"og:locale\" content=\"fr_FR\" \/>\n<meta property=\"og:type\" content=\"article\" \/>\n<meta property=\"og:title\" content=\"VITAL KAMERHE POURRAIT B\u00c9N\u00c9FICIER D\u2019UNE LIBERT\u00c9 PROVISOIRE CE MERCREDI - Actualit\u00e9s congolaises et internationales\" \/>\n<meta property=\"og:description\" content=\"En d\u00e9tention pr\u00e9ventive il y a une semaine, le directeur du cabinet du Chef de l&rsquo;Etat pourrait b\u00e9n\u00e9ficier d&rsquo;une libert\u00e9 provisoire, ce mercredi 15 avril, au niveau de la Cour d&rsquo;appel de Kinshasa-Matete, rapporte l&rsquo; \u00a0\u00bb ACP \u00ab\u00a0. Les juges d&rsquo;appel ont statu\u00e9 sur cette affaire, hier mardi, au cours d&rsquo;une audience foraine \u00e0 la prison centrale de Makala, sur demande des avocats de la d\u00e9fense. Ils ont pris l&rsquo;affaire en d\u00e9lib\u00e9r\u00e9 pour un d\u00e9lai de 24 heures.Les avocats du pr\u00e9sident de l&rsquo;Union pour la nation congolaise avaient interjet\u00e9 appel&hellip;\" \/>\n<meta property=\"og:url\" content=\"https:\/\/congovirtuel.com\/information\/vital-kamerhe-pourrait-beneficier-dune-liberte-provisoire-ce-mercredi\/\" \/>\n<meta property=\"og:site_name\" content=\"Actualit\u00e9s congolaises et internationales\" \/>\n<meta property=\"article:publisher\" content=\"https:\/\/web.facebook.com\/Congovirtuel-763617960319601\/?ref=aymt_homepage_panel&amp;amp%3bamp%3bamp%3bamp%3bamp%3bamp%3bamp%3bamp%3bamp%3bamp%3bamp%3beid=ARCoxULa66767kIgF_KYav6VdjXTI4yk_LW4yoVO9s6NXpysgb7Cb65vpxcxgqzOAKvIbLQxaAETcqHT\" \/>\n<meta property=\"article:published_time\" content=\"2020-04-15T05:35:12+00:00\" \/>\n<meta property=\"article:modified_time\" content=\"2020-04-15T05:35:17+00:00\" \/>\n<meta property=\"og:image\" content=\"https:\/\/congovirtuel.com\/information\/wp-content\/uploads\/2020\/04\/kamhere2.jpg\" \/>\n\t<meta property=\"og:image:width\" content=\"600\" \/>\n\t<meta property=\"og:image:height\" content=\"400\" \/>\n\t<meta property=\"og:image:type\" content=\"image\/jpeg\" \/>\n<meta name=\"author\" content=\"infocongovirtuel\" \/>\n<meta name=\"twitter:card\" content=\"summary_large_image\" \/>\n<meta name=\"twitter:creator\" content=\"@congovirtuel\" \/>\n<meta name=\"twitter:site\" content=\"@congovirtuel\" \/>\n<meta name=\"twitter:label1\" content=\"\u00c9crit par\" \/>\n\t<meta name=\"twitter:data1\" content=\"infocongovirtuel\" \/>\n\t<meta name=\"twitter:label2\" content=\"Dur\u00e9e de lecture estim\u00e9e\" \/>\n\t<meta name=\"twitter:data2\" content=\"2 minutes\" \/>\n<script type=\"application\/ld+json\" class=\"yoast-schema-graph\">{\"@context\":\"https:\\\/\\\/schema.org\",\"@graph\":[{\"@type\":\"Article\",\"@id\":\"https:\\\/\\\/congovirtuel.com\\\/information\\\/vital-kamerhe-pourrait-beneficier-dune-liberte-provisoire-ce-mercredi\\\/#article\",\"isPartOf\":{\"@id\":\"https:\\\/\\\/congovirtuel.com\\\/information\\\/vital-kamerhe-pourrait-beneficier-dune-liberte-provisoire-ce-mercredi\\\/\"},\"author\":{\"name\":\"infocongovirtuel\",\"@id\":\"https:\\\/\\\/congovirtuel.com\\\/information\\\/#\\\/schema\\\/person\\\/739a44bf7990966cb53d58d2fdeca0b6\"},\"headline\":\"VITAL KAMERHE POURRAIT B\u00c9N\u00c9FICIER D\u2019UNE LIBERT\u00c9 PROVISOIRE CE MERCREDI\",\"datePublished\":\"2020-04-15T05:35:12+00:00\",\"dateModified\":\"2020-04-15T05:35:17+00:00\",\"mainEntityOfPage\":{\"@id\":\"https:\\\/\\\/congovirtuel.com\\\/information\\\/vital-kamerhe-pourrait-beneficier-dune-liberte-provisoire-ce-mercredi\\\/\"},\"wordCount\":425,\"commentCount\":0,\"publisher\":{\"@id\":\"https:\\\/\\\/congovirtuel.com\\\/information\\\/#organization\"},\"image\":{\"@id\":\"https:\\\/\\\/congovirtuel.com\\\/information\\\/vital-kamerhe-pourrait-beneficier-dune-liberte-provisoire-ce-mercredi\\\/#primaryimage\"},\"thumbnailUrl\":\"https:\\\/\\\/congovirtuel.com\\\/information\\\/wp-content\\\/uploads\\\/2020\\\/04\\\/kamhere2.jpg\",\"keywords\":[\"Programme de 100 jours\",\"vital kamhere\"],\"articleSection\":[\"Programme 100 jours\",\"RDC\"],\"inLanguage\":\"fr-FR\",\"potentialAction\":[{\"@type\":\"CommentAction\",\"name\":\"Comment\",\"target\":[\"https:\\\/\\\/congovirtuel.com\\\/information\\\/vital-kamerhe-pourrait-beneficier-dune-liberte-provisoire-ce-mercredi\\\/#respond\"]}]},{\"@type\":\"WebPage\",\"@id\":\"https:\\\/\\\/congovirtuel.com\\\/information\\\/vital-kamerhe-pourrait-beneficier-dune-liberte-provisoire-ce-mercredi\\\/\",\"url\":\"https:\\\/\\\/congovirtuel.com\\\/information\\\/vital-kamerhe-pourrait-beneficier-dune-liberte-provisoire-ce-mercredi\\\/\",\"name\":\"VITAL KAMERHE POURRAIT B\u00c9N\u00c9FICIER D\u2019UNE LIBERT\u00c9 PROVISOIRE CE MERCREDI - Actualit\u00e9s congolaises et internationales\",\"isPartOf\":{\"@id\":\"https:\\\/\\\/congovirtuel.com\\\/information\\\/#website\"},\"primaryImageOfPage\":{\"@id\":\"https:\\\/\\\/congovirtuel.com\\\/information\\\/vital-kamerhe-pourrait-beneficier-dune-liberte-provisoire-ce-mercredi\\\/#primaryimage\"},\"image\":{\"@id\":\"https:\\\/\\\/congovirtuel.com\\\/information\\\/vital-kamerhe-pourrait-beneficier-dune-liberte-provisoire-ce-mercredi\\\/#primaryimage\"},\"thumbnailUrl\":\"https:\\\/\\\/congovirtuel.com\\\/information\\\/wp-content\\\/uploads\\\/2020\\\/04\\\/kamhere2.jpg\",\"datePublished\":\"2020-04-15T05:35:12+00:00\",\"dateModified\":\"2020-04-15T05:35:17+00:00\",\"breadcrumb\":{\"@id\":\"https:\\\/\\\/congovirtuel.com\\\/information\\\/vital-kamerhe-pourrait-beneficier-dune-liberte-provisoire-ce-mercredi\\\/#breadcrumb\"},\"inLanguage\":\"fr-FR\",\"potentialAction\":[{\"@type\":\"ReadAction\",\"target\":[\"https:\\\/\\\/congovirtuel.com\\\/information\\\/vital-kamerhe-pourrait-beneficier-dune-liberte-provisoire-ce-mercredi\\\/\"]}]},{\"@type\":\"ImageObject\",\"inLanguage\":\"fr-FR\",\"@id\":\"https:\\\/\\\/congovirtuel.com\\\/information\\\/vital-kamerhe-pourrait-beneficier-dune-liberte-provisoire-ce-mercredi\\\/#primaryimage\",\"url\":\"https:\\\/\\\/congovirtuel.com\\\/information\\\/wp-content\\\/uploads\\\/2020\\\/04\\\/kamhere2.jpg\",\"contentUrl\":\"https:\\\/\\\/congovirtuel.com\\\/information\\\/wp-content\\\/uploads\\\/2020\\\/04\\\/kamhere2.jpg\",\"width\":600,\"height\":400,\"caption\":\"vital_kamhere\"},{\"@type\":\"BreadcrumbList\",\"@id\":\"https:\\\/\\\/congovirtuel.com\\\/information\\\/vital-kamerhe-pourrait-beneficier-dune-liberte-provisoire-ce-mercredi\\\/#breadcrumb\",\"itemListElement\":[{\"@type\":\"ListItem\",\"position\":1,\"name\":\"Accueil\",\"item\":\"https:\\\/\\\/congovirtuel.com\\\/information\\\/\"},{\"@type\":\"ListItem\",\"position\":2,\"name\":\"VITAL KAMERHE POURRAIT B\u00c9N\u00c9FICIER D\u2019UNE LIBERT\u00c9 PROVISOIRE CE MERCREDI\"}]},{\"@type\":\"WebSite\",\"@id\":\"https:\\\/\\\/congovirtuel.com\\\/information\\\/#website\",\"url\":\"https:\\\/\\\/congovirtuel.com\\\/information\\\/\",\"name\":\"Actualit\u00e9s congolaises et internationales\",\"description\":\"site d&#039;analyse et de traitement d&#039;information\",\"publisher\":{\"@id\":\"https:\\\/\\\/congovirtuel.com\\\/information\\\/#organization\"},\"potentialAction\":[{\"@type\":\"SearchAction\",\"target\":{\"@type\":\"EntryPoint\",\"urlTemplate\":\"https:\\\/\\\/congovirtuel.com\\\/information\\\/?s={search_term_string}\"},\"query-input\":{\"@type\":\"PropertyValueSpecification\",\"valueRequired\":true,\"valueName\":\"search_term_string\"}}],\"inLanguage\":\"fr-FR\"},{\"@type\":\"Organization\",\"@id\":\"https:\\\/\\\/congovirtuel.com\\\/information\\\/#organization\",\"name\":\"Biblioth\u00e8que Virtuelle de la RDC\",\"url\":\"https:\\\/\\\/congovirtuel.com\\\/information\\\/\",\"logo\":{\"@type\":\"ImageObject\",\"inLanguage\":\"fr-FR\",\"@id\":\"https:\\\/\\\/congovirtuel.com\\\/information\\\/#\\\/schema\\\/logo\\\/image\\\/\",\"url\":\"https:\\\/\\\/congovirtuel.com\\\/information\\\/wp-content\\\/uploads\\\/2018\\\/10\\\/header-info-congovirtuel-vraie.jpg\",\"contentUrl\":\"https:\\\/\\\/congovirtuel.com\\\/information\\\/wp-content\\\/uploads\\\/2018\\\/10\\\/header-info-congovirtuel-vraie.jpg\",\"width\":728,\"height\":90,\"caption\":\"Biblioth\u00e8que Virtuelle de la RDC\"},\"image\":{\"@id\":\"https:\\\/\\\/congovirtuel.com\\\/information\\\/#\\\/schema\\\/logo\\\/image\\\/\"},\"sameAs\":[\"https:\\\/\\\/web.facebook.com\\\/Congovirtuel-763617960319601\\\/?ref=aymt_homepage_panel&amp;amp;amp;amp;amp;amp;amp;amp;amp;amp;amp;eid=ARCoxULa66767kIgF_KYav6VdjXTI4yk_LW4yoVO9s6NXpysgb7Cb65vpxcxgqzOAKvIbLQxaAETcqHT\",\"https:\\\/\\\/x.com\\\/congovirtuel\",\"https:\\\/\\\/www.youtube.com\\\/channel\\\/UCkFfprYzGgS3EWNpeMXpToQ?view_as=subscriber\"]},{\"@type\":\"Person\",\"@id\":\"https:\\\/\\\/congovirtuel.com\\\/information\\\/#\\\/schema\\\/person\\\/739a44bf7990966cb53d58d2fdeca0b6\",\"name\":\"infocongovirtuel\",\"image\":{\"@type\":\"ImageObject\",\"inLanguage\":\"fr-FR\",\"@id\":\"https:\\\/\\\/secure.gravatar.com\\\/avatar\\\/4d76991aa72469f0eb22e772586c99113c6997f88da636a9db8f2ce3a2c05e69?s=96&d=mm&r=g\",\"url\":\"https:\\\/\\\/secure.gravatar.com\\\/avatar\\\/4d76991aa72469f0eb22e772586c99113c6997f88da636a9db8f2ce3a2c05e69?s=96&d=mm&r=g\",\"contentUrl\":\"https:\\\/\\\/secure.gravatar.com\\\/avatar\\\/4d76991aa72469f0eb22e772586c99113c6997f88da636a9db8f2ce3a2c05e69?s=96&d=mm&r=g\",\"caption\":\"infocongovirtuel\"},\"url\":\"https:\\\/\\\/congovirtuel.com\\\/information\\\/author\\\/infocongovirtuel\\\/\"}]}<\/script>\n<!-- \/ Yoast SEO plugin. -->","yoast_head_json":{"title":"VITAL KAMERHE POURRAIT B\u00c9N\u00c9FICIER D\u2019UNE LIBERT\u00c9 PROVISOIRE CE MERCREDI - Actualit\u00e9s congolaises et internationales","robots":{"index":"index","follow":"follow","max-snippet":"max-snippet:-1","max-image-preview":"max-image-preview:large","max-video-preview":"max-video-preview:-1"},"canonical":"https:\/\/congovirtuel.com\/information\/vital-kamerhe-pourrait-beneficier-dune-liberte-provisoire-ce-mercredi\/","og_locale":"fr_FR","og_type":"article","og_title":"VITAL KAMERHE POURRAIT B\u00c9N\u00c9FICIER D\u2019UNE LIBERT\u00c9 PROVISOIRE CE MERCREDI - Actualit\u00e9s congolaises et internationales","og_description":"En d\u00e9tention pr\u00e9ventive il y a une semaine, le directeur du cabinet du Chef de l&rsquo;Etat pourrait b\u00e9n\u00e9ficier d&rsquo;une libert\u00e9 provisoire, ce mercredi 15 avril, au niveau de la Cour d&rsquo;appel de Kinshasa-Matete, rapporte l&rsquo; \u00a0\u00bb ACP \u00ab\u00a0. Les juges d&rsquo;appel ont statu\u00e9 sur cette affaire, hier mardi, au cours d&rsquo;une audience foraine \u00e0 la prison centrale de Makala, sur demande des avocats de la d\u00e9fense. Ils ont pris l&rsquo;affaire en d\u00e9lib\u00e9r\u00e9 pour un d\u00e9lai de 24 heures.Les avocats du pr\u00e9sident de l&rsquo;Union pour la nation congolaise avaient interjet\u00e9 appel&hellip;","og_url":"https:\/\/congovirtuel.com\/information\/vital-kamerhe-pourrait-beneficier-dune-liberte-provisoire-ce-mercredi\/","og_site_name":"Actualit\u00e9s congolaises et internationales","article_publisher":"https:\/\/web.facebook.com\/Congovirtuel-763617960319601\/?ref=aymt_homepage_panel&amp%3bamp%3bamp%3bamp%3bamp%3bamp%3bamp%3bamp%3bamp%3bamp%3bamp%3beid=ARCoxULa66767kIgF_KYav6VdjXTI4yk_LW4yoVO9s6NXpysgb7Cb65vpxcxgqzOAKvIbLQxaAETcqHT","article_published_time":"2020-04-15T05:35:12+00:00","article_modified_time":"2020-04-15T05:35:17+00:00","og_image":[{"width":600,"height":400,"url":"https:\/\/congovirtuel.com\/information\/wp-content\/uploads\/2020\/04\/kamhere2.jpg","type":"image\/jpeg"}],"author":"infocongovirtuel","twitter_card":"summary_large_image","twitter_creator":"@congovirtuel","twitter_site":"@congovirtuel","twitter_misc":{"\u00c9crit par":"infocongovirtuel","Dur\u00e9e de lecture estim\u00e9e":"2 minutes"},"schema":{"@context":"https:\/\/schema.org","@graph":[{"@type":"Article","@id":"https:\/\/congovirtuel.com\/information\/vital-kamerhe-pourrait-beneficier-dune-liberte-provisoire-ce-mercredi\/#article","isPartOf":{"@id":"https:\/\/congovirtuel.com\/information\/vital-kamerhe-pourrait-beneficier-dune-liberte-provisoire-ce-mercredi\/"},"author":{"name":"infocongovirtuel","@id":"https:\/\/congovirtuel.com\/information\/#\/schema\/person\/739a44bf7990966cb53d58d2fdeca0b6"},"headline":"VITAL KAMERHE POURRAIT B\u00c9N\u00c9FICIER D\u2019UNE LIBERT\u00c9 PROVISOIRE CE MERCREDI","datePublished":"2020-04-15T05:35:12+00:00","dateModified":"2020-04-15T05:35:17+00:00","mainEntityOfPage":{"@id":"https:\/\/congovirtuel.com\/information\/vital-kamerhe-pourrait-beneficier-dune-liberte-provisoire-ce-mercredi\/"},"wordCount":425,"commentCount":0,"publisher":{"@id":"https:\/\/congovirtuel.com\/information\/#organization"},"image":{"@id":"https:\/\/congovirtuel.com\/information\/vital-kamerhe-pourrait-beneficier-dune-liberte-provisoire-ce-mercredi\/#primaryimage"},"thumbnailUrl":"https:\/\/congovirtuel.com\/information\/wp-content\/uploads\/2020\/04\/kamhere2.jpg","keywords":["Programme de 100 jours","vital kamhere"],"articleSection":["Programme 100 jours","RDC"],"inLanguage":"fr-FR","potentialAction":[{"@type":"CommentAction","name":"Comment","target":["https:\/\/congovirtuel.com\/information\/vital-kamerhe-pourrait-beneficier-dune-liberte-provisoire-ce-mercredi\/#respond"]}]},{"@type":"WebPage","@id":"https:\/\/congovirtuel.com\/information\/vital-kamerhe-pourrait-beneficier-dune-liberte-provisoire-ce-mercredi\/","url":"https:\/\/congovirtuel.com\/information\/vital-kamerhe-pourrait-beneficier-dune-liberte-provisoire-ce-mercredi\/","name":"VITAL KAMERHE POURRAIT B\u00c9N\u00c9FICIER D\u2019UNE LIBERT\u00c9 PROVISOIRE CE MERCREDI - Actualit\u00e9s congolaises et internationales","isPartOf":{"@id":"https:\/\/congovirtuel.com\/information\/#website"},"primaryImageOfPage":{"@id":"https:\/\/congovirtuel.com\/information\/vital-kamerhe-pourrait-beneficier-dune-liberte-provisoire-ce-mercredi\/#primaryimage"},"image":{"@id":"https:\/\/congovirtuel.com\/information\/vital-kamerhe-pourrait-beneficier-dune-liberte-provisoire-ce-mercredi\/#primaryimage"},"thumbnailUrl":"https:\/\/congovirtuel.com\/information\/wp-content\/uploads\/2020\/04\/kamhere2.jpg","datePublished":"2020-04-15T05:35:12+00:00","dateModified":"2020-04-15T05:35:17+00:00","breadcrumb":{"@id":"https:\/\/congovirtuel.com\/information\/vital-kamerhe-pourrait-beneficier-dune-liberte-provisoire-ce-mercredi\/#breadcrumb"},"inLanguage":"fr-FR","potentialAction":[{"@type":"ReadAction","target":["https:\/\/congovirtuel.com\/information\/vital-kamerhe-pourrait-beneficier-dune-liberte-provisoire-ce-mercredi\/"]}]},{"@type":"ImageObject","inLanguage":"fr-FR","@id":"https:\/\/congovirtuel.com\/information\/vital-kamerhe-pourrait-beneficier-dune-liberte-provisoire-ce-mercredi\/#primaryimage","url":"https:\/\/congovirtuel.com\/information\/wp-content\/uploads\/2020\/04\/kamhere2.jpg","contentUrl":"https:\/\/congovirtuel.com\/information\/wp-content\/uploads\/2020\/04\/kamhere2.jpg","width":600,"height":400,"caption":"vital_kamhere"},{"@type":"BreadcrumbList","@id":"https:\/\/congovirtuel.com\/information\/vital-kamerhe-pourrait-beneficier-dune-liberte-provisoire-ce-mercredi\/#breadcrumb","itemListElement":[{"@type":"ListItem","position":1,"name":"Accueil","item":"https:\/\/congovirtuel.com\/information\/"},{"@type":"ListItem","position":2,"name":"VITAL KAMERHE POURRAIT B\u00c9N\u00c9FICIER D\u2019UNE LIBERT\u00c9 PROVISOIRE CE MERCREDI"}]},{"@type":"WebSite","@id":"https:\/\/congovirtuel.com\/information\/#website","url":"https:\/\/congovirtuel.com\/information\/","name":"Actualit\u00e9s congolaises et internationales","description":"site d&#039;analyse et de traitement d&#039;information","publisher":{"@id":"https:\/\/congovirtuel.com\/information\/#organization"},"potentialAction":[{"@type":"SearchAction","target":{"@type":"EntryPoint","urlTemplate":"https:\/\/congovirtuel.com\/information\/?s={search_term_string}"},"query-input":{"@type":"PropertyValueSpecification","valueRequired":true,"valueName":"search_term_string"}}],"inLanguage":"fr-FR"},{"@type":"Organization","@id":"https:\/\/congovirtuel.com\/information\/#organization","name":"Biblioth\u00e8que Virtuelle de la RDC","url":"https:\/\/congovirtuel.com\/information\/","logo":{"@type":"ImageObject","inLanguage":"fr-FR","@id":"https:\/\/congovirtuel.com\/information\/#\/schema\/logo\/image\/","url":"https:\/\/congovirtuel.com\/information\/wp-content\/uploads\/2018\/10\/header-info-congovirtuel-vraie.jpg","contentUrl":"https:\/\/congovirtuel.com\/information\/wp-content\/uploads\/2018\/10\/header-info-congovirtuel-vraie.jpg","width":728,"height":90,"caption":"Biblioth\u00e8que Virtuelle de la RDC"},"image":{"@id":"https:\/\/congovirtuel.com\/information\/#\/schema\/logo\/image\/"},"sameAs":["https:\/\/web.facebook.com\/Congovirtuel-763617960319601\/?ref=aymt_homepage_panel&amp;amp;amp;amp;amp;amp;amp;amp;amp;amp;amp;eid=ARCoxULa66767kIgF_KYav6VdjXTI4yk_LW4yoVO9s6NXpysgb7Cb65vpxcxgqzOAKvIbLQxaAETcqHT","https:\/\/x.com\/congovirtuel","https:\/\/www.youtube.com\/channel\/UCkFfprYzGgS3EWNpeMXpToQ?view_as=subscriber"]},{"@type":"Person","@id":"https:\/\/congovirtuel.com\/information\/#\/schema\/person\/739a44bf7990966cb53d58d2fdeca0b6","name":"infocongovirtuel","image":{"@type":"ImageObject","inLanguage":"fr-FR","@id":"https:\/\/secure.gravatar.com\/avatar\/4d76991aa72469f0eb22e772586c99113c6997f88da636a9db8f2ce3a2c05e69?s=96&d=mm&r=g","url":"https:\/\/secure.gravatar.com\/avatar\/4d76991aa72469f0eb22e772586c99113c6997f88da636a9db8f2ce3a2c05e69?s=96&d=mm&r=g","contentUrl":"https:\/\/secure.gravatar.com\/avatar\/4d76991aa72469f0eb22e772586c99113c6997f88da636a9db8f2ce3a2c05e69?s=96&d=mm&r=g","caption":"infocongovirtuel"},"url":"https:\/\/congovirtuel.com\/information\/author\/infocongovirtuel\/"}]}},"gt_translate_keys":[{"key":"link","format":"url"}],"_links":{"self":[{"href":"https:\/\/congovirtuel.com\/information\/wp-json\/wp\/v2\/posts\/967","targetHints":{"allow":["GET"]}}],"collection":[{"href":"https:\/\/congovirtuel.com\/information\/wp-json\/wp\/v2\/posts"}],"about":[{"href":"https:\/\/congovirtuel.com\/information\/wp-json\/wp\/v2\/types\/post"}],"author":[{"embeddable":true,"href":"https:\/\/congovirtuel.com\/information\/wp-json\/wp\/v2\/users\/1"}],"replies":[{"embeddable":true,"href":"https:\/\/congovirtuel.com\/information\/wp-json\/wp\/v2\/comments?post=967"}],"version-history":[{"count":1,"href":"https:\/\/congovirtuel.com\/information\/wp-json\/wp\/v2\/posts\/967\/revisions"}],"predecessor-version":[{"id":970,"href":"https:\/\/congovirtuel.com\/information\/wp-json\/wp\/v2\/posts\/967\/revisions\/970"}],"wp:featuredmedia":[{"embeddable":true,"href":"https:\/\/congovirtuel.com\/information\/wp-json\/wp\/v2\/media\/969"}],"wp:attachment":[{"href":"https:\/\/congovirtuel.com\/information\/wp-json\/wp\/v2\/media?parent=967"}],"wp:term":[{"taxonomy":"category","embeddable":true,"href":"https:\/\/congovirtuel.com\/information\/wp-json\/wp\/v2\/categories?post=967"},{"taxonomy":"post_tag","embeddable":true,"href":"https:\/\/congovirtuel.com\/information\/wp-json\/wp\/v2\/tags?post=967"}],"curies":[{"name":"wp","href":"https:\/\/api.w.org\/{rel}","templated":true}]}}