{"id":972,"date":"2020-04-15T16:43:22","date_gmt":"2020-04-15T15:43:22","guid":{"rendered":"https:\/\/congovirtuel.com\/information\/?p=972"},"modified":"2020-04-15T16:43:28","modified_gmt":"2020-04-15T15:43:28","slug":"rdc-v-kamhere-la-cour-vient-de-rejeter-a-nouveau-la-demande-de-liberte-provisoire","status":"publish","type":"post","link":"https:\/\/congovirtuel.com\/information\/rdc-v-kamhere-la-cour-vient-de-rejeter-a-nouveau-la-demande-de-liberte-provisoire\/","title":{"rendered":"RDC : V. Kamhere, la Cour vient de rejeter \u00e0 nouveau la demande de libert\u00e9 provisoire","gt_translate_keys":[{"key":"rendered","format":"text"}]},"content":{"rendered":"\n<p class=\"wp-block-paragraph\"><strong>Le directeur du cabinet du Chef de l\u2019Etat ne va b\u00e9n\u00e9ficier\nd\u2019une libert\u00e9 provisoire, un deuxi\u00e8me rejet, apr\u00e8s la premi\u00e8re tentative de la\nsemaine pass\u00e9e. <\/strong><\/p>\n\n\n\n<p class=\"wp-block-paragraph\"><strong>Les juges d\u2019appel ont statu\u00e9 sur l\u2019affaire, aujourd\u2019hui\nmercredi 15 avril, \u00e0 la prison centrale de Makala, sur demande des avocats de\nVital Kamhere. <\/strong><\/p>\n\n\n\n<p class=\"wp-block-paragraph\"><strong>N\u2019ayant pas\nd\u00e9missionn\u00e9 de son poste de Directeur de cabinet du pr\u00e9sident de la R\u00e9publique,\nla Justice craint que Vital fasse obstruction \u00e0 l\u2019enqu\u00eate en cours.<\/strong><\/p>\n\n\n\n<p class=\"wp-block-paragraph\"><strong>Les avocats ont\nd\u00e9nonc\u00e9 cette d\u00e9cision au motif que Vital offre suffisamment de garantie \u00e0 r\u00e9pondre\n\u00e0 tout moment \u00e0 la convocation de la justice.<\/strong><\/p>\n","protected":false,"gt_translate_keys":[{"key":"rendered","format":"html"}]},"excerpt":{"rendered":"<p>Le directeur du cabinet du Chef de l\u2019Etat ne va b\u00e9n\u00e9ficier d\u2019une libert\u00e9 provisoire, un deuxi\u00e8me rejet, apr\u00e8s la premi\u00e8re tentative de la semaine pass\u00e9e. Les juges d\u2019appel ont statu\u00e9 sur l\u2019affaire, aujourd\u2019hui mercredi 15 avril, \u00e0 la prison centrale de Makala, sur demande des avocats de Vital Kamhere. N\u2019ayant pas d\u00e9missionn\u00e9 de son poste de Directeur de cabinet du pr\u00e9sident de la R\u00e9publique, la Justice craint que Vital fasse obstruction \u00e0 l\u2019enqu\u00eate en cours. Les avocats ont d\u00e9nonc\u00e9 cette d\u00e9cision au motif que Vital offre suffisamment de garantie \u00e0&hellip;<\/p>\n","protected":false,"gt_translate_keys":[{"key":"rendered","format":"html"}]},"author":1,"featured_media":973,"comment_status":"open","ping_status":"open","sticky":false,"template":"","format":"standard","meta":{"_crdt_document":"","footnotes":""},"categories":[239,177],"tags":[182,243],"class_list":["post-972","post","type-post","status-publish","format-standard","has-post-thumbnail","hentry","category-programme-100-jours","category-rdc-democratie","tag-programme-de-100-jours","tag-vital-kamhere"],"gutentor_comment":0,"yoast_head":"<!-- This site is optimized with the Yoast SEO plugin v27.5 - https:\/\/yoast.com\/product\/yoast-seo-wordpress\/ -->\n<title>RDC : V. Kamhere, la Cour vient de rejeter \u00e0 nouveau la demande de libert\u00e9 provisoire - Actualit\u00e9s congolaises et internationales<\/title>\n<meta name=\"robots\" content=\"index, follow, max-snippet:-1, max-image-preview:large, max-video-preview:-1\" \/>\n<link rel=\"canonical\" href=\"https:\/\/congovirtuel.com\/information\/rdc-v-kamhere-la-cour-vient-de-rejeter-a-nouveau-la-demande-de-liberte-provisoire\/\" \/>\n<meta property=\"og:locale\" content=\"fr_FR\" \/>\n<meta property=\"og:type\" content=\"article\" \/>\n<meta property=\"og:title\" content=\"RDC : V. Kamhere, la Cour vient de rejeter \u00e0 nouveau la demande de libert\u00e9 provisoire - Actualit\u00e9s congolaises et internationales\" \/>\n<meta property=\"og:description\" content=\"Le directeur du cabinet du Chef de l\u2019Etat ne va b\u00e9n\u00e9ficier d\u2019une libert\u00e9 provisoire, un deuxi\u00e8me rejet, apr\u00e8s la premi\u00e8re tentative de la semaine pass\u00e9e. Les juges d\u2019appel ont statu\u00e9 sur l\u2019affaire, aujourd\u2019hui mercredi 15 avril, \u00e0 la prison centrale de Makala, sur demande des avocats de Vital Kamhere. N\u2019ayant pas d\u00e9missionn\u00e9 de son poste de Directeur de cabinet du pr\u00e9sident de la R\u00e9publique, la Justice craint que Vital fasse obstruction \u00e0 l\u2019enqu\u00eate en cours. Les avocats ont d\u00e9nonc\u00e9 cette d\u00e9cision au motif que Vital offre suffisamment de garantie \u00e0&hellip;\" \/>\n<meta property=\"og:url\" content=\"https:\/\/congovirtuel.com\/information\/rdc-v-kamhere-la-cour-vient-de-rejeter-a-nouveau-la-demande-de-liberte-provisoire\/\" \/>\n<meta property=\"og:site_name\" content=\"Actualit\u00e9s congolaises et internationales\" \/>\n<meta property=\"article:publisher\" content=\"https:\/\/web.facebook.com\/Congovirtuel-763617960319601\/?ref=aymt_homepage_panel&amp;amp%3bamp%3bamp%3bamp%3bamp%3bamp%3bamp%3bamp%3bamp%3bamp%3bamp%3beid=ARCoxULa66767kIgF_KYav6VdjXTI4yk_LW4yoVO9s6NXpysgb7Cb65vpxcxgqzOAKvIbLQxaAETcqHT\" \/>\n<meta property=\"article:published_time\" content=\"2020-04-15T15:43:22+00:00\" \/>\n<meta property=\"article:modified_time\" content=\"2020-04-15T15:43:28+00:00\" \/>\n<meta property=\"og:image\" content=\"https:\/\/congovirtuel.com\/information\/wp-content\/uploads\/2020\/04\/pgr_matete.jpg\" \/>\n\t<meta property=\"og:image:width\" content=\"720\" \/>\n\t<meta property=\"og:image:height\" content=\"897\" \/>\n\t<meta property=\"og:image:type\" content=\"image\/jpeg\" \/>\n<meta name=\"author\" content=\"infocongovirtuel\" \/>\n<meta name=\"twitter:card\" content=\"summary_large_image\" \/>\n<meta name=\"twitter:creator\" content=\"@congovirtuel\" \/>\n<meta name=\"twitter:site\" content=\"@congovirtuel\" \/>\n<meta name=\"twitter:label1\" content=\"\u00c9crit par\" \/>\n\t<meta name=\"twitter:data1\" content=\"infocongovirtuel\" \/>\n\t<meta name=\"twitter:label2\" content=\"Dur\u00e9e de lecture estim\u00e9e\" \/>\n\t<meta name=\"twitter:data2\" content=\"1 minute\" \/>\n<script type=\"application\/ld+json\" class=\"yoast-schema-graph\">{\"@context\":\"https:\\\/\\\/schema.org\",\"@graph\":[{\"@type\":\"Article\",\"@id\":\"https:\\\/\\\/congovirtuel.com\\\/information\\\/rdc-v-kamhere-la-cour-vient-de-rejeter-a-nouveau-la-demande-de-liberte-provisoire\\\/#article\",\"isPartOf\":{\"@id\":\"https:\\\/\\\/congovirtuel.com\\\/information\\\/rdc-v-kamhere-la-cour-vient-de-rejeter-a-nouveau-la-demande-de-liberte-provisoire\\\/\"},\"author\":{\"name\":\"infocongovirtuel\",\"@id\":\"https:\\\/\\\/congovirtuel.com\\\/information\\\/#\\\/schema\\\/person\\\/739a44bf7990966cb53d58d2fdeca0b6\"},\"headline\":\"RDC : V. Kamhere, la Cour vient de rejeter \u00e0 nouveau la demande de libert\u00e9 provisoire\",\"datePublished\":\"2020-04-15T15:43:22+00:00\",\"dateModified\":\"2020-04-15T15:43:28+00:00\",\"mainEntityOfPage\":{\"@id\":\"https:\\\/\\\/congovirtuel.com\\\/information\\\/rdc-v-kamhere-la-cour-vient-de-rejeter-a-nouveau-la-demande-de-liberte-provisoire\\\/\"},\"wordCount\":128,\"commentCount\":0,\"publisher\":{\"@id\":\"https:\\\/\\\/congovirtuel.com\\\/information\\\/#organization\"},\"image\":{\"@id\":\"https:\\\/\\\/congovirtuel.com\\\/information\\\/rdc-v-kamhere-la-cour-vient-de-rejeter-a-nouveau-la-demande-de-liberte-provisoire\\\/#primaryimage\"},\"thumbnailUrl\":\"https:\\\/\\\/congovirtuel.com\\\/information\\\/wp-content\\\/uploads\\\/2020\\\/04\\\/pgr_matete.jpg\",\"keywords\":[\"Programme de 100 jours\",\"vital kamhere\"],\"articleSection\":[\"Programme 100 jours\",\"RDC\"],\"inLanguage\":\"fr-FR\",\"potentialAction\":[{\"@type\":\"CommentAction\",\"name\":\"Comment\",\"target\":[\"https:\\\/\\\/congovirtuel.com\\\/information\\\/rdc-v-kamhere-la-cour-vient-de-rejeter-a-nouveau-la-demande-de-liberte-provisoire\\\/#respond\"]}]},{\"@type\":\"WebPage\",\"@id\":\"https:\\\/\\\/congovirtuel.com\\\/information\\\/rdc-v-kamhere-la-cour-vient-de-rejeter-a-nouveau-la-demande-de-liberte-provisoire\\\/\",\"url\":\"https:\\\/\\\/congovirtuel.com\\\/information\\\/rdc-v-kamhere-la-cour-vient-de-rejeter-a-nouveau-la-demande-de-liberte-provisoire\\\/\",\"name\":\"RDC : V. Kamhere, la Cour vient de rejeter \u00e0 nouveau la demande de libert\u00e9 provisoire - Actualit\u00e9s congolaises et internationales\",\"isPartOf\":{\"@id\":\"https:\\\/\\\/congovirtuel.com\\\/information\\\/#website\"},\"primaryImageOfPage\":{\"@id\":\"https:\\\/\\\/congovirtuel.com\\\/information\\\/rdc-v-kamhere-la-cour-vient-de-rejeter-a-nouveau-la-demande-de-liberte-provisoire\\\/#primaryimage\"},\"image\":{\"@id\":\"https:\\\/\\\/congovirtuel.com\\\/information\\\/rdc-v-kamhere-la-cour-vient-de-rejeter-a-nouveau-la-demande-de-liberte-provisoire\\\/#primaryimage\"},\"thumbnailUrl\":\"https:\\\/\\\/congovirtuel.com\\\/information\\\/wp-content\\\/uploads\\\/2020\\\/04\\\/pgr_matete.jpg\",\"datePublished\":\"2020-04-15T15:43:22+00:00\",\"dateModified\":\"2020-04-15T15:43:28+00:00\",\"breadcrumb\":{\"@id\":\"https:\\\/\\\/congovirtuel.com\\\/information\\\/rdc-v-kamhere-la-cour-vient-de-rejeter-a-nouveau-la-demande-de-liberte-provisoire\\\/#breadcrumb\"},\"inLanguage\":\"fr-FR\",\"potentialAction\":[{\"@type\":\"ReadAction\",\"target\":[\"https:\\\/\\\/congovirtuel.com\\\/information\\\/rdc-v-kamhere-la-cour-vient-de-rejeter-a-nouveau-la-demande-de-liberte-provisoire\\\/\"]}]},{\"@type\":\"ImageObject\",\"inLanguage\":\"fr-FR\",\"@id\":\"https:\\\/\\\/congovirtuel.com\\\/information\\\/rdc-v-kamhere-la-cour-vient-de-rejeter-a-nouveau-la-demande-de-liberte-provisoire\\\/#primaryimage\",\"url\":\"https:\\\/\\\/congovirtuel.com\\\/information\\\/wp-content\\\/uploads\\\/2020\\\/04\\\/pgr_matete.jpg\",\"contentUrl\":\"https:\\\/\\\/congovirtuel.com\\\/information\\\/wp-content\\\/uploads\\\/2020\\\/04\\\/pgr_matete.jpg\",\"width\":720,\"height\":897,\"caption\":\"PGR_MATETE\"},{\"@type\":\"BreadcrumbList\",\"@id\":\"https:\\\/\\\/congovirtuel.com\\\/information\\\/rdc-v-kamhere-la-cour-vient-de-rejeter-a-nouveau-la-demande-de-liberte-provisoire\\\/#breadcrumb\",\"itemListElement\":[{\"@type\":\"ListItem\",\"position\":1,\"name\":\"Accueil\",\"item\":\"https:\\\/\\\/congovirtuel.com\\\/information\\\/\"},{\"@type\":\"ListItem\",\"position\":2,\"name\":\"RDC : V. Kamhere, la Cour vient de rejeter \u00e0 nouveau la demande de libert\u00e9 provisoire\"}]},{\"@type\":\"WebSite\",\"@id\":\"https:\\\/\\\/congovirtuel.com\\\/information\\\/#website\",\"url\":\"https:\\\/\\\/congovirtuel.com\\\/information\\\/\",\"name\":\"Actualit\u00e9s congolaises et internationales\",\"description\":\"site d&#039;analyse et de traitement d&#039;information\",\"publisher\":{\"@id\":\"https:\\\/\\\/congovirtuel.com\\\/information\\\/#organization\"},\"potentialAction\":[{\"@type\":\"SearchAction\",\"target\":{\"@type\":\"EntryPoint\",\"urlTemplate\":\"https:\\\/\\\/congovirtuel.com\\\/information\\\/?s={search_term_string}\"},\"query-input\":{\"@type\":\"PropertyValueSpecification\",\"valueRequired\":true,\"valueName\":\"search_term_string\"}}],\"inLanguage\":\"fr-FR\"},{\"@type\":\"Organization\",\"@id\":\"https:\\\/\\\/congovirtuel.com\\\/information\\\/#organization\",\"name\":\"Biblioth\u00e8que Virtuelle de la RDC\",\"url\":\"https:\\\/\\\/congovirtuel.com\\\/information\\\/\",\"logo\":{\"@type\":\"ImageObject\",\"inLanguage\":\"fr-FR\",\"@id\":\"https:\\\/\\\/congovirtuel.com\\\/information\\\/#\\\/schema\\\/logo\\\/image\\\/\",\"url\":\"https:\\\/\\\/congovirtuel.com\\\/information\\\/wp-content\\\/uploads\\\/2018\\\/10\\\/header-info-congovirtuel-vraie.jpg\",\"contentUrl\":\"https:\\\/\\\/congovirtuel.com\\\/information\\\/wp-content\\\/uploads\\\/2018\\\/10\\\/header-info-congovirtuel-vraie.jpg\",\"width\":728,\"height\":90,\"caption\":\"Biblioth\u00e8que Virtuelle de la RDC\"},\"image\":{\"@id\":\"https:\\\/\\\/congovirtuel.com\\\/information\\\/#\\\/schema\\\/logo\\\/image\\\/\"},\"sameAs\":[\"https:\\\/\\\/web.facebook.com\\\/Congovirtuel-763617960319601\\\/?ref=aymt_homepage_panel&amp;amp;amp;amp;amp;amp;amp;amp;amp;amp;amp;eid=ARCoxULa66767kIgF_KYav6VdjXTI4yk_LW4yoVO9s6NXpysgb7Cb65vpxcxgqzOAKvIbLQxaAETcqHT\",\"https:\\\/\\\/x.com\\\/congovirtuel\",\"https:\\\/\\\/www.youtube.com\\\/channel\\\/UCkFfprYzGgS3EWNpeMXpToQ?view_as=subscriber\"]},{\"@type\":\"Person\",\"@id\":\"https:\\\/\\\/congovirtuel.com\\\/information\\\/#\\\/schema\\\/person\\\/739a44bf7990966cb53d58d2fdeca0b6\",\"name\":\"infocongovirtuel\",\"image\":{\"@type\":\"ImageObject\",\"inLanguage\":\"fr-FR\",\"@id\":\"https:\\\/\\\/secure.gravatar.com\\\/avatar\\\/4d76991aa72469f0eb22e772586c99113c6997f88da636a9db8f2ce3a2c05e69?s=96&d=mm&r=g\",\"url\":\"https:\\\/\\\/secure.gravatar.com\\\/avatar\\\/4d76991aa72469f0eb22e772586c99113c6997f88da636a9db8f2ce3a2c05e69?s=96&d=mm&r=g\",\"contentUrl\":\"https:\\\/\\\/secure.gravatar.com\\\/avatar\\\/4d76991aa72469f0eb22e772586c99113c6997f88da636a9db8f2ce3a2c05e69?s=96&d=mm&r=g\",\"caption\":\"infocongovirtuel\"},\"url\":\"https:\\\/\\\/congovirtuel.com\\\/information\\\/author\\\/infocongovirtuel\\\/\"}]}<\/script>\n<!-- \/ Yoast SEO plugin. -->","yoast_head_json":{"title":"RDC : V. Kamhere, la Cour vient de rejeter \u00e0 nouveau la demande de libert\u00e9 provisoire - Actualit\u00e9s congolaises et internationales","robots":{"index":"index","follow":"follow","max-snippet":"max-snippet:-1","max-image-preview":"max-image-preview:large","max-video-preview":"max-video-preview:-1"},"canonical":"https:\/\/congovirtuel.com\/information\/rdc-v-kamhere-la-cour-vient-de-rejeter-a-nouveau-la-demande-de-liberte-provisoire\/","og_locale":"fr_FR","og_type":"article","og_title":"RDC : V. Kamhere, la Cour vient de rejeter \u00e0 nouveau la demande de libert\u00e9 provisoire - Actualit\u00e9s congolaises et internationales","og_description":"Le directeur du cabinet du Chef de l\u2019Etat ne va b\u00e9n\u00e9ficier d\u2019une libert\u00e9 provisoire, un deuxi\u00e8me rejet, apr\u00e8s la premi\u00e8re tentative de la semaine pass\u00e9e. Les juges d\u2019appel ont statu\u00e9 sur l\u2019affaire, aujourd\u2019hui mercredi 15 avril, \u00e0 la prison centrale de Makala, sur demande des avocats de Vital Kamhere. N\u2019ayant pas d\u00e9missionn\u00e9 de son poste de Directeur de cabinet du pr\u00e9sident de la R\u00e9publique, la Justice craint que Vital fasse obstruction \u00e0 l\u2019enqu\u00eate en cours. Les avocats ont d\u00e9nonc\u00e9 cette d\u00e9cision au motif que Vital offre suffisamment de garantie \u00e0&hellip;","og_url":"https:\/\/congovirtuel.com\/information\/rdc-v-kamhere-la-cour-vient-de-rejeter-a-nouveau-la-demande-de-liberte-provisoire\/","og_site_name":"Actualit\u00e9s congolaises et internationales","article_publisher":"https:\/\/web.facebook.com\/Congovirtuel-763617960319601\/?ref=aymt_homepage_panel&amp%3bamp%3bamp%3bamp%3bamp%3bamp%3bamp%3bamp%3bamp%3bamp%3bamp%3beid=ARCoxULa66767kIgF_KYav6VdjXTI4yk_LW4yoVO9s6NXpysgb7Cb65vpxcxgqzOAKvIbLQxaAETcqHT","article_published_time":"2020-04-15T15:43:22+00:00","article_modified_time":"2020-04-15T15:43:28+00:00","og_image":[{"width":720,"height":897,"url":"https:\/\/congovirtuel.com\/information\/wp-content\/uploads\/2020\/04\/pgr_matete.jpg","type":"image\/jpeg"}],"author":"infocongovirtuel","twitter_card":"summary_large_image","twitter_creator":"@congovirtuel","twitter_site":"@congovirtuel","twitter_misc":{"\u00c9crit par":"infocongovirtuel","Dur\u00e9e de lecture estim\u00e9e":"1 minute"},"schema":{"@context":"https:\/\/schema.org","@graph":[{"@type":"Article","@id":"https:\/\/congovirtuel.com\/information\/rdc-v-kamhere-la-cour-vient-de-rejeter-a-nouveau-la-demande-de-liberte-provisoire\/#article","isPartOf":{"@id":"https:\/\/congovirtuel.com\/information\/rdc-v-kamhere-la-cour-vient-de-rejeter-a-nouveau-la-demande-de-liberte-provisoire\/"},"author":{"name":"infocongovirtuel","@id":"https:\/\/congovirtuel.com\/information\/#\/schema\/person\/739a44bf7990966cb53d58d2fdeca0b6"},"headline":"RDC : V. Kamhere, la Cour vient de rejeter \u00e0 nouveau la demande de libert\u00e9 provisoire","datePublished":"2020-04-15T15:43:22+00:00","dateModified":"2020-04-15T15:43:28+00:00","mainEntityOfPage":{"@id":"https:\/\/congovirtuel.com\/information\/rdc-v-kamhere-la-cour-vient-de-rejeter-a-nouveau-la-demande-de-liberte-provisoire\/"},"wordCount":128,"commentCount":0,"publisher":{"@id":"https:\/\/congovirtuel.com\/information\/#organization"},"image":{"@id":"https:\/\/congovirtuel.com\/information\/rdc-v-kamhere-la-cour-vient-de-rejeter-a-nouveau-la-demande-de-liberte-provisoire\/#primaryimage"},"thumbnailUrl":"https:\/\/congovirtuel.com\/information\/wp-content\/uploads\/2020\/04\/pgr_matete.jpg","keywords":["Programme de 100 jours","vital kamhere"],"articleSection":["Programme 100 jours","RDC"],"inLanguage":"fr-FR","potentialAction":[{"@type":"CommentAction","name":"Comment","target":["https:\/\/congovirtuel.com\/information\/rdc-v-kamhere-la-cour-vient-de-rejeter-a-nouveau-la-demande-de-liberte-provisoire\/#respond"]}]},{"@type":"WebPage","@id":"https:\/\/congovirtuel.com\/information\/rdc-v-kamhere-la-cour-vient-de-rejeter-a-nouveau-la-demande-de-liberte-provisoire\/","url":"https:\/\/congovirtuel.com\/information\/rdc-v-kamhere-la-cour-vient-de-rejeter-a-nouveau-la-demande-de-liberte-provisoire\/","name":"RDC : V. Kamhere, la Cour vient de rejeter \u00e0 nouveau la demande de libert\u00e9 provisoire - Actualit\u00e9s congolaises et internationales","isPartOf":{"@id":"https:\/\/congovirtuel.com\/information\/#website"},"primaryImageOfPage":{"@id":"https:\/\/congovirtuel.com\/information\/rdc-v-kamhere-la-cour-vient-de-rejeter-a-nouveau-la-demande-de-liberte-provisoire\/#primaryimage"},"image":{"@id":"https:\/\/congovirtuel.com\/information\/rdc-v-kamhere-la-cour-vient-de-rejeter-a-nouveau-la-demande-de-liberte-provisoire\/#primaryimage"},"thumbnailUrl":"https:\/\/congovirtuel.com\/information\/wp-content\/uploads\/2020\/04\/pgr_matete.jpg","datePublished":"2020-04-15T15:43:22+00:00","dateModified":"2020-04-15T15:43:28+00:00","breadcrumb":{"@id":"https:\/\/congovirtuel.com\/information\/rdc-v-kamhere-la-cour-vient-de-rejeter-a-nouveau-la-demande-de-liberte-provisoire\/#breadcrumb"},"inLanguage":"fr-FR","potentialAction":[{"@type":"ReadAction","target":["https:\/\/congovirtuel.com\/information\/rdc-v-kamhere-la-cour-vient-de-rejeter-a-nouveau-la-demande-de-liberte-provisoire\/"]}]},{"@type":"ImageObject","inLanguage":"fr-FR","@id":"https:\/\/congovirtuel.com\/information\/rdc-v-kamhere-la-cour-vient-de-rejeter-a-nouveau-la-demande-de-liberte-provisoire\/#primaryimage","url":"https:\/\/congovirtuel.com\/information\/wp-content\/uploads\/2020\/04\/pgr_matete.jpg","contentUrl":"https:\/\/congovirtuel.com\/information\/wp-content\/uploads\/2020\/04\/pgr_matete.jpg","width":720,"height":897,"caption":"PGR_MATETE"},{"@type":"BreadcrumbList","@id":"https:\/\/congovirtuel.com\/information\/rdc-v-kamhere-la-cour-vient-de-rejeter-a-nouveau-la-demande-de-liberte-provisoire\/#breadcrumb","itemListElement":[{"@type":"ListItem","position":1,"name":"Accueil","item":"https:\/\/congovirtuel.com\/information\/"},{"@type":"ListItem","position":2,"name":"RDC : V. Kamhere, la Cour vient de rejeter \u00e0 nouveau la demande de libert\u00e9 provisoire"}]},{"@type":"WebSite","@id":"https:\/\/congovirtuel.com\/information\/#website","url":"https:\/\/congovirtuel.com\/information\/","name":"Actualit\u00e9s congolaises et internationales","description":"site d&#039;analyse et de traitement d&#039;information","publisher":{"@id":"https:\/\/congovirtuel.com\/information\/#organization"},"potentialAction":[{"@type":"SearchAction","target":{"@type":"EntryPoint","urlTemplate":"https:\/\/congovirtuel.com\/information\/?s={search_term_string}"},"query-input":{"@type":"PropertyValueSpecification","valueRequired":true,"valueName":"search_term_string"}}],"inLanguage":"fr-FR"},{"@type":"Organization","@id":"https:\/\/congovirtuel.com\/information\/#organization","name":"Biblioth\u00e8que Virtuelle de la RDC","url":"https:\/\/congovirtuel.com\/information\/","logo":{"@type":"ImageObject","inLanguage":"fr-FR","@id":"https:\/\/congovirtuel.com\/information\/#\/schema\/logo\/image\/","url":"https:\/\/congovirtuel.com\/information\/wp-content\/uploads\/2018\/10\/header-info-congovirtuel-vraie.jpg","contentUrl":"https:\/\/congovirtuel.com\/information\/wp-content\/uploads\/2018\/10\/header-info-congovirtuel-vraie.jpg","width":728,"height":90,"caption":"Biblioth\u00e8que Virtuelle de la RDC"},"image":{"@id":"https:\/\/congovirtuel.com\/information\/#\/schema\/logo\/image\/"},"sameAs":["https:\/\/web.facebook.com\/Congovirtuel-763617960319601\/?ref=aymt_homepage_panel&amp;amp;amp;amp;amp;amp;amp;amp;amp;amp;amp;eid=ARCoxULa66767kIgF_KYav6VdjXTI4yk_LW4yoVO9s6NXpysgb7Cb65vpxcxgqzOAKvIbLQxaAETcqHT","https:\/\/x.com\/congovirtuel","https:\/\/www.youtube.com\/channel\/UCkFfprYzGgS3EWNpeMXpToQ?view_as=subscriber"]},{"@type":"Person","@id":"https:\/\/congovirtuel.com\/information\/#\/schema\/person\/739a44bf7990966cb53d58d2fdeca0b6","name":"infocongovirtuel","image":{"@type":"ImageObject","inLanguage":"fr-FR","@id":"https:\/\/secure.gravatar.com\/avatar\/4d76991aa72469f0eb22e772586c99113c6997f88da636a9db8f2ce3a2c05e69?s=96&d=mm&r=g","url":"https:\/\/secure.gravatar.com\/avatar\/4d76991aa72469f0eb22e772586c99113c6997f88da636a9db8f2ce3a2c05e69?s=96&d=mm&r=g","contentUrl":"https:\/\/secure.gravatar.com\/avatar\/4d76991aa72469f0eb22e772586c99113c6997f88da636a9db8f2ce3a2c05e69?s=96&d=mm&r=g","caption":"infocongovirtuel"},"url":"https:\/\/congovirtuel.com\/information\/author\/infocongovirtuel\/"}]}},"gt_translate_keys":[{"key":"link","format":"url"}],"_links":{"self":[{"href":"https:\/\/congovirtuel.com\/information\/wp-json\/wp\/v2\/posts\/972","targetHints":{"allow":["GET"]}}],"collection":[{"href":"https:\/\/congovirtuel.com\/information\/wp-json\/wp\/v2\/posts"}],"about":[{"href":"https:\/\/congovirtuel.com\/information\/wp-json\/wp\/v2\/types\/post"}],"author":[{"embeddable":true,"href":"https:\/\/congovirtuel.com\/information\/wp-json\/wp\/v2\/users\/1"}],"replies":[{"embeddable":true,"href":"https:\/\/congovirtuel.com\/information\/wp-json\/wp\/v2\/comments?post=972"}],"version-history":[{"count":1,"href":"https:\/\/congovirtuel.com\/information\/wp-json\/wp\/v2\/posts\/972\/revisions"}],"predecessor-version":[{"id":974,"href":"https:\/\/congovirtuel.com\/information\/wp-json\/wp\/v2\/posts\/972\/revisions\/974"}],"wp:featuredmedia":[{"embeddable":true,"href":"https:\/\/congovirtuel.com\/information\/wp-json\/wp\/v2\/media\/973"}],"wp:attachment":[{"href":"https:\/\/congovirtuel.com\/information\/wp-json\/wp\/v2\/media?parent=972"}],"wp:term":[{"taxonomy":"category","embeddable":true,"href":"https:\/\/congovirtuel.com\/information\/wp-json\/wp\/v2\/categories?post=972"},{"taxonomy":"post_tag","embeddable":true,"href":"https:\/\/congovirtuel.com\/information\/wp-json\/wp\/v2\/tags?post=972"}],"curies":[{"name":"wp","href":"https:\/\/api.w.org\/{rel}","templated":true}]}}