{"id":9773,"date":"2021-05-29T09:02:24","date_gmt":"2021-05-29T08:02:24","guid":{"rendered":"https:\/\/congovirtuel.com\/information\/?p=9773"},"modified":"2021-05-29T09:02:27","modified_gmt":"2021-05-29T08:02:27","slug":"genocide-au-rwanda-la-france-a-fait-un-grand-pas-nous-devons-laccepter-selon-le-president-paul-kagame","status":"publish","type":"post","link":"https:\/\/congovirtuel.com\/information\/genocide-au-rwanda-la-france-a-fait-un-grand-pas-nous-devons-laccepter-selon-le-president-paul-kagame\/","title":{"rendered":"G\u00e9nocide au Rwanda : la France a fait \u00ab\u00a0un grand pas, nous devons l&rsquo;accepter\u00a0\u00bb, selon le pr\u00e9sident Paul Kagame","gt_translate_keys":[{"key":"rendered","format":"text"}]},"content":{"rendered":"\n<p class=\"wp-block-paragraph\">\u00ab\u00a0<em>C&rsquo;est un grand pas, nous devons l&rsquo;accepter<\/em>\u00ab\u00a0: le pr\u00e9sident rwandais Paul Kagame explique avoir choisi de reconna\u00eetre le travail de la France sur son r\u00f4le dans le g\u00e9nocide de 1994, m\u00eame s&rsquo;il n&rsquo;a pas abouti \u00e0 des excuses, dans un entretien accord\u00e9 \u00e0 l&rsquo;AFP et\u00a0<a href=\"https:\/\/www.franceinter.fr\/monde\/exclu-france-inter-apres-le-discours-d-emmanuel-macron-au-rwanda-paul-kagame-ne-voit-pas-de-baguette-magique\" target=\"_blank\" rel=\"noreferrer noopener\">France Inter<\/a>.<\/p>\n\n\n\n<p class=\"wp-block-paragraph\"><a href=\"https:\/\/www.rtbf.be\/info\/monde\/detail_emmanuel-macron-a-kigali-un-discours-puissant-avec-une-signification-particuliere-selon-le-president-rwandais-paul-kagame?id=10770337\">Le pr\u00e9sident fran\u00e7ais Emmanuel Macron s&rsquo;est rendu jeudi dans la capitale rwandaise Kigali pour \u00ab\u00a0<em>reconna\u00eetre (les) responsabilit\u00e9s<\/em>\u00a0\u00bb de la France dans cette trag\u00e9die<\/a>, qui a fait au moins 800.000 morts, essentiellement dans la minorit\u00e9 tutsi. Mais elle n&rsquo;a \u00ab\u00a0<em>pas \u00e9t\u00e9 complice<\/em>\u00ab\u00a0, a soulign\u00e9 le dirigeant fran\u00e7ais.<\/p>\n\n\n\n<p class=\"wp-block-paragraph\">Les excuses ou la demande de pardon attendues par les survivants et familles de victimes n&rsquo;ont pas eu lieu.<\/p>\n\n\n\n<p class=\"wp-block-paragraph\">Ancien chef de la r\u00e9bellion tutsi qui a r\u00e9guli\u00e8rement accus\u00e9 la France de complicit\u00e9 dans le g\u00e9nocide du printemps 1994, le pr\u00e9sident Kagame a, lui, salu\u00e9 les paroles de son homologue qui ont \u00ab\u00a0<em>plus de valeur que des excuses<\/em>\u00ab\u00a0.<\/p>\n\n\n\n<p class=\"wp-block-paragraph\">Sur ce sujet \u00ab\u00a0<em>tr\u00e8s complexe<\/em>\u00ab\u00a0, \u00ab\u00a0<em>il n&rsquo;y a pas de r\u00e9ponse enti\u00e8rement satisfaisante<\/em>\u00ab\u00a0, a-t-il expliqu\u00e9 dans un entretien accord\u00e9 vendredi soir \u00e0 l&rsquo;AFP et France Inter: \u00ab\u00a0<em>Mais c&rsquo;est un grand pas. Nous devons le reconna\u00eetre, l&rsquo;accepter et travailler vers d&rsquo;autres \u00e9tapes<\/em>\u00ab\u00a0.<\/p>\n\n\n\n<p class=\"wp-block-paragraph\">\u00ab\u00a0<em>Quelqu&rsquo;un peut venir et dire &lsquo;je suis d\u00e9sol\u00e9, je m&rsquo;excuse&rsquo;, il y aura toujours des gens pour dire &lsquo;ce n&rsquo;est pas assez&rsquo;. Et c&rsquo;est leur droit (&#8230;) Je ne crois pas qu&rsquo;il y ait de solution miracle, quelque chose qui viendra tout r\u00e9gler<\/em>\u00ab\u00a0, estime-t-il.<\/p>\n\n\n\n<p class=\"wp-block-paragraph\">\u00ab\u00a0<em>Est-ce que \u00e7a r\u00e9pond \u00e0 toutes les questions que les gens se posent ? Je ne pense pas. Est-ce que les survivants ont le droit de contester ? Ils ont le droit.<\/em>\u00ab\u00a0<\/p>\n\n\n\n<p class=\"wp-block-paragraph\">\u00ab\u00a0<em>Je n&rsquo;ai jamais pr\u00e9tendu \u00eatre le juge, l&rsquo;arbitre final de ce qui doit \u00eatre dit ou fait<\/em>\u00ab\u00a0, affirme-t-il, mais \u00ab\u00a0<em>nous ne devons pas laisser l&rsquo;acrimonie ou les malentendus autour de la v\u00e9rit\u00e9 se poursuivre, nous devons \u00eatre capables d&rsquo;\u00eatre sensibles aux sentiments et aux opinions des survivants directement, sp\u00e9cifiquement et aussi \u00e0 l&rsquo;avenir que chacun doit vivre<\/em>\u00ab\u00a0.<\/p>\n\n\n\n<p class=\"wp-block-paragraph\">Au-del\u00e0 de la visite et des mots du discours d&rsquo;Emmanuel Macron, le dirigeant rwandais dit reconna\u00eetre la d\u00e9marche qu&rsquo;il a men\u00e9e ces derni\u00e8res ann\u00e9es, avec notamment l&rsquo;instauration d&rsquo;une commission d&rsquo;historiens, dirig\u00e9e par Vincent Duclert. Dans un rapport remis fin mars, celle-ci a conclu aux \u00ab\u00a0<em>responsabilit\u00e9s lourdes et accablantes<\/em>\u00a0\u00bb de la France et \u00e0 l'\u00a0\u00bb<em>aveuglement<\/em>\u00a0\u00bb du pr\u00e9sident socialiste de l&rsquo;\u00e9poque Fran\u00e7ois Mitterrand et de son entourage face \u00e0 la d\u00e9rive raciste et g\u00e9nocidaire du gouvernement hutu que soutenait alors Paris.<\/p>\n\n\n\n<p class=\"wp-block-paragraph\">Un rapport rwandais publi\u00e9 quelques semaines plus tard \u00e9tablit que \u00ab\u00a0<em>l&rsquo;\u00c9tat fran\u00e7ais porte une lourde responsabilit\u00e9 pour avoir rendu possible un g\u00e9nocide pr\u00e9visible<\/em>\u00ab\u00a0.<\/p>\n\n\n\n<p class=\"wp-block-paragraph\">Ces deux commissions ont \u00ab\u00a0<em>\u00e9tabli des faits<\/em>\u00a0\u00bb et \u00ab\u00a0<em>disent quasiment la m\u00eame chose mais de mani\u00e8re diff\u00e9rente<\/em>\u00ab\u00a0, estime M. Kagame.<\/p>\n\n\n\n<p class=\"wp-block-paragraph\">Le pr\u00e9sident rwandais place Emmanuel Macron devant son engagement, pris jeudi, \u00e0 ce \u00ab\u00a0<em>qu&rsquo;aucune personne soup\u00e7onn\u00e9e de crimes de g\u00e9nocide ne puisse \u00e9chapper au travail des juges<\/em>\u00ab\u00a0. Il ne demande pas d&rsquo;extradition. \u00ab\u00a0<em>Si la justice est rendue en France contre ces gens, j&rsquo;en serai heureux. Je n&rsquo;ai pas \u00e0 dire &lsquo;ce ne sera justice que si vous me les donnez et que nous les jugeons devant nos tribunaux&rsquo;. La justice est la justice.<\/em>\u00ab\u00a0<\/p>\n\n\n\n<p class=\"wp-block-paragraph\">\u00ab\u00a0<em>Je ne suis pas sp\u00e9cifique sur la forme, mais sp\u00e9cifique sur le fait que ces gens ont de graves crimes retenus contre eux, dont ils doivent \u00eatre tenus pour responsables<\/em>\u00ab\u00a0, poursuit-il.<\/p>\n\n\n\n<p class=\"wp-block-paragraph\">L&rsquo;\u00e9tape de jeudi, aussi imparfaite soit-elle, pose les fondations d&rsquo;une \u00ab\u00a0<em>relation meilleure et plus profonde entre le Rwanda et la France<\/em>\u00ab\u00a0, selon lui.<\/p>\n\n\n\n<p class=\"wp-block-paragraph\">Certains d\u00e9tracteurs du r\u00e9gime estiment cependant que cette r\u00e9conciliation se fait aux d\u00e9pens des droits humains, accusant la France de rester silencieuse sur les atteintes d\u00e9nonc\u00e9es par des activistes et des ONG (libert\u00e9 de la presse bafou\u00e9e, opposition musel\u00e9e, morts en d\u00e9tention&#8230;).<\/p>\n\n\n\n<p class=\"wp-block-paragraph\">\u00ab\u00a0<em>Je ne vois rien de mal, que l&rsquo;on qualifierait de mal, qui se passe ici et qui ne se produit pas l\u00e0 d&rsquo;o\u00f9 vous venez<\/em>\u00ab\u00a0, r\u00e9torque-t-il aux journalistes fran\u00e7ais: \u00ab\u00a0<em>Quand \u00e7a se passe chez les autres, personne ne s&rsquo;en m\u00eale. Quand c&rsquo;est ici, nos probl\u00e8mes doivent \u00eatre trait\u00e9s par l&rsquo;ext\u00e9rieur, ou ils sont cr\u00e9\u00e9s par l&rsquo;ext\u00e9rieur<\/em>\u00ab\u00a0.<\/p>\n\n\n\n<p class=\"wp-block-paragraph\">\u00ab\u00a0<em>Chaque jour, on nous tire dessus. Beaucoup de mensonges, par centaines<\/em>\u00ab\u00a0, ass\u00e8ne-t-il.<\/p>\n\n\n\n<p class=\"wp-block-paragraph\">Homme fort du pays depuis 1994, pr\u00e9sident depuis 2000, Paul Kagame a fait modifier la Constitution en 2015, ce qui lui permet th\u00e9oriquement de rester au pouvoir jusqu&rsquo;en 2034.<\/p>\n\n\n\n<p class=\"wp-block-paragraph\">La prochaine \u00e9lection, en 2024, est encore loin, assure-t-il, affirmant se consacrer actuellement aux probl\u00e8mes de son pays et du continent: \u00ab\u00a0<em>Je n&rsquo;y pense pas beaucoup, je ne m&rsquo;en pr\u00e9occupe pas<\/em>\u00ab\u00a0.<\/p>\n\n\n\n<p class=\"wp-block-paragraph\"><strong>RTBF<\/strong><\/p>\n","protected":false,"gt_translate_keys":[{"key":"rendered","format":"html"}]},"excerpt":{"rendered":"<p>\u00ab\u00a0C&rsquo;est un grand pas, nous devons l&rsquo;accepter\u00ab\u00a0: le pr\u00e9sident rwandais Paul Kagame explique avoir choisi de reconna\u00eetre le travail de la France sur son r\u00f4le dans le g\u00e9nocide de 1994, m\u00eame s&rsquo;il n&rsquo;a pas abouti \u00e0 des excuses, dans un entretien accord\u00e9 \u00e0 l&rsquo;AFP et\u00a0France Inter. Le pr\u00e9sident fran\u00e7ais Emmanuel Macron s&rsquo;est rendu jeudi dans la capitale rwandaise Kigali pour \u00ab\u00a0reconna\u00eetre (les) responsabilit\u00e9s\u00a0\u00bb de la France dans cette trag\u00e9die, qui a fait au moins 800.000 morts, essentiellement dans la minorit\u00e9 tutsi. Mais elle n&rsquo;a \u00ab\u00a0pas \u00e9t\u00e9 complice\u00ab\u00a0, a soulign\u00e9 le&hellip;<\/p>\n","protected":false,"gt_translate_keys":[{"key":"rendered","format":"html"}]},"author":1,"featured_media":9775,"comment_status":"open","ping_status":"open","sticky":false,"template":"","format":"standard","meta":{"_crdt_document":"","footnotes":""},"categories":[148],"tags":[2646,8165,8166,6606],"class_list":["post-9773","post","type-post","status-publish","format-standard","has-post-thumbnail","hentry","category-rwanda-democratie","tag-genocide-rwanda","tag-kagame-paul","tag-les-excuses-de-macron-genocides","tag-macron-kagame"],"gutentor_comment":0,"yoast_head":"<!-- This site is optimized with the Yoast SEO plugin v27.5 - https:\/\/yoast.com\/product\/yoast-seo-wordpress\/ -->\n<title>G\u00e9nocide au Rwanda : la France a fait &quot;un grand pas, nous devons l&#039;accepter&quot;, selon le pr\u00e9sident Paul Kagame - Actualit\u00e9s congolaises et internationales<\/title>\n<meta name=\"robots\" content=\"index, follow, max-snippet:-1, max-image-preview:large, max-video-preview:-1\" \/>\n<link rel=\"canonical\" href=\"https:\/\/congovirtuel.com\/information\/genocide-au-rwanda-la-france-a-fait-un-grand-pas-nous-devons-laccepter-selon-le-president-paul-kagame\/\" \/>\n<meta property=\"og:locale\" content=\"fr_FR\" \/>\n<meta property=\"og:type\" content=\"article\" \/>\n<meta property=\"og:title\" content=\"G\u00e9nocide au Rwanda : la France a fait &quot;un grand pas, nous devons l&#039;accepter&quot;, selon le pr\u00e9sident Paul Kagame - Actualit\u00e9s congolaises et internationales\" \/>\n<meta property=\"og:description\" content=\"\u00ab\u00a0C&rsquo;est un grand pas, nous devons l&rsquo;accepter\u00ab\u00a0: le pr\u00e9sident rwandais Paul Kagame explique avoir choisi de reconna\u00eetre le travail de la France sur son r\u00f4le dans le g\u00e9nocide de 1994, m\u00eame s&rsquo;il n&rsquo;a pas abouti \u00e0 des excuses, dans un entretien accord\u00e9 \u00e0 l&rsquo;AFP et\u00a0France Inter. Le pr\u00e9sident fran\u00e7ais Emmanuel Macron s&rsquo;est rendu jeudi dans la capitale rwandaise Kigali pour \u00ab\u00a0reconna\u00eetre (les) responsabilit\u00e9s\u00a0\u00bb de la France dans cette trag\u00e9die, qui a fait au moins 800.000 morts, essentiellement dans la minorit\u00e9 tutsi. Mais elle n&rsquo;a \u00ab\u00a0pas \u00e9t\u00e9 complice\u00ab\u00a0, a soulign\u00e9 le&hellip;\" \/>\n<meta property=\"og:url\" content=\"https:\/\/congovirtuel.com\/information\/genocide-au-rwanda-la-france-a-fait-un-grand-pas-nous-devons-laccepter-selon-le-president-paul-kagame\/\" \/>\n<meta property=\"og:site_name\" content=\"Actualit\u00e9s congolaises et internationales\" \/>\n<meta property=\"article:publisher\" content=\"https:\/\/web.facebook.com\/Congovirtuel-763617960319601\/?ref=aymt_homepage_panel&amp;amp%3bamp%3bamp%3bamp%3bamp%3bamp%3bamp%3bamp%3bamp%3bamp%3bamp%3beid=ARCoxULa66767kIgF_KYav6VdjXTI4yk_LW4yoVO9s6NXpysgb7Cb65vpxcxgqzOAKvIbLQxaAETcqHT\" \/>\n<meta property=\"article:published_time\" content=\"2021-05-29T08:02:24+00:00\" \/>\n<meta property=\"article:modified_time\" content=\"2021-05-29T08:02:27+00:00\" \/>\n<meta property=\"og:image\" content=\"https:\/\/congovirtuel.com\/information\/wp-content\/uploads\/2021\/05\/kagame-1200-x-675.jpg\" \/>\n\t<meta property=\"og:image:width\" content=\"1200\" \/>\n\t<meta property=\"og:image:height\" content=\"675\" \/>\n\t<meta property=\"og:image:type\" content=\"image\/jpeg\" \/>\n<meta name=\"author\" content=\"infocongovirtuel\" \/>\n<meta name=\"twitter:card\" content=\"summary_large_image\" \/>\n<meta name=\"twitter:creator\" content=\"@congovirtuel\" \/>\n<meta name=\"twitter:site\" content=\"@congovirtuel\" \/>\n<meta name=\"twitter:label1\" content=\"\u00c9crit par\" \/>\n\t<meta name=\"twitter:data1\" content=\"infocongovirtuel\" \/>\n\t<meta name=\"twitter:label2\" content=\"Dur\u00e9e de lecture estim\u00e9e\" \/>\n\t<meta name=\"twitter:data2\" content=\"4 minutes\" \/>\n<script type=\"application\/ld+json\" class=\"yoast-schema-graph\">{\"@context\":\"https:\\\/\\\/schema.org\",\"@graph\":[{\"@type\":\"Article\",\"@id\":\"https:\\\/\\\/congovirtuel.com\\\/information\\\/genocide-au-rwanda-la-france-a-fait-un-grand-pas-nous-devons-laccepter-selon-le-president-paul-kagame\\\/#article\",\"isPartOf\":{\"@id\":\"https:\\\/\\\/congovirtuel.com\\\/information\\\/genocide-au-rwanda-la-france-a-fait-un-grand-pas-nous-devons-laccepter-selon-le-president-paul-kagame\\\/\"},\"author\":{\"name\":\"infocongovirtuel\",\"@id\":\"https:\\\/\\\/congovirtuel.com\\\/information\\\/#\\\/schema\\\/person\\\/739a44bf7990966cb53d58d2fdeca0b6\"},\"headline\":\"G\u00e9nocide au Rwanda : la France a fait \u00ab\u00a0un grand pas, nous devons l&rsquo;accepter\u00a0\u00bb, selon le pr\u00e9sident Paul Kagame\",\"datePublished\":\"2021-05-29T08:02:24+00:00\",\"dateModified\":\"2021-05-29T08:02:27+00:00\",\"mainEntityOfPage\":{\"@id\":\"https:\\\/\\\/congovirtuel.com\\\/information\\\/genocide-au-rwanda-la-france-a-fait-un-grand-pas-nous-devons-laccepter-selon-le-president-paul-kagame\\\/\"},\"wordCount\":863,\"commentCount\":0,\"publisher\":{\"@id\":\"https:\\\/\\\/congovirtuel.com\\\/information\\\/#organization\"},\"image\":{\"@id\":\"https:\\\/\\\/congovirtuel.com\\\/information\\\/genocide-au-rwanda-la-france-a-fait-un-grand-pas-nous-devons-laccepter-selon-le-president-paul-kagame\\\/#primaryimage\"},\"thumbnailUrl\":\"https:\\\/\\\/congovirtuel.com\\\/information\\\/wp-content\\\/uploads\\\/2021\\\/05\\\/kagame-1200-x-675.jpg\",\"keywords\":[\"G\u00e9nocide rwanda\",\"Kagame Paul\",\"les excuses de Macron G\u00e9nocides\",\"Macron Kagame\"],\"articleSection\":[\"Rwanda\"],\"inLanguage\":\"fr-FR\",\"potentialAction\":[{\"@type\":\"CommentAction\",\"name\":\"Comment\",\"target\":[\"https:\\\/\\\/congovirtuel.com\\\/information\\\/genocide-au-rwanda-la-france-a-fait-un-grand-pas-nous-devons-laccepter-selon-le-president-paul-kagame\\\/#respond\"]}]},{\"@type\":\"WebPage\",\"@id\":\"https:\\\/\\\/congovirtuel.com\\\/information\\\/genocide-au-rwanda-la-france-a-fait-un-grand-pas-nous-devons-laccepter-selon-le-president-paul-kagame\\\/\",\"url\":\"https:\\\/\\\/congovirtuel.com\\\/information\\\/genocide-au-rwanda-la-france-a-fait-un-grand-pas-nous-devons-laccepter-selon-le-president-paul-kagame\\\/\",\"name\":\"G\u00e9nocide au Rwanda : la France a fait \\\"un grand pas, nous devons l'accepter\\\", selon le pr\u00e9sident Paul Kagame - Actualit\u00e9s congolaises et internationales\",\"isPartOf\":{\"@id\":\"https:\\\/\\\/congovirtuel.com\\\/information\\\/#website\"},\"primaryImageOfPage\":{\"@id\":\"https:\\\/\\\/congovirtuel.com\\\/information\\\/genocide-au-rwanda-la-france-a-fait-un-grand-pas-nous-devons-laccepter-selon-le-president-paul-kagame\\\/#primaryimage\"},\"image\":{\"@id\":\"https:\\\/\\\/congovirtuel.com\\\/information\\\/genocide-au-rwanda-la-france-a-fait-un-grand-pas-nous-devons-laccepter-selon-le-president-paul-kagame\\\/#primaryimage\"},\"thumbnailUrl\":\"https:\\\/\\\/congovirtuel.com\\\/information\\\/wp-content\\\/uploads\\\/2021\\\/05\\\/kagame-1200-x-675.jpg\",\"datePublished\":\"2021-05-29T08:02:24+00:00\",\"dateModified\":\"2021-05-29T08:02:27+00:00\",\"breadcrumb\":{\"@id\":\"https:\\\/\\\/congovirtuel.com\\\/information\\\/genocide-au-rwanda-la-france-a-fait-un-grand-pas-nous-devons-laccepter-selon-le-president-paul-kagame\\\/#breadcrumb\"},\"inLanguage\":\"fr-FR\",\"potentialAction\":[{\"@type\":\"ReadAction\",\"target\":[\"https:\\\/\\\/congovirtuel.com\\\/information\\\/genocide-au-rwanda-la-france-a-fait-un-grand-pas-nous-devons-laccepter-selon-le-president-paul-kagame\\\/\"]}]},{\"@type\":\"ImageObject\",\"inLanguage\":\"fr-FR\",\"@id\":\"https:\\\/\\\/congovirtuel.com\\\/information\\\/genocide-au-rwanda-la-france-a-fait-un-grand-pas-nous-devons-laccepter-selon-le-president-paul-kagame\\\/#primaryimage\",\"url\":\"https:\\\/\\\/congovirtuel.com\\\/information\\\/wp-content\\\/uploads\\\/2021\\\/05\\\/kagame-1200-x-675.jpg\",\"contentUrl\":\"https:\\\/\\\/congovirtuel.com\\\/information\\\/wp-content\\\/uploads\\\/2021\\\/05\\\/kagame-1200-x-675.jpg\",\"width\":1200,\"height\":675},{\"@type\":\"BreadcrumbList\",\"@id\":\"https:\\\/\\\/congovirtuel.com\\\/information\\\/genocide-au-rwanda-la-france-a-fait-un-grand-pas-nous-devons-laccepter-selon-le-president-paul-kagame\\\/#breadcrumb\",\"itemListElement\":[{\"@type\":\"ListItem\",\"position\":1,\"name\":\"Accueil\",\"item\":\"https:\\\/\\\/congovirtuel.com\\\/information\\\/\"},{\"@type\":\"ListItem\",\"position\":2,\"name\":\"G\u00e9nocide au Rwanda : la France a fait \u00ab\u00a0un grand pas, nous devons l&rsquo;accepter\u00a0\u00bb, selon le pr\u00e9sident Paul Kagame\"}]},{\"@type\":\"WebSite\",\"@id\":\"https:\\\/\\\/congovirtuel.com\\\/information\\\/#website\",\"url\":\"https:\\\/\\\/congovirtuel.com\\\/information\\\/\",\"name\":\"Actualit\u00e9s congolaises et internationales\",\"description\":\"site d&#039;analyse et de traitement d&#039;information\",\"publisher\":{\"@id\":\"https:\\\/\\\/congovirtuel.com\\\/information\\\/#organization\"},\"potentialAction\":[{\"@type\":\"SearchAction\",\"target\":{\"@type\":\"EntryPoint\",\"urlTemplate\":\"https:\\\/\\\/congovirtuel.com\\\/information\\\/?s={search_term_string}\"},\"query-input\":{\"@type\":\"PropertyValueSpecification\",\"valueRequired\":true,\"valueName\":\"search_term_string\"}}],\"inLanguage\":\"fr-FR\"},{\"@type\":\"Organization\",\"@id\":\"https:\\\/\\\/congovirtuel.com\\\/information\\\/#organization\",\"name\":\"Biblioth\u00e8que Virtuelle de la RDC\",\"url\":\"https:\\\/\\\/congovirtuel.com\\\/information\\\/\",\"logo\":{\"@type\":\"ImageObject\",\"inLanguage\":\"fr-FR\",\"@id\":\"https:\\\/\\\/congovirtuel.com\\\/information\\\/#\\\/schema\\\/logo\\\/image\\\/\",\"url\":\"https:\\\/\\\/congovirtuel.com\\\/information\\\/wp-content\\\/uploads\\\/2018\\\/10\\\/header-info-congovirtuel-vraie.jpg\",\"contentUrl\":\"https:\\\/\\\/congovirtuel.com\\\/information\\\/wp-content\\\/uploads\\\/2018\\\/10\\\/header-info-congovirtuel-vraie.jpg\",\"width\":728,\"height\":90,\"caption\":\"Biblioth\u00e8que Virtuelle de la RDC\"},\"image\":{\"@id\":\"https:\\\/\\\/congovirtuel.com\\\/information\\\/#\\\/schema\\\/logo\\\/image\\\/\"},\"sameAs\":[\"https:\\\/\\\/web.facebook.com\\\/Congovirtuel-763617960319601\\\/?ref=aymt_homepage_panel&amp;amp;amp;amp;amp;amp;amp;amp;amp;amp;amp;eid=ARCoxULa66767kIgF_KYav6VdjXTI4yk_LW4yoVO9s6NXpysgb7Cb65vpxcxgqzOAKvIbLQxaAETcqHT\",\"https:\\\/\\\/x.com\\\/congovirtuel\",\"https:\\\/\\\/www.youtube.com\\\/channel\\\/UCkFfprYzGgS3EWNpeMXpToQ?view_as=subscriber\"]},{\"@type\":\"Person\",\"@id\":\"https:\\\/\\\/congovirtuel.com\\\/information\\\/#\\\/schema\\\/person\\\/739a44bf7990966cb53d58d2fdeca0b6\",\"name\":\"infocongovirtuel\",\"image\":{\"@type\":\"ImageObject\",\"inLanguage\":\"fr-FR\",\"@id\":\"https:\\\/\\\/secure.gravatar.com\\\/avatar\\\/4d76991aa72469f0eb22e772586c99113c6997f88da636a9db8f2ce3a2c05e69?s=96&d=mm&r=g\",\"url\":\"https:\\\/\\\/secure.gravatar.com\\\/avatar\\\/4d76991aa72469f0eb22e772586c99113c6997f88da636a9db8f2ce3a2c05e69?s=96&d=mm&r=g\",\"contentUrl\":\"https:\\\/\\\/secure.gravatar.com\\\/avatar\\\/4d76991aa72469f0eb22e772586c99113c6997f88da636a9db8f2ce3a2c05e69?s=96&d=mm&r=g\",\"caption\":\"infocongovirtuel\"},\"url\":\"https:\\\/\\\/congovirtuel.com\\\/information\\\/author\\\/infocongovirtuel\\\/\"}]}<\/script>\n<!-- \/ Yoast SEO plugin. -->","yoast_head_json":{"title":"G\u00e9nocide au Rwanda : la France a fait \"un grand pas, nous devons l'accepter\", selon le pr\u00e9sident Paul Kagame - Actualit\u00e9s congolaises et internationales","robots":{"index":"index","follow":"follow","max-snippet":"max-snippet:-1","max-image-preview":"max-image-preview:large","max-video-preview":"max-video-preview:-1"},"canonical":"https:\/\/congovirtuel.com\/information\/genocide-au-rwanda-la-france-a-fait-un-grand-pas-nous-devons-laccepter-selon-le-president-paul-kagame\/","og_locale":"fr_FR","og_type":"article","og_title":"G\u00e9nocide au Rwanda : la France a fait \"un grand pas, nous devons l'accepter\", selon le pr\u00e9sident Paul Kagame - Actualit\u00e9s congolaises et internationales","og_description":"\u00ab\u00a0C&rsquo;est un grand pas, nous devons l&rsquo;accepter\u00ab\u00a0: le pr\u00e9sident rwandais Paul Kagame explique avoir choisi de reconna\u00eetre le travail de la France sur son r\u00f4le dans le g\u00e9nocide de 1994, m\u00eame s&rsquo;il n&rsquo;a pas abouti \u00e0 des excuses, dans un entretien accord\u00e9 \u00e0 l&rsquo;AFP et\u00a0France Inter. Le pr\u00e9sident fran\u00e7ais Emmanuel Macron s&rsquo;est rendu jeudi dans la capitale rwandaise Kigali pour \u00ab\u00a0reconna\u00eetre (les) responsabilit\u00e9s\u00a0\u00bb de la France dans cette trag\u00e9die, qui a fait au moins 800.000 morts, essentiellement dans la minorit\u00e9 tutsi. Mais elle n&rsquo;a \u00ab\u00a0pas \u00e9t\u00e9 complice\u00ab\u00a0, a soulign\u00e9 le&hellip;","og_url":"https:\/\/congovirtuel.com\/information\/genocide-au-rwanda-la-france-a-fait-un-grand-pas-nous-devons-laccepter-selon-le-president-paul-kagame\/","og_site_name":"Actualit\u00e9s congolaises et internationales","article_publisher":"https:\/\/web.facebook.com\/Congovirtuel-763617960319601\/?ref=aymt_homepage_panel&amp%3bamp%3bamp%3bamp%3bamp%3bamp%3bamp%3bamp%3bamp%3bamp%3bamp%3beid=ARCoxULa66767kIgF_KYav6VdjXTI4yk_LW4yoVO9s6NXpysgb7Cb65vpxcxgqzOAKvIbLQxaAETcqHT","article_published_time":"2021-05-29T08:02:24+00:00","article_modified_time":"2021-05-29T08:02:27+00:00","og_image":[{"width":1200,"height":675,"url":"https:\/\/congovirtuel.com\/information\/wp-content\/uploads\/2021\/05\/kagame-1200-x-675.jpg","type":"image\/jpeg"}],"author":"infocongovirtuel","twitter_card":"summary_large_image","twitter_creator":"@congovirtuel","twitter_site":"@congovirtuel","twitter_misc":{"\u00c9crit par":"infocongovirtuel","Dur\u00e9e de lecture estim\u00e9e":"4 minutes"},"schema":{"@context":"https:\/\/schema.org","@graph":[{"@type":"Article","@id":"https:\/\/congovirtuel.com\/information\/genocide-au-rwanda-la-france-a-fait-un-grand-pas-nous-devons-laccepter-selon-le-president-paul-kagame\/#article","isPartOf":{"@id":"https:\/\/congovirtuel.com\/information\/genocide-au-rwanda-la-france-a-fait-un-grand-pas-nous-devons-laccepter-selon-le-president-paul-kagame\/"},"author":{"name":"infocongovirtuel","@id":"https:\/\/congovirtuel.com\/information\/#\/schema\/person\/739a44bf7990966cb53d58d2fdeca0b6"},"headline":"G\u00e9nocide au Rwanda : la France a fait \u00ab\u00a0un grand pas, nous devons l&rsquo;accepter\u00a0\u00bb, selon le pr\u00e9sident Paul Kagame","datePublished":"2021-05-29T08:02:24+00:00","dateModified":"2021-05-29T08:02:27+00:00","mainEntityOfPage":{"@id":"https:\/\/congovirtuel.com\/information\/genocide-au-rwanda-la-france-a-fait-un-grand-pas-nous-devons-laccepter-selon-le-president-paul-kagame\/"},"wordCount":863,"commentCount":0,"publisher":{"@id":"https:\/\/congovirtuel.com\/information\/#organization"},"image":{"@id":"https:\/\/congovirtuel.com\/information\/genocide-au-rwanda-la-france-a-fait-un-grand-pas-nous-devons-laccepter-selon-le-president-paul-kagame\/#primaryimage"},"thumbnailUrl":"https:\/\/congovirtuel.com\/information\/wp-content\/uploads\/2021\/05\/kagame-1200-x-675.jpg","keywords":["G\u00e9nocide rwanda","Kagame Paul","les excuses de Macron G\u00e9nocides","Macron Kagame"],"articleSection":["Rwanda"],"inLanguage":"fr-FR","potentialAction":[{"@type":"CommentAction","name":"Comment","target":["https:\/\/congovirtuel.com\/information\/genocide-au-rwanda-la-france-a-fait-un-grand-pas-nous-devons-laccepter-selon-le-president-paul-kagame\/#respond"]}]},{"@type":"WebPage","@id":"https:\/\/congovirtuel.com\/information\/genocide-au-rwanda-la-france-a-fait-un-grand-pas-nous-devons-laccepter-selon-le-president-paul-kagame\/","url":"https:\/\/congovirtuel.com\/information\/genocide-au-rwanda-la-france-a-fait-un-grand-pas-nous-devons-laccepter-selon-le-president-paul-kagame\/","name":"G\u00e9nocide au Rwanda : la France a fait \"un grand pas, nous devons l'accepter\", selon le pr\u00e9sident Paul Kagame - Actualit\u00e9s congolaises et internationales","isPartOf":{"@id":"https:\/\/congovirtuel.com\/information\/#website"},"primaryImageOfPage":{"@id":"https:\/\/congovirtuel.com\/information\/genocide-au-rwanda-la-france-a-fait-un-grand-pas-nous-devons-laccepter-selon-le-president-paul-kagame\/#primaryimage"},"image":{"@id":"https:\/\/congovirtuel.com\/information\/genocide-au-rwanda-la-france-a-fait-un-grand-pas-nous-devons-laccepter-selon-le-president-paul-kagame\/#primaryimage"},"thumbnailUrl":"https:\/\/congovirtuel.com\/information\/wp-content\/uploads\/2021\/05\/kagame-1200-x-675.jpg","datePublished":"2021-05-29T08:02:24+00:00","dateModified":"2021-05-29T08:02:27+00:00","breadcrumb":{"@id":"https:\/\/congovirtuel.com\/information\/genocide-au-rwanda-la-france-a-fait-un-grand-pas-nous-devons-laccepter-selon-le-president-paul-kagame\/#breadcrumb"},"inLanguage":"fr-FR","potentialAction":[{"@type":"ReadAction","target":["https:\/\/congovirtuel.com\/information\/genocide-au-rwanda-la-france-a-fait-un-grand-pas-nous-devons-laccepter-selon-le-president-paul-kagame\/"]}]},{"@type":"ImageObject","inLanguage":"fr-FR","@id":"https:\/\/congovirtuel.com\/information\/genocide-au-rwanda-la-france-a-fait-un-grand-pas-nous-devons-laccepter-selon-le-president-paul-kagame\/#primaryimage","url":"https:\/\/congovirtuel.com\/information\/wp-content\/uploads\/2021\/05\/kagame-1200-x-675.jpg","contentUrl":"https:\/\/congovirtuel.com\/information\/wp-content\/uploads\/2021\/05\/kagame-1200-x-675.jpg","width":1200,"height":675},{"@type":"BreadcrumbList","@id":"https:\/\/congovirtuel.com\/information\/genocide-au-rwanda-la-france-a-fait-un-grand-pas-nous-devons-laccepter-selon-le-president-paul-kagame\/#breadcrumb","itemListElement":[{"@type":"ListItem","position":1,"name":"Accueil","item":"https:\/\/congovirtuel.com\/information\/"},{"@type":"ListItem","position":2,"name":"G\u00e9nocide au Rwanda : la France a fait \u00ab\u00a0un grand pas, nous devons l&rsquo;accepter\u00a0\u00bb, selon le pr\u00e9sident Paul Kagame"}]},{"@type":"WebSite","@id":"https:\/\/congovirtuel.com\/information\/#website","url":"https:\/\/congovirtuel.com\/information\/","name":"Actualit\u00e9s congolaises et internationales","description":"site d&#039;analyse et de traitement d&#039;information","publisher":{"@id":"https:\/\/congovirtuel.com\/information\/#organization"},"potentialAction":[{"@type":"SearchAction","target":{"@type":"EntryPoint","urlTemplate":"https:\/\/congovirtuel.com\/information\/?s={search_term_string}"},"query-input":{"@type":"PropertyValueSpecification","valueRequired":true,"valueName":"search_term_string"}}],"inLanguage":"fr-FR"},{"@type":"Organization","@id":"https:\/\/congovirtuel.com\/information\/#organization","name":"Biblioth\u00e8que Virtuelle de la RDC","url":"https:\/\/congovirtuel.com\/information\/","logo":{"@type":"ImageObject","inLanguage":"fr-FR","@id":"https:\/\/congovirtuel.com\/information\/#\/schema\/logo\/image\/","url":"https:\/\/congovirtuel.com\/information\/wp-content\/uploads\/2018\/10\/header-info-congovirtuel-vraie.jpg","contentUrl":"https:\/\/congovirtuel.com\/information\/wp-content\/uploads\/2018\/10\/header-info-congovirtuel-vraie.jpg","width":728,"height":90,"caption":"Biblioth\u00e8que Virtuelle de la RDC"},"image":{"@id":"https:\/\/congovirtuel.com\/information\/#\/schema\/logo\/image\/"},"sameAs":["https:\/\/web.facebook.com\/Congovirtuel-763617960319601\/?ref=aymt_homepage_panel&amp;amp;amp;amp;amp;amp;amp;amp;amp;amp;amp;eid=ARCoxULa66767kIgF_KYav6VdjXTI4yk_LW4yoVO9s6NXpysgb7Cb65vpxcxgqzOAKvIbLQxaAETcqHT","https:\/\/x.com\/congovirtuel","https:\/\/www.youtube.com\/channel\/UCkFfprYzGgS3EWNpeMXpToQ?view_as=subscriber"]},{"@type":"Person","@id":"https:\/\/congovirtuel.com\/information\/#\/schema\/person\/739a44bf7990966cb53d58d2fdeca0b6","name":"infocongovirtuel","image":{"@type":"ImageObject","inLanguage":"fr-FR","@id":"https:\/\/secure.gravatar.com\/avatar\/4d76991aa72469f0eb22e772586c99113c6997f88da636a9db8f2ce3a2c05e69?s=96&d=mm&r=g","url":"https:\/\/secure.gravatar.com\/avatar\/4d76991aa72469f0eb22e772586c99113c6997f88da636a9db8f2ce3a2c05e69?s=96&d=mm&r=g","contentUrl":"https:\/\/secure.gravatar.com\/avatar\/4d76991aa72469f0eb22e772586c99113c6997f88da636a9db8f2ce3a2c05e69?s=96&d=mm&r=g","caption":"infocongovirtuel"},"url":"https:\/\/congovirtuel.com\/information\/author\/infocongovirtuel\/"}]}},"gt_translate_keys":[{"key":"link","format":"url"}],"_links":{"self":[{"href":"https:\/\/congovirtuel.com\/information\/wp-json\/wp\/v2\/posts\/9773","targetHints":{"allow":["GET"]}}],"collection":[{"href":"https:\/\/congovirtuel.com\/information\/wp-json\/wp\/v2\/posts"}],"about":[{"href":"https:\/\/congovirtuel.com\/information\/wp-json\/wp\/v2\/types\/post"}],"author":[{"embeddable":true,"href":"https:\/\/congovirtuel.com\/information\/wp-json\/wp\/v2\/users\/1"}],"replies":[{"embeddable":true,"href":"https:\/\/congovirtuel.com\/information\/wp-json\/wp\/v2\/comments?post=9773"}],"version-history":[{"count":1,"href":"https:\/\/congovirtuel.com\/information\/wp-json\/wp\/v2\/posts\/9773\/revisions"}],"predecessor-version":[{"id":9776,"href":"https:\/\/congovirtuel.com\/information\/wp-json\/wp\/v2\/posts\/9773\/revisions\/9776"}],"wp:featuredmedia":[{"embeddable":true,"href":"https:\/\/congovirtuel.com\/information\/wp-json\/wp\/v2\/media\/9775"}],"wp:attachment":[{"href":"https:\/\/congovirtuel.com\/information\/wp-json\/wp\/v2\/media?parent=9773"}],"wp:term":[{"taxonomy":"category","embeddable":true,"href":"https:\/\/congovirtuel.com\/information\/wp-json\/wp\/v2\/categories?post=9773"},{"taxonomy":"post_tag","embeddable":true,"href":"https:\/\/congovirtuel.com\/information\/wp-json\/wp\/v2\/tags?post=9773"}],"curies":[{"name":"wp","href":"https:\/\/api.w.org\/{rel}","templated":true}]}}