{"id":98,"date":"2018-11-05T08:29:32","date_gmt":"2018-11-05T07:29:32","guid":{"rendered":"https:\/\/congovirtuel.com\/information\/?p=98"},"modified":"2018-11-05T08:29:32","modified_gmt":"2018-11-05T07:29:32","slug":"rdc-des-contestations-sur-la-composition-de-lequipe-de-campagne-du-dauphin-de-joseph-kabila","status":"publish","type":"post","link":"https:\/\/congovirtuel.com\/information\/rdc-des-contestations-sur-la-composition-de-lequipe-de-campagne-du-dauphin-de-joseph-kabila\/","title":{"rendered":"RDC: des contestations sur la composition de l&rsquo;\u00e9quipe de campagne du \u00ab\u00a0dauphin\u00a0\u00bb de Joseph Kabila","gt_translate_keys":[{"key":"rendered","format":"text"}]},"content":{"rendered":"<p style=\"text-align: justify;\">La pr\u00e9sentation samedi de l&rsquo;\u00e9quipe de campagne du candidat du pouvoir congolais \u00e0 l&rsquo;\u00e9lection pr\u00e9sidentielle du 23 d\u00e9cembre, compos\u00e9e de plus de 500 personnes, politiques et leaders d&rsquo;opinion, a suscit\u00e9 dimanche de multiples r\u00e9actions sur les r\u00e9seaux sociaux, dont les d\u00e9mentis de certains responsables apparemment commis \u00e0 leur insu.<\/p>\n<p style=\"text-align: justify;\">\u00ab\u00a0<em>C&rsquo;est sans doute l&rsquo;une des plus grandes \u00e9quipes de campagne au monde qui accompagnera le candidat de la Majorit\u00e9 pr\u00e9sidentielle \u00e0 la pr\u00e9sidentielle de d\u00e9cembre prochain, Emmanuel Ramazani Shadary<\/em>\u00ab\u00a0, \u00e9crit le site d&rsquo;information 7sur7.cd, qui souligne que \u00ab\u00a0<em>toute la Kabilie est repr\u00e9sent\u00e9e<\/em>\u00a0\u00bb dans cette \u00e9quipe de 670 personnes r\u00e9parties en 48 cellules.<\/p>\n<p style=\"text-align: justify;\"><script async src=\"\/\/pagead2.googlesyndication.com\/pagead\/js\/adsbygoogle.js\"><\/script><br \/>\n<!-- code responsive --><br \/>\n<ins class=\"adsbygoogle\" style=\"display: block;\" data-ad-client=\"ca-pub-2119363214666215\" data-ad-slot=\"1973679082\" data-ad-format=\"auto\"><\/ins><br \/>\n<script>\n(adsbygoogle = window.adsbygoogle || []).push({});\n<\/script><\/p>\n<p style=\"text-align: justify;\"><img loading=\"lazy\" decoding=\"async\" class=\"alignnone size-medium wp-image-82\" src=\"https:\/\/congovirtuel.com\/information\/wp-content\/uploads\/2018\/11\/shadary_ramazani_emmanuel-300x169.jpg\" alt=\"\" width=\"300\" height=\"169\" \/><\/p>\n<p style=\"text-align: justify;\">\u00ab\u00a0<em>Membres du gouvernement, mandataires publics, gouverneurs de provinces, officiers de l&rsquo;arm\u00e9e et de la police, membres du cabinet du pr\u00e9sident de la R\u00e9publique (Joseph Kabila, ndlr), parlementaires, famille de Kabila, pasteurs, membres des institutions d&rsquo;appui \u00e0 la d\u00e9mocratie (CSAC), etc. Presque tous les bonzes du r\u00e9gime ont \u00e9t\u00e9 cas\u00e9s quelque part<\/em>\u00ab\u00a0, ajoute ce m\u00e9dia.<\/p>\n<p style=\"text-align: justify;\">Mais certaines personnalit\u00e9s, comme le pr\u00e9sident de l&rsquo;Union nationale de la Presse du Congo (UNPC), Kasonga Tshilunde, et le rapporteur du Conseil sup\u00e9rieur de l&rsquo;Audiovisuel et de la Communication (CSAC), Chantal Kanyimbo, ont d\u00e9menti dimanche figurer parmi l&rsquo;\u00e9quipe de campagne du candidat du Front Commun pour le Congo (FCC), Emmanuel\u00a0Ramazani.<\/p>\n<p style=\"text-align: justify;\">\u00ab\u00a0<em>J&rsquo;ai appris cette d\u00e9signation dans les r\u00e9seaux sociaux. Je d\u00e9mens cat\u00e9goriquement ma part dans cette \u00e9quipe de campagne. Je ne peux pas travailler pour un quelconque candidat \u00e0 la pr\u00e9sidentielle. En plus, je n&rsquo;ai m\u00eame pas \u00e9t\u00e9 consult\u00e9. C&rsquo;est grave \u00e7a. C&rsquo;est un scandale<\/em>\u00ab\u00a0, a d\u00e9clar\u00e9 Kasonga Tshilunde au site Actualit\u00e9.cd.<\/p>\n<p style=\"text-align: justify;\">Chantal Kanyimbo a elle aussi d\u00e9clar\u00e9 n&rsquo;avoir pas \u00e9t\u00e9 consult\u00e9 avant de voir son nom publi\u00e9 par le Front Commun pour le Congo (FCC) comme faisant partie de l&rsquo;\u00e9quipe de campagne de M. Ramazani.<\/p>\n<p style=\"text-align: justify;\">Le s\u00e9lectionneur de l&rsquo;\u00e9quipe nationale de football de la R\u00e9publique D\u00e9mocratique du Congo (RDC), Jean-Florent Ibenge, a quant \u00e0 lui d\u00e9clin\u00e9 sa d\u00e9signation comme membre de l&rsquo;\u00e9quipe de campagne du candidat du FCC.<\/p>\n<p style=\"text-align: justify;\">\u00ab\u00a0<em>Je suis quand m\u00eame un peu occup\u00e9 pour l&rsquo;instant. J&rsquo;ai l&rsquo;A.S V.Club qui joue la finale de la Coupe de la Conf\u00e9d\u00e9ration. J&rsquo;ai l&rsquo;\u00e9quipe nationale qui cherche la qualification pour le Cameroun. \u00c7a fait beaucoup de choses sur lesquelles je dois me concentrer. J&rsquo;ai, manifestement, pas le temps de m&rsquo;occuper d&rsquo;autres choses<\/em>\u00ab\u00a0, a-t-il d\u00e9clar\u00e9 dimanche.<\/p>\n<p style=\"text-align: justify;\">Le repr\u00e9sentant l\u00e9gal de l&rsquo;\u00e9glise Foi Abondante &#8211; l&rsquo;une des nombreuses Eglises du r\u00e9veil qui pullulent en RDC -, Albert Kankienza Muana Mboo, a lui aussi affirm\u00e9 ne pas faire partie de l&rsquo;\u00e9quipe de campagne. Il nie m\u00eame toute appartenance au FCC.<\/p>\n<p style=\"text-align: justify;\">Le conseiller diplomatique principal du pr\u00e9sident Kabila, Barnab\u00e9 Kikaya Bin Karubi, a pour sa part admis, en tant que membre de la cellule charg\u00e9e de la communication du candidat Shadary, a admis qu&rsquo;il \u00ab\u00a0<em>est possible que certains n&rsquo;aient pas \u00e9t\u00e9 consult\u00e9s faute de temps<\/em>\u00ab\u00a0.<\/p>\n<p style=\"text-align: justify;\">Ces d\u00e9mentis ont provoqu\u00e9 un toll\u00e9, surtout dans le camp de l&rsquo;opposition qui d\u00e9nonce \u00ab\u00a0<em>les pratiques frisant celles d&rsquo;un parti-Etat<\/em>\u00ab\u00a0, dans une allusion au Mouvement populaire de la R\u00e9volution (MPR), le parti unique fond\u00e9 en mai 1967 par le dictateur Mobutu Sese Seko. Il n&rsquo;en avait pris cong\u00e9 que vingt-trois ans plus tard, le 24 avril 1990, lors d&rsquo;un discours annon\u00e7ant la d\u00e9mocratisation du Za\u00efre.<br \/>\nRTBF<br \/>\n<script async src=\"\/\/pagead2.googlesyndication.com\/pagead\/js\/adsbygoogle.js\"><\/script><br \/>\n<!-- code responsive --><br \/>\n<ins class=\"adsbygoogle\" style=\"display: block;\" data-ad-client=\"ca-pub-2119363214666215\" data-ad-slot=\"1973679082\" data-ad-format=\"auto\"><\/ins><br \/>\n<script>\n(adsbygoogle = window.adsbygoogle || []).push({});\n<\/script><\/p>\n","protected":false,"gt_translate_keys":[{"key":"rendered","format":"html"}]},"excerpt":{"rendered":"<p>La pr\u00e9sentation samedi de l&rsquo;\u00e9quipe de campagne du candidat du pouvoir congolais \u00e0 l&rsquo;\u00e9lection pr\u00e9sidentielle du 23 d\u00e9cembre, compos\u00e9e de plus de 500 personnes, politiques et leaders d&rsquo;opinion, a suscit\u00e9 dimanche de multiples r\u00e9actions sur les r\u00e9seaux sociaux, dont les d\u00e9mentis de certains responsables apparemment commis \u00e0 leur insu. \u00ab\u00a0C&rsquo;est sans doute l&rsquo;une des plus grandes \u00e9quipes de campagne au monde qui accompagnera le candidat de la Majorit\u00e9 pr\u00e9sidentielle \u00e0 la pr\u00e9sidentielle de d\u00e9cembre prochain, Emmanuel Ramazani Shadary\u00ab\u00a0, \u00e9crit le site d&rsquo;information 7sur7.cd, qui souligne que \u00ab\u00a0toute la Kabilie est&hellip;<\/p>\n","protected":false,"gt_translate_keys":[{"key":"rendered","format":"html"}]},"author":1,"featured_media":99,"comment_status":"open","ping_status":"open","sticky":false,"template":"","format":"standard","meta":{"_crdt_document":"","footnotes":""},"categories":[2],"tags":[],"class_list":["post-98","post","type-post","status-publish","format-standard","has-post-thumbnail","hentry","category-politique"],"gutentor_comment":0,"yoast_head":"<!-- This site is optimized with the Yoast SEO plugin v27.5 - https:\/\/yoast.com\/product\/yoast-seo-wordpress\/ -->\n<title>RDC: des contestations sur la composition de l&#039;\u00e9quipe de campagne du &quot;dauphin&quot; de Joseph Kabila - Actualit\u00e9s congolaises et internationales<\/title>\n<meta name=\"robots\" content=\"index, follow, max-snippet:-1, max-image-preview:large, max-video-preview:-1\" \/>\n<link rel=\"canonical\" href=\"https:\/\/congovirtuel.com\/information\/rdc-des-contestations-sur-la-composition-de-lequipe-de-campagne-du-dauphin-de-joseph-kabila\/\" \/>\n<meta property=\"og:locale\" content=\"fr_FR\" \/>\n<meta property=\"og:type\" content=\"article\" \/>\n<meta property=\"og:title\" content=\"RDC: des contestations sur la composition de l&#039;\u00e9quipe de campagne du &quot;dauphin&quot; de Joseph Kabila - Actualit\u00e9s congolaises et internationales\" \/>\n<meta property=\"og:description\" content=\"La pr\u00e9sentation samedi de l&rsquo;\u00e9quipe de campagne du candidat du pouvoir congolais \u00e0 l&rsquo;\u00e9lection pr\u00e9sidentielle du 23 d\u00e9cembre, compos\u00e9e de plus de 500 personnes, politiques et leaders d&rsquo;opinion, a suscit\u00e9 dimanche de multiples r\u00e9actions sur les r\u00e9seaux sociaux, dont les d\u00e9mentis de certains responsables apparemment commis \u00e0 leur insu. \u00ab\u00a0C&rsquo;est sans doute l&rsquo;une des plus grandes \u00e9quipes de campagne au monde qui accompagnera le candidat de la Majorit\u00e9 pr\u00e9sidentielle \u00e0 la pr\u00e9sidentielle de d\u00e9cembre prochain, Emmanuel Ramazani Shadary\u00ab\u00a0, \u00e9crit le site d&rsquo;information 7sur7.cd, qui souligne que \u00ab\u00a0toute la Kabilie est&hellip;\" \/>\n<meta property=\"og:url\" content=\"https:\/\/congovirtuel.com\/information\/rdc-des-contestations-sur-la-composition-de-lequipe-de-campagne-du-dauphin-de-joseph-kabila\/\" \/>\n<meta property=\"og:site_name\" content=\"Actualit\u00e9s congolaises et internationales\" \/>\n<meta property=\"article:publisher\" content=\"https:\/\/web.facebook.com\/Congovirtuel-763617960319601\/?ref=aymt_homepage_panel&amp;amp%3bamp%3bamp%3bamp%3bamp%3bamp%3bamp%3bamp%3bamp%3bamp%3bamp%3beid=ARCoxULa66767kIgF_KYav6VdjXTI4yk_LW4yoVO9s6NXpysgb7Cb65vpxcxgqzOAKvIbLQxaAETcqHT\" \/>\n<meta property=\"article:published_time\" content=\"2018-11-05T07:29:32+00:00\" \/>\n<meta property=\"og:image\" content=\"https:\/\/congovirtuel.com\/information\/wp-content\/uploads\/2018\/11\/emmanuel_shadary-e1541402795857.jpg\" \/>\n\t<meta property=\"og:image:width\" content=\"600\" \/>\n\t<meta property=\"og:image:height\" content=\"337\" \/>\n\t<meta property=\"og:image:type\" content=\"image\/jpeg\" \/>\n<meta name=\"author\" content=\"infocongovirtuel\" \/>\n<meta name=\"twitter:card\" content=\"summary_large_image\" \/>\n<meta name=\"twitter:creator\" content=\"@congovirtuel\" \/>\n<meta name=\"twitter:site\" content=\"@congovirtuel\" \/>\n<meta name=\"twitter:label1\" content=\"\u00c9crit par\" \/>\n\t<meta name=\"twitter:data1\" content=\"infocongovirtuel\" \/>\n\t<meta name=\"twitter:label2\" content=\"Dur\u00e9e de lecture estim\u00e9e\" \/>\n\t<meta name=\"twitter:data2\" content=\"3 minutes\" \/>\n<script type=\"application\/ld+json\" class=\"yoast-schema-graph\">{\"@context\":\"https:\\\/\\\/schema.org\",\"@graph\":[{\"@type\":\"Article\",\"@id\":\"https:\\\/\\\/congovirtuel.com\\\/information\\\/rdc-des-contestations-sur-la-composition-de-lequipe-de-campagne-du-dauphin-de-joseph-kabila\\\/#article\",\"isPartOf\":{\"@id\":\"https:\\\/\\\/congovirtuel.com\\\/information\\\/rdc-des-contestations-sur-la-composition-de-lequipe-de-campagne-du-dauphin-de-joseph-kabila\\\/\"},\"author\":{\"name\":\"infocongovirtuel\",\"@id\":\"https:\\\/\\\/congovirtuel.com\\\/information\\\/#\\\/schema\\\/person\\\/739a44bf7990966cb53d58d2fdeca0b6\"},\"headline\":\"RDC: des contestations sur la composition de l&rsquo;\u00e9quipe de campagne du \u00ab\u00a0dauphin\u00a0\u00bb de Joseph Kabila\",\"datePublished\":\"2018-11-05T07:29:32+00:00\",\"mainEntityOfPage\":{\"@id\":\"https:\\\/\\\/congovirtuel.com\\\/information\\\/rdc-des-contestations-sur-la-composition-de-lequipe-de-campagne-du-dauphin-de-joseph-kabila\\\/\"},\"wordCount\":628,\"commentCount\":0,\"publisher\":{\"@id\":\"https:\\\/\\\/congovirtuel.com\\\/information\\\/#organization\"},\"image\":{\"@id\":\"https:\\\/\\\/congovirtuel.com\\\/information\\\/rdc-des-contestations-sur-la-composition-de-lequipe-de-campagne-du-dauphin-de-joseph-kabila\\\/#primaryimage\"},\"thumbnailUrl\":\"https:\\\/\\\/congovirtuel.com\\\/information\\\/wp-content\\\/uploads\\\/2018\\\/11\\\/emmanuel_shadary-e1541402795857.jpg\",\"articleSection\":[\"Politique\"],\"inLanguage\":\"fr-FR\",\"potentialAction\":[{\"@type\":\"CommentAction\",\"name\":\"Comment\",\"target\":[\"https:\\\/\\\/congovirtuel.com\\\/information\\\/rdc-des-contestations-sur-la-composition-de-lequipe-de-campagne-du-dauphin-de-joseph-kabila\\\/#respond\"]}]},{\"@type\":\"WebPage\",\"@id\":\"https:\\\/\\\/congovirtuel.com\\\/information\\\/rdc-des-contestations-sur-la-composition-de-lequipe-de-campagne-du-dauphin-de-joseph-kabila\\\/\",\"url\":\"https:\\\/\\\/congovirtuel.com\\\/information\\\/rdc-des-contestations-sur-la-composition-de-lequipe-de-campagne-du-dauphin-de-joseph-kabila\\\/\",\"name\":\"RDC: des contestations sur la composition de l'\u00e9quipe de campagne du \\\"dauphin\\\" de Joseph Kabila - Actualit\u00e9s congolaises et internationales\",\"isPartOf\":{\"@id\":\"https:\\\/\\\/congovirtuel.com\\\/information\\\/#website\"},\"primaryImageOfPage\":{\"@id\":\"https:\\\/\\\/congovirtuel.com\\\/information\\\/rdc-des-contestations-sur-la-composition-de-lequipe-de-campagne-du-dauphin-de-joseph-kabila\\\/#primaryimage\"},\"image\":{\"@id\":\"https:\\\/\\\/congovirtuel.com\\\/information\\\/rdc-des-contestations-sur-la-composition-de-lequipe-de-campagne-du-dauphin-de-joseph-kabila\\\/#primaryimage\"},\"thumbnailUrl\":\"https:\\\/\\\/congovirtuel.com\\\/information\\\/wp-content\\\/uploads\\\/2018\\\/11\\\/emmanuel_shadary-e1541402795857.jpg\",\"datePublished\":\"2018-11-05T07:29:32+00:00\",\"breadcrumb\":{\"@id\":\"https:\\\/\\\/congovirtuel.com\\\/information\\\/rdc-des-contestations-sur-la-composition-de-lequipe-de-campagne-du-dauphin-de-joseph-kabila\\\/#breadcrumb\"},\"inLanguage\":\"fr-FR\",\"potentialAction\":[{\"@type\":\"ReadAction\",\"target\":[\"https:\\\/\\\/congovirtuel.com\\\/information\\\/rdc-des-contestations-sur-la-composition-de-lequipe-de-campagne-du-dauphin-de-joseph-kabila\\\/\"]}]},{\"@type\":\"ImageObject\",\"inLanguage\":\"fr-FR\",\"@id\":\"https:\\\/\\\/congovirtuel.com\\\/information\\\/rdc-des-contestations-sur-la-composition-de-lequipe-de-campagne-du-dauphin-de-joseph-kabila\\\/#primaryimage\",\"url\":\"https:\\\/\\\/congovirtuel.com\\\/information\\\/wp-content\\\/uploads\\\/2018\\\/11\\\/emmanuel_shadary-e1541402795857.jpg\",\"contentUrl\":\"https:\\\/\\\/congovirtuel.com\\\/information\\\/wp-content\\\/uploads\\\/2018\\\/11\\\/emmanuel_shadary-e1541402795857.jpg\",\"width\":600,\"height\":337,\"caption\":\"Shadary\"},{\"@type\":\"BreadcrumbList\",\"@id\":\"https:\\\/\\\/congovirtuel.com\\\/information\\\/rdc-des-contestations-sur-la-composition-de-lequipe-de-campagne-du-dauphin-de-joseph-kabila\\\/#breadcrumb\",\"itemListElement\":[{\"@type\":\"ListItem\",\"position\":1,\"name\":\"Accueil\",\"item\":\"https:\\\/\\\/congovirtuel.com\\\/information\\\/\"},{\"@type\":\"ListItem\",\"position\":2,\"name\":\"RDC: des contestations sur la composition de l&rsquo;\u00e9quipe de campagne du \u00ab\u00a0dauphin\u00a0\u00bb de Joseph Kabila\"}]},{\"@type\":\"WebSite\",\"@id\":\"https:\\\/\\\/congovirtuel.com\\\/information\\\/#website\",\"url\":\"https:\\\/\\\/congovirtuel.com\\\/information\\\/\",\"name\":\"Actualit\u00e9s congolaises et internationales\",\"description\":\"site d&#039;analyse et de traitement d&#039;information\",\"publisher\":{\"@id\":\"https:\\\/\\\/congovirtuel.com\\\/information\\\/#organization\"},\"potentialAction\":[{\"@type\":\"SearchAction\",\"target\":{\"@type\":\"EntryPoint\",\"urlTemplate\":\"https:\\\/\\\/congovirtuel.com\\\/information\\\/?s={search_term_string}\"},\"query-input\":{\"@type\":\"PropertyValueSpecification\",\"valueRequired\":true,\"valueName\":\"search_term_string\"}}],\"inLanguage\":\"fr-FR\"},{\"@type\":\"Organization\",\"@id\":\"https:\\\/\\\/congovirtuel.com\\\/information\\\/#organization\",\"name\":\"Biblioth\u00e8que Virtuelle de la RDC\",\"url\":\"https:\\\/\\\/congovirtuel.com\\\/information\\\/\",\"logo\":{\"@type\":\"ImageObject\",\"inLanguage\":\"fr-FR\",\"@id\":\"https:\\\/\\\/congovirtuel.com\\\/information\\\/#\\\/schema\\\/logo\\\/image\\\/\",\"url\":\"https:\\\/\\\/congovirtuel.com\\\/information\\\/wp-content\\\/uploads\\\/2018\\\/10\\\/header-info-congovirtuel-vraie.jpg\",\"contentUrl\":\"https:\\\/\\\/congovirtuel.com\\\/information\\\/wp-content\\\/uploads\\\/2018\\\/10\\\/header-info-congovirtuel-vraie.jpg\",\"width\":728,\"height\":90,\"caption\":\"Biblioth\u00e8que Virtuelle de la RDC\"},\"image\":{\"@id\":\"https:\\\/\\\/congovirtuel.com\\\/information\\\/#\\\/schema\\\/logo\\\/image\\\/\"},\"sameAs\":[\"https:\\\/\\\/web.facebook.com\\\/Congovirtuel-763617960319601\\\/?ref=aymt_homepage_panel&amp;amp;amp;amp;amp;amp;amp;amp;amp;amp;amp;eid=ARCoxULa66767kIgF_KYav6VdjXTI4yk_LW4yoVO9s6NXpysgb7Cb65vpxcxgqzOAKvIbLQxaAETcqHT\",\"https:\\\/\\\/x.com\\\/congovirtuel\",\"https:\\\/\\\/www.youtube.com\\\/channel\\\/UCkFfprYzGgS3EWNpeMXpToQ?view_as=subscriber\"]},{\"@type\":\"Person\",\"@id\":\"https:\\\/\\\/congovirtuel.com\\\/information\\\/#\\\/schema\\\/person\\\/739a44bf7990966cb53d58d2fdeca0b6\",\"name\":\"infocongovirtuel\",\"image\":{\"@type\":\"ImageObject\",\"inLanguage\":\"fr-FR\",\"@id\":\"https:\\\/\\\/secure.gravatar.com\\\/avatar\\\/4d76991aa72469f0eb22e772586c99113c6997f88da636a9db8f2ce3a2c05e69?s=96&d=mm&r=g\",\"url\":\"https:\\\/\\\/secure.gravatar.com\\\/avatar\\\/4d76991aa72469f0eb22e772586c99113c6997f88da636a9db8f2ce3a2c05e69?s=96&d=mm&r=g\",\"contentUrl\":\"https:\\\/\\\/secure.gravatar.com\\\/avatar\\\/4d76991aa72469f0eb22e772586c99113c6997f88da636a9db8f2ce3a2c05e69?s=96&d=mm&r=g\",\"caption\":\"infocongovirtuel\"},\"url\":\"https:\\\/\\\/congovirtuel.com\\\/information\\\/author\\\/infocongovirtuel\\\/\"}]}<\/script>\n<!-- \/ Yoast SEO plugin. -->","yoast_head_json":{"title":"RDC: des contestations sur la composition de l'\u00e9quipe de campagne du \"dauphin\" de Joseph Kabila - Actualit\u00e9s congolaises et internationales","robots":{"index":"index","follow":"follow","max-snippet":"max-snippet:-1","max-image-preview":"max-image-preview:large","max-video-preview":"max-video-preview:-1"},"canonical":"https:\/\/congovirtuel.com\/information\/rdc-des-contestations-sur-la-composition-de-lequipe-de-campagne-du-dauphin-de-joseph-kabila\/","og_locale":"fr_FR","og_type":"article","og_title":"RDC: des contestations sur la composition de l'\u00e9quipe de campagne du \"dauphin\" de Joseph Kabila - Actualit\u00e9s congolaises et internationales","og_description":"La pr\u00e9sentation samedi de l&rsquo;\u00e9quipe de campagne du candidat du pouvoir congolais \u00e0 l&rsquo;\u00e9lection pr\u00e9sidentielle du 23 d\u00e9cembre, compos\u00e9e de plus de 500 personnes, politiques et leaders d&rsquo;opinion, a suscit\u00e9 dimanche de multiples r\u00e9actions sur les r\u00e9seaux sociaux, dont les d\u00e9mentis de certains responsables apparemment commis \u00e0 leur insu. \u00ab\u00a0C&rsquo;est sans doute l&rsquo;une des plus grandes \u00e9quipes de campagne au monde qui accompagnera le candidat de la Majorit\u00e9 pr\u00e9sidentielle \u00e0 la pr\u00e9sidentielle de d\u00e9cembre prochain, Emmanuel Ramazani Shadary\u00ab\u00a0, \u00e9crit le site d&rsquo;information 7sur7.cd, qui souligne que \u00ab\u00a0toute la Kabilie est&hellip;","og_url":"https:\/\/congovirtuel.com\/information\/rdc-des-contestations-sur-la-composition-de-lequipe-de-campagne-du-dauphin-de-joseph-kabila\/","og_site_name":"Actualit\u00e9s congolaises et internationales","article_publisher":"https:\/\/web.facebook.com\/Congovirtuel-763617960319601\/?ref=aymt_homepage_panel&amp%3bamp%3bamp%3bamp%3bamp%3bamp%3bamp%3bamp%3bamp%3bamp%3bamp%3beid=ARCoxULa66767kIgF_KYav6VdjXTI4yk_LW4yoVO9s6NXpysgb7Cb65vpxcxgqzOAKvIbLQxaAETcqHT","article_published_time":"2018-11-05T07:29:32+00:00","og_image":[{"width":600,"height":337,"url":"https:\/\/congovirtuel.com\/information\/wp-content\/uploads\/2018\/11\/emmanuel_shadary-e1541402795857.jpg","type":"image\/jpeg"}],"author":"infocongovirtuel","twitter_card":"summary_large_image","twitter_creator":"@congovirtuel","twitter_site":"@congovirtuel","twitter_misc":{"\u00c9crit par":"infocongovirtuel","Dur\u00e9e de lecture estim\u00e9e":"3 minutes"},"schema":{"@context":"https:\/\/schema.org","@graph":[{"@type":"Article","@id":"https:\/\/congovirtuel.com\/information\/rdc-des-contestations-sur-la-composition-de-lequipe-de-campagne-du-dauphin-de-joseph-kabila\/#article","isPartOf":{"@id":"https:\/\/congovirtuel.com\/information\/rdc-des-contestations-sur-la-composition-de-lequipe-de-campagne-du-dauphin-de-joseph-kabila\/"},"author":{"name":"infocongovirtuel","@id":"https:\/\/congovirtuel.com\/information\/#\/schema\/person\/739a44bf7990966cb53d58d2fdeca0b6"},"headline":"RDC: des contestations sur la composition de l&rsquo;\u00e9quipe de campagne du \u00ab\u00a0dauphin\u00a0\u00bb de Joseph Kabila","datePublished":"2018-11-05T07:29:32+00:00","mainEntityOfPage":{"@id":"https:\/\/congovirtuel.com\/information\/rdc-des-contestations-sur-la-composition-de-lequipe-de-campagne-du-dauphin-de-joseph-kabila\/"},"wordCount":628,"commentCount":0,"publisher":{"@id":"https:\/\/congovirtuel.com\/information\/#organization"},"image":{"@id":"https:\/\/congovirtuel.com\/information\/rdc-des-contestations-sur-la-composition-de-lequipe-de-campagne-du-dauphin-de-joseph-kabila\/#primaryimage"},"thumbnailUrl":"https:\/\/congovirtuel.com\/information\/wp-content\/uploads\/2018\/11\/emmanuel_shadary-e1541402795857.jpg","articleSection":["Politique"],"inLanguage":"fr-FR","potentialAction":[{"@type":"CommentAction","name":"Comment","target":["https:\/\/congovirtuel.com\/information\/rdc-des-contestations-sur-la-composition-de-lequipe-de-campagne-du-dauphin-de-joseph-kabila\/#respond"]}]},{"@type":"WebPage","@id":"https:\/\/congovirtuel.com\/information\/rdc-des-contestations-sur-la-composition-de-lequipe-de-campagne-du-dauphin-de-joseph-kabila\/","url":"https:\/\/congovirtuel.com\/information\/rdc-des-contestations-sur-la-composition-de-lequipe-de-campagne-du-dauphin-de-joseph-kabila\/","name":"RDC: des contestations sur la composition de l'\u00e9quipe de campagne du \"dauphin\" de Joseph Kabila - Actualit\u00e9s congolaises et internationales","isPartOf":{"@id":"https:\/\/congovirtuel.com\/information\/#website"},"primaryImageOfPage":{"@id":"https:\/\/congovirtuel.com\/information\/rdc-des-contestations-sur-la-composition-de-lequipe-de-campagne-du-dauphin-de-joseph-kabila\/#primaryimage"},"image":{"@id":"https:\/\/congovirtuel.com\/information\/rdc-des-contestations-sur-la-composition-de-lequipe-de-campagne-du-dauphin-de-joseph-kabila\/#primaryimage"},"thumbnailUrl":"https:\/\/congovirtuel.com\/information\/wp-content\/uploads\/2018\/11\/emmanuel_shadary-e1541402795857.jpg","datePublished":"2018-11-05T07:29:32+00:00","breadcrumb":{"@id":"https:\/\/congovirtuel.com\/information\/rdc-des-contestations-sur-la-composition-de-lequipe-de-campagne-du-dauphin-de-joseph-kabila\/#breadcrumb"},"inLanguage":"fr-FR","potentialAction":[{"@type":"ReadAction","target":["https:\/\/congovirtuel.com\/information\/rdc-des-contestations-sur-la-composition-de-lequipe-de-campagne-du-dauphin-de-joseph-kabila\/"]}]},{"@type":"ImageObject","inLanguage":"fr-FR","@id":"https:\/\/congovirtuel.com\/information\/rdc-des-contestations-sur-la-composition-de-lequipe-de-campagne-du-dauphin-de-joseph-kabila\/#primaryimage","url":"https:\/\/congovirtuel.com\/information\/wp-content\/uploads\/2018\/11\/emmanuel_shadary-e1541402795857.jpg","contentUrl":"https:\/\/congovirtuel.com\/information\/wp-content\/uploads\/2018\/11\/emmanuel_shadary-e1541402795857.jpg","width":600,"height":337,"caption":"Shadary"},{"@type":"BreadcrumbList","@id":"https:\/\/congovirtuel.com\/information\/rdc-des-contestations-sur-la-composition-de-lequipe-de-campagne-du-dauphin-de-joseph-kabila\/#breadcrumb","itemListElement":[{"@type":"ListItem","position":1,"name":"Accueil","item":"https:\/\/congovirtuel.com\/information\/"},{"@type":"ListItem","position":2,"name":"RDC: des contestations sur la composition de l&rsquo;\u00e9quipe de campagne du \u00ab\u00a0dauphin\u00a0\u00bb de Joseph Kabila"}]},{"@type":"WebSite","@id":"https:\/\/congovirtuel.com\/information\/#website","url":"https:\/\/congovirtuel.com\/information\/","name":"Actualit\u00e9s congolaises et internationales","description":"site d&#039;analyse et de traitement d&#039;information","publisher":{"@id":"https:\/\/congovirtuel.com\/information\/#organization"},"potentialAction":[{"@type":"SearchAction","target":{"@type":"EntryPoint","urlTemplate":"https:\/\/congovirtuel.com\/information\/?s={search_term_string}"},"query-input":{"@type":"PropertyValueSpecification","valueRequired":true,"valueName":"search_term_string"}}],"inLanguage":"fr-FR"},{"@type":"Organization","@id":"https:\/\/congovirtuel.com\/information\/#organization","name":"Biblioth\u00e8que Virtuelle de la RDC","url":"https:\/\/congovirtuel.com\/information\/","logo":{"@type":"ImageObject","inLanguage":"fr-FR","@id":"https:\/\/congovirtuel.com\/information\/#\/schema\/logo\/image\/","url":"https:\/\/congovirtuel.com\/information\/wp-content\/uploads\/2018\/10\/header-info-congovirtuel-vraie.jpg","contentUrl":"https:\/\/congovirtuel.com\/information\/wp-content\/uploads\/2018\/10\/header-info-congovirtuel-vraie.jpg","width":728,"height":90,"caption":"Biblioth\u00e8que Virtuelle de la RDC"},"image":{"@id":"https:\/\/congovirtuel.com\/information\/#\/schema\/logo\/image\/"},"sameAs":["https:\/\/web.facebook.com\/Congovirtuel-763617960319601\/?ref=aymt_homepage_panel&amp;amp;amp;amp;amp;amp;amp;amp;amp;amp;amp;eid=ARCoxULa66767kIgF_KYav6VdjXTI4yk_LW4yoVO9s6NXpysgb7Cb65vpxcxgqzOAKvIbLQxaAETcqHT","https:\/\/x.com\/congovirtuel","https:\/\/www.youtube.com\/channel\/UCkFfprYzGgS3EWNpeMXpToQ?view_as=subscriber"]},{"@type":"Person","@id":"https:\/\/congovirtuel.com\/information\/#\/schema\/person\/739a44bf7990966cb53d58d2fdeca0b6","name":"infocongovirtuel","image":{"@type":"ImageObject","inLanguage":"fr-FR","@id":"https:\/\/secure.gravatar.com\/avatar\/4d76991aa72469f0eb22e772586c99113c6997f88da636a9db8f2ce3a2c05e69?s=96&d=mm&r=g","url":"https:\/\/secure.gravatar.com\/avatar\/4d76991aa72469f0eb22e772586c99113c6997f88da636a9db8f2ce3a2c05e69?s=96&d=mm&r=g","contentUrl":"https:\/\/secure.gravatar.com\/avatar\/4d76991aa72469f0eb22e772586c99113c6997f88da636a9db8f2ce3a2c05e69?s=96&d=mm&r=g","caption":"infocongovirtuel"},"url":"https:\/\/congovirtuel.com\/information\/author\/infocongovirtuel\/"}]}},"gt_translate_keys":[{"key":"link","format":"url"}],"_links":{"self":[{"href":"https:\/\/congovirtuel.com\/information\/wp-json\/wp\/v2\/posts\/98","targetHints":{"allow":["GET"]}}],"collection":[{"href":"https:\/\/congovirtuel.com\/information\/wp-json\/wp\/v2\/posts"}],"about":[{"href":"https:\/\/congovirtuel.com\/information\/wp-json\/wp\/v2\/types\/post"}],"author":[{"embeddable":true,"href":"https:\/\/congovirtuel.com\/information\/wp-json\/wp\/v2\/users\/1"}],"replies":[{"embeddable":true,"href":"https:\/\/congovirtuel.com\/information\/wp-json\/wp\/v2\/comments?post=98"}],"version-history":[{"count":2,"href":"https:\/\/congovirtuel.com\/information\/wp-json\/wp\/v2\/posts\/98\/revisions"}],"predecessor-version":[{"id":101,"href":"https:\/\/congovirtuel.com\/information\/wp-json\/wp\/v2\/posts\/98\/revisions\/101"}],"wp:featuredmedia":[{"embeddable":true,"href":"https:\/\/congovirtuel.com\/information\/wp-json\/wp\/v2\/media\/99"}],"wp:attachment":[{"href":"https:\/\/congovirtuel.com\/information\/wp-json\/wp\/v2\/media?parent=98"}],"wp:term":[{"taxonomy":"category","embeddable":true,"href":"https:\/\/congovirtuel.com\/information\/wp-json\/wp\/v2\/categories?post=98"},{"taxonomy":"post_tag","embeddable":true,"href":"https:\/\/congovirtuel.com\/information\/wp-json\/wp\/v2\/tags?post=98"}],"curies":[{"name":"wp","href":"https:\/\/api.w.org\/{rel}","templated":true}]}}