{"id":9810,"date":"2021-05-29T15:56:29","date_gmt":"2021-05-29T14:56:29","guid":{"rendered":"https:\/\/congovirtuel.com\/information\/?p=9810"},"modified":"2021-05-29T15:57:51","modified_gmt":"2021-05-29T14:57:51","slug":"felix-tshisekedi-co-signe-avec-dautres-dirigeants-lappel-pour-un-new-deal-pour-lafrique-de-emmanuel-macron-paul-kagame-cyril-ramaphosa-macky-sall","status":"publish","type":"post","link":"https:\/\/congovirtuel.com\/information\/felix-tshisekedi-co-signe-avec-dautres-dirigeants-lappel-pour-un-new-deal-pour-lafrique-de-emmanuel-macron-paul-kagame-cyril-ramaphosa-macky-sall\/","title":{"rendered":"FELIX TSHISEKEDI CO &#8211; SIGNE AVEC D&rsquo;AUTRES DIRIGEANTS \u00ab\u00a0L&rsquo;APPEL POUR UN NEW DEAL POUR L&rsquo;AFRIQUE\u00a0\u00bb DE EMMANUEL Macron, PAUL KAGAME, CYRIL RAMAPHOSA, MACKY SALL&#8230;","gt_translate_keys":[{"key":"rendered","format":"text"}]},"content":{"rendered":"\n<p class=\"wp-block-paragraph\">En un an, la pand\u00e9mie a mis fin \u00e0 un quart de si\u00e8cle de croissance \u00e9conomique r\u00e9guli\u00e8re en Afrique, perturb\u00e9 les cha\u00eenes de valeur et provoqu\u00e9 une augmentation sans pr\u00e9c\u00e9dent des in\u00e9galit\u00e9s et de la pauvret\u00e9. En cons\u00e9quence, le monde entier est en danger, car l&rsquo;\u00e9conomie mondiale pourrait perdre l&rsquo;un de ses futurs moteurs de croissance.<\/p>\n\n\n\n<p class=\"wp-block-paragraph\">La pand\u00e9mie COVID-19 nous a appris que nous ne pouvons plus traiter des crises apparemment lointaines comme des probl\u00e8mes lointains. Ce qui se passe n&rsquo;importe o\u00f9 peut affecter les gens partout. C&rsquo;est pourquoi il est si important de s&rsquo;attaquer \u00e0 l&rsquo;impact et \u00e0 l&rsquo;h\u00e9ritage de la pand\u00e9mie en Afrique.<\/p>\n\n\n\n<p class=\"wp-block-paragraph\">Bien que l\u2019Afrique ait subi moins de cas et de d\u00e9c\u00e8s de COVID-19 que d\u2019autres r\u00e9gions du monde, l\u2019impact de la pand\u00e9mie sur le continent pourrait \u00eatre plus soutenu, profond\u00e9ment enracin\u00e9 et d\u00e9stabilisant pour la plan\u00e8te enti\u00e8re. En un an, la pand\u00e9mie a mis fin \u00e0 un quart de si\u00e8cle de croissance \u00e9conomique r\u00e9guli\u00e8re, perturb\u00e9 les cha\u00eenes de valeur et provoqu\u00e9 une augmentation sans pr\u00e9c\u00e9dent des in\u00e9galit\u00e9s et de la pauvret\u00e9.<\/p>\n\n\n\n<p class=\"wp-block-paragraph\">Mais ce n&rsquo;est pas seulement l&rsquo;Afrique qui risque de perdre sa chance de sortir pleinement du COVID-19. L&rsquo;\u00e9conomie mondiale pourrait perdre l&rsquo;un de ses futurs moteurs de croissance.<\/p>\n\n\n\n<p class=\"wp-block-paragraph\">L&rsquo;Afrique a tout ce qu&rsquo;il faut pour surmonter la crise pand\u00e9mique et conduire le monde vers un nouveau cycle de croissance durable: des jeunes entreprenants et innovants, des ressources naturelles pouvant alimenter une base industrielle locale et un projet d&rsquo;int\u00e9gration continentale tr\u00e8s ambitieux. Mais l&rsquo;Afrique n&rsquo;a pas les instruments pour se remettre d&rsquo;une crise aussi \u00e9norme qu&rsquo;inattendue.<\/p>\n\n\n\n<p class=\"wp-block-paragraph\">Alors que le Fonds mon\u00e9taire international estime que les pays africains auront besoin de 285 milliards de dollars de financement suppl\u00e9mentaire d&rsquo;ici 2025, il n&rsquo;y a pas de plan ou de m\u00e9canisme de relance en place pour s\u00e9curiser ces ressources. Alors que d\u2019autres r\u00e9gions voient maintenant des signes de reprise \u00e9conomique rapide, l\u2019incapacit\u00e9 de l\u2019Afrique \u00e0 combattre la pand\u00e9mie avec les m\u00eames effets de levier pourrait alimenter une crise \u00e9conomique et sociale qui prive ses jeunes des possibilit\u00e9s dont ils ont besoin et qu\u2019ils m\u00e9ritent.<\/p>\n\n\n\n<p class=\"wp-block-paragraph\">La solidarit\u00e9 internationale a commenc\u00e9 \u00e0 porter ses fruits peu apr\u00e8s le d\u00e9but de la pand\u00e9mie. Les paiements au titre du service de la dette des pays les plus pauvres ont \u00e9t\u00e9 suspendus dans le cadre du G20, et une aide financi\u00e8re exceptionnelle du FMI, de la Banque mondiale et d&rsquo;autres donateurs, y compris l&rsquo;Europe, a \u00e9t\u00e9 mise \u00e0 disposition.<\/p>\n\n\n\n<p class=\"wp-block-paragraph\">Mais les institutions qui sous-tendent la solidarit\u00e9 internationale depuis des d\u00e9cennies atteignent d\u00e9sormais leurs limites. Ils ont \u00e9t\u00e9 affaiblis \u00e0 court terme par d&rsquo;\u00e9normes in\u00e9galit\u00e9s d&rsquo;acc\u00e8s aux vaccins. Ils sont \u00e9galement fragilis\u00e9s par des divergences \u00e9conomiques majeures, qu&rsquo;aucune mesure d&rsquo;urgence ne semble capable d&rsquo;arr\u00eater.<\/p>\n\n\n\n<p class=\"wp-block-paragraph\">C&rsquo;est pourquoi un nouveau cadre, un New Deal ambitieux et audacieux, est n\u00e9cessaire. Et le premier test de cette initiative doit \u00eatre l&rsquo;acc\u00e8s aux vaccins COVID-19. Gr\u00e2ce \u00e0 COVAX, le pilier vaccin de l\u2019acc\u00e9l\u00e9rateur d\u2019acc\u00e8s aux outils COVID-19 (ACT) de la communaut\u00e9 internationale, et \u00e0 l\u2019\u00e9quipe sp\u00e9ciale africaine d\u2019acquisition de vaccins, des centaines de millions de doses seront livr\u00e9es \u00e0 l\u2019Afrique dans les mois \u00e0 venir. Les doses de vaccins pr\u00e9-command\u00e9es sont partag\u00e9es via des canaux multilat\u00e9raux, la protection des agents de sant\u00e9 \u00e9tant la priorit\u00e9 absolue.<\/p>\n\n\n\n<p class=\"wp-block-paragraph\">Mais ce n&rsquo;est pas suffisant. La vaccination est la politique \u00e9conomique la plus importante du monde en ce moment: ses avantages se mesurent en milliers de milliards, son co\u00fbt en milliards. C&rsquo;est l&rsquo;investissement le plus rentable \u00e0 court terme. Nous devons donc mobiliser des instruments financiers innovants pour augmenter le financement de l\u2019ACT Accelerator, afin d\u2019atteindre l\u2019objectif de couverture vaccinale de l\u2019Afrique, fix\u00e9 \u00e0 60-70% par les Centres africains de contr\u00f4le et de pr\u00e9vention des maladies. Nous appelons le FMI \u00e0 reconna\u00eetre l\u2019utilisation de droits de tirage sp\u00e9ciaux (DTS, unit\u00e9 de compte du FMI) pour financer cet effort.<\/p>\n\n\n\n<p class=\"wp-block-paragraph\">De plus, comme l&rsquo;affirme la D\u00e9claration de Rome du Sommet mondial sur la sant\u00e9 du 21 mai, la cl\u00e9 de la lutte contre les futures pand\u00e9mies consiste \u00e0 transf\u00e9rer non seulement les licences mais aussi l&rsquo;expertise aux producteurs de vaccins des pays en d\u00e9veloppement. En attendant la conclusion d&rsquo;un accord sur la propri\u00e9t\u00e9 intellectuelle actuellement en n\u00e9gociation \u00e0 l&rsquo;Organisation mondiale du commerce, l&rsquo;Afrique doit \u00eatre en mesure de produire des vaccins en utilisant la technologie de l&rsquo;ARN messager (ARNm) et de rompre un accord, au sein de l&rsquo;OMC, sur les aspects de la propri\u00e9t\u00e9 intellectuelle li\u00e9s au commerce. R\u00e9gime des droits (ADPIC). Sous l&rsquo;impulsion du sommet de Paris des dirigeants africains, europ\u00e9ens et financiers, qui s&rsquo;est tenu le 18 mai, de tels partenariats de production seront financ\u00e9s et \u00e9volueront dans les mois \u00e0 venir.<\/p>\n\n\n\n<p class=\"wp-block-paragraph\">Le deuxi\u00e8me \u00e9l\u00e9ment d&rsquo;un New Deal pour l&rsquo;Afrique est un investissement \u00e0 grande \u00e9chelle dans la sant\u00e9, l&rsquo;\u00e9ducation et la lutte contre le changement climatique. Nous devons permettre \u00e0 l&rsquo;Afrique de limiter ces d\u00e9penses aux d\u00e9penses d&rsquo;investissement dans la s\u00e9curit\u00e9 et les infrastructures, emp\u00eachant ainsi le continent de sombrer dans un nouveau cycle d&rsquo;endettement excessif. \u00c0 court terme, malgr\u00e9 le succ\u00e8s spectaculaire de certains pays africains en mati\u00e8re d\u2019exploitation des march\u00e9s financiers internationaux, les cr\u00e9anciers priv\u00e9s ne fourniront pas les ressources financi\u00e8res n\u00e9cessaires.<\/p>\n\n\n\n<p class=\"wp-block-paragraph\">L&rsquo;Afrique a besoin d&rsquo;un choc de confiance positif. Le sommet de Paris nous a permis de consolider un accord sur une nouvelle allocation de 650 milliards de dollars de DTS, dont 33 milliards de dollars iront aux pays africains. D\u00e9sormais, nous voulons aller encore plus loin avec deux engagements volontaires.<\/p>\n\n\n\n<p class=\"wp-block-paragraph\">Premi\u00e8rement, nous avons besoin d&rsquo;un engagement des autres pays \u00e0 mobiliser une partie de leurs allocations de DTS pour l&rsquo;Afrique. Dans un premier temps, cette r\u00e9orientation des ressources permettrait de d\u00e9gager un seuil initial de 100 milliards de dollars pour l&rsquo;Afrique (et les pays vuln\u00e9rables ailleurs).<\/p>\n\n\n\n<p class=\"wp-block-paragraph\">Deuxi\u00e8mement, les institutions africaines doivent \u00eatre impliqu\u00e9es dans l\u2019utilisation de ces DTS pour soutenir le redressement du continent et les progr\u00e8s vers la r\u00e9alisation des objectifs de d\u00e9veloppement durable \u00e0 l\u2019horizon 2030. Ceci, \u00e0 son tour, peut ouvrir la voie \u00e0 une refonte de notre architecture financi\u00e8re internationale qui donne plus de poids aux institutions africaines.<\/p>\n\n\n\n<p class=\"wp-block-paragraph\">Nous appelons tous les membres de la communaut\u00e9 internationale \u00e0 prendre ce double engagement.<\/p>\n\n\n\n<p class=\"wp-block-paragraph\">Enfin, nous devons nous concentrer sur l&rsquo;atout principal de l&rsquo;Afrique: son dynamisme entrepreneurial. Les tr\u00e8s petites, petites et moyennes entreprises du continent sont la bou\u00e9e de sauvetage pour l&rsquo;avenir des femmes et des jeunes africains, mais le secteur priv\u00e9 est l&rsquo;otage de l&rsquo;informalit\u00e9 et du sous-financement. C\u2019est pourquoi nous devons nous concentrer sur l\u2019am\u00e9lioration de l\u2019acc\u00e8s des entrepreneurs africains au financement en ciblant les phases les plus cruciales de leurs projets, en particulier le d\u00e9marrage.<\/p>\n\n\n\n<p class=\"wp-block-paragraph\">L&rsquo;objectif du sommet de Paris \u00e9tait de parvenir \u00e0 un accord sur quatre objectifs: l&rsquo;acc\u00e8s universel aux vaccins COVID-19, y compris via la production en Afrique; le renforcement des positions et des r\u00f4les des institutions panafricaines dans une nouvelle architecture financi\u00e8re internationale; relancer les investissements publics et priv\u00e9s; et soutenir le financement \u00e0 grande \u00e9chelle du secteur priv\u00e9 africain. Notre t\u00e2che dans les mois \u00e0 venir sera de faire progresser ces objectifs dans les enceintes internationales et dans le cadre du prochain mandat de six mois de la France \u00e0 la pr\u00e9sidence du Conseil de l\u2019Union europ\u00e9enne.<\/p>\n\n\n\n<p class=\"wp-block-paragraph\">Ce commentaire est \u00e9galement sign\u00e9 par Ant\u00f3nio Costa, Premier ministre du Portugal; Pedro S\u00e1nchez P\u00e9rez-Castej\u00f3n, Premier ministre espagnol; Alexander De Croo, Premier ministre de Belgique; Charles Michel, le Conseil europ\u00e9en; Ursula von der Leyen, pr\u00e9sidente de la Commission europ\u00e9enne; Mohammed ben Salmane, prince h\u00e9ritier d&rsquo;Arabie saoudite; Mohammed ben Zayed, prince h\u00e9ritier de l&rsquo;\u00e9mirat d&rsquo;Abou Dhabi; F\u00e9lix Antoine Tshisekedi Tshilombo, pr\u00e9sident de la R\u00e9publique d\u00e9mocratique du Congo et pr\u00e9sident de l&rsquo;Union africaine; Faure Gnassingb\u00e9, pr\u00e9sident du Togo; Alassane Ouattara, pr\u00e9sident de la C\u00f4te d&rsquo;Ivoire; Abdel Fattah el-Sisi, pr\u00e9sident de l&rsquo;\u00c9gypte; Filipe Nyusi, pr\u00e9sident du Mozambique; Muhammadu Buhari, pr\u00e9sident du Nig\u00e9ria; Roch Marc Christian Kabor\u00e9, pr\u00e9sident du Burkina Faso; Azali Assoumani, pr\u00e9sident des Comores; Nana Akufo-Addo, Pr\u00e9sidente du Ghana; Jo\u00e3o Louren\u00e7o, pr\u00e9sident de l&rsquo;Angola; Sahle-Work Zewde, pr\u00e9sident de l&rsquo;\u00c9thiopie; Mohamed Ould el Ghazouani, pr\u00e9sident de la Mauritanie; Ka\u00efs Sa\u00efed, pr\u00e9sident de la Tunisie; Bah N\u2019Daw, ancien pr\u00e9sident du Mali; Mohamed Bazoum, pr\u00e9sident du Niger; Albert Pahimi Padacke, Premier Ministre du Tchad; Abdalla Hamdok, Premier Ministre du Soudan; Denis Sassou Nguesso, pr\u00e9sident de la R\u00e9publique du Congo; Patrice Talon, pr\u00e9sident du B\u00e9nin; Paul Biya, pr\u00e9sident du Cameroun; et Moussa Faki, pr\u00e9sident de la Commission de l&rsquo;Union africaine.<\/p>\n\n\n\n<p class=\"wp-block-paragraph\">Ti<strong>trage congovirtuel<\/strong><\/p>\n\n\n\n<p class=\"wp-block-paragraph\"><a href=\"https:\/\/www.project-syndicate.org\/commentary\/economic-new-deal-for-africa-by-emmanuel-macron-et-al-2021-05?utm_source=facebook&amp;utm_medium=organic-social&amp;utm_campaign=page-posts-may21&amp;utm_post-type=link&amp;utm_format=16%3A9&amp;utm_creative=link-image&amp;utm_post-date=2021-05-29&amp;fbclid=IwAR2xrYtqoTNVB1J8_-u9Zk77gAj-nD0xibl8QcvqcKUEpfVRciSNbgK_-j0\">https:\/\/www.project-syndicate.org\/commentary\/economic-new-deal-for-africa-by-emmanuel-macron-et-al-2021-05?utm_source=facebook&amp;utm_medium=organic-social&amp;utm_campaign=page-posts-may21&amp;utm_post-type=link&amp;utm_format=16%3A9&amp;utm_creative=link-image&amp;utm_post-date=2021-05-29&amp;fbclid=IwAR2xrYtqoTNVB1J8_-u9Zk77gAj-nD0xibl8QcvqcKUEpfVRciSNbgK_-j0<\/a><\/p>\n","protected":false,"gt_translate_keys":[{"key":"rendered","format":"html"}]},"excerpt":{"rendered":"<p>En un an, la pand\u00e9mie a mis fin \u00e0 un quart de si\u00e8cle de croissance \u00e9conomique r\u00e9guli\u00e8re en Afrique, perturb\u00e9 les cha\u00eenes de valeur et provoqu\u00e9 une augmentation sans pr\u00e9c\u00e9dent des in\u00e9galit\u00e9s et de la pauvret\u00e9. En cons\u00e9quence, le monde entier est en danger, car l&rsquo;\u00e9conomie mondiale pourrait perdre l&rsquo;un de ses futurs moteurs de croissance. La pand\u00e9mie COVID-19 nous a appris que nous ne pouvons plus traiter des crises apparemment lointaines comme des probl\u00e8mes lointains. Ce qui se passe n&rsquo;importe o\u00f9 peut affecter les gens partout. C&rsquo;est pourquoi il&hellip;<\/p>\n","protected":false,"gt_translate_keys":[{"key":"rendered","format":"html"}]},"author":1,"featured_media":9813,"comment_status":"open","ping_status":"open","sticky":false,"template":"","format":"standard","meta":{"_crdt_document":"","footnotes":""},"categories":[19],"tags":[8202,8203,8204],"class_list":["post-9810","post","type-post","status-publish","format-standard","has-post-thumbnail","hentry","category-afrique-democratie","tag-lappel-pour-un-new-deal-pour-lafrique","tag-lappel-pour-un-new-deal-pour-lafrique-tshisekedi","tag-new-deal-afrique"],"gutentor_comment":0,"yoast_head":"<!-- This site is optimized with the Yoast SEO plugin v27.5 - https:\/\/yoast.com\/product\/yoast-seo-wordpress\/ -->\n<title>FELIX TSHISEKEDI CO - SIGNE AVEC D&#039;AUTRES DIRIGEANTS &quot;L&#039;APPEL POUR UN NEW DEAL POUR L&#039;AFRIQUE&quot; DE EMMANUEL Macron, PAUL KAGAME, CYRIL RAMAPHOSA, MACKY SALL... - Actualit\u00e9s congolaises et internationales<\/title>\n<meta name=\"robots\" content=\"index, follow, max-snippet:-1, max-image-preview:large, max-video-preview:-1\" \/>\n<link rel=\"canonical\" href=\"https:\/\/congovirtuel.com\/information\/felix-tshisekedi-co-signe-avec-dautres-dirigeants-lappel-pour-un-new-deal-pour-lafrique-de-emmanuel-macron-paul-kagame-cyril-ramaphosa-macky-sall\/\" \/>\n<meta property=\"og:locale\" content=\"fr_FR\" \/>\n<meta property=\"og:type\" content=\"article\" \/>\n<meta property=\"og:title\" content=\"FELIX TSHISEKEDI CO - SIGNE AVEC D&#039;AUTRES DIRIGEANTS &quot;L&#039;APPEL POUR UN NEW DEAL POUR L&#039;AFRIQUE&quot; DE EMMANUEL Macron, PAUL KAGAME, CYRIL RAMAPHOSA, MACKY SALL... - Actualit\u00e9s congolaises et internationales\" \/>\n<meta property=\"og:description\" content=\"En un an, la pand\u00e9mie a mis fin \u00e0 un quart de si\u00e8cle de croissance \u00e9conomique r\u00e9guli\u00e8re en Afrique, perturb\u00e9 les cha\u00eenes de valeur et provoqu\u00e9 une augmentation sans pr\u00e9c\u00e9dent des in\u00e9galit\u00e9s et de la pauvret\u00e9. En cons\u00e9quence, le monde entier est en danger, car l&rsquo;\u00e9conomie mondiale pourrait perdre l&rsquo;un de ses futurs moteurs de croissance. La pand\u00e9mie COVID-19 nous a appris que nous ne pouvons plus traiter des crises apparemment lointaines comme des probl\u00e8mes lointains. Ce qui se passe n&rsquo;importe o\u00f9 peut affecter les gens partout. C&rsquo;est pourquoi il&hellip;\" \/>\n<meta property=\"og:url\" content=\"https:\/\/congovirtuel.com\/information\/felix-tshisekedi-co-signe-avec-dautres-dirigeants-lappel-pour-un-new-deal-pour-lafrique-de-emmanuel-macron-paul-kagame-cyril-ramaphosa-macky-sall\/\" \/>\n<meta property=\"og:site_name\" content=\"Actualit\u00e9s congolaises et internationales\" \/>\n<meta property=\"article:publisher\" content=\"https:\/\/web.facebook.com\/Congovirtuel-763617960319601\/?ref=aymt_homepage_panel&amp;amp%3bamp%3bamp%3bamp%3bamp%3bamp%3bamp%3bamp%3bamp%3bamp%3bamp%3beid=ARCoxULa66767kIgF_KYav6VdjXTI4yk_LW4yoVO9s6NXpysgb7Cb65vpxcxgqzOAKvIbLQxaAETcqHT\" \/>\n<meta property=\"article:published_time\" content=\"2021-05-29T14:56:29+00:00\" \/>\n<meta property=\"article:modified_time\" content=\"2021-05-29T14:57:51+00:00\" \/>\n<meta property=\"og:image\" content=\"https:\/\/congovirtuel.com\/information\/wp-content\/uploads\/2021\/05\/New_deal-1200-x-620.jpg\" \/>\n\t<meta property=\"og:image:width\" content=\"1200\" \/>\n\t<meta property=\"og:image:height\" content=\"620\" \/>\n\t<meta property=\"og:image:type\" content=\"image\/jpeg\" \/>\n<meta name=\"author\" content=\"infocongovirtuel\" \/>\n<meta name=\"twitter:card\" content=\"summary_large_image\" \/>\n<meta name=\"twitter:creator\" content=\"@congovirtuel\" \/>\n<meta name=\"twitter:site\" content=\"@congovirtuel\" \/>\n<meta name=\"twitter:label1\" content=\"\u00c9crit par\" \/>\n\t<meta name=\"twitter:data1\" content=\"infocongovirtuel\" \/>\n\t<meta name=\"twitter:label2\" content=\"Dur\u00e9e de lecture estim\u00e9e\" \/>\n\t<meta name=\"twitter:data2\" content=\"7 minutes\" \/>\n<script type=\"application\/ld+json\" class=\"yoast-schema-graph\">{\"@context\":\"https:\\\/\\\/schema.org\",\"@graph\":[{\"@type\":\"Article\",\"@id\":\"https:\\\/\\\/congovirtuel.com\\\/information\\\/felix-tshisekedi-co-signe-avec-dautres-dirigeants-lappel-pour-un-new-deal-pour-lafrique-de-emmanuel-macron-paul-kagame-cyril-ramaphosa-macky-sall\\\/#article\",\"isPartOf\":{\"@id\":\"https:\\\/\\\/congovirtuel.com\\\/information\\\/felix-tshisekedi-co-signe-avec-dautres-dirigeants-lappel-pour-un-new-deal-pour-lafrique-de-emmanuel-macron-paul-kagame-cyril-ramaphosa-macky-sall\\\/\"},\"author\":{\"name\":\"infocongovirtuel\",\"@id\":\"https:\\\/\\\/congovirtuel.com\\\/information\\\/#\\\/schema\\\/person\\\/739a44bf7990966cb53d58d2fdeca0b6\"},\"headline\":\"FELIX TSHISEKEDI CO &#8211; SIGNE AVEC D&rsquo;AUTRES DIRIGEANTS \u00ab\u00a0L&rsquo;APPEL POUR UN NEW DEAL POUR L&rsquo;AFRIQUE\u00a0\u00bb DE EMMANUEL Macron, PAUL KAGAME, CYRIL RAMAPHOSA, MACKY SALL&#8230;\",\"datePublished\":\"2021-05-29T14:56:29+00:00\",\"dateModified\":\"2021-05-29T14:57:51+00:00\",\"mainEntityOfPage\":{\"@id\":\"https:\\\/\\\/congovirtuel.com\\\/information\\\/felix-tshisekedi-co-signe-avec-dautres-dirigeants-lappel-pour-un-new-deal-pour-lafrique-de-emmanuel-macron-paul-kagame-cyril-ramaphosa-macky-sall\\\/\"},\"wordCount\":1672,\"commentCount\":0,\"publisher\":{\"@id\":\"https:\\\/\\\/congovirtuel.com\\\/information\\\/#organization\"},\"image\":{\"@id\":\"https:\\\/\\\/congovirtuel.com\\\/information\\\/felix-tshisekedi-co-signe-avec-dautres-dirigeants-lappel-pour-un-new-deal-pour-lafrique-de-emmanuel-macron-paul-kagame-cyril-ramaphosa-macky-sall\\\/#primaryimage\"},\"thumbnailUrl\":\"https:\\\/\\\/congovirtuel.com\\\/information\\\/wp-content\\\/uploads\\\/2021\\\/05\\\/New_deal-1200-x-620.jpg\",\"keywords\":[\"L&#039;APPEL POUR UN NEW DEAL POUR L&#039;AFRIQUE\",\"L&#039;APPEL POUR UN NEW DEAL POUR L&#039;AFRIQUE Tshisekedi\",\"New deal afrique\"],\"articleSection\":[\"Afrique\"],\"inLanguage\":\"fr-FR\",\"potentialAction\":[{\"@type\":\"CommentAction\",\"name\":\"Comment\",\"target\":[\"https:\\\/\\\/congovirtuel.com\\\/information\\\/felix-tshisekedi-co-signe-avec-dautres-dirigeants-lappel-pour-un-new-deal-pour-lafrique-de-emmanuel-macron-paul-kagame-cyril-ramaphosa-macky-sall\\\/#respond\"]}]},{\"@type\":\"WebPage\",\"@id\":\"https:\\\/\\\/congovirtuel.com\\\/information\\\/felix-tshisekedi-co-signe-avec-dautres-dirigeants-lappel-pour-un-new-deal-pour-lafrique-de-emmanuel-macron-paul-kagame-cyril-ramaphosa-macky-sall\\\/\",\"url\":\"https:\\\/\\\/congovirtuel.com\\\/information\\\/felix-tshisekedi-co-signe-avec-dautres-dirigeants-lappel-pour-un-new-deal-pour-lafrique-de-emmanuel-macron-paul-kagame-cyril-ramaphosa-macky-sall\\\/\",\"name\":\"FELIX TSHISEKEDI CO - SIGNE AVEC D'AUTRES DIRIGEANTS \\\"L'APPEL POUR UN NEW DEAL POUR L'AFRIQUE\\\" DE EMMANUEL Macron, PAUL KAGAME, CYRIL RAMAPHOSA, MACKY SALL... - Actualit\u00e9s congolaises et internationales\",\"isPartOf\":{\"@id\":\"https:\\\/\\\/congovirtuel.com\\\/information\\\/#website\"},\"primaryImageOfPage\":{\"@id\":\"https:\\\/\\\/congovirtuel.com\\\/information\\\/felix-tshisekedi-co-signe-avec-dautres-dirigeants-lappel-pour-un-new-deal-pour-lafrique-de-emmanuel-macron-paul-kagame-cyril-ramaphosa-macky-sall\\\/#primaryimage\"},\"image\":{\"@id\":\"https:\\\/\\\/congovirtuel.com\\\/information\\\/felix-tshisekedi-co-signe-avec-dautres-dirigeants-lappel-pour-un-new-deal-pour-lafrique-de-emmanuel-macron-paul-kagame-cyril-ramaphosa-macky-sall\\\/#primaryimage\"},\"thumbnailUrl\":\"https:\\\/\\\/congovirtuel.com\\\/information\\\/wp-content\\\/uploads\\\/2021\\\/05\\\/New_deal-1200-x-620.jpg\",\"datePublished\":\"2021-05-29T14:56:29+00:00\",\"dateModified\":\"2021-05-29T14:57:51+00:00\",\"breadcrumb\":{\"@id\":\"https:\\\/\\\/congovirtuel.com\\\/information\\\/felix-tshisekedi-co-signe-avec-dautres-dirigeants-lappel-pour-un-new-deal-pour-lafrique-de-emmanuel-macron-paul-kagame-cyril-ramaphosa-macky-sall\\\/#breadcrumb\"},\"inLanguage\":\"fr-FR\",\"potentialAction\":[{\"@type\":\"ReadAction\",\"target\":[\"https:\\\/\\\/congovirtuel.com\\\/information\\\/felix-tshisekedi-co-signe-avec-dautres-dirigeants-lappel-pour-un-new-deal-pour-lafrique-de-emmanuel-macron-paul-kagame-cyril-ramaphosa-macky-sall\\\/\"]}]},{\"@type\":\"ImageObject\",\"inLanguage\":\"fr-FR\",\"@id\":\"https:\\\/\\\/congovirtuel.com\\\/information\\\/felix-tshisekedi-co-signe-avec-dautres-dirigeants-lappel-pour-un-new-deal-pour-lafrique-de-emmanuel-macron-paul-kagame-cyril-ramaphosa-macky-sall\\\/#primaryimage\",\"url\":\"https:\\\/\\\/congovirtuel.com\\\/information\\\/wp-content\\\/uploads\\\/2021\\\/05\\\/New_deal-1200-x-620.jpg\",\"contentUrl\":\"https:\\\/\\\/congovirtuel.com\\\/information\\\/wp-content\\\/uploads\\\/2021\\\/05\\\/New_deal-1200-x-620.jpg\",\"width\":1200,\"height\":620},{\"@type\":\"BreadcrumbList\",\"@id\":\"https:\\\/\\\/congovirtuel.com\\\/information\\\/felix-tshisekedi-co-signe-avec-dautres-dirigeants-lappel-pour-un-new-deal-pour-lafrique-de-emmanuel-macron-paul-kagame-cyril-ramaphosa-macky-sall\\\/#breadcrumb\",\"itemListElement\":[{\"@type\":\"ListItem\",\"position\":1,\"name\":\"Accueil\",\"item\":\"https:\\\/\\\/congovirtuel.com\\\/information\\\/\"},{\"@type\":\"ListItem\",\"position\":2,\"name\":\"FELIX TSHISEKEDI CO &#8211; SIGNE AVEC D&rsquo;AUTRES DIRIGEANTS \u00ab\u00a0L&rsquo;APPEL POUR UN NEW DEAL POUR L&rsquo;AFRIQUE\u00a0\u00bb DE EMMANUEL Macron, PAUL KAGAME, CYRIL RAMAPHOSA, MACKY SALL&#8230;\"}]},{\"@type\":\"WebSite\",\"@id\":\"https:\\\/\\\/congovirtuel.com\\\/information\\\/#website\",\"url\":\"https:\\\/\\\/congovirtuel.com\\\/information\\\/\",\"name\":\"Actualit\u00e9s congolaises et internationales\",\"description\":\"site d&#039;analyse et de traitement d&#039;information\",\"publisher\":{\"@id\":\"https:\\\/\\\/congovirtuel.com\\\/information\\\/#organization\"},\"potentialAction\":[{\"@type\":\"SearchAction\",\"target\":{\"@type\":\"EntryPoint\",\"urlTemplate\":\"https:\\\/\\\/congovirtuel.com\\\/information\\\/?s={search_term_string}\"},\"query-input\":{\"@type\":\"PropertyValueSpecification\",\"valueRequired\":true,\"valueName\":\"search_term_string\"}}],\"inLanguage\":\"fr-FR\"},{\"@type\":\"Organization\",\"@id\":\"https:\\\/\\\/congovirtuel.com\\\/information\\\/#organization\",\"name\":\"Biblioth\u00e8que Virtuelle de la RDC\",\"url\":\"https:\\\/\\\/congovirtuel.com\\\/information\\\/\",\"logo\":{\"@type\":\"ImageObject\",\"inLanguage\":\"fr-FR\",\"@id\":\"https:\\\/\\\/congovirtuel.com\\\/information\\\/#\\\/schema\\\/logo\\\/image\\\/\",\"url\":\"https:\\\/\\\/congovirtuel.com\\\/information\\\/wp-content\\\/uploads\\\/2018\\\/10\\\/header-info-congovirtuel-vraie.jpg\",\"contentUrl\":\"https:\\\/\\\/congovirtuel.com\\\/information\\\/wp-content\\\/uploads\\\/2018\\\/10\\\/header-info-congovirtuel-vraie.jpg\",\"width\":728,\"height\":90,\"caption\":\"Biblioth\u00e8que Virtuelle de la RDC\"},\"image\":{\"@id\":\"https:\\\/\\\/congovirtuel.com\\\/information\\\/#\\\/schema\\\/logo\\\/image\\\/\"},\"sameAs\":[\"https:\\\/\\\/web.facebook.com\\\/Congovirtuel-763617960319601\\\/?ref=aymt_homepage_panel&amp;amp;amp;amp;amp;amp;amp;amp;amp;amp;amp;eid=ARCoxULa66767kIgF_KYav6VdjXTI4yk_LW4yoVO9s6NXpysgb7Cb65vpxcxgqzOAKvIbLQxaAETcqHT\",\"https:\\\/\\\/x.com\\\/congovirtuel\",\"https:\\\/\\\/www.youtube.com\\\/channel\\\/UCkFfprYzGgS3EWNpeMXpToQ?view_as=subscriber\"]},{\"@type\":\"Person\",\"@id\":\"https:\\\/\\\/congovirtuel.com\\\/information\\\/#\\\/schema\\\/person\\\/739a44bf7990966cb53d58d2fdeca0b6\",\"name\":\"infocongovirtuel\",\"image\":{\"@type\":\"ImageObject\",\"inLanguage\":\"fr-FR\",\"@id\":\"https:\\\/\\\/secure.gravatar.com\\\/avatar\\\/4d76991aa72469f0eb22e772586c99113c6997f88da636a9db8f2ce3a2c05e69?s=96&d=mm&r=g\",\"url\":\"https:\\\/\\\/secure.gravatar.com\\\/avatar\\\/4d76991aa72469f0eb22e772586c99113c6997f88da636a9db8f2ce3a2c05e69?s=96&d=mm&r=g\",\"contentUrl\":\"https:\\\/\\\/secure.gravatar.com\\\/avatar\\\/4d76991aa72469f0eb22e772586c99113c6997f88da636a9db8f2ce3a2c05e69?s=96&d=mm&r=g\",\"caption\":\"infocongovirtuel\"},\"url\":\"https:\\\/\\\/congovirtuel.com\\\/information\\\/author\\\/infocongovirtuel\\\/\"}]}<\/script>\n<!-- \/ Yoast SEO plugin. -->","yoast_head_json":{"title":"FELIX TSHISEKEDI CO - SIGNE AVEC D'AUTRES DIRIGEANTS \"L'APPEL POUR UN NEW DEAL POUR L'AFRIQUE\" DE EMMANUEL Macron, PAUL KAGAME, CYRIL RAMAPHOSA, MACKY SALL... - Actualit\u00e9s congolaises et internationales","robots":{"index":"index","follow":"follow","max-snippet":"max-snippet:-1","max-image-preview":"max-image-preview:large","max-video-preview":"max-video-preview:-1"},"canonical":"https:\/\/congovirtuel.com\/information\/felix-tshisekedi-co-signe-avec-dautres-dirigeants-lappel-pour-un-new-deal-pour-lafrique-de-emmanuel-macron-paul-kagame-cyril-ramaphosa-macky-sall\/","og_locale":"fr_FR","og_type":"article","og_title":"FELIX TSHISEKEDI CO - SIGNE AVEC D'AUTRES DIRIGEANTS \"L'APPEL POUR UN NEW DEAL POUR L'AFRIQUE\" DE EMMANUEL Macron, PAUL KAGAME, CYRIL RAMAPHOSA, MACKY SALL... - Actualit\u00e9s congolaises et internationales","og_description":"En un an, la pand\u00e9mie a mis fin \u00e0 un quart de si\u00e8cle de croissance \u00e9conomique r\u00e9guli\u00e8re en Afrique, perturb\u00e9 les cha\u00eenes de valeur et provoqu\u00e9 une augmentation sans pr\u00e9c\u00e9dent des in\u00e9galit\u00e9s et de la pauvret\u00e9. En cons\u00e9quence, le monde entier est en danger, car l&rsquo;\u00e9conomie mondiale pourrait perdre l&rsquo;un de ses futurs moteurs de croissance. La pand\u00e9mie COVID-19 nous a appris que nous ne pouvons plus traiter des crises apparemment lointaines comme des probl\u00e8mes lointains. Ce qui se passe n&rsquo;importe o\u00f9 peut affecter les gens partout. C&rsquo;est pourquoi il&hellip;","og_url":"https:\/\/congovirtuel.com\/information\/felix-tshisekedi-co-signe-avec-dautres-dirigeants-lappel-pour-un-new-deal-pour-lafrique-de-emmanuel-macron-paul-kagame-cyril-ramaphosa-macky-sall\/","og_site_name":"Actualit\u00e9s congolaises et internationales","article_publisher":"https:\/\/web.facebook.com\/Congovirtuel-763617960319601\/?ref=aymt_homepage_panel&amp%3bamp%3bamp%3bamp%3bamp%3bamp%3bamp%3bamp%3bamp%3bamp%3bamp%3beid=ARCoxULa66767kIgF_KYav6VdjXTI4yk_LW4yoVO9s6NXpysgb7Cb65vpxcxgqzOAKvIbLQxaAETcqHT","article_published_time":"2021-05-29T14:56:29+00:00","article_modified_time":"2021-05-29T14:57:51+00:00","og_image":[{"width":1200,"height":620,"url":"https:\/\/congovirtuel.com\/information\/wp-content\/uploads\/2021\/05\/New_deal-1200-x-620.jpg","type":"image\/jpeg"}],"author":"infocongovirtuel","twitter_card":"summary_large_image","twitter_creator":"@congovirtuel","twitter_site":"@congovirtuel","twitter_misc":{"\u00c9crit par":"infocongovirtuel","Dur\u00e9e de lecture estim\u00e9e":"7 minutes"},"schema":{"@context":"https:\/\/schema.org","@graph":[{"@type":"Article","@id":"https:\/\/congovirtuel.com\/information\/felix-tshisekedi-co-signe-avec-dautres-dirigeants-lappel-pour-un-new-deal-pour-lafrique-de-emmanuel-macron-paul-kagame-cyril-ramaphosa-macky-sall\/#article","isPartOf":{"@id":"https:\/\/congovirtuel.com\/information\/felix-tshisekedi-co-signe-avec-dautres-dirigeants-lappel-pour-un-new-deal-pour-lafrique-de-emmanuel-macron-paul-kagame-cyril-ramaphosa-macky-sall\/"},"author":{"name":"infocongovirtuel","@id":"https:\/\/congovirtuel.com\/information\/#\/schema\/person\/739a44bf7990966cb53d58d2fdeca0b6"},"headline":"FELIX TSHISEKEDI CO &#8211; SIGNE AVEC D&rsquo;AUTRES DIRIGEANTS \u00ab\u00a0L&rsquo;APPEL POUR UN NEW DEAL POUR L&rsquo;AFRIQUE\u00a0\u00bb DE EMMANUEL Macron, PAUL KAGAME, CYRIL RAMAPHOSA, MACKY SALL&#8230;","datePublished":"2021-05-29T14:56:29+00:00","dateModified":"2021-05-29T14:57:51+00:00","mainEntityOfPage":{"@id":"https:\/\/congovirtuel.com\/information\/felix-tshisekedi-co-signe-avec-dautres-dirigeants-lappel-pour-un-new-deal-pour-lafrique-de-emmanuel-macron-paul-kagame-cyril-ramaphosa-macky-sall\/"},"wordCount":1672,"commentCount":0,"publisher":{"@id":"https:\/\/congovirtuel.com\/information\/#organization"},"image":{"@id":"https:\/\/congovirtuel.com\/information\/felix-tshisekedi-co-signe-avec-dautres-dirigeants-lappel-pour-un-new-deal-pour-lafrique-de-emmanuel-macron-paul-kagame-cyril-ramaphosa-macky-sall\/#primaryimage"},"thumbnailUrl":"https:\/\/congovirtuel.com\/information\/wp-content\/uploads\/2021\/05\/New_deal-1200-x-620.jpg","keywords":["L&#039;APPEL POUR UN NEW DEAL POUR L&#039;AFRIQUE","L&#039;APPEL POUR UN NEW DEAL POUR L&#039;AFRIQUE Tshisekedi","New deal afrique"],"articleSection":["Afrique"],"inLanguage":"fr-FR","potentialAction":[{"@type":"CommentAction","name":"Comment","target":["https:\/\/congovirtuel.com\/information\/felix-tshisekedi-co-signe-avec-dautres-dirigeants-lappel-pour-un-new-deal-pour-lafrique-de-emmanuel-macron-paul-kagame-cyril-ramaphosa-macky-sall\/#respond"]}]},{"@type":"WebPage","@id":"https:\/\/congovirtuel.com\/information\/felix-tshisekedi-co-signe-avec-dautres-dirigeants-lappel-pour-un-new-deal-pour-lafrique-de-emmanuel-macron-paul-kagame-cyril-ramaphosa-macky-sall\/","url":"https:\/\/congovirtuel.com\/information\/felix-tshisekedi-co-signe-avec-dautres-dirigeants-lappel-pour-un-new-deal-pour-lafrique-de-emmanuel-macron-paul-kagame-cyril-ramaphosa-macky-sall\/","name":"FELIX TSHISEKEDI CO - SIGNE AVEC D'AUTRES DIRIGEANTS \"L'APPEL POUR UN NEW DEAL POUR L'AFRIQUE\" DE EMMANUEL Macron, PAUL KAGAME, CYRIL RAMAPHOSA, MACKY SALL... - Actualit\u00e9s congolaises et internationales","isPartOf":{"@id":"https:\/\/congovirtuel.com\/information\/#website"},"primaryImageOfPage":{"@id":"https:\/\/congovirtuel.com\/information\/felix-tshisekedi-co-signe-avec-dautres-dirigeants-lappel-pour-un-new-deal-pour-lafrique-de-emmanuel-macron-paul-kagame-cyril-ramaphosa-macky-sall\/#primaryimage"},"image":{"@id":"https:\/\/congovirtuel.com\/information\/felix-tshisekedi-co-signe-avec-dautres-dirigeants-lappel-pour-un-new-deal-pour-lafrique-de-emmanuel-macron-paul-kagame-cyril-ramaphosa-macky-sall\/#primaryimage"},"thumbnailUrl":"https:\/\/congovirtuel.com\/information\/wp-content\/uploads\/2021\/05\/New_deal-1200-x-620.jpg","datePublished":"2021-05-29T14:56:29+00:00","dateModified":"2021-05-29T14:57:51+00:00","breadcrumb":{"@id":"https:\/\/congovirtuel.com\/information\/felix-tshisekedi-co-signe-avec-dautres-dirigeants-lappel-pour-un-new-deal-pour-lafrique-de-emmanuel-macron-paul-kagame-cyril-ramaphosa-macky-sall\/#breadcrumb"},"inLanguage":"fr-FR","potentialAction":[{"@type":"ReadAction","target":["https:\/\/congovirtuel.com\/information\/felix-tshisekedi-co-signe-avec-dautres-dirigeants-lappel-pour-un-new-deal-pour-lafrique-de-emmanuel-macron-paul-kagame-cyril-ramaphosa-macky-sall\/"]}]},{"@type":"ImageObject","inLanguage":"fr-FR","@id":"https:\/\/congovirtuel.com\/information\/felix-tshisekedi-co-signe-avec-dautres-dirigeants-lappel-pour-un-new-deal-pour-lafrique-de-emmanuel-macron-paul-kagame-cyril-ramaphosa-macky-sall\/#primaryimage","url":"https:\/\/congovirtuel.com\/information\/wp-content\/uploads\/2021\/05\/New_deal-1200-x-620.jpg","contentUrl":"https:\/\/congovirtuel.com\/information\/wp-content\/uploads\/2021\/05\/New_deal-1200-x-620.jpg","width":1200,"height":620},{"@type":"BreadcrumbList","@id":"https:\/\/congovirtuel.com\/information\/felix-tshisekedi-co-signe-avec-dautres-dirigeants-lappel-pour-un-new-deal-pour-lafrique-de-emmanuel-macron-paul-kagame-cyril-ramaphosa-macky-sall\/#breadcrumb","itemListElement":[{"@type":"ListItem","position":1,"name":"Accueil","item":"https:\/\/congovirtuel.com\/information\/"},{"@type":"ListItem","position":2,"name":"FELIX TSHISEKEDI CO &#8211; SIGNE AVEC D&rsquo;AUTRES DIRIGEANTS \u00ab\u00a0L&rsquo;APPEL POUR UN NEW DEAL POUR L&rsquo;AFRIQUE\u00a0\u00bb DE EMMANUEL Macron, PAUL KAGAME, CYRIL RAMAPHOSA, MACKY SALL&#8230;"}]},{"@type":"WebSite","@id":"https:\/\/congovirtuel.com\/information\/#website","url":"https:\/\/congovirtuel.com\/information\/","name":"Actualit\u00e9s congolaises et internationales","description":"site d&#039;analyse et de traitement d&#039;information","publisher":{"@id":"https:\/\/congovirtuel.com\/information\/#organization"},"potentialAction":[{"@type":"SearchAction","target":{"@type":"EntryPoint","urlTemplate":"https:\/\/congovirtuel.com\/information\/?s={search_term_string}"},"query-input":{"@type":"PropertyValueSpecification","valueRequired":true,"valueName":"search_term_string"}}],"inLanguage":"fr-FR"},{"@type":"Organization","@id":"https:\/\/congovirtuel.com\/information\/#organization","name":"Biblioth\u00e8que Virtuelle de la RDC","url":"https:\/\/congovirtuel.com\/information\/","logo":{"@type":"ImageObject","inLanguage":"fr-FR","@id":"https:\/\/congovirtuel.com\/information\/#\/schema\/logo\/image\/","url":"https:\/\/congovirtuel.com\/information\/wp-content\/uploads\/2018\/10\/header-info-congovirtuel-vraie.jpg","contentUrl":"https:\/\/congovirtuel.com\/information\/wp-content\/uploads\/2018\/10\/header-info-congovirtuel-vraie.jpg","width":728,"height":90,"caption":"Biblioth\u00e8que Virtuelle de la RDC"},"image":{"@id":"https:\/\/congovirtuel.com\/information\/#\/schema\/logo\/image\/"},"sameAs":["https:\/\/web.facebook.com\/Congovirtuel-763617960319601\/?ref=aymt_homepage_panel&amp;amp;amp;amp;amp;amp;amp;amp;amp;amp;amp;eid=ARCoxULa66767kIgF_KYav6VdjXTI4yk_LW4yoVO9s6NXpysgb7Cb65vpxcxgqzOAKvIbLQxaAETcqHT","https:\/\/x.com\/congovirtuel","https:\/\/www.youtube.com\/channel\/UCkFfprYzGgS3EWNpeMXpToQ?view_as=subscriber"]},{"@type":"Person","@id":"https:\/\/congovirtuel.com\/information\/#\/schema\/person\/739a44bf7990966cb53d58d2fdeca0b6","name":"infocongovirtuel","image":{"@type":"ImageObject","inLanguage":"fr-FR","@id":"https:\/\/secure.gravatar.com\/avatar\/4d76991aa72469f0eb22e772586c99113c6997f88da636a9db8f2ce3a2c05e69?s=96&d=mm&r=g","url":"https:\/\/secure.gravatar.com\/avatar\/4d76991aa72469f0eb22e772586c99113c6997f88da636a9db8f2ce3a2c05e69?s=96&d=mm&r=g","contentUrl":"https:\/\/secure.gravatar.com\/avatar\/4d76991aa72469f0eb22e772586c99113c6997f88da636a9db8f2ce3a2c05e69?s=96&d=mm&r=g","caption":"infocongovirtuel"},"url":"https:\/\/congovirtuel.com\/information\/author\/infocongovirtuel\/"}]}},"gt_translate_keys":[{"key":"link","format":"url"}],"_links":{"self":[{"href":"https:\/\/congovirtuel.com\/information\/wp-json\/wp\/v2\/posts\/9810","targetHints":{"allow":["GET"]}}],"collection":[{"href":"https:\/\/congovirtuel.com\/information\/wp-json\/wp\/v2\/posts"}],"about":[{"href":"https:\/\/congovirtuel.com\/information\/wp-json\/wp\/v2\/types\/post"}],"author":[{"embeddable":true,"href":"https:\/\/congovirtuel.com\/information\/wp-json\/wp\/v2\/users\/1"}],"replies":[{"embeddable":true,"href":"https:\/\/congovirtuel.com\/information\/wp-json\/wp\/v2\/comments?post=9810"}],"version-history":[{"count":2,"href":"https:\/\/congovirtuel.com\/information\/wp-json\/wp\/v2\/posts\/9810\/revisions"}],"predecessor-version":[{"id":9815,"href":"https:\/\/congovirtuel.com\/information\/wp-json\/wp\/v2\/posts\/9810\/revisions\/9815"}],"wp:featuredmedia":[{"embeddable":true,"href":"https:\/\/congovirtuel.com\/information\/wp-json\/wp\/v2\/media\/9813"}],"wp:attachment":[{"href":"https:\/\/congovirtuel.com\/information\/wp-json\/wp\/v2\/media?parent=9810"}],"wp:term":[{"taxonomy":"category","embeddable":true,"href":"https:\/\/congovirtuel.com\/information\/wp-json\/wp\/v2\/categories?post=9810"},{"taxonomy":"post_tag","embeddable":true,"href":"https:\/\/congovirtuel.com\/information\/wp-json\/wp\/v2\/tags?post=9810"}],"curies":[{"name":"wp","href":"https:\/\/api.w.org\/{rel}","templated":true}]}}