{"id":9969,"date":"2021-06-01T23:33:54","date_gmt":"2021-06-01T22:33:54","guid":{"rendered":"https:\/\/congovirtuel.com\/information\/?p=9969"},"modified":"2021-06-01T23:33:56","modified_gmt":"2021-06-01T22:33:56","slug":"rdc-beni-chirimwami-out-un-nouveau-commandant-a-la-tete-des-operations-sukola1","status":"publish","type":"post","link":"https:\/\/congovirtuel.com\/information\/rdc-beni-chirimwami-out-un-nouveau-commandant-a-la-tete-des-operations-sukola1\/","title":{"rendered":"RDC-Beni : Chirimwami out, Un nouveau commandant \u00e0 la t\u00eate des op\u00e9rations Sukola1","gt_translate_keys":[{"key":"rendered","format":"text"}]},"content":{"rendered":"\n<p class=\"wp-block-paragraph\">Le secteur op\u00e9rationnel Sokola 1 Grand Nord, a d\u00e9sormais un nouveau commandant. Il s\u2019agit du G\u00e9n\u00e9ral de Brigade Mputela Nkolito Bertin, qui vient en remplacement du G\u00e9n\u00e9ral Major Peter Cirimwami.<\/p>\n\n\n\n<p class=\"wp-block-paragraph\">La remise et reprise des fonctions a \u00e9t\u00e9 faite ce mardi 1er juin 2021 \u00e0 l\u2019\u00e9tat-major du secteur op\u00e9rationnel situ\u00e9 dans le quartier Paida, dans la commune de Ruwenzori \u00e0 Beni. Le commandant sortant a re\u00e7u des \u00e9loges de ses homologues, en raison de la pression qu\u2019il a mise sur l\u2019ennemi.<\/p>\n\n\n\n<p class=\"wp-block-paragraph\">Le commandant sortant, Peter Chirimwami, a salu\u00e9 la bravoure de ses hommes et la pression men\u00e9e contre les ADF, tout en tra\u00e7ant un bilan positif en d\u00e9pit des difficult\u00e9s auxquelles il faisait face.<\/p>\n\n\n\n<p class=\"wp-block-paragraph\">Sans sa br\u00e8ve allocution, le commandant entrant, le g\u00e9n\u00e9ral de Brigade Mputela Nkolito a mis en garde les officiers qui collaboreraient avec les ADF, pour d\u00e9concentrer l\u2019arm\u00e9e contre l\u2019ennemi&nbsp;:<\/p>\n\n\n\n<p class=\"wp-block-paragraph\">\u00ab&nbsp;<em>Ne soyez pas hypocrites vous officiers. Celui qui sera trouv\u00e9 dans des histoires louches, sera poursuivi, ne me prenez pas pour un mauvais&nbsp;<\/em>\u00bb, a-t-il rench\u00e9rit. Le patron de la Force terrestre a quant \u00e0 lui f\u00e9licit\u00e9 la bravoure du commandant sortant, vu les avanc\u00e9es qu\u2019il a eu sur l\u2019ennemi dans ces op\u00e9rations. Pour le g\u00e9n\u00e9ral Falsi Kabwe, le commandant sortant Peter Chirimwami est un renard de terrain \u00ab&nbsp;<em>nous avons observ\u00e9 certes, les avanc\u00e9es que tu as eu sur l\u2019ennemi, tu es vraiment un renard de terrain, tu \u00e9tais toujours avec tes hommes sur la premi\u00e8re ligne, et pour nous, \u00e7a nous a r\u00e9confort\u00e9s<\/em>&nbsp;\u00bb, a-t-il d\u00e9clar\u00e9.<\/p>\n\n\n\n<p class=\"wp-block-paragraph\">Il faut noter le g\u00e9n\u00e9ral Mputela Nkolito devient le 6\u00e8me commandant des op\u00e9rations Sukola1 apr\u00e8s le g\u00e9n\u00e9ral Peter Chirimwami.<\/p>\n\n\n\n<p class=\"wp-block-paragraph\"><strong>Infocongo<\/strong><\/p>\n","protected":false,"gt_translate_keys":[{"key":"rendered","format":"html"}]},"excerpt":{"rendered":"<p>Le secteur op\u00e9rationnel Sokola 1 Grand Nord, a d\u00e9sormais un nouveau commandant. Il s\u2019agit du G\u00e9n\u00e9ral de Brigade Mputela Nkolito Bertin, qui vient en remplacement du G\u00e9n\u00e9ral Major Peter Cirimwami. La remise et reprise des fonctions a \u00e9t\u00e9 faite ce mardi 1er juin 2021 \u00e0 l\u2019\u00e9tat-major du secteur op\u00e9rationnel situ\u00e9 dans le quartier Paida, dans la commune de Ruwenzori \u00e0 Beni. Le commandant sortant a re\u00e7u des \u00e9loges de ses homologues, en raison de la pression qu\u2019il a mise sur l\u2019ennemi. Le commandant sortant, Peter Chirimwami, a salu\u00e9 la bravoure&hellip;<\/p>\n","protected":false,"gt_translate_keys":[{"key":"rendered","format":"html"}]},"author":1,"featured_media":9971,"comment_status":"open","ping_status":"open","sticky":false,"template":"","format":"standard","meta":{"_crdt_document":"","footnotes":""},"categories":[199],"tags":[8368,8369,8367],"class_list":["post-9969","post","type-post","status-publish","format-standard","has-post-thumbnail","hentry","category-insecurite","tag-beni-2","tag-chirimwami-quitte-sukola1","tag-sukola1"],"gutentor_comment":0,"yoast_head":"<!-- This site is optimized with the Yoast SEO plugin v27.5 - https:\/\/yoast.com\/product\/yoast-seo-wordpress\/ -->\n<title>RDC-Beni : Chirimwami out, Un nouveau commandant \u00e0 la t\u00eate des op\u00e9rations Sukola1 - Actualit\u00e9s congolaises et internationales<\/title>\n<meta name=\"robots\" content=\"index, follow, max-snippet:-1, max-image-preview:large, max-video-preview:-1\" \/>\n<link rel=\"canonical\" href=\"https:\/\/congovirtuel.com\/information\/rdc-beni-chirimwami-out-un-nouveau-commandant-a-la-tete-des-operations-sukola1\/\" \/>\n<meta property=\"og:locale\" content=\"fr_FR\" \/>\n<meta property=\"og:type\" content=\"article\" \/>\n<meta property=\"og:title\" content=\"RDC-Beni : Chirimwami out, Un nouveau commandant \u00e0 la t\u00eate des op\u00e9rations Sukola1 - Actualit\u00e9s congolaises et internationales\" \/>\n<meta property=\"og:description\" content=\"Le secteur op\u00e9rationnel Sokola 1 Grand Nord, a d\u00e9sormais un nouveau commandant. Il s\u2019agit du G\u00e9n\u00e9ral de Brigade Mputela Nkolito Bertin, qui vient en remplacement du G\u00e9n\u00e9ral Major Peter Cirimwami. La remise et reprise des fonctions a \u00e9t\u00e9 faite ce mardi 1er juin 2021 \u00e0 l\u2019\u00e9tat-major du secteur op\u00e9rationnel situ\u00e9 dans le quartier Paida, dans la commune de Ruwenzori \u00e0 Beni. Le commandant sortant a re\u00e7u des \u00e9loges de ses homologues, en raison de la pression qu\u2019il a mise sur l\u2019ennemi. Le commandant sortant, Peter Chirimwami, a salu\u00e9 la bravoure&hellip;\" \/>\n<meta property=\"og:url\" content=\"https:\/\/congovirtuel.com\/information\/rdc-beni-chirimwami-out-un-nouveau-commandant-a-la-tete-des-operations-sukola1\/\" \/>\n<meta property=\"og:site_name\" content=\"Actualit\u00e9s congolaises et internationales\" \/>\n<meta property=\"article:publisher\" content=\"https:\/\/web.facebook.com\/Congovirtuel-763617960319601\/?ref=aymt_homepage_panel&amp;amp%3bamp%3bamp%3bamp%3bamp%3bamp%3bamp%3bamp%3bamp%3bamp%3bamp%3beid=ARCoxULa66767kIgF_KYav6VdjXTI4yk_LW4yoVO9s6NXpysgb7Cb65vpxcxgqzOAKvIbLQxaAETcqHT\" \/>\n<meta property=\"article:published_time\" content=\"2021-06-01T22:33:54+00:00\" \/>\n<meta property=\"article:modified_time\" content=\"2021-06-01T22:33:56+00:00\" \/>\n<meta property=\"og:image\" content=\"https:\/\/congovirtuel.com\/information\/wp-content\/uploads\/2021\/06\/sukola1-remise-et-reprise-e1622569585256-1080x560-1.jpg\" \/>\n\t<meta property=\"og:image:width\" content=\"1080\" \/>\n\t<meta property=\"og:image:height\" content=\"560\" \/>\n\t<meta property=\"og:image:type\" content=\"image\/jpeg\" \/>\n<meta name=\"author\" content=\"infocongovirtuel\" \/>\n<meta name=\"twitter:card\" content=\"summary_large_image\" \/>\n<meta name=\"twitter:creator\" content=\"@congovirtuel\" \/>\n<meta name=\"twitter:site\" content=\"@congovirtuel\" \/>\n<meta name=\"twitter:label1\" content=\"\u00c9crit par\" \/>\n\t<meta name=\"twitter:data1\" content=\"infocongovirtuel\" \/>\n\t<meta name=\"twitter:label2\" content=\"Dur\u00e9e de lecture estim\u00e9e\" \/>\n\t<meta name=\"twitter:data2\" content=\"2 minutes\" \/>\n<script type=\"application\/ld+json\" class=\"yoast-schema-graph\">{\"@context\":\"https:\\\/\\\/schema.org\",\"@graph\":[{\"@type\":\"Article\",\"@id\":\"https:\\\/\\\/congovirtuel.com\\\/information\\\/rdc-beni-chirimwami-out-un-nouveau-commandant-a-la-tete-des-operations-sukola1\\\/#article\",\"isPartOf\":{\"@id\":\"https:\\\/\\\/congovirtuel.com\\\/information\\\/rdc-beni-chirimwami-out-un-nouveau-commandant-a-la-tete-des-operations-sukola1\\\/\"},\"author\":{\"name\":\"infocongovirtuel\",\"@id\":\"https:\\\/\\\/congovirtuel.com\\\/information\\\/#\\\/schema\\\/person\\\/739a44bf7990966cb53d58d2fdeca0b6\"},\"headline\":\"RDC-Beni : Chirimwami out, Un nouveau commandant \u00e0 la t\u00eate des op\u00e9rations Sukola1\",\"datePublished\":\"2021-06-01T22:33:54+00:00\",\"dateModified\":\"2021-06-01T22:33:56+00:00\",\"mainEntityOfPage\":{\"@id\":\"https:\\\/\\\/congovirtuel.com\\\/information\\\/rdc-beni-chirimwami-out-un-nouveau-commandant-a-la-tete-des-operations-sukola1\\\/\"},\"wordCount\":324,\"commentCount\":0,\"publisher\":{\"@id\":\"https:\\\/\\\/congovirtuel.com\\\/information\\\/#organization\"},\"image\":{\"@id\":\"https:\\\/\\\/congovirtuel.com\\\/information\\\/rdc-beni-chirimwami-out-un-nouveau-commandant-a-la-tete-des-operations-sukola1\\\/#primaryimage\"},\"thumbnailUrl\":\"https:\\\/\\\/congovirtuel.com\\\/information\\\/wp-content\\\/uploads\\\/2021\\\/06\\\/sukola1-remise-et-reprise-e1622569585256-1080x560-1.jpg\",\"keywords\":[\"B\u00e9ni\",\"Chirimwami quitte Sukola1\",\"Sukola1\"],\"articleSection\":[\"Ins\u00e9curit\u00e9\"],\"inLanguage\":\"fr-FR\",\"potentialAction\":[{\"@type\":\"CommentAction\",\"name\":\"Comment\",\"target\":[\"https:\\\/\\\/congovirtuel.com\\\/information\\\/rdc-beni-chirimwami-out-un-nouveau-commandant-a-la-tete-des-operations-sukola1\\\/#respond\"]}]},{\"@type\":\"WebPage\",\"@id\":\"https:\\\/\\\/congovirtuel.com\\\/information\\\/rdc-beni-chirimwami-out-un-nouveau-commandant-a-la-tete-des-operations-sukola1\\\/\",\"url\":\"https:\\\/\\\/congovirtuel.com\\\/information\\\/rdc-beni-chirimwami-out-un-nouveau-commandant-a-la-tete-des-operations-sukola1\\\/\",\"name\":\"RDC-Beni : Chirimwami out, Un nouveau commandant \u00e0 la t\u00eate des op\u00e9rations Sukola1 - Actualit\u00e9s congolaises et internationales\",\"isPartOf\":{\"@id\":\"https:\\\/\\\/congovirtuel.com\\\/information\\\/#website\"},\"primaryImageOfPage\":{\"@id\":\"https:\\\/\\\/congovirtuel.com\\\/information\\\/rdc-beni-chirimwami-out-un-nouveau-commandant-a-la-tete-des-operations-sukola1\\\/#primaryimage\"},\"image\":{\"@id\":\"https:\\\/\\\/congovirtuel.com\\\/information\\\/rdc-beni-chirimwami-out-un-nouveau-commandant-a-la-tete-des-operations-sukola1\\\/#primaryimage\"},\"thumbnailUrl\":\"https:\\\/\\\/congovirtuel.com\\\/information\\\/wp-content\\\/uploads\\\/2021\\\/06\\\/sukola1-remise-et-reprise-e1622569585256-1080x560-1.jpg\",\"datePublished\":\"2021-06-01T22:33:54+00:00\",\"dateModified\":\"2021-06-01T22:33:56+00:00\",\"breadcrumb\":{\"@id\":\"https:\\\/\\\/congovirtuel.com\\\/information\\\/rdc-beni-chirimwami-out-un-nouveau-commandant-a-la-tete-des-operations-sukola1\\\/#breadcrumb\"},\"inLanguage\":\"fr-FR\",\"potentialAction\":[{\"@type\":\"ReadAction\",\"target\":[\"https:\\\/\\\/congovirtuel.com\\\/information\\\/rdc-beni-chirimwami-out-un-nouveau-commandant-a-la-tete-des-operations-sukola1\\\/\"]}]},{\"@type\":\"ImageObject\",\"inLanguage\":\"fr-FR\",\"@id\":\"https:\\\/\\\/congovirtuel.com\\\/information\\\/rdc-beni-chirimwami-out-un-nouveau-commandant-a-la-tete-des-operations-sukola1\\\/#primaryimage\",\"url\":\"https:\\\/\\\/congovirtuel.com\\\/information\\\/wp-content\\\/uploads\\\/2021\\\/06\\\/sukola1-remise-et-reprise-e1622569585256-1080x560-1.jpg\",\"contentUrl\":\"https:\\\/\\\/congovirtuel.com\\\/information\\\/wp-content\\\/uploads\\\/2021\\\/06\\\/sukola1-remise-et-reprise-e1622569585256-1080x560-1.jpg\",\"width\":1080,\"height\":560},{\"@type\":\"BreadcrumbList\",\"@id\":\"https:\\\/\\\/congovirtuel.com\\\/information\\\/rdc-beni-chirimwami-out-un-nouveau-commandant-a-la-tete-des-operations-sukola1\\\/#breadcrumb\",\"itemListElement\":[{\"@type\":\"ListItem\",\"position\":1,\"name\":\"Accueil\",\"item\":\"https:\\\/\\\/congovirtuel.com\\\/information\\\/\"},{\"@type\":\"ListItem\",\"position\":2,\"name\":\"RDC-Beni : Chirimwami out, Un nouveau commandant \u00e0 la t\u00eate des op\u00e9rations Sukola1\"}]},{\"@type\":\"WebSite\",\"@id\":\"https:\\\/\\\/congovirtuel.com\\\/information\\\/#website\",\"url\":\"https:\\\/\\\/congovirtuel.com\\\/information\\\/\",\"name\":\"Actualit\u00e9s congolaises et internationales\",\"description\":\"site d&#039;analyse et de traitement d&#039;information\",\"publisher\":{\"@id\":\"https:\\\/\\\/congovirtuel.com\\\/information\\\/#organization\"},\"potentialAction\":[{\"@type\":\"SearchAction\",\"target\":{\"@type\":\"EntryPoint\",\"urlTemplate\":\"https:\\\/\\\/congovirtuel.com\\\/information\\\/?s={search_term_string}\"},\"query-input\":{\"@type\":\"PropertyValueSpecification\",\"valueRequired\":true,\"valueName\":\"search_term_string\"}}],\"inLanguage\":\"fr-FR\"},{\"@type\":\"Organization\",\"@id\":\"https:\\\/\\\/congovirtuel.com\\\/information\\\/#organization\",\"name\":\"Biblioth\u00e8que Virtuelle de la RDC\",\"url\":\"https:\\\/\\\/congovirtuel.com\\\/information\\\/\",\"logo\":{\"@type\":\"ImageObject\",\"inLanguage\":\"fr-FR\",\"@id\":\"https:\\\/\\\/congovirtuel.com\\\/information\\\/#\\\/schema\\\/logo\\\/image\\\/\",\"url\":\"https:\\\/\\\/congovirtuel.com\\\/information\\\/wp-content\\\/uploads\\\/2018\\\/10\\\/header-info-congovirtuel-vraie.jpg\",\"contentUrl\":\"https:\\\/\\\/congovirtuel.com\\\/information\\\/wp-content\\\/uploads\\\/2018\\\/10\\\/header-info-congovirtuel-vraie.jpg\",\"width\":728,\"height\":90,\"caption\":\"Biblioth\u00e8que Virtuelle de la RDC\"},\"image\":{\"@id\":\"https:\\\/\\\/congovirtuel.com\\\/information\\\/#\\\/schema\\\/logo\\\/image\\\/\"},\"sameAs\":[\"https:\\\/\\\/web.facebook.com\\\/Congovirtuel-763617960319601\\\/?ref=aymt_homepage_panel&amp;amp;amp;amp;amp;amp;amp;amp;amp;amp;amp;eid=ARCoxULa66767kIgF_KYav6VdjXTI4yk_LW4yoVO9s6NXpysgb7Cb65vpxcxgqzOAKvIbLQxaAETcqHT\",\"https:\\\/\\\/x.com\\\/congovirtuel\",\"https:\\\/\\\/www.youtube.com\\\/channel\\\/UCkFfprYzGgS3EWNpeMXpToQ?view_as=subscriber\"]},{\"@type\":\"Person\",\"@id\":\"https:\\\/\\\/congovirtuel.com\\\/information\\\/#\\\/schema\\\/person\\\/739a44bf7990966cb53d58d2fdeca0b6\",\"name\":\"infocongovirtuel\",\"image\":{\"@type\":\"ImageObject\",\"inLanguage\":\"fr-FR\",\"@id\":\"https:\\\/\\\/secure.gravatar.com\\\/avatar\\\/4d76991aa72469f0eb22e772586c99113c6997f88da636a9db8f2ce3a2c05e69?s=96&d=mm&r=g\",\"url\":\"https:\\\/\\\/secure.gravatar.com\\\/avatar\\\/4d76991aa72469f0eb22e772586c99113c6997f88da636a9db8f2ce3a2c05e69?s=96&d=mm&r=g\",\"contentUrl\":\"https:\\\/\\\/secure.gravatar.com\\\/avatar\\\/4d76991aa72469f0eb22e772586c99113c6997f88da636a9db8f2ce3a2c05e69?s=96&d=mm&r=g\",\"caption\":\"infocongovirtuel\"},\"url\":\"https:\\\/\\\/congovirtuel.com\\\/information\\\/author\\\/infocongovirtuel\\\/\"}]}<\/script>\n<!-- \/ Yoast SEO plugin. -->","yoast_head_json":{"title":"RDC-Beni : Chirimwami out, Un nouveau commandant \u00e0 la t\u00eate des op\u00e9rations Sukola1 - Actualit\u00e9s congolaises et internationales","robots":{"index":"index","follow":"follow","max-snippet":"max-snippet:-1","max-image-preview":"max-image-preview:large","max-video-preview":"max-video-preview:-1"},"canonical":"https:\/\/congovirtuel.com\/information\/rdc-beni-chirimwami-out-un-nouveau-commandant-a-la-tete-des-operations-sukola1\/","og_locale":"fr_FR","og_type":"article","og_title":"RDC-Beni : Chirimwami out, Un nouveau commandant \u00e0 la t\u00eate des op\u00e9rations Sukola1 - Actualit\u00e9s congolaises et internationales","og_description":"Le secteur op\u00e9rationnel Sokola 1 Grand Nord, a d\u00e9sormais un nouveau commandant. Il s\u2019agit du G\u00e9n\u00e9ral de Brigade Mputela Nkolito Bertin, qui vient en remplacement du G\u00e9n\u00e9ral Major Peter Cirimwami. La remise et reprise des fonctions a \u00e9t\u00e9 faite ce mardi 1er juin 2021 \u00e0 l\u2019\u00e9tat-major du secteur op\u00e9rationnel situ\u00e9 dans le quartier Paida, dans la commune de Ruwenzori \u00e0 Beni. Le commandant sortant a re\u00e7u des \u00e9loges de ses homologues, en raison de la pression qu\u2019il a mise sur l\u2019ennemi. Le commandant sortant, Peter Chirimwami, a salu\u00e9 la bravoure&hellip;","og_url":"https:\/\/congovirtuel.com\/information\/rdc-beni-chirimwami-out-un-nouveau-commandant-a-la-tete-des-operations-sukola1\/","og_site_name":"Actualit\u00e9s congolaises et internationales","article_publisher":"https:\/\/web.facebook.com\/Congovirtuel-763617960319601\/?ref=aymt_homepage_panel&amp%3bamp%3bamp%3bamp%3bamp%3bamp%3bamp%3bamp%3bamp%3bamp%3bamp%3beid=ARCoxULa66767kIgF_KYav6VdjXTI4yk_LW4yoVO9s6NXpysgb7Cb65vpxcxgqzOAKvIbLQxaAETcqHT","article_published_time":"2021-06-01T22:33:54+00:00","article_modified_time":"2021-06-01T22:33:56+00:00","og_image":[{"width":1080,"height":560,"url":"https:\/\/congovirtuel.com\/information\/wp-content\/uploads\/2021\/06\/sukola1-remise-et-reprise-e1622569585256-1080x560-1.jpg","type":"image\/jpeg"}],"author":"infocongovirtuel","twitter_card":"summary_large_image","twitter_creator":"@congovirtuel","twitter_site":"@congovirtuel","twitter_misc":{"\u00c9crit par":"infocongovirtuel","Dur\u00e9e de lecture estim\u00e9e":"2 minutes"},"schema":{"@context":"https:\/\/schema.org","@graph":[{"@type":"Article","@id":"https:\/\/congovirtuel.com\/information\/rdc-beni-chirimwami-out-un-nouveau-commandant-a-la-tete-des-operations-sukola1\/#article","isPartOf":{"@id":"https:\/\/congovirtuel.com\/information\/rdc-beni-chirimwami-out-un-nouveau-commandant-a-la-tete-des-operations-sukola1\/"},"author":{"name":"infocongovirtuel","@id":"https:\/\/congovirtuel.com\/information\/#\/schema\/person\/739a44bf7990966cb53d58d2fdeca0b6"},"headline":"RDC-Beni : Chirimwami out, Un nouveau commandant \u00e0 la t\u00eate des op\u00e9rations Sukola1","datePublished":"2021-06-01T22:33:54+00:00","dateModified":"2021-06-01T22:33:56+00:00","mainEntityOfPage":{"@id":"https:\/\/congovirtuel.com\/information\/rdc-beni-chirimwami-out-un-nouveau-commandant-a-la-tete-des-operations-sukola1\/"},"wordCount":324,"commentCount":0,"publisher":{"@id":"https:\/\/congovirtuel.com\/information\/#organization"},"image":{"@id":"https:\/\/congovirtuel.com\/information\/rdc-beni-chirimwami-out-un-nouveau-commandant-a-la-tete-des-operations-sukola1\/#primaryimage"},"thumbnailUrl":"https:\/\/congovirtuel.com\/information\/wp-content\/uploads\/2021\/06\/sukola1-remise-et-reprise-e1622569585256-1080x560-1.jpg","keywords":["B\u00e9ni","Chirimwami quitte Sukola1","Sukola1"],"articleSection":["Ins\u00e9curit\u00e9"],"inLanguage":"fr-FR","potentialAction":[{"@type":"CommentAction","name":"Comment","target":["https:\/\/congovirtuel.com\/information\/rdc-beni-chirimwami-out-un-nouveau-commandant-a-la-tete-des-operations-sukola1\/#respond"]}]},{"@type":"WebPage","@id":"https:\/\/congovirtuel.com\/information\/rdc-beni-chirimwami-out-un-nouveau-commandant-a-la-tete-des-operations-sukola1\/","url":"https:\/\/congovirtuel.com\/information\/rdc-beni-chirimwami-out-un-nouveau-commandant-a-la-tete-des-operations-sukola1\/","name":"RDC-Beni : Chirimwami out, Un nouveau commandant \u00e0 la t\u00eate des op\u00e9rations Sukola1 - Actualit\u00e9s congolaises et internationales","isPartOf":{"@id":"https:\/\/congovirtuel.com\/information\/#website"},"primaryImageOfPage":{"@id":"https:\/\/congovirtuel.com\/information\/rdc-beni-chirimwami-out-un-nouveau-commandant-a-la-tete-des-operations-sukola1\/#primaryimage"},"image":{"@id":"https:\/\/congovirtuel.com\/information\/rdc-beni-chirimwami-out-un-nouveau-commandant-a-la-tete-des-operations-sukola1\/#primaryimage"},"thumbnailUrl":"https:\/\/congovirtuel.com\/information\/wp-content\/uploads\/2021\/06\/sukola1-remise-et-reprise-e1622569585256-1080x560-1.jpg","datePublished":"2021-06-01T22:33:54+00:00","dateModified":"2021-06-01T22:33:56+00:00","breadcrumb":{"@id":"https:\/\/congovirtuel.com\/information\/rdc-beni-chirimwami-out-un-nouveau-commandant-a-la-tete-des-operations-sukola1\/#breadcrumb"},"inLanguage":"fr-FR","potentialAction":[{"@type":"ReadAction","target":["https:\/\/congovirtuel.com\/information\/rdc-beni-chirimwami-out-un-nouveau-commandant-a-la-tete-des-operations-sukola1\/"]}]},{"@type":"ImageObject","inLanguage":"fr-FR","@id":"https:\/\/congovirtuel.com\/information\/rdc-beni-chirimwami-out-un-nouveau-commandant-a-la-tete-des-operations-sukola1\/#primaryimage","url":"https:\/\/congovirtuel.com\/information\/wp-content\/uploads\/2021\/06\/sukola1-remise-et-reprise-e1622569585256-1080x560-1.jpg","contentUrl":"https:\/\/congovirtuel.com\/information\/wp-content\/uploads\/2021\/06\/sukola1-remise-et-reprise-e1622569585256-1080x560-1.jpg","width":1080,"height":560},{"@type":"BreadcrumbList","@id":"https:\/\/congovirtuel.com\/information\/rdc-beni-chirimwami-out-un-nouveau-commandant-a-la-tete-des-operations-sukola1\/#breadcrumb","itemListElement":[{"@type":"ListItem","position":1,"name":"Accueil","item":"https:\/\/congovirtuel.com\/information\/"},{"@type":"ListItem","position":2,"name":"RDC-Beni : Chirimwami out, Un nouveau commandant \u00e0 la t\u00eate des op\u00e9rations Sukola1"}]},{"@type":"WebSite","@id":"https:\/\/congovirtuel.com\/information\/#website","url":"https:\/\/congovirtuel.com\/information\/","name":"Actualit\u00e9s congolaises et internationales","description":"site d&#039;analyse et de traitement d&#039;information","publisher":{"@id":"https:\/\/congovirtuel.com\/information\/#organization"},"potentialAction":[{"@type":"SearchAction","target":{"@type":"EntryPoint","urlTemplate":"https:\/\/congovirtuel.com\/information\/?s={search_term_string}"},"query-input":{"@type":"PropertyValueSpecification","valueRequired":true,"valueName":"search_term_string"}}],"inLanguage":"fr-FR"},{"@type":"Organization","@id":"https:\/\/congovirtuel.com\/information\/#organization","name":"Biblioth\u00e8que Virtuelle de la RDC","url":"https:\/\/congovirtuel.com\/information\/","logo":{"@type":"ImageObject","inLanguage":"fr-FR","@id":"https:\/\/congovirtuel.com\/information\/#\/schema\/logo\/image\/","url":"https:\/\/congovirtuel.com\/information\/wp-content\/uploads\/2018\/10\/header-info-congovirtuel-vraie.jpg","contentUrl":"https:\/\/congovirtuel.com\/information\/wp-content\/uploads\/2018\/10\/header-info-congovirtuel-vraie.jpg","width":728,"height":90,"caption":"Biblioth\u00e8que Virtuelle de la RDC"},"image":{"@id":"https:\/\/congovirtuel.com\/information\/#\/schema\/logo\/image\/"},"sameAs":["https:\/\/web.facebook.com\/Congovirtuel-763617960319601\/?ref=aymt_homepage_panel&amp;amp;amp;amp;amp;amp;amp;amp;amp;amp;amp;eid=ARCoxULa66767kIgF_KYav6VdjXTI4yk_LW4yoVO9s6NXpysgb7Cb65vpxcxgqzOAKvIbLQxaAETcqHT","https:\/\/x.com\/congovirtuel","https:\/\/www.youtube.com\/channel\/UCkFfprYzGgS3EWNpeMXpToQ?view_as=subscriber"]},{"@type":"Person","@id":"https:\/\/congovirtuel.com\/information\/#\/schema\/person\/739a44bf7990966cb53d58d2fdeca0b6","name":"infocongovirtuel","image":{"@type":"ImageObject","inLanguage":"fr-FR","@id":"https:\/\/secure.gravatar.com\/avatar\/4d76991aa72469f0eb22e772586c99113c6997f88da636a9db8f2ce3a2c05e69?s=96&d=mm&r=g","url":"https:\/\/secure.gravatar.com\/avatar\/4d76991aa72469f0eb22e772586c99113c6997f88da636a9db8f2ce3a2c05e69?s=96&d=mm&r=g","contentUrl":"https:\/\/secure.gravatar.com\/avatar\/4d76991aa72469f0eb22e772586c99113c6997f88da636a9db8f2ce3a2c05e69?s=96&d=mm&r=g","caption":"infocongovirtuel"},"url":"https:\/\/congovirtuel.com\/information\/author\/infocongovirtuel\/"}]}},"gt_translate_keys":[{"key":"link","format":"url"}],"_links":{"self":[{"href":"https:\/\/congovirtuel.com\/information\/wp-json\/wp\/v2\/posts\/9969","targetHints":{"allow":["GET"]}}],"collection":[{"href":"https:\/\/congovirtuel.com\/information\/wp-json\/wp\/v2\/posts"}],"about":[{"href":"https:\/\/congovirtuel.com\/information\/wp-json\/wp\/v2\/types\/post"}],"author":[{"embeddable":true,"href":"https:\/\/congovirtuel.com\/information\/wp-json\/wp\/v2\/users\/1"}],"replies":[{"embeddable":true,"href":"https:\/\/congovirtuel.com\/information\/wp-json\/wp\/v2\/comments?post=9969"}],"version-history":[{"count":1,"href":"https:\/\/congovirtuel.com\/information\/wp-json\/wp\/v2\/posts\/9969\/revisions"}],"predecessor-version":[{"id":9972,"href":"https:\/\/congovirtuel.com\/information\/wp-json\/wp\/v2\/posts\/9969\/revisions\/9972"}],"wp:featuredmedia":[{"embeddable":true,"href":"https:\/\/congovirtuel.com\/information\/wp-json\/wp\/v2\/media\/9971"}],"wp:attachment":[{"href":"https:\/\/congovirtuel.com\/information\/wp-json\/wp\/v2\/media?parent=9969"}],"wp:term":[{"taxonomy":"category","embeddable":true,"href":"https:\/\/congovirtuel.com\/information\/wp-json\/wp\/v2\/categories?post=9969"},{"taxonomy":"post_tag","embeddable":true,"href":"https:\/\/congovirtuel.com\/information\/wp-json\/wp\/v2\/tags?post=9969"}],"curies":[{"name":"wp","href":"https:\/\/api.w.org\/{rel}","templated":true}]}}