{"id":9974,"date":"2021-06-02T00:19:45","date_gmt":"2021-06-01T23:19:45","guid":{"rendered":"https:\/\/congovirtuel.com\/information\/?p=9974"},"modified":"2021-06-02T00:35:07","modified_gmt":"2021-06-01T23:35:07","slug":"des-scenes-dramatiquees-au-parlement-panafricain-comprendre-le-rixe-entre-jaynet-kabila-et-julius-malema","status":"publish","type":"post","link":"https:\/\/congovirtuel.com\/information\/des-scenes-dramatiquees-au-parlement-panafricain-comprendre-le-rixe-entre-jaynet-kabila-et-julius-malema\/","title":{"rendered":"Des sc\u00e8nes dramatiques au Parlement panafricain, comprendre la rixe entre Jaynet Kabila et Julius Malema","gt_translate_keys":[{"key":"rendered","format":"text"}]},"content":{"rendered":"\n<p class=\"wp-block-paragraph\"><strong>Les d\u00e9l\u00e9gu\u00e9s d&rsquo;Afrique australe sont en d\u00e9saccord avec leurs homologues de l&rsquo;Est et de l&rsquo;Ouest.<\/strong><br><\/p>\n\n\n\n<p class=\"wp-block-paragraph\"><strong>L&rsquo;Afrique australe r\u00e9clame une pr\u00e9sidence par rotation, tandis que les d\u00e9l\u00e9gu\u00e9s de l&rsquo;Est et de l&rsquo;Ouest veulent un syst\u00e8me bas\u00e9 sur le vote.<\/strong><br><\/p>\n\n\n\n<p class=\"wp-block-paragraph\"><strong>Des sc\u00e8nes dramatiques au Parlement panafricain sont mauvaises pour l&rsquo;image d&rsquo;une institution qui essaie toujours de maintenir sa pertinence, estime un analyste.<\/strong><br><\/p>\n\n\n\n<p class=\"wp-block-paragraph\"><br>Quelques minutes apr\u00e8s le d\u00e9but de la session destin\u00e9e \u00e0 \u00e9lire un nouveau pr\u00e9sident, le Parlement panafricain (PAP) a \u00e9clat\u00e9 mardi dans un nouveau chaos.&nbsp;Au centre de celui-ci se trouvait une lettre qui aurait \u00e9t\u00e9 envoy\u00e9e par l&rsquo;Union africaine au PAP au sujet de la r\u00e9forme de la proc\u00e9dure de vote contestataire.<\/p>\n\n\n\n<p class=\"wp-block-paragraph\">Pour la deuxi\u00e8me journ\u00e9e cons\u00e9cutive, la d\u00e9l\u00e9gation d&rsquo;Afrique australe a refus\u00e9 de proc\u00e9der au vote, appelant \u00e0 une pr\u00e9sidence tournante.&nbsp;Les d\u00e9l\u00e9gu\u00e9s d&rsquo;Afrique de l&rsquo;Ouest et de l&rsquo;Est ont exig\u00e9 que le vote ait lieu.<\/p>\n\n\n\n<p class=\"wp-block-paragraph\">\u00ab\u00a0La commission ad hoc esp\u00e8re qu&rsquo;aujourd&rsquo;hui, nous, les parlementaires, allons nous comporter comme il se doit et (&#8230;) continuer parce que nous sommes ici, repr\u00e9sentant nos pays respectifs, mais aussi le peuple africain\u00a0\u00bb, a d\u00e9clar\u00e9 le pr\u00e9sident de la commission Jaynet Kabila.<\/p>\n\n\n\n<p class=\"wp-block-paragraph\">La commission ad hoc est charg\u00e9e d&rsquo;organiser et de g\u00e9rer l&rsquo;\u00e9lection.<\/p>\n\n\n\n<p class=\"wp-block-paragraph\">\u00ab\u00a0Je ne suis pas d&rsquo;accord avec la poursuite de ces \u00e9lections \u00e0 moins que nous ne suivions ce qui a \u00e9t\u00e9 \u00e9crit au greffier de ce parlement\u00a0\u00bb, a d\u00e9clar\u00e9 Barbara Rwodzi du Zimbabwe, \u00e9galement membre de la commission ad hoc.<\/p>\n\n\n\n<p class=\"wp-block-paragraph\">Le chef des Combattants de la libert\u00e9 \u00e9conomique, Julius Malema, a tent\u00e9 de soulever un point d&rsquo;ordre, mais lorsque Kabila a refus\u00e9 d&rsquo;ouvrir la parole au d\u00e9bat, le chaos s&rsquo;est ensuivi.&nbsp;Rwodzi et Malema sont deux des membres les plus virulents du caucus d&rsquo;Afrique australe.<\/p>\n\n\n\n<p class=\"wp-block-paragraph\">Les d\u00e9put\u00e9s ont quitt\u00e9 leurs si\u00e8ges, se disputant le podium.&nbsp;\u00c0 un moment donn\u00e9, plusieurs d\u00e9put\u00e9s essayaient tous de prendre le micro du podium du conf\u00e9rencier.&nbsp;Ils se pouss\u00e8rent et se bouscul\u00e8rent autour de l&rsquo;estrade et refus\u00e8rent de s&rsquo;asseoir.&nbsp;Lorsque le namibien McHenry Venaani a essay\u00e9 de lire la lettre en question, il a \u00e9t\u00e9 hu\u00e9.<\/p>\n\n\n\n<p class=\"wp-block-paragraph\">La quatri\u00e8me session ordinaire de l&rsquo;organe continental a \u00e9t\u00e9 marqu\u00e9e par une profonde division entre les blocs r\u00e9gionaux en lice pour le poste convoit\u00e9 de pr\u00e9sident.&nbsp;Le PAP est dirig\u00e9 par un bureau compos\u00e9 d&rsquo;un pr\u00e9sident et de quatre vice-pr\u00e9sidents, chacun repr\u00e9sentant une r\u00e9gion g\u00e9ographique.<\/p>\n\n\n\n<p class=\"wp-block-paragraph\">Le caucus d&rsquo;Afrique australe, dont l&rsquo;Afrique du Sud est membre, appelle \u00e0 une pr\u00e9sidence tournante, qui donnera \u00e0 chaque r\u00e9gion une chance \u00e9quitable.&nbsp;Les blocs d&rsquo;Afrique australe et nord-africaine sont plus nombreux que les blocs de l&rsquo;est, de l&rsquo;ouest et du centre, ce qui signifie une position affaiblie dans un syst\u00e8me qui repose sur le nombre de voix pour assurer la pr\u00e9sidence.<\/p>\n\n\n\n<p class=\"wp-block-paragraph\">Lundi, des \u00e9changes houleux au sein de l&rsquo;assembl\u00e9e ont conduit \u00e0&nbsp;<a href=\"https:\/\/www.news24.com\/news24\/africa\/news\/pan-african-parliament-erupts-into-chaos-again-20210531\">des violences flagrantes<\/a>&nbsp;et \u00e0 l&rsquo;\u00e9chec de la tenue d&rsquo;\u00e9lections.<\/p>\n\n\n\n<p class=\"wp-block-paragraph\">La whip en chef du Congr\u00e8s national africain, Pemmy Majodiena, a menac\u00e9 de porter des accusations de violence sexiste contre le politicien s\u00e9n\u00e9galais Djibril War.&nbsp;Il s&rsquo;est ensuite excus\u00e9 en direct \u00e0 la t\u00e9l\u00e9vision aupr\u00e8s de Majodiena.<\/p>\n\n\n\n<p class=\"wp-block-paragraph\"><strong>Divisions r\u00e9gionales<\/strong><\/p>\n\n\n\n<p class=\"wp-block-paragraph\">Avant le vote, les divisions r\u00e9gionales restent profondes.&nbsp;La d\u00e9l\u00e9gation d&rsquo;Afrique australe a publi\u00e9 une d\u00e9claration condamnant ce qu&rsquo;elle a appel\u00e9 une \u00ab\u00a0tentative effront\u00e9e\u00a0\u00bb des caucus est et ouest de saper l&rsquo;unit\u00e9 du PAP.&nbsp;Ils ont accus\u00e9 les caucus de profiter des avantages financiers li\u00e9s \u00e0 la direction du bureau du PAP.<\/p>\n\n\n\n<p class=\"wp-block-paragraph\">\u00ab\u00a0Les deux caucus ont utilis\u00e9 leur majorit\u00e9 au parlement continental pour s&rsquo;assurer que seuls leurs candidats occupent la pr\u00e9sidence et quand vient le temps de rendre des comptes, ils utilisent la m\u00eame majorit\u00e9 pour les prot\u00e9ger de la fa\u00e7on dont ils ont d\u00e9pens\u00e9 les fonds du PAP\u00a0\u00bb, a d\u00e9clar\u00e9 V\u00e9t\u00e9ran de l&rsquo;ANC et chef de la d\u00e9l\u00e9gation sud-africaine, Amos Masondo.<\/p>\n\n\n\n<p class=\"wp-block-paragraph\">Les Africains australes disent qu&rsquo;ils n&rsquo;iront pas de l&rsquo;avant avec le vote \u00e0 moins que la l\u00e9gislature n&rsquo;accepte une pr\u00e9sidence tournante, ce qui est conforme aux propres principes de l&rsquo;Union africaine pour les autres organes.&nbsp;Le caucus du sud pr\u00e9sente l&rsquo;actuel pr\u00e9sident par int\u00e9rim du PAP, le chef Fortune Charumbira du Zimbabwe, en tant que pr\u00e9sident.<\/p>\n\n\n\n<p class=\"wp-block-paragraph\">Mais les caucus de l&rsquo;ouest et de l&rsquo;est ont l&rsquo;intention de faire avancer le vote.&nbsp;La d\u00e9l\u00e9gation malienne, qui pr\u00e9sente Haidara Aichata Ciss\u00e9 comme candidate pr\u00e9f\u00e9r\u00e9e du caucus occidental, accuse la d\u00e9l\u00e9gation sud-africaine d&rsquo;utiliser son avantage national pour intimider les d\u00e9l\u00e9gu\u00e9s \u00e9trangers.<\/p>\n\n\n\n<p class=\"wp-block-paragraph\">La semaine derni\u00e8re, Malema a menac\u00e9 de tuer un membre de la d\u00e9l\u00e9gation malienne.<\/p>\n\n\n\n<p class=\"wp-block-paragraph\">Lundi, Malema a d\u00e9clar\u00e9 \u00e0 la SABC que lui et Ali Kon\u00e9 du Mali avaient fum\u00e9 un calumet de la paix, mais a ajout\u00e9 que la vid\u00e9o devenue virale ne permettait pas de voir la menace que Kon\u00e9 avait prof\u00e9r\u00e9 contre lui.<\/p>\n\n\n\n<p class=\"wp-block-paragraph\">\u00ab\u00a0C&rsquo;\u00e9tait une r\u00e9action. Quand une personne me dit que je vais te tuer, je ne peux pas lui donner de roses\u00a0\u00bb, a d\u00e9clar\u00e9 Malema.<\/p>\n\n\n\n<p class=\"wp-block-paragraph\">Le caucus est-africain soutient Albino Mathom Ayuel Aboug du Soudan du Sud comme candidat \u00e0 la pr\u00e9sidentielle.<\/p>\n\n\n\n<p class=\"wp-block-paragraph\"><strong>Une lutte pour la pertinence<\/strong><\/p>\n\n\n\n<p class=\"wp-block-paragraph\">While the PAP has no ability to make laws, it is meant to enact the regulations of the African Union in each country. However, since its inception in 2004, the institution has struggled to assert its relevance as an AU body. The dramatic scenes from a day earlier may have gone viral, but they have done little to help the credibility of an already \u00ab\u00a0fragile\u00a0\u00bb institution, said Steven Gruzd, who heads of&nbsp;<a href=\"https:\/\/saiia.org.za\/programme\/african-governance-and-diplomacy\/\">African Governance and Diplomacy programme<\/a>&nbsp;at the South African Institute of International Affairs.<\/p>\n\n\n\n<p class=\"wp-block-paragraph\">\u00ab\u00a0I\u2019ve never seen it degenerate in public like this,\u00a0\u00bb said Gruzd, who has monitored the PAP throughout its establishment. \u00ab\u00a0I don\u2019t think is a very good image for an institution that is struggling to maintain relevance.\u00a0\u00bb<\/p>\n\n\n\n<p class=\"wp-block-paragraph\">Les images de parlementaires bien habill\u00e9s en \u00e9chauffour\u00e9e peuvent devenir virales parmi le public, mais elles soul\u00e8vent \u00e9galement des questions parmi les contribuables qui paient la facture des d\u00e9placements des d\u00e9l\u00e9gu\u00e9s, des allocations et d&rsquo;autres d\u00e9penses au cours de ces sessions, a d\u00e9clar\u00e9 Gruzd.<\/p>\n\n\n\n<p class=\"wp-block-paragraph\">Les sc\u00e8nes de violence choquantes au&nbsp;<a href=\"https:\/\/twitter.com\/hashtag\/PanAfricanParliament?src=hashtag_click\">#Parlement panafricain<\/a>&nbsp;aujourd&rsquo;hui ternissent l&rsquo;image de cette institution honorable\u00a0\u00bb, a tweet\u00e9 le pr\u00e9sident de l&rsquo;UA, Mouusa Faki Mahamat.&nbsp;\u00ab\u00a0Je lance un appel \u00e0 tous les parlementaires pour qu&rsquo;ils retrouvent leur sang-froid et se conforment aux r\u00e8gles et proc\u00e9dures de l&rsquo;institution.\u00a0\u00bb<\/p>\n\n\n\n<p class=\"wp-block-paragraph\">Cette session de l&rsquo;AP a d\u00e9but\u00e9 le 21 mai et devrait se terminer le 4 juin, avec l&rsquo;\u00e9lection d&rsquo;un nouveau bureau l&rsquo;un de ses objectifs cl\u00e9s.<\/p>\n\n\n\n<p class=\"wp-block-paragraph\">News24.com<\/p>\n","protected":false,"gt_translate_keys":[{"key":"rendered","format":"html"}]},"excerpt":{"rendered":"<p>Les d\u00e9l\u00e9gu\u00e9s d&rsquo;Afrique australe sont en d\u00e9saccord avec leurs homologues de l&rsquo;Est et de l&rsquo;Ouest. L&rsquo;Afrique australe r\u00e9clame une pr\u00e9sidence par rotation, tandis que les d\u00e9l\u00e9gu\u00e9s de l&rsquo;Est et de l&rsquo;Ouest veulent un syst\u00e8me bas\u00e9 sur le vote. Des sc\u00e8nes dramatiques au Parlement panafricain sont mauvaises pour l&rsquo;image d&rsquo;une institution qui essaie toujours de maintenir sa pertinence, estime un analyste. Quelques minutes apr\u00e8s le d\u00e9but de la session destin\u00e9e \u00e0 \u00e9lire un nouveau pr\u00e9sident, le Parlement panafricain (PAP) a \u00e9clat\u00e9 mardi dans un nouveau chaos.&nbsp;Au centre de celui-ci se trouvait&hellip;<\/p>\n","protected":false,"gt_translate_keys":[{"key":"rendered","format":"html"}]},"author":1,"featured_media":9976,"comment_status":"open","ping_status":"open","sticky":false,"template":"","format":"standard","meta":{"_crdt_document":"","footnotes":""},"categories":[12],"tags":[8376,8375,8374],"class_list":["post-9974","post","type-post","status-publish","format-standard","has-post-thumbnail","hentry","category-afrique","tag-echange-entre-jaynet-kabila-et-julius-malema","tag-jaynet-kabila-contre-julius-malema","tag-jaynet-kabila-et-julius-malema"],"gutentor_comment":0,"yoast_head":"<!-- This site is optimized with the Yoast SEO plugin v27.5 - https:\/\/yoast.com\/product\/yoast-seo-wordpress\/ -->\n<title>Des sc\u00e8nes dramatiques au Parlement panafricain, comprendre la rixe entre Jaynet Kabila et Julius Malema - Actualit\u00e9s congolaises et internationales<\/title>\n<meta name=\"robots\" content=\"index, follow, max-snippet:-1, max-image-preview:large, max-video-preview:-1\" \/>\n<link rel=\"canonical\" href=\"https:\/\/congovirtuel.com\/information\/des-scenes-dramatiquees-au-parlement-panafricain-comprendre-le-rixe-entre-jaynet-kabila-et-julius-malema\/\" \/>\n<meta property=\"og:locale\" content=\"fr_FR\" \/>\n<meta property=\"og:type\" content=\"article\" \/>\n<meta property=\"og:title\" content=\"Des sc\u00e8nes dramatiques au Parlement panafricain, comprendre la rixe entre Jaynet Kabila et Julius Malema - Actualit\u00e9s congolaises et internationales\" \/>\n<meta property=\"og:description\" content=\"Les d\u00e9l\u00e9gu\u00e9s d&rsquo;Afrique australe sont en d\u00e9saccord avec leurs homologues de l&rsquo;Est et de l&rsquo;Ouest. L&rsquo;Afrique australe r\u00e9clame une pr\u00e9sidence par rotation, tandis que les d\u00e9l\u00e9gu\u00e9s de l&rsquo;Est et de l&rsquo;Ouest veulent un syst\u00e8me bas\u00e9 sur le vote. Des sc\u00e8nes dramatiques au Parlement panafricain sont mauvaises pour l&rsquo;image d&rsquo;une institution qui essaie toujours de maintenir sa pertinence, estime un analyste. Quelques minutes apr\u00e8s le d\u00e9but de la session destin\u00e9e \u00e0 \u00e9lire un nouveau pr\u00e9sident, le Parlement panafricain (PAP) a \u00e9clat\u00e9 mardi dans un nouveau chaos.&nbsp;Au centre de celui-ci se trouvait&hellip;\" \/>\n<meta property=\"og:url\" content=\"https:\/\/congovirtuel.com\/information\/des-scenes-dramatiquees-au-parlement-panafricain-comprendre-le-rixe-entre-jaynet-kabila-et-julius-malema\/\" \/>\n<meta property=\"og:site_name\" content=\"Actualit\u00e9s congolaises et internationales\" \/>\n<meta property=\"article:publisher\" content=\"https:\/\/web.facebook.com\/Congovirtuel-763617960319601\/?ref=aymt_homepage_panel&amp;amp%3bamp%3bamp%3bamp%3bamp%3bamp%3bamp%3bamp%3bamp%3bamp%3bamp%3beid=ARCoxULa66767kIgF_KYav6VdjXTI4yk_LW4yoVO9s6NXpysgb7Cb65vpxcxgqzOAKvIbLQxaAETcqHT\" \/>\n<meta property=\"article:published_time\" content=\"2021-06-01T23:19:45+00:00\" \/>\n<meta property=\"article:modified_time\" content=\"2021-06-01T23:35:07+00:00\" \/>\n<meta property=\"og:image\" content=\"https:\/\/congovirtuel.com\/information\/wp-content\/uploads\/2021\/06\/f5ad3cf49c194d8689215d3851381d90.jpg\" \/>\n\t<meta property=\"og:image:width\" content=\"1016\" \/>\n\t<meta property=\"og:image:height\" content=\"505\" \/>\n\t<meta property=\"og:image:type\" content=\"image\/jpeg\" \/>\n<meta name=\"author\" content=\"infocongovirtuel\" \/>\n<meta name=\"twitter:card\" content=\"summary_large_image\" \/>\n<meta name=\"twitter:creator\" content=\"@congovirtuel\" \/>\n<meta name=\"twitter:site\" content=\"@congovirtuel\" \/>\n<meta name=\"twitter:label1\" content=\"\u00c9crit par\" \/>\n\t<meta name=\"twitter:data1\" content=\"infocongovirtuel\" \/>\n\t<meta name=\"twitter:label2\" content=\"Dur\u00e9e de lecture estim\u00e9e\" \/>\n\t<meta name=\"twitter:data2\" content=\"5 minutes\" \/>\n<script type=\"application\/ld+json\" class=\"yoast-schema-graph\">{\"@context\":\"https:\\\/\\\/schema.org\",\"@graph\":[{\"@type\":\"Article\",\"@id\":\"https:\\\/\\\/congovirtuel.com\\\/information\\\/des-scenes-dramatiquees-au-parlement-panafricain-comprendre-le-rixe-entre-jaynet-kabila-et-julius-malema\\\/#article\",\"isPartOf\":{\"@id\":\"https:\\\/\\\/congovirtuel.com\\\/information\\\/des-scenes-dramatiquees-au-parlement-panafricain-comprendre-le-rixe-entre-jaynet-kabila-et-julius-malema\\\/\"},\"author\":{\"name\":\"infocongovirtuel\",\"@id\":\"https:\\\/\\\/congovirtuel.com\\\/information\\\/#\\\/schema\\\/person\\\/739a44bf7990966cb53d58d2fdeca0b6\"},\"headline\":\"Des sc\u00e8nes dramatiques au Parlement panafricain, comprendre la rixe entre Jaynet Kabila et Julius Malema\",\"datePublished\":\"2021-06-01T23:19:45+00:00\",\"dateModified\":\"2021-06-01T23:35:07+00:00\",\"mainEntityOfPage\":{\"@id\":\"https:\\\/\\\/congovirtuel.com\\\/information\\\/des-scenes-dramatiquees-au-parlement-panafricain-comprendre-le-rixe-entre-jaynet-kabila-et-julius-malema\\\/\"},\"wordCount\":1264,\"commentCount\":0,\"publisher\":{\"@id\":\"https:\\\/\\\/congovirtuel.com\\\/information\\\/#organization\"},\"image\":{\"@id\":\"https:\\\/\\\/congovirtuel.com\\\/information\\\/des-scenes-dramatiquees-au-parlement-panafricain-comprendre-le-rixe-entre-jaynet-kabila-et-julius-malema\\\/#primaryimage\"},\"thumbnailUrl\":\"https:\\\/\\\/congovirtuel.com\\\/information\\\/wp-content\\\/uploads\\\/2021\\\/06\\\/f5ad3cf49c194d8689215d3851381d90.jpg\",\"keywords\":[\"\u00c9change entre Jaynet Kabila et Julius Malema\",\"Jaynet Kabila contre Julius Malema\",\"Jaynet Kabila et Julius Malema\"],\"articleSection\":[\"Afrique\"],\"inLanguage\":\"fr-FR\",\"potentialAction\":[{\"@type\":\"CommentAction\",\"name\":\"Comment\",\"target\":[\"https:\\\/\\\/congovirtuel.com\\\/information\\\/des-scenes-dramatiquees-au-parlement-panafricain-comprendre-le-rixe-entre-jaynet-kabila-et-julius-malema\\\/#respond\"]}]},{\"@type\":\"WebPage\",\"@id\":\"https:\\\/\\\/congovirtuel.com\\\/information\\\/des-scenes-dramatiquees-au-parlement-panafricain-comprendre-le-rixe-entre-jaynet-kabila-et-julius-malema\\\/\",\"url\":\"https:\\\/\\\/congovirtuel.com\\\/information\\\/des-scenes-dramatiquees-au-parlement-panafricain-comprendre-le-rixe-entre-jaynet-kabila-et-julius-malema\\\/\",\"name\":\"Des sc\u00e8nes dramatiques au Parlement panafricain, comprendre la rixe entre Jaynet Kabila et Julius Malema - Actualit\u00e9s congolaises et internationales\",\"isPartOf\":{\"@id\":\"https:\\\/\\\/congovirtuel.com\\\/information\\\/#website\"},\"primaryImageOfPage\":{\"@id\":\"https:\\\/\\\/congovirtuel.com\\\/information\\\/des-scenes-dramatiquees-au-parlement-panafricain-comprendre-le-rixe-entre-jaynet-kabila-et-julius-malema\\\/#primaryimage\"},\"image\":{\"@id\":\"https:\\\/\\\/congovirtuel.com\\\/information\\\/des-scenes-dramatiquees-au-parlement-panafricain-comprendre-le-rixe-entre-jaynet-kabila-et-julius-malema\\\/#primaryimage\"},\"thumbnailUrl\":\"https:\\\/\\\/congovirtuel.com\\\/information\\\/wp-content\\\/uploads\\\/2021\\\/06\\\/f5ad3cf49c194d8689215d3851381d90.jpg\",\"datePublished\":\"2021-06-01T23:19:45+00:00\",\"dateModified\":\"2021-06-01T23:35:07+00:00\",\"breadcrumb\":{\"@id\":\"https:\\\/\\\/congovirtuel.com\\\/information\\\/des-scenes-dramatiquees-au-parlement-panafricain-comprendre-le-rixe-entre-jaynet-kabila-et-julius-malema\\\/#breadcrumb\"},\"inLanguage\":\"fr-FR\",\"potentialAction\":[{\"@type\":\"ReadAction\",\"target\":[\"https:\\\/\\\/congovirtuel.com\\\/information\\\/des-scenes-dramatiquees-au-parlement-panafricain-comprendre-le-rixe-entre-jaynet-kabila-et-julius-malema\\\/\"]}]},{\"@type\":\"ImageObject\",\"inLanguage\":\"fr-FR\",\"@id\":\"https:\\\/\\\/congovirtuel.com\\\/information\\\/des-scenes-dramatiquees-au-parlement-panafricain-comprendre-le-rixe-entre-jaynet-kabila-et-julius-malema\\\/#primaryimage\",\"url\":\"https:\\\/\\\/congovirtuel.com\\\/information\\\/wp-content\\\/uploads\\\/2021\\\/06\\\/f5ad3cf49c194d8689215d3851381d90.jpg\",\"contentUrl\":\"https:\\\/\\\/congovirtuel.com\\\/information\\\/wp-content\\\/uploads\\\/2021\\\/06\\\/f5ad3cf49c194d8689215d3851381d90.jpg\",\"width\":1016,\"height\":505},{\"@type\":\"BreadcrumbList\",\"@id\":\"https:\\\/\\\/congovirtuel.com\\\/information\\\/des-scenes-dramatiquees-au-parlement-panafricain-comprendre-le-rixe-entre-jaynet-kabila-et-julius-malema\\\/#breadcrumb\",\"itemListElement\":[{\"@type\":\"ListItem\",\"position\":1,\"name\":\"Accueil\",\"item\":\"https:\\\/\\\/congovirtuel.com\\\/information\\\/\"},{\"@type\":\"ListItem\",\"position\":2,\"name\":\"Des sc\u00e8nes dramatiques au Parlement panafricain, comprendre la rixe entre Jaynet Kabila et Julius Malema\"}]},{\"@type\":\"WebSite\",\"@id\":\"https:\\\/\\\/congovirtuel.com\\\/information\\\/#website\",\"url\":\"https:\\\/\\\/congovirtuel.com\\\/information\\\/\",\"name\":\"Actualit\u00e9s congolaises et internationales\",\"description\":\"site d&#039;analyse et de traitement d&#039;information\",\"publisher\":{\"@id\":\"https:\\\/\\\/congovirtuel.com\\\/information\\\/#organization\"},\"potentialAction\":[{\"@type\":\"SearchAction\",\"target\":{\"@type\":\"EntryPoint\",\"urlTemplate\":\"https:\\\/\\\/congovirtuel.com\\\/information\\\/?s={search_term_string}\"},\"query-input\":{\"@type\":\"PropertyValueSpecification\",\"valueRequired\":true,\"valueName\":\"search_term_string\"}}],\"inLanguage\":\"fr-FR\"},{\"@type\":\"Organization\",\"@id\":\"https:\\\/\\\/congovirtuel.com\\\/information\\\/#organization\",\"name\":\"Biblioth\u00e8que Virtuelle de la RDC\",\"url\":\"https:\\\/\\\/congovirtuel.com\\\/information\\\/\",\"logo\":{\"@type\":\"ImageObject\",\"inLanguage\":\"fr-FR\",\"@id\":\"https:\\\/\\\/congovirtuel.com\\\/information\\\/#\\\/schema\\\/logo\\\/image\\\/\",\"url\":\"https:\\\/\\\/congovirtuel.com\\\/information\\\/wp-content\\\/uploads\\\/2018\\\/10\\\/header-info-congovirtuel-vraie.jpg\",\"contentUrl\":\"https:\\\/\\\/congovirtuel.com\\\/information\\\/wp-content\\\/uploads\\\/2018\\\/10\\\/header-info-congovirtuel-vraie.jpg\",\"width\":728,\"height\":90,\"caption\":\"Biblioth\u00e8que Virtuelle de la RDC\"},\"image\":{\"@id\":\"https:\\\/\\\/congovirtuel.com\\\/information\\\/#\\\/schema\\\/logo\\\/image\\\/\"},\"sameAs\":[\"https:\\\/\\\/web.facebook.com\\\/Congovirtuel-763617960319601\\\/?ref=aymt_homepage_panel&amp;amp;amp;amp;amp;amp;amp;amp;amp;amp;amp;eid=ARCoxULa66767kIgF_KYav6VdjXTI4yk_LW4yoVO9s6NXpysgb7Cb65vpxcxgqzOAKvIbLQxaAETcqHT\",\"https:\\\/\\\/x.com\\\/congovirtuel\",\"https:\\\/\\\/www.youtube.com\\\/channel\\\/UCkFfprYzGgS3EWNpeMXpToQ?view_as=subscriber\"]},{\"@type\":\"Person\",\"@id\":\"https:\\\/\\\/congovirtuel.com\\\/information\\\/#\\\/schema\\\/person\\\/739a44bf7990966cb53d58d2fdeca0b6\",\"name\":\"infocongovirtuel\",\"image\":{\"@type\":\"ImageObject\",\"inLanguage\":\"fr-FR\",\"@id\":\"https:\\\/\\\/secure.gravatar.com\\\/avatar\\\/4d76991aa72469f0eb22e772586c99113c6997f88da636a9db8f2ce3a2c05e69?s=96&d=mm&r=g\",\"url\":\"https:\\\/\\\/secure.gravatar.com\\\/avatar\\\/4d76991aa72469f0eb22e772586c99113c6997f88da636a9db8f2ce3a2c05e69?s=96&d=mm&r=g\",\"contentUrl\":\"https:\\\/\\\/secure.gravatar.com\\\/avatar\\\/4d76991aa72469f0eb22e772586c99113c6997f88da636a9db8f2ce3a2c05e69?s=96&d=mm&r=g\",\"caption\":\"infocongovirtuel\"},\"url\":\"https:\\\/\\\/congovirtuel.com\\\/information\\\/author\\\/infocongovirtuel\\\/\"}]}<\/script>\n<!-- \/ Yoast SEO plugin. -->","yoast_head_json":{"title":"Des sc\u00e8nes dramatiques au Parlement panafricain, comprendre la rixe entre Jaynet Kabila et Julius Malema - Actualit\u00e9s congolaises et internationales","robots":{"index":"index","follow":"follow","max-snippet":"max-snippet:-1","max-image-preview":"max-image-preview:large","max-video-preview":"max-video-preview:-1"},"canonical":"https:\/\/congovirtuel.com\/information\/des-scenes-dramatiquees-au-parlement-panafricain-comprendre-le-rixe-entre-jaynet-kabila-et-julius-malema\/","og_locale":"fr_FR","og_type":"article","og_title":"Des sc\u00e8nes dramatiques au Parlement panafricain, comprendre la rixe entre Jaynet Kabila et Julius Malema - Actualit\u00e9s congolaises et internationales","og_description":"Les d\u00e9l\u00e9gu\u00e9s d&rsquo;Afrique australe sont en d\u00e9saccord avec leurs homologues de l&rsquo;Est et de l&rsquo;Ouest. L&rsquo;Afrique australe r\u00e9clame une pr\u00e9sidence par rotation, tandis que les d\u00e9l\u00e9gu\u00e9s de l&rsquo;Est et de l&rsquo;Ouest veulent un syst\u00e8me bas\u00e9 sur le vote. Des sc\u00e8nes dramatiques au Parlement panafricain sont mauvaises pour l&rsquo;image d&rsquo;une institution qui essaie toujours de maintenir sa pertinence, estime un analyste. Quelques minutes apr\u00e8s le d\u00e9but de la session destin\u00e9e \u00e0 \u00e9lire un nouveau pr\u00e9sident, le Parlement panafricain (PAP) a \u00e9clat\u00e9 mardi dans un nouveau chaos.&nbsp;Au centre de celui-ci se trouvait&hellip;","og_url":"https:\/\/congovirtuel.com\/information\/des-scenes-dramatiquees-au-parlement-panafricain-comprendre-le-rixe-entre-jaynet-kabila-et-julius-malema\/","og_site_name":"Actualit\u00e9s congolaises et internationales","article_publisher":"https:\/\/web.facebook.com\/Congovirtuel-763617960319601\/?ref=aymt_homepage_panel&amp%3bamp%3bamp%3bamp%3bamp%3bamp%3bamp%3bamp%3bamp%3bamp%3bamp%3beid=ARCoxULa66767kIgF_KYav6VdjXTI4yk_LW4yoVO9s6NXpysgb7Cb65vpxcxgqzOAKvIbLQxaAETcqHT","article_published_time":"2021-06-01T23:19:45+00:00","article_modified_time":"2021-06-01T23:35:07+00:00","og_image":[{"width":1016,"height":505,"url":"https:\/\/congovirtuel.com\/information\/wp-content\/uploads\/2021\/06\/f5ad3cf49c194d8689215d3851381d90.jpg","type":"image\/jpeg"}],"author":"infocongovirtuel","twitter_card":"summary_large_image","twitter_creator":"@congovirtuel","twitter_site":"@congovirtuel","twitter_misc":{"\u00c9crit par":"infocongovirtuel","Dur\u00e9e de lecture estim\u00e9e":"5 minutes"},"schema":{"@context":"https:\/\/schema.org","@graph":[{"@type":"Article","@id":"https:\/\/congovirtuel.com\/information\/des-scenes-dramatiquees-au-parlement-panafricain-comprendre-le-rixe-entre-jaynet-kabila-et-julius-malema\/#article","isPartOf":{"@id":"https:\/\/congovirtuel.com\/information\/des-scenes-dramatiquees-au-parlement-panafricain-comprendre-le-rixe-entre-jaynet-kabila-et-julius-malema\/"},"author":{"name":"infocongovirtuel","@id":"https:\/\/congovirtuel.com\/information\/#\/schema\/person\/739a44bf7990966cb53d58d2fdeca0b6"},"headline":"Des sc\u00e8nes dramatiques au Parlement panafricain, comprendre la rixe entre Jaynet Kabila et Julius Malema","datePublished":"2021-06-01T23:19:45+00:00","dateModified":"2021-06-01T23:35:07+00:00","mainEntityOfPage":{"@id":"https:\/\/congovirtuel.com\/information\/des-scenes-dramatiquees-au-parlement-panafricain-comprendre-le-rixe-entre-jaynet-kabila-et-julius-malema\/"},"wordCount":1264,"commentCount":0,"publisher":{"@id":"https:\/\/congovirtuel.com\/information\/#organization"},"image":{"@id":"https:\/\/congovirtuel.com\/information\/des-scenes-dramatiquees-au-parlement-panafricain-comprendre-le-rixe-entre-jaynet-kabila-et-julius-malema\/#primaryimage"},"thumbnailUrl":"https:\/\/congovirtuel.com\/information\/wp-content\/uploads\/2021\/06\/f5ad3cf49c194d8689215d3851381d90.jpg","keywords":["\u00c9change entre Jaynet Kabila et Julius Malema","Jaynet Kabila contre Julius Malema","Jaynet Kabila et Julius Malema"],"articleSection":["Afrique"],"inLanguage":"fr-FR","potentialAction":[{"@type":"CommentAction","name":"Comment","target":["https:\/\/congovirtuel.com\/information\/des-scenes-dramatiquees-au-parlement-panafricain-comprendre-le-rixe-entre-jaynet-kabila-et-julius-malema\/#respond"]}]},{"@type":"WebPage","@id":"https:\/\/congovirtuel.com\/information\/des-scenes-dramatiquees-au-parlement-panafricain-comprendre-le-rixe-entre-jaynet-kabila-et-julius-malema\/","url":"https:\/\/congovirtuel.com\/information\/des-scenes-dramatiquees-au-parlement-panafricain-comprendre-le-rixe-entre-jaynet-kabila-et-julius-malema\/","name":"Des sc\u00e8nes dramatiques au Parlement panafricain, comprendre la rixe entre Jaynet Kabila et Julius Malema - Actualit\u00e9s congolaises et internationales","isPartOf":{"@id":"https:\/\/congovirtuel.com\/information\/#website"},"primaryImageOfPage":{"@id":"https:\/\/congovirtuel.com\/information\/des-scenes-dramatiquees-au-parlement-panafricain-comprendre-le-rixe-entre-jaynet-kabila-et-julius-malema\/#primaryimage"},"image":{"@id":"https:\/\/congovirtuel.com\/information\/des-scenes-dramatiquees-au-parlement-panafricain-comprendre-le-rixe-entre-jaynet-kabila-et-julius-malema\/#primaryimage"},"thumbnailUrl":"https:\/\/congovirtuel.com\/information\/wp-content\/uploads\/2021\/06\/f5ad3cf49c194d8689215d3851381d90.jpg","datePublished":"2021-06-01T23:19:45+00:00","dateModified":"2021-06-01T23:35:07+00:00","breadcrumb":{"@id":"https:\/\/congovirtuel.com\/information\/des-scenes-dramatiquees-au-parlement-panafricain-comprendre-le-rixe-entre-jaynet-kabila-et-julius-malema\/#breadcrumb"},"inLanguage":"fr-FR","potentialAction":[{"@type":"ReadAction","target":["https:\/\/congovirtuel.com\/information\/des-scenes-dramatiquees-au-parlement-panafricain-comprendre-le-rixe-entre-jaynet-kabila-et-julius-malema\/"]}]},{"@type":"ImageObject","inLanguage":"fr-FR","@id":"https:\/\/congovirtuel.com\/information\/des-scenes-dramatiquees-au-parlement-panafricain-comprendre-le-rixe-entre-jaynet-kabila-et-julius-malema\/#primaryimage","url":"https:\/\/congovirtuel.com\/information\/wp-content\/uploads\/2021\/06\/f5ad3cf49c194d8689215d3851381d90.jpg","contentUrl":"https:\/\/congovirtuel.com\/information\/wp-content\/uploads\/2021\/06\/f5ad3cf49c194d8689215d3851381d90.jpg","width":1016,"height":505},{"@type":"BreadcrumbList","@id":"https:\/\/congovirtuel.com\/information\/des-scenes-dramatiquees-au-parlement-panafricain-comprendre-le-rixe-entre-jaynet-kabila-et-julius-malema\/#breadcrumb","itemListElement":[{"@type":"ListItem","position":1,"name":"Accueil","item":"https:\/\/congovirtuel.com\/information\/"},{"@type":"ListItem","position":2,"name":"Des sc\u00e8nes dramatiques au Parlement panafricain, comprendre la rixe entre Jaynet Kabila et Julius Malema"}]},{"@type":"WebSite","@id":"https:\/\/congovirtuel.com\/information\/#website","url":"https:\/\/congovirtuel.com\/information\/","name":"Actualit\u00e9s congolaises et internationales","description":"site d&#039;analyse et de traitement d&#039;information","publisher":{"@id":"https:\/\/congovirtuel.com\/information\/#organization"},"potentialAction":[{"@type":"SearchAction","target":{"@type":"EntryPoint","urlTemplate":"https:\/\/congovirtuel.com\/information\/?s={search_term_string}"},"query-input":{"@type":"PropertyValueSpecification","valueRequired":true,"valueName":"search_term_string"}}],"inLanguage":"fr-FR"},{"@type":"Organization","@id":"https:\/\/congovirtuel.com\/information\/#organization","name":"Biblioth\u00e8que Virtuelle de la RDC","url":"https:\/\/congovirtuel.com\/information\/","logo":{"@type":"ImageObject","inLanguage":"fr-FR","@id":"https:\/\/congovirtuel.com\/information\/#\/schema\/logo\/image\/","url":"https:\/\/congovirtuel.com\/information\/wp-content\/uploads\/2018\/10\/header-info-congovirtuel-vraie.jpg","contentUrl":"https:\/\/congovirtuel.com\/information\/wp-content\/uploads\/2018\/10\/header-info-congovirtuel-vraie.jpg","width":728,"height":90,"caption":"Biblioth\u00e8que Virtuelle de la RDC"},"image":{"@id":"https:\/\/congovirtuel.com\/information\/#\/schema\/logo\/image\/"},"sameAs":["https:\/\/web.facebook.com\/Congovirtuel-763617960319601\/?ref=aymt_homepage_panel&amp;amp;amp;amp;amp;amp;amp;amp;amp;amp;amp;eid=ARCoxULa66767kIgF_KYav6VdjXTI4yk_LW4yoVO9s6NXpysgb7Cb65vpxcxgqzOAKvIbLQxaAETcqHT","https:\/\/x.com\/congovirtuel","https:\/\/www.youtube.com\/channel\/UCkFfprYzGgS3EWNpeMXpToQ?view_as=subscriber"]},{"@type":"Person","@id":"https:\/\/congovirtuel.com\/information\/#\/schema\/person\/739a44bf7990966cb53d58d2fdeca0b6","name":"infocongovirtuel","image":{"@type":"ImageObject","inLanguage":"fr-FR","@id":"https:\/\/secure.gravatar.com\/avatar\/4d76991aa72469f0eb22e772586c99113c6997f88da636a9db8f2ce3a2c05e69?s=96&d=mm&r=g","url":"https:\/\/secure.gravatar.com\/avatar\/4d76991aa72469f0eb22e772586c99113c6997f88da636a9db8f2ce3a2c05e69?s=96&d=mm&r=g","contentUrl":"https:\/\/secure.gravatar.com\/avatar\/4d76991aa72469f0eb22e772586c99113c6997f88da636a9db8f2ce3a2c05e69?s=96&d=mm&r=g","caption":"infocongovirtuel"},"url":"https:\/\/congovirtuel.com\/information\/author\/infocongovirtuel\/"}]}},"gt_translate_keys":[{"key":"link","format":"url"}],"_links":{"self":[{"href":"https:\/\/congovirtuel.com\/information\/wp-json\/wp\/v2\/posts\/9974","targetHints":{"allow":["GET"]}}],"collection":[{"href":"https:\/\/congovirtuel.com\/information\/wp-json\/wp\/v2\/posts"}],"about":[{"href":"https:\/\/congovirtuel.com\/information\/wp-json\/wp\/v2\/types\/post"}],"author":[{"embeddable":true,"href":"https:\/\/congovirtuel.com\/information\/wp-json\/wp\/v2\/users\/1"}],"replies":[{"embeddable":true,"href":"https:\/\/congovirtuel.com\/information\/wp-json\/wp\/v2\/comments?post=9974"}],"version-history":[{"count":2,"href":"https:\/\/congovirtuel.com\/information\/wp-json\/wp\/v2\/posts\/9974\/revisions"}],"predecessor-version":[{"id":9980,"href":"https:\/\/congovirtuel.com\/information\/wp-json\/wp\/v2\/posts\/9974\/revisions\/9980"}],"wp:featuredmedia":[{"embeddable":true,"href":"https:\/\/congovirtuel.com\/information\/wp-json\/wp\/v2\/media\/9976"}],"wp:attachment":[{"href":"https:\/\/congovirtuel.com\/information\/wp-json\/wp\/v2\/media?parent=9974"}],"wp:term":[{"taxonomy":"category","embeddable":true,"href":"https:\/\/congovirtuel.com\/information\/wp-json\/wp\/v2\/categories?post=9974"},{"taxonomy":"post_tag","embeddable":true,"href":"https:\/\/congovirtuel.com\/information\/wp-json\/wp\/v2\/tags?post=9974"}],"curies":[{"name":"wp","href":"https:\/\/api.w.org\/{rel}","templated":true}]}}